{"id":64972,"date":"2025-03-27T13:00:55","date_gmt":"2025-03-27T12:00:55","guid":{"rendered":"https:\/\/lasentinelle.dz\/?p=64972"},"modified":"2025-03-29T13:01:28","modified_gmt":"2025-03-29T12:01:28","slug":"affaire-de-lachat-des-signatures-pour-la-presidentielle-de-2024-le-proces-prevu-pour-le-7-avril-prochain","status":"publish","type":"post","link":"https:\/\/lasentinelle.dz\/index.php\/2025\/03\/27\/affaire-de-lachat-des-signatures-pour-la-presidentielle-de-2024-le-proces-prevu-pour-le-7-avril-prochain\/","title":{"rendered":"Affaire de l&rsquo;achat des signatures pour la pr\u00e9sidentielle de 2024 : Le proc\u00e8s pr\u00e9vu pour le 7 avril prochain"},"content":{"rendered":"\n<p>Le juge d&rsquo;instruction de la troisi\u00e8me chambre du p\u00f4le p\u00e9nal \u00e9conomique et financier du Tribunal de Sidi M&rsquo;hamed a transmis, lundi, le dossier de l\u2019affaire de \u00ab\u00a0l&rsquo;achat de signatures d&rsquo;\u00e9lus, en \u00e9change de l&rsquo;obtention d&rsquo;un soutien pour se porter candidat aux derni\u00e8res \u00e9lections pr\u00e9sidentielles\u00a0\u00bb, apprend-on de source judiciaire. Les trois pr\u00e9tendants \u00e0 la candidatures aux pr\u00e9sidentielles de 2024 accus\u00e9s dans cette affaire vont officiellement compara\u00eetre le 7 avril prochain devant le tribunal de Sidi M\u2019Hamed, a r\u00e9v\u00e9l\u00e9 la m\u00eame source. Il s&rsquo;agit, a pr\u00e9cis\u00e9 cette derni\u00e8re, de Saida Neghza, Belkacem Sahli, Abdel Hakim Hammadi. Les trois mis en cause dans cette affaire qui implique 79 autres coaccus\u00e9s, sont poursuivis pour obtention de parrainage des \u00e9lecteurs en contrepartie d\u2019une compensation financi\u00e8re, a pr\u00e9cis\u00e9 notre source. Celle-ci a soulign\u00e9 que le proc\u00e8s, qui sera public, va d\u00e9voiler les d\u00e9tails de la \u00ab\u00a0corruption politique\u00a0\u00bb et la \u00ab\u00a0perversion de la m\u00e9thode d\u2019obtention des parrainages \u00e9lectoraux, \u00e0 travers l&rsquo;achat de voix pour soutenir un candidat en \u00e9change de sommes d\u2019argent allant de 2 000 \u00e0 5 000 DA pour signer le formulaire de candidature\u00a0\u00bb, selon ce que les enqu\u00eates judiciaires sur cette affaire ont r\u00e9v\u00e9l\u00e9, nous dit-on. Les mis en cause dans ce dossier seront poursuivis devant le tribunal du p\u00f4le p\u00e9nal \u00e9conomique et financier pour les d\u00e9lits d\u2019abus de pouvoir, octroi d\u2019indu avantage, l&rsquo;octroi ou la promesse d&rsquo;octroie de dons en esp\u00e8ces en vue d&rsquo;obtenir ou de tenter d&rsquo;obtenir des voix \u00e9lectorales, abus de fonction, la r\u00e9ception de dons en esp\u00e8ces ou de promesses en \u00e9change de voix \u00e9lectorales, et l&rsquo;escroquerie. Rappelons que le juge d\u2019instruction de la troisi\u00e8me chambre pr\u00e8s le p\u00f4le \u00e9conomique et financier de Sidi M\u2019hamed a entendu, le 24 et 25 f\u00e9vrier \u00e9coul\u00e9, tous les mis en causes dans cette affaire, apr\u00e8s avoir convoqu\u00e9 six nouveaux pr\u00e9venus de la wilaya d\u2019Oran. Le m\u00eame magistrat instructeur a \u00e9galement plac\u00e9 sous contr\u00f4le judiciaire un troisi\u00e8me fils de l\u2019ancienne pr\u00e9sidente de la Conf\u00e9d\u00e9ration g\u00e9n\u00e9rale des entreprises alg\u00e9riennes, tandis qu\u2019un second fils se trouve en d\u00e9tention provisoire. Un autre fils quant \u00e0 lui, reste en fuite et un mandat d\u2019arr\u00eat international a \u00e9t\u00e9 \u00e9mis \u00e0 son encontre lui, rappelle-t-on encore. Le juge d\u2019instruction a, rappelons-le aussi, ordonn\u00e9 le 5 ao\u00fbt 2024, la mise en d\u00e9tention provisoire pour 68 accus\u00e9s, et le placement sous contr\u00f4le judiciaire pour trois autres coaccus\u00e9s, soup\u00e7onn\u00e9s d\u2019\u00eatre impliqu\u00e9s dans cette affaire de corruption qui a entach\u00e9 le processus de collecte de signatures des pr\u00e9tendants \u00e0 la candidature \u00e0 l\u2019\u00e9lection pr\u00e9sidentielle du 7 septembre dernier. Au total, 82 personnes sont confront\u00e9es \u00e0 cinq lourdes accusations&#8230; et le proc\u00e8s public r\u00e9v\u00e9lera les d\u00e9tails. Rappelons que le juge d\u2019instruction charg\u00e9 du dossier a plac\u00e9 sous contr\u00f4le judiciaire de Saida Neghza, Belkacem Sahli et Abdel Hakim Hammadi, pour des faits de corruption li\u00e9s \u00e0 la collecte des signatures pour l&rsquo;\u00e9lection pr\u00e9sidentielle. La mesure a fait objet d\u2019un appel introduit par le procureur de la r\u00e9publique devant la chambre d\u2019accusation de la cour d&rsquo;Alger. Le procureur de la r\u00e9publique a, dans son appel, demand\u00e9 la mise en d\u00e9tention provisoire des trois accus\u00e9s, conform\u00e9ment \u00e0 la demande initiale pr\u00e9sent\u00e9e au d\u00e9but de l&rsquo;enqu\u00eate. Toutefois, l\u2019appel a \u00e9t\u00e9 d\u00e9bout\u00e9 par la d\u00e9cision de la chambre d\u2019accusation qui a maintenu la d\u00e9cision du juge d&rsquo;instruction de la troisi\u00e8me chambre du p\u00f4le p\u00e9nal \u00e9conomique et financier de Sidi M\u2019Hamed. A suivre<\/p>\n\n\n\n<p><strong>Sofia Chahine<\/strong><\/p>\n","protected":false},"excerpt":{"rendered":"<p>Le juge d&rsquo;instruction de la troisi\u00e8me chambre du p\u00f4le p\u00e9nal \u00e9conomique et financier du Tribunal de Sidi M&rsquo;hamed a transmis,<\/p>\n","protected":false},"author":6,"featured_media":41837,"comment_status":"open","ping_status":"closed","sticky":false,"template":"","format":"standard","meta":{"colormag_page_container_layout":"default_layout","colormag_page_sidebar_layout":"default_layout","om_disable_all_campaigns":false,"_monsterinsights_skip_tracking":false,"_monsterinsights_sitenote_active":false,"_monsterinsights_sitenote_note":"","_monsterinsights_sitenote_category":0,"footnotes":"","_wpscppro_dont_share_socialmedia":false,"_wpscppro_custom_social_share_image":0,"_facebook_share_type":"default","_twitter_share_type":"default","_linkedin_share_type":"default","_pinterest_share_type":"default","_linkedin_share_type_page":"","_instagram_share_type":"default","_medium_share_type":"default","_threads_share_type":"","_google_business_share_type":"","_selected_social_profile":[],"_wpsp_enable_custom_social_template":false,"_wpsp_social_scheduling":{"enabled":false,"datetime":null,"platforms":[],"status":"template_only","dateOption":"today","timeOption":"now","customDays":"","customHours":"","customDate":"","customTime":"","schedulingType":"absolute"},"_wpsp_active_default_template":true},"categories":[27],"tags":[],"class_list":["post-64972","post","type-post","status-publish","format-standard","has-post-thumbnail","hentry","category-actualite"],"aioseo_notices":[],"yoast_head":"<!-- This site is optimized with the Yoast SEO plugin v27.5 - https:\/\/yoast.com\/product\/yoast-seo-wordpress\/ -->\n<title>Affaire de l&rsquo;achat des signatures pour la pr\u00e9sidentielle de 2024 : Le proc\u00e8s pr\u00e9vu pour le 7 avril prochain - La Sentinelle<\/title>\n<meta name=\"robots\" content=\"index, follow, max-snippet:-1, max-image-preview:large, max-video-preview:-1\" \/>\n<link rel=\"canonical\" href=\"https:\/\/lasentinelle.dz\/index.php\/2025\/03\/27\/affaire-de-lachat-des-signatures-pour-la-presidentielle-de-2024-le-proces-prevu-pour-le-7-avril-prochain\/\" \/>\n<meta property=\"og:locale\" content=\"fr_FR\" \/>\n<meta property=\"og:type\" content=\"article\" \/>\n<meta property=\"og:title\" content=\"Affaire de l&rsquo;achat des signatures pour la pr\u00e9sidentielle de 2024 : Le proc\u00e8s pr\u00e9vu pour le 7 avril prochain - La Sentinelle\" \/>\n<meta property=\"og:description\" content=\"Le juge d&rsquo;instruction de la troisi\u00e8me chambre du p\u00f4le p\u00e9nal \u00e9conomique et financier du Tribunal de Sidi M&rsquo;hamed a transmis,\" \/>\n<meta property=\"og:url\" content=\"https:\/\/lasentinelle.dz\/index.php\/2025\/03\/27\/affaire-de-lachat-des-signatures-pour-la-presidentielle-de-2024-le-proces-prevu-pour-le-7-avril-prochain\/\" \/>\n<meta property=\"og:site_name\" content=\"La Sentinelle\" \/>\n<meta property=\"article:publisher\" content=\"https:\/\/www.facebook.com\/La-Sentinelle-104059864394773\" \/>\n<meta property=\"article:published_time\" content=\"2025-03-27T12:00:55+00:00\" \/>\n<meta property=\"article:modified_time\" content=\"2025-03-29T12:01:28+00:00\" \/>\n<meta property=\"og:image\" content=\"https:\/\/lasentinelle.dz\/wp-content\/uploads\/2023\/05\/Justice.png\" \/>\n\t<meta property=\"og:image:width\" content=\"1579\" \/>\n\t<meta property=\"og:image:height\" content=\"900\" \/>\n\t<meta property=\"og:image:type\" content=\"image\/png\" \/>\n<meta name=\"author\" content=\"admin\" \/>\n<meta name=\"twitter:card\" content=\"summary_large_image\" \/>\n<meta name=\"twitter:label1\" content=\"\u00c9crit par\" \/>\n\t<meta name=\"twitter:data1\" content=\"admin\" \/>\n\t<meta name=\"twitter:label2\" content=\"Dur\u00e9e de lecture estim\u00e9e\" \/>\n\t<meta name=\"twitter:data2\" content=\"4 minutes\" \/>\n<script type=\"application\/ld+json\" class=\"yoast-schema-graph\">{\"@context\":\"https:\\\/\\\/schema.org\",\"@graph\":[{\"@type\":\"Article\",\"@id\":\"https:\\\/\\\/lasentinelle.dz\\\/index.php\\\/2025\\\/03\\\/27\\\/affaire-de-lachat-des-signatures-pour-la-presidentielle-de-2024-le-proces-prevu-pour-le-7-avril-prochain\\\/#article\",\"isPartOf\":{\"@id\":\"https:\\\/\\\/lasentinelle.dz\\\/index.php\\\/2025\\\/03\\\/27\\\/affaire-de-lachat-des-signatures-pour-la-presidentielle-de-2024-le-proces-prevu-pour-le-7-avril-prochain\\\/\"},\"author\":{\"name\":\"admin\",\"@id\":\"https:\\\/\\\/lasentinelle.dz\\\/#\\\/schema\\\/person\\\/729ee0024f24e0b8c5ec17232f8e8b41\"},\"headline\":\"Affaire de l&rsquo;achat des signatures pour la pr\u00e9sidentielle de 2024 : Le proc\u00e8s pr\u00e9vu pour le 7 avril prochain\",\"datePublished\":\"2025-03-27T12:00:55+00:00\",\"dateModified\":\"2025-03-29T12:01:28+00:00\",\"mainEntityOfPage\":{\"@id\":\"https:\\\/\\\/lasentinelle.dz\\\/index.php\\\/2025\\\/03\\\/27\\\/affaire-de-lachat-des-signatures-pour-la-presidentielle-de-2024-le-proces-prevu-pour-le-7-avril-prochain\\\/\"},\"wordCount\":670,\"commentCount\":0,\"publisher\":{\"@id\":\"https:\\\/\\\/lasentinelle.dz\\\/#organization\"},\"image\":{\"@id\":\"https:\\\/\\\/lasentinelle.dz\\\/index.php\\\/2025\\\/03\\\/27\\\/affaire-de-lachat-des-signatures-pour-la-presidentielle-de-2024-le-proces-prevu-pour-le-7-avril-prochain\\\/#primaryimage\"},\"thumbnailUrl\":\"https:\\\/\\\/lasentinelle.dz\\\/wp-content\\\/uploads\\\/2023\\\/05\\\/Justice.png\",\"articleSection\":[\"Actualit\u00e9\"],\"inLanguage\":\"fr-FR\",\"potentialAction\":[{\"@type\":\"CommentAction\",\"name\":\"Comment\",\"target\":[\"https:\\\/\\\/lasentinelle.dz\\\/index.php\\\/2025\\\/03\\\/27\\\/affaire-de-lachat-des-signatures-pour-la-presidentielle-de-2024-le-proces-prevu-pour-le-7-avril-prochain\\\/#respond\"]}]},{\"@type\":\"WebPage\",\"@id\":\"https:\\\/\\\/lasentinelle.dz\\\/index.php\\\/2025\\\/03\\\/27\\\/affaire-de-lachat-des-signatures-pour-la-presidentielle-de-2024-le-proces-prevu-pour-le-7-avril-prochain\\\/\",\"url\":\"https:\\\/\\\/lasentinelle.dz\\\/index.php\\\/2025\\\/03\\\/27\\\/affaire-de-lachat-des-signatures-pour-la-presidentielle-de-2024-le-proces-prevu-pour-le-7-avril-prochain\\\/\",\"name\":\"Affaire de l&rsquo;achat des signatures pour la pr\u00e9sidentielle de 2024 : Le proc\u00e8s pr\u00e9vu pour le 7 avril prochain - La Sentinelle\",\"isPartOf\":{\"@id\":\"https:\\\/\\\/lasentinelle.dz\\\/#website\"},\"primaryImageOfPage\":{\"@id\":\"https:\\\/\\\/lasentinelle.dz\\\/index.php\\\/2025\\\/03\\\/27\\\/affaire-de-lachat-des-signatures-pour-la-presidentielle-de-2024-le-proces-prevu-pour-le-7-avril-prochain\\\/#primaryimage\"},\"image\":{\"@id\":\"https:\\\/\\\/lasentinelle.dz\\\/index.php\\\/2025\\\/03\\\/27\\\/affaire-de-lachat-des-signatures-pour-la-presidentielle-de-2024-le-proces-prevu-pour-le-7-avril-prochain\\\/#primaryimage\"},\"thumbnailUrl\":\"https:\\\/\\\/lasentinelle.dz\\\/wp-content\\\/uploads\\\/2023\\\/05\\\/Justice.png\",\"datePublished\":\"2025-03-27T12:00:55+00:00\",\"dateModified\":\"2025-03-29T12:01:28+00:00\",\"breadcrumb\":{\"@id\":\"https:\\\/\\\/lasentinelle.dz\\\/index.php\\\/2025\\\/03\\\/27\\\/affaire-de-lachat-des-signatures-pour-la-presidentielle-de-2024-le-proces-prevu-pour-le-7-avril-prochain\\\/#breadcrumb\"},\"inLanguage\":\"fr-FR\",\"potentialAction\":[{\"@type\":\"ReadAction\",\"target\":[\"https:\\\/\\\/lasentinelle.dz\\\/index.php\\\/2025\\\/03\\\/27\\\/affaire-de-lachat-des-signatures-pour-la-presidentielle-de-2024-le-proces-prevu-pour-le-7-avril-prochain\\\/\"]}]},{\"@type\":\"ImageObject\",\"inLanguage\":\"fr-FR\",\"@id\":\"https:\\\/\\\/lasentinelle.dz\\\/index.php\\\/2025\\\/03\\\/27\\\/affaire-de-lachat-des-signatures-pour-la-presidentielle-de-2024-le-proces-prevu-pour-le-7-avril-prochain\\\/#primaryimage\",\"url\":\"https:\\\/\\\/lasentinelle.dz\\\/wp-content\\\/uploads\\\/2023\\\/05\\\/Justice.png\",\"contentUrl\":\"https:\\\/\\\/lasentinelle.dz\\\/wp-content\\\/uploads\\\/2023\\\/05\\\/Justice.png\",\"width\":1579,\"height\":900},{\"@type\":\"BreadcrumbList\",\"@id\":\"https:\\\/\\\/lasentinelle.dz\\\/index.php\\\/2025\\\/03\\\/27\\\/affaire-de-lachat-des-signatures-pour-la-presidentielle-de-2024-le-proces-prevu-pour-le-7-avril-prochain\\\/#breadcrumb\",\"itemListElement\":[{\"@type\":\"ListItem\",\"position\":1,\"name\":\"Accueil\",\"item\":\"https:\\\/\\\/lasentinelle.dz\\\/\"},{\"@type\":\"ListItem\",\"position\":2,\"name\":\"Affaire de l&rsquo;achat des signatures pour la pr\u00e9sidentielle de 2024 : Le proc\u00e8s pr\u00e9vu pour le 7 avril prochain\"}]},{\"@type\":\"WebSite\",\"@id\":\"https:\\\/\\\/lasentinelle.dz\\\/#website\",\"url\":\"https:\\\/\\\/lasentinelle.dz\\\/\",\"name\":\"La Sentinelle\",\"description\":\"Quotidien national d&#039;information\",\"publisher\":{\"@id\":\"https:\\\/\\\/lasentinelle.dz\\\/#organization\"},\"potentialAction\":[{\"@type\":\"SearchAction\",\"target\":{\"@type\":\"EntryPoint\",\"urlTemplate\":\"https:\\\/\\\/lasentinelle.dz\\\/?s={search_term_string}\"},\"query-input\":{\"@type\":\"PropertyValueSpecification\",\"valueRequired\":true,\"valueName\":\"search_term_string\"}}],\"inLanguage\":\"fr-FR\"},{\"@type\":\"Organization\",\"@id\":\"https:\\\/\\\/lasentinelle.dz\\\/#organization\",\"name\":\"Quotidien La Sentinelle\",\"url\":\"https:\\\/\\\/lasentinelle.dz\\\/\",\"logo\":{\"@type\":\"ImageObject\",\"inLanguage\":\"fr-FR\",\"@id\":\"https:\\\/\\\/lasentinelle.dz\\\/#\\\/schema\\\/logo\\\/image\\\/\",\"url\":\"https:\\\/\\\/lasentinelle.dz\\\/wp-content\\\/uploads\\\/2021\\\/09\\\/logo-sentinelleSLOGAN-1.png\",\"contentUrl\":\"https:\\\/\\\/lasentinelle.dz\\\/wp-content\\\/uploads\\\/2021\\\/09\\\/logo-sentinelleSLOGAN-1.png\",\"width\":615,\"height\":142,\"caption\":\"Quotidien La Sentinelle\"},\"image\":{\"@id\":\"https:\\\/\\\/lasentinelle.dz\\\/#\\\/schema\\\/logo\\\/image\\\/\"},\"sameAs\":[\"https:\\\/\\\/www.facebook.com\\\/La-Sentinelle-104059864394773\"]},{\"@type\":\"Person\",\"@id\":\"https:\\\/\\\/lasentinelle.dz\\\/#\\\/schema\\\/person\\\/729ee0024f24e0b8c5ec17232f8e8b41\",\"name\":\"admin\",\"image\":{\"@type\":\"ImageObject\",\"inLanguage\":\"fr-FR\",\"@id\":\"https:\\\/\\\/secure.gravatar.com\\\/avatar\\\/4c81fed838786e9b53f540bf46533e750f5d292099ae3b66cfc6fb1982e29df7?s=96&d=mm&r=g\",\"url\":\"https:\\\/\\\/secure.gravatar.com\\\/avatar\\\/4c81fed838786e9b53f540bf46533e750f5d292099ae3b66cfc6fb1982e29df7?s=96&d=mm&r=g\",\"contentUrl\":\"https:\\\/\\\/secure.gravatar.com\\\/avatar\\\/4c81fed838786e9b53f540bf46533e750f5d292099ae3b66cfc6fb1982e29df7?s=96&d=mm&r=g\",\"caption\":\"admin\"},\"description\":\"admin\",\"url\":\"https:\\\/\\\/lasentinelle.dz\\\/author\\\/admin\\\/\"}]}<\/script>\n<!-- \/ Yoast SEO plugin. -->","yoast_head_json":{"title":"Affaire de l&rsquo;achat des signatures pour la pr\u00e9sidentielle de 2024 : Le proc\u00e8s pr\u00e9vu pour le 7 avril prochain - La Sentinelle","robots":{"index":"index","follow":"follow","max-snippet":"max-snippet:-1","max-image-preview":"max-image-preview:large","max-video-preview":"max-video-preview:-1"},"canonical":"https:\/\/lasentinelle.dz\/index.php\/2025\/03\/27\/affaire-de-lachat-des-signatures-pour-la-presidentielle-de-2024-le-proces-prevu-pour-le-7-avril-prochain\/","og_locale":"fr_FR","og_type":"article","og_title":"Affaire de l&rsquo;achat des signatures pour la pr\u00e9sidentielle de 2024 : Le proc\u00e8s pr\u00e9vu pour le 7 avril prochain - La Sentinelle","og_description":"Le juge d&rsquo;instruction de la troisi\u00e8me chambre du p\u00f4le p\u00e9nal \u00e9conomique et financier du Tribunal de Sidi M&rsquo;hamed a transmis,","og_url":"https:\/\/lasentinelle.dz\/index.php\/2025\/03\/27\/affaire-de-lachat-des-signatures-pour-la-presidentielle-de-2024-le-proces-prevu-pour-le-7-avril-prochain\/","og_site_name":"La Sentinelle","article_publisher":"https:\/\/www.facebook.com\/La-Sentinelle-104059864394773","article_published_time":"2025-03-27T12:00:55+00:00","article_modified_time":"2025-03-29T12:01:28+00:00","og_image":[{"width":1579,"height":900,"url":"https:\/\/lasentinelle.dz\/wp-content\/uploads\/2023\/05\/Justice.png","type":"image\/png"}],"author":"admin","twitter_card":"summary_large_image","twitter_misc":{"\u00c9crit par":"admin","Dur\u00e9e de lecture estim\u00e9e":"4 minutes"},"schema":{"@context":"https:\/\/schema.org","@graph":[{"@type":"Article","@id":"https:\/\/lasentinelle.dz\/index.php\/2025\/03\/27\/affaire-de-lachat-des-signatures-pour-la-presidentielle-de-2024-le-proces-prevu-pour-le-7-avril-prochain\/#article","isPartOf":{"@id":"https:\/\/lasentinelle.dz\/index.php\/2025\/03\/27\/affaire-de-lachat-des-signatures-pour-la-presidentielle-de-2024-le-proces-prevu-pour-le-7-avril-prochain\/"},"author":{"name":"admin","@id":"https:\/\/lasentinelle.dz\/#\/schema\/person\/729ee0024f24e0b8c5ec17232f8e8b41"},"headline":"Affaire de l&rsquo;achat des signatures pour la pr\u00e9sidentielle de 2024 : Le proc\u00e8s pr\u00e9vu pour le 7 avril prochain","datePublished":"2025-03-27T12:00:55+00:00","dateModified":"2025-03-29T12:01:28+00:00","mainEntityOfPage":{"@id":"https:\/\/lasentinelle.dz\/index.php\/2025\/03\/27\/affaire-de-lachat-des-signatures-pour-la-presidentielle-de-2024-le-proces-prevu-pour-le-7-avril-prochain\/"},"wordCount":670,"commentCount":0,"publisher":{"@id":"https:\/\/lasentinelle.dz\/#organization"},"image":{"@id":"https:\/\/lasentinelle.dz\/index.php\/2025\/03\/27\/affaire-de-lachat-des-signatures-pour-la-presidentielle-de-2024-le-proces-prevu-pour-le-7-avril-prochain\/#primaryimage"},"thumbnailUrl":"https:\/\/lasentinelle.dz\/wp-content\/uploads\/2023\/05\/Justice.png","articleSection":["Actualit\u00e9"],"inLanguage":"fr-FR","potentialAction":[{"@type":"CommentAction","name":"Comment","target":["https:\/\/lasentinelle.dz\/index.php\/2025\/03\/27\/affaire-de-lachat-des-signatures-pour-la-presidentielle-de-2024-le-proces-prevu-pour-le-7-avril-prochain\/#respond"]}]},{"@type":"WebPage","@id":"https:\/\/lasentinelle.dz\/index.php\/2025\/03\/27\/affaire-de-lachat-des-signatures-pour-la-presidentielle-de-2024-le-proces-prevu-pour-le-7-avril-prochain\/","url":"https:\/\/lasentinelle.dz\/index.php\/2025\/03\/27\/affaire-de-lachat-des-signatures-pour-la-presidentielle-de-2024-le-proces-prevu-pour-le-7-avril-prochain\/","name":"Affaire de l&rsquo;achat des signatures pour la pr\u00e9sidentielle de 2024 : Le proc\u00e8s pr\u00e9vu pour le 7 avril prochain - La Sentinelle","isPartOf":{"@id":"https:\/\/lasentinelle.dz\/#website"},"primaryImageOfPage":{"@id":"https:\/\/lasentinelle.dz\/index.php\/2025\/03\/27\/affaire-de-lachat-des-signatures-pour-la-presidentielle-de-2024-le-proces-prevu-pour-le-7-avril-prochain\/#primaryimage"},"image":{"@id":"https:\/\/lasentinelle.dz\/index.php\/2025\/03\/27\/affaire-de-lachat-des-signatures-pour-la-presidentielle-de-2024-le-proces-prevu-pour-le-7-avril-prochain\/#primaryimage"},"thumbnailUrl":"https:\/\/lasentinelle.dz\/wp-content\/uploads\/2023\/05\/Justice.png","datePublished":"2025-03-27T12:00:55+00:00","dateModified":"2025-03-29T12:01:28+00:00","breadcrumb":{"@id":"https:\/\/lasentinelle.dz\/index.php\/2025\/03\/27\/affaire-de-lachat-des-signatures-pour-la-presidentielle-de-2024-le-proces-prevu-pour-le-7-avril-prochain\/#breadcrumb"},"inLanguage":"fr-FR","potentialAction":[{"@type":"ReadAction","target":["https:\/\/lasentinelle.dz\/index.php\/2025\/03\/27\/affaire-de-lachat-des-signatures-pour-la-presidentielle-de-2024-le-proces-prevu-pour-le-7-avril-prochain\/"]}]},{"@type":"ImageObject","inLanguage":"fr-FR","@id":"https:\/\/lasentinelle.dz\/index.php\/2025\/03\/27\/affaire-de-lachat-des-signatures-pour-la-presidentielle-de-2024-le-proces-prevu-pour-le-7-avril-prochain\/#primaryimage","url":"https:\/\/lasentinelle.dz\/wp-content\/uploads\/2023\/05\/Justice.png","contentUrl":"https:\/\/lasentinelle.dz\/wp-content\/uploads\/2023\/05\/Justice.png","width":1579,"height":900},{"@type":"BreadcrumbList","@id":"https:\/\/lasentinelle.dz\/index.php\/2025\/03\/27\/affaire-de-lachat-des-signatures-pour-la-presidentielle-de-2024-le-proces-prevu-pour-le-7-avril-prochain\/#breadcrumb","itemListElement":[{"@type":"ListItem","position":1,"name":"Accueil","item":"https:\/\/lasentinelle.dz\/"},{"@type":"ListItem","position":2,"name":"Affaire de l&rsquo;achat des signatures pour la pr\u00e9sidentielle de 2024 : Le proc\u00e8s pr\u00e9vu pour le 7 avril prochain"}]},{"@type":"WebSite","@id":"https:\/\/lasentinelle.dz\/#website","url":"https:\/\/lasentinelle.dz\/","name":"La Sentinelle","description":"Quotidien national d&#039;information","publisher":{"@id":"https:\/\/lasentinelle.dz\/#organization"},"potentialAction":[{"@type":"SearchAction","target":{"@type":"EntryPoint","urlTemplate":"https:\/\/lasentinelle.dz\/?s={search_term_string}"},"query-input":{"@type":"PropertyValueSpecification","valueRequired":true,"valueName":"search_term_string"}}],"inLanguage":"fr-FR"},{"@type":"Organization","@id":"https:\/\/lasentinelle.dz\/#organization","name":"Quotidien La Sentinelle","url":"https:\/\/lasentinelle.dz\/","logo":{"@type":"ImageObject","inLanguage":"fr-FR","@id":"https:\/\/lasentinelle.dz\/#\/schema\/logo\/image\/","url":"https:\/\/lasentinelle.dz\/wp-content\/uploads\/2021\/09\/logo-sentinelleSLOGAN-1.png","contentUrl":"https:\/\/lasentinelle.dz\/wp-content\/uploads\/2021\/09\/logo-sentinelleSLOGAN-1.png","width":615,"height":142,"caption":"Quotidien La Sentinelle"},"image":{"@id":"https:\/\/lasentinelle.dz\/#\/schema\/logo\/image\/"},"sameAs":["https:\/\/www.facebook.com\/La-Sentinelle-104059864394773"]},{"@type":"Person","@id":"https:\/\/lasentinelle.dz\/#\/schema\/person\/729ee0024f24e0b8c5ec17232f8e8b41","name":"admin","image":{"@type":"ImageObject","inLanguage":"fr-FR","@id":"https:\/\/secure.gravatar.com\/avatar\/4c81fed838786e9b53f540bf46533e750f5d292099ae3b66cfc6fb1982e29df7?s=96&d=mm&r=g","url":"https:\/\/secure.gravatar.com\/avatar\/4c81fed838786e9b53f540bf46533e750f5d292099ae3b66cfc6fb1982e29df7?s=96&d=mm&r=g","contentUrl":"https:\/\/secure.gravatar.com\/avatar\/4c81fed838786e9b53f540bf46533e750f5d292099ae3b66cfc6fb1982e29df7?s=96&d=mm&r=g","caption":"admin"},"description":"admin","url":"https:\/\/lasentinelle.dz\/author\/admin\/"}]}},"_links":{"self":[{"href":"https:\/\/lasentinelle.dz\/index.php\/wp-json\/wp\/v2\/posts\/64972","targetHints":{"allow":["GET"]}}],"collection":[{"href":"https:\/\/lasentinelle.dz\/index.php\/wp-json\/wp\/v2\/posts"}],"about":[{"href":"https:\/\/lasentinelle.dz\/index.php\/wp-json\/wp\/v2\/types\/post"}],"author":[{"embeddable":true,"href":"https:\/\/lasentinelle.dz\/index.php\/wp-json\/wp\/v2\/users\/6"}],"replies":[{"embeddable":true,"href":"https:\/\/lasentinelle.dz\/index.php\/wp-json\/wp\/v2\/comments?post=64972"}],"version-history":[{"count":2,"href":"https:\/\/lasentinelle.dz\/index.php\/wp-json\/wp\/v2\/posts\/64972\/revisions"}],"predecessor-version":[{"id":64974,"href":"https:\/\/lasentinelle.dz\/index.php\/wp-json\/wp\/v2\/posts\/64972\/revisions\/64974"}],"wp:featuredmedia":[{"embeddable":true,"href":"https:\/\/lasentinelle.dz\/index.php\/wp-json\/wp\/v2\/media\/41837"}],"wp:attachment":[{"href":"https:\/\/lasentinelle.dz\/index.php\/wp-json\/wp\/v2\/media?parent=64972"}],"wp:term":[{"taxonomy":"category","embeddable":true,"href":"https:\/\/lasentinelle.dz\/index.php\/wp-json\/wp\/v2\/categories?post=64972"},{"taxonomy":"post_tag","embeddable":true,"href":"https:\/\/lasentinelle.dz\/index.php\/wp-json\/wp\/v2\/tags?post=64972"}],"curies":[{"name":"wp","href":"https:\/\/api.w.org\/{rel}","templated":true}]}}