{"id":65006,"date":"2025-03-30T11:59:30","date_gmt":"2025-03-30T10:59:30","guid":{"rendered":"https:\/\/lasentinelle.dz\/?p=65006"},"modified":"2025-03-30T11:59:30","modified_gmt":"2025-03-30T10:59:30","slug":"tna-un-hommage-vibrant-aux-figures-emblematiques-du-quatrieme-art","status":"publish","type":"post","link":"https:\/\/lasentinelle.dz\/index.php\/2025\/03\/30\/tna-un-hommage-vibrant-aux-figures-emblematiques-du-quatrieme-art\/","title":{"rendered":"TNA: Un hommage vibrant aux figures embl\u00e9matiques du quatri\u00e8me art"},"content":{"rendered":"\n<p>Le Th\u00e9\u00e2tre national alg\u00e9rien (TNA) Mahieddine-Bachtarzi a marqu\u00e9 jeudi soir la Journ\u00e9e mondiale du th\u00e9\u00e2tre par une c\u00e9r\u00e9monie \u00e0 la fois solennelle et festive. Cet \u00e9v\u00e9nement annuel, c\u00e9l\u00e9br\u00e9 chaque 27 mars \u00e0 travers le monde, a \u00e9t\u00e9 l&rsquo;occasion pour l&rsquo;institution de distinguer plusieurs figures embl\u00e9matiques du quatri\u00e8me art, reconnues pour leur contribution exceptionnelle \u00e0 l&rsquo;\u00e9dification d&rsquo;un th\u00e9\u00e2tre alg\u00e9rien rayonnant et prometteur. La soir\u00e9e, rehauss\u00e9e par la pr\u00e9sence du ministre de la Culture et des Arts, M. Zouhir Ballalou, ainsi que de nombreuses personnalit\u00e9s du monde artistique et th\u00e9\u00e2tral, s&rsquo;est inscrite dans une r\u00e9flexion plus large sur l&rsquo;avenir du th\u00e9\u00e2tre en Alg\u00e9rie et ses multiples d\u00e9fis. Dans son allocution, le ministre a abord\u00e9 avec lucidit\u00e9 \u00ab\u00a0les enjeux et les perspectives du th\u00e9\u00e2tre et la n\u00e9cessit\u00e9 d&rsquo;\u00eatre au diapason des attentes des artistes et des besoins du public, ainsi que des d\u00e9fis culturels et humains de l&rsquo;heure\u00a0\u00bb, tout en r\u00e9affirmant \u00ab\u00a0la ferme d\u00e9termination\u00a0\u00bb de son d\u00e9partement minist\u00e9riel \u00e0 soutenir cet art pour \u00ab\u00a0en faire un pilier fondamental du projet de renaissance nationale\u00a0\u00bb. Ces paroles r\u00e9sonnent comme un engagement fort envers une discipline artistique consid\u00e9r\u00e9e depuis longtemps comme un vecteur essentiel de transformation sociale et culturelle. M. Ballalou a tenu \u00e0 souligner les avanc\u00e9es notables que conna\u00eet actuellement le paysage th\u00e9\u00e2tral alg\u00e9rien, \u00e9voquant avec enthousiasme une v\u00e9ritable \u00ab\u00a0avanc\u00e9e qualitative, concr\u00e9tis\u00e9e par l&rsquo;ouverture de th\u00e9\u00e2tres r\u00e9gionaux et le d\u00e9veloppement de projets ambitieux visant \u00e0 renforcer le rayonnement culturel\u00a0\u00bb. Cette dynamique positive s&rsquo;inscrit dans le prolongement de la journ\u00e9e d&rsquo;\u00e9tude organis\u00e9e en f\u00e9vrier dernier, consacr\u00e9e aux d\u00e9fis du th\u00e9\u00e2tre en Alg\u00e9rie, et dont l&rsquo;ambition \u00e9tait de d\u00e9velopper la pratique th\u00e9\u00e2trale tant sur le plan quantitatif que qualitatif. Face aux mutations rapides qu&rsquo;impose notre \u00e9poque, le ministre n&rsquo;a pas manqu\u00e9 de souligner \u00ab\u00a0l&rsquo;importance de revoir les strat\u00e9gies\u00a0\u00bb du secteur afin \u00ab\u00a0d&rsquo;am\u00e9liorer les performances des institutions th\u00e9\u00e2trales r\u00e9gionales et du th\u00e9\u00e2tre national\u00a0\u00bb. Il a insist\u00e9 avec force sur la \u00ab\u00a0n\u00e9cessit\u00e9 de s&rsquo;adapter \u00e0 la transformation num\u00e9rique, \u00e0 travers l&rsquo;adoption des m\u00e9thodes modernes de planification, la transparence, l&rsquo;am\u00e9lioration de la gestion administrative et artistique et l&rsquo;utilisation des plateformes num\u00e9riques pour promouvoir les spectacles et \u00e9largir leur public au double plan local et international\u00a0\u00bb. Cette vision moderne du th\u00e9\u00e2tre, ancr\u00e9e dans les r\u00e9alit\u00e9s technologiques contemporaines, t\u00e9moigne d&rsquo;une volont\u00e9 claire de d\u00e9mocratiser l&rsquo;acc\u00e8s \u00e0 cet art et d&rsquo;en \u00e9tendre la port\u00e9e au-del\u00e0 des fronti\u00e8res traditionnelles. Dans cette perspective de valorisation et de pr\u00e9servation du patrimoine th\u00e9\u00e2tral national, M. Ballalou a rappel\u00e9 l&rsquo;importance symbolique de l&rsquo;institution de la Journ\u00e9e nationale du th\u00e9\u00e2tre, fix\u00e9e au 8 janvier, dont l&rsquo;objectif principal est de \u00ab\u00a0conscientiser la soci\u00e9t\u00e9 du r\u00f4le primordial de cet art dans la construction de l&rsquo;identit\u00e9 nationale\u00a0\u00bb. Il a \u00e9galement salu\u00e9 avec enthousiasme \u00ab\u00a0l&rsquo;initiative de cr\u00e9ation du mus\u00e9e national du th\u00e9\u00e2tre alg\u00e9rien, qui a \u00e9t\u00e9 lanc\u00e9e dans le cadre du projet de la m\u00e9moire culturelle nationale\u00a0\u00bb, le qualifiant d&rsquo;\u00e9difice essentiel qui \u00ab\u00a0pr\u00e9serve le patrimoine\u00a0\u00bb artistique de l&rsquo;Alg\u00e9rie et \u00ab\u00a0relate l&rsquo;histoire d&rsquo;une cr\u00e9ativit\u00e9 alg\u00e9rienne inoubliable\u00a0\u00bb. Le ministre a par ailleurs d\u00e9voil\u00e9 un ambitieux projet relatif \u00e0 la documentation et \u00e0 l&rsquo;archivage du patrimoine th\u00e9\u00e2tral, annon\u00e7ant que des travaux \u00e9taient actuellement en cours pour \u00ab\u00a0transformer les archives du th\u00e9\u00e2tre alg\u00e9rien en tr\u00e9sor national, num\u00e9riquement document\u00e9 et scientifiquement pr\u00e9serv\u00e9, en partenariat avec les universit\u00e9s et les centres sp\u00e9cialis\u00e9s, et devenir ainsi une r\u00e9f\u00e9rence pour les chercheurs et une source d&rsquo;inspiration pour les g\u00e9n\u00e9rations \u00e0 venir\u00a0\u00bb. Cette initiative sera compl\u00e9t\u00e9e par l&rsquo;organisation prochaine d&rsquo;un colloque national sur la \u00ab\u00a0M\u00e9moire du th\u00e9\u00e2tre\u00a0\u00bb, rassemblant historiens et archivistes autour de cette th\u00e9matique cruciale. En conclusion de son intervention, le ministre a rappel\u00e9 avec conviction la n\u00e9cessit\u00e9 \u00ab\u00a0d&rsquo;\u0153uvrer conform\u00e9ment aux orientations du pr\u00e9sident de la R\u00e9publique, M. Abdelmadjid Tebboune, \u00e0 renforcer la culture en tant que levier du d\u00e9veloppement \u00e9conomique et \u00e0 pr\u00e9server notre patrimoine et notre identit\u00e9\u00a0\u00bb. Cette c\u00e9r\u00e9monie, loin de se limiter aux discours officiels, a \u00e9t\u00e9 magnifi\u00e9e par diverses performances artistiques de haute vol\u00e9e. Les spectateurs ont ainsi pu appr\u00e9cier un solo au piano ex\u00e9cut\u00e9 avec brio par le jeune et talentueux artiste Yanis Taleb, accompagnant la lecture d&rsquo;un extrait du message de la Journ\u00e9e mondiale du th\u00e9\u00e2tre par Ibrahim Chergui, Nesrine Belhadj et Nassiba Atout. Deux tableaux chor\u00e9graphiques aux titres \u00e9vocateurs &#8211; \u00ab\u00a0Le prix de la cupidit\u00e9\u00a0\u00bb et \u00ab\u00a0Le labyrinthe de la bureaucratie\u00a0\u00bb &#8211; ont \u00e9galement \u00e9t\u00e9 pr\u00e9sent\u00e9s, ainsi que des sc\u00e8nes de th\u00e9\u00e2tre intitul\u00e9es \u00ab\u00a0La statue\u00a0\u00bb et \u00ab\u00a0Il r\u00eavait\u00a0\u00bb, interpr\u00e9t\u00e9es avec conviction par les \u00e9tudiants de deuxi\u00e8me ann\u00e9e de l&rsquo;Institut sup\u00e9rieur des m\u00e9tiers des arts du spectacle et de l&rsquo;audiovisuel (ISMAS), t\u00e9moignant ainsi de la vitalit\u00e9 de la formation th\u00e9\u00e2trale en Alg\u00e9rie et de l&rsquo;\u00e9mergence prometteuse d&rsquo;une nouvelle g\u00e9n\u00e9ration d&rsquo;artistes. Point d&rsquo;orgue de cette soir\u00e9e m\u00e9morable, cinq personnalit\u00e9s du monde th\u00e9\u00e2tral ont \u00e9t\u00e9 honor\u00e9es pour leur contribution significative \u00e0 cet art : l&rsquo;artiste Souad Sebki d&rsquo;Alger, Issa Moulfar\u00e2a d&rsquo;A\u00efn T\u00e9mouchent, le professeur universitaire Ahmed Chnigi d&rsquo;Annaba, le formateur Hadi Boukerch de Djelfa, et le com\u00e9dien de th\u00e9\u00e2tre Bella Boumediene de Tindouf.<\/p>\n\n\n\n<p>M.S.<\/p>\n","protected":false},"excerpt":{"rendered":"<p>Le Th\u00e9\u00e2tre national alg\u00e9rien (TNA) Mahieddine-Bachtarzi a marqu\u00e9 jeudi soir la Journ\u00e9e mondiale du th\u00e9\u00e2tre par une c\u00e9r\u00e9monie \u00e0 la<\/p>\n","protected":false},"author":6,"featured_media":33330,"comment_status":"open","ping_status":"closed","sticky":false,"template":"","format":"standard","meta":{"colormag_page_container_layout":"default_layout","colormag_page_sidebar_layout":"default_layout","om_disable_all_campaigns":false,"_monsterinsights_skip_tracking":false,"_monsterinsights_sitenote_active":false,"_monsterinsights_sitenote_note":"","_monsterinsights_sitenote_category":0,"footnotes":"","_wpscppro_dont_share_socialmedia":false,"_wpscppro_custom_social_share_image":0,"_facebook_share_type":"default","_twitter_share_type":"default","_linkedin_share_type":"default","_pinterest_share_type":"default","_linkedin_share_type_page":"","_instagram_share_type":"default","_medium_share_type":"default","_threads_share_type":"","_google_business_share_type":"","_selected_social_profile":[],"_wpsp_enable_custom_social_template":false,"_wpsp_social_scheduling":{"enabled":false,"datetime":null,"platforms":[],"status":"template_only","dateOption":"today","timeOption":"now","customDays":"","customHours":"","customDate":"","customTime":"","schedulingType":"absolute"},"_wpsp_active_default_template":true},"categories":[36],"tags":[],"class_list":["post-65006","post","type-post","status-publish","format-standard","has-post-thumbnail","hentry","category-culture"],"aioseo_notices":[],"yoast_head":"<!-- This site is optimized with the Yoast SEO plugin v27.5 - https:\/\/yoast.com\/product\/yoast-seo-wordpress\/ -->\n<title>TNA: Un hommage vibrant aux figures embl\u00e9matiques du quatri\u00e8me art - La Sentinelle<\/title>\n<meta name=\"robots\" content=\"index, follow, max-snippet:-1, max-image-preview:large, max-video-preview:-1\" \/>\n<link rel=\"canonical\" href=\"https:\/\/lasentinelle.dz\/index.php\/2025\/03\/30\/tna-un-hommage-vibrant-aux-figures-emblematiques-du-quatrieme-art\/\" \/>\n<meta property=\"og:locale\" content=\"fr_FR\" \/>\n<meta property=\"og:type\" content=\"article\" \/>\n<meta property=\"og:title\" content=\"TNA: Un hommage vibrant aux figures embl\u00e9matiques du quatri\u00e8me art - La Sentinelle\" \/>\n<meta property=\"og:description\" content=\"Le Th\u00e9\u00e2tre national alg\u00e9rien (TNA) Mahieddine-Bachtarzi a marqu\u00e9 jeudi soir la Journ\u00e9e mondiale du th\u00e9\u00e2tre par une c\u00e9r\u00e9monie \u00e0 la\" \/>\n<meta property=\"og:url\" content=\"https:\/\/lasentinelle.dz\/index.php\/2025\/03\/30\/tna-un-hommage-vibrant-aux-figures-emblematiques-du-quatrieme-art\/\" \/>\n<meta property=\"og:site_name\" content=\"La Sentinelle\" \/>\n<meta property=\"article:publisher\" content=\"https:\/\/www.facebook.com\/La-Sentinelle-104059864394773\" \/>\n<meta property=\"article:published_time\" content=\"2025-03-30T10:59:30+00:00\" \/>\n<meta property=\"og:image\" content=\"https:\/\/lasentinelle.dz\/wp-content\/uploads\/2022\/12\/TNA.jpeg\" \/>\n\t<meta property=\"og:image:width\" content=\"580\" \/>\n\t<meta property=\"og:image:height\" content=\"350\" \/>\n\t<meta property=\"og:image:type\" content=\"image\/jpeg\" \/>\n<meta name=\"author\" content=\"admin\" \/>\n<meta name=\"twitter:card\" content=\"summary_large_image\" \/>\n<meta name=\"twitter:label1\" content=\"\u00c9crit par\" \/>\n\t<meta name=\"twitter:data1\" content=\"admin\" \/>\n\t<meta name=\"twitter:label2\" content=\"Dur\u00e9e de lecture estim\u00e9e\" \/>\n\t<meta name=\"twitter:data2\" content=\"5 minutes\" \/>\n<script type=\"application\/ld+json\" class=\"yoast-schema-graph\">{\"@context\":\"https:\\\/\\\/schema.org\",\"@graph\":[{\"@type\":\"Article\",\"@id\":\"https:\\\/\\\/lasentinelle.dz\\\/index.php\\\/2025\\\/03\\\/30\\\/tna-un-hommage-vibrant-aux-figures-emblematiques-du-quatrieme-art\\\/#article\",\"isPartOf\":{\"@id\":\"https:\\\/\\\/lasentinelle.dz\\\/index.php\\\/2025\\\/03\\\/30\\\/tna-un-hommage-vibrant-aux-figures-emblematiques-du-quatrieme-art\\\/\"},\"author\":{\"name\":\"admin\",\"@id\":\"https:\\\/\\\/lasentinelle.dz\\\/#\\\/schema\\\/person\\\/729ee0024f24e0b8c5ec17232f8e8b41\"},\"headline\":\"TNA: Un hommage vibrant aux figures embl\u00e9matiques du quatri\u00e8me art\",\"datePublished\":\"2025-03-30T10:59:30+00:00\",\"mainEntityOfPage\":{\"@id\":\"https:\\\/\\\/lasentinelle.dz\\\/index.php\\\/2025\\\/03\\\/30\\\/tna-un-hommage-vibrant-aux-figures-emblematiques-du-quatrieme-art\\\/\"},\"wordCount\":1000,\"commentCount\":0,\"publisher\":{\"@id\":\"https:\\\/\\\/lasentinelle.dz\\\/#organization\"},\"image\":{\"@id\":\"https:\\\/\\\/lasentinelle.dz\\\/index.php\\\/2025\\\/03\\\/30\\\/tna-un-hommage-vibrant-aux-figures-emblematiques-du-quatrieme-art\\\/#primaryimage\"},\"thumbnailUrl\":\"https:\\\/\\\/lasentinelle.dz\\\/wp-content\\\/uploads\\\/2022\\\/12\\\/TNA.jpeg\",\"articleSection\":[\"Culture\"],\"inLanguage\":\"fr-FR\",\"potentialAction\":[{\"@type\":\"CommentAction\",\"name\":\"Comment\",\"target\":[\"https:\\\/\\\/lasentinelle.dz\\\/index.php\\\/2025\\\/03\\\/30\\\/tna-un-hommage-vibrant-aux-figures-emblematiques-du-quatrieme-art\\\/#respond\"]}]},{\"@type\":\"WebPage\",\"@id\":\"https:\\\/\\\/lasentinelle.dz\\\/index.php\\\/2025\\\/03\\\/30\\\/tna-un-hommage-vibrant-aux-figures-emblematiques-du-quatrieme-art\\\/\",\"url\":\"https:\\\/\\\/lasentinelle.dz\\\/index.php\\\/2025\\\/03\\\/30\\\/tna-un-hommage-vibrant-aux-figures-emblematiques-du-quatrieme-art\\\/\",\"name\":\"TNA: Un hommage vibrant aux figures embl\u00e9matiques du quatri\u00e8me art - La Sentinelle\",\"isPartOf\":{\"@id\":\"https:\\\/\\\/lasentinelle.dz\\\/#website\"},\"primaryImageOfPage\":{\"@id\":\"https:\\\/\\\/lasentinelle.dz\\\/index.php\\\/2025\\\/03\\\/30\\\/tna-un-hommage-vibrant-aux-figures-emblematiques-du-quatrieme-art\\\/#primaryimage\"},\"image\":{\"@id\":\"https:\\\/\\\/lasentinelle.dz\\\/index.php\\\/2025\\\/03\\\/30\\\/tna-un-hommage-vibrant-aux-figures-emblematiques-du-quatrieme-art\\\/#primaryimage\"},\"thumbnailUrl\":\"https:\\\/\\\/lasentinelle.dz\\\/wp-content\\\/uploads\\\/2022\\\/12\\\/TNA.jpeg\",\"datePublished\":\"2025-03-30T10:59:30+00:00\",\"breadcrumb\":{\"@id\":\"https:\\\/\\\/lasentinelle.dz\\\/index.php\\\/2025\\\/03\\\/30\\\/tna-un-hommage-vibrant-aux-figures-emblematiques-du-quatrieme-art\\\/#breadcrumb\"},\"inLanguage\":\"fr-FR\",\"potentialAction\":[{\"@type\":\"ReadAction\",\"target\":[\"https:\\\/\\\/lasentinelle.dz\\\/index.php\\\/2025\\\/03\\\/30\\\/tna-un-hommage-vibrant-aux-figures-emblematiques-du-quatrieme-art\\\/\"]}]},{\"@type\":\"ImageObject\",\"inLanguage\":\"fr-FR\",\"@id\":\"https:\\\/\\\/lasentinelle.dz\\\/index.php\\\/2025\\\/03\\\/30\\\/tna-un-hommage-vibrant-aux-figures-emblematiques-du-quatrieme-art\\\/#primaryimage\",\"url\":\"https:\\\/\\\/lasentinelle.dz\\\/wp-content\\\/uploads\\\/2022\\\/12\\\/TNA.jpeg\",\"contentUrl\":\"https:\\\/\\\/lasentinelle.dz\\\/wp-content\\\/uploads\\\/2022\\\/12\\\/TNA.jpeg\",\"width\":580,\"height\":350},{\"@type\":\"BreadcrumbList\",\"@id\":\"https:\\\/\\\/lasentinelle.dz\\\/index.php\\\/2025\\\/03\\\/30\\\/tna-un-hommage-vibrant-aux-figures-emblematiques-du-quatrieme-art\\\/#breadcrumb\",\"itemListElement\":[{\"@type\":\"ListItem\",\"position\":1,\"name\":\"Accueil\",\"item\":\"https:\\\/\\\/lasentinelle.dz\\\/\"},{\"@type\":\"ListItem\",\"position\":2,\"name\":\"TNA: Un hommage vibrant aux figures embl\u00e9matiques du quatri\u00e8me art\"}]},{\"@type\":\"WebSite\",\"@id\":\"https:\\\/\\\/lasentinelle.dz\\\/#website\",\"url\":\"https:\\\/\\\/lasentinelle.dz\\\/\",\"name\":\"La Sentinelle\",\"description\":\"Quotidien national d&#039;information\",\"publisher\":{\"@id\":\"https:\\\/\\\/lasentinelle.dz\\\/#organization\"},\"potentialAction\":[{\"@type\":\"SearchAction\",\"target\":{\"@type\":\"EntryPoint\",\"urlTemplate\":\"https:\\\/\\\/lasentinelle.dz\\\/?s={search_term_string}\"},\"query-input\":{\"@type\":\"PropertyValueSpecification\",\"valueRequired\":true,\"valueName\":\"search_term_string\"}}],\"inLanguage\":\"fr-FR\"},{\"@type\":\"Organization\",\"@id\":\"https:\\\/\\\/lasentinelle.dz\\\/#organization\",\"name\":\"Quotidien La Sentinelle\",\"url\":\"https:\\\/\\\/lasentinelle.dz\\\/\",\"logo\":{\"@type\":\"ImageObject\",\"inLanguage\":\"fr-FR\",\"@id\":\"https:\\\/\\\/lasentinelle.dz\\\/#\\\/schema\\\/logo\\\/image\\\/\",\"url\":\"https:\\\/\\\/lasentinelle.dz\\\/wp-content\\\/uploads\\\/2021\\\/09\\\/logo-sentinelleSLOGAN-1.png\",\"contentUrl\":\"https:\\\/\\\/lasentinelle.dz\\\/wp-content\\\/uploads\\\/2021\\\/09\\\/logo-sentinelleSLOGAN-1.png\",\"width\":615,\"height\":142,\"caption\":\"Quotidien La Sentinelle\"},\"image\":{\"@id\":\"https:\\\/\\\/lasentinelle.dz\\\/#\\\/schema\\\/logo\\\/image\\\/\"},\"sameAs\":[\"https:\\\/\\\/www.facebook.com\\\/La-Sentinelle-104059864394773\"]},{\"@type\":\"Person\",\"@id\":\"https:\\\/\\\/lasentinelle.dz\\\/#\\\/schema\\\/person\\\/729ee0024f24e0b8c5ec17232f8e8b41\",\"name\":\"admin\",\"image\":{\"@type\":\"ImageObject\",\"inLanguage\":\"fr-FR\",\"@id\":\"https:\\\/\\\/secure.gravatar.com\\\/avatar\\\/4c81fed838786e9b53f540bf46533e750f5d292099ae3b66cfc6fb1982e29df7?s=96&d=mm&r=g\",\"url\":\"https:\\\/\\\/secure.gravatar.com\\\/avatar\\\/4c81fed838786e9b53f540bf46533e750f5d292099ae3b66cfc6fb1982e29df7?s=96&d=mm&r=g\",\"contentUrl\":\"https:\\\/\\\/secure.gravatar.com\\\/avatar\\\/4c81fed838786e9b53f540bf46533e750f5d292099ae3b66cfc6fb1982e29df7?s=96&d=mm&r=g\",\"caption\":\"admin\"},\"description\":\"admin\",\"url\":\"https:\\\/\\\/lasentinelle.dz\\\/author\\\/admin\\\/\"}]}<\/script>\n<!-- \/ Yoast SEO plugin. -->","yoast_head_json":{"title":"TNA: Un hommage vibrant aux figures embl\u00e9matiques du quatri\u00e8me art - La Sentinelle","robots":{"index":"index","follow":"follow","max-snippet":"max-snippet:-1","max-image-preview":"max-image-preview:large","max-video-preview":"max-video-preview:-1"},"canonical":"https:\/\/lasentinelle.dz\/index.php\/2025\/03\/30\/tna-un-hommage-vibrant-aux-figures-emblematiques-du-quatrieme-art\/","og_locale":"fr_FR","og_type":"article","og_title":"TNA: Un hommage vibrant aux figures embl\u00e9matiques du quatri\u00e8me art - La Sentinelle","og_description":"Le Th\u00e9\u00e2tre national alg\u00e9rien (TNA) Mahieddine-Bachtarzi a marqu\u00e9 jeudi soir la Journ\u00e9e mondiale du th\u00e9\u00e2tre par une c\u00e9r\u00e9monie \u00e0 la","og_url":"https:\/\/lasentinelle.dz\/index.php\/2025\/03\/30\/tna-un-hommage-vibrant-aux-figures-emblematiques-du-quatrieme-art\/","og_site_name":"La Sentinelle","article_publisher":"https:\/\/www.facebook.com\/La-Sentinelle-104059864394773","article_published_time":"2025-03-30T10:59:30+00:00","og_image":[{"width":580,"height":350,"url":"https:\/\/lasentinelle.dz\/wp-content\/uploads\/2022\/12\/TNA.jpeg","type":"image\/jpeg"}],"author":"admin","twitter_card":"summary_large_image","twitter_misc":{"\u00c9crit par":"admin","Dur\u00e9e de lecture estim\u00e9e":"5 minutes"},"schema":{"@context":"https:\/\/schema.org","@graph":[{"@type":"Article","@id":"https:\/\/lasentinelle.dz\/index.php\/2025\/03\/30\/tna-un-hommage-vibrant-aux-figures-emblematiques-du-quatrieme-art\/#article","isPartOf":{"@id":"https:\/\/lasentinelle.dz\/index.php\/2025\/03\/30\/tna-un-hommage-vibrant-aux-figures-emblematiques-du-quatrieme-art\/"},"author":{"name":"admin","@id":"https:\/\/lasentinelle.dz\/#\/schema\/person\/729ee0024f24e0b8c5ec17232f8e8b41"},"headline":"TNA: Un hommage vibrant aux figures embl\u00e9matiques du quatri\u00e8me art","datePublished":"2025-03-30T10:59:30+00:00","mainEntityOfPage":{"@id":"https:\/\/lasentinelle.dz\/index.php\/2025\/03\/30\/tna-un-hommage-vibrant-aux-figures-emblematiques-du-quatrieme-art\/"},"wordCount":1000,"commentCount":0,"publisher":{"@id":"https:\/\/lasentinelle.dz\/#organization"},"image":{"@id":"https:\/\/lasentinelle.dz\/index.php\/2025\/03\/30\/tna-un-hommage-vibrant-aux-figures-emblematiques-du-quatrieme-art\/#primaryimage"},"thumbnailUrl":"https:\/\/lasentinelle.dz\/wp-content\/uploads\/2022\/12\/TNA.jpeg","articleSection":["Culture"],"inLanguage":"fr-FR","potentialAction":[{"@type":"CommentAction","name":"Comment","target":["https:\/\/lasentinelle.dz\/index.php\/2025\/03\/30\/tna-un-hommage-vibrant-aux-figures-emblematiques-du-quatrieme-art\/#respond"]}]},{"@type":"WebPage","@id":"https:\/\/lasentinelle.dz\/index.php\/2025\/03\/30\/tna-un-hommage-vibrant-aux-figures-emblematiques-du-quatrieme-art\/","url":"https:\/\/lasentinelle.dz\/index.php\/2025\/03\/30\/tna-un-hommage-vibrant-aux-figures-emblematiques-du-quatrieme-art\/","name":"TNA: Un hommage vibrant aux figures embl\u00e9matiques du quatri\u00e8me art - La Sentinelle","isPartOf":{"@id":"https:\/\/lasentinelle.dz\/#website"},"primaryImageOfPage":{"@id":"https:\/\/lasentinelle.dz\/index.php\/2025\/03\/30\/tna-un-hommage-vibrant-aux-figures-emblematiques-du-quatrieme-art\/#primaryimage"},"image":{"@id":"https:\/\/lasentinelle.dz\/index.php\/2025\/03\/30\/tna-un-hommage-vibrant-aux-figures-emblematiques-du-quatrieme-art\/#primaryimage"},"thumbnailUrl":"https:\/\/lasentinelle.dz\/wp-content\/uploads\/2022\/12\/TNA.jpeg","datePublished":"2025-03-30T10:59:30+00:00","breadcrumb":{"@id":"https:\/\/lasentinelle.dz\/index.php\/2025\/03\/30\/tna-un-hommage-vibrant-aux-figures-emblematiques-du-quatrieme-art\/#breadcrumb"},"inLanguage":"fr-FR","potentialAction":[{"@type":"ReadAction","target":["https:\/\/lasentinelle.dz\/index.php\/2025\/03\/30\/tna-un-hommage-vibrant-aux-figures-emblematiques-du-quatrieme-art\/"]}]},{"@type":"ImageObject","inLanguage":"fr-FR","@id":"https:\/\/lasentinelle.dz\/index.php\/2025\/03\/30\/tna-un-hommage-vibrant-aux-figures-emblematiques-du-quatrieme-art\/#primaryimage","url":"https:\/\/lasentinelle.dz\/wp-content\/uploads\/2022\/12\/TNA.jpeg","contentUrl":"https:\/\/lasentinelle.dz\/wp-content\/uploads\/2022\/12\/TNA.jpeg","width":580,"height":350},{"@type":"BreadcrumbList","@id":"https:\/\/lasentinelle.dz\/index.php\/2025\/03\/30\/tna-un-hommage-vibrant-aux-figures-emblematiques-du-quatrieme-art\/#breadcrumb","itemListElement":[{"@type":"ListItem","position":1,"name":"Accueil","item":"https:\/\/lasentinelle.dz\/"},{"@type":"ListItem","position":2,"name":"TNA: Un hommage vibrant aux figures embl\u00e9matiques du quatri\u00e8me art"}]},{"@type":"WebSite","@id":"https:\/\/lasentinelle.dz\/#website","url":"https:\/\/lasentinelle.dz\/","name":"La Sentinelle","description":"Quotidien national d&#039;information","publisher":{"@id":"https:\/\/lasentinelle.dz\/#organization"},"potentialAction":[{"@type":"SearchAction","target":{"@type":"EntryPoint","urlTemplate":"https:\/\/lasentinelle.dz\/?s={search_term_string}"},"query-input":{"@type":"PropertyValueSpecification","valueRequired":true,"valueName":"search_term_string"}}],"inLanguage":"fr-FR"},{"@type":"Organization","@id":"https:\/\/lasentinelle.dz\/#organization","name":"Quotidien La Sentinelle","url":"https:\/\/lasentinelle.dz\/","logo":{"@type":"ImageObject","inLanguage":"fr-FR","@id":"https:\/\/lasentinelle.dz\/#\/schema\/logo\/image\/","url":"https:\/\/lasentinelle.dz\/wp-content\/uploads\/2021\/09\/logo-sentinelleSLOGAN-1.png","contentUrl":"https:\/\/lasentinelle.dz\/wp-content\/uploads\/2021\/09\/logo-sentinelleSLOGAN-1.png","width":615,"height":142,"caption":"Quotidien La Sentinelle"},"image":{"@id":"https:\/\/lasentinelle.dz\/#\/schema\/logo\/image\/"},"sameAs":["https:\/\/www.facebook.com\/La-Sentinelle-104059864394773"]},{"@type":"Person","@id":"https:\/\/lasentinelle.dz\/#\/schema\/person\/729ee0024f24e0b8c5ec17232f8e8b41","name":"admin","image":{"@type":"ImageObject","inLanguage":"fr-FR","@id":"https:\/\/secure.gravatar.com\/avatar\/4c81fed838786e9b53f540bf46533e750f5d292099ae3b66cfc6fb1982e29df7?s=96&d=mm&r=g","url":"https:\/\/secure.gravatar.com\/avatar\/4c81fed838786e9b53f540bf46533e750f5d292099ae3b66cfc6fb1982e29df7?s=96&d=mm&r=g","contentUrl":"https:\/\/secure.gravatar.com\/avatar\/4c81fed838786e9b53f540bf46533e750f5d292099ae3b66cfc6fb1982e29df7?s=96&d=mm&r=g","caption":"admin"},"description":"admin","url":"https:\/\/lasentinelle.dz\/author\/admin\/"}]}},"_links":{"self":[{"href":"https:\/\/lasentinelle.dz\/index.php\/wp-json\/wp\/v2\/posts\/65006","targetHints":{"allow":["GET"]}}],"collection":[{"href":"https:\/\/lasentinelle.dz\/index.php\/wp-json\/wp\/v2\/posts"}],"about":[{"href":"https:\/\/lasentinelle.dz\/index.php\/wp-json\/wp\/v2\/types\/post"}],"author":[{"embeddable":true,"href":"https:\/\/lasentinelle.dz\/index.php\/wp-json\/wp\/v2\/users\/6"}],"replies":[{"embeddable":true,"href":"https:\/\/lasentinelle.dz\/index.php\/wp-json\/wp\/v2\/comments?post=65006"}],"version-history":[{"count":1,"href":"https:\/\/lasentinelle.dz\/index.php\/wp-json\/wp\/v2\/posts\/65006\/revisions"}],"predecessor-version":[{"id":65007,"href":"https:\/\/lasentinelle.dz\/index.php\/wp-json\/wp\/v2\/posts\/65006\/revisions\/65007"}],"wp:featuredmedia":[{"embeddable":true,"href":"https:\/\/lasentinelle.dz\/index.php\/wp-json\/wp\/v2\/media\/33330"}],"wp:attachment":[{"href":"https:\/\/lasentinelle.dz\/index.php\/wp-json\/wp\/v2\/media?parent=65006"}],"wp:term":[{"taxonomy":"category","embeddable":true,"href":"https:\/\/lasentinelle.dz\/index.php\/wp-json\/wp\/v2\/categories?post=65006"},{"taxonomy":"post_tag","embeddable":true,"href":"https:\/\/lasentinelle.dz\/index.php\/wp-json\/wp\/v2\/tags?post=65006"}],"curies":[{"name":"wp","href":"https:\/\/api.w.org\/{rel}","templated":true}]}}