{"id":65030,"date":"2025-03-30T12:08:11","date_gmt":"2025-03-30T11:08:11","guid":{"rendered":"https:\/\/lasentinelle.dz\/?p=65030"},"modified":"2025-03-30T12:08:12","modified_gmt":"2025-03-30T11:08:12","slug":"assemblee-nationale-francaise-une-carte-modifiee-integrant-le-sahara-occidental-au-maroc-suscite-lindignation","status":"publish","type":"post","link":"https:\/\/lasentinelle.dz\/index.php\/2025\/03\/30\/assemblee-nationale-francaise-une-carte-modifiee-integrant-le-sahara-occidental-au-maroc-suscite-lindignation\/","title":{"rendered":"Assembl\u00e9e nationale fran\u00e7aise : Une carte modifi\u00e9e int\u00e9grant le Sahara occidental au Maroc suscite l&rsquo;indignation"},"content":{"rendered":"\n<p>Une vive controverse a \u00e9clat\u00e9 au sein de la Commission des Affaires \u00e9trang\u00e8res de l&rsquo;Assembl\u00e9e nationale fran\u00e7aise suite \u00e0 la modification d&rsquo;une carte g\u00e9ographique qui repr\u00e9sente d\u00e9sormais le Sahara occidental comme faisant partie int\u00e9grante du territoire marocain. Cette alt\u00e9ration cartographique, qui contrevient au droit international, a provoqu\u00e9 la col\u00e8re de plusieurs d\u00e9put\u00e9s fran\u00e7ais qui ont d\u00e9nonc\u00e9 cette initiative lors d&rsquo;une r\u00e9cente r\u00e9union de la Commission.<\/p>\n\n\n\n<p>Le d\u00e9put\u00e9 Jean-Paul Lecoq, membre du groupe Gauche d\u00e9mocrate et R\u00e9publicaine, s&rsquo;est particuli\u00e8rement distingu\u00e9 par la v\u00e9h\u00e9mence de sa protestation face \u00e0 ce qu&rsquo;il consid\u00e8re comme une grave violation aux r\u00e9solutions des Nations Unies. \u00ab\u00a0Je voudrais m&rsquo;insurger parce que la carte qui est derri\u00e8re vous a \u00e9t\u00e9 chang\u00e9e\u00a0\u00bb, a-t-il d\u00e9clar\u00e9 en s&rsquo;adressant au pr\u00e9sident de s\u00e9ance, pr\u00e9cisant toutefois que sa col\u00e8re visait directement \u00ab\u00a0le pr\u00e9sident de la commission des Affaires \u00e9trang\u00e8res\u00a0\u00bb, Bruno Fuchs, qu&rsquo;il tient pour responsable de cette modification contest\u00e9e. Le d\u00e9put\u00e9 a soulign\u00e9 avec force le caract\u00e8re r\u00e9cent de ce changement : \u00ab\u00a0Il y a un mois, ce n&rsquo;\u00e9tait pas cette carte-l\u00e0 qui \u00e9tait ici. C&rsquo;\u00e9tait la carte conforme \u00e0 l&rsquo;ONU, conforme au droit international.\u00a0\u00bb Jean-Paul Lecoq a poursuivi en d\u00e9taillant la nature exacte de la modification : \u00ab\u00a0Il y a un mois, le Maroc et le Sahara occidental n&rsquo;\u00e9taient pas de la m\u00eame couleur et aujourd&rsquo;hui le Maroc et le Sahara occidental ne forment qu&rsquo;un pays. Quelqu&rsquo;un ici dans cette commission a pris cette d\u00e9cision.\u00a0\u00bb Cette alt\u00e9ration cartographique ne repr\u00e9sente pas simplement un d\u00e9tail esth\u00e9tique mais constitue, selon le d\u00e9put\u00e9, une atteinte grave \u00e0 \u00ab\u00a0l&rsquo;image de la diplomatie parlementaire\u00a0\u00bb et \u00e0 \u00ab\u00a0l&rsquo;image de la Commission\u00a0\u00bb. Face \u00e0 cette situation, Jean-Paul Lecoq a exhort\u00e9 ses coll\u00e8gues \u00e0 ne \u00ab\u00a0pas accepter \u00e7a\u00a0\u00bb, rappelant un principe fondamental : \u00ab\u00a0La s\u00e9paration des pouvoirs, c&rsquo;est aussi dire que les d\u00e9put\u00e9s de la Commission des Affaires \u00e9trang\u00e8res d\u00e9cident de respecter le droit international&#8230;\u00a0\u00bb<\/p>\n\n\n\n<p>L&rsquo;indignation n&rsquo;est pas rest\u00e9e isol\u00e9e puisque la d\u00e9put\u00e9e Cl\u00e9mentine Autin, du groupe \u00c9cologiste et Social, a \u00e9galement \u00ab\u00a0insist\u00e9\u00a0\u00bb sur cette probl\u00e9matique, se d\u00e9clarant \u00ab\u00a0tr\u00e8s choqu\u00e9e de cette nouvelle carte\u00a0\u00bb et ayant \u00ab\u00a0demand\u00e9 des comptes au pr\u00e9sident Fuchs sur le choix de ce changement de carte\u00a0\u00bb.<\/p>\n\n\n\n<p>Cette pol\u00e9mique intervient dans un contexte juridique international particuli\u00e8rement significatif. En effet, dans des arr\u00eats rendus le 4 octobre 2024, la Cour de Justice de l&rsquo;Union europ\u00e9enne (CJUE) a r\u00e9affirm\u00e9 le statut \u00ab\u00a0s\u00e9par\u00e9\u00a0\u00bb et \u00ab\u00a0distinct\u00a0\u00bb du Sahara occidental par rapport au territoire marocain. Dans ses d\u00e9cisions, la Cour a express\u00e9ment rappel\u00e9 qu'\u00a0\u00bbau regard du droit international, le Sahara occidental dispose d&rsquo;un statut propre et distinct\u00a0\u00bb, une position constamment maintenue par le Tribunal et la Cour de l&rsquo;UE dans leurs diff\u00e9rentes d\u00e9cisions depuis 2015. Il convient \u00e9galement de rappeler que l&rsquo;Organisation des Nations Unies a inscrit le Sahara occidental sur sa liste des territoires non autonomes depuis 1963, et que la question sahraouie demeure \u00e0 l&rsquo;ordre du jour de la Quatri\u00e8me commission de l&rsquo;ONU, sp\u00e9cifiquement d\u00e9di\u00e9e aux questions politiques sp\u00e9ciales et de d\u00e9colonisation.<\/p>\n\n\n\n<p>Dans ce contexte tendu, le Front Polisario, repr\u00e9sentant l\u00e9gitime du peuple sahraoui, a r\u00e9cemment r\u00e9affirm\u00e9 sa position concernant la r\u00e9solution du conflit. Dans un communiqu\u00e9 publi\u00e9 \u00e0 l&rsquo;issue d&rsquo;une r\u00e9union du Bureau permanent du Secr\u00e9tariat national, pr\u00e9sid\u00e9e par le Secr\u00e9taire g\u00e9n\u00e9ral du Front Polisario et Pr\u00e9sident de la R\u00e9publique sahraouie, Brahim Ghali, l&rsquo;organisation a rappel\u00e9 que le Plan de r\u00e8glement ONU-OUA de 1991 demeure \u00ab\u00a0la solution juste et r\u00e9aliste\u00a0\u00bb au conflit du Sahara occidental.<\/p>\n\n\n\n<p>Ce plan, qui vise \u00e0 organiser un r\u00e9f\u00e9rendum d&rsquo;autod\u00e9termination, repr\u00e9sente selon le Front Polisario \u00ab\u00a0la solution juste, r\u00e9aliste et mutuellement convenue\u00a0\u00bb au conflit. Il est important de noter que ce plan a \u00e9t\u00e9 approuv\u00e9 \u00e0 l&rsquo;unanimit\u00e9 par l&rsquo;Assembl\u00e9e g\u00e9n\u00e9rale des Nations Unies, le Conseil de s\u00e9curit\u00e9 et l&rsquo;Organisation de l&rsquo;unit\u00e9 africaine (OUA), devenue depuis l&rsquo;Union africaine (UA). \u00c0 l&rsquo;approche de la visite de Staffan de Mistura, Envoy\u00e9 personnel du Secr\u00e9taire g\u00e9n\u00e9ral des Nations Unies, dans les territoires sahraouis, le Bureau permanent du Front Polisario a r\u00e9affirm\u00e9 sa volont\u00e9 de \u00ab\u00a0coop\u00e9rer de mani\u00e8re constructive avec les Nations Unies\u00a0\u00bb pour faire avancer le processus politique. L&rsquo;objectif demeure clair : permettre la d\u00e9colonisation du Sahara occidental \u00e0 travers \u00ab\u00a0l&rsquo;exercice par le peuple sahraoui de son droit inali\u00e9nable \u00e0 l&rsquo;autod\u00e9termination et \u00e0 l&rsquo;ind\u00e9pendance\u00a0\u00bb.<\/p>\n\n\n\n<p>Salim Amokrane<\/p>\n","protected":false},"excerpt":{"rendered":"<p>Une vive controverse a \u00e9clat\u00e9 au sein de la Commission des Affaires \u00e9trang\u00e8res de l&rsquo;Assembl\u00e9e nationale fran\u00e7aise suite \u00e0 la<\/p>\n","protected":false},"author":6,"featured_media":65031,"comment_status":"open","ping_status":"closed","sticky":false,"template":"","format":"standard","meta":{"colormag_page_container_layout":"default_layout","colormag_page_sidebar_layout":"default_layout","om_disable_all_campaigns":false,"_monsterinsights_skip_tracking":false,"_monsterinsights_sitenote_active":false,"_monsterinsights_sitenote_note":"","_monsterinsights_sitenote_category":0,"footnotes":"","_wpscppro_dont_share_socialmedia":false,"_wpscppro_custom_social_share_image":0,"_facebook_share_type":"default","_twitter_share_type":"default","_linkedin_share_type":"default","_pinterest_share_type":"default","_linkedin_share_type_page":"","_instagram_share_type":"default","_medium_share_type":"default","_threads_share_type":"","_google_business_share_type":"","_selected_social_profile":[],"_wpsp_enable_custom_social_template":false,"_wpsp_social_scheduling":{"enabled":false,"datetime":null,"platforms":[],"status":"template_only","dateOption":"today","timeOption":"now","customDays":"","customHours":"","customDate":"","customTime":"","schedulingType":"absolute"},"_wpsp_active_default_template":true},"categories":[27],"tags":[],"class_list":["post-65030","post","type-post","status-publish","format-standard","has-post-thumbnail","hentry","category-actualite"],"aioseo_notices":[],"yoast_head":"<!-- This site is optimized with the Yoast SEO plugin v27.5 - https:\/\/yoast.com\/product\/yoast-seo-wordpress\/ -->\n<title>Assembl\u00e9e nationale fran\u00e7aise : Une carte modifi\u00e9e int\u00e9grant le Sahara occidental au Maroc suscite l&rsquo;indignation - La Sentinelle<\/title>\n<meta name=\"robots\" content=\"index, follow, max-snippet:-1, max-image-preview:large, max-video-preview:-1\" \/>\n<link rel=\"canonical\" href=\"https:\/\/lasentinelle.dz\/index.php\/2025\/03\/30\/assemblee-nationale-francaise-une-carte-modifiee-integrant-le-sahara-occidental-au-maroc-suscite-lindignation\/\" \/>\n<meta property=\"og:locale\" content=\"fr_FR\" \/>\n<meta property=\"og:type\" content=\"article\" \/>\n<meta property=\"og:title\" content=\"Assembl\u00e9e nationale fran\u00e7aise : Une carte modifi\u00e9e int\u00e9grant le Sahara occidental au Maroc suscite l&rsquo;indignation - La Sentinelle\" \/>\n<meta property=\"og:description\" content=\"Une vive controverse a \u00e9clat\u00e9 au sein de la Commission des Affaires \u00e9trang\u00e8res de l&rsquo;Assembl\u00e9e nationale fran\u00e7aise suite \u00e0 la\" \/>\n<meta property=\"og:url\" content=\"https:\/\/lasentinelle.dz\/index.php\/2025\/03\/30\/assemblee-nationale-francaise-une-carte-modifiee-integrant-le-sahara-occidental-au-maroc-suscite-lindignation\/\" \/>\n<meta property=\"og:site_name\" content=\"La Sentinelle\" \/>\n<meta property=\"article:publisher\" content=\"https:\/\/www.facebook.com\/La-Sentinelle-104059864394773\" \/>\n<meta property=\"article:published_time\" content=\"2025-03-30T11:08:11+00:00\" \/>\n<meta property=\"article:modified_time\" content=\"2025-03-30T11:08:12+00:00\" \/>\n<meta property=\"og:image\" content=\"https:\/\/lasentinelle.dz\/wp-content\/uploads\/2025\/03\/Jean-Paul-Lecoq.jpeg\" \/>\n\t<meta property=\"og:image:width\" content=\"275\" \/>\n\t<meta property=\"og:image:height\" content=\"183\" \/>\n\t<meta property=\"og:image:type\" content=\"image\/jpeg\" \/>\n<meta name=\"author\" content=\"admin\" \/>\n<meta name=\"twitter:card\" content=\"summary_large_image\" \/>\n<meta name=\"twitter:label1\" content=\"\u00c9crit par\" \/>\n\t<meta name=\"twitter:data1\" content=\"admin\" \/>\n\t<meta name=\"twitter:label2\" content=\"Dur\u00e9e de lecture estim\u00e9e\" \/>\n\t<meta name=\"twitter:data2\" content=\"4 minutes\" \/>\n<script type=\"application\/ld+json\" class=\"yoast-schema-graph\">{\"@context\":\"https:\\\/\\\/schema.org\",\"@graph\":[{\"@type\":\"Article\",\"@id\":\"https:\\\/\\\/lasentinelle.dz\\\/index.php\\\/2025\\\/03\\\/30\\\/assemblee-nationale-francaise-une-carte-modifiee-integrant-le-sahara-occidental-au-maroc-suscite-lindignation\\\/#article\",\"isPartOf\":{\"@id\":\"https:\\\/\\\/lasentinelle.dz\\\/index.php\\\/2025\\\/03\\\/30\\\/assemblee-nationale-francaise-une-carte-modifiee-integrant-le-sahara-occidental-au-maroc-suscite-lindignation\\\/\"},\"author\":{\"name\":\"admin\",\"@id\":\"https:\\\/\\\/lasentinelle.dz\\\/#\\\/schema\\\/person\\\/729ee0024f24e0b8c5ec17232f8e8b41\"},\"headline\":\"Assembl\u00e9e nationale fran\u00e7aise : Une carte modifi\u00e9e int\u00e9grant le Sahara occidental au Maroc suscite l&rsquo;indignation\",\"datePublished\":\"2025-03-30T11:08:11+00:00\",\"dateModified\":\"2025-03-30T11:08:12+00:00\",\"mainEntityOfPage\":{\"@id\":\"https:\\\/\\\/lasentinelle.dz\\\/index.php\\\/2025\\\/03\\\/30\\\/assemblee-nationale-francaise-une-carte-modifiee-integrant-le-sahara-occidental-au-maroc-suscite-lindignation\\\/\"},\"wordCount\":835,\"commentCount\":0,\"publisher\":{\"@id\":\"https:\\\/\\\/lasentinelle.dz\\\/#organization\"},\"image\":{\"@id\":\"https:\\\/\\\/lasentinelle.dz\\\/index.php\\\/2025\\\/03\\\/30\\\/assemblee-nationale-francaise-une-carte-modifiee-integrant-le-sahara-occidental-au-maroc-suscite-lindignation\\\/#primaryimage\"},\"thumbnailUrl\":\"https:\\\/\\\/lasentinelle.dz\\\/wp-content\\\/uploads\\\/2025\\\/03\\\/Jean-Paul-Lecoq.jpeg\",\"articleSection\":[\"Actualit\u00e9\"],\"inLanguage\":\"fr-FR\",\"potentialAction\":[{\"@type\":\"CommentAction\",\"name\":\"Comment\",\"target\":[\"https:\\\/\\\/lasentinelle.dz\\\/index.php\\\/2025\\\/03\\\/30\\\/assemblee-nationale-francaise-une-carte-modifiee-integrant-le-sahara-occidental-au-maroc-suscite-lindignation\\\/#respond\"]}]},{\"@type\":\"WebPage\",\"@id\":\"https:\\\/\\\/lasentinelle.dz\\\/index.php\\\/2025\\\/03\\\/30\\\/assemblee-nationale-francaise-une-carte-modifiee-integrant-le-sahara-occidental-au-maroc-suscite-lindignation\\\/\",\"url\":\"https:\\\/\\\/lasentinelle.dz\\\/index.php\\\/2025\\\/03\\\/30\\\/assemblee-nationale-francaise-une-carte-modifiee-integrant-le-sahara-occidental-au-maroc-suscite-lindignation\\\/\",\"name\":\"Assembl\u00e9e nationale fran\u00e7aise : Une carte modifi\u00e9e int\u00e9grant le Sahara occidental au Maroc suscite l&rsquo;indignation - La Sentinelle\",\"isPartOf\":{\"@id\":\"https:\\\/\\\/lasentinelle.dz\\\/#website\"},\"primaryImageOfPage\":{\"@id\":\"https:\\\/\\\/lasentinelle.dz\\\/index.php\\\/2025\\\/03\\\/30\\\/assemblee-nationale-francaise-une-carte-modifiee-integrant-le-sahara-occidental-au-maroc-suscite-lindignation\\\/#primaryimage\"},\"image\":{\"@id\":\"https:\\\/\\\/lasentinelle.dz\\\/index.php\\\/2025\\\/03\\\/30\\\/assemblee-nationale-francaise-une-carte-modifiee-integrant-le-sahara-occidental-au-maroc-suscite-lindignation\\\/#primaryimage\"},\"thumbnailUrl\":\"https:\\\/\\\/lasentinelle.dz\\\/wp-content\\\/uploads\\\/2025\\\/03\\\/Jean-Paul-Lecoq.jpeg\",\"datePublished\":\"2025-03-30T11:08:11+00:00\",\"dateModified\":\"2025-03-30T11:08:12+00:00\",\"breadcrumb\":{\"@id\":\"https:\\\/\\\/lasentinelle.dz\\\/index.php\\\/2025\\\/03\\\/30\\\/assemblee-nationale-francaise-une-carte-modifiee-integrant-le-sahara-occidental-au-maroc-suscite-lindignation\\\/#breadcrumb\"},\"inLanguage\":\"fr-FR\",\"potentialAction\":[{\"@type\":\"ReadAction\",\"target\":[\"https:\\\/\\\/lasentinelle.dz\\\/index.php\\\/2025\\\/03\\\/30\\\/assemblee-nationale-francaise-une-carte-modifiee-integrant-le-sahara-occidental-au-maroc-suscite-lindignation\\\/\"]}]},{\"@type\":\"ImageObject\",\"inLanguage\":\"fr-FR\",\"@id\":\"https:\\\/\\\/lasentinelle.dz\\\/index.php\\\/2025\\\/03\\\/30\\\/assemblee-nationale-francaise-une-carte-modifiee-integrant-le-sahara-occidental-au-maroc-suscite-lindignation\\\/#primaryimage\",\"url\":\"https:\\\/\\\/lasentinelle.dz\\\/wp-content\\\/uploads\\\/2025\\\/03\\\/Jean-Paul-Lecoq.jpeg\",\"contentUrl\":\"https:\\\/\\\/lasentinelle.dz\\\/wp-content\\\/uploads\\\/2025\\\/03\\\/Jean-Paul-Lecoq.jpeg\",\"width\":275,\"height\":183},{\"@type\":\"BreadcrumbList\",\"@id\":\"https:\\\/\\\/lasentinelle.dz\\\/index.php\\\/2025\\\/03\\\/30\\\/assemblee-nationale-francaise-une-carte-modifiee-integrant-le-sahara-occidental-au-maroc-suscite-lindignation\\\/#breadcrumb\",\"itemListElement\":[{\"@type\":\"ListItem\",\"position\":1,\"name\":\"Accueil\",\"item\":\"https:\\\/\\\/lasentinelle.dz\\\/\"},{\"@type\":\"ListItem\",\"position\":2,\"name\":\"Assembl\u00e9e nationale fran\u00e7aise : Une carte modifi\u00e9e int\u00e9grant le Sahara occidental au Maroc suscite l&rsquo;indignation\"}]},{\"@type\":\"WebSite\",\"@id\":\"https:\\\/\\\/lasentinelle.dz\\\/#website\",\"url\":\"https:\\\/\\\/lasentinelle.dz\\\/\",\"name\":\"La Sentinelle\",\"description\":\"Quotidien national d&#039;information\",\"publisher\":{\"@id\":\"https:\\\/\\\/lasentinelle.dz\\\/#organization\"},\"potentialAction\":[{\"@type\":\"SearchAction\",\"target\":{\"@type\":\"EntryPoint\",\"urlTemplate\":\"https:\\\/\\\/lasentinelle.dz\\\/?s={search_term_string}\"},\"query-input\":{\"@type\":\"PropertyValueSpecification\",\"valueRequired\":true,\"valueName\":\"search_term_string\"}}],\"inLanguage\":\"fr-FR\"},{\"@type\":\"Organization\",\"@id\":\"https:\\\/\\\/lasentinelle.dz\\\/#organization\",\"name\":\"Quotidien La Sentinelle\",\"url\":\"https:\\\/\\\/lasentinelle.dz\\\/\",\"logo\":{\"@type\":\"ImageObject\",\"inLanguage\":\"fr-FR\",\"@id\":\"https:\\\/\\\/lasentinelle.dz\\\/#\\\/schema\\\/logo\\\/image\\\/\",\"url\":\"https:\\\/\\\/lasentinelle.dz\\\/wp-content\\\/uploads\\\/2021\\\/09\\\/logo-sentinelleSLOGAN-1.png\",\"contentUrl\":\"https:\\\/\\\/lasentinelle.dz\\\/wp-content\\\/uploads\\\/2021\\\/09\\\/logo-sentinelleSLOGAN-1.png\",\"width\":615,\"height\":142,\"caption\":\"Quotidien La Sentinelle\"},\"image\":{\"@id\":\"https:\\\/\\\/lasentinelle.dz\\\/#\\\/schema\\\/logo\\\/image\\\/\"},\"sameAs\":[\"https:\\\/\\\/www.facebook.com\\\/La-Sentinelle-104059864394773\"]},{\"@type\":\"Person\",\"@id\":\"https:\\\/\\\/lasentinelle.dz\\\/#\\\/schema\\\/person\\\/729ee0024f24e0b8c5ec17232f8e8b41\",\"name\":\"admin\",\"image\":{\"@type\":\"ImageObject\",\"inLanguage\":\"fr-FR\",\"@id\":\"https:\\\/\\\/secure.gravatar.com\\\/avatar\\\/4c81fed838786e9b53f540bf46533e750f5d292099ae3b66cfc6fb1982e29df7?s=96&d=mm&r=g\",\"url\":\"https:\\\/\\\/secure.gravatar.com\\\/avatar\\\/4c81fed838786e9b53f540bf46533e750f5d292099ae3b66cfc6fb1982e29df7?s=96&d=mm&r=g\",\"contentUrl\":\"https:\\\/\\\/secure.gravatar.com\\\/avatar\\\/4c81fed838786e9b53f540bf46533e750f5d292099ae3b66cfc6fb1982e29df7?s=96&d=mm&r=g\",\"caption\":\"admin\"},\"description\":\"admin\",\"url\":\"https:\\\/\\\/lasentinelle.dz\\\/author\\\/admin\\\/\"}]}<\/script>\n<!-- \/ Yoast SEO plugin. -->","yoast_head_json":{"title":"Assembl\u00e9e nationale fran\u00e7aise : Une carte modifi\u00e9e int\u00e9grant le Sahara occidental au Maroc suscite l&rsquo;indignation - La Sentinelle","robots":{"index":"index","follow":"follow","max-snippet":"max-snippet:-1","max-image-preview":"max-image-preview:large","max-video-preview":"max-video-preview:-1"},"canonical":"https:\/\/lasentinelle.dz\/index.php\/2025\/03\/30\/assemblee-nationale-francaise-une-carte-modifiee-integrant-le-sahara-occidental-au-maroc-suscite-lindignation\/","og_locale":"fr_FR","og_type":"article","og_title":"Assembl\u00e9e nationale fran\u00e7aise : Une carte modifi\u00e9e int\u00e9grant le Sahara occidental au Maroc suscite l&rsquo;indignation - La Sentinelle","og_description":"Une vive controverse a \u00e9clat\u00e9 au sein de la Commission des Affaires \u00e9trang\u00e8res de l&rsquo;Assembl\u00e9e nationale fran\u00e7aise suite \u00e0 la","og_url":"https:\/\/lasentinelle.dz\/index.php\/2025\/03\/30\/assemblee-nationale-francaise-une-carte-modifiee-integrant-le-sahara-occidental-au-maroc-suscite-lindignation\/","og_site_name":"La Sentinelle","article_publisher":"https:\/\/www.facebook.com\/La-Sentinelle-104059864394773","article_published_time":"2025-03-30T11:08:11+00:00","article_modified_time":"2025-03-30T11:08:12+00:00","og_image":[{"width":275,"height":183,"url":"https:\/\/lasentinelle.dz\/wp-content\/uploads\/2025\/03\/Jean-Paul-Lecoq.jpeg","type":"image\/jpeg"}],"author":"admin","twitter_card":"summary_large_image","twitter_misc":{"\u00c9crit par":"admin","Dur\u00e9e de lecture estim\u00e9e":"4 minutes"},"schema":{"@context":"https:\/\/schema.org","@graph":[{"@type":"Article","@id":"https:\/\/lasentinelle.dz\/index.php\/2025\/03\/30\/assemblee-nationale-francaise-une-carte-modifiee-integrant-le-sahara-occidental-au-maroc-suscite-lindignation\/#article","isPartOf":{"@id":"https:\/\/lasentinelle.dz\/index.php\/2025\/03\/30\/assemblee-nationale-francaise-une-carte-modifiee-integrant-le-sahara-occidental-au-maroc-suscite-lindignation\/"},"author":{"name":"admin","@id":"https:\/\/lasentinelle.dz\/#\/schema\/person\/729ee0024f24e0b8c5ec17232f8e8b41"},"headline":"Assembl\u00e9e nationale fran\u00e7aise : Une carte modifi\u00e9e int\u00e9grant le Sahara occidental au Maroc suscite l&rsquo;indignation","datePublished":"2025-03-30T11:08:11+00:00","dateModified":"2025-03-30T11:08:12+00:00","mainEntityOfPage":{"@id":"https:\/\/lasentinelle.dz\/index.php\/2025\/03\/30\/assemblee-nationale-francaise-une-carte-modifiee-integrant-le-sahara-occidental-au-maroc-suscite-lindignation\/"},"wordCount":835,"commentCount":0,"publisher":{"@id":"https:\/\/lasentinelle.dz\/#organization"},"image":{"@id":"https:\/\/lasentinelle.dz\/index.php\/2025\/03\/30\/assemblee-nationale-francaise-une-carte-modifiee-integrant-le-sahara-occidental-au-maroc-suscite-lindignation\/#primaryimage"},"thumbnailUrl":"https:\/\/lasentinelle.dz\/wp-content\/uploads\/2025\/03\/Jean-Paul-Lecoq.jpeg","articleSection":["Actualit\u00e9"],"inLanguage":"fr-FR","potentialAction":[{"@type":"CommentAction","name":"Comment","target":["https:\/\/lasentinelle.dz\/index.php\/2025\/03\/30\/assemblee-nationale-francaise-une-carte-modifiee-integrant-le-sahara-occidental-au-maroc-suscite-lindignation\/#respond"]}]},{"@type":"WebPage","@id":"https:\/\/lasentinelle.dz\/index.php\/2025\/03\/30\/assemblee-nationale-francaise-une-carte-modifiee-integrant-le-sahara-occidental-au-maroc-suscite-lindignation\/","url":"https:\/\/lasentinelle.dz\/index.php\/2025\/03\/30\/assemblee-nationale-francaise-une-carte-modifiee-integrant-le-sahara-occidental-au-maroc-suscite-lindignation\/","name":"Assembl\u00e9e nationale fran\u00e7aise : Une carte modifi\u00e9e int\u00e9grant le Sahara occidental au Maroc suscite l&rsquo;indignation - La Sentinelle","isPartOf":{"@id":"https:\/\/lasentinelle.dz\/#website"},"primaryImageOfPage":{"@id":"https:\/\/lasentinelle.dz\/index.php\/2025\/03\/30\/assemblee-nationale-francaise-une-carte-modifiee-integrant-le-sahara-occidental-au-maroc-suscite-lindignation\/#primaryimage"},"image":{"@id":"https:\/\/lasentinelle.dz\/index.php\/2025\/03\/30\/assemblee-nationale-francaise-une-carte-modifiee-integrant-le-sahara-occidental-au-maroc-suscite-lindignation\/#primaryimage"},"thumbnailUrl":"https:\/\/lasentinelle.dz\/wp-content\/uploads\/2025\/03\/Jean-Paul-Lecoq.jpeg","datePublished":"2025-03-30T11:08:11+00:00","dateModified":"2025-03-30T11:08:12+00:00","breadcrumb":{"@id":"https:\/\/lasentinelle.dz\/index.php\/2025\/03\/30\/assemblee-nationale-francaise-une-carte-modifiee-integrant-le-sahara-occidental-au-maroc-suscite-lindignation\/#breadcrumb"},"inLanguage":"fr-FR","potentialAction":[{"@type":"ReadAction","target":["https:\/\/lasentinelle.dz\/index.php\/2025\/03\/30\/assemblee-nationale-francaise-une-carte-modifiee-integrant-le-sahara-occidental-au-maroc-suscite-lindignation\/"]}]},{"@type":"ImageObject","inLanguage":"fr-FR","@id":"https:\/\/lasentinelle.dz\/index.php\/2025\/03\/30\/assemblee-nationale-francaise-une-carte-modifiee-integrant-le-sahara-occidental-au-maroc-suscite-lindignation\/#primaryimage","url":"https:\/\/lasentinelle.dz\/wp-content\/uploads\/2025\/03\/Jean-Paul-Lecoq.jpeg","contentUrl":"https:\/\/lasentinelle.dz\/wp-content\/uploads\/2025\/03\/Jean-Paul-Lecoq.jpeg","width":275,"height":183},{"@type":"BreadcrumbList","@id":"https:\/\/lasentinelle.dz\/index.php\/2025\/03\/30\/assemblee-nationale-francaise-une-carte-modifiee-integrant-le-sahara-occidental-au-maroc-suscite-lindignation\/#breadcrumb","itemListElement":[{"@type":"ListItem","position":1,"name":"Accueil","item":"https:\/\/lasentinelle.dz\/"},{"@type":"ListItem","position":2,"name":"Assembl\u00e9e nationale fran\u00e7aise : Une carte modifi\u00e9e int\u00e9grant le Sahara occidental au Maroc suscite l&rsquo;indignation"}]},{"@type":"WebSite","@id":"https:\/\/lasentinelle.dz\/#website","url":"https:\/\/lasentinelle.dz\/","name":"La Sentinelle","description":"Quotidien national d&#039;information","publisher":{"@id":"https:\/\/lasentinelle.dz\/#organization"},"potentialAction":[{"@type":"SearchAction","target":{"@type":"EntryPoint","urlTemplate":"https:\/\/lasentinelle.dz\/?s={search_term_string}"},"query-input":{"@type":"PropertyValueSpecification","valueRequired":true,"valueName":"search_term_string"}}],"inLanguage":"fr-FR"},{"@type":"Organization","@id":"https:\/\/lasentinelle.dz\/#organization","name":"Quotidien La Sentinelle","url":"https:\/\/lasentinelle.dz\/","logo":{"@type":"ImageObject","inLanguage":"fr-FR","@id":"https:\/\/lasentinelle.dz\/#\/schema\/logo\/image\/","url":"https:\/\/lasentinelle.dz\/wp-content\/uploads\/2021\/09\/logo-sentinelleSLOGAN-1.png","contentUrl":"https:\/\/lasentinelle.dz\/wp-content\/uploads\/2021\/09\/logo-sentinelleSLOGAN-1.png","width":615,"height":142,"caption":"Quotidien La Sentinelle"},"image":{"@id":"https:\/\/lasentinelle.dz\/#\/schema\/logo\/image\/"},"sameAs":["https:\/\/www.facebook.com\/La-Sentinelle-104059864394773"]},{"@type":"Person","@id":"https:\/\/lasentinelle.dz\/#\/schema\/person\/729ee0024f24e0b8c5ec17232f8e8b41","name":"admin","image":{"@type":"ImageObject","inLanguage":"fr-FR","@id":"https:\/\/secure.gravatar.com\/avatar\/4c81fed838786e9b53f540bf46533e750f5d292099ae3b66cfc6fb1982e29df7?s=96&d=mm&r=g","url":"https:\/\/secure.gravatar.com\/avatar\/4c81fed838786e9b53f540bf46533e750f5d292099ae3b66cfc6fb1982e29df7?s=96&d=mm&r=g","contentUrl":"https:\/\/secure.gravatar.com\/avatar\/4c81fed838786e9b53f540bf46533e750f5d292099ae3b66cfc6fb1982e29df7?s=96&d=mm&r=g","caption":"admin"},"description":"admin","url":"https:\/\/lasentinelle.dz\/author\/admin\/"}]}},"_links":{"self":[{"href":"https:\/\/lasentinelle.dz\/index.php\/wp-json\/wp\/v2\/posts\/65030","targetHints":{"allow":["GET"]}}],"collection":[{"href":"https:\/\/lasentinelle.dz\/index.php\/wp-json\/wp\/v2\/posts"}],"about":[{"href":"https:\/\/lasentinelle.dz\/index.php\/wp-json\/wp\/v2\/types\/post"}],"author":[{"embeddable":true,"href":"https:\/\/lasentinelle.dz\/index.php\/wp-json\/wp\/v2\/users\/6"}],"replies":[{"embeddable":true,"href":"https:\/\/lasentinelle.dz\/index.php\/wp-json\/wp\/v2\/comments?post=65030"}],"version-history":[{"count":2,"href":"https:\/\/lasentinelle.dz\/index.php\/wp-json\/wp\/v2\/posts\/65030\/revisions"}],"predecessor-version":[{"id":65033,"href":"https:\/\/lasentinelle.dz\/index.php\/wp-json\/wp\/v2\/posts\/65030\/revisions\/65033"}],"wp:featuredmedia":[{"embeddable":true,"href":"https:\/\/lasentinelle.dz\/index.php\/wp-json\/wp\/v2\/media\/65031"}],"wp:attachment":[{"href":"https:\/\/lasentinelle.dz\/index.php\/wp-json\/wp\/v2\/media?parent=65030"}],"wp:term":[{"taxonomy":"category","embeddable":true,"href":"https:\/\/lasentinelle.dz\/index.php\/wp-json\/wp\/v2\/categories?post=65030"},{"taxonomy":"post_tag","embeddable":true,"href":"https:\/\/lasentinelle.dz\/index.php\/wp-json\/wp\/v2\/tags?post=65030"}],"curies":[{"name":"wp","href":"https:\/\/api.w.org\/{rel}","templated":true}]}}