{"id":65037,"date":"2025-03-30T12:09:39","date_gmt":"2025-03-30T11:09:39","guid":{"rendered":"https:\/\/lasentinelle.dz\/?p=65037"},"modified":"2025-03-30T12:09:39","modified_gmt":"2025-03-30T11:09:39","slug":"sur-fond-de-controle-commercial-renforce-les-marches-de-gros-ouverts-durant-laid","status":"publish","type":"post","link":"https:\/\/lasentinelle.dz\/index.php\/2025\/03\/30\/sur-fond-de-controle-commercial-renforce-les-marches-de-gros-ouverts-durant-laid\/","title":{"rendered":"Sur fond de contr\u00f4le commercial renforc\u00e9 : Les march\u00e9s de gros ouverts durant l&rsquo;A\u00efd"},"content":{"rendered":"\n<p>\u00c0 l&rsquo;approche de l&rsquo;A\u00efd El-Fitr, les autorit\u00e9s ont d\u00e9ploy\u00e9 un dispositif d&rsquo;envergure pour assurer la continuit\u00e9 du service commercial et l&rsquo;approvisionnement des march\u00e9s \u00e0 travers tout le territoire national. L&rsquo;Association nationale des commer\u00e7ants et artisans (ANCA) a lanc\u00e9, vendredi dernier, un appel solennel \u00e0 l&rsquo;ensemble des commer\u00e7ants et op\u00e9rateurs \u00e9conomiques inscrits sur les listes de permanence pour qu&rsquo;ils respectent scrupuleusement le programme \u00e9tabli. Cette mobilisation exceptionnelle vise \u00e0 garantir aux citoyens l&rsquo;acc\u00e8s aux produits et services essentiels durant cette p\u00e9riode festive, tout en maintenant la stabilit\u00e9 des prix et la fluidit\u00e9 de l&rsquo;approvisionnement. Dans un communiqu\u00e9 largement diffus\u00e9, l&rsquo;ANCA a mis l&rsquo;accent sur l&rsquo;importance capitale du respect de cette permanence, rappelant qu&rsquo;elle s&rsquo;inscrit dans le cadre l\u00e9gal d\u00e9fini par l&rsquo;article 8 de la loi 13-06 relative aux conditions d&rsquo;exercice des activit\u00e9s commerciales. \u00ab Le respect de la permanence de l&rsquo;A\u00efd El-Fitr permettra non seulement de gagner la confiance des consommateurs et d&rsquo;assurer le service public, mais aussi d&rsquo;\u00e9viter d&rsquo;\u00e9ventuelles sanctions, \u00e0 savoir la fermeture provisoire ou encore une amende pouvant atteindre 200.000 DA \u00bb, pr\u00e9cise l&rsquo;Association, soulignant ainsi la double dimension, incitative et dissuasive, du dispositif mis en place. Point crucial du dispositif : les march\u00e9s de gros resteront ouverts pendant les jours de l&rsquo;A\u00efd. Cette mesure, sp\u00e9cifiquement mentionn\u00e9e par l&rsquo;ANCA dans son communiqu\u00e9, constitue un maillon essentiel de la cha\u00eene d&rsquo;approvisionnement. \u00ab Les march\u00e9s de gros sont \u00e9galement appel\u00e9s \u00e0 assurer le service et l&rsquo;approvisionnement \u00bb, stipule explicitement le document, garantissant ainsi que les d\u00e9taillants pourront s&rsquo;approvisionner sans interruption pour r\u00e9pondre aux besoins des consommateurs.<\/p>\n\n\n\n<p>Le nombre impressionnant de professionnels mobilis\u00e9s t\u00e9moigne de l&rsquo;ampleur du dispositif. Ahmed Mokrani, directeur g\u00e9n\u00e9ral de la r\u00e9gulation des activit\u00e9s au minist\u00e8re du Commerce, a r\u00e9v\u00e9l\u00e9 lors d&rsquo;une conf\u00e9rence de presse tenue mercredi que \u00ab le minist\u00e8re a mis en place un programme sp\u00e9cial pour garantir l&rsquo;approvisionnement des citoyens en produits et services de large consommation \u00bb. Ce programme mobilise plus de 54.000 commer\u00e7ants \u00e0 travers les diff\u00e9rentes wilayas du pays, une force commerciale que l&rsquo;ANCA estime \u00ab suffisante pour satisfaire la demande et assurer le service \u00bb.<\/p>\n\n\n\n<p>Le programme comprend, selon M. Mokrani, \u00ab 6829 boulangeries, 28.811 commer\u00e7ants dans la vente des produits alimentaires, fruits et l\u00e9gumes, ainsi que 16.990 commer\u00e7ants dans d&rsquo;autres secteurs d&rsquo;activit\u00e9 \u00bb. Le dispositif int\u00e8gre \u00e9galement 543 unit\u00e9s de production, dont 155 laiteries, 434 minoteries et 45 unit\u00e9s de production d&rsquo;eau min\u00e9rale, assurant ainsi que les produits de premi\u00e8re n\u00e9cessit\u00e9 seront disponibles en quantit\u00e9s suffisantes.<\/p>\n\n\n\n<p>Cette ann\u00e9e, le syst\u00e8me de permanence a connu une progression significative par rapport aux \u00e9ditions pr\u00e9c\u00e9dentes. M. Mokrani a fait savoir que le dispositif \u00ab a enregistr\u00e9 une augmentation de 6% du nombre des commer\u00e7ants mobilis\u00e9s par rapport \u00e0 l&rsquo;ann\u00e9e pr\u00e9c\u00e9dente \u00bb, avec une hausse de 7% pour les boulangeries et commer\u00e7ants de produits alimentaires et de fruits et l\u00e9gumes, de 3% pour les divers secteurs d&rsquo;activit\u00e9, et de 8% pour les unit\u00e9s de production.<\/p>\n\n\n\n<p>En parall\u00e8le de ce dispositif commercial, les agents de contr\u00f4le des directions du commerce int\u00e9rieur et de la r\u00e9gulation du march\u00e9 ont intensifi\u00e9 leurs op\u00e9rations d&rsquo;inspection et de surveillance sur le terrain. Ces actions, men\u00e9es en application des instructions du ministre du Commerce int\u00e9rieur et de la R\u00e9gulation du march\u00e9, Tayeb Zitouni, visent, selon le minist\u00e8re, \u00ab \u00e0 garantir la disponibilit\u00e9 des produits de base, \u00e0 surveiller les prix dans les diff\u00e9rents march\u00e9s et points de vente \u00e0 l&rsquo;\u00e9chelle nationale, ainsi qu&rsquo;\u00e0 assurer la fluidit\u00e9 de l&rsquo;approvisionnement et la stabilit\u00e9 des prix \u00bb.<\/p>\n\n\n\n<p>Pour garantir l&rsquo;efficacit\u00e9 de ce contr\u00f4le, le minist\u00e8re a mobilis\u00e9 2.627 agents r\u00e9partis sur l&rsquo;ensemble du territoire national. Une innovation technologique viendra renforcer ce dispositif humain : d\u00e8s vendredi prochain, une application num\u00e9rique baptis\u00e9e \u00ab Morafik com \u00bb sera lanc\u00e9e. Cet outil num\u00e9rique, qui comprendra la liste compl\u00e8te des commer\u00e7ants de permanence, permettra aux citoyens de signaler toute infraction au programme \u00e9tabli, les impliquant ainsi directement dans le processus de contr\u00f4le et de r\u00e9gulation.<\/p>\n\n\n\n<p>L&rsquo;ANCA a \u00e9galement adress\u00e9 un message particulier aux professionnels du transport. Dans son communiqu\u00e9, l&rsquo;Association \u00ab a inform\u00e9 les chauffeurs de taxis et de bus de transport des voyageurs que les gares routi\u00e8res resteront ouvertes durant les jours de l&rsquo;A\u00efd \u00bb, assurant ainsi la mobilit\u00e9 des citoyens pendant cette p\u00e9riode festive. Elle a profit\u00e9 de l&rsquo;occasion pour appeler ces conducteurs, \u00ab ainsi que l&rsquo;ensemble des automobilistes \u00e0 respecter le code de la route et \u00e0 \u00e9viter les infractions susceptibles d&rsquo;entrainer des pertes en vies humaines \u00bb.<\/p>\n\n\n\n<p>Lyna Larbi<\/p>\n","protected":false},"excerpt":{"rendered":"<p>\u00c0 l&rsquo;approche de l&rsquo;A\u00efd El-Fitr, les autorit\u00e9s ont d\u00e9ploy\u00e9 un dispositif d&rsquo;envergure pour assurer la continuit\u00e9 du service commercial et<\/p>\n","protected":false},"author":6,"featured_media":58466,"comment_status":"open","ping_status":"closed","sticky":false,"template":"","format":"standard","meta":{"colormag_page_container_layout":"default_layout","colormag_page_sidebar_layout":"default_layout","om_disable_all_campaigns":false,"_monsterinsights_skip_tracking":false,"_monsterinsights_sitenote_active":false,"_monsterinsights_sitenote_note":"","_monsterinsights_sitenote_category":0,"footnotes":"","_wpscppro_dont_share_socialmedia":false,"_wpscppro_custom_social_share_image":0,"_facebook_share_type":"default","_twitter_share_type":"default","_linkedin_share_type":"default","_pinterest_share_type":"default","_linkedin_share_type_page":"","_instagram_share_type":"default","_medium_share_type":"default","_threads_share_type":"","_google_business_share_type":"","_selected_social_profile":[],"_wpsp_enable_custom_social_template":false,"_wpsp_social_scheduling":{"enabled":false,"datetime":null,"platforms":[],"status":"template_only","dateOption":"today","timeOption":"now","customDays":"","customHours":"","customDate":"","customTime":"","schedulingType":"absolute"},"_wpsp_active_default_template":true},"categories":[27],"tags":[],"class_list":["post-65037","post","type-post","status-publish","format-standard","has-post-thumbnail","hentry","category-actualite"],"aioseo_notices":[],"yoast_head":"<!-- This site is optimized with the Yoast SEO plugin v27.5 - https:\/\/yoast.com\/product\/yoast-seo-wordpress\/ -->\n<title>Sur fond de contr\u00f4le commercial renforc\u00e9 : Les march\u00e9s de gros ouverts durant l&rsquo;A\u00efd - La Sentinelle<\/title>\n<meta name=\"robots\" content=\"index, follow, max-snippet:-1, max-image-preview:large, max-video-preview:-1\" \/>\n<link rel=\"canonical\" href=\"https:\/\/lasentinelle.dz\/index.php\/2025\/03\/30\/sur-fond-de-controle-commercial-renforce-les-marches-de-gros-ouverts-durant-laid\/\" \/>\n<meta property=\"og:locale\" content=\"fr_FR\" \/>\n<meta property=\"og:type\" content=\"article\" \/>\n<meta property=\"og:title\" content=\"Sur fond de contr\u00f4le commercial renforc\u00e9 : Les march\u00e9s de gros ouverts durant l&rsquo;A\u00efd - La Sentinelle\" \/>\n<meta property=\"og:description\" content=\"\u00c0 l&rsquo;approche de l&rsquo;A\u00efd El-Fitr, les autorit\u00e9s ont d\u00e9ploy\u00e9 un dispositif d&rsquo;envergure pour assurer la continuit\u00e9 du service commercial et\" \/>\n<meta property=\"og:url\" content=\"https:\/\/lasentinelle.dz\/index.php\/2025\/03\/30\/sur-fond-de-controle-commercial-renforce-les-marches-de-gros-ouverts-durant-laid\/\" \/>\n<meta property=\"og:site_name\" content=\"La Sentinelle\" \/>\n<meta property=\"article:publisher\" content=\"https:\/\/www.facebook.com\/La-Sentinelle-104059864394773\" \/>\n<meta property=\"article:published_time\" content=\"2025-03-30T11:09:39+00:00\" \/>\n<meta property=\"og:image\" content=\"https:\/\/lasentinelle.dz\/wp-content\/uploads\/2024\/10\/marche.jpg\" \/>\n\t<meta property=\"og:image:width\" content=\"1280\" \/>\n\t<meta property=\"og:image:height\" content=\"720\" \/>\n\t<meta property=\"og:image:type\" content=\"image\/jpeg\" \/>\n<meta name=\"author\" content=\"admin\" \/>\n<meta name=\"twitter:card\" content=\"summary_large_image\" \/>\n<meta name=\"twitter:label1\" content=\"\u00c9crit par\" \/>\n\t<meta name=\"twitter:data1\" content=\"admin\" \/>\n\t<meta name=\"twitter:label2\" content=\"Dur\u00e9e de lecture estim\u00e9e\" \/>\n\t<meta name=\"twitter:data2\" content=\"4 minutes\" \/>\n<script type=\"application\/ld+json\" class=\"yoast-schema-graph\">{\"@context\":\"https:\\\/\\\/schema.org\",\"@graph\":[{\"@type\":\"Article\",\"@id\":\"https:\\\/\\\/lasentinelle.dz\\\/index.php\\\/2025\\\/03\\\/30\\\/sur-fond-de-controle-commercial-renforce-les-marches-de-gros-ouverts-durant-laid\\\/#article\",\"isPartOf\":{\"@id\":\"https:\\\/\\\/lasentinelle.dz\\\/index.php\\\/2025\\\/03\\\/30\\\/sur-fond-de-controle-commercial-renforce-les-marches-de-gros-ouverts-durant-laid\\\/\"},\"author\":{\"name\":\"admin\",\"@id\":\"https:\\\/\\\/lasentinelle.dz\\\/#\\\/schema\\\/person\\\/729ee0024f24e0b8c5ec17232f8e8b41\"},\"headline\":\"Sur fond de contr\u00f4le commercial renforc\u00e9 : Les march\u00e9s de gros ouverts durant l&rsquo;A\u00efd\",\"datePublished\":\"2025-03-30T11:09:39+00:00\",\"mainEntityOfPage\":{\"@id\":\"https:\\\/\\\/lasentinelle.dz\\\/index.php\\\/2025\\\/03\\\/30\\\/sur-fond-de-controle-commercial-renforce-les-marches-de-gros-ouverts-durant-laid\\\/\"},\"wordCount\":835,\"commentCount\":0,\"publisher\":{\"@id\":\"https:\\\/\\\/lasentinelle.dz\\\/#organization\"},\"image\":{\"@id\":\"https:\\\/\\\/lasentinelle.dz\\\/index.php\\\/2025\\\/03\\\/30\\\/sur-fond-de-controle-commercial-renforce-les-marches-de-gros-ouverts-durant-laid\\\/#primaryimage\"},\"thumbnailUrl\":\"https:\\\/\\\/lasentinelle.dz\\\/wp-content\\\/uploads\\\/2024\\\/10\\\/marche.jpg\",\"articleSection\":[\"Actualit\u00e9\"],\"inLanguage\":\"fr-FR\",\"potentialAction\":[{\"@type\":\"CommentAction\",\"name\":\"Comment\",\"target\":[\"https:\\\/\\\/lasentinelle.dz\\\/index.php\\\/2025\\\/03\\\/30\\\/sur-fond-de-controle-commercial-renforce-les-marches-de-gros-ouverts-durant-laid\\\/#respond\"]}]},{\"@type\":\"WebPage\",\"@id\":\"https:\\\/\\\/lasentinelle.dz\\\/index.php\\\/2025\\\/03\\\/30\\\/sur-fond-de-controle-commercial-renforce-les-marches-de-gros-ouverts-durant-laid\\\/\",\"url\":\"https:\\\/\\\/lasentinelle.dz\\\/index.php\\\/2025\\\/03\\\/30\\\/sur-fond-de-controle-commercial-renforce-les-marches-de-gros-ouverts-durant-laid\\\/\",\"name\":\"Sur fond de contr\u00f4le commercial renforc\u00e9 : Les march\u00e9s de gros ouverts durant l&rsquo;A\u00efd - La Sentinelle\",\"isPartOf\":{\"@id\":\"https:\\\/\\\/lasentinelle.dz\\\/#website\"},\"primaryImageOfPage\":{\"@id\":\"https:\\\/\\\/lasentinelle.dz\\\/index.php\\\/2025\\\/03\\\/30\\\/sur-fond-de-controle-commercial-renforce-les-marches-de-gros-ouverts-durant-laid\\\/#primaryimage\"},\"image\":{\"@id\":\"https:\\\/\\\/lasentinelle.dz\\\/index.php\\\/2025\\\/03\\\/30\\\/sur-fond-de-controle-commercial-renforce-les-marches-de-gros-ouverts-durant-laid\\\/#primaryimage\"},\"thumbnailUrl\":\"https:\\\/\\\/lasentinelle.dz\\\/wp-content\\\/uploads\\\/2024\\\/10\\\/marche.jpg\",\"datePublished\":\"2025-03-30T11:09:39+00:00\",\"breadcrumb\":{\"@id\":\"https:\\\/\\\/lasentinelle.dz\\\/index.php\\\/2025\\\/03\\\/30\\\/sur-fond-de-controle-commercial-renforce-les-marches-de-gros-ouverts-durant-laid\\\/#breadcrumb\"},\"inLanguage\":\"fr-FR\",\"potentialAction\":[{\"@type\":\"ReadAction\",\"target\":[\"https:\\\/\\\/lasentinelle.dz\\\/index.php\\\/2025\\\/03\\\/30\\\/sur-fond-de-controle-commercial-renforce-les-marches-de-gros-ouverts-durant-laid\\\/\"]}]},{\"@type\":\"ImageObject\",\"inLanguage\":\"fr-FR\",\"@id\":\"https:\\\/\\\/lasentinelle.dz\\\/index.php\\\/2025\\\/03\\\/30\\\/sur-fond-de-controle-commercial-renforce-les-marches-de-gros-ouverts-durant-laid\\\/#primaryimage\",\"url\":\"https:\\\/\\\/lasentinelle.dz\\\/wp-content\\\/uploads\\\/2024\\\/10\\\/marche.jpg\",\"contentUrl\":\"https:\\\/\\\/lasentinelle.dz\\\/wp-content\\\/uploads\\\/2024\\\/10\\\/marche.jpg\",\"width\":1280,\"height\":720},{\"@type\":\"BreadcrumbList\",\"@id\":\"https:\\\/\\\/lasentinelle.dz\\\/index.php\\\/2025\\\/03\\\/30\\\/sur-fond-de-controle-commercial-renforce-les-marches-de-gros-ouverts-durant-laid\\\/#breadcrumb\",\"itemListElement\":[{\"@type\":\"ListItem\",\"position\":1,\"name\":\"Accueil\",\"item\":\"https:\\\/\\\/lasentinelle.dz\\\/\"},{\"@type\":\"ListItem\",\"position\":2,\"name\":\"Sur fond de contr\u00f4le commercial renforc\u00e9 : Les march\u00e9s de gros ouverts durant l&rsquo;A\u00efd\"}]},{\"@type\":\"WebSite\",\"@id\":\"https:\\\/\\\/lasentinelle.dz\\\/#website\",\"url\":\"https:\\\/\\\/lasentinelle.dz\\\/\",\"name\":\"La Sentinelle\",\"description\":\"Quotidien national d&#039;information\",\"publisher\":{\"@id\":\"https:\\\/\\\/lasentinelle.dz\\\/#organization\"},\"potentialAction\":[{\"@type\":\"SearchAction\",\"target\":{\"@type\":\"EntryPoint\",\"urlTemplate\":\"https:\\\/\\\/lasentinelle.dz\\\/?s={search_term_string}\"},\"query-input\":{\"@type\":\"PropertyValueSpecification\",\"valueRequired\":true,\"valueName\":\"search_term_string\"}}],\"inLanguage\":\"fr-FR\"},{\"@type\":\"Organization\",\"@id\":\"https:\\\/\\\/lasentinelle.dz\\\/#organization\",\"name\":\"Quotidien La Sentinelle\",\"url\":\"https:\\\/\\\/lasentinelle.dz\\\/\",\"logo\":{\"@type\":\"ImageObject\",\"inLanguage\":\"fr-FR\",\"@id\":\"https:\\\/\\\/lasentinelle.dz\\\/#\\\/schema\\\/logo\\\/image\\\/\",\"url\":\"https:\\\/\\\/lasentinelle.dz\\\/wp-content\\\/uploads\\\/2021\\\/09\\\/logo-sentinelleSLOGAN-1.png\",\"contentUrl\":\"https:\\\/\\\/lasentinelle.dz\\\/wp-content\\\/uploads\\\/2021\\\/09\\\/logo-sentinelleSLOGAN-1.png\",\"width\":615,\"height\":142,\"caption\":\"Quotidien La Sentinelle\"},\"image\":{\"@id\":\"https:\\\/\\\/lasentinelle.dz\\\/#\\\/schema\\\/logo\\\/image\\\/\"},\"sameAs\":[\"https:\\\/\\\/www.facebook.com\\\/La-Sentinelle-104059864394773\"]},{\"@type\":\"Person\",\"@id\":\"https:\\\/\\\/lasentinelle.dz\\\/#\\\/schema\\\/person\\\/729ee0024f24e0b8c5ec17232f8e8b41\",\"name\":\"admin\",\"image\":{\"@type\":\"ImageObject\",\"inLanguage\":\"fr-FR\",\"@id\":\"https:\\\/\\\/secure.gravatar.com\\\/avatar\\\/4c81fed838786e9b53f540bf46533e750f5d292099ae3b66cfc6fb1982e29df7?s=96&d=mm&r=g\",\"url\":\"https:\\\/\\\/secure.gravatar.com\\\/avatar\\\/4c81fed838786e9b53f540bf46533e750f5d292099ae3b66cfc6fb1982e29df7?s=96&d=mm&r=g\",\"contentUrl\":\"https:\\\/\\\/secure.gravatar.com\\\/avatar\\\/4c81fed838786e9b53f540bf46533e750f5d292099ae3b66cfc6fb1982e29df7?s=96&d=mm&r=g\",\"caption\":\"admin\"},\"description\":\"admin\",\"url\":\"https:\\\/\\\/lasentinelle.dz\\\/author\\\/admin\\\/\"}]}<\/script>\n<!-- \/ Yoast SEO plugin. -->","yoast_head_json":{"title":"Sur fond de contr\u00f4le commercial renforc\u00e9 : Les march\u00e9s de gros ouverts durant l&rsquo;A\u00efd - La Sentinelle","robots":{"index":"index","follow":"follow","max-snippet":"max-snippet:-1","max-image-preview":"max-image-preview:large","max-video-preview":"max-video-preview:-1"},"canonical":"https:\/\/lasentinelle.dz\/index.php\/2025\/03\/30\/sur-fond-de-controle-commercial-renforce-les-marches-de-gros-ouverts-durant-laid\/","og_locale":"fr_FR","og_type":"article","og_title":"Sur fond de contr\u00f4le commercial renforc\u00e9 : Les march\u00e9s de gros ouverts durant l&rsquo;A\u00efd - La Sentinelle","og_description":"\u00c0 l&rsquo;approche de l&rsquo;A\u00efd El-Fitr, les autorit\u00e9s ont d\u00e9ploy\u00e9 un dispositif d&rsquo;envergure pour assurer la continuit\u00e9 du service commercial et","og_url":"https:\/\/lasentinelle.dz\/index.php\/2025\/03\/30\/sur-fond-de-controle-commercial-renforce-les-marches-de-gros-ouverts-durant-laid\/","og_site_name":"La Sentinelle","article_publisher":"https:\/\/www.facebook.com\/La-Sentinelle-104059864394773","article_published_time":"2025-03-30T11:09:39+00:00","og_image":[{"width":1280,"height":720,"url":"https:\/\/lasentinelle.dz\/wp-content\/uploads\/2024\/10\/marche.jpg","type":"image\/jpeg"}],"author":"admin","twitter_card":"summary_large_image","twitter_misc":{"\u00c9crit par":"admin","Dur\u00e9e de lecture estim\u00e9e":"4 minutes"},"schema":{"@context":"https:\/\/schema.org","@graph":[{"@type":"Article","@id":"https:\/\/lasentinelle.dz\/index.php\/2025\/03\/30\/sur-fond-de-controle-commercial-renforce-les-marches-de-gros-ouverts-durant-laid\/#article","isPartOf":{"@id":"https:\/\/lasentinelle.dz\/index.php\/2025\/03\/30\/sur-fond-de-controle-commercial-renforce-les-marches-de-gros-ouverts-durant-laid\/"},"author":{"name":"admin","@id":"https:\/\/lasentinelle.dz\/#\/schema\/person\/729ee0024f24e0b8c5ec17232f8e8b41"},"headline":"Sur fond de contr\u00f4le commercial renforc\u00e9 : Les march\u00e9s de gros ouverts durant l&rsquo;A\u00efd","datePublished":"2025-03-30T11:09:39+00:00","mainEntityOfPage":{"@id":"https:\/\/lasentinelle.dz\/index.php\/2025\/03\/30\/sur-fond-de-controle-commercial-renforce-les-marches-de-gros-ouverts-durant-laid\/"},"wordCount":835,"commentCount":0,"publisher":{"@id":"https:\/\/lasentinelle.dz\/#organization"},"image":{"@id":"https:\/\/lasentinelle.dz\/index.php\/2025\/03\/30\/sur-fond-de-controle-commercial-renforce-les-marches-de-gros-ouverts-durant-laid\/#primaryimage"},"thumbnailUrl":"https:\/\/lasentinelle.dz\/wp-content\/uploads\/2024\/10\/marche.jpg","articleSection":["Actualit\u00e9"],"inLanguage":"fr-FR","potentialAction":[{"@type":"CommentAction","name":"Comment","target":["https:\/\/lasentinelle.dz\/index.php\/2025\/03\/30\/sur-fond-de-controle-commercial-renforce-les-marches-de-gros-ouverts-durant-laid\/#respond"]}]},{"@type":"WebPage","@id":"https:\/\/lasentinelle.dz\/index.php\/2025\/03\/30\/sur-fond-de-controle-commercial-renforce-les-marches-de-gros-ouverts-durant-laid\/","url":"https:\/\/lasentinelle.dz\/index.php\/2025\/03\/30\/sur-fond-de-controle-commercial-renforce-les-marches-de-gros-ouverts-durant-laid\/","name":"Sur fond de contr\u00f4le commercial renforc\u00e9 : Les march\u00e9s de gros ouverts durant l&rsquo;A\u00efd - La Sentinelle","isPartOf":{"@id":"https:\/\/lasentinelle.dz\/#website"},"primaryImageOfPage":{"@id":"https:\/\/lasentinelle.dz\/index.php\/2025\/03\/30\/sur-fond-de-controle-commercial-renforce-les-marches-de-gros-ouverts-durant-laid\/#primaryimage"},"image":{"@id":"https:\/\/lasentinelle.dz\/index.php\/2025\/03\/30\/sur-fond-de-controle-commercial-renforce-les-marches-de-gros-ouverts-durant-laid\/#primaryimage"},"thumbnailUrl":"https:\/\/lasentinelle.dz\/wp-content\/uploads\/2024\/10\/marche.jpg","datePublished":"2025-03-30T11:09:39+00:00","breadcrumb":{"@id":"https:\/\/lasentinelle.dz\/index.php\/2025\/03\/30\/sur-fond-de-controle-commercial-renforce-les-marches-de-gros-ouverts-durant-laid\/#breadcrumb"},"inLanguage":"fr-FR","potentialAction":[{"@type":"ReadAction","target":["https:\/\/lasentinelle.dz\/index.php\/2025\/03\/30\/sur-fond-de-controle-commercial-renforce-les-marches-de-gros-ouverts-durant-laid\/"]}]},{"@type":"ImageObject","inLanguage":"fr-FR","@id":"https:\/\/lasentinelle.dz\/index.php\/2025\/03\/30\/sur-fond-de-controle-commercial-renforce-les-marches-de-gros-ouverts-durant-laid\/#primaryimage","url":"https:\/\/lasentinelle.dz\/wp-content\/uploads\/2024\/10\/marche.jpg","contentUrl":"https:\/\/lasentinelle.dz\/wp-content\/uploads\/2024\/10\/marche.jpg","width":1280,"height":720},{"@type":"BreadcrumbList","@id":"https:\/\/lasentinelle.dz\/index.php\/2025\/03\/30\/sur-fond-de-controle-commercial-renforce-les-marches-de-gros-ouverts-durant-laid\/#breadcrumb","itemListElement":[{"@type":"ListItem","position":1,"name":"Accueil","item":"https:\/\/lasentinelle.dz\/"},{"@type":"ListItem","position":2,"name":"Sur fond de contr\u00f4le commercial renforc\u00e9 : Les march\u00e9s de gros ouverts durant l&rsquo;A\u00efd"}]},{"@type":"WebSite","@id":"https:\/\/lasentinelle.dz\/#website","url":"https:\/\/lasentinelle.dz\/","name":"La Sentinelle","description":"Quotidien national d&#039;information","publisher":{"@id":"https:\/\/lasentinelle.dz\/#organization"},"potentialAction":[{"@type":"SearchAction","target":{"@type":"EntryPoint","urlTemplate":"https:\/\/lasentinelle.dz\/?s={search_term_string}"},"query-input":{"@type":"PropertyValueSpecification","valueRequired":true,"valueName":"search_term_string"}}],"inLanguage":"fr-FR"},{"@type":"Organization","@id":"https:\/\/lasentinelle.dz\/#organization","name":"Quotidien La Sentinelle","url":"https:\/\/lasentinelle.dz\/","logo":{"@type":"ImageObject","inLanguage":"fr-FR","@id":"https:\/\/lasentinelle.dz\/#\/schema\/logo\/image\/","url":"https:\/\/lasentinelle.dz\/wp-content\/uploads\/2021\/09\/logo-sentinelleSLOGAN-1.png","contentUrl":"https:\/\/lasentinelle.dz\/wp-content\/uploads\/2021\/09\/logo-sentinelleSLOGAN-1.png","width":615,"height":142,"caption":"Quotidien La Sentinelle"},"image":{"@id":"https:\/\/lasentinelle.dz\/#\/schema\/logo\/image\/"},"sameAs":["https:\/\/www.facebook.com\/La-Sentinelle-104059864394773"]},{"@type":"Person","@id":"https:\/\/lasentinelle.dz\/#\/schema\/person\/729ee0024f24e0b8c5ec17232f8e8b41","name":"admin","image":{"@type":"ImageObject","inLanguage":"fr-FR","@id":"https:\/\/secure.gravatar.com\/avatar\/4c81fed838786e9b53f540bf46533e750f5d292099ae3b66cfc6fb1982e29df7?s=96&d=mm&r=g","url":"https:\/\/secure.gravatar.com\/avatar\/4c81fed838786e9b53f540bf46533e750f5d292099ae3b66cfc6fb1982e29df7?s=96&d=mm&r=g","contentUrl":"https:\/\/secure.gravatar.com\/avatar\/4c81fed838786e9b53f540bf46533e750f5d292099ae3b66cfc6fb1982e29df7?s=96&d=mm&r=g","caption":"admin"},"description":"admin","url":"https:\/\/lasentinelle.dz\/author\/admin\/"}]}},"_links":{"self":[{"href":"https:\/\/lasentinelle.dz\/index.php\/wp-json\/wp\/v2\/posts\/65037","targetHints":{"allow":["GET"]}}],"collection":[{"href":"https:\/\/lasentinelle.dz\/index.php\/wp-json\/wp\/v2\/posts"}],"about":[{"href":"https:\/\/lasentinelle.dz\/index.php\/wp-json\/wp\/v2\/types\/post"}],"author":[{"embeddable":true,"href":"https:\/\/lasentinelle.dz\/index.php\/wp-json\/wp\/v2\/users\/6"}],"replies":[{"embeddable":true,"href":"https:\/\/lasentinelle.dz\/index.php\/wp-json\/wp\/v2\/comments?post=65037"}],"version-history":[{"count":2,"href":"https:\/\/lasentinelle.dz\/index.php\/wp-json\/wp\/v2\/posts\/65037\/revisions"}],"predecessor-version":[{"id":65039,"href":"https:\/\/lasentinelle.dz\/index.php\/wp-json\/wp\/v2\/posts\/65037\/revisions\/65039"}],"wp:featuredmedia":[{"embeddable":true,"href":"https:\/\/lasentinelle.dz\/index.php\/wp-json\/wp\/v2\/media\/58466"}],"wp:attachment":[{"href":"https:\/\/lasentinelle.dz\/index.php\/wp-json\/wp\/v2\/media?parent=65037"}],"wp:term":[{"taxonomy":"category","embeddable":true,"href":"https:\/\/lasentinelle.dz\/index.php\/wp-json\/wp\/v2\/categories?post=65037"},{"taxonomy":"post_tag","embeddable":true,"href":"https:\/\/lasentinelle.dz\/index.php\/wp-json\/wp\/v2\/tags?post=65037"}],"curies":[{"name":"wp","href":"https:\/\/api.w.org\/{rel}","templated":true}]}}