{"id":65053,"date":"2025-04-03T11:44:44","date_gmt":"2025-04-03T10:44:44","guid":{"rendered":"https:\/\/lasentinelle.dz\/?p=65053"},"modified":"2025-04-03T11:44:45","modified_gmt":"2025-04-03T10:44:45","slug":"patrimoine-la-fantasia-fait-vibrer-bordj-benazzouz","status":"publish","type":"post","link":"https:\/\/lasentinelle.dz\/index.php\/2025\/04\/03\/patrimoine-la-fantasia-fait-vibrer-bordj-benazzouz\/","title":{"rendered":"Patrimoine : La fantasia fait vibrer Bordj Benazzouz"},"content":{"rendered":"\n<p>Dans l&rsquo;\u00e9crin verdoyant de l&rsquo;oasis de Bordj Benazzouz, \u00e0 une quarantaine de kilom\u00e8tres de Biskra, la tradition \u00e9questre alg\u00e9rienne a retrouv\u00e9 ses lettres de noblesse. Mardi soir, la place publique de cette commune des Ziban a vibr\u00e9 au rythme des sabots et des d\u00e9tonations de baroud lors de la 4\u00e8me \u00e9dition du festival de fantasia et de baroud, un \u00e9v\u00e9nement qui co\u00efncidait cette ann\u00e9e avec les c\u00e9l\u00e9brations de l&rsquo;A\u00efd El Fitr. Sous un ciel \u00e9toil\u00e9, quarante cavaliers venus de plusieurs wilayas ont offert un v\u00e9ritable spectacle vivant, alliant adresse, ma\u00eetrise \u00e9questre et pr\u00e9servation d&rsquo;un patrimoine ancestral. Les spectateurs, mass\u00e9s en nombre autour de l&rsquo;aire de d\u00e9monstration, ont pu admirer ces hommes en costumes traditionnels, juch\u00e9s sur des montures superbement harnach\u00e9es, ex\u00e9cutant avec brio des figures acrobatiques individuelles ou collectives. Ce ballet \u00e9questre, m\u00ealant vitesse, pr\u00e9cision et coordination, a particuli\u00e8rement impressionn\u00e9 l&rsquo;assistance lorsque les cavaliers ont mani\u00e9 avec dext\u00e9rit\u00e9 \u00e9p\u00e9es et fusils \u00e0 baroud en plein galop. Mokhtar Amari, repr\u00e9sentant de l&rsquo;association \u00ab\u00a0Fantasia et revitalisation du patrimoine\u00a0\u00bb, organisatrice de l&rsquo;\u00e9v\u00e9nement, n&rsquo;a pas cach\u00e9 sa satisfaction devant la qualit\u00e9 du spectacle offert : \u00ab\u00a0l&rsquo;originalit\u00e9 et l&rsquo;authenticit\u00e9 du cavalier traditionnel alg\u00e9rien dont la prestation \u00e9tait digne du patrimoine de notre pays, riche et si diversifi\u00e9\u00a0\u00bb, a-t-il soulign\u00e9 avec fiert\u00e9.<\/p>\n\n\n\n<p>Au-del\u00e0 de la fantasia classique, le festival a \u00e9galement mis \u00e0 l&rsquo;honneur d&rsquo;autres expressions artistiques \u00e9questres comme la \u00ab\u00a0Rahaba\u00a0\u00bb et la \u00ab\u00a0Tbourida\u00a0\u00bb. Cette derni\u00e8re, particuli\u00e8rement spectaculaire, a vu les cavaliers, par\u00e9s de tenues puisant leur inspiration dans les profondeurs du patrimoine alg\u00e9rien, simuler des sc\u00e8nes de combat en tirant des salves de baroud depuis leurs montures lanc\u00e9es \u00e0 pleine vitesse. L&rsquo;harmonie entre les chevaux et leurs cavaliers a captiv\u00e9 le public, visiblement \u00e9merveill\u00e9 par la capacit\u00e9 des participants \u00e0 maintenir une trajectoire parfaite \u00e0 haute v\u00e9locit\u00e9 tout en d\u00e9chargeant leurs armes traditionnelles. Un exercice de haute voltige qui t\u00e9moigne d&rsquo;un savoir-faire transmis de g\u00e9n\u00e9ration en g\u00e9n\u00e9ration. La dimension nationale de l&rsquo;\u00e9v\u00e9nement s&rsquo;est confirm\u00e9e avec la participation de cavaliers venus des quatre coins de l&rsquo;Est alg\u00e9rien : Batna, Khenchela, S\u00e9tif, Ouled Djellal, El Megha\u00efer et Barika. Cette diversit\u00e9 g\u00e9ographique a permis aux spectateurs d&rsquo;appr\u00e9cier les nuances r\u00e9gionales d&rsquo;une pratique qui, tout en conservant ses fondamentaux, s&rsquo;enrichit des particularit\u00e9s de chaque terroir. Cette manifestation s&rsquo;inscrit dans une d\u00e9marche de pr\u00e9servation et de valorisation d&rsquo;un patrimoine immat\u00e9riel menac\u00e9 par la modernit\u00e9. En mobilisant les g\u00e9n\u00e9rations autour de ces pratiques ancestrales, les organisateurs contribuent \u00e0 maintenir vivace un pan essentiel de l&rsquo;identit\u00e9 culturelle nationale. Ce festival, devenu un rendez-vous incontournable du calendrier culturel de la r\u00e9gion, a transform\u00e9 pendant quelques heures cette paisible oasis en un th\u00e9\u00e2tre \u00e0 ciel ouvert o\u00f9 l&rsquo;histoire, la tradition et le spectacle se sont harmonieusement entrem\u00eal\u00e9s, offrant aux habitants et aux visiteurs un moment de communion autour de valeurs partag\u00e9es.<\/p>\n\n\n\n<p>M.S.<\/p>\n","protected":false},"excerpt":{"rendered":"<p>Dans l&rsquo;\u00e9crin verdoyant de l&rsquo;oasis de Bordj Benazzouz, \u00e0 une quarantaine de kilom\u00e8tres de Biskra, la tradition \u00e9questre alg\u00e9rienne a<\/p>\n","protected":false},"author":6,"featured_media":65054,"comment_status":"open","ping_status":"closed","sticky":false,"template":"","format":"standard","meta":{"colormag_page_container_layout":"default_layout","colormag_page_sidebar_layout":"default_layout","om_disable_all_campaigns":false,"_monsterinsights_skip_tracking":false,"_monsterinsights_sitenote_active":false,"_monsterinsights_sitenote_note":"","_monsterinsights_sitenote_category":0,"footnotes":"","_wpscppro_dont_share_socialmedia":false,"_wpscppro_custom_social_share_image":0,"_facebook_share_type":"default","_twitter_share_type":"default","_linkedin_share_type":"default","_pinterest_share_type":"default","_linkedin_share_type_page":"","_instagram_share_type":"default","_medium_share_type":"default","_threads_share_type":"","_google_business_share_type":"","_selected_social_profile":[],"_wpsp_enable_custom_social_template":false,"_wpsp_social_scheduling":{"enabled":false,"datetime":null,"platforms":[],"status":"template_only","dateOption":"today","timeOption":"now","customDays":"","customHours":"","customDate":"","customTime":"","schedulingType":"absolute"},"_wpsp_active_default_template":true},"categories":[36],"tags":[],"class_list":["post-65053","post","type-post","status-publish","format-standard","has-post-thumbnail","hentry","category-culture"],"aioseo_notices":[],"yoast_head":"<!-- This site is optimized with the Yoast SEO plugin v27.5 - https:\/\/yoast.com\/product\/yoast-seo-wordpress\/ -->\n<title>Patrimoine : La fantasia fait vibrer Bordj Benazzouz - La Sentinelle<\/title>\n<meta name=\"robots\" content=\"index, follow, max-snippet:-1, max-image-preview:large, max-video-preview:-1\" \/>\n<link rel=\"canonical\" href=\"https:\/\/lasentinelle.dz\/index.php\/2025\/04\/03\/patrimoine-la-fantasia-fait-vibrer-bordj-benazzouz\/\" \/>\n<meta property=\"og:locale\" content=\"fr_FR\" \/>\n<meta property=\"og:type\" content=\"article\" \/>\n<meta property=\"og:title\" content=\"Patrimoine : La fantasia fait vibrer Bordj Benazzouz - La Sentinelle\" \/>\n<meta property=\"og:description\" content=\"Dans l&rsquo;\u00e9crin verdoyant de l&rsquo;oasis de Bordj Benazzouz, \u00e0 une quarantaine de kilom\u00e8tres de Biskra, la tradition \u00e9questre alg\u00e9rienne a\" \/>\n<meta property=\"og:url\" content=\"https:\/\/lasentinelle.dz\/index.php\/2025\/04\/03\/patrimoine-la-fantasia-fait-vibrer-bordj-benazzouz\/\" \/>\n<meta property=\"og:site_name\" content=\"La Sentinelle\" \/>\n<meta property=\"article:publisher\" content=\"https:\/\/www.facebook.com\/La-Sentinelle-104059864394773\" \/>\n<meta property=\"article:published_time\" content=\"2025-04-03T10:44:44+00:00\" \/>\n<meta property=\"article:modified_time\" content=\"2025-04-03T10:44:45+00:00\" \/>\n<meta property=\"og:image\" content=\"https:\/\/lasentinelle.dz\/wp-content\/uploads\/2025\/04\/fantasia.png\" \/>\n\t<meta property=\"og:image:width\" content=\"780\" \/>\n\t<meta property=\"og:image:height\" content=\"470\" \/>\n\t<meta property=\"og:image:type\" content=\"image\/png\" \/>\n<meta name=\"author\" content=\"admin\" \/>\n<meta name=\"twitter:card\" content=\"summary_large_image\" \/>\n<meta name=\"twitter:label1\" content=\"\u00c9crit par\" \/>\n\t<meta name=\"twitter:data1\" content=\"admin\" \/>\n\t<meta name=\"twitter:label2\" content=\"Dur\u00e9e de lecture estim\u00e9e\" \/>\n\t<meta name=\"twitter:data2\" content=\"3 minutes\" \/>\n<script type=\"application\/ld+json\" class=\"yoast-schema-graph\">{\"@context\":\"https:\\\/\\\/schema.org\",\"@graph\":[{\"@type\":\"Article\",\"@id\":\"https:\\\/\\\/lasentinelle.dz\\\/index.php\\\/2025\\\/04\\\/03\\\/patrimoine-la-fantasia-fait-vibrer-bordj-benazzouz\\\/#article\",\"isPartOf\":{\"@id\":\"https:\\\/\\\/lasentinelle.dz\\\/index.php\\\/2025\\\/04\\\/03\\\/patrimoine-la-fantasia-fait-vibrer-bordj-benazzouz\\\/\"},\"author\":{\"name\":\"admin\",\"@id\":\"https:\\\/\\\/lasentinelle.dz\\\/#\\\/schema\\\/person\\\/729ee0024f24e0b8c5ec17232f8e8b41\"},\"headline\":\"Patrimoine : La fantasia fait vibrer Bordj Benazzouz\",\"datePublished\":\"2025-04-03T10:44:44+00:00\",\"dateModified\":\"2025-04-03T10:44:45+00:00\",\"mainEntityOfPage\":{\"@id\":\"https:\\\/\\\/lasentinelle.dz\\\/index.php\\\/2025\\\/04\\\/03\\\/patrimoine-la-fantasia-fait-vibrer-bordj-benazzouz\\\/\"},\"wordCount\":538,\"commentCount\":0,\"publisher\":{\"@id\":\"https:\\\/\\\/lasentinelle.dz\\\/#organization\"},\"image\":{\"@id\":\"https:\\\/\\\/lasentinelle.dz\\\/index.php\\\/2025\\\/04\\\/03\\\/patrimoine-la-fantasia-fait-vibrer-bordj-benazzouz\\\/#primaryimage\"},\"thumbnailUrl\":\"https:\\\/\\\/lasentinelle.dz\\\/wp-content\\\/uploads\\\/2025\\\/04\\\/fantasia.png\",\"articleSection\":[\"Culture\"],\"inLanguage\":\"fr-FR\",\"potentialAction\":[{\"@type\":\"CommentAction\",\"name\":\"Comment\",\"target\":[\"https:\\\/\\\/lasentinelle.dz\\\/index.php\\\/2025\\\/04\\\/03\\\/patrimoine-la-fantasia-fait-vibrer-bordj-benazzouz\\\/#respond\"]}]},{\"@type\":\"WebPage\",\"@id\":\"https:\\\/\\\/lasentinelle.dz\\\/index.php\\\/2025\\\/04\\\/03\\\/patrimoine-la-fantasia-fait-vibrer-bordj-benazzouz\\\/\",\"url\":\"https:\\\/\\\/lasentinelle.dz\\\/index.php\\\/2025\\\/04\\\/03\\\/patrimoine-la-fantasia-fait-vibrer-bordj-benazzouz\\\/\",\"name\":\"Patrimoine : La fantasia fait vibrer Bordj Benazzouz - La Sentinelle\",\"isPartOf\":{\"@id\":\"https:\\\/\\\/lasentinelle.dz\\\/#website\"},\"primaryImageOfPage\":{\"@id\":\"https:\\\/\\\/lasentinelle.dz\\\/index.php\\\/2025\\\/04\\\/03\\\/patrimoine-la-fantasia-fait-vibrer-bordj-benazzouz\\\/#primaryimage\"},\"image\":{\"@id\":\"https:\\\/\\\/lasentinelle.dz\\\/index.php\\\/2025\\\/04\\\/03\\\/patrimoine-la-fantasia-fait-vibrer-bordj-benazzouz\\\/#primaryimage\"},\"thumbnailUrl\":\"https:\\\/\\\/lasentinelle.dz\\\/wp-content\\\/uploads\\\/2025\\\/04\\\/fantasia.png\",\"datePublished\":\"2025-04-03T10:44:44+00:00\",\"dateModified\":\"2025-04-03T10:44:45+00:00\",\"breadcrumb\":{\"@id\":\"https:\\\/\\\/lasentinelle.dz\\\/index.php\\\/2025\\\/04\\\/03\\\/patrimoine-la-fantasia-fait-vibrer-bordj-benazzouz\\\/#breadcrumb\"},\"inLanguage\":\"fr-FR\",\"potentialAction\":[{\"@type\":\"ReadAction\",\"target\":[\"https:\\\/\\\/lasentinelle.dz\\\/index.php\\\/2025\\\/04\\\/03\\\/patrimoine-la-fantasia-fait-vibrer-bordj-benazzouz\\\/\"]}]},{\"@type\":\"ImageObject\",\"inLanguage\":\"fr-FR\",\"@id\":\"https:\\\/\\\/lasentinelle.dz\\\/index.php\\\/2025\\\/04\\\/03\\\/patrimoine-la-fantasia-fait-vibrer-bordj-benazzouz\\\/#primaryimage\",\"url\":\"https:\\\/\\\/lasentinelle.dz\\\/wp-content\\\/uploads\\\/2025\\\/04\\\/fantasia.png\",\"contentUrl\":\"https:\\\/\\\/lasentinelle.dz\\\/wp-content\\\/uploads\\\/2025\\\/04\\\/fantasia.png\",\"width\":780,\"height\":470},{\"@type\":\"BreadcrumbList\",\"@id\":\"https:\\\/\\\/lasentinelle.dz\\\/index.php\\\/2025\\\/04\\\/03\\\/patrimoine-la-fantasia-fait-vibrer-bordj-benazzouz\\\/#breadcrumb\",\"itemListElement\":[{\"@type\":\"ListItem\",\"position\":1,\"name\":\"Accueil\",\"item\":\"https:\\\/\\\/lasentinelle.dz\\\/\"},{\"@type\":\"ListItem\",\"position\":2,\"name\":\"Patrimoine : La fantasia fait vibrer Bordj Benazzouz\"}]},{\"@type\":\"WebSite\",\"@id\":\"https:\\\/\\\/lasentinelle.dz\\\/#website\",\"url\":\"https:\\\/\\\/lasentinelle.dz\\\/\",\"name\":\"La Sentinelle\",\"description\":\"Quotidien national d&#039;information\",\"publisher\":{\"@id\":\"https:\\\/\\\/lasentinelle.dz\\\/#organization\"},\"potentialAction\":[{\"@type\":\"SearchAction\",\"target\":{\"@type\":\"EntryPoint\",\"urlTemplate\":\"https:\\\/\\\/lasentinelle.dz\\\/?s={search_term_string}\"},\"query-input\":{\"@type\":\"PropertyValueSpecification\",\"valueRequired\":true,\"valueName\":\"search_term_string\"}}],\"inLanguage\":\"fr-FR\"},{\"@type\":\"Organization\",\"@id\":\"https:\\\/\\\/lasentinelle.dz\\\/#organization\",\"name\":\"Quotidien La Sentinelle\",\"url\":\"https:\\\/\\\/lasentinelle.dz\\\/\",\"logo\":{\"@type\":\"ImageObject\",\"inLanguage\":\"fr-FR\",\"@id\":\"https:\\\/\\\/lasentinelle.dz\\\/#\\\/schema\\\/logo\\\/image\\\/\",\"url\":\"https:\\\/\\\/lasentinelle.dz\\\/wp-content\\\/uploads\\\/2021\\\/09\\\/logo-sentinelleSLOGAN-1.png\",\"contentUrl\":\"https:\\\/\\\/lasentinelle.dz\\\/wp-content\\\/uploads\\\/2021\\\/09\\\/logo-sentinelleSLOGAN-1.png\",\"width\":615,\"height\":142,\"caption\":\"Quotidien La Sentinelle\"},\"image\":{\"@id\":\"https:\\\/\\\/lasentinelle.dz\\\/#\\\/schema\\\/logo\\\/image\\\/\"},\"sameAs\":[\"https:\\\/\\\/www.facebook.com\\\/La-Sentinelle-104059864394773\"]},{\"@type\":\"Person\",\"@id\":\"https:\\\/\\\/lasentinelle.dz\\\/#\\\/schema\\\/person\\\/729ee0024f24e0b8c5ec17232f8e8b41\",\"name\":\"admin\",\"image\":{\"@type\":\"ImageObject\",\"inLanguage\":\"fr-FR\",\"@id\":\"https:\\\/\\\/secure.gravatar.com\\\/avatar\\\/4c81fed838786e9b53f540bf46533e750f5d292099ae3b66cfc6fb1982e29df7?s=96&d=mm&r=g\",\"url\":\"https:\\\/\\\/secure.gravatar.com\\\/avatar\\\/4c81fed838786e9b53f540bf46533e750f5d292099ae3b66cfc6fb1982e29df7?s=96&d=mm&r=g\",\"contentUrl\":\"https:\\\/\\\/secure.gravatar.com\\\/avatar\\\/4c81fed838786e9b53f540bf46533e750f5d292099ae3b66cfc6fb1982e29df7?s=96&d=mm&r=g\",\"caption\":\"admin\"},\"description\":\"admin\",\"url\":\"https:\\\/\\\/lasentinelle.dz\\\/author\\\/admin\\\/\"}]}<\/script>\n<!-- \/ Yoast SEO plugin. -->","yoast_head_json":{"title":"Patrimoine : La fantasia fait vibrer Bordj Benazzouz - La Sentinelle","robots":{"index":"index","follow":"follow","max-snippet":"max-snippet:-1","max-image-preview":"max-image-preview:large","max-video-preview":"max-video-preview:-1"},"canonical":"https:\/\/lasentinelle.dz\/index.php\/2025\/04\/03\/patrimoine-la-fantasia-fait-vibrer-bordj-benazzouz\/","og_locale":"fr_FR","og_type":"article","og_title":"Patrimoine : La fantasia fait vibrer Bordj Benazzouz - La Sentinelle","og_description":"Dans l&rsquo;\u00e9crin verdoyant de l&rsquo;oasis de Bordj Benazzouz, \u00e0 une quarantaine de kilom\u00e8tres de Biskra, la tradition \u00e9questre alg\u00e9rienne a","og_url":"https:\/\/lasentinelle.dz\/index.php\/2025\/04\/03\/patrimoine-la-fantasia-fait-vibrer-bordj-benazzouz\/","og_site_name":"La Sentinelle","article_publisher":"https:\/\/www.facebook.com\/La-Sentinelle-104059864394773","article_published_time":"2025-04-03T10:44:44+00:00","article_modified_time":"2025-04-03T10:44:45+00:00","og_image":[{"width":780,"height":470,"url":"https:\/\/lasentinelle.dz\/wp-content\/uploads\/2025\/04\/fantasia.png","type":"image\/png"}],"author":"admin","twitter_card":"summary_large_image","twitter_misc":{"\u00c9crit par":"admin","Dur\u00e9e de lecture estim\u00e9e":"3 minutes"},"schema":{"@context":"https:\/\/schema.org","@graph":[{"@type":"Article","@id":"https:\/\/lasentinelle.dz\/index.php\/2025\/04\/03\/patrimoine-la-fantasia-fait-vibrer-bordj-benazzouz\/#article","isPartOf":{"@id":"https:\/\/lasentinelle.dz\/index.php\/2025\/04\/03\/patrimoine-la-fantasia-fait-vibrer-bordj-benazzouz\/"},"author":{"name":"admin","@id":"https:\/\/lasentinelle.dz\/#\/schema\/person\/729ee0024f24e0b8c5ec17232f8e8b41"},"headline":"Patrimoine : La fantasia fait vibrer Bordj Benazzouz","datePublished":"2025-04-03T10:44:44+00:00","dateModified":"2025-04-03T10:44:45+00:00","mainEntityOfPage":{"@id":"https:\/\/lasentinelle.dz\/index.php\/2025\/04\/03\/patrimoine-la-fantasia-fait-vibrer-bordj-benazzouz\/"},"wordCount":538,"commentCount":0,"publisher":{"@id":"https:\/\/lasentinelle.dz\/#organization"},"image":{"@id":"https:\/\/lasentinelle.dz\/index.php\/2025\/04\/03\/patrimoine-la-fantasia-fait-vibrer-bordj-benazzouz\/#primaryimage"},"thumbnailUrl":"https:\/\/lasentinelle.dz\/wp-content\/uploads\/2025\/04\/fantasia.png","articleSection":["Culture"],"inLanguage":"fr-FR","potentialAction":[{"@type":"CommentAction","name":"Comment","target":["https:\/\/lasentinelle.dz\/index.php\/2025\/04\/03\/patrimoine-la-fantasia-fait-vibrer-bordj-benazzouz\/#respond"]}]},{"@type":"WebPage","@id":"https:\/\/lasentinelle.dz\/index.php\/2025\/04\/03\/patrimoine-la-fantasia-fait-vibrer-bordj-benazzouz\/","url":"https:\/\/lasentinelle.dz\/index.php\/2025\/04\/03\/patrimoine-la-fantasia-fait-vibrer-bordj-benazzouz\/","name":"Patrimoine : La fantasia fait vibrer Bordj Benazzouz - La Sentinelle","isPartOf":{"@id":"https:\/\/lasentinelle.dz\/#website"},"primaryImageOfPage":{"@id":"https:\/\/lasentinelle.dz\/index.php\/2025\/04\/03\/patrimoine-la-fantasia-fait-vibrer-bordj-benazzouz\/#primaryimage"},"image":{"@id":"https:\/\/lasentinelle.dz\/index.php\/2025\/04\/03\/patrimoine-la-fantasia-fait-vibrer-bordj-benazzouz\/#primaryimage"},"thumbnailUrl":"https:\/\/lasentinelle.dz\/wp-content\/uploads\/2025\/04\/fantasia.png","datePublished":"2025-04-03T10:44:44+00:00","dateModified":"2025-04-03T10:44:45+00:00","breadcrumb":{"@id":"https:\/\/lasentinelle.dz\/index.php\/2025\/04\/03\/patrimoine-la-fantasia-fait-vibrer-bordj-benazzouz\/#breadcrumb"},"inLanguage":"fr-FR","potentialAction":[{"@type":"ReadAction","target":["https:\/\/lasentinelle.dz\/index.php\/2025\/04\/03\/patrimoine-la-fantasia-fait-vibrer-bordj-benazzouz\/"]}]},{"@type":"ImageObject","inLanguage":"fr-FR","@id":"https:\/\/lasentinelle.dz\/index.php\/2025\/04\/03\/patrimoine-la-fantasia-fait-vibrer-bordj-benazzouz\/#primaryimage","url":"https:\/\/lasentinelle.dz\/wp-content\/uploads\/2025\/04\/fantasia.png","contentUrl":"https:\/\/lasentinelle.dz\/wp-content\/uploads\/2025\/04\/fantasia.png","width":780,"height":470},{"@type":"BreadcrumbList","@id":"https:\/\/lasentinelle.dz\/index.php\/2025\/04\/03\/patrimoine-la-fantasia-fait-vibrer-bordj-benazzouz\/#breadcrumb","itemListElement":[{"@type":"ListItem","position":1,"name":"Accueil","item":"https:\/\/lasentinelle.dz\/"},{"@type":"ListItem","position":2,"name":"Patrimoine : La fantasia fait vibrer Bordj Benazzouz"}]},{"@type":"WebSite","@id":"https:\/\/lasentinelle.dz\/#website","url":"https:\/\/lasentinelle.dz\/","name":"La Sentinelle","description":"Quotidien national d&#039;information","publisher":{"@id":"https:\/\/lasentinelle.dz\/#organization"},"potentialAction":[{"@type":"SearchAction","target":{"@type":"EntryPoint","urlTemplate":"https:\/\/lasentinelle.dz\/?s={search_term_string}"},"query-input":{"@type":"PropertyValueSpecification","valueRequired":true,"valueName":"search_term_string"}}],"inLanguage":"fr-FR"},{"@type":"Organization","@id":"https:\/\/lasentinelle.dz\/#organization","name":"Quotidien La Sentinelle","url":"https:\/\/lasentinelle.dz\/","logo":{"@type":"ImageObject","inLanguage":"fr-FR","@id":"https:\/\/lasentinelle.dz\/#\/schema\/logo\/image\/","url":"https:\/\/lasentinelle.dz\/wp-content\/uploads\/2021\/09\/logo-sentinelleSLOGAN-1.png","contentUrl":"https:\/\/lasentinelle.dz\/wp-content\/uploads\/2021\/09\/logo-sentinelleSLOGAN-1.png","width":615,"height":142,"caption":"Quotidien La Sentinelle"},"image":{"@id":"https:\/\/lasentinelle.dz\/#\/schema\/logo\/image\/"},"sameAs":["https:\/\/www.facebook.com\/La-Sentinelle-104059864394773"]},{"@type":"Person","@id":"https:\/\/lasentinelle.dz\/#\/schema\/person\/729ee0024f24e0b8c5ec17232f8e8b41","name":"admin","image":{"@type":"ImageObject","inLanguage":"fr-FR","@id":"https:\/\/secure.gravatar.com\/avatar\/4c81fed838786e9b53f540bf46533e750f5d292099ae3b66cfc6fb1982e29df7?s=96&d=mm&r=g","url":"https:\/\/secure.gravatar.com\/avatar\/4c81fed838786e9b53f540bf46533e750f5d292099ae3b66cfc6fb1982e29df7?s=96&d=mm&r=g","contentUrl":"https:\/\/secure.gravatar.com\/avatar\/4c81fed838786e9b53f540bf46533e750f5d292099ae3b66cfc6fb1982e29df7?s=96&d=mm&r=g","caption":"admin"},"description":"admin","url":"https:\/\/lasentinelle.dz\/author\/admin\/"}]}},"_links":{"self":[{"href":"https:\/\/lasentinelle.dz\/index.php\/wp-json\/wp\/v2\/posts\/65053","targetHints":{"allow":["GET"]}}],"collection":[{"href":"https:\/\/lasentinelle.dz\/index.php\/wp-json\/wp\/v2\/posts"}],"about":[{"href":"https:\/\/lasentinelle.dz\/index.php\/wp-json\/wp\/v2\/types\/post"}],"author":[{"embeddable":true,"href":"https:\/\/lasentinelle.dz\/index.php\/wp-json\/wp\/v2\/users\/6"}],"replies":[{"embeddable":true,"href":"https:\/\/lasentinelle.dz\/index.php\/wp-json\/wp\/v2\/comments?post=65053"}],"version-history":[{"count":1,"href":"https:\/\/lasentinelle.dz\/index.php\/wp-json\/wp\/v2\/posts\/65053\/revisions"}],"predecessor-version":[{"id":65055,"href":"https:\/\/lasentinelle.dz\/index.php\/wp-json\/wp\/v2\/posts\/65053\/revisions\/65055"}],"wp:featuredmedia":[{"embeddable":true,"href":"https:\/\/lasentinelle.dz\/index.php\/wp-json\/wp\/v2\/media\/65054"}],"wp:attachment":[{"href":"https:\/\/lasentinelle.dz\/index.php\/wp-json\/wp\/v2\/media?parent=65053"}],"wp:term":[{"taxonomy":"category","embeddable":true,"href":"https:\/\/lasentinelle.dz\/index.php\/wp-json\/wp\/v2\/categories?post=65053"},{"taxonomy":"post_tag","embeddable":true,"href":"https:\/\/lasentinelle.dz\/index.php\/wp-json\/wp\/v2\/tags?post=65053"}],"curies":[{"name":"wp","href":"https:\/\/api.w.org\/{rel}","templated":true}]}}