{"id":65056,"date":"2025-04-03T11:45:34","date_gmt":"2025-04-03T10:45:34","guid":{"rendered":"https:\/\/lasentinelle.dz\/?p=65056"},"modified":"2025-04-03T11:45:34","modified_gmt":"2025-04-03T10:45:34","slug":"le-couscous-racines-et-couleurs-dalgerie-de-yasmina-sellam-publie-aux-editions-anep-une-histoire-de-patrimoine-et-didentite","status":"publish","type":"post","link":"https:\/\/lasentinelle.dz\/index.php\/2025\/04\/03\/le-couscous-racines-et-couleurs-dalgerie-de-yasmina-sellam-publie-aux-editions-anep-une-histoire-de-patrimoine-et-didentite\/","title":{"rendered":"\u00ab\u00a0Le couscous, racines et couleurs d&rsquo;Alg\u00e9rie\u00a0\u00bb de Yasmina Sellam publi\u00e9 aux \u00c9ditions ANEP: Une histoire de patrimoine et d&rsquo;identit\u00e9"},"content":{"rendered":"\n<p>\u00c0 l&rsquo;heure o\u00f9 la mondialisation tend \u00e0 uniformiser les cultures, l&rsquo;\u00e9dition alg\u00e9rienne r\u00e9affirme son r\u00f4le essentiel dans la pr\u00e9servation des richesses patrimoniales du pays. L&rsquo;Entreprise nationale de communication, d&rsquo;\u00e9dition et de publicit\u00e9 (ANEP) vient d&rsquo;enrichir son catalogue avec un ouvrage qui c\u00e9l\u00e8bre l&rsquo;un des piliers de l&rsquo;identit\u00e9 culinaire alg\u00e9rienne : le couscous.<\/p>\n\n\n\n<p>\u00ab\u00a0Le couscous, racines et couleurs d&rsquo;Alg\u00e9rie\u00a0\u00bb de Yasmina Sellam se pr\u00e9sente comme une v\u00e9ritable exploration historique et culturelle autour de ce plat embl\u00e9matique inscrit en 2020 par l&rsquo;UNESCO au patrimoine culturel immat\u00e9riel de l&rsquo;humanit\u00e9. \u00c0 travers 120 pages richement document\u00e9es, l&rsquo;auteure remonte aux origines de cette pr\u00e9paration mill\u00e9naire qui a conquis les tables du monde entier. Ce beau-livre, fruit d&rsquo;une recherche approfondie, aborde dans sa premi\u00e8re partie la dimension historique du couscous. Selon les r\u00e9f\u00e9rences cit\u00e9es par l&rsquo;auteure, notamment les \u00e9crits de l&rsquo;historien fran\u00e7ais Denis Saillard, il existe une \u00ab\u00a0forte probabilit\u00e9 de l&rsquo;origine alg\u00e9rienne du couscous\u00a0\u00bb. Cette affirmation s&rsquo;appuie sur des r\u00e9f\u00e9rences arch\u00e9ologiques et historiques mentionnant la Numidie, territoire de l&rsquo;actuelle Alg\u00e9rie, connue pour ses exportations de c\u00e9r\u00e9ales essentielles \u00e0 la fabrication du couscous, notamment vers Rome. L&rsquo;ouvrage fait \u00e9galement r\u00e9f\u00e9rence aux travaux de l&rsquo;ethnologue fran\u00e7ais Marceau Gast qui, apr\u00e8s des \u00e9tudes men\u00e9es dans les ann\u00e9es 1960 sur les pratiques culinaires des Touareg de l&rsquo;Ahaggar, rapporte que \u00ab\u00a0les Z\u00e9n\u00e8tes du sud-ouest de l&rsquo;Alg\u00e9rie, seraient les cr\u00e9ateurs du couscous\u00a0\u00bb. La dimension identitaire du plat est particuli\u00e8rement mise en valeur. Comme le souligne Yasmina Sellam, le couscous repr\u00e9sente une \u00ab\u00a0facette de l&rsquo;identit\u00e9 alg\u00e9rienne\u00a0\u00bb depuis des temps recul\u00e9s, pr\u00e9sent lors de toutes les c\u00e9r\u00e9monies, qu&rsquo;elles soient joyeuses ou empreintes de tristesse. L&rsquo;auteure conclut avec force : \u00ab\u00a0Les Alg\u00e9riens sont en droit d&rsquo;affirmer que les racines du couscous sont en Alg\u00e9rie, que sa terre a \u00e9t\u00e9 le terrain et la base \u00e0 partir de laquelle il a irradi\u00e9 et conquis le monde entier\u00a0\u00bb.<\/p>\n\n\n\n<p>Diversit\u00e9<\/p>\n\n\n\n<p>La seconde partie de l&rsquo;ouvrage constitue un pr\u00e9cieux r\u00e9pertoire des nombreuses variantes r\u00e9gionales du couscous alg\u00e9rien, chacune illustr\u00e9e de photographies qui t\u00e9moignent de la diversit\u00e9 des pr\u00e9parations \u00e0 travers le territoire national. L&rsquo;initiative de l&rsquo;ANEP de publier cet ouvrage s&rsquo;inscrit dans une d\u00e9marche plus large de valorisation du patrimoine culturel alg\u00e9rien. Face aux d\u00e9fis de la modernit\u00e9 et \u00e0 l&rsquo;\u00e9volution des habitudes alimentaires, l&rsquo;\u00e9dition de livres documentant les traditions culinaires joue un r\u00f4le fondamental dans la transmission des savoirs et savoir-faire ancestraux. Ce travail de pr\u00e9servation de la m\u00e9moire culinaire collective prend une dimension internationale puisque \u00ab\u00a0Le couscous, racines et couleurs d&rsquo;Alg\u00e9rie\u00a0\u00bb est en lice pour le prestigieux concours \u00ab\u00a0Gourmand World Cookbook Awards\u00a0\u00bb 2025 en Su\u00e8de. Une reconnaissance qui fait suite au succ\u00e8s du premier ouvrage de Yasmina Sellam, \u00ab\u00a0M\u00e9moire culinaire de l&rsquo;Alg\u00e9rie : histoire de recettes\u00a0\u00bb, d\u00e9j\u00e0 prim\u00e9 lors de l&rsquo;\u00e9dition 2023 de ce m\u00eame concours. Ing\u00e9nieure agronome de formation, Yasmina Sellam incarne cette nouvelle g\u00e9n\u00e9ration d&rsquo;auteurs qui mettent leurs comp\u00e9tences au service de la documentation et de la valorisation des traditions culinaires. Son travail minutieux, soutenu par la politique \u00e9ditoriale de l&rsquo;ANEP, contribue significativement \u00e0 la constitution d&rsquo;un corpus documentaire essentiel sur le patrimoine alimentaire alg\u00e9rien.<\/p>\n\n\n\n<p>L&rsquo;histoire du couscous, telle que racont\u00e9e dans cet ouvrage, r\u00e9v\u00e8le \u00e9galement les premi\u00e8res tentatives d&rsquo;industrialisation avec la cr\u00e9ation en 1853 \u00e0 Blida de la \u00ab\u00a0Maison Ricci\u00a0\u00bb par un colon d&rsquo;origine italienne. Cette usine, o\u00f9 des femmes alg\u00e9riennes roulaient le couscous \u00e0 la main avant qu&rsquo;il ne soit s\u00e9ch\u00e9 par ventilation artificielle, marque les d\u00e9buts de l&rsquo;exportation de ce produit vers la France et au-del\u00e0. \u00c0 l&rsquo;heure o\u00f9 l&rsquo;Alg\u00e9rie affirme sa place sur la sc\u00e8ne culturelle internationale, ces publications participent \u00e0 la construction d&rsquo;un soft power culinaire qui valorise les contributions alg\u00e9riennes au patrimoine gastronomique mondial.<\/p>\n\n\n\n<p>Mohand Seghir<\/p>\n","protected":false},"excerpt":{"rendered":"<p>\u00c0 l&rsquo;heure o\u00f9 la mondialisation tend \u00e0 uniformiser les cultures, l&rsquo;\u00e9dition alg\u00e9rienne r\u00e9affirme son r\u00f4le essentiel dans la pr\u00e9servation des<\/p>\n","protected":false},"author":6,"featured_media":65057,"comment_status":"open","ping_status":"closed","sticky":false,"template":"","format":"standard","meta":{"colormag_page_container_layout":"default_layout","colormag_page_sidebar_layout":"default_layout","om_disable_all_campaigns":false,"_monsterinsights_skip_tracking":false,"_monsterinsights_sitenote_active":false,"_monsterinsights_sitenote_note":"","_monsterinsights_sitenote_category":0,"footnotes":"","_wpscppro_dont_share_socialmedia":false,"_wpscppro_custom_social_share_image":0,"_facebook_share_type":"default","_twitter_share_type":"default","_linkedin_share_type":"default","_pinterest_share_type":"default","_linkedin_share_type_page":"","_instagram_share_type":"default","_medium_share_type":"default","_threads_share_type":"","_google_business_share_type":"","_selected_social_profile":[],"_wpsp_enable_custom_social_template":false,"_wpsp_social_scheduling":{"enabled":false,"datetime":null,"platforms":[],"status":"template_only","dateOption":"today","timeOption":"now","customDays":"","customHours":"","customDate":"","customTime":"","schedulingType":"absolute"},"_wpsp_active_default_template":true},"categories":[36],"tags":[],"class_list":["post-65056","post","type-post","status-publish","format-standard","has-post-thumbnail","hentry","category-culture"],"aioseo_notices":[],"yoast_head":"<!-- This site is optimized with the Yoast SEO plugin v27.5 - https:\/\/yoast.com\/product\/yoast-seo-wordpress\/ -->\n<title>\u00ab\u00a0Le couscous, racines et couleurs d&rsquo;Alg\u00e9rie\u00a0\u00bb de Yasmina Sellam publi\u00e9 aux \u00c9ditions ANEP: Une histoire de patrimoine et d&rsquo;identit\u00e9 - La Sentinelle<\/title>\n<meta name=\"robots\" content=\"index, follow, max-snippet:-1, max-image-preview:large, max-video-preview:-1\" \/>\n<link rel=\"canonical\" href=\"https:\/\/lasentinelle.dz\/index.php\/2025\/04\/03\/le-couscous-racines-et-couleurs-dalgerie-de-yasmina-sellam-publie-aux-editions-anep-une-histoire-de-patrimoine-et-didentite\/\" \/>\n<meta property=\"og:locale\" content=\"fr_FR\" \/>\n<meta property=\"og:type\" content=\"article\" \/>\n<meta property=\"og:title\" content=\"\u00ab\u00a0Le couscous, racines et couleurs d&rsquo;Alg\u00e9rie\u00a0\u00bb de Yasmina Sellam publi\u00e9 aux \u00c9ditions ANEP: Une histoire de patrimoine et d&rsquo;identit\u00e9 - La Sentinelle\" \/>\n<meta property=\"og:description\" content=\"\u00c0 l&rsquo;heure o\u00f9 la mondialisation tend \u00e0 uniformiser les cultures, l&rsquo;\u00e9dition alg\u00e9rienne r\u00e9affirme son r\u00f4le essentiel dans la pr\u00e9servation des\" \/>\n<meta property=\"og:url\" content=\"https:\/\/lasentinelle.dz\/index.php\/2025\/04\/03\/le-couscous-racines-et-couleurs-dalgerie-de-yasmina-sellam-publie-aux-editions-anep-une-histoire-de-patrimoine-et-didentite\/\" \/>\n<meta property=\"og:site_name\" content=\"La Sentinelle\" \/>\n<meta property=\"article:publisher\" content=\"https:\/\/www.facebook.com\/La-Sentinelle-104059864394773\" \/>\n<meta property=\"article:published_time\" content=\"2025-04-03T10:45:34+00:00\" \/>\n<meta property=\"og:image\" content=\"https:\/\/lasentinelle.dz\/wp-content\/uploads\/2025\/04\/affiche.jpeg\" \/>\n\t<meta property=\"og:image:width\" content=\"1414\" \/>\n\t<meta property=\"og:image:height\" content=\"1200\" \/>\n\t<meta property=\"og:image:type\" content=\"image\/jpeg\" \/>\n<meta name=\"author\" content=\"admin\" \/>\n<meta name=\"twitter:card\" content=\"summary_large_image\" \/>\n<meta name=\"twitter:label1\" content=\"\u00c9crit par\" \/>\n\t<meta name=\"twitter:data1\" content=\"admin\" \/>\n\t<meta name=\"twitter:label2\" content=\"Dur\u00e9e de lecture estim\u00e9e\" \/>\n\t<meta name=\"twitter:data2\" content=\"4 minutes\" \/>\n<script type=\"application\/ld+json\" class=\"yoast-schema-graph\">{\"@context\":\"https:\\\/\\\/schema.org\",\"@graph\":[{\"@type\":\"Article\",\"@id\":\"https:\\\/\\\/lasentinelle.dz\\\/index.php\\\/2025\\\/04\\\/03\\\/le-couscous-racines-et-couleurs-dalgerie-de-yasmina-sellam-publie-aux-editions-anep-une-histoire-de-patrimoine-et-didentite\\\/#article\",\"isPartOf\":{\"@id\":\"https:\\\/\\\/lasentinelle.dz\\\/index.php\\\/2025\\\/04\\\/03\\\/le-couscous-racines-et-couleurs-dalgerie-de-yasmina-sellam-publie-aux-editions-anep-une-histoire-de-patrimoine-et-didentite\\\/\"},\"author\":{\"name\":\"admin\",\"@id\":\"https:\\\/\\\/lasentinelle.dz\\\/#\\\/schema\\\/person\\\/729ee0024f24e0b8c5ec17232f8e8b41\"},\"headline\":\"\u00ab\u00a0Le couscous, racines et couleurs d&rsquo;Alg\u00e9rie\u00a0\u00bb de Yasmina Sellam publi\u00e9 aux \u00c9ditions ANEP: Une histoire de patrimoine et d&rsquo;identit\u00e9\",\"datePublished\":\"2025-04-03T10:45:34+00:00\",\"mainEntityOfPage\":{\"@id\":\"https:\\\/\\\/lasentinelle.dz\\\/index.php\\\/2025\\\/04\\\/03\\\/le-couscous-racines-et-couleurs-dalgerie-de-yasmina-sellam-publie-aux-editions-anep-une-histoire-de-patrimoine-et-didentite\\\/\"},\"wordCount\":727,\"commentCount\":0,\"publisher\":{\"@id\":\"https:\\\/\\\/lasentinelle.dz\\\/#organization\"},\"image\":{\"@id\":\"https:\\\/\\\/lasentinelle.dz\\\/index.php\\\/2025\\\/04\\\/03\\\/le-couscous-racines-et-couleurs-dalgerie-de-yasmina-sellam-publie-aux-editions-anep-une-histoire-de-patrimoine-et-didentite\\\/#primaryimage\"},\"thumbnailUrl\":\"https:\\\/\\\/lasentinelle.dz\\\/wp-content\\\/uploads\\\/2025\\\/04\\\/affiche.jpeg\",\"articleSection\":[\"Culture\"],\"inLanguage\":\"fr-FR\",\"potentialAction\":[{\"@type\":\"CommentAction\",\"name\":\"Comment\",\"target\":[\"https:\\\/\\\/lasentinelle.dz\\\/index.php\\\/2025\\\/04\\\/03\\\/le-couscous-racines-et-couleurs-dalgerie-de-yasmina-sellam-publie-aux-editions-anep-une-histoire-de-patrimoine-et-didentite\\\/#respond\"]}]},{\"@type\":\"WebPage\",\"@id\":\"https:\\\/\\\/lasentinelle.dz\\\/index.php\\\/2025\\\/04\\\/03\\\/le-couscous-racines-et-couleurs-dalgerie-de-yasmina-sellam-publie-aux-editions-anep-une-histoire-de-patrimoine-et-didentite\\\/\",\"url\":\"https:\\\/\\\/lasentinelle.dz\\\/index.php\\\/2025\\\/04\\\/03\\\/le-couscous-racines-et-couleurs-dalgerie-de-yasmina-sellam-publie-aux-editions-anep-une-histoire-de-patrimoine-et-didentite\\\/\",\"name\":\"\u00ab\u00a0Le couscous, racines et couleurs d&rsquo;Alg\u00e9rie\u00a0\u00bb de Yasmina Sellam publi\u00e9 aux \u00c9ditions ANEP: Une histoire de patrimoine et d&rsquo;identit\u00e9 - La Sentinelle\",\"isPartOf\":{\"@id\":\"https:\\\/\\\/lasentinelle.dz\\\/#website\"},\"primaryImageOfPage\":{\"@id\":\"https:\\\/\\\/lasentinelle.dz\\\/index.php\\\/2025\\\/04\\\/03\\\/le-couscous-racines-et-couleurs-dalgerie-de-yasmina-sellam-publie-aux-editions-anep-une-histoire-de-patrimoine-et-didentite\\\/#primaryimage\"},\"image\":{\"@id\":\"https:\\\/\\\/lasentinelle.dz\\\/index.php\\\/2025\\\/04\\\/03\\\/le-couscous-racines-et-couleurs-dalgerie-de-yasmina-sellam-publie-aux-editions-anep-une-histoire-de-patrimoine-et-didentite\\\/#primaryimage\"},\"thumbnailUrl\":\"https:\\\/\\\/lasentinelle.dz\\\/wp-content\\\/uploads\\\/2025\\\/04\\\/affiche.jpeg\",\"datePublished\":\"2025-04-03T10:45:34+00:00\",\"breadcrumb\":{\"@id\":\"https:\\\/\\\/lasentinelle.dz\\\/index.php\\\/2025\\\/04\\\/03\\\/le-couscous-racines-et-couleurs-dalgerie-de-yasmina-sellam-publie-aux-editions-anep-une-histoire-de-patrimoine-et-didentite\\\/#breadcrumb\"},\"inLanguage\":\"fr-FR\",\"potentialAction\":[{\"@type\":\"ReadAction\",\"target\":[\"https:\\\/\\\/lasentinelle.dz\\\/index.php\\\/2025\\\/04\\\/03\\\/le-couscous-racines-et-couleurs-dalgerie-de-yasmina-sellam-publie-aux-editions-anep-une-histoire-de-patrimoine-et-didentite\\\/\"]}]},{\"@type\":\"ImageObject\",\"inLanguage\":\"fr-FR\",\"@id\":\"https:\\\/\\\/lasentinelle.dz\\\/index.php\\\/2025\\\/04\\\/03\\\/le-couscous-racines-et-couleurs-dalgerie-de-yasmina-sellam-publie-aux-editions-anep-une-histoire-de-patrimoine-et-didentite\\\/#primaryimage\",\"url\":\"https:\\\/\\\/lasentinelle.dz\\\/wp-content\\\/uploads\\\/2025\\\/04\\\/affiche.jpeg\",\"contentUrl\":\"https:\\\/\\\/lasentinelle.dz\\\/wp-content\\\/uploads\\\/2025\\\/04\\\/affiche.jpeg\",\"width\":1414,\"height\":1200},{\"@type\":\"BreadcrumbList\",\"@id\":\"https:\\\/\\\/lasentinelle.dz\\\/index.php\\\/2025\\\/04\\\/03\\\/le-couscous-racines-et-couleurs-dalgerie-de-yasmina-sellam-publie-aux-editions-anep-une-histoire-de-patrimoine-et-didentite\\\/#breadcrumb\",\"itemListElement\":[{\"@type\":\"ListItem\",\"position\":1,\"name\":\"Accueil\",\"item\":\"https:\\\/\\\/lasentinelle.dz\\\/\"},{\"@type\":\"ListItem\",\"position\":2,\"name\":\"\u00ab\u00a0Le couscous, racines et couleurs d&rsquo;Alg\u00e9rie\u00a0\u00bb de Yasmina Sellam publi\u00e9 aux \u00c9ditions ANEP: Une histoire de patrimoine et d&rsquo;identit\u00e9\"}]},{\"@type\":\"WebSite\",\"@id\":\"https:\\\/\\\/lasentinelle.dz\\\/#website\",\"url\":\"https:\\\/\\\/lasentinelle.dz\\\/\",\"name\":\"La Sentinelle\",\"description\":\"Quotidien national d&#039;information\",\"publisher\":{\"@id\":\"https:\\\/\\\/lasentinelle.dz\\\/#organization\"},\"potentialAction\":[{\"@type\":\"SearchAction\",\"target\":{\"@type\":\"EntryPoint\",\"urlTemplate\":\"https:\\\/\\\/lasentinelle.dz\\\/?s={search_term_string}\"},\"query-input\":{\"@type\":\"PropertyValueSpecification\",\"valueRequired\":true,\"valueName\":\"search_term_string\"}}],\"inLanguage\":\"fr-FR\"},{\"@type\":\"Organization\",\"@id\":\"https:\\\/\\\/lasentinelle.dz\\\/#organization\",\"name\":\"Quotidien La Sentinelle\",\"url\":\"https:\\\/\\\/lasentinelle.dz\\\/\",\"logo\":{\"@type\":\"ImageObject\",\"inLanguage\":\"fr-FR\",\"@id\":\"https:\\\/\\\/lasentinelle.dz\\\/#\\\/schema\\\/logo\\\/image\\\/\",\"url\":\"https:\\\/\\\/lasentinelle.dz\\\/wp-content\\\/uploads\\\/2021\\\/09\\\/logo-sentinelleSLOGAN-1.png\",\"contentUrl\":\"https:\\\/\\\/lasentinelle.dz\\\/wp-content\\\/uploads\\\/2021\\\/09\\\/logo-sentinelleSLOGAN-1.png\",\"width\":615,\"height\":142,\"caption\":\"Quotidien La Sentinelle\"},\"image\":{\"@id\":\"https:\\\/\\\/lasentinelle.dz\\\/#\\\/schema\\\/logo\\\/image\\\/\"},\"sameAs\":[\"https:\\\/\\\/www.facebook.com\\\/La-Sentinelle-104059864394773\"]},{\"@type\":\"Person\",\"@id\":\"https:\\\/\\\/lasentinelle.dz\\\/#\\\/schema\\\/person\\\/729ee0024f24e0b8c5ec17232f8e8b41\",\"name\":\"admin\",\"image\":{\"@type\":\"ImageObject\",\"inLanguage\":\"fr-FR\",\"@id\":\"https:\\\/\\\/secure.gravatar.com\\\/avatar\\\/4c81fed838786e9b53f540bf46533e750f5d292099ae3b66cfc6fb1982e29df7?s=96&d=mm&r=g\",\"url\":\"https:\\\/\\\/secure.gravatar.com\\\/avatar\\\/4c81fed838786e9b53f540bf46533e750f5d292099ae3b66cfc6fb1982e29df7?s=96&d=mm&r=g\",\"contentUrl\":\"https:\\\/\\\/secure.gravatar.com\\\/avatar\\\/4c81fed838786e9b53f540bf46533e750f5d292099ae3b66cfc6fb1982e29df7?s=96&d=mm&r=g\",\"caption\":\"admin\"},\"description\":\"admin\",\"url\":\"https:\\\/\\\/lasentinelle.dz\\\/author\\\/admin\\\/\"}]}<\/script>\n<!-- \/ Yoast SEO plugin. -->","yoast_head_json":{"title":"\u00ab\u00a0Le couscous, racines et couleurs d&rsquo;Alg\u00e9rie\u00a0\u00bb de Yasmina Sellam publi\u00e9 aux \u00c9ditions ANEP: Une histoire de patrimoine et d&rsquo;identit\u00e9 - La Sentinelle","robots":{"index":"index","follow":"follow","max-snippet":"max-snippet:-1","max-image-preview":"max-image-preview:large","max-video-preview":"max-video-preview:-1"},"canonical":"https:\/\/lasentinelle.dz\/index.php\/2025\/04\/03\/le-couscous-racines-et-couleurs-dalgerie-de-yasmina-sellam-publie-aux-editions-anep-une-histoire-de-patrimoine-et-didentite\/","og_locale":"fr_FR","og_type":"article","og_title":"\u00ab\u00a0Le couscous, racines et couleurs d&rsquo;Alg\u00e9rie\u00a0\u00bb de Yasmina Sellam publi\u00e9 aux \u00c9ditions ANEP: Une histoire de patrimoine et d&rsquo;identit\u00e9 - La Sentinelle","og_description":"\u00c0 l&rsquo;heure o\u00f9 la mondialisation tend \u00e0 uniformiser les cultures, l&rsquo;\u00e9dition alg\u00e9rienne r\u00e9affirme son r\u00f4le essentiel dans la pr\u00e9servation des","og_url":"https:\/\/lasentinelle.dz\/index.php\/2025\/04\/03\/le-couscous-racines-et-couleurs-dalgerie-de-yasmina-sellam-publie-aux-editions-anep-une-histoire-de-patrimoine-et-didentite\/","og_site_name":"La Sentinelle","article_publisher":"https:\/\/www.facebook.com\/La-Sentinelle-104059864394773","article_published_time":"2025-04-03T10:45:34+00:00","og_image":[{"width":1414,"height":1200,"url":"https:\/\/lasentinelle.dz\/wp-content\/uploads\/2025\/04\/affiche.jpeg","type":"image\/jpeg"}],"author":"admin","twitter_card":"summary_large_image","twitter_misc":{"\u00c9crit par":"admin","Dur\u00e9e de lecture estim\u00e9e":"4 minutes"},"schema":{"@context":"https:\/\/schema.org","@graph":[{"@type":"Article","@id":"https:\/\/lasentinelle.dz\/index.php\/2025\/04\/03\/le-couscous-racines-et-couleurs-dalgerie-de-yasmina-sellam-publie-aux-editions-anep-une-histoire-de-patrimoine-et-didentite\/#article","isPartOf":{"@id":"https:\/\/lasentinelle.dz\/index.php\/2025\/04\/03\/le-couscous-racines-et-couleurs-dalgerie-de-yasmina-sellam-publie-aux-editions-anep-une-histoire-de-patrimoine-et-didentite\/"},"author":{"name":"admin","@id":"https:\/\/lasentinelle.dz\/#\/schema\/person\/729ee0024f24e0b8c5ec17232f8e8b41"},"headline":"\u00ab\u00a0Le couscous, racines et couleurs d&rsquo;Alg\u00e9rie\u00a0\u00bb de Yasmina Sellam publi\u00e9 aux \u00c9ditions ANEP: Une histoire de patrimoine et d&rsquo;identit\u00e9","datePublished":"2025-04-03T10:45:34+00:00","mainEntityOfPage":{"@id":"https:\/\/lasentinelle.dz\/index.php\/2025\/04\/03\/le-couscous-racines-et-couleurs-dalgerie-de-yasmina-sellam-publie-aux-editions-anep-une-histoire-de-patrimoine-et-didentite\/"},"wordCount":727,"commentCount":0,"publisher":{"@id":"https:\/\/lasentinelle.dz\/#organization"},"image":{"@id":"https:\/\/lasentinelle.dz\/index.php\/2025\/04\/03\/le-couscous-racines-et-couleurs-dalgerie-de-yasmina-sellam-publie-aux-editions-anep-une-histoire-de-patrimoine-et-didentite\/#primaryimage"},"thumbnailUrl":"https:\/\/lasentinelle.dz\/wp-content\/uploads\/2025\/04\/affiche.jpeg","articleSection":["Culture"],"inLanguage":"fr-FR","potentialAction":[{"@type":"CommentAction","name":"Comment","target":["https:\/\/lasentinelle.dz\/index.php\/2025\/04\/03\/le-couscous-racines-et-couleurs-dalgerie-de-yasmina-sellam-publie-aux-editions-anep-une-histoire-de-patrimoine-et-didentite\/#respond"]}]},{"@type":"WebPage","@id":"https:\/\/lasentinelle.dz\/index.php\/2025\/04\/03\/le-couscous-racines-et-couleurs-dalgerie-de-yasmina-sellam-publie-aux-editions-anep-une-histoire-de-patrimoine-et-didentite\/","url":"https:\/\/lasentinelle.dz\/index.php\/2025\/04\/03\/le-couscous-racines-et-couleurs-dalgerie-de-yasmina-sellam-publie-aux-editions-anep-une-histoire-de-patrimoine-et-didentite\/","name":"\u00ab\u00a0Le couscous, racines et couleurs d&rsquo;Alg\u00e9rie\u00a0\u00bb de Yasmina Sellam publi\u00e9 aux \u00c9ditions ANEP: Une histoire de patrimoine et d&rsquo;identit\u00e9 - La Sentinelle","isPartOf":{"@id":"https:\/\/lasentinelle.dz\/#website"},"primaryImageOfPage":{"@id":"https:\/\/lasentinelle.dz\/index.php\/2025\/04\/03\/le-couscous-racines-et-couleurs-dalgerie-de-yasmina-sellam-publie-aux-editions-anep-une-histoire-de-patrimoine-et-didentite\/#primaryimage"},"image":{"@id":"https:\/\/lasentinelle.dz\/index.php\/2025\/04\/03\/le-couscous-racines-et-couleurs-dalgerie-de-yasmina-sellam-publie-aux-editions-anep-une-histoire-de-patrimoine-et-didentite\/#primaryimage"},"thumbnailUrl":"https:\/\/lasentinelle.dz\/wp-content\/uploads\/2025\/04\/affiche.jpeg","datePublished":"2025-04-03T10:45:34+00:00","breadcrumb":{"@id":"https:\/\/lasentinelle.dz\/index.php\/2025\/04\/03\/le-couscous-racines-et-couleurs-dalgerie-de-yasmina-sellam-publie-aux-editions-anep-une-histoire-de-patrimoine-et-didentite\/#breadcrumb"},"inLanguage":"fr-FR","potentialAction":[{"@type":"ReadAction","target":["https:\/\/lasentinelle.dz\/index.php\/2025\/04\/03\/le-couscous-racines-et-couleurs-dalgerie-de-yasmina-sellam-publie-aux-editions-anep-une-histoire-de-patrimoine-et-didentite\/"]}]},{"@type":"ImageObject","inLanguage":"fr-FR","@id":"https:\/\/lasentinelle.dz\/index.php\/2025\/04\/03\/le-couscous-racines-et-couleurs-dalgerie-de-yasmina-sellam-publie-aux-editions-anep-une-histoire-de-patrimoine-et-didentite\/#primaryimage","url":"https:\/\/lasentinelle.dz\/wp-content\/uploads\/2025\/04\/affiche.jpeg","contentUrl":"https:\/\/lasentinelle.dz\/wp-content\/uploads\/2025\/04\/affiche.jpeg","width":1414,"height":1200},{"@type":"BreadcrumbList","@id":"https:\/\/lasentinelle.dz\/index.php\/2025\/04\/03\/le-couscous-racines-et-couleurs-dalgerie-de-yasmina-sellam-publie-aux-editions-anep-une-histoire-de-patrimoine-et-didentite\/#breadcrumb","itemListElement":[{"@type":"ListItem","position":1,"name":"Accueil","item":"https:\/\/lasentinelle.dz\/"},{"@type":"ListItem","position":2,"name":"\u00ab\u00a0Le couscous, racines et couleurs d&rsquo;Alg\u00e9rie\u00a0\u00bb de Yasmina Sellam publi\u00e9 aux \u00c9ditions ANEP: Une histoire de patrimoine et d&rsquo;identit\u00e9"}]},{"@type":"WebSite","@id":"https:\/\/lasentinelle.dz\/#website","url":"https:\/\/lasentinelle.dz\/","name":"La Sentinelle","description":"Quotidien national d&#039;information","publisher":{"@id":"https:\/\/lasentinelle.dz\/#organization"},"potentialAction":[{"@type":"SearchAction","target":{"@type":"EntryPoint","urlTemplate":"https:\/\/lasentinelle.dz\/?s={search_term_string}"},"query-input":{"@type":"PropertyValueSpecification","valueRequired":true,"valueName":"search_term_string"}}],"inLanguage":"fr-FR"},{"@type":"Organization","@id":"https:\/\/lasentinelle.dz\/#organization","name":"Quotidien La Sentinelle","url":"https:\/\/lasentinelle.dz\/","logo":{"@type":"ImageObject","inLanguage":"fr-FR","@id":"https:\/\/lasentinelle.dz\/#\/schema\/logo\/image\/","url":"https:\/\/lasentinelle.dz\/wp-content\/uploads\/2021\/09\/logo-sentinelleSLOGAN-1.png","contentUrl":"https:\/\/lasentinelle.dz\/wp-content\/uploads\/2021\/09\/logo-sentinelleSLOGAN-1.png","width":615,"height":142,"caption":"Quotidien La Sentinelle"},"image":{"@id":"https:\/\/lasentinelle.dz\/#\/schema\/logo\/image\/"},"sameAs":["https:\/\/www.facebook.com\/La-Sentinelle-104059864394773"]},{"@type":"Person","@id":"https:\/\/lasentinelle.dz\/#\/schema\/person\/729ee0024f24e0b8c5ec17232f8e8b41","name":"admin","image":{"@type":"ImageObject","inLanguage":"fr-FR","@id":"https:\/\/secure.gravatar.com\/avatar\/4c81fed838786e9b53f540bf46533e750f5d292099ae3b66cfc6fb1982e29df7?s=96&d=mm&r=g","url":"https:\/\/secure.gravatar.com\/avatar\/4c81fed838786e9b53f540bf46533e750f5d292099ae3b66cfc6fb1982e29df7?s=96&d=mm&r=g","contentUrl":"https:\/\/secure.gravatar.com\/avatar\/4c81fed838786e9b53f540bf46533e750f5d292099ae3b66cfc6fb1982e29df7?s=96&d=mm&r=g","caption":"admin"},"description":"admin","url":"https:\/\/lasentinelle.dz\/author\/admin\/"}]}},"_links":{"self":[{"href":"https:\/\/lasentinelle.dz\/index.php\/wp-json\/wp\/v2\/posts\/65056","targetHints":{"allow":["GET"]}}],"collection":[{"href":"https:\/\/lasentinelle.dz\/index.php\/wp-json\/wp\/v2\/posts"}],"about":[{"href":"https:\/\/lasentinelle.dz\/index.php\/wp-json\/wp\/v2\/types\/post"}],"author":[{"embeddable":true,"href":"https:\/\/lasentinelle.dz\/index.php\/wp-json\/wp\/v2\/users\/6"}],"replies":[{"embeddable":true,"href":"https:\/\/lasentinelle.dz\/index.php\/wp-json\/wp\/v2\/comments?post=65056"}],"version-history":[{"count":2,"href":"https:\/\/lasentinelle.dz\/index.php\/wp-json\/wp\/v2\/posts\/65056\/revisions"}],"predecessor-version":[{"id":65059,"href":"https:\/\/lasentinelle.dz\/index.php\/wp-json\/wp\/v2\/posts\/65056\/revisions\/65059"}],"wp:featuredmedia":[{"embeddable":true,"href":"https:\/\/lasentinelle.dz\/index.php\/wp-json\/wp\/v2\/media\/65057"}],"wp:attachment":[{"href":"https:\/\/lasentinelle.dz\/index.php\/wp-json\/wp\/v2\/media?parent=65056"}],"wp:term":[{"taxonomy":"category","embeddable":true,"href":"https:\/\/lasentinelle.dz\/index.php\/wp-json\/wp\/v2\/categories?post=65056"},{"taxonomy":"post_tag","embeddable":true,"href":"https:\/\/lasentinelle.dz\/index.php\/wp-json\/wp\/v2\/tags?post=65056"}],"curies":[{"name":"wp","href":"https:\/\/api.w.org\/{rel}","templated":true}]}}