{"id":65066,"date":"2025-04-03T11:48:49","date_gmt":"2025-04-03T10:48:49","guid":{"rendered":"https:\/\/lasentinelle.dz\/?p=65066"},"modified":"2025-04-03T11:48:49","modified_gmt":"2025-04-03T10:48:49","slug":"prix-marc-vivien-foe-2025-amine-gouiri-finaliste-pour-un-trophee-prestigieux","status":"publish","type":"post","link":"https:\/\/lasentinelle.dz\/index.php\/2025\/04\/03\/prix-marc-vivien-foe-2025-amine-gouiri-finaliste-pour-un-trophee-prestigieux\/","title":{"rendered":"Prix Marc-Vivien Fo\u00e9 2025: Amine Gouiri finaliste pour un troph\u00e9e prestigieux"},"content":{"rendered":"\n<p>L&rsquo;attaquant international alg\u00e9rien de l&rsquo;Olympique de Marseille, Amine Gouiri, se retrouve parmi les douze finalistes en lice pour le prestigieux prix Marc-Vivien Fo\u00e9 2025, r\u00e9compensant le meilleur joueur africain \u00e9voluant en Ligue 1 fran\u00e7aise. &nbsp;Malgr\u00e9 plusieurs nominations ces derni\u00e8res ann\u00e9es, aucun joueur des Fennecs n&rsquo;a encore r\u00e9ussi \u00e0 inscrire son nom au palmar\u00e8s de ce troph\u00e9e cr\u00e9\u00e9 en 2009 en hommage \u00e0 l&rsquo;international camerounais disparu tragiquement en 2003.<\/p>\n\n\n\n<p>La liste des pr\u00e9tendants, d\u00e9voil\u00e9e mardi par France 24 et RFI, organisateurs du prix, place Gouiri dans un cercle s\u00e9lect aux c\u00f4t\u00e9s de talents confirm\u00e9s du championnat fran\u00e7ais. \u00c0 24 ans, l&rsquo;attaquant marseillais se pr\u00e9sente avec des arguments solides pour devenir potentiellement le premier Alg\u00e9rien \u00e0 remporter cette distinction, succ\u00e9dant ainsi \u00e0 Pierre-Emerick Aubameyang, laur\u00e9at de l&rsquo;\u00e9dition 2024. Son parcours cette saison illustre parfaitement sa mont\u00e9e en puissance, notamment depuis son transfert hivernal du Stade Rennais vers la cit\u00e9 phoc\u00e9enne en janvier dernier. Un changement d&rsquo;air qui s&rsquo;est av\u00e9r\u00e9 particuli\u00e8rement b\u00e9n\u00e9fique pour l&rsquo;international alg\u00e9rien, d\u00e9sormais consid\u00e9r\u00e9 comme un \u00e9l\u00e9ment incontournable de l&rsquo;attaque marseillaise. Le bilan chiffr\u00e9 parle en sa faveur : en seulement huit rencontres sous le maillot olympien, Gouiri a d\u00e9j\u00e0 trouv\u00e9 le chemin des filets \u00e0 quatre reprises tout en d\u00e9livrant trois passes d\u00e9cisives, d\u00e9montrant ainsi sa polyvalence offensive. Ces statistiques viennent s&rsquo;ajouter aux trois buts et deux passes d\u00e9cisives d\u00e9j\u00e0 inscrits lors de la premi\u00e8re partie de saison avec Rennes, portant son total \u00e0 des chiffres remarquables pour un joueur ayant chang\u00e9 d&rsquo;\u00e9quipe en cours d&rsquo;exercice. L&rsquo;histoire du Prix Marc-Vivien Fo\u00e9 et les joueurs alg\u00e9riens semble marqu\u00e9e par une frustration r\u00e9currente, plusieurs stars des Verts ayant fr\u00f4l\u00e9 la cons\u00e9cration sans jamais l&rsquo;atteindre. Rachid Ghezzal (troisi\u00e8me en 2016), Ryad Boudebouz (deuxi\u00e8me en 2017), Islam Slimani (deuxi\u00e8me en 2020) et Andy Delort (deuxi\u00e8me en 2021) ont tous \u00e9chou\u00e9 aux portes de la victoire, maintenant cette anomalie statistique qui pourrait prendre fin cette ann\u00e9e. Ce qui distingue particuli\u00e8rement la candidature de Gouiri, c&rsquo;est sa double performance, tant en club qu&rsquo;en s\u00e9lection nationale. Ses prestations avec les Fennecs lors du dernier rassemblement ont \u00e9t\u00e9 salu\u00e9es unanimement, renfor\u00e7ant sa stature internationale et sa l\u00e9gitimit\u00e9 dans cette course au troph\u00e9e. Toutefois, la concurrence s&rsquo;annonce f\u00e9roce pour l&rsquo;attaquant alg\u00e9rien. Parmi les favoris figure notamment Achraf Hakimi, le lat\u00e9ral marocain du Paris Saint-Germain, auteur d&rsquo;une saison exceptionnelle et jouissant d&rsquo;une renomm\u00e9e mondiale. D&rsquo;autres talents africains se distinguent \u00e9galement dans cette s\u00e9lection, comme le jeune prodige mon\u00e9gasque Eliesse Ben Seghir, le milieu de terrain s\u00e9n\u00e9galais de Metz Lamine Camara, l&rsquo;attaquant ivoirien de Nice Evann Guessand, ou encore le talentueux milieu offensif burkinab\u00e9 d&rsquo;Auxerre, Hamed Junior Traor\u00e9. Gouiri n&rsquo;est d&rsquo;ailleurs pas le seul repr\u00e9sentant alg\u00e9rien dans cette liste des nomin\u00e9s. Himad Abdelli, milieu de terrain d&rsquo;Angers, figure \u00e9galement parmi les douze finalistes apr\u00e8s une saison solide avec le club angevin, t\u00e9moignant de l&rsquo;impact grandissant des joueurs alg\u00e9riens dans le championnat fran\u00e7ais. Le verdict final sera rendu le 12 mai prochain, \u00e0 l&rsquo;issue d&rsquo;un vote impliquant une centaine de journalistes sp\u00e9cialis\u00e9s. Cette \u00e9ch\u00e9ance pourrait marquer un tournant dans l&rsquo;histoire du football alg\u00e9rien en Ligue 1, avec potentiellement une premi\u00e8re cons\u00e9cration individuelle de cette envergure. Pour l&rsquo;Olympique de Marseille, club historiquement li\u00e9 au continent africain, voir l&rsquo;un de ses joueurs remporter ce troph\u00e9e prestigieux constituerait \u00e9galement un motif de fiert\u00e9 suppl\u00e9mentaire, d&rsquo;autant plus que le dernier laur\u00e9at, Aubameyang, portait lui aussi les couleurs phoc\u00e9ennes la saison pr\u00e9c\u00e9dente. Alors que les semaines \u00e0 venir seront d\u00e9terminantes dans la course au podium en Ligue 1, les performances d&rsquo;Amine Gouiri seront scrut\u00e9es avec une attention particuli\u00e8re, tant pour l&rsquo;impact qu&rsquo;elles auront sur les r\u00e9sultats de son club que pour l&rsquo;influence qu&rsquo;elles pourraient exercer sur les votes pour le Prix Marc-Vivien Fo\u00e9 2025. L&rsquo;attaquant alg\u00e9rien a d\u00e9sormais l&rsquo;occasion de marquer l&rsquo;histoire, en devenant potentiellement le premier repr\u00e9sentant des Fennecs \u00e0 recevoir cette distinction qui r\u00e9compense l&rsquo;excellence africaine dans le championnat fran\u00e7ais.<\/p>\n\n\n\n<p><strong>Moncef D.<\/strong><\/p>\n","protected":false},"excerpt":{"rendered":"<p>L&rsquo;attaquant international alg\u00e9rien de l&rsquo;Olympique de Marseille, Amine Gouiri, se retrouve parmi les douze finalistes en lice pour le prestigieux<\/p>\n","protected":false},"author":6,"featured_media":64090,"comment_status":"open","ping_status":"closed","sticky":false,"template":"","format":"standard","meta":{"colormag_page_container_layout":"default_layout","colormag_page_sidebar_layout":"default_layout","om_disable_all_campaigns":false,"_monsterinsights_skip_tracking":false,"_monsterinsights_sitenote_active":false,"_monsterinsights_sitenote_note":"","_monsterinsights_sitenote_category":0,"footnotes":"","_wpscppro_dont_share_socialmedia":false,"_wpscppro_custom_social_share_image":0,"_facebook_share_type":"default","_twitter_share_type":"default","_linkedin_share_type":"default","_pinterest_share_type":"default","_linkedin_share_type_page":"","_instagram_share_type":"default","_medium_share_type":"default","_threads_share_type":"","_google_business_share_type":"","_selected_social_profile":[],"_wpsp_enable_custom_social_template":false,"_wpsp_social_scheduling":{"enabled":false,"datetime":null,"platforms":[],"status":"template_only","dateOption":"today","timeOption":"now","customDays":"","customHours":"","customDate":"","customTime":"","schedulingType":"absolute"},"_wpsp_active_default_template":true},"categories":[33],"tags":[],"class_list":["post-65066","post","type-post","status-publish","format-standard","has-post-thumbnail","hentry","category-sports"],"aioseo_notices":[],"yoast_head":"<!-- This site is optimized with the Yoast SEO plugin v27.5 - https:\/\/yoast.com\/product\/yoast-seo-wordpress\/ -->\n<title>Prix Marc-Vivien Fo\u00e9 2025: Amine Gouiri finaliste pour un troph\u00e9e prestigieux - La Sentinelle<\/title>\n<meta name=\"robots\" content=\"index, follow, max-snippet:-1, max-image-preview:large, max-video-preview:-1\" \/>\n<link rel=\"canonical\" href=\"https:\/\/lasentinelle.dz\/index.php\/2025\/04\/03\/prix-marc-vivien-foe-2025-amine-gouiri-finaliste-pour-un-trophee-prestigieux\/\" \/>\n<meta property=\"og:locale\" content=\"fr_FR\" \/>\n<meta property=\"og:type\" content=\"article\" \/>\n<meta property=\"og:title\" content=\"Prix Marc-Vivien Fo\u00e9 2025: Amine Gouiri finaliste pour un troph\u00e9e prestigieux - La Sentinelle\" \/>\n<meta property=\"og:description\" content=\"L&rsquo;attaquant international alg\u00e9rien de l&rsquo;Olympique de Marseille, Amine Gouiri, se retrouve parmi les douze finalistes en lice pour le prestigieux\" \/>\n<meta property=\"og:url\" content=\"https:\/\/lasentinelle.dz\/index.php\/2025\/04\/03\/prix-marc-vivien-foe-2025-amine-gouiri-finaliste-pour-un-trophee-prestigieux\/\" \/>\n<meta property=\"og:site_name\" content=\"La Sentinelle\" \/>\n<meta property=\"article:publisher\" content=\"https:\/\/www.facebook.com\/La-Sentinelle-104059864394773\" \/>\n<meta property=\"article:published_time\" content=\"2025-04-03T10:48:49+00:00\" \/>\n<meta property=\"og:image\" content=\"https:\/\/lasentinelle.dz\/wp-content\/uploads\/2025\/03\/Gouiri.jpg\" \/>\n\t<meta property=\"og:image:width\" content=\"780\" \/>\n\t<meta property=\"og:image:height\" content=\"470\" \/>\n\t<meta property=\"og:image:type\" content=\"image\/jpeg\" \/>\n<meta name=\"author\" content=\"admin\" \/>\n<meta name=\"twitter:card\" content=\"summary_large_image\" \/>\n<meta name=\"twitter:label1\" content=\"\u00c9crit par\" \/>\n\t<meta name=\"twitter:data1\" content=\"admin\" \/>\n\t<meta name=\"twitter:label2\" content=\"Dur\u00e9e de lecture estim\u00e9e\" \/>\n\t<meta name=\"twitter:data2\" content=\"4 minutes\" \/>\n<script type=\"application\/ld+json\" class=\"yoast-schema-graph\">{\"@context\":\"https:\\\/\\\/schema.org\",\"@graph\":[{\"@type\":\"Article\",\"@id\":\"https:\\\/\\\/lasentinelle.dz\\\/index.php\\\/2025\\\/04\\\/03\\\/prix-marc-vivien-foe-2025-amine-gouiri-finaliste-pour-un-trophee-prestigieux\\\/#article\",\"isPartOf\":{\"@id\":\"https:\\\/\\\/lasentinelle.dz\\\/index.php\\\/2025\\\/04\\\/03\\\/prix-marc-vivien-foe-2025-amine-gouiri-finaliste-pour-un-trophee-prestigieux\\\/\"},\"author\":{\"name\":\"admin\",\"@id\":\"https:\\\/\\\/lasentinelle.dz\\\/#\\\/schema\\\/person\\\/729ee0024f24e0b8c5ec17232f8e8b41\"},\"headline\":\"Prix Marc-Vivien Fo\u00e9 2025: Amine Gouiri finaliste pour un troph\u00e9e prestigieux\",\"datePublished\":\"2025-04-03T10:48:49+00:00\",\"mainEntityOfPage\":{\"@id\":\"https:\\\/\\\/lasentinelle.dz\\\/index.php\\\/2025\\\/04\\\/03\\\/prix-marc-vivien-foe-2025-amine-gouiri-finaliste-pour-un-trophee-prestigieux\\\/\"},\"wordCount\":756,\"commentCount\":0,\"publisher\":{\"@id\":\"https:\\\/\\\/lasentinelle.dz\\\/#organization\"},\"image\":{\"@id\":\"https:\\\/\\\/lasentinelle.dz\\\/index.php\\\/2025\\\/04\\\/03\\\/prix-marc-vivien-foe-2025-amine-gouiri-finaliste-pour-un-trophee-prestigieux\\\/#primaryimage\"},\"thumbnailUrl\":\"https:\\\/\\\/lasentinelle.dz\\\/wp-content\\\/uploads\\\/2025\\\/03\\\/Gouiri.jpg\",\"articleSection\":[\"Sports\"],\"inLanguage\":\"fr-FR\",\"potentialAction\":[{\"@type\":\"CommentAction\",\"name\":\"Comment\",\"target\":[\"https:\\\/\\\/lasentinelle.dz\\\/index.php\\\/2025\\\/04\\\/03\\\/prix-marc-vivien-foe-2025-amine-gouiri-finaliste-pour-un-trophee-prestigieux\\\/#respond\"]}]},{\"@type\":\"WebPage\",\"@id\":\"https:\\\/\\\/lasentinelle.dz\\\/index.php\\\/2025\\\/04\\\/03\\\/prix-marc-vivien-foe-2025-amine-gouiri-finaliste-pour-un-trophee-prestigieux\\\/\",\"url\":\"https:\\\/\\\/lasentinelle.dz\\\/index.php\\\/2025\\\/04\\\/03\\\/prix-marc-vivien-foe-2025-amine-gouiri-finaliste-pour-un-trophee-prestigieux\\\/\",\"name\":\"Prix Marc-Vivien Fo\u00e9 2025: Amine Gouiri finaliste pour un troph\u00e9e prestigieux - La Sentinelle\",\"isPartOf\":{\"@id\":\"https:\\\/\\\/lasentinelle.dz\\\/#website\"},\"primaryImageOfPage\":{\"@id\":\"https:\\\/\\\/lasentinelle.dz\\\/index.php\\\/2025\\\/04\\\/03\\\/prix-marc-vivien-foe-2025-amine-gouiri-finaliste-pour-un-trophee-prestigieux\\\/#primaryimage\"},\"image\":{\"@id\":\"https:\\\/\\\/lasentinelle.dz\\\/index.php\\\/2025\\\/04\\\/03\\\/prix-marc-vivien-foe-2025-amine-gouiri-finaliste-pour-un-trophee-prestigieux\\\/#primaryimage\"},\"thumbnailUrl\":\"https:\\\/\\\/lasentinelle.dz\\\/wp-content\\\/uploads\\\/2025\\\/03\\\/Gouiri.jpg\",\"datePublished\":\"2025-04-03T10:48:49+00:00\",\"breadcrumb\":{\"@id\":\"https:\\\/\\\/lasentinelle.dz\\\/index.php\\\/2025\\\/04\\\/03\\\/prix-marc-vivien-foe-2025-amine-gouiri-finaliste-pour-un-trophee-prestigieux\\\/#breadcrumb\"},\"inLanguage\":\"fr-FR\",\"potentialAction\":[{\"@type\":\"ReadAction\",\"target\":[\"https:\\\/\\\/lasentinelle.dz\\\/index.php\\\/2025\\\/04\\\/03\\\/prix-marc-vivien-foe-2025-amine-gouiri-finaliste-pour-un-trophee-prestigieux\\\/\"]}]},{\"@type\":\"ImageObject\",\"inLanguage\":\"fr-FR\",\"@id\":\"https:\\\/\\\/lasentinelle.dz\\\/index.php\\\/2025\\\/04\\\/03\\\/prix-marc-vivien-foe-2025-amine-gouiri-finaliste-pour-un-trophee-prestigieux\\\/#primaryimage\",\"url\":\"https:\\\/\\\/lasentinelle.dz\\\/wp-content\\\/uploads\\\/2025\\\/03\\\/Gouiri.jpg\",\"contentUrl\":\"https:\\\/\\\/lasentinelle.dz\\\/wp-content\\\/uploads\\\/2025\\\/03\\\/Gouiri.jpg\",\"width\":780,\"height\":470},{\"@type\":\"BreadcrumbList\",\"@id\":\"https:\\\/\\\/lasentinelle.dz\\\/index.php\\\/2025\\\/04\\\/03\\\/prix-marc-vivien-foe-2025-amine-gouiri-finaliste-pour-un-trophee-prestigieux\\\/#breadcrumb\",\"itemListElement\":[{\"@type\":\"ListItem\",\"position\":1,\"name\":\"Accueil\",\"item\":\"https:\\\/\\\/lasentinelle.dz\\\/\"},{\"@type\":\"ListItem\",\"position\":2,\"name\":\"Prix Marc-Vivien Fo\u00e9 2025: Amine Gouiri finaliste pour un troph\u00e9e prestigieux\"}]},{\"@type\":\"WebSite\",\"@id\":\"https:\\\/\\\/lasentinelle.dz\\\/#website\",\"url\":\"https:\\\/\\\/lasentinelle.dz\\\/\",\"name\":\"La Sentinelle\",\"description\":\"Quotidien national d&#039;information\",\"publisher\":{\"@id\":\"https:\\\/\\\/lasentinelle.dz\\\/#organization\"},\"potentialAction\":[{\"@type\":\"SearchAction\",\"target\":{\"@type\":\"EntryPoint\",\"urlTemplate\":\"https:\\\/\\\/lasentinelle.dz\\\/?s={search_term_string}\"},\"query-input\":{\"@type\":\"PropertyValueSpecification\",\"valueRequired\":true,\"valueName\":\"search_term_string\"}}],\"inLanguage\":\"fr-FR\"},{\"@type\":\"Organization\",\"@id\":\"https:\\\/\\\/lasentinelle.dz\\\/#organization\",\"name\":\"Quotidien La Sentinelle\",\"url\":\"https:\\\/\\\/lasentinelle.dz\\\/\",\"logo\":{\"@type\":\"ImageObject\",\"inLanguage\":\"fr-FR\",\"@id\":\"https:\\\/\\\/lasentinelle.dz\\\/#\\\/schema\\\/logo\\\/image\\\/\",\"url\":\"https:\\\/\\\/lasentinelle.dz\\\/wp-content\\\/uploads\\\/2021\\\/09\\\/logo-sentinelleSLOGAN-1.png\",\"contentUrl\":\"https:\\\/\\\/lasentinelle.dz\\\/wp-content\\\/uploads\\\/2021\\\/09\\\/logo-sentinelleSLOGAN-1.png\",\"width\":615,\"height\":142,\"caption\":\"Quotidien La Sentinelle\"},\"image\":{\"@id\":\"https:\\\/\\\/lasentinelle.dz\\\/#\\\/schema\\\/logo\\\/image\\\/\"},\"sameAs\":[\"https:\\\/\\\/www.facebook.com\\\/La-Sentinelle-104059864394773\"]},{\"@type\":\"Person\",\"@id\":\"https:\\\/\\\/lasentinelle.dz\\\/#\\\/schema\\\/person\\\/729ee0024f24e0b8c5ec17232f8e8b41\",\"name\":\"admin\",\"image\":{\"@type\":\"ImageObject\",\"inLanguage\":\"fr-FR\",\"@id\":\"https:\\\/\\\/secure.gravatar.com\\\/avatar\\\/4c81fed838786e9b53f540bf46533e750f5d292099ae3b66cfc6fb1982e29df7?s=96&d=mm&r=g\",\"url\":\"https:\\\/\\\/secure.gravatar.com\\\/avatar\\\/4c81fed838786e9b53f540bf46533e750f5d292099ae3b66cfc6fb1982e29df7?s=96&d=mm&r=g\",\"contentUrl\":\"https:\\\/\\\/secure.gravatar.com\\\/avatar\\\/4c81fed838786e9b53f540bf46533e750f5d292099ae3b66cfc6fb1982e29df7?s=96&d=mm&r=g\",\"caption\":\"admin\"},\"description\":\"admin\",\"url\":\"https:\\\/\\\/lasentinelle.dz\\\/author\\\/admin\\\/\"}]}<\/script>\n<!-- \/ Yoast SEO plugin. -->","yoast_head_json":{"title":"Prix Marc-Vivien Fo\u00e9 2025: Amine Gouiri finaliste pour un troph\u00e9e prestigieux - La Sentinelle","robots":{"index":"index","follow":"follow","max-snippet":"max-snippet:-1","max-image-preview":"max-image-preview:large","max-video-preview":"max-video-preview:-1"},"canonical":"https:\/\/lasentinelle.dz\/index.php\/2025\/04\/03\/prix-marc-vivien-foe-2025-amine-gouiri-finaliste-pour-un-trophee-prestigieux\/","og_locale":"fr_FR","og_type":"article","og_title":"Prix Marc-Vivien Fo\u00e9 2025: Amine Gouiri finaliste pour un troph\u00e9e prestigieux - La Sentinelle","og_description":"L&rsquo;attaquant international alg\u00e9rien de l&rsquo;Olympique de Marseille, Amine Gouiri, se retrouve parmi les douze finalistes en lice pour le prestigieux","og_url":"https:\/\/lasentinelle.dz\/index.php\/2025\/04\/03\/prix-marc-vivien-foe-2025-amine-gouiri-finaliste-pour-un-trophee-prestigieux\/","og_site_name":"La Sentinelle","article_publisher":"https:\/\/www.facebook.com\/La-Sentinelle-104059864394773","article_published_time":"2025-04-03T10:48:49+00:00","og_image":[{"width":780,"height":470,"url":"https:\/\/lasentinelle.dz\/wp-content\/uploads\/2025\/03\/Gouiri.jpg","type":"image\/jpeg"}],"author":"admin","twitter_card":"summary_large_image","twitter_misc":{"\u00c9crit par":"admin","Dur\u00e9e de lecture estim\u00e9e":"4 minutes"},"schema":{"@context":"https:\/\/schema.org","@graph":[{"@type":"Article","@id":"https:\/\/lasentinelle.dz\/index.php\/2025\/04\/03\/prix-marc-vivien-foe-2025-amine-gouiri-finaliste-pour-un-trophee-prestigieux\/#article","isPartOf":{"@id":"https:\/\/lasentinelle.dz\/index.php\/2025\/04\/03\/prix-marc-vivien-foe-2025-amine-gouiri-finaliste-pour-un-trophee-prestigieux\/"},"author":{"name":"admin","@id":"https:\/\/lasentinelle.dz\/#\/schema\/person\/729ee0024f24e0b8c5ec17232f8e8b41"},"headline":"Prix Marc-Vivien Fo\u00e9 2025: Amine Gouiri finaliste pour un troph\u00e9e prestigieux","datePublished":"2025-04-03T10:48:49+00:00","mainEntityOfPage":{"@id":"https:\/\/lasentinelle.dz\/index.php\/2025\/04\/03\/prix-marc-vivien-foe-2025-amine-gouiri-finaliste-pour-un-trophee-prestigieux\/"},"wordCount":756,"commentCount":0,"publisher":{"@id":"https:\/\/lasentinelle.dz\/#organization"},"image":{"@id":"https:\/\/lasentinelle.dz\/index.php\/2025\/04\/03\/prix-marc-vivien-foe-2025-amine-gouiri-finaliste-pour-un-trophee-prestigieux\/#primaryimage"},"thumbnailUrl":"https:\/\/lasentinelle.dz\/wp-content\/uploads\/2025\/03\/Gouiri.jpg","articleSection":["Sports"],"inLanguage":"fr-FR","potentialAction":[{"@type":"CommentAction","name":"Comment","target":["https:\/\/lasentinelle.dz\/index.php\/2025\/04\/03\/prix-marc-vivien-foe-2025-amine-gouiri-finaliste-pour-un-trophee-prestigieux\/#respond"]}]},{"@type":"WebPage","@id":"https:\/\/lasentinelle.dz\/index.php\/2025\/04\/03\/prix-marc-vivien-foe-2025-amine-gouiri-finaliste-pour-un-trophee-prestigieux\/","url":"https:\/\/lasentinelle.dz\/index.php\/2025\/04\/03\/prix-marc-vivien-foe-2025-amine-gouiri-finaliste-pour-un-trophee-prestigieux\/","name":"Prix Marc-Vivien Fo\u00e9 2025: Amine Gouiri finaliste pour un troph\u00e9e prestigieux - La Sentinelle","isPartOf":{"@id":"https:\/\/lasentinelle.dz\/#website"},"primaryImageOfPage":{"@id":"https:\/\/lasentinelle.dz\/index.php\/2025\/04\/03\/prix-marc-vivien-foe-2025-amine-gouiri-finaliste-pour-un-trophee-prestigieux\/#primaryimage"},"image":{"@id":"https:\/\/lasentinelle.dz\/index.php\/2025\/04\/03\/prix-marc-vivien-foe-2025-amine-gouiri-finaliste-pour-un-trophee-prestigieux\/#primaryimage"},"thumbnailUrl":"https:\/\/lasentinelle.dz\/wp-content\/uploads\/2025\/03\/Gouiri.jpg","datePublished":"2025-04-03T10:48:49+00:00","breadcrumb":{"@id":"https:\/\/lasentinelle.dz\/index.php\/2025\/04\/03\/prix-marc-vivien-foe-2025-amine-gouiri-finaliste-pour-un-trophee-prestigieux\/#breadcrumb"},"inLanguage":"fr-FR","potentialAction":[{"@type":"ReadAction","target":["https:\/\/lasentinelle.dz\/index.php\/2025\/04\/03\/prix-marc-vivien-foe-2025-amine-gouiri-finaliste-pour-un-trophee-prestigieux\/"]}]},{"@type":"ImageObject","inLanguage":"fr-FR","@id":"https:\/\/lasentinelle.dz\/index.php\/2025\/04\/03\/prix-marc-vivien-foe-2025-amine-gouiri-finaliste-pour-un-trophee-prestigieux\/#primaryimage","url":"https:\/\/lasentinelle.dz\/wp-content\/uploads\/2025\/03\/Gouiri.jpg","contentUrl":"https:\/\/lasentinelle.dz\/wp-content\/uploads\/2025\/03\/Gouiri.jpg","width":780,"height":470},{"@type":"BreadcrumbList","@id":"https:\/\/lasentinelle.dz\/index.php\/2025\/04\/03\/prix-marc-vivien-foe-2025-amine-gouiri-finaliste-pour-un-trophee-prestigieux\/#breadcrumb","itemListElement":[{"@type":"ListItem","position":1,"name":"Accueil","item":"https:\/\/lasentinelle.dz\/"},{"@type":"ListItem","position":2,"name":"Prix Marc-Vivien Fo\u00e9 2025: Amine Gouiri finaliste pour un troph\u00e9e prestigieux"}]},{"@type":"WebSite","@id":"https:\/\/lasentinelle.dz\/#website","url":"https:\/\/lasentinelle.dz\/","name":"La Sentinelle","description":"Quotidien national d&#039;information","publisher":{"@id":"https:\/\/lasentinelle.dz\/#organization"},"potentialAction":[{"@type":"SearchAction","target":{"@type":"EntryPoint","urlTemplate":"https:\/\/lasentinelle.dz\/?s={search_term_string}"},"query-input":{"@type":"PropertyValueSpecification","valueRequired":true,"valueName":"search_term_string"}}],"inLanguage":"fr-FR"},{"@type":"Organization","@id":"https:\/\/lasentinelle.dz\/#organization","name":"Quotidien La Sentinelle","url":"https:\/\/lasentinelle.dz\/","logo":{"@type":"ImageObject","inLanguage":"fr-FR","@id":"https:\/\/lasentinelle.dz\/#\/schema\/logo\/image\/","url":"https:\/\/lasentinelle.dz\/wp-content\/uploads\/2021\/09\/logo-sentinelleSLOGAN-1.png","contentUrl":"https:\/\/lasentinelle.dz\/wp-content\/uploads\/2021\/09\/logo-sentinelleSLOGAN-1.png","width":615,"height":142,"caption":"Quotidien La Sentinelle"},"image":{"@id":"https:\/\/lasentinelle.dz\/#\/schema\/logo\/image\/"},"sameAs":["https:\/\/www.facebook.com\/La-Sentinelle-104059864394773"]},{"@type":"Person","@id":"https:\/\/lasentinelle.dz\/#\/schema\/person\/729ee0024f24e0b8c5ec17232f8e8b41","name":"admin","image":{"@type":"ImageObject","inLanguage":"fr-FR","@id":"https:\/\/secure.gravatar.com\/avatar\/4c81fed838786e9b53f540bf46533e750f5d292099ae3b66cfc6fb1982e29df7?s=96&d=mm&r=g","url":"https:\/\/secure.gravatar.com\/avatar\/4c81fed838786e9b53f540bf46533e750f5d292099ae3b66cfc6fb1982e29df7?s=96&d=mm&r=g","contentUrl":"https:\/\/secure.gravatar.com\/avatar\/4c81fed838786e9b53f540bf46533e750f5d292099ae3b66cfc6fb1982e29df7?s=96&d=mm&r=g","caption":"admin"},"description":"admin","url":"https:\/\/lasentinelle.dz\/author\/admin\/"}]}},"_links":{"self":[{"href":"https:\/\/lasentinelle.dz\/index.php\/wp-json\/wp\/v2\/posts\/65066","targetHints":{"allow":["GET"]}}],"collection":[{"href":"https:\/\/lasentinelle.dz\/index.php\/wp-json\/wp\/v2\/posts"}],"about":[{"href":"https:\/\/lasentinelle.dz\/index.php\/wp-json\/wp\/v2\/types\/post"}],"author":[{"embeddable":true,"href":"https:\/\/lasentinelle.dz\/index.php\/wp-json\/wp\/v2\/users\/6"}],"replies":[{"embeddable":true,"href":"https:\/\/lasentinelle.dz\/index.php\/wp-json\/wp\/v2\/comments?post=65066"}],"version-history":[{"count":1,"href":"https:\/\/lasentinelle.dz\/index.php\/wp-json\/wp\/v2\/posts\/65066\/revisions"}],"predecessor-version":[{"id":65067,"href":"https:\/\/lasentinelle.dz\/index.php\/wp-json\/wp\/v2\/posts\/65066\/revisions\/65067"}],"wp:featuredmedia":[{"embeddable":true,"href":"https:\/\/lasentinelle.dz\/index.php\/wp-json\/wp\/v2\/media\/64090"}],"wp:attachment":[{"href":"https:\/\/lasentinelle.dz\/index.php\/wp-json\/wp\/v2\/media?parent=65066"}],"wp:term":[{"taxonomy":"category","embeddable":true,"href":"https:\/\/lasentinelle.dz\/index.php\/wp-json\/wp\/v2\/categories?post=65066"},{"taxonomy":"post_tag","embeddable":true,"href":"https:\/\/lasentinelle.dz\/index.php\/wp-json\/wp\/v2\/tags?post=65066"}],"curies":[{"name":"wp","href":"https:\/\/api.w.org\/{rel}","templated":true}]}}