{"id":65092,"date":"2025-04-03T11:58:26","date_gmt":"2025-04-03T10:58:26","guid":{"rendered":"https:\/\/lasentinelle.dz\/?p=65092"},"modified":"2025-04-03T11:58:27","modified_gmt":"2025-04-03T10:58:27","slug":"flambee-des-prix-de-la-pomme-lapoce-reclame-des-mesures-drastiques","status":"publish","type":"post","link":"https:\/\/lasentinelle.dz\/index.php\/2025\/04\/03\/flambee-des-prix-de-la-pomme-lapoce-reclame-des-mesures-drastiques\/","title":{"rendered":"Flamb\u00e9e des prix de la pomme : L&rsquo;APOCE r\u00e9clame des mesures drastiques"},"content":{"rendered":"\n<p>Face \u00e0 la hausse spectaculaire des prix de la pomme sur les march\u00e9s, Mustapha Zebdi, pr\u00e9sident de l&rsquo;Organisation de protection et d&rsquo;orientation du consommateur et de son environnement (APOCE), a lanc\u00e9 un appel pressant aux autorit\u00e9s pour qu&rsquo;elles prennent des mesures \u00ab\u00a0disciplinaires strictes\u00a0\u00bb afin de r\u00e9guler le march\u00e9 des fruits.<\/p>\n\n\n\n<p>Dans un message publi\u00e9 sur sa page Facebook officielle ce mardi, Zebdi d\u00e9nonce une situation qui a vu les prix doubler entre octobre et mars derniers, malgr\u00e9 les interventions ant\u00e9rieures visant \u00e0 contenir la sp\u00e9culation. \u00ab\u00a0Lorsque beaucoup se sont r\u00e9jouis \u00e0 la mi-octobre des op\u00e9rations de vente directe de pommes \u00e0 des prix tr\u00e8s raisonnables, environ 300 dinars le kilo, nous avions alors soulign\u00e9 que l&rsquo;intervention des organismes de r\u00e9gulation pour lutter contre la chert\u00e9 excessive d&rsquo;un fruit connaissant sa plus grande saison de production \u00e9tait une bonne chose. Nous avions cependant exprim\u00e9 notre inqui\u00e9tude quant aux limites de cette mesure conjoncturelle, qui nous ram\u00e8ne maintenant non seulement \u00e0 la case d\u00e9part, mais m\u00eame en dessous, avec des prix actuels atteignant un plafond sans pr\u00e9c\u00e9dent\u00a0\u00bb, explique Mustapha Zebdi.<\/p>\n\n\n\n<p>Le pr\u00e9sident de l&rsquo;APOCE rappelle que le d\u00e9veloppement de la fili\u00e8re de la pomme en Alg\u00e9rie doit beaucoup aux politiques publiques mises en \u0153uvre ces derni\u00e8res ann\u00e9es. \u00ab\u00a0Cette fili\u00e8re n&rsquo;aurait pu se d\u00e9velopper et prosp\u00e9rer sans les mesures incitatives prises par les autorit\u00e9s publiques visant l&rsquo;autonomie alimentaire et la relance \u00e9conomique\u00a0\u00bb, rappelle-t-il. Toutefois, il d\u00e9plore que certains op\u00e9rateurs \u00e9conomiques n&rsquo;aient pas su exploiter correctement ces opportunit\u00e9s, cr\u00e9ant un d\u00e9sordre sur le march\u00e9 par des pratiques sp\u00e9culatives. Selon lui, les interventions ponctuelles des autorit\u00e9s, comme celle d&rsquo;octobre dernier qui avait temporairement ramen\u00e9 les prix \u00e0 des niveaux raisonnables, n&rsquo;ont pas r\u00e9ussi \u00e0 instaurer une stabilit\u00e9 durable. D&rsquo;apr\u00e8s Mustapha Zebdi, la solution ne r\u00e9side pas uniquement dans les contr\u00f4les administratifs ou dans l&rsquo;attente d&rsquo;une r\u00e9action des consommateurs, mais n\u00e9cessite que producteurs, commer\u00e7ants et exploitants d&rsquo;entrep\u00f4ts frigorifiques assument leurs responsabilit\u00e9s.<\/p>\n\n\n\n<p><strong>Des propositions concr\u00e8tes pour discipliner le march\u00e9<\/strong><\/p>\n\n\n\n<p>Pour rem\u00e9dier \u00e0 cette situation, Zebdi propose de durcir le ton : \u00ab\u00a0Si la main de l&rsquo;\u00c9tat peut \u00eatre tendre et affectueuse, elle peut aussi \u00eatre r\u00e9pressive et dissuasive. Nous pensons que l&rsquo;adoption de nouveaux moyens de r\u00e9gulation du march\u00e9, en incitant les producteurs, les stockeurs et les commer\u00e7ants \u00e0 baisser les prix et \u00e0 veiller \u00e0 leur stabilit\u00e9, constitue le meilleur outil permanent.\u00a0\u00bb Parmi ces moyens, Mustapha Zebdi sugg\u00e8re notamment \u00ab\u00a0d&rsquo;inonder le march\u00e9 avec des fruits import\u00e9s tout en supprimant temporairement les droits de douane\u00a0\u00bb, ce qui forcerait les d\u00e9tenteurs de stocks et les commer\u00e7ants \u00e0 r\u00e9duire leurs prix par crainte de voir leurs marchandises invendues. \u00ab\u00a0\u00c0 ce moment-l\u00e0, ils s&#8217;empresseront de baisser les prix et de veiller attentivement \u00e0 leur stabilit\u00e9, de peur que leurs marchandises ne se p\u00e9riment\u00a0\u00bb, ajoute-t-il. \u00ab\u00a0La r\u00e9gulation du march\u00e9 doit passer des organismes de contr\u00f4le et du citoyen \u00e0 l&rsquo;op\u00e9rateur \u00e9conomique lui-m\u00eame, sans porter atteinte aux int\u00e9r\u00eats de l&rsquo;agriculteur, et ce, \u00e0 travers des op\u00e9rations disciplinaires qui lui font sentir qu&rsquo;il est privil\u00e9gi\u00e9 et que la p\u00e9rennit\u00e9 de cette situation d\u00e9pend de la satisfaction du consommateur\u00a0\u00bb, souligne Mustapha Zebdi. Il pr\u00e9cise que \u00ab\u00a0la p\u00e9riode de r\u00e9colte est pass\u00e9e et l&rsquo;agriculteur a d\u00e9j\u00e0 vendu sa marchandise\u00a0\u00bb, et que ce sont d\u00e9sormais \u00ab\u00a0les propri\u00e9taires de chambres froides et les commer\u00e7ants qui s\u00e8ment le d\u00e9sordre\u00a0\u00bb qui devraient \u00eatre vis\u00e9s par ces mesures.<\/p>\n\n\n\n<p>Samir Benisid<\/p>\n","protected":false},"excerpt":{"rendered":"<p>Face \u00e0 la hausse spectaculaire des prix de la pomme sur les march\u00e9s, Mustapha Zebdi, pr\u00e9sident de l&rsquo;Organisation de protection<\/p>\n","protected":false},"author":6,"featured_media":65093,"comment_status":"open","ping_status":"closed","sticky":false,"template":"","format":"standard","meta":{"colormag_page_container_layout":"default_layout","colormag_page_sidebar_layout":"default_layout","om_disable_all_campaigns":false,"_monsterinsights_skip_tracking":false,"_monsterinsights_sitenote_active":false,"_monsterinsights_sitenote_note":"","_monsterinsights_sitenote_category":0,"footnotes":"","_wpscppro_dont_share_socialmedia":false,"_wpscppro_custom_social_share_image":0,"_facebook_share_type":"default","_twitter_share_type":"default","_linkedin_share_type":"default","_pinterest_share_type":"default","_linkedin_share_type_page":"","_instagram_share_type":"default","_medium_share_type":"default","_threads_share_type":"","_google_business_share_type":"","_selected_social_profile":[],"_wpsp_enable_custom_social_template":false,"_wpsp_social_scheduling":{"enabled":false,"datetime":null,"platforms":[],"status":"template_only","dateOption":"today","timeOption":"now","customDays":"","customHours":"","customDate":"","customTime":"","schedulingType":"absolute"},"_wpsp_active_default_template":true},"categories":[52,27],"tags":[],"class_list":["post-65092","post","type-post","status-publish","format-standard","has-post-thumbnail","hentry","category-a-la-une","category-actualite"],"aioseo_notices":[],"yoast_head":"<!-- This site is optimized with the Yoast SEO plugin v27.5 - https:\/\/yoast.com\/product\/yoast-seo-wordpress\/ -->\n<title>Flamb\u00e9e des prix de la pomme : L&rsquo;APOCE r\u00e9clame des mesures drastiques - La Sentinelle<\/title>\n<meta name=\"robots\" content=\"index, follow, max-snippet:-1, max-image-preview:large, max-video-preview:-1\" \/>\n<link rel=\"canonical\" href=\"https:\/\/lasentinelle.dz\/index.php\/2025\/04\/03\/flambee-des-prix-de-la-pomme-lapoce-reclame-des-mesures-drastiques\/\" \/>\n<meta property=\"og:locale\" content=\"fr_FR\" \/>\n<meta property=\"og:type\" content=\"article\" \/>\n<meta property=\"og:title\" content=\"Flamb\u00e9e des prix de la pomme : L&rsquo;APOCE r\u00e9clame des mesures drastiques - La Sentinelle\" \/>\n<meta property=\"og:description\" content=\"Face \u00e0 la hausse spectaculaire des prix de la pomme sur les march\u00e9s, Mustapha Zebdi, pr\u00e9sident de l&rsquo;Organisation de protection\" \/>\n<meta property=\"og:url\" content=\"https:\/\/lasentinelle.dz\/index.php\/2025\/04\/03\/flambee-des-prix-de-la-pomme-lapoce-reclame-des-mesures-drastiques\/\" \/>\n<meta property=\"og:site_name\" content=\"La Sentinelle\" \/>\n<meta property=\"article:publisher\" content=\"https:\/\/www.facebook.com\/La-Sentinelle-104059864394773\" \/>\n<meta property=\"article:published_time\" content=\"2025-04-03T10:58:26+00:00\" \/>\n<meta property=\"article:modified_time\" content=\"2025-04-03T10:58:27+00:00\" \/>\n<meta property=\"og:image\" content=\"https:\/\/lasentinelle.dz\/wp-content\/uploads\/2025\/04\/pommes.webp\" \/>\n\t<meta property=\"og:image:width\" content=\"600\" \/>\n\t<meta property=\"og:image:height\" content=\"598\" \/>\n\t<meta property=\"og:image:type\" content=\"image\/webp\" \/>\n<meta name=\"author\" content=\"admin\" \/>\n<meta name=\"twitter:card\" content=\"summary_large_image\" \/>\n<meta name=\"twitter:label1\" content=\"\u00c9crit par\" \/>\n\t<meta name=\"twitter:data1\" content=\"admin\" \/>\n\t<meta name=\"twitter:label2\" content=\"Dur\u00e9e de lecture estim\u00e9e\" \/>\n\t<meta name=\"twitter:data2\" content=\"4 minutes\" \/>\n<script type=\"application\/ld+json\" class=\"yoast-schema-graph\">{\"@context\":\"https:\\\/\\\/schema.org\",\"@graph\":[{\"@type\":\"Article\",\"@id\":\"https:\\\/\\\/lasentinelle.dz\\\/index.php\\\/2025\\\/04\\\/03\\\/flambee-des-prix-de-la-pomme-lapoce-reclame-des-mesures-drastiques\\\/#article\",\"isPartOf\":{\"@id\":\"https:\\\/\\\/lasentinelle.dz\\\/index.php\\\/2025\\\/04\\\/03\\\/flambee-des-prix-de-la-pomme-lapoce-reclame-des-mesures-drastiques\\\/\"},\"author\":{\"name\":\"admin\",\"@id\":\"https:\\\/\\\/lasentinelle.dz\\\/#\\\/schema\\\/person\\\/729ee0024f24e0b8c5ec17232f8e8b41\"},\"headline\":\"Flamb\u00e9e des prix de la pomme : L&rsquo;APOCE r\u00e9clame des mesures drastiques\",\"datePublished\":\"2025-04-03T10:58:26+00:00\",\"dateModified\":\"2025-04-03T10:58:27+00:00\",\"mainEntityOfPage\":{\"@id\":\"https:\\\/\\\/lasentinelle.dz\\\/index.php\\\/2025\\\/04\\\/03\\\/flambee-des-prix-de-la-pomme-lapoce-reclame-des-mesures-drastiques\\\/\"},\"wordCount\":645,\"commentCount\":0,\"publisher\":{\"@id\":\"https:\\\/\\\/lasentinelle.dz\\\/#organization\"},\"image\":{\"@id\":\"https:\\\/\\\/lasentinelle.dz\\\/index.php\\\/2025\\\/04\\\/03\\\/flambee-des-prix-de-la-pomme-lapoce-reclame-des-mesures-drastiques\\\/#primaryimage\"},\"thumbnailUrl\":\"https:\\\/\\\/lasentinelle.dz\\\/wp-content\\\/uploads\\\/2025\\\/04\\\/pommes.webp\",\"articleSection\":[\"\u00c0 la Une\",\"Actualit\u00e9\"],\"inLanguage\":\"fr-FR\",\"potentialAction\":[{\"@type\":\"CommentAction\",\"name\":\"Comment\",\"target\":[\"https:\\\/\\\/lasentinelle.dz\\\/index.php\\\/2025\\\/04\\\/03\\\/flambee-des-prix-de-la-pomme-lapoce-reclame-des-mesures-drastiques\\\/#respond\"]}]},{\"@type\":\"WebPage\",\"@id\":\"https:\\\/\\\/lasentinelle.dz\\\/index.php\\\/2025\\\/04\\\/03\\\/flambee-des-prix-de-la-pomme-lapoce-reclame-des-mesures-drastiques\\\/\",\"url\":\"https:\\\/\\\/lasentinelle.dz\\\/index.php\\\/2025\\\/04\\\/03\\\/flambee-des-prix-de-la-pomme-lapoce-reclame-des-mesures-drastiques\\\/\",\"name\":\"Flamb\u00e9e des prix de la pomme : L&rsquo;APOCE r\u00e9clame des mesures drastiques - La Sentinelle\",\"isPartOf\":{\"@id\":\"https:\\\/\\\/lasentinelle.dz\\\/#website\"},\"primaryImageOfPage\":{\"@id\":\"https:\\\/\\\/lasentinelle.dz\\\/index.php\\\/2025\\\/04\\\/03\\\/flambee-des-prix-de-la-pomme-lapoce-reclame-des-mesures-drastiques\\\/#primaryimage\"},\"image\":{\"@id\":\"https:\\\/\\\/lasentinelle.dz\\\/index.php\\\/2025\\\/04\\\/03\\\/flambee-des-prix-de-la-pomme-lapoce-reclame-des-mesures-drastiques\\\/#primaryimage\"},\"thumbnailUrl\":\"https:\\\/\\\/lasentinelle.dz\\\/wp-content\\\/uploads\\\/2025\\\/04\\\/pommes.webp\",\"datePublished\":\"2025-04-03T10:58:26+00:00\",\"dateModified\":\"2025-04-03T10:58:27+00:00\",\"breadcrumb\":{\"@id\":\"https:\\\/\\\/lasentinelle.dz\\\/index.php\\\/2025\\\/04\\\/03\\\/flambee-des-prix-de-la-pomme-lapoce-reclame-des-mesures-drastiques\\\/#breadcrumb\"},\"inLanguage\":\"fr-FR\",\"potentialAction\":[{\"@type\":\"ReadAction\",\"target\":[\"https:\\\/\\\/lasentinelle.dz\\\/index.php\\\/2025\\\/04\\\/03\\\/flambee-des-prix-de-la-pomme-lapoce-reclame-des-mesures-drastiques\\\/\"]}]},{\"@type\":\"ImageObject\",\"inLanguage\":\"fr-FR\",\"@id\":\"https:\\\/\\\/lasentinelle.dz\\\/index.php\\\/2025\\\/04\\\/03\\\/flambee-des-prix-de-la-pomme-lapoce-reclame-des-mesures-drastiques\\\/#primaryimage\",\"url\":\"https:\\\/\\\/lasentinelle.dz\\\/wp-content\\\/uploads\\\/2025\\\/04\\\/pommes.webp\",\"contentUrl\":\"https:\\\/\\\/lasentinelle.dz\\\/wp-content\\\/uploads\\\/2025\\\/04\\\/pommes.webp\",\"width\":600,\"height\":598},{\"@type\":\"BreadcrumbList\",\"@id\":\"https:\\\/\\\/lasentinelle.dz\\\/index.php\\\/2025\\\/04\\\/03\\\/flambee-des-prix-de-la-pomme-lapoce-reclame-des-mesures-drastiques\\\/#breadcrumb\",\"itemListElement\":[{\"@type\":\"ListItem\",\"position\":1,\"name\":\"Accueil\",\"item\":\"https:\\\/\\\/lasentinelle.dz\\\/\"},{\"@type\":\"ListItem\",\"position\":2,\"name\":\"Flamb\u00e9e des prix de la pomme : L&rsquo;APOCE r\u00e9clame des mesures drastiques\"}]},{\"@type\":\"WebSite\",\"@id\":\"https:\\\/\\\/lasentinelle.dz\\\/#website\",\"url\":\"https:\\\/\\\/lasentinelle.dz\\\/\",\"name\":\"La Sentinelle\",\"description\":\"Quotidien national d&#039;information\",\"publisher\":{\"@id\":\"https:\\\/\\\/lasentinelle.dz\\\/#organization\"},\"potentialAction\":[{\"@type\":\"SearchAction\",\"target\":{\"@type\":\"EntryPoint\",\"urlTemplate\":\"https:\\\/\\\/lasentinelle.dz\\\/?s={search_term_string}\"},\"query-input\":{\"@type\":\"PropertyValueSpecification\",\"valueRequired\":true,\"valueName\":\"search_term_string\"}}],\"inLanguage\":\"fr-FR\"},{\"@type\":\"Organization\",\"@id\":\"https:\\\/\\\/lasentinelle.dz\\\/#organization\",\"name\":\"Quotidien La Sentinelle\",\"url\":\"https:\\\/\\\/lasentinelle.dz\\\/\",\"logo\":{\"@type\":\"ImageObject\",\"inLanguage\":\"fr-FR\",\"@id\":\"https:\\\/\\\/lasentinelle.dz\\\/#\\\/schema\\\/logo\\\/image\\\/\",\"url\":\"https:\\\/\\\/lasentinelle.dz\\\/wp-content\\\/uploads\\\/2021\\\/09\\\/logo-sentinelleSLOGAN-1.png\",\"contentUrl\":\"https:\\\/\\\/lasentinelle.dz\\\/wp-content\\\/uploads\\\/2021\\\/09\\\/logo-sentinelleSLOGAN-1.png\",\"width\":615,\"height\":142,\"caption\":\"Quotidien La Sentinelle\"},\"image\":{\"@id\":\"https:\\\/\\\/lasentinelle.dz\\\/#\\\/schema\\\/logo\\\/image\\\/\"},\"sameAs\":[\"https:\\\/\\\/www.facebook.com\\\/La-Sentinelle-104059864394773\"]},{\"@type\":\"Person\",\"@id\":\"https:\\\/\\\/lasentinelle.dz\\\/#\\\/schema\\\/person\\\/729ee0024f24e0b8c5ec17232f8e8b41\",\"name\":\"admin\",\"image\":{\"@type\":\"ImageObject\",\"inLanguage\":\"fr-FR\",\"@id\":\"https:\\\/\\\/secure.gravatar.com\\\/avatar\\\/4c81fed838786e9b53f540bf46533e750f5d292099ae3b66cfc6fb1982e29df7?s=96&d=mm&r=g\",\"url\":\"https:\\\/\\\/secure.gravatar.com\\\/avatar\\\/4c81fed838786e9b53f540bf46533e750f5d292099ae3b66cfc6fb1982e29df7?s=96&d=mm&r=g\",\"contentUrl\":\"https:\\\/\\\/secure.gravatar.com\\\/avatar\\\/4c81fed838786e9b53f540bf46533e750f5d292099ae3b66cfc6fb1982e29df7?s=96&d=mm&r=g\",\"caption\":\"admin\"},\"description\":\"admin\",\"url\":\"https:\\\/\\\/lasentinelle.dz\\\/author\\\/admin\\\/\"}]}<\/script>\n<!-- \/ Yoast SEO plugin. -->","yoast_head_json":{"title":"Flamb\u00e9e des prix de la pomme : L&rsquo;APOCE r\u00e9clame des mesures drastiques - La Sentinelle","robots":{"index":"index","follow":"follow","max-snippet":"max-snippet:-1","max-image-preview":"max-image-preview:large","max-video-preview":"max-video-preview:-1"},"canonical":"https:\/\/lasentinelle.dz\/index.php\/2025\/04\/03\/flambee-des-prix-de-la-pomme-lapoce-reclame-des-mesures-drastiques\/","og_locale":"fr_FR","og_type":"article","og_title":"Flamb\u00e9e des prix de la pomme : L&rsquo;APOCE r\u00e9clame des mesures drastiques - La Sentinelle","og_description":"Face \u00e0 la hausse spectaculaire des prix de la pomme sur les march\u00e9s, Mustapha Zebdi, pr\u00e9sident de l&rsquo;Organisation de protection","og_url":"https:\/\/lasentinelle.dz\/index.php\/2025\/04\/03\/flambee-des-prix-de-la-pomme-lapoce-reclame-des-mesures-drastiques\/","og_site_name":"La Sentinelle","article_publisher":"https:\/\/www.facebook.com\/La-Sentinelle-104059864394773","article_published_time":"2025-04-03T10:58:26+00:00","article_modified_time":"2025-04-03T10:58:27+00:00","og_image":[{"width":600,"height":598,"url":"https:\/\/lasentinelle.dz\/wp-content\/uploads\/2025\/04\/pommes.webp","type":"image\/webp"}],"author":"admin","twitter_card":"summary_large_image","twitter_misc":{"\u00c9crit par":"admin","Dur\u00e9e de lecture estim\u00e9e":"4 minutes"},"schema":{"@context":"https:\/\/schema.org","@graph":[{"@type":"Article","@id":"https:\/\/lasentinelle.dz\/index.php\/2025\/04\/03\/flambee-des-prix-de-la-pomme-lapoce-reclame-des-mesures-drastiques\/#article","isPartOf":{"@id":"https:\/\/lasentinelle.dz\/index.php\/2025\/04\/03\/flambee-des-prix-de-la-pomme-lapoce-reclame-des-mesures-drastiques\/"},"author":{"name":"admin","@id":"https:\/\/lasentinelle.dz\/#\/schema\/person\/729ee0024f24e0b8c5ec17232f8e8b41"},"headline":"Flamb\u00e9e des prix de la pomme : L&rsquo;APOCE r\u00e9clame des mesures drastiques","datePublished":"2025-04-03T10:58:26+00:00","dateModified":"2025-04-03T10:58:27+00:00","mainEntityOfPage":{"@id":"https:\/\/lasentinelle.dz\/index.php\/2025\/04\/03\/flambee-des-prix-de-la-pomme-lapoce-reclame-des-mesures-drastiques\/"},"wordCount":645,"commentCount":0,"publisher":{"@id":"https:\/\/lasentinelle.dz\/#organization"},"image":{"@id":"https:\/\/lasentinelle.dz\/index.php\/2025\/04\/03\/flambee-des-prix-de-la-pomme-lapoce-reclame-des-mesures-drastiques\/#primaryimage"},"thumbnailUrl":"https:\/\/lasentinelle.dz\/wp-content\/uploads\/2025\/04\/pommes.webp","articleSection":["\u00c0 la Une","Actualit\u00e9"],"inLanguage":"fr-FR","potentialAction":[{"@type":"CommentAction","name":"Comment","target":["https:\/\/lasentinelle.dz\/index.php\/2025\/04\/03\/flambee-des-prix-de-la-pomme-lapoce-reclame-des-mesures-drastiques\/#respond"]}]},{"@type":"WebPage","@id":"https:\/\/lasentinelle.dz\/index.php\/2025\/04\/03\/flambee-des-prix-de-la-pomme-lapoce-reclame-des-mesures-drastiques\/","url":"https:\/\/lasentinelle.dz\/index.php\/2025\/04\/03\/flambee-des-prix-de-la-pomme-lapoce-reclame-des-mesures-drastiques\/","name":"Flamb\u00e9e des prix de la pomme : L&rsquo;APOCE r\u00e9clame des mesures drastiques - La Sentinelle","isPartOf":{"@id":"https:\/\/lasentinelle.dz\/#website"},"primaryImageOfPage":{"@id":"https:\/\/lasentinelle.dz\/index.php\/2025\/04\/03\/flambee-des-prix-de-la-pomme-lapoce-reclame-des-mesures-drastiques\/#primaryimage"},"image":{"@id":"https:\/\/lasentinelle.dz\/index.php\/2025\/04\/03\/flambee-des-prix-de-la-pomme-lapoce-reclame-des-mesures-drastiques\/#primaryimage"},"thumbnailUrl":"https:\/\/lasentinelle.dz\/wp-content\/uploads\/2025\/04\/pommes.webp","datePublished":"2025-04-03T10:58:26+00:00","dateModified":"2025-04-03T10:58:27+00:00","breadcrumb":{"@id":"https:\/\/lasentinelle.dz\/index.php\/2025\/04\/03\/flambee-des-prix-de-la-pomme-lapoce-reclame-des-mesures-drastiques\/#breadcrumb"},"inLanguage":"fr-FR","potentialAction":[{"@type":"ReadAction","target":["https:\/\/lasentinelle.dz\/index.php\/2025\/04\/03\/flambee-des-prix-de-la-pomme-lapoce-reclame-des-mesures-drastiques\/"]}]},{"@type":"ImageObject","inLanguage":"fr-FR","@id":"https:\/\/lasentinelle.dz\/index.php\/2025\/04\/03\/flambee-des-prix-de-la-pomme-lapoce-reclame-des-mesures-drastiques\/#primaryimage","url":"https:\/\/lasentinelle.dz\/wp-content\/uploads\/2025\/04\/pommes.webp","contentUrl":"https:\/\/lasentinelle.dz\/wp-content\/uploads\/2025\/04\/pommes.webp","width":600,"height":598},{"@type":"BreadcrumbList","@id":"https:\/\/lasentinelle.dz\/index.php\/2025\/04\/03\/flambee-des-prix-de-la-pomme-lapoce-reclame-des-mesures-drastiques\/#breadcrumb","itemListElement":[{"@type":"ListItem","position":1,"name":"Accueil","item":"https:\/\/lasentinelle.dz\/"},{"@type":"ListItem","position":2,"name":"Flamb\u00e9e des prix de la pomme : L&rsquo;APOCE r\u00e9clame des mesures drastiques"}]},{"@type":"WebSite","@id":"https:\/\/lasentinelle.dz\/#website","url":"https:\/\/lasentinelle.dz\/","name":"La Sentinelle","description":"Quotidien national d&#039;information","publisher":{"@id":"https:\/\/lasentinelle.dz\/#organization"},"potentialAction":[{"@type":"SearchAction","target":{"@type":"EntryPoint","urlTemplate":"https:\/\/lasentinelle.dz\/?s={search_term_string}"},"query-input":{"@type":"PropertyValueSpecification","valueRequired":true,"valueName":"search_term_string"}}],"inLanguage":"fr-FR"},{"@type":"Organization","@id":"https:\/\/lasentinelle.dz\/#organization","name":"Quotidien La Sentinelle","url":"https:\/\/lasentinelle.dz\/","logo":{"@type":"ImageObject","inLanguage":"fr-FR","@id":"https:\/\/lasentinelle.dz\/#\/schema\/logo\/image\/","url":"https:\/\/lasentinelle.dz\/wp-content\/uploads\/2021\/09\/logo-sentinelleSLOGAN-1.png","contentUrl":"https:\/\/lasentinelle.dz\/wp-content\/uploads\/2021\/09\/logo-sentinelleSLOGAN-1.png","width":615,"height":142,"caption":"Quotidien La Sentinelle"},"image":{"@id":"https:\/\/lasentinelle.dz\/#\/schema\/logo\/image\/"},"sameAs":["https:\/\/www.facebook.com\/La-Sentinelle-104059864394773"]},{"@type":"Person","@id":"https:\/\/lasentinelle.dz\/#\/schema\/person\/729ee0024f24e0b8c5ec17232f8e8b41","name":"admin","image":{"@type":"ImageObject","inLanguage":"fr-FR","@id":"https:\/\/secure.gravatar.com\/avatar\/4c81fed838786e9b53f540bf46533e750f5d292099ae3b66cfc6fb1982e29df7?s=96&d=mm&r=g","url":"https:\/\/secure.gravatar.com\/avatar\/4c81fed838786e9b53f540bf46533e750f5d292099ae3b66cfc6fb1982e29df7?s=96&d=mm&r=g","contentUrl":"https:\/\/secure.gravatar.com\/avatar\/4c81fed838786e9b53f540bf46533e750f5d292099ae3b66cfc6fb1982e29df7?s=96&d=mm&r=g","caption":"admin"},"description":"admin","url":"https:\/\/lasentinelle.dz\/author\/admin\/"}]}},"_links":{"self":[{"href":"https:\/\/lasentinelle.dz\/index.php\/wp-json\/wp\/v2\/posts\/65092","targetHints":{"allow":["GET"]}}],"collection":[{"href":"https:\/\/lasentinelle.dz\/index.php\/wp-json\/wp\/v2\/posts"}],"about":[{"href":"https:\/\/lasentinelle.dz\/index.php\/wp-json\/wp\/v2\/types\/post"}],"author":[{"embeddable":true,"href":"https:\/\/lasentinelle.dz\/index.php\/wp-json\/wp\/v2\/users\/6"}],"replies":[{"embeddable":true,"href":"https:\/\/lasentinelle.dz\/index.php\/wp-json\/wp\/v2\/comments?post=65092"}],"version-history":[{"count":2,"href":"https:\/\/lasentinelle.dz\/index.php\/wp-json\/wp\/v2\/posts\/65092\/revisions"}],"predecessor-version":[{"id":65095,"href":"https:\/\/lasentinelle.dz\/index.php\/wp-json\/wp\/v2\/posts\/65092\/revisions\/65095"}],"wp:featuredmedia":[{"embeddable":true,"href":"https:\/\/lasentinelle.dz\/index.php\/wp-json\/wp\/v2\/media\/65093"}],"wp:attachment":[{"href":"https:\/\/lasentinelle.dz\/index.php\/wp-json\/wp\/v2\/media?parent=65092"}],"wp:term":[{"taxonomy":"category","embeddable":true,"href":"https:\/\/lasentinelle.dz\/index.php\/wp-json\/wp\/v2\/categories?post=65092"},{"taxonomy":"post_tag","embeddable":true,"href":"https:\/\/lasentinelle.dz\/index.php\/wp-json\/wp\/v2\/tags?post=65092"}],"curies":[{"name":"wp","href":"https:\/\/api.w.org\/{rel}","templated":true}]}}