{"id":65109,"date":"2025-04-03T12:02:59","date_gmt":"2025-04-03T11:02:59","guid":{"rendered":"https:\/\/lasentinelle.dz\/?p=65109"},"modified":"2025-04-03T12:03:00","modified_gmt":"2025-04-03T11:03:00","slug":"communication-meziane-plaide-pour-un-front-mediatique-national","status":"publish","type":"post","link":"https:\/\/lasentinelle.dz\/index.php\/2025\/04\/03\/communication-meziane-plaide-pour-un-front-mediatique-national\/","title":{"rendered":"Communication: Meziane plaide pour un front m\u00e9diatique national"},"content":{"rendered":"\n<p>\u00c0 l&rsquo;occasion de l&rsquo;A\u00efd El-Fitr, le ministre de la Communication, Mohamed Meziane, et le conseiller du pr\u00e9sident de la R\u00e9publique charg\u00e9 de la Direction g\u00e9n\u00e9rale de la communication, Kamel Sidi Sa\u00efd, ont effectu\u00e9 une tourn\u00e9e des institutions m\u00e9diatiques nationales pour pr\u00e9senter leurs v\u0153ux aux professionnels du secteur. Cette visite s&rsquo;inscrit dans une tradition instaur\u00e9e par le pr\u00e9sident Abdelmadjid Tebboune et a \u00e9t\u00e9 l&rsquo;occasion pour les deux responsables de d\u00e9voiler les contours d&rsquo;une nouvelle strat\u00e9gie m\u00e9diatique nationale ambitieuse. Dans son allocution, M. Meziane a explicit\u00e9 les grandes lignes d&rsquo;un \u00ab\u00a0projet national visant \u00e0 am\u00e9liorer la performance m\u00e9diatique, \u00e0 d\u00e9velopper et \u00e0 pr\u00e9server les institutions m\u00e9diatiques, tout en les accompagnant pour s&rsquo;adapter aux mutations du paysage m\u00e9diatique international\u00a0\u00bb. Cette r\u00e9forme semble r\u00e9pondre \u00e0 plusieurs imp\u00e9ratifs strat\u00e9giques pour l&rsquo;Alg\u00e9rie. Face \u00e0 un environnement informationnel de plus en plus complexe, le gouvernement souhaite des m\u00e9dias \u00ab\u00a0plus professionnels et \u00e0 la hauteur des enjeux socio\u00e9conomiques et politiques majeurs et multiples de l&rsquo;Alg\u00e9rie\u00a0\u00bb. Dans ce cadre, M. Meziane a appel\u00e9 la famille m\u00e9diatique nationale \u00e0 \u00ab\u00a0faire preuve de professionnalisme et de responsabilit\u00e9 sociale dans le traitement des divers sujets et \u00e0 v\u00e9rifier la cr\u00e9dibilit\u00e9 de l&rsquo;information avant sa publication, en s&rsquo;appuyant sur des sources fiables et cr\u00e9dibles, et partant, \u00e9viter les fake news et les informations erron\u00e9es et tendancieuses visant \u00e0 ternir l&rsquo;image de l&rsquo;Alg\u00e9rie\u00a0\u00bb. La dimension s\u00e9curitaire et g\u00e9opolitique de l&rsquo;information occupe une place pr\u00e9pond\u00e9rante dans cette nouvelle vision. Le ministre a insist\u00e9 sur la n\u00e9cessit\u00e9 de \u00ab\u00a0mettre en place un front m\u00e9diatique national, qui s&rsquo;aligne essentiellement sur les valeurs de citoyennet\u00e9, la d\u00e9fense des constantes de la nation, de ses symboles et des institutions de l&rsquo;\u00c9tat, ainsi que sur la promotion de l&rsquo;image de l&rsquo;Alg\u00e9rie et la mise en avant de ses positions fermes dans la d\u00e9fense des causes justes\u00a0\u00bb. Cette approche vise explicitement \u00e0 \u00ab\u00a0faire face \u00e0 tous les dangers mena\u00e7ant l&rsquo;Alg\u00e9rie, quelle que soit leur nature (guerres de quatri\u00e8me et cinqui\u00e8me g\u00e9n\u00e9ration)\u00a0\u00bb.<\/p>\n\n\n\n<p>Le renforcement des capacit\u00e9s professionnelles constitue un autre pilier de cette strat\u00e9gie. M. Meziane a soulign\u00e9 la d\u00e9termination du minist\u00e8re \u00e0 \u00ab\u00a0mettre en \u0153uvre le programme de formation p\u00e9riodique et continue, afin d&rsquo;am\u00e9liorer la performance m\u00e9diatique et de renforcer le professionnalisme et l&rsquo;expertise dans le secteur\u00a0\u00bb. Cette d\u00e9marche s&rsquo;accompagnera d&rsquo;une s\u00e9rie de rencontres avec les professionnels \u00ab\u00a0afin de discuter des valeurs professionnelles et de leur r\u00f4le dans la d\u00e9fense de la patrie\u00a0\u00bb. Pour sa part, Kamel Sidi Sa\u00efd a salu\u00e9 particuli\u00e8rement les efforts de la T\u00e9l\u00e9vision alg\u00e9rienne qui a r\u00e9ussi, selon lui, \u00e0 \u00ab\u00a0reconqu\u00e9rir les t\u00e9l\u00e9spectateurs\u00a0\u00bb gr\u00e2ce \u00e0 \u00ab\u00a0ses programmes vari\u00e9s et ses feuilletons\u00a0\u00bb durant le Ramadhan. Il a exprim\u00e9 son souhait de voir davantage de productions tout au long de l&rsquo;ann\u00e9e, \u00ab\u00a0\u00e0 m\u00eame de refl\u00e9ter l&rsquo;authenticit\u00e9 de la soci\u00e9t\u00e9 alg\u00e9rienne et contribuer ainsi \u00e0 donner une image honorable de l&rsquo;Alg\u00e9rie\u00a0\u00bb.<\/p>\n\n\n\n<p>Cette nouvelle politique m\u00e9diatique s&rsquo;inscrit clairement dans une vision globale port\u00e9e par le pr\u00e9sident Tebboune. Comme l&rsquo;a affirm\u00e9 M. Meziane, les autorit\u00e9s \u0153uvrent \u00ab\u00a0sans rel\u00e2che \u00e0 apporter une valeur ajout\u00e9e \u00e0 l&rsquo;action men\u00e9e par les institutions de l&rsquo;\u00c9tat en s&rsquo;appuyant sur les orientations et instructions du pr\u00e9sident de la R\u00e9publique, exprim\u00e9es \u00e0 maintes occasions\u00a0\u00bb. L&rsquo;objectif final est de doter l&rsquo;Alg\u00e9rie d&rsquo;un dispositif m\u00e9diatique performant, capable de d\u00e9fendre ses int\u00e9r\u00eats sur la sc\u00e8ne internationale et de contrer les campagnes d&rsquo;information hostiles, tout en pr\u00e9servant les valeurs nationales.<\/p>\n\n\n\n<p><strong>Chokri Hafed<\/strong><\/p>\n","protected":false},"excerpt":{"rendered":"<p>\u00c0 l&rsquo;occasion de l&rsquo;A\u00efd El-Fitr, le ministre de la Communication, Mohamed Meziane, et le conseiller du pr\u00e9sident de la R\u00e9publique<\/p>\n","protected":false},"author":6,"featured_media":65110,"comment_status":"open","ping_status":"closed","sticky":false,"template":"","format":"standard","meta":{"colormag_page_container_layout":"default_layout","colormag_page_sidebar_layout":"default_layout","om_disable_all_campaigns":false,"_monsterinsights_skip_tracking":false,"_monsterinsights_sitenote_active":false,"_monsterinsights_sitenote_note":"","_monsterinsights_sitenote_category":0,"footnotes":"","_wpscppro_dont_share_socialmedia":false,"_wpscppro_custom_social_share_image":0,"_facebook_share_type":"default","_twitter_share_type":"default","_linkedin_share_type":"default","_pinterest_share_type":"default","_linkedin_share_type_page":"","_instagram_share_type":"default","_medium_share_type":"default","_threads_share_type":"","_google_business_share_type":"","_selected_social_profile":[],"_wpsp_enable_custom_social_template":false,"_wpsp_social_scheduling":{"enabled":false,"datetime":null,"platforms":[],"status":"template_only","dateOption":"today","timeOption":"now","customDays":"","customHours":"","customDate":"","customTime":"","schedulingType":"absolute"},"_wpsp_active_default_template":true},"categories":[27],"tags":[],"class_list":["post-65109","post","type-post","status-publish","format-standard","has-post-thumbnail","hentry","category-actualite"],"aioseo_notices":[],"yoast_head":"<!-- This site is optimized with the Yoast SEO plugin v27.5 - https:\/\/yoast.com\/product\/yoast-seo-wordpress\/ -->\n<title>Communication: Meziane plaide pour un front m\u00e9diatique national - La Sentinelle<\/title>\n<meta name=\"robots\" content=\"index, follow, max-snippet:-1, max-image-preview:large, max-video-preview:-1\" \/>\n<link rel=\"canonical\" href=\"https:\/\/lasentinelle.dz\/index.php\/2025\/04\/03\/communication-meziane-plaide-pour-un-front-mediatique-national\/\" \/>\n<meta property=\"og:locale\" content=\"fr_FR\" \/>\n<meta property=\"og:type\" content=\"article\" \/>\n<meta property=\"og:title\" content=\"Communication: Meziane plaide pour un front m\u00e9diatique national - La Sentinelle\" \/>\n<meta property=\"og:description\" content=\"\u00c0 l&rsquo;occasion de l&rsquo;A\u00efd El-Fitr, le ministre de la Communication, Mohamed Meziane, et le conseiller du pr\u00e9sident de la R\u00e9publique\" \/>\n<meta property=\"og:url\" content=\"https:\/\/lasentinelle.dz\/index.php\/2025\/04\/03\/communication-meziane-plaide-pour-un-front-mediatique-national\/\" \/>\n<meta property=\"og:site_name\" content=\"La Sentinelle\" \/>\n<meta property=\"article:publisher\" content=\"https:\/\/www.facebook.com\/La-Sentinelle-104059864394773\" \/>\n<meta property=\"article:published_time\" content=\"2025-04-03T11:02:59+00:00\" \/>\n<meta property=\"article:modified_time\" content=\"2025-04-03T11:03:00+00:00\" \/>\n<meta property=\"og:image\" content=\"https:\/\/lasentinelle.dz\/wp-content\/uploads\/2025\/04\/488651836_1069504501879391_5416899873143986273_n.jpg\" \/>\n\t<meta property=\"og:image:width\" content=\"1080\" \/>\n\t<meta property=\"og:image:height\" content=\"720\" \/>\n\t<meta property=\"og:image:type\" content=\"image\/jpeg\" \/>\n<meta name=\"author\" content=\"admin\" \/>\n<meta name=\"twitter:card\" content=\"summary_large_image\" \/>\n<meta name=\"twitter:label1\" content=\"\u00c9crit par\" \/>\n\t<meta name=\"twitter:data1\" content=\"admin\" \/>\n\t<meta name=\"twitter:label2\" content=\"Dur\u00e9e de lecture estim\u00e9e\" \/>\n\t<meta name=\"twitter:data2\" content=\"4 minutes\" \/>\n<script type=\"application\/ld+json\" class=\"yoast-schema-graph\">{\"@context\":\"https:\\\/\\\/schema.org\",\"@graph\":[{\"@type\":\"Article\",\"@id\":\"https:\\\/\\\/lasentinelle.dz\\\/index.php\\\/2025\\\/04\\\/03\\\/communication-meziane-plaide-pour-un-front-mediatique-national\\\/#article\",\"isPartOf\":{\"@id\":\"https:\\\/\\\/lasentinelle.dz\\\/index.php\\\/2025\\\/04\\\/03\\\/communication-meziane-plaide-pour-un-front-mediatique-national\\\/\"},\"author\":{\"name\":\"admin\",\"@id\":\"https:\\\/\\\/lasentinelle.dz\\\/#\\\/schema\\\/person\\\/729ee0024f24e0b8c5ec17232f8e8b41\"},\"headline\":\"Communication: Meziane plaide pour un front m\u00e9diatique national\",\"datePublished\":\"2025-04-03T11:02:59+00:00\",\"dateModified\":\"2025-04-03T11:03:00+00:00\",\"mainEntityOfPage\":{\"@id\":\"https:\\\/\\\/lasentinelle.dz\\\/index.php\\\/2025\\\/04\\\/03\\\/communication-meziane-plaide-pour-un-front-mediatique-national\\\/\"},\"wordCount\":668,\"commentCount\":0,\"publisher\":{\"@id\":\"https:\\\/\\\/lasentinelle.dz\\\/#organization\"},\"image\":{\"@id\":\"https:\\\/\\\/lasentinelle.dz\\\/index.php\\\/2025\\\/04\\\/03\\\/communication-meziane-plaide-pour-un-front-mediatique-national\\\/#primaryimage\"},\"thumbnailUrl\":\"https:\\\/\\\/lasentinelle.dz\\\/wp-content\\\/uploads\\\/2025\\\/04\\\/488651836_1069504501879391_5416899873143986273_n.jpg\",\"articleSection\":[\"Actualit\u00e9\"],\"inLanguage\":\"fr-FR\",\"potentialAction\":[{\"@type\":\"CommentAction\",\"name\":\"Comment\",\"target\":[\"https:\\\/\\\/lasentinelle.dz\\\/index.php\\\/2025\\\/04\\\/03\\\/communication-meziane-plaide-pour-un-front-mediatique-national\\\/#respond\"]}]},{\"@type\":\"WebPage\",\"@id\":\"https:\\\/\\\/lasentinelle.dz\\\/index.php\\\/2025\\\/04\\\/03\\\/communication-meziane-plaide-pour-un-front-mediatique-national\\\/\",\"url\":\"https:\\\/\\\/lasentinelle.dz\\\/index.php\\\/2025\\\/04\\\/03\\\/communication-meziane-plaide-pour-un-front-mediatique-national\\\/\",\"name\":\"Communication: Meziane plaide pour un front m\u00e9diatique national - La Sentinelle\",\"isPartOf\":{\"@id\":\"https:\\\/\\\/lasentinelle.dz\\\/#website\"},\"primaryImageOfPage\":{\"@id\":\"https:\\\/\\\/lasentinelle.dz\\\/index.php\\\/2025\\\/04\\\/03\\\/communication-meziane-plaide-pour-un-front-mediatique-national\\\/#primaryimage\"},\"image\":{\"@id\":\"https:\\\/\\\/lasentinelle.dz\\\/index.php\\\/2025\\\/04\\\/03\\\/communication-meziane-plaide-pour-un-front-mediatique-national\\\/#primaryimage\"},\"thumbnailUrl\":\"https:\\\/\\\/lasentinelle.dz\\\/wp-content\\\/uploads\\\/2025\\\/04\\\/488651836_1069504501879391_5416899873143986273_n.jpg\",\"datePublished\":\"2025-04-03T11:02:59+00:00\",\"dateModified\":\"2025-04-03T11:03:00+00:00\",\"breadcrumb\":{\"@id\":\"https:\\\/\\\/lasentinelle.dz\\\/index.php\\\/2025\\\/04\\\/03\\\/communication-meziane-plaide-pour-un-front-mediatique-national\\\/#breadcrumb\"},\"inLanguage\":\"fr-FR\",\"potentialAction\":[{\"@type\":\"ReadAction\",\"target\":[\"https:\\\/\\\/lasentinelle.dz\\\/index.php\\\/2025\\\/04\\\/03\\\/communication-meziane-plaide-pour-un-front-mediatique-national\\\/\"]}]},{\"@type\":\"ImageObject\",\"inLanguage\":\"fr-FR\",\"@id\":\"https:\\\/\\\/lasentinelle.dz\\\/index.php\\\/2025\\\/04\\\/03\\\/communication-meziane-plaide-pour-un-front-mediatique-national\\\/#primaryimage\",\"url\":\"https:\\\/\\\/lasentinelle.dz\\\/wp-content\\\/uploads\\\/2025\\\/04\\\/488651836_1069504501879391_5416899873143986273_n.jpg\",\"contentUrl\":\"https:\\\/\\\/lasentinelle.dz\\\/wp-content\\\/uploads\\\/2025\\\/04\\\/488651836_1069504501879391_5416899873143986273_n.jpg\",\"width\":1080,\"height\":720},{\"@type\":\"BreadcrumbList\",\"@id\":\"https:\\\/\\\/lasentinelle.dz\\\/index.php\\\/2025\\\/04\\\/03\\\/communication-meziane-plaide-pour-un-front-mediatique-national\\\/#breadcrumb\",\"itemListElement\":[{\"@type\":\"ListItem\",\"position\":1,\"name\":\"Accueil\",\"item\":\"https:\\\/\\\/lasentinelle.dz\\\/\"},{\"@type\":\"ListItem\",\"position\":2,\"name\":\"Communication: Meziane plaide pour un front m\u00e9diatique national\"}]},{\"@type\":\"WebSite\",\"@id\":\"https:\\\/\\\/lasentinelle.dz\\\/#website\",\"url\":\"https:\\\/\\\/lasentinelle.dz\\\/\",\"name\":\"La Sentinelle\",\"description\":\"Quotidien national d&#039;information\",\"publisher\":{\"@id\":\"https:\\\/\\\/lasentinelle.dz\\\/#organization\"},\"potentialAction\":[{\"@type\":\"SearchAction\",\"target\":{\"@type\":\"EntryPoint\",\"urlTemplate\":\"https:\\\/\\\/lasentinelle.dz\\\/?s={search_term_string}\"},\"query-input\":{\"@type\":\"PropertyValueSpecification\",\"valueRequired\":true,\"valueName\":\"search_term_string\"}}],\"inLanguage\":\"fr-FR\"},{\"@type\":\"Organization\",\"@id\":\"https:\\\/\\\/lasentinelle.dz\\\/#organization\",\"name\":\"Quotidien La Sentinelle\",\"url\":\"https:\\\/\\\/lasentinelle.dz\\\/\",\"logo\":{\"@type\":\"ImageObject\",\"inLanguage\":\"fr-FR\",\"@id\":\"https:\\\/\\\/lasentinelle.dz\\\/#\\\/schema\\\/logo\\\/image\\\/\",\"url\":\"https:\\\/\\\/lasentinelle.dz\\\/wp-content\\\/uploads\\\/2021\\\/09\\\/logo-sentinelleSLOGAN-1.png\",\"contentUrl\":\"https:\\\/\\\/lasentinelle.dz\\\/wp-content\\\/uploads\\\/2021\\\/09\\\/logo-sentinelleSLOGAN-1.png\",\"width\":615,\"height\":142,\"caption\":\"Quotidien La Sentinelle\"},\"image\":{\"@id\":\"https:\\\/\\\/lasentinelle.dz\\\/#\\\/schema\\\/logo\\\/image\\\/\"},\"sameAs\":[\"https:\\\/\\\/www.facebook.com\\\/La-Sentinelle-104059864394773\"]},{\"@type\":\"Person\",\"@id\":\"https:\\\/\\\/lasentinelle.dz\\\/#\\\/schema\\\/person\\\/729ee0024f24e0b8c5ec17232f8e8b41\",\"name\":\"admin\",\"image\":{\"@type\":\"ImageObject\",\"inLanguage\":\"fr-FR\",\"@id\":\"https:\\\/\\\/secure.gravatar.com\\\/avatar\\\/4c81fed838786e9b53f540bf46533e750f5d292099ae3b66cfc6fb1982e29df7?s=96&d=mm&r=g\",\"url\":\"https:\\\/\\\/secure.gravatar.com\\\/avatar\\\/4c81fed838786e9b53f540bf46533e750f5d292099ae3b66cfc6fb1982e29df7?s=96&d=mm&r=g\",\"contentUrl\":\"https:\\\/\\\/secure.gravatar.com\\\/avatar\\\/4c81fed838786e9b53f540bf46533e750f5d292099ae3b66cfc6fb1982e29df7?s=96&d=mm&r=g\",\"caption\":\"admin\"},\"description\":\"admin\",\"url\":\"https:\\\/\\\/lasentinelle.dz\\\/author\\\/admin\\\/\"}]}<\/script>\n<!-- \/ Yoast SEO plugin. -->","yoast_head_json":{"title":"Communication: Meziane plaide pour un front m\u00e9diatique national - La Sentinelle","robots":{"index":"index","follow":"follow","max-snippet":"max-snippet:-1","max-image-preview":"max-image-preview:large","max-video-preview":"max-video-preview:-1"},"canonical":"https:\/\/lasentinelle.dz\/index.php\/2025\/04\/03\/communication-meziane-plaide-pour-un-front-mediatique-national\/","og_locale":"fr_FR","og_type":"article","og_title":"Communication: Meziane plaide pour un front m\u00e9diatique national - La Sentinelle","og_description":"\u00c0 l&rsquo;occasion de l&rsquo;A\u00efd El-Fitr, le ministre de la Communication, Mohamed Meziane, et le conseiller du pr\u00e9sident de la R\u00e9publique","og_url":"https:\/\/lasentinelle.dz\/index.php\/2025\/04\/03\/communication-meziane-plaide-pour-un-front-mediatique-national\/","og_site_name":"La Sentinelle","article_publisher":"https:\/\/www.facebook.com\/La-Sentinelle-104059864394773","article_published_time":"2025-04-03T11:02:59+00:00","article_modified_time":"2025-04-03T11:03:00+00:00","og_image":[{"width":1080,"height":720,"url":"https:\/\/lasentinelle.dz\/wp-content\/uploads\/2025\/04\/488651836_1069504501879391_5416899873143986273_n.jpg","type":"image\/jpeg"}],"author":"admin","twitter_card":"summary_large_image","twitter_misc":{"\u00c9crit par":"admin","Dur\u00e9e de lecture estim\u00e9e":"4 minutes"},"schema":{"@context":"https:\/\/schema.org","@graph":[{"@type":"Article","@id":"https:\/\/lasentinelle.dz\/index.php\/2025\/04\/03\/communication-meziane-plaide-pour-un-front-mediatique-national\/#article","isPartOf":{"@id":"https:\/\/lasentinelle.dz\/index.php\/2025\/04\/03\/communication-meziane-plaide-pour-un-front-mediatique-national\/"},"author":{"name":"admin","@id":"https:\/\/lasentinelle.dz\/#\/schema\/person\/729ee0024f24e0b8c5ec17232f8e8b41"},"headline":"Communication: Meziane plaide pour un front m\u00e9diatique national","datePublished":"2025-04-03T11:02:59+00:00","dateModified":"2025-04-03T11:03:00+00:00","mainEntityOfPage":{"@id":"https:\/\/lasentinelle.dz\/index.php\/2025\/04\/03\/communication-meziane-plaide-pour-un-front-mediatique-national\/"},"wordCount":668,"commentCount":0,"publisher":{"@id":"https:\/\/lasentinelle.dz\/#organization"},"image":{"@id":"https:\/\/lasentinelle.dz\/index.php\/2025\/04\/03\/communication-meziane-plaide-pour-un-front-mediatique-national\/#primaryimage"},"thumbnailUrl":"https:\/\/lasentinelle.dz\/wp-content\/uploads\/2025\/04\/488651836_1069504501879391_5416899873143986273_n.jpg","articleSection":["Actualit\u00e9"],"inLanguage":"fr-FR","potentialAction":[{"@type":"CommentAction","name":"Comment","target":["https:\/\/lasentinelle.dz\/index.php\/2025\/04\/03\/communication-meziane-plaide-pour-un-front-mediatique-national\/#respond"]}]},{"@type":"WebPage","@id":"https:\/\/lasentinelle.dz\/index.php\/2025\/04\/03\/communication-meziane-plaide-pour-un-front-mediatique-national\/","url":"https:\/\/lasentinelle.dz\/index.php\/2025\/04\/03\/communication-meziane-plaide-pour-un-front-mediatique-national\/","name":"Communication: Meziane plaide pour un front m\u00e9diatique national - La Sentinelle","isPartOf":{"@id":"https:\/\/lasentinelle.dz\/#website"},"primaryImageOfPage":{"@id":"https:\/\/lasentinelle.dz\/index.php\/2025\/04\/03\/communication-meziane-plaide-pour-un-front-mediatique-national\/#primaryimage"},"image":{"@id":"https:\/\/lasentinelle.dz\/index.php\/2025\/04\/03\/communication-meziane-plaide-pour-un-front-mediatique-national\/#primaryimage"},"thumbnailUrl":"https:\/\/lasentinelle.dz\/wp-content\/uploads\/2025\/04\/488651836_1069504501879391_5416899873143986273_n.jpg","datePublished":"2025-04-03T11:02:59+00:00","dateModified":"2025-04-03T11:03:00+00:00","breadcrumb":{"@id":"https:\/\/lasentinelle.dz\/index.php\/2025\/04\/03\/communication-meziane-plaide-pour-un-front-mediatique-national\/#breadcrumb"},"inLanguage":"fr-FR","potentialAction":[{"@type":"ReadAction","target":["https:\/\/lasentinelle.dz\/index.php\/2025\/04\/03\/communication-meziane-plaide-pour-un-front-mediatique-national\/"]}]},{"@type":"ImageObject","inLanguage":"fr-FR","@id":"https:\/\/lasentinelle.dz\/index.php\/2025\/04\/03\/communication-meziane-plaide-pour-un-front-mediatique-national\/#primaryimage","url":"https:\/\/lasentinelle.dz\/wp-content\/uploads\/2025\/04\/488651836_1069504501879391_5416899873143986273_n.jpg","contentUrl":"https:\/\/lasentinelle.dz\/wp-content\/uploads\/2025\/04\/488651836_1069504501879391_5416899873143986273_n.jpg","width":1080,"height":720},{"@type":"BreadcrumbList","@id":"https:\/\/lasentinelle.dz\/index.php\/2025\/04\/03\/communication-meziane-plaide-pour-un-front-mediatique-national\/#breadcrumb","itemListElement":[{"@type":"ListItem","position":1,"name":"Accueil","item":"https:\/\/lasentinelle.dz\/"},{"@type":"ListItem","position":2,"name":"Communication: Meziane plaide pour un front m\u00e9diatique national"}]},{"@type":"WebSite","@id":"https:\/\/lasentinelle.dz\/#website","url":"https:\/\/lasentinelle.dz\/","name":"La Sentinelle","description":"Quotidien national d&#039;information","publisher":{"@id":"https:\/\/lasentinelle.dz\/#organization"},"potentialAction":[{"@type":"SearchAction","target":{"@type":"EntryPoint","urlTemplate":"https:\/\/lasentinelle.dz\/?s={search_term_string}"},"query-input":{"@type":"PropertyValueSpecification","valueRequired":true,"valueName":"search_term_string"}}],"inLanguage":"fr-FR"},{"@type":"Organization","@id":"https:\/\/lasentinelle.dz\/#organization","name":"Quotidien La Sentinelle","url":"https:\/\/lasentinelle.dz\/","logo":{"@type":"ImageObject","inLanguage":"fr-FR","@id":"https:\/\/lasentinelle.dz\/#\/schema\/logo\/image\/","url":"https:\/\/lasentinelle.dz\/wp-content\/uploads\/2021\/09\/logo-sentinelleSLOGAN-1.png","contentUrl":"https:\/\/lasentinelle.dz\/wp-content\/uploads\/2021\/09\/logo-sentinelleSLOGAN-1.png","width":615,"height":142,"caption":"Quotidien La Sentinelle"},"image":{"@id":"https:\/\/lasentinelle.dz\/#\/schema\/logo\/image\/"},"sameAs":["https:\/\/www.facebook.com\/La-Sentinelle-104059864394773"]},{"@type":"Person","@id":"https:\/\/lasentinelle.dz\/#\/schema\/person\/729ee0024f24e0b8c5ec17232f8e8b41","name":"admin","image":{"@type":"ImageObject","inLanguage":"fr-FR","@id":"https:\/\/secure.gravatar.com\/avatar\/4c81fed838786e9b53f540bf46533e750f5d292099ae3b66cfc6fb1982e29df7?s=96&d=mm&r=g","url":"https:\/\/secure.gravatar.com\/avatar\/4c81fed838786e9b53f540bf46533e750f5d292099ae3b66cfc6fb1982e29df7?s=96&d=mm&r=g","contentUrl":"https:\/\/secure.gravatar.com\/avatar\/4c81fed838786e9b53f540bf46533e750f5d292099ae3b66cfc6fb1982e29df7?s=96&d=mm&r=g","caption":"admin"},"description":"admin","url":"https:\/\/lasentinelle.dz\/author\/admin\/"}]}},"_links":{"self":[{"href":"https:\/\/lasentinelle.dz\/index.php\/wp-json\/wp\/v2\/posts\/65109","targetHints":{"allow":["GET"]}}],"collection":[{"href":"https:\/\/lasentinelle.dz\/index.php\/wp-json\/wp\/v2\/posts"}],"about":[{"href":"https:\/\/lasentinelle.dz\/index.php\/wp-json\/wp\/v2\/types\/post"}],"author":[{"embeddable":true,"href":"https:\/\/lasentinelle.dz\/index.php\/wp-json\/wp\/v2\/users\/6"}],"replies":[{"embeddable":true,"href":"https:\/\/lasentinelle.dz\/index.php\/wp-json\/wp\/v2\/comments?post=65109"}],"version-history":[{"count":1,"href":"https:\/\/lasentinelle.dz\/index.php\/wp-json\/wp\/v2\/posts\/65109\/revisions"}],"predecessor-version":[{"id":65111,"href":"https:\/\/lasentinelle.dz\/index.php\/wp-json\/wp\/v2\/posts\/65109\/revisions\/65111"}],"wp:featuredmedia":[{"embeddable":true,"href":"https:\/\/lasentinelle.dz\/index.php\/wp-json\/wp\/v2\/media\/65110"}],"wp:attachment":[{"href":"https:\/\/lasentinelle.dz\/index.php\/wp-json\/wp\/v2\/media?parent=65109"}],"wp:term":[{"taxonomy":"category","embeddable":true,"href":"https:\/\/lasentinelle.dz\/index.php\/wp-json\/wp\/v2\/categories?post=65109"},{"taxonomy":"post_tag","embeddable":true,"href":"https:\/\/lasentinelle.dz\/index.php\/wp-json\/wp\/v2\/tags?post=65109"}],"curies":[{"name":"wp","href":"https:\/\/api.w.org\/{rel}","templated":true}]}}