{"id":65133,"date":"2025-04-06T11:49:29","date_gmt":"2025-04-06T10:49:29","guid":{"rendered":"https:\/\/lasentinelle.dz\/?p=65133"},"modified":"2025-04-06T11:49:30","modified_gmt":"2025-04-06T10:49:30","slug":"equipe-nationale-la-suede-et-le-niger-au-menu-de-la-prochaine-treve-internationale","status":"publish","type":"post","link":"https:\/\/lasentinelle.dz\/index.php\/2025\/04\/06\/equipe-nationale-la-suede-et-le-niger-au-menu-de-la-prochaine-treve-internationale\/","title":{"rendered":"\u00c9quipe nationale: La Su\u00e8de et le Niger au menu de la prochaine tr\u00eave internationale"},"content":{"rendered":"\n<p>La F\u00e9d\u00e9ration alg\u00e9rienne de football (FAF) a d\u00e9voil\u00e9 les contours du prochain stage des Fennecs pr\u00e9vu en juin.<\/p>\n\n\n\n<p>Vladimir Petkovic et ses hommes auront droit \u00e0 un double test avec au programme un match face \u00e0 la Su\u00e8de, d\u00e9j\u00e0 confirm\u00e9, et vraisemblablement une rencontre contre le Niger, bien que cette derni\u00e8re affiche reste \u00e0 officialiser. Apr\u00e8s un mois de mars concluant marqu\u00e9 par deux victoires probantes face au Botswana (3-1) et au Mozambique (2-0), l&rsquo;\u00e9quipe nationale entend poursuivre sa mont\u00e9e en puissance en vue des prochaines \u00e9ch\u00e9ances qualificatives pour le Mondial 2026 dont la prochaine journ\u00e9e est pr\u00e9vue en septembre. Le programme concoct\u00e9 par la FAF pr\u00e9voit une approche progressive avec d&rsquo;abord une opposition africaine sur le sol alg\u00e9rien avant de s&rsquo;envoler vers la Scandinavie pour un test de plus grande envergure. \u00ab\u00a0Nous avons bien avanc\u00e9 avec le Niger, mais nous restons en discussion avec d&rsquo;autres s\u00e9lections africaines\u00a0\u00bb, a confi\u00e9 Sa\u00efd Fellak, responsable de la communication de la FAF, dans des propos rapport\u00e9s par Dzair Tube. Une prudence qui laisse entendre que si le Mena nig\u00e9rien tient la corde, l&rsquo;instance f\u00e9d\u00e9rale n&rsquo;exclut pas un changement de derni\u00e8re minute pour offrir au s\u00e9lectionneur l&rsquo;adversaire qui correspondra le mieux \u00e0 ses attentes tactiques. \u00ab\u00a0Nous devons nous assurer que cette rencontre soit b\u00e9n\u00e9fique pour notre pr\u00e9paration, c&rsquo;est pour cela que nous \u00e9valuons encore plusieurs options\u00a0\u00bb, a pr\u00e9cis\u00e9 le porte-parole. Le choix du Niger s&rsquo;inscrirait dans une certaine logique sportive. Les deux formations se connaissent bien pour s&rsquo;\u00eatre affront\u00e9es lors des \u00e9liminatoires de la CAN 2023, avec un bilan mitig\u00e9 pour les Verts qui avaient conc\u00e9d\u00e9 un match nul 1-1 \u00e0 l&rsquo;aller avant de s&rsquo;imposer plus nettement au retour (2-0). Sous la houlette du technicien marocain Badou Zaki, la s\u00e9lection nig\u00e9rienne a montr\u00e9 des signes de progression int\u00e9ressants, comme l&rsquo;illustre sa r\u00e9cente prestation contre le Maroc, o\u00f9 elle n&rsquo;a c\u00e9d\u00e9 que sur le score \u00e9triqu\u00e9 de 2-1. Cette opposition constituerait ainsi un bon test pour mesurer les progr\u00e8s accomplis de part et d&rsquo;autre depuis leur derni\u00e8re confrontation. Le second volet de cette tr\u00eave internationale est quant \u00e0 lui parfaitement arr\u00eat\u00e9. Les Fennecs se rendront bien \u00e0 Stockholm pour y d\u00e9fier la Su\u00e8de le 10 juin prochain \u00e0 la Strawberry Arena de Solna. Une affiche de prestige initialement officialis\u00e9e jeudi par la FAF. Ce match face \u00e0 une nation europ\u00e9enne bien \u00e9tablie permettra \u00e0 Petkovic d&rsquo;\u00e9valuer le niveau de son groupe face \u00e0 un style de jeu diff\u00e9rent, plus physique et tactiquement rigoureux. Cette double confrontation s&rsquo;inscrit dans une strat\u00e9gie de pr\u00e9paration minutieuse alors que se profile la derni\u00e8re ligne droite des \u00e9liminatoires pour la Coupe du monde 2026. Pour la FAF, ces rencontres amicales constituent une opportunit\u00e9 pr\u00e9cieuse d&rsquo;offrir au s\u00e9lectionneur un laboratoire id\u00e9al pour peaufiner ses sch\u00e9mas et tester de nouvelles associations, tout en maintenant la dynamique positive instaur\u00e9e lors du dernier rassemblement.<\/p>\n\n\n\n<p>Moncef D.<\/p>\n","protected":false},"excerpt":{"rendered":"<p>La F\u00e9d\u00e9ration alg\u00e9rienne de football (FAF) a d\u00e9voil\u00e9 les contours du prochain stage des Fennecs pr\u00e9vu en juin. Vladimir Petkovic<\/p>\n","protected":false},"author":6,"featured_media":64282,"comment_status":"open","ping_status":"closed","sticky":false,"template":"","format":"standard","meta":{"colormag_page_container_layout":"default_layout","colormag_page_sidebar_layout":"default_layout","om_disable_all_campaigns":false,"_monsterinsights_skip_tracking":false,"_monsterinsights_sitenote_active":false,"_monsterinsights_sitenote_note":"","_monsterinsights_sitenote_category":0,"footnotes":"","_wpscppro_dont_share_socialmedia":false,"_wpscppro_custom_social_share_image":0,"_facebook_share_type":"default","_twitter_share_type":"default","_linkedin_share_type":"default","_pinterest_share_type":"default","_linkedin_share_type_page":"","_instagram_share_type":"default","_medium_share_type":"default","_threads_share_type":"","_google_business_share_type":"","_selected_social_profile":[],"_wpsp_enable_custom_social_template":false,"_wpsp_social_scheduling":{"enabled":false,"datetime":null,"platforms":[],"status":"template_only","dateOption":"today","timeOption":"now","customDays":"","customHours":"","customDate":"","customTime":"","schedulingType":"absolute"},"_wpsp_active_default_template":true},"categories":[33],"tags":[],"class_list":["post-65133","post","type-post","status-publish","format-standard","has-post-thumbnail","hentry","category-sports"],"aioseo_notices":[],"yoast_head":"<!-- This site is optimized with the Yoast SEO plugin v27.5 - https:\/\/yoast.com\/product\/yoast-seo-wordpress\/ -->\n<title>\u00c9quipe nationale: La Su\u00e8de et le Niger au menu de la prochaine tr\u00eave internationale - La Sentinelle<\/title>\n<meta name=\"robots\" content=\"index, follow, max-snippet:-1, max-image-preview:large, max-video-preview:-1\" \/>\n<link rel=\"canonical\" href=\"https:\/\/lasentinelle.dz\/index.php\/2025\/04\/06\/equipe-nationale-la-suede-et-le-niger-au-menu-de-la-prochaine-treve-internationale\/\" \/>\n<meta property=\"og:locale\" content=\"fr_FR\" \/>\n<meta property=\"og:type\" content=\"article\" \/>\n<meta property=\"og:title\" content=\"\u00c9quipe nationale: La Su\u00e8de et le Niger au menu de la prochaine tr\u00eave internationale - La Sentinelle\" \/>\n<meta property=\"og:description\" content=\"La F\u00e9d\u00e9ration alg\u00e9rienne de football (FAF) a d\u00e9voil\u00e9 les contours du prochain stage des Fennecs pr\u00e9vu en juin. Vladimir Petkovic\" \/>\n<meta property=\"og:url\" content=\"https:\/\/lasentinelle.dz\/index.php\/2025\/04\/06\/equipe-nationale-la-suede-et-le-niger-au-menu-de-la-prochaine-treve-internationale\/\" \/>\n<meta property=\"og:site_name\" content=\"La Sentinelle\" \/>\n<meta property=\"article:publisher\" content=\"https:\/\/www.facebook.com\/La-Sentinelle-104059864394773\" \/>\n<meta property=\"article:published_time\" content=\"2025-04-06T10:49:29+00:00\" \/>\n<meta property=\"article:modified_time\" content=\"2025-04-06T10:49:30+00:00\" \/>\n<meta property=\"og:image\" content=\"https:\/\/lasentinelle.dz\/wp-content\/uploads\/2025\/03\/Fennec.jpg\" \/>\n\t<meta property=\"og:image:width\" content=\"1201\" \/>\n\t<meta property=\"og:image:height\" content=\"800\" \/>\n\t<meta property=\"og:image:type\" content=\"image\/jpeg\" \/>\n<meta name=\"author\" content=\"admin\" \/>\n<meta name=\"twitter:card\" content=\"summary_large_image\" \/>\n<meta name=\"twitter:label1\" content=\"\u00c9crit par\" \/>\n\t<meta name=\"twitter:data1\" content=\"admin\" \/>\n\t<meta name=\"twitter:label2\" content=\"Dur\u00e9e de lecture estim\u00e9e\" \/>\n\t<meta name=\"twitter:data2\" content=\"3 minutes\" \/>\n<script type=\"application\/ld+json\" class=\"yoast-schema-graph\">{\"@context\":\"https:\\\/\\\/schema.org\",\"@graph\":[{\"@type\":\"Article\",\"@id\":\"https:\\\/\\\/lasentinelle.dz\\\/index.php\\\/2025\\\/04\\\/06\\\/equipe-nationale-la-suede-et-le-niger-au-menu-de-la-prochaine-treve-internationale\\\/#article\",\"isPartOf\":{\"@id\":\"https:\\\/\\\/lasentinelle.dz\\\/index.php\\\/2025\\\/04\\\/06\\\/equipe-nationale-la-suede-et-le-niger-au-menu-de-la-prochaine-treve-internationale\\\/\"},\"author\":{\"name\":\"admin\",\"@id\":\"https:\\\/\\\/lasentinelle.dz\\\/#\\\/schema\\\/person\\\/729ee0024f24e0b8c5ec17232f8e8b41\"},\"headline\":\"\u00c9quipe nationale: La Su\u00e8de et le Niger au menu de la prochaine tr\u00eave internationale\",\"datePublished\":\"2025-04-06T10:49:29+00:00\",\"dateModified\":\"2025-04-06T10:49:30+00:00\",\"mainEntityOfPage\":{\"@id\":\"https:\\\/\\\/lasentinelle.dz\\\/index.php\\\/2025\\\/04\\\/06\\\/equipe-nationale-la-suede-et-le-niger-au-menu-de-la-prochaine-treve-internationale\\\/\"},\"wordCount\":542,\"commentCount\":0,\"publisher\":{\"@id\":\"https:\\\/\\\/lasentinelle.dz\\\/#organization\"},\"image\":{\"@id\":\"https:\\\/\\\/lasentinelle.dz\\\/index.php\\\/2025\\\/04\\\/06\\\/equipe-nationale-la-suede-et-le-niger-au-menu-de-la-prochaine-treve-internationale\\\/#primaryimage\"},\"thumbnailUrl\":\"https:\\\/\\\/lasentinelle.dz\\\/wp-content\\\/uploads\\\/2025\\\/03\\\/Fennec.jpg\",\"articleSection\":[\"Sports\"],\"inLanguage\":\"fr-FR\",\"potentialAction\":[{\"@type\":\"CommentAction\",\"name\":\"Comment\",\"target\":[\"https:\\\/\\\/lasentinelle.dz\\\/index.php\\\/2025\\\/04\\\/06\\\/equipe-nationale-la-suede-et-le-niger-au-menu-de-la-prochaine-treve-internationale\\\/#respond\"]}]},{\"@type\":\"WebPage\",\"@id\":\"https:\\\/\\\/lasentinelle.dz\\\/index.php\\\/2025\\\/04\\\/06\\\/equipe-nationale-la-suede-et-le-niger-au-menu-de-la-prochaine-treve-internationale\\\/\",\"url\":\"https:\\\/\\\/lasentinelle.dz\\\/index.php\\\/2025\\\/04\\\/06\\\/equipe-nationale-la-suede-et-le-niger-au-menu-de-la-prochaine-treve-internationale\\\/\",\"name\":\"\u00c9quipe nationale: La Su\u00e8de et le Niger au menu de la prochaine tr\u00eave internationale - La Sentinelle\",\"isPartOf\":{\"@id\":\"https:\\\/\\\/lasentinelle.dz\\\/#website\"},\"primaryImageOfPage\":{\"@id\":\"https:\\\/\\\/lasentinelle.dz\\\/index.php\\\/2025\\\/04\\\/06\\\/equipe-nationale-la-suede-et-le-niger-au-menu-de-la-prochaine-treve-internationale\\\/#primaryimage\"},\"image\":{\"@id\":\"https:\\\/\\\/lasentinelle.dz\\\/index.php\\\/2025\\\/04\\\/06\\\/equipe-nationale-la-suede-et-le-niger-au-menu-de-la-prochaine-treve-internationale\\\/#primaryimage\"},\"thumbnailUrl\":\"https:\\\/\\\/lasentinelle.dz\\\/wp-content\\\/uploads\\\/2025\\\/03\\\/Fennec.jpg\",\"datePublished\":\"2025-04-06T10:49:29+00:00\",\"dateModified\":\"2025-04-06T10:49:30+00:00\",\"breadcrumb\":{\"@id\":\"https:\\\/\\\/lasentinelle.dz\\\/index.php\\\/2025\\\/04\\\/06\\\/equipe-nationale-la-suede-et-le-niger-au-menu-de-la-prochaine-treve-internationale\\\/#breadcrumb\"},\"inLanguage\":\"fr-FR\",\"potentialAction\":[{\"@type\":\"ReadAction\",\"target\":[\"https:\\\/\\\/lasentinelle.dz\\\/index.php\\\/2025\\\/04\\\/06\\\/equipe-nationale-la-suede-et-le-niger-au-menu-de-la-prochaine-treve-internationale\\\/\"]}]},{\"@type\":\"ImageObject\",\"inLanguage\":\"fr-FR\",\"@id\":\"https:\\\/\\\/lasentinelle.dz\\\/index.php\\\/2025\\\/04\\\/06\\\/equipe-nationale-la-suede-et-le-niger-au-menu-de-la-prochaine-treve-internationale\\\/#primaryimage\",\"url\":\"https:\\\/\\\/lasentinelle.dz\\\/wp-content\\\/uploads\\\/2025\\\/03\\\/Fennec.jpg\",\"contentUrl\":\"https:\\\/\\\/lasentinelle.dz\\\/wp-content\\\/uploads\\\/2025\\\/03\\\/Fennec.jpg\",\"width\":1201,\"height\":800},{\"@type\":\"BreadcrumbList\",\"@id\":\"https:\\\/\\\/lasentinelle.dz\\\/index.php\\\/2025\\\/04\\\/06\\\/equipe-nationale-la-suede-et-le-niger-au-menu-de-la-prochaine-treve-internationale\\\/#breadcrumb\",\"itemListElement\":[{\"@type\":\"ListItem\",\"position\":1,\"name\":\"Accueil\",\"item\":\"https:\\\/\\\/lasentinelle.dz\\\/\"},{\"@type\":\"ListItem\",\"position\":2,\"name\":\"\u00c9quipe nationale: La Su\u00e8de et le Niger au menu de la prochaine tr\u00eave internationale\"}]},{\"@type\":\"WebSite\",\"@id\":\"https:\\\/\\\/lasentinelle.dz\\\/#website\",\"url\":\"https:\\\/\\\/lasentinelle.dz\\\/\",\"name\":\"La Sentinelle\",\"description\":\"Quotidien national d&#039;information\",\"publisher\":{\"@id\":\"https:\\\/\\\/lasentinelle.dz\\\/#organization\"},\"potentialAction\":[{\"@type\":\"SearchAction\",\"target\":{\"@type\":\"EntryPoint\",\"urlTemplate\":\"https:\\\/\\\/lasentinelle.dz\\\/?s={search_term_string}\"},\"query-input\":{\"@type\":\"PropertyValueSpecification\",\"valueRequired\":true,\"valueName\":\"search_term_string\"}}],\"inLanguage\":\"fr-FR\"},{\"@type\":\"Organization\",\"@id\":\"https:\\\/\\\/lasentinelle.dz\\\/#organization\",\"name\":\"Quotidien La Sentinelle\",\"url\":\"https:\\\/\\\/lasentinelle.dz\\\/\",\"logo\":{\"@type\":\"ImageObject\",\"inLanguage\":\"fr-FR\",\"@id\":\"https:\\\/\\\/lasentinelle.dz\\\/#\\\/schema\\\/logo\\\/image\\\/\",\"url\":\"https:\\\/\\\/lasentinelle.dz\\\/wp-content\\\/uploads\\\/2021\\\/09\\\/logo-sentinelleSLOGAN-1.png\",\"contentUrl\":\"https:\\\/\\\/lasentinelle.dz\\\/wp-content\\\/uploads\\\/2021\\\/09\\\/logo-sentinelleSLOGAN-1.png\",\"width\":615,\"height\":142,\"caption\":\"Quotidien La Sentinelle\"},\"image\":{\"@id\":\"https:\\\/\\\/lasentinelle.dz\\\/#\\\/schema\\\/logo\\\/image\\\/\"},\"sameAs\":[\"https:\\\/\\\/www.facebook.com\\\/La-Sentinelle-104059864394773\"]},{\"@type\":\"Person\",\"@id\":\"https:\\\/\\\/lasentinelle.dz\\\/#\\\/schema\\\/person\\\/729ee0024f24e0b8c5ec17232f8e8b41\",\"name\":\"admin\",\"image\":{\"@type\":\"ImageObject\",\"inLanguage\":\"fr-FR\",\"@id\":\"https:\\\/\\\/secure.gravatar.com\\\/avatar\\\/4c81fed838786e9b53f540bf46533e750f5d292099ae3b66cfc6fb1982e29df7?s=96&d=mm&r=g\",\"url\":\"https:\\\/\\\/secure.gravatar.com\\\/avatar\\\/4c81fed838786e9b53f540bf46533e750f5d292099ae3b66cfc6fb1982e29df7?s=96&d=mm&r=g\",\"contentUrl\":\"https:\\\/\\\/secure.gravatar.com\\\/avatar\\\/4c81fed838786e9b53f540bf46533e750f5d292099ae3b66cfc6fb1982e29df7?s=96&d=mm&r=g\",\"caption\":\"admin\"},\"description\":\"admin\",\"url\":\"https:\\\/\\\/lasentinelle.dz\\\/author\\\/admin\\\/\"}]}<\/script>\n<!-- \/ Yoast SEO plugin. -->","yoast_head_json":{"title":"\u00c9quipe nationale: La Su\u00e8de et le Niger au menu de la prochaine tr\u00eave internationale - La Sentinelle","robots":{"index":"index","follow":"follow","max-snippet":"max-snippet:-1","max-image-preview":"max-image-preview:large","max-video-preview":"max-video-preview:-1"},"canonical":"https:\/\/lasentinelle.dz\/index.php\/2025\/04\/06\/equipe-nationale-la-suede-et-le-niger-au-menu-de-la-prochaine-treve-internationale\/","og_locale":"fr_FR","og_type":"article","og_title":"\u00c9quipe nationale: La Su\u00e8de et le Niger au menu de la prochaine tr\u00eave internationale - La Sentinelle","og_description":"La F\u00e9d\u00e9ration alg\u00e9rienne de football (FAF) a d\u00e9voil\u00e9 les contours du prochain stage des Fennecs pr\u00e9vu en juin. Vladimir Petkovic","og_url":"https:\/\/lasentinelle.dz\/index.php\/2025\/04\/06\/equipe-nationale-la-suede-et-le-niger-au-menu-de-la-prochaine-treve-internationale\/","og_site_name":"La Sentinelle","article_publisher":"https:\/\/www.facebook.com\/La-Sentinelle-104059864394773","article_published_time":"2025-04-06T10:49:29+00:00","article_modified_time":"2025-04-06T10:49:30+00:00","og_image":[{"width":1201,"height":800,"url":"https:\/\/lasentinelle.dz\/wp-content\/uploads\/2025\/03\/Fennec.jpg","type":"image\/jpeg"}],"author":"admin","twitter_card":"summary_large_image","twitter_misc":{"\u00c9crit par":"admin","Dur\u00e9e de lecture estim\u00e9e":"3 minutes"},"schema":{"@context":"https:\/\/schema.org","@graph":[{"@type":"Article","@id":"https:\/\/lasentinelle.dz\/index.php\/2025\/04\/06\/equipe-nationale-la-suede-et-le-niger-au-menu-de-la-prochaine-treve-internationale\/#article","isPartOf":{"@id":"https:\/\/lasentinelle.dz\/index.php\/2025\/04\/06\/equipe-nationale-la-suede-et-le-niger-au-menu-de-la-prochaine-treve-internationale\/"},"author":{"name":"admin","@id":"https:\/\/lasentinelle.dz\/#\/schema\/person\/729ee0024f24e0b8c5ec17232f8e8b41"},"headline":"\u00c9quipe nationale: La Su\u00e8de et le Niger au menu de la prochaine tr\u00eave internationale","datePublished":"2025-04-06T10:49:29+00:00","dateModified":"2025-04-06T10:49:30+00:00","mainEntityOfPage":{"@id":"https:\/\/lasentinelle.dz\/index.php\/2025\/04\/06\/equipe-nationale-la-suede-et-le-niger-au-menu-de-la-prochaine-treve-internationale\/"},"wordCount":542,"commentCount":0,"publisher":{"@id":"https:\/\/lasentinelle.dz\/#organization"},"image":{"@id":"https:\/\/lasentinelle.dz\/index.php\/2025\/04\/06\/equipe-nationale-la-suede-et-le-niger-au-menu-de-la-prochaine-treve-internationale\/#primaryimage"},"thumbnailUrl":"https:\/\/lasentinelle.dz\/wp-content\/uploads\/2025\/03\/Fennec.jpg","articleSection":["Sports"],"inLanguage":"fr-FR","potentialAction":[{"@type":"CommentAction","name":"Comment","target":["https:\/\/lasentinelle.dz\/index.php\/2025\/04\/06\/equipe-nationale-la-suede-et-le-niger-au-menu-de-la-prochaine-treve-internationale\/#respond"]}]},{"@type":"WebPage","@id":"https:\/\/lasentinelle.dz\/index.php\/2025\/04\/06\/equipe-nationale-la-suede-et-le-niger-au-menu-de-la-prochaine-treve-internationale\/","url":"https:\/\/lasentinelle.dz\/index.php\/2025\/04\/06\/equipe-nationale-la-suede-et-le-niger-au-menu-de-la-prochaine-treve-internationale\/","name":"\u00c9quipe nationale: La Su\u00e8de et le Niger au menu de la prochaine tr\u00eave internationale - La Sentinelle","isPartOf":{"@id":"https:\/\/lasentinelle.dz\/#website"},"primaryImageOfPage":{"@id":"https:\/\/lasentinelle.dz\/index.php\/2025\/04\/06\/equipe-nationale-la-suede-et-le-niger-au-menu-de-la-prochaine-treve-internationale\/#primaryimage"},"image":{"@id":"https:\/\/lasentinelle.dz\/index.php\/2025\/04\/06\/equipe-nationale-la-suede-et-le-niger-au-menu-de-la-prochaine-treve-internationale\/#primaryimage"},"thumbnailUrl":"https:\/\/lasentinelle.dz\/wp-content\/uploads\/2025\/03\/Fennec.jpg","datePublished":"2025-04-06T10:49:29+00:00","dateModified":"2025-04-06T10:49:30+00:00","breadcrumb":{"@id":"https:\/\/lasentinelle.dz\/index.php\/2025\/04\/06\/equipe-nationale-la-suede-et-le-niger-au-menu-de-la-prochaine-treve-internationale\/#breadcrumb"},"inLanguage":"fr-FR","potentialAction":[{"@type":"ReadAction","target":["https:\/\/lasentinelle.dz\/index.php\/2025\/04\/06\/equipe-nationale-la-suede-et-le-niger-au-menu-de-la-prochaine-treve-internationale\/"]}]},{"@type":"ImageObject","inLanguage":"fr-FR","@id":"https:\/\/lasentinelle.dz\/index.php\/2025\/04\/06\/equipe-nationale-la-suede-et-le-niger-au-menu-de-la-prochaine-treve-internationale\/#primaryimage","url":"https:\/\/lasentinelle.dz\/wp-content\/uploads\/2025\/03\/Fennec.jpg","contentUrl":"https:\/\/lasentinelle.dz\/wp-content\/uploads\/2025\/03\/Fennec.jpg","width":1201,"height":800},{"@type":"BreadcrumbList","@id":"https:\/\/lasentinelle.dz\/index.php\/2025\/04\/06\/equipe-nationale-la-suede-et-le-niger-au-menu-de-la-prochaine-treve-internationale\/#breadcrumb","itemListElement":[{"@type":"ListItem","position":1,"name":"Accueil","item":"https:\/\/lasentinelle.dz\/"},{"@type":"ListItem","position":2,"name":"\u00c9quipe nationale: La Su\u00e8de et le Niger au menu de la prochaine tr\u00eave internationale"}]},{"@type":"WebSite","@id":"https:\/\/lasentinelle.dz\/#website","url":"https:\/\/lasentinelle.dz\/","name":"La Sentinelle","description":"Quotidien national d&#039;information","publisher":{"@id":"https:\/\/lasentinelle.dz\/#organization"},"potentialAction":[{"@type":"SearchAction","target":{"@type":"EntryPoint","urlTemplate":"https:\/\/lasentinelle.dz\/?s={search_term_string}"},"query-input":{"@type":"PropertyValueSpecification","valueRequired":true,"valueName":"search_term_string"}}],"inLanguage":"fr-FR"},{"@type":"Organization","@id":"https:\/\/lasentinelle.dz\/#organization","name":"Quotidien La Sentinelle","url":"https:\/\/lasentinelle.dz\/","logo":{"@type":"ImageObject","inLanguage":"fr-FR","@id":"https:\/\/lasentinelle.dz\/#\/schema\/logo\/image\/","url":"https:\/\/lasentinelle.dz\/wp-content\/uploads\/2021\/09\/logo-sentinelleSLOGAN-1.png","contentUrl":"https:\/\/lasentinelle.dz\/wp-content\/uploads\/2021\/09\/logo-sentinelleSLOGAN-1.png","width":615,"height":142,"caption":"Quotidien La Sentinelle"},"image":{"@id":"https:\/\/lasentinelle.dz\/#\/schema\/logo\/image\/"},"sameAs":["https:\/\/www.facebook.com\/La-Sentinelle-104059864394773"]},{"@type":"Person","@id":"https:\/\/lasentinelle.dz\/#\/schema\/person\/729ee0024f24e0b8c5ec17232f8e8b41","name":"admin","image":{"@type":"ImageObject","inLanguage":"fr-FR","@id":"https:\/\/secure.gravatar.com\/avatar\/4c81fed838786e9b53f540bf46533e750f5d292099ae3b66cfc6fb1982e29df7?s=96&d=mm&r=g","url":"https:\/\/secure.gravatar.com\/avatar\/4c81fed838786e9b53f540bf46533e750f5d292099ae3b66cfc6fb1982e29df7?s=96&d=mm&r=g","contentUrl":"https:\/\/secure.gravatar.com\/avatar\/4c81fed838786e9b53f540bf46533e750f5d292099ae3b66cfc6fb1982e29df7?s=96&d=mm&r=g","caption":"admin"},"description":"admin","url":"https:\/\/lasentinelle.dz\/author\/admin\/"}]}},"_links":{"self":[{"href":"https:\/\/lasentinelle.dz\/index.php\/wp-json\/wp\/v2\/posts\/65133","targetHints":{"allow":["GET"]}}],"collection":[{"href":"https:\/\/lasentinelle.dz\/index.php\/wp-json\/wp\/v2\/posts"}],"about":[{"href":"https:\/\/lasentinelle.dz\/index.php\/wp-json\/wp\/v2\/types\/post"}],"author":[{"embeddable":true,"href":"https:\/\/lasentinelle.dz\/index.php\/wp-json\/wp\/v2\/users\/6"}],"replies":[{"embeddable":true,"href":"https:\/\/lasentinelle.dz\/index.php\/wp-json\/wp\/v2\/comments?post=65133"}],"version-history":[{"count":1,"href":"https:\/\/lasentinelle.dz\/index.php\/wp-json\/wp\/v2\/posts\/65133\/revisions"}],"predecessor-version":[{"id":65134,"href":"https:\/\/lasentinelle.dz\/index.php\/wp-json\/wp\/v2\/posts\/65133\/revisions\/65134"}],"wp:featuredmedia":[{"embeddable":true,"href":"https:\/\/lasentinelle.dz\/index.php\/wp-json\/wp\/v2\/media\/64282"}],"wp:attachment":[{"href":"https:\/\/lasentinelle.dz\/index.php\/wp-json\/wp\/v2\/media?parent=65133"}],"wp:term":[{"taxonomy":"category","embeddable":true,"href":"https:\/\/lasentinelle.dz\/index.php\/wp-json\/wp\/v2\/categories?post=65133"},{"taxonomy":"post_tag","embeddable":true,"href":"https:\/\/lasentinelle.dz\/index.php\/wp-json\/wp\/v2\/tags?post=65133"}],"curies":[{"name":"wp","href":"https:\/\/api.w.org\/{rel}","templated":true}]}}