{"id":65135,"date":"2025-04-06T11:50:15","date_gmt":"2025-04-06T10:50:15","guid":{"rendered":"https:\/\/lasentinelle.dz\/?p=65135"},"modified":"2025-04-06T11:50:15","modified_gmt":"2025-04-06T10:50:15","slug":"ligue-1-mobilis-les-canaris-semparent-de-la-place-de-dauphin","status":"publish","type":"post","link":"https:\/\/lasentinelle.dz\/index.php\/2025\/04\/06\/ligue-1-mobilis-les-canaris-semparent-de-la-place-de-dauphin\/","title":{"rendered":"Ligue 1 Mobilis: Les Canaris s&#8217;emparent de la place de dauphin"},"content":{"rendered":"\n<p>La 21e journ\u00e9e de Ligue 1 Mobilis a offert son lot de rebondissements avec une JS Kabylie qui s&rsquo;affirme d\u00e9sormais comme le principal poursuivant du leader, tandis que le MC Oran renoue enfin avec le succ\u00e8s apr\u00e8s une s\u00e9rie noire. Cette journ\u00e9e incompl\u00e8te, avec trois reports, a redessin\u00e9 le haut du classement et relanc\u00e9 les enjeux dans la course au maintien.<\/p>\n\n\n\n<p>Les \u00ab\u00a0Canaris\u00a0\u00bb ont frapp\u00e9 fort en s&rsquo;imposant vendredi sur la pelouse de l&rsquo;USM Khenchela dans les ultimes secondes de la rencontre (1-0). Les hommes de la JSK ont arrach\u00e9 la victoire gr\u00e2ce au jeune prodige Berkane, 21 ans seulement, qui a d\u00e9coch\u00e9 un missile imparable dans la surface pour tromper le gardien Litim dans le temps additionnel (90e+2). Ce but tardif vient r\u00e9compenser la mont\u00e9e en puissance des Kabyles ces derni\u00e8res semaines et leur offre bien plus qu&rsquo;une simple victoire \u00e0 l&rsquo;ext\u00e9rieur. Avec ce succ\u00e8s, leur deuxi\u00e8me cons\u00e9cutif, les \u00ab\u00a0Canaris\u00a0\u00bb s&#8217;emparent de la place de dauphin avec 36 points, d\u00e9logeant provisoirement le CR Belouizdad de ce rang convoit\u00e9. La formation kabyle se positionne d\u00e9sormais \u00e0 cinq longueurs du leader, le MC Alger (41 pts), qui compte toutefois un match en moins, son d\u00e9placement \u00e0 l&rsquo;Olympique Akbou ayant \u00e9t\u00e9 report\u00e9 en raison de ses engagements continentaux. Pour l&rsquo;USMK, cette d\u00e9faite \u00e0 domicile repr\u00e9sente un coup d&rsquo;arr\u00eat apr\u00e8s le pr\u00e9cieux point arrach\u00e9 face au MCA (2-2) le 15 mars dernier. Les \u00ab\u00a0Siskaoua\u00a0\u00bb retombent dans leurs travers et stagnent \u00e0 la 11e place avec 24 unit\u00e9s, une position partag\u00e9e avec le MC Oran. Du c\u00f4t\u00e9 d&rsquo;Oran justement, les \u00ab\u00a0Hamraoua\u00a0\u00bb ont enfin retrouv\u00e9 le sourire apr\u00e8s trois d\u00e9faites cons\u00e9cutives qui avaient plong\u00e9 le club dans le doute. De retour dans leur antre d&rsquo;Ahmed Zabana, les hommes du MCO ont dispos\u00e9 du Paradou AC sur le score de 2-0. L&rsquo;ouverture du score est intervenue d\u00e8s la 20e minute sur un penalty transform\u00e9 par Dahar, avant que Motrani ne double la mise \u00e0 la 67e minute, assurant ainsi un succ\u00e8s pr\u00e9cieux. Cette victoire permet aux Oranais de grimper \u00e0 la 11e position avec 24 points et surtout de mettre fin \u00e0 une s\u00e9rie noire qui mena\u00e7ait de les engluer dans la zone dangereuse. Pour le PAC, ce revers constitue un v\u00e9ritable coup d&rsquo;arr\u00eat apr\u00e8s deux succ\u00e8s cons\u00e9cutifs, laissant le club fig\u00e9 \u00e0 la 5e place du classement avec 29 points.<\/p>\n\n\n\n<p>Dans la lutte pour le maintien, l&rsquo;US Biskra a manqu\u00e9 une belle opportunit\u00e9 en conc\u00e9dant le nul \u00e0 domicile face \u00e0 l&rsquo;ES Mostaganem (0-0), un adversaire direct dans cette bataille. Avec un seul succ\u00e8s lors de leurs cinq derni\u00e8res sorties, les Biskris continuent de s&rsquo;enliser dans une situation pr\u00e9occupante, rendant leur prochain d\u00e9placement \u00e0 Tizi-Ouzou face \u00e0 la JSK d&rsquo;autant plus crucial. Pour l&rsquo;ESM, ce point glan\u00e9 \u00e0 l&rsquo;ext\u00e9rieur est encourageant apr\u00e8s l&rsquo;\u00e9limination en Coupe d&rsquo;Alg\u00e9rie contre l&rsquo;USM El-Harrach (1-1, d\u00e9faite 0-2 aux tirs au but), mais les hommes de Leknaoui demeurent en zone rouge \u00e0 la 13e place avec seulement 21 points. Cette 21e journ\u00e9e reste incompl\u00e8te puisque trois affiches ont d\u00fb \u00eatre report\u00e9es en raison des comp\u00e9titions africaines interclubs. L&rsquo;ES S\u00e9tif &#8211; CS Constantine, l&rsquo;USM Alger &#8211; ASO Chlef, et l&rsquo;Olympique Akbou &#8211; MC Alger se disputeront ult\u00e9rieurement, le MCA, l&rsquo;USMA et le CSC \u00e9tant engag\u00e9s dans les quarts de finale retour des comp\u00e9titions continentales. Pour l&rsquo;heure, la JSK peut savourer sa position de dauphin, m\u00eame si celle-ci pourrait n&rsquo;\u00eatre que temporaire en fonction des r\u00e9sultats des matchs report\u00e9s. Le MC Alger, quant \u00e0 lui, conserve une avance confortable, mais devra rester vigilant face \u00e0 des poursuivants de plus en plus mena\u00e7ants, \u00e0 commencer par ces \u00ab\u00a0Canaris\u00a0\u00bb revigor\u00e9s qui semblent avoir retrouv\u00e9 leur superbe.<\/p>\n\n\n\n<p>Moncef Dahleb<\/p>\n","protected":false},"excerpt":{"rendered":"<p>La 21e journ\u00e9e de Ligue 1 Mobilis a offert son lot de rebondissements avec une JS Kabylie qui s&rsquo;affirme d\u00e9sormais<\/p>\n","protected":false},"author":6,"featured_media":65136,"comment_status":"open","ping_status":"closed","sticky":false,"template":"","format":"standard","meta":{"colormag_page_container_layout":"default_layout","colormag_page_sidebar_layout":"default_layout","om_disable_all_campaigns":false,"_monsterinsights_skip_tracking":false,"_monsterinsights_sitenote_active":false,"_monsterinsights_sitenote_note":"","_monsterinsights_sitenote_category":0,"footnotes":"","_wpscppro_dont_share_socialmedia":false,"_wpscppro_custom_social_share_image":0,"_facebook_share_type":"default","_twitter_share_type":"default","_linkedin_share_type":"default","_pinterest_share_type":"default","_linkedin_share_type_page":"","_instagram_share_type":"default","_medium_share_type":"default","_threads_share_type":"","_google_business_share_type":"","_selected_social_profile":[],"_wpsp_enable_custom_social_template":false,"_wpsp_social_scheduling":{"enabled":false,"datetime":null,"platforms":[],"status":"template_only","dateOption":"today","timeOption":"now","customDays":"","customHours":"","customDate":"","customTime":"","schedulingType":"absolute"},"_wpsp_active_default_template":true},"categories":[52,33],"tags":[],"class_list":["post-65135","post","type-post","status-publish","format-standard","has-post-thumbnail","hentry","category-a-la-une","category-sports"],"aioseo_notices":[],"yoast_head":"<!-- This site is optimized with the Yoast SEO plugin v27.5 - https:\/\/yoast.com\/product\/yoast-seo-wordpress\/ -->\n<title>Ligue 1 Mobilis: Les Canaris s&#8217;emparent de la place de dauphin - La Sentinelle<\/title>\n<meta name=\"robots\" content=\"index, follow, max-snippet:-1, max-image-preview:large, max-video-preview:-1\" \/>\n<link rel=\"canonical\" href=\"https:\/\/lasentinelle.dz\/index.php\/2025\/04\/06\/ligue-1-mobilis-les-canaris-semparent-de-la-place-de-dauphin\/\" \/>\n<meta property=\"og:locale\" content=\"fr_FR\" \/>\n<meta property=\"og:type\" content=\"article\" \/>\n<meta property=\"og:title\" content=\"Ligue 1 Mobilis: Les Canaris s&#8217;emparent de la place de dauphin - La Sentinelle\" \/>\n<meta property=\"og:description\" content=\"La 21e journ\u00e9e de Ligue 1 Mobilis a offert son lot de rebondissements avec une JS Kabylie qui s&rsquo;affirme d\u00e9sormais\" \/>\n<meta property=\"og:url\" content=\"https:\/\/lasentinelle.dz\/index.php\/2025\/04\/06\/ligue-1-mobilis-les-canaris-semparent-de-la-place-de-dauphin\/\" \/>\n<meta property=\"og:site_name\" content=\"La Sentinelle\" \/>\n<meta property=\"article:publisher\" content=\"https:\/\/www.facebook.com\/La-Sentinelle-104059864394773\" \/>\n<meta property=\"article:published_time\" content=\"2025-04-06T10:50:15+00:00\" \/>\n<meta property=\"og:image\" content=\"https:\/\/lasentinelle.dz\/wp-content\/uploads\/2025\/04\/JSK.jpg\" \/>\n\t<meta property=\"og:image:width\" content=\"2048\" \/>\n\t<meta property=\"og:image:height\" content=\"1366\" \/>\n\t<meta property=\"og:image:type\" content=\"image\/jpeg\" \/>\n<meta name=\"author\" content=\"admin\" \/>\n<meta name=\"twitter:card\" content=\"summary_large_image\" \/>\n<meta name=\"twitter:label1\" content=\"\u00c9crit par\" \/>\n\t<meta name=\"twitter:data1\" content=\"admin\" \/>\n\t<meta name=\"twitter:label2\" content=\"Dur\u00e9e de lecture estim\u00e9e\" \/>\n\t<meta name=\"twitter:data2\" content=\"4 minutes\" \/>\n<script type=\"application\/ld+json\" class=\"yoast-schema-graph\">{\"@context\":\"https:\\\/\\\/schema.org\",\"@graph\":[{\"@type\":\"Article\",\"@id\":\"https:\\\/\\\/lasentinelle.dz\\\/index.php\\\/2025\\\/04\\\/06\\\/ligue-1-mobilis-les-canaris-semparent-de-la-place-de-dauphin\\\/#article\",\"isPartOf\":{\"@id\":\"https:\\\/\\\/lasentinelle.dz\\\/index.php\\\/2025\\\/04\\\/06\\\/ligue-1-mobilis-les-canaris-semparent-de-la-place-de-dauphin\\\/\"},\"author\":{\"name\":\"admin\",\"@id\":\"https:\\\/\\\/lasentinelle.dz\\\/#\\\/schema\\\/person\\\/729ee0024f24e0b8c5ec17232f8e8b41\"},\"headline\":\"Ligue 1 Mobilis: Les Canaris s&#8217;emparent de la place de dauphin\",\"datePublished\":\"2025-04-06T10:50:15+00:00\",\"mainEntityOfPage\":{\"@id\":\"https:\\\/\\\/lasentinelle.dz\\\/index.php\\\/2025\\\/04\\\/06\\\/ligue-1-mobilis-les-canaris-semparent-de-la-place-de-dauphin\\\/\"},\"wordCount\":677,\"commentCount\":0,\"publisher\":{\"@id\":\"https:\\\/\\\/lasentinelle.dz\\\/#organization\"},\"image\":{\"@id\":\"https:\\\/\\\/lasentinelle.dz\\\/index.php\\\/2025\\\/04\\\/06\\\/ligue-1-mobilis-les-canaris-semparent-de-la-place-de-dauphin\\\/#primaryimage\"},\"thumbnailUrl\":\"https:\\\/\\\/lasentinelle.dz\\\/wp-content\\\/uploads\\\/2025\\\/04\\\/JSK.jpg\",\"articleSection\":[\"\u00c0 la Une\",\"Sports\"],\"inLanguage\":\"fr-FR\",\"potentialAction\":[{\"@type\":\"CommentAction\",\"name\":\"Comment\",\"target\":[\"https:\\\/\\\/lasentinelle.dz\\\/index.php\\\/2025\\\/04\\\/06\\\/ligue-1-mobilis-les-canaris-semparent-de-la-place-de-dauphin\\\/#respond\"]}]},{\"@type\":\"WebPage\",\"@id\":\"https:\\\/\\\/lasentinelle.dz\\\/index.php\\\/2025\\\/04\\\/06\\\/ligue-1-mobilis-les-canaris-semparent-de-la-place-de-dauphin\\\/\",\"url\":\"https:\\\/\\\/lasentinelle.dz\\\/index.php\\\/2025\\\/04\\\/06\\\/ligue-1-mobilis-les-canaris-semparent-de-la-place-de-dauphin\\\/\",\"name\":\"Ligue 1 Mobilis: Les Canaris s&#8217;emparent de la place de dauphin - La Sentinelle\",\"isPartOf\":{\"@id\":\"https:\\\/\\\/lasentinelle.dz\\\/#website\"},\"primaryImageOfPage\":{\"@id\":\"https:\\\/\\\/lasentinelle.dz\\\/index.php\\\/2025\\\/04\\\/06\\\/ligue-1-mobilis-les-canaris-semparent-de-la-place-de-dauphin\\\/#primaryimage\"},\"image\":{\"@id\":\"https:\\\/\\\/lasentinelle.dz\\\/index.php\\\/2025\\\/04\\\/06\\\/ligue-1-mobilis-les-canaris-semparent-de-la-place-de-dauphin\\\/#primaryimage\"},\"thumbnailUrl\":\"https:\\\/\\\/lasentinelle.dz\\\/wp-content\\\/uploads\\\/2025\\\/04\\\/JSK.jpg\",\"datePublished\":\"2025-04-06T10:50:15+00:00\",\"breadcrumb\":{\"@id\":\"https:\\\/\\\/lasentinelle.dz\\\/index.php\\\/2025\\\/04\\\/06\\\/ligue-1-mobilis-les-canaris-semparent-de-la-place-de-dauphin\\\/#breadcrumb\"},\"inLanguage\":\"fr-FR\",\"potentialAction\":[{\"@type\":\"ReadAction\",\"target\":[\"https:\\\/\\\/lasentinelle.dz\\\/index.php\\\/2025\\\/04\\\/06\\\/ligue-1-mobilis-les-canaris-semparent-de-la-place-de-dauphin\\\/\"]}]},{\"@type\":\"ImageObject\",\"inLanguage\":\"fr-FR\",\"@id\":\"https:\\\/\\\/lasentinelle.dz\\\/index.php\\\/2025\\\/04\\\/06\\\/ligue-1-mobilis-les-canaris-semparent-de-la-place-de-dauphin\\\/#primaryimage\",\"url\":\"https:\\\/\\\/lasentinelle.dz\\\/wp-content\\\/uploads\\\/2025\\\/04\\\/JSK.jpg\",\"contentUrl\":\"https:\\\/\\\/lasentinelle.dz\\\/wp-content\\\/uploads\\\/2025\\\/04\\\/JSK.jpg\",\"width\":2048,\"height\":1366},{\"@type\":\"BreadcrumbList\",\"@id\":\"https:\\\/\\\/lasentinelle.dz\\\/index.php\\\/2025\\\/04\\\/06\\\/ligue-1-mobilis-les-canaris-semparent-de-la-place-de-dauphin\\\/#breadcrumb\",\"itemListElement\":[{\"@type\":\"ListItem\",\"position\":1,\"name\":\"Accueil\",\"item\":\"https:\\\/\\\/lasentinelle.dz\\\/\"},{\"@type\":\"ListItem\",\"position\":2,\"name\":\"Ligue 1 Mobilis: Les Canaris s&#8217;emparent de la place de dauphin\"}]},{\"@type\":\"WebSite\",\"@id\":\"https:\\\/\\\/lasentinelle.dz\\\/#website\",\"url\":\"https:\\\/\\\/lasentinelle.dz\\\/\",\"name\":\"La Sentinelle\",\"description\":\"Quotidien national d&#039;information\",\"publisher\":{\"@id\":\"https:\\\/\\\/lasentinelle.dz\\\/#organization\"},\"potentialAction\":[{\"@type\":\"SearchAction\",\"target\":{\"@type\":\"EntryPoint\",\"urlTemplate\":\"https:\\\/\\\/lasentinelle.dz\\\/?s={search_term_string}\"},\"query-input\":{\"@type\":\"PropertyValueSpecification\",\"valueRequired\":true,\"valueName\":\"search_term_string\"}}],\"inLanguage\":\"fr-FR\"},{\"@type\":\"Organization\",\"@id\":\"https:\\\/\\\/lasentinelle.dz\\\/#organization\",\"name\":\"Quotidien La Sentinelle\",\"url\":\"https:\\\/\\\/lasentinelle.dz\\\/\",\"logo\":{\"@type\":\"ImageObject\",\"inLanguage\":\"fr-FR\",\"@id\":\"https:\\\/\\\/lasentinelle.dz\\\/#\\\/schema\\\/logo\\\/image\\\/\",\"url\":\"https:\\\/\\\/lasentinelle.dz\\\/wp-content\\\/uploads\\\/2021\\\/09\\\/logo-sentinelleSLOGAN-1.png\",\"contentUrl\":\"https:\\\/\\\/lasentinelle.dz\\\/wp-content\\\/uploads\\\/2021\\\/09\\\/logo-sentinelleSLOGAN-1.png\",\"width\":615,\"height\":142,\"caption\":\"Quotidien La Sentinelle\"},\"image\":{\"@id\":\"https:\\\/\\\/lasentinelle.dz\\\/#\\\/schema\\\/logo\\\/image\\\/\"},\"sameAs\":[\"https:\\\/\\\/www.facebook.com\\\/La-Sentinelle-104059864394773\"]},{\"@type\":\"Person\",\"@id\":\"https:\\\/\\\/lasentinelle.dz\\\/#\\\/schema\\\/person\\\/729ee0024f24e0b8c5ec17232f8e8b41\",\"name\":\"admin\",\"image\":{\"@type\":\"ImageObject\",\"inLanguage\":\"fr-FR\",\"@id\":\"https:\\\/\\\/secure.gravatar.com\\\/avatar\\\/4c81fed838786e9b53f540bf46533e750f5d292099ae3b66cfc6fb1982e29df7?s=96&d=mm&r=g\",\"url\":\"https:\\\/\\\/secure.gravatar.com\\\/avatar\\\/4c81fed838786e9b53f540bf46533e750f5d292099ae3b66cfc6fb1982e29df7?s=96&d=mm&r=g\",\"contentUrl\":\"https:\\\/\\\/secure.gravatar.com\\\/avatar\\\/4c81fed838786e9b53f540bf46533e750f5d292099ae3b66cfc6fb1982e29df7?s=96&d=mm&r=g\",\"caption\":\"admin\"},\"description\":\"admin\",\"url\":\"https:\\\/\\\/lasentinelle.dz\\\/author\\\/admin\\\/\"}]}<\/script>\n<!-- \/ Yoast SEO plugin. -->","yoast_head_json":{"title":"Ligue 1 Mobilis: Les Canaris s&#8217;emparent de la place de dauphin - La Sentinelle","robots":{"index":"index","follow":"follow","max-snippet":"max-snippet:-1","max-image-preview":"max-image-preview:large","max-video-preview":"max-video-preview:-1"},"canonical":"https:\/\/lasentinelle.dz\/index.php\/2025\/04\/06\/ligue-1-mobilis-les-canaris-semparent-de-la-place-de-dauphin\/","og_locale":"fr_FR","og_type":"article","og_title":"Ligue 1 Mobilis: Les Canaris s&#8217;emparent de la place de dauphin - La Sentinelle","og_description":"La 21e journ\u00e9e de Ligue 1 Mobilis a offert son lot de rebondissements avec une JS Kabylie qui s&rsquo;affirme d\u00e9sormais","og_url":"https:\/\/lasentinelle.dz\/index.php\/2025\/04\/06\/ligue-1-mobilis-les-canaris-semparent-de-la-place-de-dauphin\/","og_site_name":"La Sentinelle","article_publisher":"https:\/\/www.facebook.com\/La-Sentinelle-104059864394773","article_published_time":"2025-04-06T10:50:15+00:00","og_image":[{"width":2048,"height":1366,"url":"https:\/\/lasentinelle.dz\/wp-content\/uploads\/2025\/04\/JSK.jpg","type":"image\/jpeg"}],"author":"admin","twitter_card":"summary_large_image","twitter_misc":{"\u00c9crit par":"admin","Dur\u00e9e de lecture estim\u00e9e":"4 minutes"},"schema":{"@context":"https:\/\/schema.org","@graph":[{"@type":"Article","@id":"https:\/\/lasentinelle.dz\/index.php\/2025\/04\/06\/ligue-1-mobilis-les-canaris-semparent-de-la-place-de-dauphin\/#article","isPartOf":{"@id":"https:\/\/lasentinelle.dz\/index.php\/2025\/04\/06\/ligue-1-mobilis-les-canaris-semparent-de-la-place-de-dauphin\/"},"author":{"name":"admin","@id":"https:\/\/lasentinelle.dz\/#\/schema\/person\/729ee0024f24e0b8c5ec17232f8e8b41"},"headline":"Ligue 1 Mobilis: Les Canaris s&#8217;emparent de la place de dauphin","datePublished":"2025-04-06T10:50:15+00:00","mainEntityOfPage":{"@id":"https:\/\/lasentinelle.dz\/index.php\/2025\/04\/06\/ligue-1-mobilis-les-canaris-semparent-de-la-place-de-dauphin\/"},"wordCount":677,"commentCount":0,"publisher":{"@id":"https:\/\/lasentinelle.dz\/#organization"},"image":{"@id":"https:\/\/lasentinelle.dz\/index.php\/2025\/04\/06\/ligue-1-mobilis-les-canaris-semparent-de-la-place-de-dauphin\/#primaryimage"},"thumbnailUrl":"https:\/\/lasentinelle.dz\/wp-content\/uploads\/2025\/04\/JSK.jpg","articleSection":["\u00c0 la Une","Sports"],"inLanguage":"fr-FR","potentialAction":[{"@type":"CommentAction","name":"Comment","target":["https:\/\/lasentinelle.dz\/index.php\/2025\/04\/06\/ligue-1-mobilis-les-canaris-semparent-de-la-place-de-dauphin\/#respond"]}]},{"@type":"WebPage","@id":"https:\/\/lasentinelle.dz\/index.php\/2025\/04\/06\/ligue-1-mobilis-les-canaris-semparent-de-la-place-de-dauphin\/","url":"https:\/\/lasentinelle.dz\/index.php\/2025\/04\/06\/ligue-1-mobilis-les-canaris-semparent-de-la-place-de-dauphin\/","name":"Ligue 1 Mobilis: Les Canaris s&#8217;emparent de la place de dauphin - La Sentinelle","isPartOf":{"@id":"https:\/\/lasentinelle.dz\/#website"},"primaryImageOfPage":{"@id":"https:\/\/lasentinelle.dz\/index.php\/2025\/04\/06\/ligue-1-mobilis-les-canaris-semparent-de-la-place-de-dauphin\/#primaryimage"},"image":{"@id":"https:\/\/lasentinelle.dz\/index.php\/2025\/04\/06\/ligue-1-mobilis-les-canaris-semparent-de-la-place-de-dauphin\/#primaryimage"},"thumbnailUrl":"https:\/\/lasentinelle.dz\/wp-content\/uploads\/2025\/04\/JSK.jpg","datePublished":"2025-04-06T10:50:15+00:00","breadcrumb":{"@id":"https:\/\/lasentinelle.dz\/index.php\/2025\/04\/06\/ligue-1-mobilis-les-canaris-semparent-de-la-place-de-dauphin\/#breadcrumb"},"inLanguage":"fr-FR","potentialAction":[{"@type":"ReadAction","target":["https:\/\/lasentinelle.dz\/index.php\/2025\/04\/06\/ligue-1-mobilis-les-canaris-semparent-de-la-place-de-dauphin\/"]}]},{"@type":"ImageObject","inLanguage":"fr-FR","@id":"https:\/\/lasentinelle.dz\/index.php\/2025\/04\/06\/ligue-1-mobilis-les-canaris-semparent-de-la-place-de-dauphin\/#primaryimage","url":"https:\/\/lasentinelle.dz\/wp-content\/uploads\/2025\/04\/JSK.jpg","contentUrl":"https:\/\/lasentinelle.dz\/wp-content\/uploads\/2025\/04\/JSK.jpg","width":2048,"height":1366},{"@type":"BreadcrumbList","@id":"https:\/\/lasentinelle.dz\/index.php\/2025\/04\/06\/ligue-1-mobilis-les-canaris-semparent-de-la-place-de-dauphin\/#breadcrumb","itemListElement":[{"@type":"ListItem","position":1,"name":"Accueil","item":"https:\/\/lasentinelle.dz\/"},{"@type":"ListItem","position":2,"name":"Ligue 1 Mobilis: Les Canaris s&#8217;emparent de la place de dauphin"}]},{"@type":"WebSite","@id":"https:\/\/lasentinelle.dz\/#website","url":"https:\/\/lasentinelle.dz\/","name":"La Sentinelle","description":"Quotidien national d&#039;information","publisher":{"@id":"https:\/\/lasentinelle.dz\/#organization"},"potentialAction":[{"@type":"SearchAction","target":{"@type":"EntryPoint","urlTemplate":"https:\/\/lasentinelle.dz\/?s={search_term_string}"},"query-input":{"@type":"PropertyValueSpecification","valueRequired":true,"valueName":"search_term_string"}}],"inLanguage":"fr-FR"},{"@type":"Organization","@id":"https:\/\/lasentinelle.dz\/#organization","name":"Quotidien La Sentinelle","url":"https:\/\/lasentinelle.dz\/","logo":{"@type":"ImageObject","inLanguage":"fr-FR","@id":"https:\/\/lasentinelle.dz\/#\/schema\/logo\/image\/","url":"https:\/\/lasentinelle.dz\/wp-content\/uploads\/2021\/09\/logo-sentinelleSLOGAN-1.png","contentUrl":"https:\/\/lasentinelle.dz\/wp-content\/uploads\/2021\/09\/logo-sentinelleSLOGAN-1.png","width":615,"height":142,"caption":"Quotidien La Sentinelle"},"image":{"@id":"https:\/\/lasentinelle.dz\/#\/schema\/logo\/image\/"},"sameAs":["https:\/\/www.facebook.com\/La-Sentinelle-104059864394773"]},{"@type":"Person","@id":"https:\/\/lasentinelle.dz\/#\/schema\/person\/729ee0024f24e0b8c5ec17232f8e8b41","name":"admin","image":{"@type":"ImageObject","inLanguage":"fr-FR","@id":"https:\/\/secure.gravatar.com\/avatar\/4c81fed838786e9b53f540bf46533e750f5d292099ae3b66cfc6fb1982e29df7?s=96&d=mm&r=g","url":"https:\/\/secure.gravatar.com\/avatar\/4c81fed838786e9b53f540bf46533e750f5d292099ae3b66cfc6fb1982e29df7?s=96&d=mm&r=g","contentUrl":"https:\/\/secure.gravatar.com\/avatar\/4c81fed838786e9b53f540bf46533e750f5d292099ae3b66cfc6fb1982e29df7?s=96&d=mm&r=g","caption":"admin"},"description":"admin","url":"https:\/\/lasentinelle.dz\/author\/admin\/"}]}},"_links":{"self":[{"href":"https:\/\/lasentinelle.dz\/index.php\/wp-json\/wp\/v2\/posts\/65135","targetHints":{"allow":["GET"]}}],"collection":[{"href":"https:\/\/lasentinelle.dz\/index.php\/wp-json\/wp\/v2\/posts"}],"about":[{"href":"https:\/\/lasentinelle.dz\/index.php\/wp-json\/wp\/v2\/types\/post"}],"author":[{"embeddable":true,"href":"https:\/\/lasentinelle.dz\/index.php\/wp-json\/wp\/v2\/users\/6"}],"replies":[{"embeddable":true,"href":"https:\/\/lasentinelle.dz\/index.php\/wp-json\/wp\/v2\/comments?post=65135"}],"version-history":[{"count":2,"href":"https:\/\/lasentinelle.dz\/index.php\/wp-json\/wp\/v2\/posts\/65135\/revisions"}],"predecessor-version":[{"id":65138,"href":"https:\/\/lasentinelle.dz\/index.php\/wp-json\/wp\/v2\/posts\/65135\/revisions\/65138"}],"wp:featuredmedia":[{"embeddable":true,"href":"https:\/\/lasentinelle.dz\/index.php\/wp-json\/wp\/v2\/media\/65136"}],"wp:attachment":[{"href":"https:\/\/lasentinelle.dz\/index.php\/wp-json\/wp\/v2\/media?parent=65135"}],"wp:term":[{"taxonomy":"category","embeddable":true,"href":"https:\/\/lasentinelle.dz\/index.php\/wp-json\/wp\/v2\/categories?post=65135"},{"taxonomy":"post_tag","embeddable":true,"href":"https:\/\/lasentinelle.dz\/index.php\/wp-json\/wp\/v2\/tags?post=65135"}],"curies":[{"name":"wp","href":"https:\/\/api.w.org\/{rel}","templated":true}]}}