{"id":65146,"date":"2025-04-06T11:54:45","date_gmt":"2025-04-06T10:54:45","guid":{"rendered":"https:\/\/lasentinelle.dz\/?p=65146"},"modified":"2025-04-06T11:54:45","modified_gmt":"2025-04-06T10:54:45","slug":"le-salon-djazagro-souvre-lundi-a-alger-650-exposants-au-rendez-vous","status":"publish","type":"post","link":"https:\/\/lasentinelle.dz\/index.php\/2025\/04\/06\/le-salon-djazagro-souvre-lundi-a-alger-650-exposants-au-rendez-vous\/","title":{"rendered":"Le salon Djazagro s&rsquo;ouvre lundi \u00e0 Alger : 650 exposants au rendez-vous"},"content":{"rendered":"\n<p>Le rendez-vous annuel incontournable de l&rsquo;industrie agroalimentaire en Alg\u00e9rie se pr\u00e9pare \u00e0 ouvrir ses portes dans la capitale. L&rsquo;\u00e9dition 2025 du Salon professionnel de la production agroalimentaire (Djazagro) se tiendra du 7 au 10 avril au Palais des expositions Pins maritimes d&rsquo;Alger, r\u00e9unissant un nombre impressionnant d&rsquo;acteurs du secteur. Selon les organisateurs, cette manifestation d&rsquo;envergure rassemblera 650 exposants venus de 36 pays diff\u00e9rents et devrait attirer environ 23.000 visiteurs professionnels. Cette nouvelle \u00e9dition sera \u00ab\u00a0l&rsquo;occasion de mettre en lumi\u00e8re les avanc\u00e9es les plus marquantes du secteur et d&rsquo;offrir aux 650 exposants repr\u00e9sentant 36 pays, comme aux 23.000 visiteurs attendus, un cadre propice aux \u00e9changes et au d\u00e9veloppement commercial, avec une attention particuli\u00e8re \u00e0 un maillon cl\u00e9 de la fili\u00e8re: l&#8217;emballage\u00a0\u00bb, pr\u00e9cisent les organisateurs dans leur communiqu\u00e9. Co-organis\u00e9 par les entreprises Comexposium et Promosalons Alg\u00e9rie, ce salon confirme son positionnement strat\u00e9gique comme plateforme d&rsquo;\u00e9changes et de partenariats dans un secteur crucial pour l&rsquo;\u00e9conomie nationale. La particularit\u00e9 de Djazagro r\u00e9side dans sa sp\u00e9cialisation exclusive d\u00e9di\u00e9e aux fabricants, avec une repr\u00e9sentation nationale non n\u00e9gligeable puisque 25% des exposants sont des producteurs alg\u00e9riens. Les 75% restants proviennent majoritairement d&rsquo;Italie, de Chine, de France et de Turquie, illustrant l&rsquo;attractivit\u00e9 internationale de cet \u00e9v\u00e9nement. Le salon couvre l&rsquo;ensemble de la cha\u00eene de valeur agroalimentaire avec des repr\u00e9sentants actifs dans divers segments: conditionnement et emballage, mat\u00e9riels et \u00e9quipements pour process agroalimentaire, boulangerie et p\u00e2tisserie, manutention et stockage, h\u00f4tellerie et restauration, transformation des aliments, produits alimentaires et boissons, ainsi que les mati\u00e8res premi\u00e8res, ingr\u00e9dients et additifs. L&rsquo;\u00e9dition 2025 mettra particuli\u00e8rement l&rsquo;accent sur le secteur de l&#8217;emballage, reconnu comme un vecteur essentiel de comp\u00e9titivit\u00e9. Selon les organisateurs, cette fili\u00e8re \u00ab\u00a0joue un r\u00f4le d\u00e9terminant dans la transformation et la valorisation des produits agroalimentaires\u00a0\u00bb et repr\u00e9sente \u00ab\u00a0un enjeu strat\u00e9gique dans la cha\u00eene de distribution, y compris \u00e0 l&rsquo;international\u00a0\u00bb. Cette orientation se mat\u00e9rialisera notamment \u00e0 travers \u00ab\u00a0Djaz&rsquo;Pack\u00a0\u00bb, un espace sp\u00e9cialement am\u00e9nag\u00e9 qui mettra en avant les innovations en mati\u00e8re de mat\u00e9riaux durables et de techniques avanc\u00e9es d&#8217;emballage. L&rsquo;innovation sera \u00e9galement \u00e0 l&rsquo;honneur avec le concours \u00ab\u00a0Djaz&rsquo;Innov\u00a0\u00bb, v\u00e9ritable vitrine du dynamisme cr\u00e9atif du secteur agroalimentaire alg\u00e9rien. Pour cette \u00e9dition, 18 dossiers ont d\u00e9j\u00e0 \u00e9t\u00e9 pr\u00e9s\u00e9lectionn\u00e9s et attendent les d\u00e9lib\u00e9rations finales qui d\u00e9termineront les laur\u00e9ats. Ces derniers se verront d\u00e9cerner des m\u00e9dailles d&rsquo;or, d&rsquo;argent, de bronze, ainsi qu&rsquo;un prix sp\u00e9cial \u00ab\u00a0Coup de c\u0153ur\u00a0\u00bb du jury, r\u00e9compensant ainsi les solutions les plus prometteuses pour l&rsquo;avenir du secteur. Le programme de cette 20\u00e8me \u00e9dition s&rsquo;enrichit \u00e9galement d&rsquo;une rencontre baptis\u00e9e \u00ab\u00a0L&rsquo;Agora des Experts\u00a0\u00bb, con\u00e7ue comme un carrefour d&rsquo;\u00e9change o\u00f9 des sp\u00e9cialistes partageront leurs analyses et expertises sur les tendances et d\u00e9fis du march\u00e9. Un espace formation anim\u00e9 par des \u00e9tablissements d&rsquo;enseignement et de formation continue compl\u00e9tera l&rsquo;offre, soulignant l&rsquo;importance du d\u00e9veloppement des comp\u00e9tences dans ce secteur en pleine transformation. Fort de ses deux d\u00e9cennies d&rsquo;existence, Djazagro s&rsquo;est impos\u00e9 comme \u00ab\u00a0le salon de r\u00e9f\u00e9rence pour l&rsquo;ensemble des acteurs du secteur agroalimentaire en Alg\u00e9rie et en Afrique du Nord\u00a0\u00bb, selon les organisateurs.<\/p>\n\n\n\n<p><strong>Lyna Larbi<\/strong><\/p>\n","protected":false},"excerpt":{"rendered":"<p>Le rendez-vous annuel incontournable de l&rsquo;industrie agroalimentaire en Alg\u00e9rie se pr\u00e9pare \u00e0 ouvrir ses portes dans la capitale. L&rsquo;\u00e9dition 2025<\/p>\n","protected":false},"author":6,"featured_media":65147,"comment_status":"open","ping_status":"closed","sticky":false,"template":"","format":"standard","meta":{"colormag_page_container_layout":"default_layout","colormag_page_sidebar_layout":"default_layout","om_disable_all_campaigns":false,"_monsterinsights_skip_tracking":false,"_monsterinsights_sitenote_active":false,"_monsterinsights_sitenote_note":"","_monsterinsights_sitenote_category":0,"footnotes":"","_wpscppro_dont_share_socialmedia":false,"_wpscppro_custom_social_share_image":0,"_facebook_share_type":"default","_twitter_share_type":"default","_linkedin_share_type":"default","_pinterest_share_type":"default","_linkedin_share_type_page":"","_instagram_share_type":"default","_medium_share_type":"default","_threads_share_type":"","_google_business_share_type":"","_selected_social_profile":[],"_wpsp_enable_custom_social_template":false,"_wpsp_social_scheduling":{"enabled":false,"datetime":null,"platforms":[],"status":"template_only","dateOption":"today","timeOption":"now","customDays":"","customHours":"","customDate":"","customTime":"","schedulingType":"absolute"},"_wpsp_active_default_template":true},"categories":[29],"tags":[],"class_list":["post-65146","post","type-post","status-publish","format-standard","has-post-thumbnail","hentry","category-economie"],"aioseo_notices":[],"yoast_head":"<!-- This site is optimized with the Yoast SEO plugin v27.5 - https:\/\/yoast.com\/product\/yoast-seo-wordpress\/ -->\n<title>Le salon Djazagro s&rsquo;ouvre lundi \u00e0 Alger : 650 exposants au rendez-vous - La Sentinelle<\/title>\n<meta name=\"robots\" content=\"index, follow, max-snippet:-1, max-image-preview:large, max-video-preview:-1\" \/>\n<link rel=\"canonical\" href=\"https:\/\/lasentinelle.dz\/index.php\/2025\/04\/06\/le-salon-djazagro-souvre-lundi-a-alger-650-exposants-au-rendez-vous\/\" \/>\n<meta property=\"og:locale\" content=\"fr_FR\" \/>\n<meta property=\"og:type\" content=\"article\" \/>\n<meta property=\"og:title\" content=\"Le salon Djazagro s&rsquo;ouvre lundi \u00e0 Alger : 650 exposants au rendez-vous - La Sentinelle\" \/>\n<meta property=\"og:description\" content=\"Le rendez-vous annuel incontournable de l&rsquo;industrie agroalimentaire en Alg\u00e9rie se pr\u00e9pare \u00e0 ouvrir ses portes dans la capitale. L&rsquo;\u00e9dition 2025\" \/>\n<meta property=\"og:url\" content=\"https:\/\/lasentinelle.dz\/index.php\/2025\/04\/06\/le-salon-djazagro-souvre-lundi-a-alger-650-exposants-au-rendez-vous\/\" \/>\n<meta property=\"og:site_name\" content=\"La Sentinelle\" \/>\n<meta property=\"article:publisher\" content=\"https:\/\/www.facebook.com\/La-Sentinelle-104059864394773\" \/>\n<meta property=\"article:published_time\" content=\"2025-04-06T10:54:45+00:00\" \/>\n<meta property=\"og:image\" content=\"https:\/\/lasentinelle.dz\/wp-content\/uploads\/2025\/04\/djazagro.jpg\" \/>\n\t<meta property=\"og:image:width\" content=\"400\" \/>\n\t<meta property=\"og:image:height\" content=\"300\" \/>\n\t<meta property=\"og:image:type\" content=\"image\/jpeg\" \/>\n<meta name=\"author\" content=\"admin\" \/>\n<meta name=\"twitter:card\" content=\"summary_large_image\" \/>\n<meta name=\"twitter:label1\" content=\"\u00c9crit par\" \/>\n\t<meta name=\"twitter:data1\" content=\"admin\" \/>\n\t<meta name=\"twitter:label2\" content=\"Dur\u00e9e de lecture estim\u00e9e\" \/>\n\t<meta name=\"twitter:data2\" content=\"3 minutes\" \/>\n<script type=\"application\/ld+json\" class=\"yoast-schema-graph\">{\"@context\":\"https:\\\/\\\/schema.org\",\"@graph\":[{\"@type\":\"Article\",\"@id\":\"https:\\\/\\\/lasentinelle.dz\\\/index.php\\\/2025\\\/04\\\/06\\\/le-salon-djazagro-souvre-lundi-a-alger-650-exposants-au-rendez-vous\\\/#article\",\"isPartOf\":{\"@id\":\"https:\\\/\\\/lasentinelle.dz\\\/index.php\\\/2025\\\/04\\\/06\\\/le-salon-djazagro-souvre-lundi-a-alger-650-exposants-au-rendez-vous\\\/\"},\"author\":{\"name\":\"admin\",\"@id\":\"https:\\\/\\\/lasentinelle.dz\\\/#\\\/schema\\\/person\\\/729ee0024f24e0b8c5ec17232f8e8b41\"},\"headline\":\"Le salon Djazagro s&rsquo;ouvre lundi \u00e0 Alger : 650 exposants au rendez-vous\",\"datePublished\":\"2025-04-06T10:54:45+00:00\",\"mainEntityOfPage\":{\"@id\":\"https:\\\/\\\/lasentinelle.dz\\\/index.php\\\/2025\\\/04\\\/06\\\/le-salon-djazagro-souvre-lundi-a-alger-650-exposants-au-rendez-vous\\\/\"},\"wordCount\":584,\"commentCount\":0,\"publisher\":{\"@id\":\"https:\\\/\\\/lasentinelle.dz\\\/#organization\"},\"image\":{\"@id\":\"https:\\\/\\\/lasentinelle.dz\\\/index.php\\\/2025\\\/04\\\/06\\\/le-salon-djazagro-souvre-lundi-a-alger-650-exposants-au-rendez-vous\\\/#primaryimage\"},\"thumbnailUrl\":\"https:\\\/\\\/lasentinelle.dz\\\/wp-content\\\/uploads\\\/2025\\\/04\\\/djazagro.jpg\",\"articleSection\":[\"\u00c9conomie\"],\"inLanguage\":\"fr-FR\",\"potentialAction\":[{\"@type\":\"CommentAction\",\"name\":\"Comment\",\"target\":[\"https:\\\/\\\/lasentinelle.dz\\\/index.php\\\/2025\\\/04\\\/06\\\/le-salon-djazagro-souvre-lundi-a-alger-650-exposants-au-rendez-vous\\\/#respond\"]}]},{\"@type\":\"WebPage\",\"@id\":\"https:\\\/\\\/lasentinelle.dz\\\/index.php\\\/2025\\\/04\\\/06\\\/le-salon-djazagro-souvre-lundi-a-alger-650-exposants-au-rendez-vous\\\/\",\"url\":\"https:\\\/\\\/lasentinelle.dz\\\/index.php\\\/2025\\\/04\\\/06\\\/le-salon-djazagro-souvre-lundi-a-alger-650-exposants-au-rendez-vous\\\/\",\"name\":\"Le salon Djazagro s&rsquo;ouvre lundi \u00e0 Alger : 650 exposants au rendez-vous - La Sentinelle\",\"isPartOf\":{\"@id\":\"https:\\\/\\\/lasentinelle.dz\\\/#website\"},\"primaryImageOfPage\":{\"@id\":\"https:\\\/\\\/lasentinelle.dz\\\/index.php\\\/2025\\\/04\\\/06\\\/le-salon-djazagro-souvre-lundi-a-alger-650-exposants-au-rendez-vous\\\/#primaryimage\"},\"image\":{\"@id\":\"https:\\\/\\\/lasentinelle.dz\\\/index.php\\\/2025\\\/04\\\/06\\\/le-salon-djazagro-souvre-lundi-a-alger-650-exposants-au-rendez-vous\\\/#primaryimage\"},\"thumbnailUrl\":\"https:\\\/\\\/lasentinelle.dz\\\/wp-content\\\/uploads\\\/2025\\\/04\\\/djazagro.jpg\",\"datePublished\":\"2025-04-06T10:54:45+00:00\",\"breadcrumb\":{\"@id\":\"https:\\\/\\\/lasentinelle.dz\\\/index.php\\\/2025\\\/04\\\/06\\\/le-salon-djazagro-souvre-lundi-a-alger-650-exposants-au-rendez-vous\\\/#breadcrumb\"},\"inLanguage\":\"fr-FR\",\"potentialAction\":[{\"@type\":\"ReadAction\",\"target\":[\"https:\\\/\\\/lasentinelle.dz\\\/index.php\\\/2025\\\/04\\\/06\\\/le-salon-djazagro-souvre-lundi-a-alger-650-exposants-au-rendez-vous\\\/\"]}]},{\"@type\":\"ImageObject\",\"inLanguage\":\"fr-FR\",\"@id\":\"https:\\\/\\\/lasentinelle.dz\\\/index.php\\\/2025\\\/04\\\/06\\\/le-salon-djazagro-souvre-lundi-a-alger-650-exposants-au-rendez-vous\\\/#primaryimage\",\"url\":\"https:\\\/\\\/lasentinelle.dz\\\/wp-content\\\/uploads\\\/2025\\\/04\\\/djazagro.jpg\",\"contentUrl\":\"https:\\\/\\\/lasentinelle.dz\\\/wp-content\\\/uploads\\\/2025\\\/04\\\/djazagro.jpg\",\"width\":400,\"height\":300},{\"@type\":\"BreadcrumbList\",\"@id\":\"https:\\\/\\\/lasentinelle.dz\\\/index.php\\\/2025\\\/04\\\/06\\\/le-salon-djazagro-souvre-lundi-a-alger-650-exposants-au-rendez-vous\\\/#breadcrumb\",\"itemListElement\":[{\"@type\":\"ListItem\",\"position\":1,\"name\":\"Accueil\",\"item\":\"https:\\\/\\\/lasentinelle.dz\\\/\"},{\"@type\":\"ListItem\",\"position\":2,\"name\":\"Le salon Djazagro s&rsquo;ouvre lundi \u00e0 Alger : 650 exposants au rendez-vous\"}]},{\"@type\":\"WebSite\",\"@id\":\"https:\\\/\\\/lasentinelle.dz\\\/#website\",\"url\":\"https:\\\/\\\/lasentinelle.dz\\\/\",\"name\":\"La Sentinelle\",\"description\":\"Quotidien national d&#039;information\",\"publisher\":{\"@id\":\"https:\\\/\\\/lasentinelle.dz\\\/#organization\"},\"potentialAction\":[{\"@type\":\"SearchAction\",\"target\":{\"@type\":\"EntryPoint\",\"urlTemplate\":\"https:\\\/\\\/lasentinelle.dz\\\/?s={search_term_string}\"},\"query-input\":{\"@type\":\"PropertyValueSpecification\",\"valueRequired\":true,\"valueName\":\"search_term_string\"}}],\"inLanguage\":\"fr-FR\"},{\"@type\":\"Organization\",\"@id\":\"https:\\\/\\\/lasentinelle.dz\\\/#organization\",\"name\":\"Quotidien La Sentinelle\",\"url\":\"https:\\\/\\\/lasentinelle.dz\\\/\",\"logo\":{\"@type\":\"ImageObject\",\"inLanguage\":\"fr-FR\",\"@id\":\"https:\\\/\\\/lasentinelle.dz\\\/#\\\/schema\\\/logo\\\/image\\\/\",\"url\":\"https:\\\/\\\/lasentinelle.dz\\\/wp-content\\\/uploads\\\/2021\\\/09\\\/logo-sentinelleSLOGAN-1.png\",\"contentUrl\":\"https:\\\/\\\/lasentinelle.dz\\\/wp-content\\\/uploads\\\/2021\\\/09\\\/logo-sentinelleSLOGAN-1.png\",\"width\":615,\"height\":142,\"caption\":\"Quotidien La Sentinelle\"},\"image\":{\"@id\":\"https:\\\/\\\/lasentinelle.dz\\\/#\\\/schema\\\/logo\\\/image\\\/\"},\"sameAs\":[\"https:\\\/\\\/www.facebook.com\\\/La-Sentinelle-104059864394773\"]},{\"@type\":\"Person\",\"@id\":\"https:\\\/\\\/lasentinelle.dz\\\/#\\\/schema\\\/person\\\/729ee0024f24e0b8c5ec17232f8e8b41\",\"name\":\"admin\",\"image\":{\"@type\":\"ImageObject\",\"inLanguage\":\"fr-FR\",\"@id\":\"https:\\\/\\\/secure.gravatar.com\\\/avatar\\\/4c81fed838786e9b53f540bf46533e750f5d292099ae3b66cfc6fb1982e29df7?s=96&d=mm&r=g\",\"url\":\"https:\\\/\\\/secure.gravatar.com\\\/avatar\\\/4c81fed838786e9b53f540bf46533e750f5d292099ae3b66cfc6fb1982e29df7?s=96&d=mm&r=g\",\"contentUrl\":\"https:\\\/\\\/secure.gravatar.com\\\/avatar\\\/4c81fed838786e9b53f540bf46533e750f5d292099ae3b66cfc6fb1982e29df7?s=96&d=mm&r=g\",\"caption\":\"admin\"},\"description\":\"admin\",\"url\":\"https:\\\/\\\/lasentinelle.dz\\\/author\\\/admin\\\/\"}]}<\/script>\n<!-- \/ Yoast SEO plugin. -->","yoast_head_json":{"title":"Le salon Djazagro s&rsquo;ouvre lundi \u00e0 Alger : 650 exposants au rendez-vous - La Sentinelle","robots":{"index":"index","follow":"follow","max-snippet":"max-snippet:-1","max-image-preview":"max-image-preview:large","max-video-preview":"max-video-preview:-1"},"canonical":"https:\/\/lasentinelle.dz\/index.php\/2025\/04\/06\/le-salon-djazagro-souvre-lundi-a-alger-650-exposants-au-rendez-vous\/","og_locale":"fr_FR","og_type":"article","og_title":"Le salon Djazagro s&rsquo;ouvre lundi \u00e0 Alger : 650 exposants au rendez-vous - La Sentinelle","og_description":"Le rendez-vous annuel incontournable de l&rsquo;industrie agroalimentaire en Alg\u00e9rie se pr\u00e9pare \u00e0 ouvrir ses portes dans la capitale. L&rsquo;\u00e9dition 2025","og_url":"https:\/\/lasentinelle.dz\/index.php\/2025\/04\/06\/le-salon-djazagro-souvre-lundi-a-alger-650-exposants-au-rendez-vous\/","og_site_name":"La Sentinelle","article_publisher":"https:\/\/www.facebook.com\/La-Sentinelle-104059864394773","article_published_time":"2025-04-06T10:54:45+00:00","og_image":[{"width":400,"height":300,"url":"https:\/\/lasentinelle.dz\/wp-content\/uploads\/2025\/04\/djazagro.jpg","type":"image\/jpeg"}],"author":"admin","twitter_card":"summary_large_image","twitter_misc":{"\u00c9crit par":"admin","Dur\u00e9e de lecture estim\u00e9e":"3 minutes"},"schema":{"@context":"https:\/\/schema.org","@graph":[{"@type":"Article","@id":"https:\/\/lasentinelle.dz\/index.php\/2025\/04\/06\/le-salon-djazagro-souvre-lundi-a-alger-650-exposants-au-rendez-vous\/#article","isPartOf":{"@id":"https:\/\/lasentinelle.dz\/index.php\/2025\/04\/06\/le-salon-djazagro-souvre-lundi-a-alger-650-exposants-au-rendez-vous\/"},"author":{"name":"admin","@id":"https:\/\/lasentinelle.dz\/#\/schema\/person\/729ee0024f24e0b8c5ec17232f8e8b41"},"headline":"Le salon Djazagro s&rsquo;ouvre lundi \u00e0 Alger : 650 exposants au rendez-vous","datePublished":"2025-04-06T10:54:45+00:00","mainEntityOfPage":{"@id":"https:\/\/lasentinelle.dz\/index.php\/2025\/04\/06\/le-salon-djazagro-souvre-lundi-a-alger-650-exposants-au-rendez-vous\/"},"wordCount":584,"commentCount":0,"publisher":{"@id":"https:\/\/lasentinelle.dz\/#organization"},"image":{"@id":"https:\/\/lasentinelle.dz\/index.php\/2025\/04\/06\/le-salon-djazagro-souvre-lundi-a-alger-650-exposants-au-rendez-vous\/#primaryimage"},"thumbnailUrl":"https:\/\/lasentinelle.dz\/wp-content\/uploads\/2025\/04\/djazagro.jpg","articleSection":["\u00c9conomie"],"inLanguage":"fr-FR","potentialAction":[{"@type":"CommentAction","name":"Comment","target":["https:\/\/lasentinelle.dz\/index.php\/2025\/04\/06\/le-salon-djazagro-souvre-lundi-a-alger-650-exposants-au-rendez-vous\/#respond"]}]},{"@type":"WebPage","@id":"https:\/\/lasentinelle.dz\/index.php\/2025\/04\/06\/le-salon-djazagro-souvre-lundi-a-alger-650-exposants-au-rendez-vous\/","url":"https:\/\/lasentinelle.dz\/index.php\/2025\/04\/06\/le-salon-djazagro-souvre-lundi-a-alger-650-exposants-au-rendez-vous\/","name":"Le salon Djazagro s&rsquo;ouvre lundi \u00e0 Alger : 650 exposants au rendez-vous - La Sentinelle","isPartOf":{"@id":"https:\/\/lasentinelle.dz\/#website"},"primaryImageOfPage":{"@id":"https:\/\/lasentinelle.dz\/index.php\/2025\/04\/06\/le-salon-djazagro-souvre-lundi-a-alger-650-exposants-au-rendez-vous\/#primaryimage"},"image":{"@id":"https:\/\/lasentinelle.dz\/index.php\/2025\/04\/06\/le-salon-djazagro-souvre-lundi-a-alger-650-exposants-au-rendez-vous\/#primaryimage"},"thumbnailUrl":"https:\/\/lasentinelle.dz\/wp-content\/uploads\/2025\/04\/djazagro.jpg","datePublished":"2025-04-06T10:54:45+00:00","breadcrumb":{"@id":"https:\/\/lasentinelle.dz\/index.php\/2025\/04\/06\/le-salon-djazagro-souvre-lundi-a-alger-650-exposants-au-rendez-vous\/#breadcrumb"},"inLanguage":"fr-FR","potentialAction":[{"@type":"ReadAction","target":["https:\/\/lasentinelle.dz\/index.php\/2025\/04\/06\/le-salon-djazagro-souvre-lundi-a-alger-650-exposants-au-rendez-vous\/"]}]},{"@type":"ImageObject","inLanguage":"fr-FR","@id":"https:\/\/lasentinelle.dz\/index.php\/2025\/04\/06\/le-salon-djazagro-souvre-lundi-a-alger-650-exposants-au-rendez-vous\/#primaryimage","url":"https:\/\/lasentinelle.dz\/wp-content\/uploads\/2025\/04\/djazagro.jpg","contentUrl":"https:\/\/lasentinelle.dz\/wp-content\/uploads\/2025\/04\/djazagro.jpg","width":400,"height":300},{"@type":"BreadcrumbList","@id":"https:\/\/lasentinelle.dz\/index.php\/2025\/04\/06\/le-salon-djazagro-souvre-lundi-a-alger-650-exposants-au-rendez-vous\/#breadcrumb","itemListElement":[{"@type":"ListItem","position":1,"name":"Accueil","item":"https:\/\/lasentinelle.dz\/"},{"@type":"ListItem","position":2,"name":"Le salon Djazagro s&rsquo;ouvre lundi \u00e0 Alger : 650 exposants au rendez-vous"}]},{"@type":"WebSite","@id":"https:\/\/lasentinelle.dz\/#website","url":"https:\/\/lasentinelle.dz\/","name":"La Sentinelle","description":"Quotidien national d&#039;information","publisher":{"@id":"https:\/\/lasentinelle.dz\/#organization"},"potentialAction":[{"@type":"SearchAction","target":{"@type":"EntryPoint","urlTemplate":"https:\/\/lasentinelle.dz\/?s={search_term_string}"},"query-input":{"@type":"PropertyValueSpecification","valueRequired":true,"valueName":"search_term_string"}}],"inLanguage":"fr-FR"},{"@type":"Organization","@id":"https:\/\/lasentinelle.dz\/#organization","name":"Quotidien La Sentinelle","url":"https:\/\/lasentinelle.dz\/","logo":{"@type":"ImageObject","inLanguage":"fr-FR","@id":"https:\/\/lasentinelle.dz\/#\/schema\/logo\/image\/","url":"https:\/\/lasentinelle.dz\/wp-content\/uploads\/2021\/09\/logo-sentinelleSLOGAN-1.png","contentUrl":"https:\/\/lasentinelle.dz\/wp-content\/uploads\/2021\/09\/logo-sentinelleSLOGAN-1.png","width":615,"height":142,"caption":"Quotidien La Sentinelle"},"image":{"@id":"https:\/\/lasentinelle.dz\/#\/schema\/logo\/image\/"},"sameAs":["https:\/\/www.facebook.com\/La-Sentinelle-104059864394773"]},{"@type":"Person","@id":"https:\/\/lasentinelle.dz\/#\/schema\/person\/729ee0024f24e0b8c5ec17232f8e8b41","name":"admin","image":{"@type":"ImageObject","inLanguage":"fr-FR","@id":"https:\/\/secure.gravatar.com\/avatar\/4c81fed838786e9b53f540bf46533e750f5d292099ae3b66cfc6fb1982e29df7?s=96&d=mm&r=g","url":"https:\/\/secure.gravatar.com\/avatar\/4c81fed838786e9b53f540bf46533e750f5d292099ae3b66cfc6fb1982e29df7?s=96&d=mm&r=g","contentUrl":"https:\/\/secure.gravatar.com\/avatar\/4c81fed838786e9b53f540bf46533e750f5d292099ae3b66cfc6fb1982e29df7?s=96&d=mm&r=g","caption":"admin"},"description":"admin","url":"https:\/\/lasentinelle.dz\/author\/admin\/"}]}},"_links":{"self":[{"href":"https:\/\/lasentinelle.dz\/index.php\/wp-json\/wp\/v2\/posts\/65146","targetHints":{"allow":["GET"]}}],"collection":[{"href":"https:\/\/lasentinelle.dz\/index.php\/wp-json\/wp\/v2\/posts"}],"about":[{"href":"https:\/\/lasentinelle.dz\/index.php\/wp-json\/wp\/v2\/types\/post"}],"author":[{"embeddable":true,"href":"https:\/\/lasentinelle.dz\/index.php\/wp-json\/wp\/v2\/users\/6"}],"replies":[{"embeddable":true,"href":"https:\/\/lasentinelle.dz\/index.php\/wp-json\/wp\/v2\/comments?post=65146"}],"version-history":[{"count":2,"href":"https:\/\/lasentinelle.dz\/index.php\/wp-json\/wp\/v2\/posts\/65146\/revisions"}],"predecessor-version":[{"id":65149,"href":"https:\/\/lasentinelle.dz\/index.php\/wp-json\/wp\/v2\/posts\/65146\/revisions\/65149"}],"wp:featuredmedia":[{"embeddable":true,"href":"https:\/\/lasentinelle.dz\/index.php\/wp-json\/wp\/v2\/media\/65147"}],"wp:attachment":[{"href":"https:\/\/lasentinelle.dz\/index.php\/wp-json\/wp\/v2\/media?parent=65146"}],"wp:term":[{"taxonomy":"category","embeddable":true,"href":"https:\/\/lasentinelle.dz\/index.php\/wp-json\/wp\/v2\/categories?post=65146"},{"taxonomy":"post_tag","embeddable":true,"href":"https:\/\/lasentinelle.dz\/index.php\/wp-json\/wp\/v2\/tags?post=65146"}],"curies":[{"name":"wp","href":"https:\/\/api.w.org\/{rel}","templated":true}]}}