{"id":65150,"date":"2025-04-06T11:55:18","date_gmt":"2025-04-06T10:55:18","guid":{"rendered":"https:\/\/lasentinelle.dz\/?p=65150"},"modified":"2025-04-06T11:55:19","modified_gmt":"2025-04-06T10:55:19","slug":"saison-des-moissons-battages-les-preparatifs-lances","status":"publish","type":"post","link":"https:\/\/lasentinelle.dz\/index.php\/2025\/04\/06\/saison-des-moissons-battages-les-preparatifs-lances\/","title":{"rendered":"Saison des moissons battages: Les pr\u00e9paratifs lanc\u00e9s"},"content":{"rendered":"\n<p>La campagne de moisson-battage pour la saison agricole 2024-2025 se pr\u00e9pare activement avec un lancement pr\u00e9vu en mai prochain dans les wilayas du Sud. Dans cette perspective, le ministre de l&rsquo;Agriculture, du D\u00e9veloppement rural et de la P\u00eache, Youcef Cherfa, a soulign\u00e9 hier l&rsquo;importance cruciale du travail anticipatif et de proximit\u00e9 pour assurer le succ\u00e8s de cette op\u00e9ration strat\u00e9gique pour la s\u00e9curit\u00e9 alimentaire nationale.<\/p>\n\n\n\n<p>Lors d&rsquo;une r\u00e9union nationale avec les directeurs des coop\u00e9ratives de c\u00e9r\u00e9ales et l\u00e9gumineuses s\u00e8ches ainsi que le directeur g\u00e9n\u00e9ral de l&rsquo;Office alg\u00e9rien interprofessionnel des c\u00e9r\u00e9ales (OAIC), en pr\u00e9sence des cadres sp\u00e9cialis\u00e9s, le ministre a salu\u00e9 les nouvelles acquisitions destin\u00e9es \u00e0 renforcer les capacit\u00e9s de stockage et le parc de transport c\u00e9r\u00e9alier. \u00ab\u00a0Compte tenu des conditions favorables en termes d&rsquo;encadrement technique et des pluies consid\u00e9rables qui ont accompagn\u00e9 la saison du labour et des semailles, tous les acteurs doivent se pr\u00e9parer \u00e0 un travail anticipatif et de proximit\u00e9 pour r\u00e9ussir la saison de moisson et de battage\u00a0\u00bb, a d\u00e9clar\u00e9 Youcef Cherfa. Il a pr\u00e9cis\u00e9 que cette rencontre visait \u00e0 \u00ab\u00a0\u00e9tablir une feuille de route rassemblant les diff\u00e9rents intervenants dans l&rsquo;op\u00e9ration de r\u00e9colte pour assurer le succ\u00e8s de la saison agricole\u00a0\u00bb. Sur le plan logistique, des avanc\u00e9es significatives ont \u00e9t\u00e9 r\u00e9alis\u00e9es. Le ministre a annonc\u00e9 que d&rsquo;ici juin prochain, 260 centres de proximit\u00e9 pour le stockage des c\u00e9r\u00e9ales seront r\u00e9ceptionn\u00e9s, repr\u00e9sentant une nouvelle capacit\u00e9 totale de stockage estim\u00e9e \u00e0 17 millions de quintaux. Selon le calendrier \u00e9tabli, 65 centres de proximit\u00e9 seront livr\u00e9s durant le mois d&rsquo;avril en cours, suivis par 99 installations similaires en mai. Ces infrastructures garantiront \u00ab\u00a0un plus grand confort\u00a0\u00bb dans le stockage des produits strat\u00e9giques.<\/p>\n\n\n\n<p>En mati\u00e8re de transport, le parc de l&rsquo;OAIC s&rsquo;est renforc\u00e9 avec l&rsquo;acquisition de 120 nouveaux camions \u00e0 grande capacit\u00e9, venant s&rsquo;ajouter \u00e0 sa flotte d\u00e9j\u00e0 estim\u00e9e \u00e0 plus de 1500 v\u00e9hicules. Ce renforcement permettra de soutenir efficacement la campagne moisson-battage dans les wilayas du Sud, o\u00f9 la superficie cultiv\u00e9e cette saison atteint 149.000 hectares, soit une augmentation de 40.000 hectares par rapport \u00e0 la saison agricole pr\u00e9c\u00e9dente.<\/p>\n\n\n\n<p>Le ministre a transmis plusieurs directives aux cadres des coop\u00e9ratives c\u00e9r\u00e9ali\u00e8res et de l&rsquo;OAIC, notamment concernant l&rsquo;entretien et le r\u00e9glage pr\u00e9cis des moissonneuses. Il a insist\u00e9 sur le fait que la maintenance du mat\u00e9riel agricole avant le lancement de la campagne permettra une meilleure collecte de la r\u00e9colte. M. Cherfa a \u00e9galement soulign\u00e9 la n\u00e9cessit\u00e9 de pr\u00e9parer un accueil ad\u00e9quat de la production en am\u00e9nageant les espaces de stockage et en assurant une fluidit\u00e9 dans la r\u00e9ception, tout en veillant \u00e0 pr\u00e9parer un environnement appropri\u00e9 permettant aux agriculteurs d&rsquo;attendre leur tour pour livrer leur production dans de bonnes conditions.<\/p>\n\n\n\n<p>Le ministre de l&rsquo;Agriculture a mis l&rsquo;accent sur l&rsquo;approche proactive envers les agriculteurs pour qu&rsquo;ils livrent leurs productions aux coop\u00e9ratives c\u00e9r\u00e9ali\u00e8res conform\u00e9ment au cahier des charges liant les deux parties. Dans ce contexte, il a rappel\u00e9 l&rsquo;accompagnement qualitatif fourni par son secteur aux agriculteurs, notamment \u00e0 travers les engrais et semences subventionn\u00e9s ainsi que les nombreuses facilit\u00e9s en mati\u00e8re de cr\u00e9dits.<\/p>\n\n\n\n<p>La rencontre a \u00e9t\u00e9 marqu\u00e9e par plusieurs interventions des cadres des coop\u00e9ratives c\u00e9r\u00e9ali\u00e8res et de l&rsquo;OAIC concernant les pr\u00e9paratifs de la campagne moisson-battage 2024-2025 \u00e0 travers les diff\u00e9rentes r\u00e9gions du pays. Ces discussions techniques ont permis d&rsquo;aborder les sp\u00e9cificit\u00e9s r\u00e9gionales et d&rsquo;harmoniser les approches pour optimiser le rendement de cette campagne qui s&rsquo;annonce prometteuse.<\/p>\n\n\n\n<p>Samir Benisid<\/p>\n","protected":false},"excerpt":{"rendered":"<p>La campagne de moisson-battage pour la saison agricole 2024-2025 se pr\u00e9pare activement avec un lancement pr\u00e9vu en mai prochain dans<\/p>\n","protected":false},"author":6,"featured_media":21414,"comment_status":"open","ping_status":"closed","sticky":false,"template":"","format":"standard","meta":{"colormag_page_container_layout":"default_layout","colormag_page_sidebar_layout":"default_layout","om_disable_all_campaigns":false,"_monsterinsights_skip_tracking":false,"_monsterinsights_sitenote_active":false,"_monsterinsights_sitenote_note":"","_monsterinsights_sitenote_category":0,"footnotes":"","_wpscppro_dont_share_socialmedia":false,"_wpscppro_custom_social_share_image":0,"_facebook_share_type":"default","_twitter_share_type":"default","_linkedin_share_type":"default","_pinterest_share_type":"default","_linkedin_share_type_page":"","_instagram_share_type":"default","_medium_share_type":"default","_threads_share_type":"","_google_business_share_type":"","_selected_social_profile":[],"_wpsp_enable_custom_social_template":false,"_wpsp_social_scheduling":{"enabled":false,"datetime":null,"platforms":[],"status":"template_only","dateOption":"today","timeOption":"now","customDays":"","customHours":"","customDate":"","customTime":"","schedulingType":"absolute"},"_wpsp_active_default_template":true},"categories":[52,29],"tags":[],"class_list":["post-65150","post","type-post","status-publish","format-standard","has-post-thumbnail","hentry","category-a-la-une","category-economie"],"aioseo_notices":[],"yoast_head":"<!-- This site is optimized with the Yoast SEO plugin v27.5 - https:\/\/yoast.com\/product\/yoast-seo-wordpress\/ -->\n<title>Saison des moissons battages: Les pr\u00e9paratifs lanc\u00e9s - La Sentinelle<\/title>\n<meta name=\"robots\" content=\"index, follow, max-snippet:-1, max-image-preview:large, max-video-preview:-1\" \/>\n<link rel=\"canonical\" href=\"https:\/\/lasentinelle.dz\/index.php\/2025\/04\/06\/saison-des-moissons-battages-les-preparatifs-lances\/\" \/>\n<meta property=\"og:locale\" content=\"fr_FR\" \/>\n<meta property=\"og:type\" content=\"article\" \/>\n<meta property=\"og:title\" content=\"Saison des moissons battages: Les pr\u00e9paratifs lanc\u00e9s - La Sentinelle\" \/>\n<meta property=\"og:description\" content=\"La campagne de moisson-battage pour la saison agricole 2024-2025 se pr\u00e9pare activement avec un lancement pr\u00e9vu en mai prochain dans\" \/>\n<meta property=\"og:url\" content=\"https:\/\/lasentinelle.dz\/index.php\/2025\/04\/06\/saison-des-moissons-battages-les-preparatifs-lances\/\" \/>\n<meta property=\"og:site_name\" content=\"La Sentinelle\" \/>\n<meta property=\"article:publisher\" content=\"https:\/\/www.facebook.com\/La-Sentinelle-104059864394773\" \/>\n<meta property=\"article:published_time\" content=\"2025-04-06T10:55:18+00:00\" \/>\n<meta property=\"article:modified_time\" content=\"2025-04-06T10:55:19+00:00\" \/>\n<meta property=\"og:image\" content=\"https:\/\/lasentinelle.dz\/wp-content\/uploads\/2022\/05\/e03c23293370f2a120998ba90fab1df1-390x260-1.jpg\" \/>\n\t<meta property=\"og:image:width\" content=\"390\" \/>\n\t<meta property=\"og:image:height\" content=\"260\" \/>\n\t<meta property=\"og:image:type\" content=\"image\/jpeg\" \/>\n<meta name=\"author\" content=\"admin\" \/>\n<meta name=\"twitter:card\" content=\"summary_large_image\" \/>\n<meta name=\"twitter:label1\" content=\"\u00c9crit par\" \/>\n\t<meta name=\"twitter:data1\" content=\"admin\" \/>\n\t<meta name=\"twitter:label2\" content=\"Dur\u00e9e de lecture estim\u00e9e\" \/>\n\t<meta name=\"twitter:data2\" content=\"4 minutes\" \/>\n<script type=\"application\/ld+json\" class=\"yoast-schema-graph\">{\"@context\":\"https:\\\/\\\/schema.org\",\"@graph\":[{\"@type\":\"Article\",\"@id\":\"https:\\\/\\\/lasentinelle.dz\\\/index.php\\\/2025\\\/04\\\/06\\\/saison-des-moissons-battages-les-preparatifs-lances\\\/#article\",\"isPartOf\":{\"@id\":\"https:\\\/\\\/lasentinelle.dz\\\/index.php\\\/2025\\\/04\\\/06\\\/saison-des-moissons-battages-les-preparatifs-lances\\\/\"},\"author\":{\"name\":\"admin\",\"@id\":\"https:\\\/\\\/lasentinelle.dz\\\/#\\\/schema\\\/person\\\/729ee0024f24e0b8c5ec17232f8e8b41\"},\"headline\":\"Saison des moissons battages: Les pr\u00e9paratifs lanc\u00e9s\",\"datePublished\":\"2025-04-06T10:55:18+00:00\",\"dateModified\":\"2025-04-06T10:55:19+00:00\",\"mainEntityOfPage\":{\"@id\":\"https:\\\/\\\/lasentinelle.dz\\\/index.php\\\/2025\\\/04\\\/06\\\/saison-des-moissons-battages-les-preparatifs-lances\\\/\"},\"wordCount\":655,\"commentCount\":0,\"publisher\":{\"@id\":\"https:\\\/\\\/lasentinelle.dz\\\/#organization\"},\"image\":{\"@id\":\"https:\\\/\\\/lasentinelle.dz\\\/index.php\\\/2025\\\/04\\\/06\\\/saison-des-moissons-battages-les-preparatifs-lances\\\/#primaryimage\"},\"thumbnailUrl\":\"https:\\\/\\\/lasentinelle.dz\\\/wp-content\\\/uploads\\\/2022\\\/05\\\/e03c23293370f2a120998ba90fab1df1-390x260-1.jpg\",\"articleSection\":[\"\u00c0 la Une\",\"\u00c9conomie\"],\"inLanguage\":\"fr-FR\",\"potentialAction\":[{\"@type\":\"CommentAction\",\"name\":\"Comment\",\"target\":[\"https:\\\/\\\/lasentinelle.dz\\\/index.php\\\/2025\\\/04\\\/06\\\/saison-des-moissons-battages-les-preparatifs-lances\\\/#respond\"]}]},{\"@type\":\"WebPage\",\"@id\":\"https:\\\/\\\/lasentinelle.dz\\\/index.php\\\/2025\\\/04\\\/06\\\/saison-des-moissons-battages-les-preparatifs-lances\\\/\",\"url\":\"https:\\\/\\\/lasentinelle.dz\\\/index.php\\\/2025\\\/04\\\/06\\\/saison-des-moissons-battages-les-preparatifs-lances\\\/\",\"name\":\"Saison des moissons battages: Les pr\u00e9paratifs lanc\u00e9s - La Sentinelle\",\"isPartOf\":{\"@id\":\"https:\\\/\\\/lasentinelle.dz\\\/#website\"},\"primaryImageOfPage\":{\"@id\":\"https:\\\/\\\/lasentinelle.dz\\\/index.php\\\/2025\\\/04\\\/06\\\/saison-des-moissons-battages-les-preparatifs-lances\\\/#primaryimage\"},\"image\":{\"@id\":\"https:\\\/\\\/lasentinelle.dz\\\/index.php\\\/2025\\\/04\\\/06\\\/saison-des-moissons-battages-les-preparatifs-lances\\\/#primaryimage\"},\"thumbnailUrl\":\"https:\\\/\\\/lasentinelle.dz\\\/wp-content\\\/uploads\\\/2022\\\/05\\\/e03c23293370f2a120998ba90fab1df1-390x260-1.jpg\",\"datePublished\":\"2025-04-06T10:55:18+00:00\",\"dateModified\":\"2025-04-06T10:55:19+00:00\",\"breadcrumb\":{\"@id\":\"https:\\\/\\\/lasentinelle.dz\\\/index.php\\\/2025\\\/04\\\/06\\\/saison-des-moissons-battages-les-preparatifs-lances\\\/#breadcrumb\"},\"inLanguage\":\"fr-FR\",\"potentialAction\":[{\"@type\":\"ReadAction\",\"target\":[\"https:\\\/\\\/lasentinelle.dz\\\/index.php\\\/2025\\\/04\\\/06\\\/saison-des-moissons-battages-les-preparatifs-lances\\\/\"]}]},{\"@type\":\"ImageObject\",\"inLanguage\":\"fr-FR\",\"@id\":\"https:\\\/\\\/lasentinelle.dz\\\/index.php\\\/2025\\\/04\\\/06\\\/saison-des-moissons-battages-les-preparatifs-lances\\\/#primaryimage\",\"url\":\"https:\\\/\\\/lasentinelle.dz\\\/wp-content\\\/uploads\\\/2022\\\/05\\\/e03c23293370f2a120998ba90fab1df1-390x260-1.jpg\",\"contentUrl\":\"https:\\\/\\\/lasentinelle.dz\\\/wp-content\\\/uploads\\\/2022\\\/05\\\/e03c23293370f2a120998ba90fab1df1-390x260-1.jpg\",\"width\":390,\"height\":260},{\"@type\":\"BreadcrumbList\",\"@id\":\"https:\\\/\\\/lasentinelle.dz\\\/index.php\\\/2025\\\/04\\\/06\\\/saison-des-moissons-battages-les-preparatifs-lances\\\/#breadcrumb\",\"itemListElement\":[{\"@type\":\"ListItem\",\"position\":1,\"name\":\"Accueil\",\"item\":\"https:\\\/\\\/lasentinelle.dz\\\/\"},{\"@type\":\"ListItem\",\"position\":2,\"name\":\"Saison des moissons battages: Les pr\u00e9paratifs lanc\u00e9s\"}]},{\"@type\":\"WebSite\",\"@id\":\"https:\\\/\\\/lasentinelle.dz\\\/#website\",\"url\":\"https:\\\/\\\/lasentinelle.dz\\\/\",\"name\":\"La Sentinelle\",\"description\":\"Quotidien national d&#039;information\",\"publisher\":{\"@id\":\"https:\\\/\\\/lasentinelle.dz\\\/#organization\"},\"potentialAction\":[{\"@type\":\"SearchAction\",\"target\":{\"@type\":\"EntryPoint\",\"urlTemplate\":\"https:\\\/\\\/lasentinelle.dz\\\/?s={search_term_string}\"},\"query-input\":{\"@type\":\"PropertyValueSpecification\",\"valueRequired\":true,\"valueName\":\"search_term_string\"}}],\"inLanguage\":\"fr-FR\"},{\"@type\":\"Organization\",\"@id\":\"https:\\\/\\\/lasentinelle.dz\\\/#organization\",\"name\":\"Quotidien La Sentinelle\",\"url\":\"https:\\\/\\\/lasentinelle.dz\\\/\",\"logo\":{\"@type\":\"ImageObject\",\"inLanguage\":\"fr-FR\",\"@id\":\"https:\\\/\\\/lasentinelle.dz\\\/#\\\/schema\\\/logo\\\/image\\\/\",\"url\":\"https:\\\/\\\/lasentinelle.dz\\\/wp-content\\\/uploads\\\/2021\\\/09\\\/logo-sentinelleSLOGAN-1.png\",\"contentUrl\":\"https:\\\/\\\/lasentinelle.dz\\\/wp-content\\\/uploads\\\/2021\\\/09\\\/logo-sentinelleSLOGAN-1.png\",\"width\":615,\"height\":142,\"caption\":\"Quotidien La Sentinelle\"},\"image\":{\"@id\":\"https:\\\/\\\/lasentinelle.dz\\\/#\\\/schema\\\/logo\\\/image\\\/\"},\"sameAs\":[\"https:\\\/\\\/www.facebook.com\\\/La-Sentinelle-104059864394773\"]},{\"@type\":\"Person\",\"@id\":\"https:\\\/\\\/lasentinelle.dz\\\/#\\\/schema\\\/person\\\/729ee0024f24e0b8c5ec17232f8e8b41\",\"name\":\"admin\",\"image\":{\"@type\":\"ImageObject\",\"inLanguage\":\"fr-FR\",\"@id\":\"https:\\\/\\\/secure.gravatar.com\\\/avatar\\\/4c81fed838786e9b53f540bf46533e750f5d292099ae3b66cfc6fb1982e29df7?s=96&d=mm&r=g\",\"url\":\"https:\\\/\\\/secure.gravatar.com\\\/avatar\\\/4c81fed838786e9b53f540bf46533e750f5d292099ae3b66cfc6fb1982e29df7?s=96&d=mm&r=g\",\"contentUrl\":\"https:\\\/\\\/secure.gravatar.com\\\/avatar\\\/4c81fed838786e9b53f540bf46533e750f5d292099ae3b66cfc6fb1982e29df7?s=96&d=mm&r=g\",\"caption\":\"admin\"},\"description\":\"admin\",\"url\":\"https:\\\/\\\/lasentinelle.dz\\\/author\\\/admin\\\/\"}]}<\/script>\n<!-- \/ Yoast SEO plugin. -->","yoast_head_json":{"title":"Saison des moissons battages: Les pr\u00e9paratifs lanc\u00e9s - La Sentinelle","robots":{"index":"index","follow":"follow","max-snippet":"max-snippet:-1","max-image-preview":"max-image-preview:large","max-video-preview":"max-video-preview:-1"},"canonical":"https:\/\/lasentinelle.dz\/index.php\/2025\/04\/06\/saison-des-moissons-battages-les-preparatifs-lances\/","og_locale":"fr_FR","og_type":"article","og_title":"Saison des moissons battages: Les pr\u00e9paratifs lanc\u00e9s - La Sentinelle","og_description":"La campagne de moisson-battage pour la saison agricole 2024-2025 se pr\u00e9pare activement avec un lancement pr\u00e9vu en mai prochain dans","og_url":"https:\/\/lasentinelle.dz\/index.php\/2025\/04\/06\/saison-des-moissons-battages-les-preparatifs-lances\/","og_site_name":"La Sentinelle","article_publisher":"https:\/\/www.facebook.com\/La-Sentinelle-104059864394773","article_published_time":"2025-04-06T10:55:18+00:00","article_modified_time":"2025-04-06T10:55:19+00:00","og_image":[{"width":390,"height":260,"url":"https:\/\/lasentinelle.dz\/wp-content\/uploads\/2022\/05\/e03c23293370f2a120998ba90fab1df1-390x260-1.jpg","type":"image\/jpeg"}],"author":"admin","twitter_card":"summary_large_image","twitter_misc":{"\u00c9crit par":"admin","Dur\u00e9e de lecture estim\u00e9e":"4 minutes"},"schema":{"@context":"https:\/\/schema.org","@graph":[{"@type":"Article","@id":"https:\/\/lasentinelle.dz\/index.php\/2025\/04\/06\/saison-des-moissons-battages-les-preparatifs-lances\/#article","isPartOf":{"@id":"https:\/\/lasentinelle.dz\/index.php\/2025\/04\/06\/saison-des-moissons-battages-les-preparatifs-lances\/"},"author":{"name":"admin","@id":"https:\/\/lasentinelle.dz\/#\/schema\/person\/729ee0024f24e0b8c5ec17232f8e8b41"},"headline":"Saison des moissons battages: Les pr\u00e9paratifs lanc\u00e9s","datePublished":"2025-04-06T10:55:18+00:00","dateModified":"2025-04-06T10:55:19+00:00","mainEntityOfPage":{"@id":"https:\/\/lasentinelle.dz\/index.php\/2025\/04\/06\/saison-des-moissons-battages-les-preparatifs-lances\/"},"wordCount":655,"commentCount":0,"publisher":{"@id":"https:\/\/lasentinelle.dz\/#organization"},"image":{"@id":"https:\/\/lasentinelle.dz\/index.php\/2025\/04\/06\/saison-des-moissons-battages-les-preparatifs-lances\/#primaryimage"},"thumbnailUrl":"https:\/\/lasentinelle.dz\/wp-content\/uploads\/2022\/05\/e03c23293370f2a120998ba90fab1df1-390x260-1.jpg","articleSection":["\u00c0 la Une","\u00c9conomie"],"inLanguage":"fr-FR","potentialAction":[{"@type":"CommentAction","name":"Comment","target":["https:\/\/lasentinelle.dz\/index.php\/2025\/04\/06\/saison-des-moissons-battages-les-preparatifs-lances\/#respond"]}]},{"@type":"WebPage","@id":"https:\/\/lasentinelle.dz\/index.php\/2025\/04\/06\/saison-des-moissons-battages-les-preparatifs-lances\/","url":"https:\/\/lasentinelle.dz\/index.php\/2025\/04\/06\/saison-des-moissons-battages-les-preparatifs-lances\/","name":"Saison des moissons battages: Les pr\u00e9paratifs lanc\u00e9s - La Sentinelle","isPartOf":{"@id":"https:\/\/lasentinelle.dz\/#website"},"primaryImageOfPage":{"@id":"https:\/\/lasentinelle.dz\/index.php\/2025\/04\/06\/saison-des-moissons-battages-les-preparatifs-lances\/#primaryimage"},"image":{"@id":"https:\/\/lasentinelle.dz\/index.php\/2025\/04\/06\/saison-des-moissons-battages-les-preparatifs-lances\/#primaryimage"},"thumbnailUrl":"https:\/\/lasentinelle.dz\/wp-content\/uploads\/2022\/05\/e03c23293370f2a120998ba90fab1df1-390x260-1.jpg","datePublished":"2025-04-06T10:55:18+00:00","dateModified":"2025-04-06T10:55:19+00:00","breadcrumb":{"@id":"https:\/\/lasentinelle.dz\/index.php\/2025\/04\/06\/saison-des-moissons-battages-les-preparatifs-lances\/#breadcrumb"},"inLanguage":"fr-FR","potentialAction":[{"@type":"ReadAction","target":["https:\/\/lasentinelle.dz\/index.php\/2025\/04\/06\/saison-des-moissons-battages-les-preparatifs-lances\/"]}]},{"@type":"ImageObject","inLanguage":"fr-FR","@id":"https:\/\/lasentinelle.dz\/index.php\/2025\/04\/06\/saison-des-moissons-battages-les-preparatifs-lances\/#primaryimage","url":"https:\/\/lasentinelle.dz\/wp-content\/uploads\/2022\/05\/e03c23293370f2a120998ba90fab1df1-390x260-1.jpg","contentUrl":"https:\/\/lasentinelle.dz\/wp-content\/uploads\/2022\/05\/e03c23293370f2a120998ba90fab1df1-390x260-1.jpg","width":390,"height":260},{"@type":"BreadcrumbList","@id":"https:\/\/lasentinelle.dz\/index.php\/2025\/04\/06\/saison-des-moissons-battages-les-preparatifs-lances\/#breadcrumb","itemListElement":[{"@type":"ListItem","position":1,"name":"Accueil","item":"https:\/\/lasentinelle.dz\/"},{"@type":"ListItem","position":2,"name":"Saison des moissons battages: Les pr\u00e9paratifs lanc\u00e9s"}]},{"@type":"WebSite","@id":"https:\/\/lasentinelle.dz\/#website","url":"https:\/\/lasentinelle.dz\/","name":"La Sentinelle","description":"Quotidien national d&#039;information","publisher":{"@id":"https:\/\/lasentinelle.dz\/#organization"},"potentialAction":[{"@type":"SearchAction","target":{"@type":"EntryPoint","urlTemplate":"https:\/\/lasentinelle.dz\/?s={search_term_string}"},"query-input":{"@type":"PropertyValueSpecification","valueRequired":true,"valueName":"search_term_string"}}],"inLanguage":"fr-FR"},{"@type":"Organization","@id":"https:\/\/lasentinelle.dz\/#organization","name":"Quotidien La Sentinelle","url":"https:\/\/lasentinelle.dz\/","logo":{"@type":"ImageObject","inLanguage":"fr-FR","@id":"https:\/\/lasentinelle.dz\/#\/schema\/logo\/image\/","url":"https:\/\/lasentinelle.dz\/wp-content\/uploads\/2021\/09\/logo-sentinelleSLOGAN-1.png","contentUrl":"https:\/\/lasentinelle.dz\/wp-content\/uploads\/2021\/09\/logo-sentinelleSLOGAN-1.png","width":615,"height":142,"caption":"Quotidien La Sentinelle"},"image":{"@id":"https:\/\/lasentinelle.dz\/#\/schema\/logo\/image\/"},"sameAs":["https:\/\/www.facebook.com\/La-Sentinelle-104059864394773"]},{"@type":"Person","@id":"https:\/\/lasentinelle.dz\/#\/schema\/person\/729ee0024f24e0b8c5ec17232f8e8b41","name":"admin","image":{"@type":"ImageObject","inLanguage":"fr-FR","@id":"https:\/\/secure.gravatar.com\/avatar\/4c81fed838786e9b53f540bf46533e750f5d292099ae3b66cfc6fb1982e29df7?s=96&d=mm&r=g","url":"https:\/\/secure.gravatar.com\/avatar\/4c81fed838786e9b53f540bf46533e750f5d292099ae3b66cfc6fb1982e29df7?s=96&d=mm&r=g","contentUrl":"https:\/\/secure.gravatar.com\/avatar\/4c81fed838786e9b53f540bf46533e750f5d292099ae3b66cfc6fb1982e29df7?s=96&d=mm&r=g","caption":"admin"},"description":"admin","url":"https:\/\/lasentinelle.dz\/author\/admin\/"}]}},"_links":{"self":[{"href":"https:\/\/lasentinelle.dz\/index.php\/wp-json\/wp\/v2\/posts\/65150","targetHints":{"allow":["GET"]}}],"collection":[{"href":"https:\/\/lasentinelle.dz\/index.php\/wp-json\/wp\/v2\/posts"}],"about":[{"href":"https:\/\/lasentinelle.dz\/index.php\/wp-json\/wp\/v2\/types\/post"}],"author":[{"embeddable":true,"href":"https:\/\/lasentinelle.dz\/index.php\/wp-json\/wp\/v2\/users\/6"}],"replies":[{"embeddable":true,"href":"https:\/\/lasentinelle.dz\/index.php\/wp-json\/wp\/v2\/comments?post=65150"}],"version-history":[{"count":1,"href":"https:\/\/lasentinelle.dz\/index.php\/wp-json\/wp\/v2\/posts\/65150\/revisions"}],"predecessor-version":[{"id":65151,"href":"https:\/\/lasentinelle.dz\/index.php\/wp-json\/wp\/v2\/posts\/65150\/revisions\/65151"}],"wp:featuredmedia":[{"embeddable":true,"href":"https:\/\/lasentinelle.dz\/index.php\/wp-json\/wp\/v2\/media\/21414"}],"wp:attachment":[{"href":"https:\/\/lasentinelle.dz\/index.php\/wp-json\/wp\/v2\/media?parent=65150"}],"wp:term":[{"taxonomy":"category","embeddable":true,"href":"https:\/\/lasentinelle.dz\/index.php\/wp-json\/wp\/v2\/categories?post=65150"},{"taxonomy":"post_tag","embeddable":true,"href":"https:\/\/lasentinelle.dz\/index.php\/wp-json\/wp\/v2\/tags?post=65150"}],"curies":[{"name":"wp","href":"https:\/\/api.w.org\/{rel}","templated":true}]}}