{"id":65205,"date":"2025-04-07T11:35:32","date_gmt":"2025-04-07T10:35:32","guid":{"rendered":"https:\/\/lasentinelle.dz\/?p=65205"},"modified":"2025-04-07T11:35:32","modified_gmt":"2025-04-07T10:35:32","slug":"bechar-la-realisation-du-megaprojet-de-transfert-des-eaux-de-guetrani-achevee","status":"publish","type":"post","link":"https:\/\/lasentinelle.dz\/index.php\/2025\/04\/07\/bechar-la-realisation-du-megaprojet-de-transfert-des-eaux-de-guetrani-achevee\/","title":{"rendered":"B\u00e9char: La r\u00e9alisation du m\u00e9gaprojet de transfert des eaux de Guetrani achev\u00e9e"},"content":{"rendered":"\n<p>Le m\u00e9gaprojet strat\u00e9gique de transfert des eaux albiennes du champ de captage de Guetrani, situ\u00e9 au nord de Bechar, vient d&rsquo;\u00eatre totalement achev\u00e9, marquant une \u00e9tape d\u00e9cisive dans la politique nationale de s\u00e9curisation des ressources hydriques.<\/p>\n\n\n\n<p>Cette infrastructure monumentale, con\u00e7ue pour alimenter en eau potable les populations de la r\u00e9gion de Bechar, r\u00e9pond \u00e0 un engagement fort du Pr\u00e9sident de la R\u00e9publique, Abdelmadjid Tebboune, de mettre d\u00e9finitivement un terme aux probl\u00e8mes d&rsquo;approvisionnement en eau qui affectaient chroniquement cette zone du sud-ouest alg\u00e9rien. Mobilisant un investissement public cons\u00e9quent de plus de 32 milliards de dinars, ce projet t\u00e9moigne de la priorit\u00e9 accord\u00e9e par l&rsquo;\u00c9tat \u00e0 l&rsquo;am\u00e9lioration des conditions de vie dans les r\u00e9gions sahariennes et \u00e0 leur d\u00e9veloppement durable. Selon Noureddine Bensalem, directeur du projet qui s&rsquo;est confi\u00e9 \u00e0 l&rsquo;APS, \u00ab\u00a0les essais de transfert des eaux albiennes de ce champ de captage, soit 80.000 M3 d&rsquo;eau \u00e0 travers une conduite de 306 km, dont 129 km de r\u00e9seaux pour la collecte des eaux de 26 forages et 177 km de conduites en acier, ont \u00e9t\u00e9 totalement positifs\u00a0\u00bb. Cette d\u00e9claration confirme la r\u00e9ussite technique d&rsquo;une op\u00e9ration d&rsquo;envergure qui place l&rsquo;Alg\u00e9rie parmi les nations ayant d\u00e9velopp\u00e9 une expertise avanc\u00e9e dans le domaine de la gestion des ressources hydriques en milieu aride. Le projet de Guetrani, second du genre apr\u00e8s celui de Boussir lanc\u00e9 en octobre 2023, vise sp\u00e9cifiquement \u00e0 r\u00e9soudre les probl\u00e8mes d&rsquo;alimentation en eau potable des communes de Bechar, Kenadza et Abadla. Sa mise en \u0153uvre a mobilis\u00e9 un groupement d&rsquo;entreprises publiques sp\u00e9cialis\u00e9es sous la supervision de l&rsquo;Agence nationale des barrages et transferts (ANBT), d\u00e9montrant la capacit\u00e9 des comp\u00e9tences nationales \u00e0 r\u00e9aliser des infrastructures complexes. L&rsquo;aspect technique impressionnant du projet se manifeste notamment par l&rsquo;installation de \u00ab\u00a0trois stations g\u00e9antes de pompage, disposant chacune d&rsquo;un d\u00e9bit de 900 \u00e0 926 litres\/seconde\u00a0\u00bb, selon les pr\u00e9cisions de M. Bensalem. Ces installations, aliment\u00e9es par une ligne \u00e9lectrique sp\u00e9cifique dont la r\u00e9alisation et l&rsquo;\u00e9quipement ont co\u00fbt\u00e9 plus d&rsquo;un milliard de dinars, garantissent la puissance n\u00e9cessaire au transfert de volumes d&rsquo;eau consid\u00e9rables sur de longues distances. L&rsquo;infrastructure est \u00e9galement dot\u00e9e d&rsquo;un ch\u00e2teau d&rsquo;eau de 20.000 m\u00b3, compl\u00e9tant quatre autres ouvrages similaires, pour optimiser la distribution aux populations b\u00e9n\u00e9ficiaires. Cet ensemble hydraulique vient renforcer le dispositif existant de Boussir, r\u00e9alis\u00e9 pour plus de neuf milliards de dinars, qui assure d\u00e9j\u00e0 le transfert quotidien de 30.000 m\u00b3 d&rsquo;eau depuis 11 forages vers la commune de Bechar via un r\u00e9seau de 188 km de conduites. La modernit\u00e9 de ces infrastructures se traduit \u00e9galement par leur \u00e9quipement en syst\u00e8mes de t\u00e9l\u00e9gestion et en technologies de pointe, permettant \u00ab\u00a0la supervision int\u00e9grale de l&rsquo;ensemble des ouvrages de captage et de transfert\u00a0\u00bb, comme l&rsquo;a soulign\u00e9 le responsable de l&rsquo;ANBT. Cette dimension technologique garantit une gestion optimis\u00e9e et r\u00e9active de la ressource, essentielle dans une r\u00e9gion caract\u00e9ris\u00e9e par l&rsquo;aridit\u00e9 de son climat. Au-del\u00e0 de ces performances techniques, ces projets illustrent la d\u00e9termination des autorit\u00e9s alg\u00e9riennes \u00e0 transformer durablement les conditions de vie dans les r\u00e9gions sahariennes, en r\u00e9pondant aux besoins fondamentaux des populations. Ils s&rsquo;inscrivent dans une vision strat\u00e9gique plus large visant \u00e0 r\u00e9duire les disparit\u00e9s territoriales et \u00e0 favoriser un d\u00e9veloppement \u00e9quilibr\u00e9 du pays. La mise en service officielle du m\u00e9gaprojet de Guetrani, pr\u00e9vue prochainement, constituera donc bien plus qu&rsquo;une simple inauguration d&rsquo;infrastructure : elle symbolisera la mat\u00e9rialisation d&rsquo;un engagement politique fort en faveur des r\u00e9gions du Sud et la concr\u00e9tisation d&rsquo;une approche int\u00e9gr\u00e9e du d\u00e9veloppement territorial, pla\u00e7ant la s\u00e9curit\u00e9 hydrique au c\u0153ur des priorit\u00e9s nationales. Pour les habitants de Bechar, Kenadza et Abadla, ce m\u00e9gaprojet repr\u00e9sente la fin d&rsquo;une longue p\u00e9riode d&rsquo;incertitude quant \u00e0 l&rsquo;approvisionnement en eau potable et l&rsquo;ouverture de nouvelles perspectives de d\u00e9veloppement \u00e9conomique et social pour toute la r\u00e9gion du sud-ouest alg\u00e9rien.<\/p>\n\n\n\n<p>Lyna Larbi<\/p>\n","protected":false},"excerpt":{"rendered":"<p>Le m\u00e9gaprojet strat\u00e9gique de transfert des eaux albiennes du champ de captage de Guetrani, situ\u00e9 au nord de Bechar, vient<\/p>\n","protected":false},"author":6,"featured_media":65206,"comment_status":"open","ping_status":"closed","sticky":false,"template":"","format":"standard","meta":{"colormag_page_container_layout":"default_layout","colormag_page_sidebar_layout":"default_layout","om_disable_all_campaigns":false,"_monsterinsights_skip_tracking":false,"_monsterinsights_sitenote_active":false,"_monsterinsights_sitenote_note":"","_monsterinsights_sitenote_category":0,"footnotes":"","_wpscppro_dont_share_socialmedia":false,"_wpscppro_custom_social_share_image":0,"_facebook_share_type":"default","_twitter_share_type":"default","_linkedin_share_type":"default","_pinterest_share_type":"default","_linkedin_share_type_page":"","_instagram_share_type":"default","_medium_share_type":"default","_threads_share_type":"","_google_business_share_type":"","_selected_social_profile":[],"_wpsp_enable_custom_social_template":false,"_wpsp_social_scheduling":{"enabled":false,"datetime":null,"platforms":[],"status":"template_only","dateOption":"today","timeOption":"now","customDays":"","customHours":"","customDate":"","customTime":"","schedulingType":"absolute"},"_wpsp_active_default_template":true},"categories":[31],"tags":[],"class_list":["post-65205","post","type-post","status-publish","format-standard","has-post-thumbnail","hentry","category-regions"],"aioseo_notices":[],"yoast_head":"<!-- This site is optimized with the Yoast SEO plugin v27.5 - https:\/\/yoast.com\/product\/yoast-seo-wordpress\/ -->\n<title>B\u00e9char: La r\u00e9alisation du m\u00e9gaprojet de transfert des eaux de Guetrani achev\u00e9e - La Sentinelle<\/title>\n<meta name=\"robots\" content=\"index, follow, max-snippet:-1, max-image-preview:large, max-video-preview:-1\" \/>\n<link rel=\"canonical\" href=\"https:\/\/lasentinelle.dz\/index.php\/2025\/04\/07\/bechar-la-realisation-du-megaprojet-de-transfert-des-eaux-de-guetrani-achevee\/\" \/>\n<meta property=\"og:locale\" content=\"fr_FR\" \/>\n<meta property=\"og:type\" content=\"article\" \/>\n<meta property=\"og:title\" content=\"B\u00e9char: La r\u00e9alisation du m\u00e9gaprojet de transfert des eaux de Guetrani achev\u00e9e - La Sentinelle\" \/>\n<meta property=\"og:description\" content=\"Le m\u00e9gaprojet strat\u00e9gique de transfert des eaux albiennes du champ de captage de Guetrani, situ\u00e9 au nord de Bechar, vient\" \/>\n<meta property=\"og:url\" content=\"https:\/\/lasentinelle.dz\/index.php\/2025\/04\/07\/bechar-la-realisation-du-megaprojet-de-transfert-des-eaux-de-guetrani-achevee\/\" \/>\n<meta property=\"og:site_name\" content=\"La Sentinelle\" \/>\n<meta property=\"article:publisher\" content=\"https:\/\/www.facebook.com\/La-Sentinelle-104059864394773\" \/>\n<meta property=\"article:published_time\" content=\"2025-04-07T10:35:32+00:00\" \/>\n<meta property=\"og:image\" content=\"https:\/\/lasentinelle.dz\/wp-content\/uploads\/2025\/04\/guetrani.jpg\" \/>\n\t<meta property=\"og:image:width\" content=\"580\" \/>\n\t<meta property=\"og:image:height\" content=\"320\" \/>\n\t<meta property=\"og:image:type\" content=\"image\/jpeg\" \/>\n<meta name=\"author\" content=\"admin\" \/>\n<meta name=\"twitter:card\" content=\"summary_large_image\" \/>\n<meta name=\"twitter:label1\" content=\"\u00c9crit par\" \/>\n\t<meta name=\"twitter:data1\" content=\"admin\" \/>\n\t<meta name=\"twitter:label2\" content=\"Dur\u00e9e de lecture estim\u00e9e\" \/>\n\t<meta name=\"twitter:data2\" content=\"4 minutes\" \/>\n<script type=\"application\/ld+json\" class=\"yoast-schema-graph\">{\"@context\":\"https:\\\/\\\/schema.org\",\"@graph\":[{\"@type\":\"Article\",\"@id\":\"https:\\\/\\\/lasentinelle.dz\\\/index.php\\\/2025\\\/04\\\/07\\\/bechar-la-realisation-du-megaprojet-de-transfert-des-eaux-de-guetrani-achevee\\\/#article\",\"isPartOf\":{\"@id\":\"https:\\\/\\\/lasentinelle.dz\\\/index.php\\\/2025\\\/04\\\/07\\\/bechar-la-realisation-du-megaprojet-de-transfert-des-eaux-de-guetrani-achevee\\\/\"},\"author\":{\"name\":\"admin\",\"@id\":\"https:\\\/\\\/lasentinelle.dz\\\/#\\\/schema\\\/person\\\/729ee0024f24e0b8c5ec17232f8e8b41\"},\"headline\":\"B\u00e9char: La r\u00e9alisation du m\u00e9gaprojet de transfert des eaux de Guetrani achev\u00e9e\",\"datePublished\":\"2025-04-07T10:35:32+00:00\",\"mainEntityOfPage\":{\"@id\":\"https:\\\/\\\/lasentinelle.dz\\\/index.php\\\/2025\\\/04\\\/07\\\/bechar-la-realisation-du-megaprojet-de-transfert-des-eaux-de-guetrani-achevee\\\/\"},\"wordCount\":727,\"commentCount\":0,\"publisher\":{\"@id\":\"https:\\\/\\\/lasentinelle.dz\\\/#organization\"},\"image\":{\"@id\":\"https:\\\/\\\/lasentinelle.dz\\\/index.php\\\/2025\\\/04\\\/07\\\/bechar-la-realisation-du-megaprojet-de-transfert-des-eaux-de-guetrani-achevee\\\/#primaryimage\"},\"thumbnailUrl\":\"https:\\\/\\\/lasentinelle.dz\\\/wp-content\\\/uploads\\\/2025\\\/04\\\/guetrani.jpg\",\"articleSection\":[\"R\u00e9gions\"],\"inLanguage\":\"fr-FR\",\"potentialAction\":[{\"@type\":\"CommentAction\",\"name\":\"Comment\",\"target\":[\"https:\\\/\\\/lasentinelle.dz\\\/index.php\\\/2025\\\/04\\\/07\\\/bechar-la-realisation-du-megaprojet-de-transfert-des-eaux-de-guetrani-achevee\\\/#respond\"]}]},{\"@type\":\"WebPage\",\"@id\":\"https:\\\/\\\/lasentinelle.dz\\\/index.php\\\/2025\\\/04\\\/07\\\/bechar-la-realisation-du-megaprojet-de-transfert-des-eaux-de-guetrani-achevee\\\/\",\"url\":\"https:\\\/\\\/lasentinelle.dz\\\/index.php\\\/2025\\\/04\\\/07\\\/bechar-la-realisation-du-megaprojet-de-transfert-des-eaux-de-guetrani-achevee\\\/\",\"name\":\"B\u00e9char: La r\u00e9alisation du m\u00e9gaprojet de transfert des eaux de Guetrani achev\u00e9e - La Sentinelle\",\"isPartOf\":{\"@id\":\"https:\\\/\\\/lasentinelle.dz\\\/#website\"},\"primaryImageOfPage\":{\"@id\":\"https:\\\/\\\/lasentinelle.dz\\\/index.php\\\/2025\\\/04\\\/07\\\/bechar-la-realisation-du-megaprojet-de-transfert-des-eaux-de-guetrani-achevee\\\/#primaryimage\"},\"image\":{\"@id\":\"https:\\\/\\\/lasentinelle.dz\\\/index.php\\\/2025\\\/04\\\/07\\\/bechar-la-realisation-du-megaprojet-de-transfert-des-eaux-de-guetrani-achevee\\\/#primaryimage\"},\"thumbnailUrl\":\"https:\\\/\\\/lasentinelle.dz\\\/wp-content\\\/uploads\\\/2025\\\/04\\\/guetrani.jpg\",\"datePublished\":\"2025-04-07T10:35:32+00:00\",\"breadcrumb\":{\"@id\":\"https:\\\/\\\/lasentinelle.dz\\\/index.php\\\/2025\\\/04\\\/07\\\/bechar-la-realisation-du-megaprojet-de-transfert-des-eaux-de-guetrani-achevee\\\/#breadcrumb\"},\"inLanguage\":\"fr-FR\",\"potentialAction\":[{\"@type\":\"ReadAction\",\"target\":[\"https:\\\/\\\/lasentinelle.dz\\\/index.php\\\/2025\\\/04\\\/07\\\/bechar-la-realisation-du-megaprojet-de-transfert-des-eaux-de-guetrani-achevee\\\/\"]}]},{\"@type\":\"ImageObject\",\"inLanguage\":\"fr-FR\",\"@id\":\"https:\\\/\\\/lasentinelle.dz\\\/index.php\\\/2025\\\/04\\\/07\\\/bechar-la-realisation-du-megaprojet-de-transfert-des-eaux-de-guetrani-achevee\\\/#primaryimage\",\"url\":\"https:\\\/\\\/lasentinelle.dz\\\/wp-content\\\/uploads\\\/2025\\\/04\\\/guetrani.jpg\",\"contentUrl\":\"https:\\\/\\\/lasentinelle.dz\\\/wp-content\\\/uploads\\\/2025\\\/04\\\/guetrani.jpg\",\"width\":580,\"height\":320},{\"@type\":\"BreadcrumbList\",\"@id\":\"https:\\\/\\\/lasentinelle.dz\\\/index.php\\\/2025\\\/04\\\/07\\\/bechar-la-realisation-du-megaprojet-de-transfert-des-eaux-de-guetrani-achevee\\\/#breadcrumb\",\"itemListElement\":[{\"@type\":\"ListItem\",\"position\":1,\"name\":\"Accueil\",\"item\":\"https:\\\/\\\/lasentinelle.dz\\\/\"},{\"@type\":\"ListItem\",\"position\":2,\"name\":\"B\u00e9char: La r\u00e9alisation du m\u00e9gaprojet de transfert des eaux de Guetrani achev\u00e9e\"}]},{\"@type\":\"WebSite\",\"@id\":\"https:\\\/\\\/lasentinelle.dz\\\/#website\",\"url\":\"https:\\\/\\\/lasentinelle.dz\\\/\",\"name\":\"La Sentinelle\",\"description\":\"Quotidien national d&#039;information\",\"publisher\":{\"@id\":\"https:\\\/\\\/lasentinelle.dz\\\/#organization\"},\"potentialAction\":[{\"@type\":\"SearchAction\",\"target\":{\"@type\":\"EntryPoint\",\"urlTemplate\":\"https:\\\/\\\/lasentinelle.dz\\\/?s={search_term_string}\"},\"query-input\":{\"@type\":\"PropertyValueSpecification\",\"valueRequired\":true,\"valueName\":\"search_term_string\"}}],\"inLanguage\":\"fr-FR\"},{\"@type\":\"Organization\",\"@id\":\"https:\\\/\\\/lasentinelle.dz\\\/#organization\",\"name\":\"Quotidien La Sentinelle\",\"url\":\"https:\\\/\\\/lasentinelle.dz\\\/\",\"logo\":{\"@type\":\"ImageObject\",\"inLanguage\":\"fr-FR\",\"@id\":\"https:\\\/\\\/lasentinelle.dz\\\/#\\\/schema\\\/logo\\\/image\\\/\",\"url\":\"https:\\\/\\\/lasentinelle.dz\\\/wp-content\\\/uploads\\\/2021\\\/09\\\/logo-sentinelleSLOGAN-1.png\",\"contentUrl\":\"https:\\\/\\\/lasentinelle.dz\\\/wp-content\\\/uploads\\\/2021\\\/09\\\/logo-sentinelleSLOGAN-1.png\",\"width\":615,\"height\":142,\"caption\":\"Quotidien La Sentinelle\"},\"image\":{\"@id\":\"https:\\\/\\\/lasentinelle.dz\\\/#\\\/schema\\\/logo\\\/image\\\/\"},\"sameAs\":[\"https:\\\/\\\/www.facebook.com\\\/La-Sentinelle-104059864394773\"]},{\"@type\":\"Person\",\"@id\":\"https:\\\/\\\/lasentinelle.dz\\\/#\\\/schema\\\/person\\\/729ee0024f24e0b8c5ec17232f8e8b41\",\"name\":\"admin\",\"image\":{\"@type\":\"ImageObject\",\"inLanguage\":\"fr-FR\",\"@id\":\"https:\\\/\\\/secure.gravatar.com\\\/avatar\\\/4c81fed838786e9b53f540bf46533e750f5d292099ae3b66cfc6fb1982e29df7?s=96&d=mm&r=g\",\"url\":\"https:\\\/\\\/secure.gravatar.com\\\/avatar\\\/4c81fed838786e9b53f540bf46533e750f5d292099ae3b66cfc6fb1982e29df7?s=96&d=mm&r=g\",\"contentUrl\":\"https:\\\/\\\/secure.gravatar.com\\\/avatar\\\/4c81fed838786e9b53f540bf46533e750f5d292099ae3b66cfc6fb1982e29df7?s=96&d=mm&r=g\",\"caption\":\"admin\"},\"description\":\"admin\",\"url\":\"https:\\\/\\\/lasentinelle.dz\\\/author\\\/admin\\\/\"}]}<\/script>\n<!-- \/ Yoast SEO plugin. -->","yoast_head_json":{"title":"B\u00e9char: La r\u00e9alisation du m\u00e9gaprojet de transfert des eaux de Guetrani achev\u00e9e - La Sentinelle","robots":{"index":"index","follow":"follow","max-snippet":"max-snippet:-1","max-image-preview":"max-image-preview:large","max-video-preview":"max-video-preview:-1"},"canonical":"https:\/\/lasentinelle.dz\/index.php\/2025\/04\/07\/bechar-la-realisation-du-megaprojet-de-transfert-des-eaux-de-guetrani-achevee\/","og_locale":"fr_FR","og_type":"article","og_title":"B\u00e9char: La r\u00e9alisation du m\u00e9gaprojet de transfert des eaux de Guetrani achev\u00e9e - La Sentinelle","og_description":"Le m\u00e9gaprojet strat\u00e9gique de transfert des eaux albiennes du champ de captage de Guetrani, situ\u00e9 au nord de Bechar, vient","og_url":"https:\/\/lasentinelle.dz\/index.php\/2025\/04\/07\/bechar-la-realisation-du-megaprojet-de-transfert-des-eaux-de-guetrani-achevee\/","og_site_name":"La Sentinelle","article_publisher":"https:\/\/www.facebook.com\/La-Sentinelle-104059864394773","article_published_time":"2025-04-07T10:35:32+00:00","og_image":[{"width":580,"height":320,"url":"https:\/\/lasentinelle.dz\/wp-content\/uploads\/2025\/04\/guetrani.jpg","type":"image\/jpeg"}],"author":"admin","twitter_card":"summary_large_image","twitter_misc":{"\u00c9crit par":"admin","Dur\u00e9e de lecture estim\u00e9e":"4 minutes"},"schema":{"@context":"https:\/\/schema.org","@graph":[{"@type":"Article","@id":"https:\/\/lasentinelle.dz\/index.php\/2025\/04\/07\/bechar-la-realisation-du-megaprojet-de-transfert-des-eaux-de-guetrani-achevee\/#article","isPartOf":{"@id":"https:\/\/lasentinelle.dz\/index.php\/2025\/04\/07\/bechar-la-realisation-du-megaprojet-de-transfert-des-eaux-de-guetrani-achevee\/"},"author":{"name":"admin","@id":"https:\/\/lasentinelle.dz\/#\/schema\/person\/729ee0024f24e0b8c5ec17232f8e8b41"},"headline":"B\u00e9char: La r\u00e9alisation du m\u00e9gaprojet de transfert des eaux de Guetrani achev\u00e9e","datePublished":"2025-04-07T10:35:32+00:00","mainEntityOfPage":{"@id":"https:\/\/lasentinelle.dz\/index.php\/2025\/04\/07\/bechar-la-realisation-du-megaprojet-de-transfert-des-eaux-de-guetrani-achevee\/"},"wordCount":727,"commentCount":0,"publisher":{"@id":"https:\/\/lasentinelle.dz\/#organization"},"image":{"@id":"https:\/\/lasentinelle.dz\/index.php\/2025\/04\/07\/bechar-la-realisation-du-megaprojet-de-transfert-des-eaux-de-guetrani-achevee\/#primaryimage"},"thumbnailUrl":"https:\/\/lasentinelle.dz\/wp-content\/uploads\/2025\/04\/guetrani.jpg","articleSection":["R\u00e9gions"],"inLanguage":"fr-FR","potentialAction":[{"@type":"CommentAction","name":"Comment","target":["https:\/\/lasentinelle.dz\/index.php\/2025\/04\/07\/bechar-la-realisation-du-megaprojet-de-transfert-des-eaux-de-guetrani-achevee\/#respond"]}]},{"@type":"WebPage","@id":"https:\/\/lasentinelle.dz\/index.php\/2025\/04\/07\/bechar-la-realisation-du-megaprojet-de-transfert-des-eaux-de-guetrani-achevee\/","url":"https:\/\/lasentinelle.dz\/index.php\/2025\/04\/07\/bechar-la-realisation-du-megaprojet-de-transfert-des-eaux-de-guetrani-achevee\/","name":"B\u00e9char: La r\u00e9alisation du m\u00e9gaprojet de transfert des eaux de Guetrani achev\u00e9e - La Sentinelle","isPartOf":{"@id":"https:\/\/lasentinelle.dz\/#website"},"primaryImageOfPage":{"@id":"https:\/\/lasentinelle.dz\/index.php\/2025\/04\/07\/bechar-la-realisation-du-megaprojet-de-transfert-des-eaux-de-guetrani-achevee\/#primaryimage"},"image":{"@id":"https:\/\/lasentinelle.dz\/index.php\/2025\/04\/07\/bechar-la-realisation-du-megaprojet-de-transfert-des-eaux-de-guetrani-achevee\/#primaryimage"},"thumbnailUrl":"https:\/\/lasentinelle.dz\/wp-content\/uploads\/2025\/04\/guetrani.jpg","datePublished":"2025-04-07T10:35:32+00:00","breadcrumb":{"@id":"https:\/\/lasentinelle.dz\/index.php\/2025\/04\/07\/bechar-la-realisation-du-megaprojet-de-transfert-des-eaux-de-guetrani-achevee\/#breadcrumb"},"inLanguage":"fr-FR","potentialAction":[{"@type":"ReadAction","target":["https:\/\/lasentinelle.dz\/index.php\/2025\/04\/07\/bechar-la-realisation-du-megaprojet-de-transfert-des-eaux-de-guetrani-achevee\/"]}]},{"@type":"ImageObject","inLanguage":"fr-FR","@id":"https:\/\/lasentinelle.dz\/index.php\/2025\/04\/07\/bechar-la-realisation-du-megaprojet-de-transfert-des-eaux-de-guetrani-achevee\/#primaryimage","url":"https:\/\/lasentinelle.dz\/wp-content\/uploads\/2025\/04\/guetrani.jpg","contentUrl":"https:\/\/lasentinelle.dz\/wp-content\/uploads\/2025\/04\/guetrani.jpg","width":580,"height":320},{"@type":"BreadcrumbList","@id":"https:\/\/lasentinelle.dz\/index.php\/2025\/04\/07\/bechar-la-realisation-du-megaprojet-de-transfert-des-eaux-de-guetrani-achevee\/#breadcrumb","itemListElement":[{"@type":"ListItem","position":1,"name":"Accueil","item":"https:\/\/lasentinelle.dz\/"},{"@type":"ListItem","position":2,"name":"B\u00e9char: La r\u00e9alisation du m\u00e9gaprojet de transfert des eaux de Guetrani achev\u00e9e"}]},{"@type":"WebSite","@id":"https:\/\/lasentinelle.dz\/#website","url":"https:\/\/lasentinelle.dz\/","name":"La Sentinelle","description":"Quotidien national d&#039;information","publisher":{"@id":"https:\/\/lasentinelle.dz\/#organization"},"potentialAction":[{"@type":"SearchAction","target":{"@type":"EntryPoint","urlTemplate":"https:\/\/lasentinelle.dz\/?s={search_term_string}"},"query-input":{"@type":"PropertyValueSpecification","valueRequired":true,"valueName":"search_term_string"}}],"inLanguage":"fr-FR"},{"@type":"Organization","@id":"https:\/\/lasentinelle.dz\/#organization","name":"Quotidien La Sentinelle","url":"https:\/\/lasentinelle.dz\/","logo":{"@type":"ImageObject","inLanguage":"fr-FR","@id":"https:\/\/lasentinelle.dz\/#\/schema\/logo\/image\/","url":"https:\/\/lasentinelle.dz\/wp-content\/uploads\/2021\/09\/logo-sentinelleSLOGAN-1.png","contentUrl":"https:\/\/lasentinelle.dz\/wp-content\/uploads\/2021\/09\/logo-sentinelleSLOGAN-1.png","width":615,"height":142,"caption":"Quotidien La Sentinelle"},"image":{"@id":"https:\/\/lasentinelle.dz\/#\/schema\/logo\/image\/"},"sameAs":["https:\/\/www.facebook.com\/La-Sentinelle-104059864394773"]},{"@type":"Person","@id":"https:\/\/lasentinelle.dz\/#\/schema\/person\/729ee0024f24e0b8c5ec17232f8e8b41","name":"admin","image":{"@type":"ImageObject","inLanguage":"fr-FR","@id":"https:\/\/secure.gravatar.com\/avatar\/4c81fed838786e9b53f540bf46533e750f5d292099ae3b66cfc6fb1982e29df7?s=96&d=mm&r=g","url":"https:\/\/secure.gravatar.com\/avatar\/4c81fed838786e9b53f540bf46533e750f5d292099ae3b66cfc6fb1982e29df7?s=96&d=mm&r=g","contentUrl":"https:\/\/secure.gravatar.com\/avatar\/4c81fed838786e9b53f540bf46533e750f5d292099ae3b66cfc6fb1982e29df7?s=96&d=mm&r=g","caption":"admin"},"description":"admin","url":"https:\/\/lasentinelle.dz\/author\/admin\/"}]}},"_links":{"self":[{"href":"https:\/\/lasentinelle.dz\/index.php\/wp-json\/wp\/v2\/posts\/65205","targetHints":{"allow":["GET"]}}],"collection":[{"href":"https:\/\/lasentinelle.dz\/index.php\/wp-json\/wp\/v2\/posts"}],"about":[{"href":"https:\/\/lasentinelle.dz\/index.php\/wp-json\/wp\/v2\/types\/post"}],"author":[{"embeddable":true,"href":"https:\/\/lasentinelle.dz\/index.php\/wp-json\/wp\/v2\/users\/6"}],"replies":[{"embeddable":true,"href":"https:\/\/lasentinelle.dz\/index.php\/wp-json\/wp\/v2\/comments?post=65205"}],"version-history":[{"count":1,"href":"https:\/\/lasentinelle.dz\/index.php\/wp-json\/wp\/v2\/posts\/65205\/revisions"}],"predecessor-version":[{"id":65207,"href":"https:\/\/lasentinelle.dz\/index.php\/wp-json\/wp\/v2\/posts\/65205\/revisions\/65207"}],"wp:featuredmedia":[{"embeddable":true,"href":"https:\/\/lasentinelle.dz\/index.php\/wp-json\/wp\/v2\/media\/65206"}],"wp:attachment":[{"href":"https:\/\/lasentinelle.dz\/index.php\/wp-json\/wp\/v2\/media?parent=65205"}],"wp:term":[{"taxonomy":"category","embeddable":true,"href":"https:\/\/lasentinelle.dz\/index.php\/wp-json\/wp\/v2\/categories?post=65205"},{"taxonomy":"post_tag","embeddable":true,"href":"https:\/\/lasentinelle.dz\/index.php\/wp-json\/wp\/v2\/tags?post=65205"}],"curies":[{"name":"wp","href":"https:\/\/api.w.org\/{rel}","templated":true}]}}