{"id":65230,"date":"2025-04-07T11:44:44","date_gmt":"2025-04-07T10:44:44","guid":{"rendered":"https:\/\/lasentinelle.dz\/?p=65230"},"modified":"2025-04-07T11:44:45","modified_gmt":"2025-04-07T10:44:45","slug":"attaf-recoit-lenvoye-special-du-sg-de-lonu-pour-le-sahara-occidental-lalgerie-reaffirme-son-soutien-au-droit-a-lautodetermination-du-peuple-sahraoui","status":"publish","type":"post","link":"https:\/\/lasentinelle.dz\/index.php\/2025\/04\/07\/attaf-recoit-lenvoye-special-du-sg-de-lonu-pour-le-sahara-occidental-lalgerie-reaffirme-son-soutien-au-droit-a-lautodetermination-du-peuple-sahraoui\/","title":{"rendered":"Attaf re\u00e7oit l&rsquo;envoy\u00e9 sp\u00e9cial du SG de l&rsquo;ONU pour le Sahara occidental : L&rsquo;Alg\u00e9rie r\u00e9affirme son soutien au droit \u00e0 l&rsquo;autod\u00e9termination du peuple sahraoui"},"content":{"rendered":"\n<p>Le ministre d&rsquo;\u00c9tat, ministre des Affaires \u00e9trang\u00e8res, de la Communaut\u00e9 nationale \u00e0 l&rsquo;\u00e9tranger et des Affaires africaines, M. Ahmed Attaf, a re\u00e7u dimanche apr\u00e8s-midi l&rsquo;Envoy\u00e9 personnel du Secr\u00e9taire g\u00e9n\u00e9ral des Nations Unies pour le Sahara occidental, M. Staffan de Mistura, qui effectue une visite de travail en Alg\u00e9rie, selon un communiqu\u00e9 du minist\u00e8re des Affaires \u00e9trang\u00e8res. Cette rencontre diplomatique de haut niveau s&rsquo;inscrit dans le cadre d&rsquo;une tourn\u00e9e r\u00e9gionale entreprise par M. de Mistura en pr\u00e9paration du briefing qu&rsquo;il pr\u00e9sentera au Conseil de s\u00e9curit\u00e9 de l&rsquo;ONU lors de la session consacr\u00e9e \u00e0 la question du Sahara occidental, pr\u00e9vue le 14 avril courant. \u00ab\u00a0Cette visite s&rsquo;inscrit dans le cadre de la tourn\u00e9e que M. Staffan de Mistura effectue dans la r\u00e9gion en pr\u00e9paration du briefing qu&rsquo;il pr\u00e9sentera au Conseil de s\u00e9curit\u00e9 des Nations Unies lors de la session qui sera consacr\u00e9e \u00e0 la question du Sahara occidental le 14 avril courant\u00a0\u00bb, pr\u00e9cise le communiqu\u00e9. Le minist\u00e8re des Affaires \u00e9trang\u00e8res a \u00e9galement soulign\u00e9 que l&rsquo;\u00e9missaire onusien avait r\u00e9cemment effectu\u00e9 \u00ab\u00a0des visites similaires au cours desquelles il s&rsquo;est entretenu avec les deux parties au conflit, le Royaume du Maroc et le Front Polisario, ainsi qu&rsquo;avec la R\u00e9publique islamique de Mauritanie qui, avec l&rsquo;Alg\u00e9rie, sont consid\u00e9r\u00e9es comme parties observatrices dans le processus conduit par les Nations Unies\u00a0\u00bb. Au cours de cette rencontre, le ministre Ahmed Attaf a renouvel\u00e9 \u00ab\u00a0le soutien absolu de l&rsquo;Alg\u00e9rie aux efforts d\u00e9ploy\u00e9s par le Secr\u00e9taire g\u00e9n\u00e9ral des Nations Unies, M. Ant\u00f3nio Guterres, et son Envoy\u00e9 personnel, M. Staffan de Mistura, visant \u00e0 relancer le processus de r\u00e8glement politique du conflit au Sahara occidental sur la base de la Charte des Nations Unies et des principes de l\u00e9galit\u00e9 internationale relatifs \u00e0 la d\u00e9colonisation\u00a0\u00bb.<\/p>\n\n\n\n<p>Le chef de la diplomatie alg\u00e9rienne a par ailleurs exprim\u00e9 \u00ab\u00a0la conviction ferme qui guide l&rsquo;Alg\u00e9rie selon laquelle la seule voie pour achever le processus de d\u00e9colonisation au Sahara occidental r\u00e9side dans la reprise des n\u00e9gociations directes entre les deux parties au conflit, le Royaume du Maroc et le Front Polisario, sans conditions pr\u00e9alables et de bonne foi, afin de parvenir \u00e0 une solution politique garantissant au peuple sahraoui l&rsquo;exercice de son droit inali\u00e9nable et imprescriptible \u00e0 l&rsquo;autod\u00e9termination, conform\u00e9ment \u00e0 toutes les r\u00e9solutions pertinentes des Nations Unies, qu&rsquo;elles \u00e9manent du Conseil de s\u00e9curit\u00e9 ou de l&rsquo;Assembl\u00e9e g\u00e9n\u00e9rale\u00a0\u00bb. Cette visite de M. de Mistura intervient dans un contexte r\u00e9gional tendu, marqu\u00e9 par l&rsquo;impasse persistante dans le processus de paix et les difficult\u00e9s \u00e0 relancer les n\u00e9gociations entre le Maroc et le Front Polisario. Le Sahara occidental reste la derni\u00e8re colonie d&rsquo;Afrique selon l&rsquo;ONU.<\/p>\n\n\n\n<p>R.N.<\/p>\n","protected":false},"excerpt":{"rendered":"<p>Le ministre d&rsquo;\u00c9tat, ministre des Affaires \u00e9trang\u00e8res, de la Communaut\u00e9 nationale \u00e0 l&rsquo;\u00e9tranger et des Affaires africaines, M. Ahmed Attaf,<\/p>\n","protected":false},"author":6,"featured_media":65231,"comment_status":"open","ping_status":"closed","sticky":false,"template":"","format":"standard","meta":{"colormag_page_container_layout":"default_layout","colormag_page_sidebar_layout":"default_layout","om_disable_all_campaigns":false,"_monsterinsights_skip_tracking":false,"_monsterinsights_sitenote_active":false,"_monsterinsights_sitenote_note":"","_monsterinsights_sitenote_category":0,"footnotes":"","_wpscppro_dont_share_socialmedia":false,"_wpscppro_custom_social_share_image":0,"_facebook_share_type":"default","_twitter_share_type":"default","_linkedin_share_type":"default","_pinterest_share_type":"default","_linkedin_share_type_page":"","_instagram_share_type":"default","_medium_share_type":"default","_threads_share_type":"","_google_business_share_type":"","_selected_social_profile":[],"_wpsp_enable_custom_social_template":false,"_wpsp_social_scheduling":{"enabled":false,"datetime":null,"platforms":[],"status":"template_only","dateOption":"today","timeOption":"now","customDays":"","customHours":"","customDate":"","customTime":"","schedulingType":"absolute"},"_wpsp_active_default_template":true},"categories":[27],"tags":[],"class_list":["post-65230","post","type-post","status-publish","format-standard","has-post-thumbnail","hentry","category-actualite"],"aioseo_notices":[],"yoast_head":"<!-- This site is optimized with the Yoast SEO plugin v27.5 - https:\/\/yoast.com\/product\/yoast-seo-wordpress\/ -->\n<title>Attaf re\u00e7oit l&rsquo;envoy\u00e9 sp\u00e9cial du SG de l&rsquo;ONU pour le Sahara occidental : L&rsquo;Alg\u00e9rie r\u00e9affirme son soutien au droit \u00e0 l&rsquo;autod\u00e9termination du peuple sahraoui - La Sentinelle<\/title>\n<meta name=\"robots\" content=\"index, follow, max-snippet:-1, max-image-preview:large, max-video-preview:-1\" \/>\n<link rel=\"canonical\" href=\"https:\/\/lasentinelle.dz\/index.php\/2025\/04\/07\/attaf-recoit-lenvoye-special-du-sg-de-lonu-pour-le-sahara-occidental-lalgerie-reaffirme-son-soutien-au-droit-a-lautodetermination-du-peuple-sahraoui\/\" \/>\n<meta property=\"og:locale\" content=\"fr_FR\" \/>\n<meta property=\"og:type\" content=\"article\" \/>\n<meta property=\"og:title\" content=\"Attaf re\u00e7oit l&rsquo;envoy\u00e9 sp\u00e9cial du SG de l&rsquo;ONU pour le Sahara occidental : L&rsquo;Alg\u00e9rie r\u00e9affirme son soutien au droit \u00e0 l&rsquo;autod\u00e9termination du peuple sahraoui - La Sentinelle\" \/>\n<meta property=\"og:description\" content=\"Le ministre d&rsquo;\u00c9tat, ministre des Affaires \u00e9trang\u00e8res, de la Communaut\u00e9 nationale \u00e0 l&rsquo;\u00e9tranger et des Affaires africaines, M. Ahmed Attaf,\" \/>\n<meta property=\"og:url\" content=\"https:\/\/lasentinelle.dz\/index.php\/2025\/04\/07\/attaf-recoit-lenvoye-special-du-sg-de-lonu-pour-le-sahara-occidental-lalgerie-reaffirme-son-soutien-au-droit-a-lautodetermination-du-peuple-sahraoui\/\" \/>\n<meta property=\"og:site_name\" content=\"La Sentinelle\" \/>\n<meta property=\"article:publisher\" content=\"https:\/\/www.facebook.com\/La-Sentinelle-104059864394773\" \/>\n<meta property=\"article:published_time\" content=\"2025-04-07T10:44:44+00:00\" \/>\n<meta property=\"article:modified_time\" content=\"2025-04-07T10:44:45+00:00\" \/>\n<meta property=\"og:image\" content=\"https:\/\/lasentinelle.dz\/wp-content\/uploads\/2025\/04\/Capture-decran-2025-04-07-a-11.44.05.png\" \/>\n\t<meta property=\"og:image:width\" content=\"1314\" \/>\n\t<meta property=\"og:image:height\" content=\"928\" \/>\n\t<meta property=\"og:image:type\" content=\"image\/png\" \/>\n<meta name=\"author\" content=\"admin\" \/>\n<meta name=\"twitter:card\" content=\"summary_large_image\" \/>\n<meta name=\"twitter:label1\" content=\"\u00c9crit par\" \/>\n\t<meta name=\"twitter:data1\" content=\"admin\" \/>\n\t<meta name=\"twitter:label2\" content=\"Dur\u00e9e de lecture estim\u00e9e\" \/>\n\t<meta name=\"twitter:data2\" content=\"3 minutes\" \/>\n<script type=\"application\/ld+json\" class=\"yoast-schema-graph\">{\"@context\":\"https:\\\/\\\/schema.org\",\"@graph\":[{\"@type\":\"Article\",\"@id\":\"https:\\\/\\\/lasentinelle.dz\\\/index.php\\\/2025\\\/04\\\/07\\\/attaf-recoit-lenvoye-special-du-sg-de-lonu-pour-le-sahara-occidental-lalgerie-reaffirme-son-soutien-au-droit-a-lautodetermination-du-peuple-sahraoui\\\/#article\",\"isPartOf\":{\"@id\":\"https:\\\/\\\/lasentinelle.dz\\\/index.php\\\/2025\\\/04\\\/07\\\/attaf-recoit-lenvoye-special-du-sg-de-lonu-pour-le-sahara-occidental-lalgerie-reaffirme-son-soutien-au-droit-a-lautodetermination-du-peuple-sahraoui\\\/\"},\"author\":{\"name\":\"admin\",\"@id\":\"https:\\\/\\\/lasentinelle.dz\\\/#\\\/schema\\\/person\\\/729ee0024f24e0b8c5ec17232f8e8b41\"},\"headline\":\"Attaf re\u00e7oit l&rsquo;envoy\u00e9 sp\u00e9cial du SG de l&rsquo;ONU pour le Sahara occidental : L&rsquo;Alg\u00e9rie r\u00e9affirme son soutien au droit \u00e0 l&rsquo;autod\u00e9termination du peuple sahraoui\",\"datePublished\":\"2025-04-07T10:44:44+00:00\",\"dateModified\":\"2025-04-07T10:44:45+00:00\",\"mainEntityOfPage\":{\"@id\":\"https:\\\/\\\/lasentinelle.dz\\\/index.php\\\/2025\\\/04\\\/07\\\/attaf-recoit-lenvoye-special-du-sg-de-lonu-pour-le-sahara-occidental-lalgerie-reaffirme-son-soutien-au-droit-a-lautodetermination-du-peuple-sahraoui\\\/\"},\"wordCount\":530,\"commentCount\":0,\"publisher\":{\"@id\":\"https:\\\/\\\/lasentinelle.dz\\\/#organization\"},\"image\":{\"@id\":\"https:\\\/\\\/lasentinelle.dz\\\/index.php\\\/2025\\\/04\\\/07\\\/attaf-recoit-lenvoye-special-du-sg-de-lonu-pour-le-sahara-occidental-lalgerie-reaffirme-son-soutien-au-droit-a-lautodetermination-du-peuple-sahraoui\\\/#primaryimage\"},\"thumbnailUrl\":\"https:\\\/\\\/lasentinelle.dz\\\/wp-content\\\/uploads\\\/2025\\\/04\\\/Capture-decran-2025-04-07-a-11.44.05.png\",\"articleSection\":[\"Actualit\u00e9\"],\"inLanguage\":\"fr-FR\",\"potentialAction\":[{\"@type\":\"CommentAction\",\"name\":\"Comment\",\"target\":[\"https:\\\/\\\/lasentinelle.dz\\\/index.php\\\/2025\\\/04\\\/07\\\/attaf-recoit-lenvoye-special-du-sg-de-lonu-pour-le-sahara-occidental-lalgerie-reaffirme-son-soutien-au-droit-a-lautodetermination-du-peuple-sahraoui\\\/#respond\"]}]},{\"@type\":\"WebPage\",\"@id\":\"https:\\\/\\\/lasentinelle.dz\\\/index.php\\\/2025\\\/04\\\/07\\\/attaf-recoit-lenvoye-special-du-sg-de-lonu-pour-le-sahara-occidental-lalgerie-reaffirme-son-soutien-au-droit-a-lautodetermination-du-peuple-sahraoui\\\/\",\"url\":\"https:\\\/\\\/lasentinelle.dz\\\/index.php\\\/2025\\\/04\\\/07\\\/attaf-recoit-lenvoye-special-du-sg-de-lonu-pour-le-sahara-occidental-lalgerie-reaffirme-son-soutien-au-droit-a-lautodetermination-du-peuple-sahraoui\\\/\",\"name\":\"Attaf re\u00e7oit l&rsquo;envoy\u00e9 sp\u00e9cial du SG de l&rsquo;ONU pour le Sahara occidental : L&rsquo;Alg\u00e9rie r\u00e9affirme son soutien au droit \u00e0 l&rsquo;autod\u00e9termination du peuple sahraoui - La Sentinelle\",\"isPartOf\":{\"@id\":\"https:\\\/\\\/lasentinelle.dz\\\/#website\"},\"primaryImageOfPage\":{\"@id\":\"https:\\\/\\\/lasentinelle.dz\\\/index.php\\\/2025\\\/04\\\/07\\\/attaf-recoit-lenvoye-special-du-sg-de-lonu-pour-le-sahara-occidental-lalgerie-reaffirme-son-soutien-au-droit-a-lautodetermination-du-peuple-sahraoui\\\/#primaryimage\"},\"image\":{\"@id\":\"https:\\\/\\\/lasentinelle.dz\\\/index.php\\\/2025\\\/04\\\/07\\\/attaf-recoit-lenvoye-special-du-sg-de-lonu-pour-le-sahara-occidental-lalgerie-reaffirme-son-soutien-au-droit-a-lautodetermination-du-peuple-sahraoui\\\/#primaryimage\"},\"thumbnailUrl\":\"https:\\\/\\\/lasentinelle.dz\\\/wp-content\\\/uploads\\\/2025\\\/04\\\/Capture-decran-2025-04-07-a-11.44.05.png\",\"datePublished\":\"2025-04-07T10:44:44+00:00\",\"dateModified\":\"2025-04-07T10:44:45+00:00\",\"breadcrumb\":{\"@id\":\"https:\\\/\\\/lasentinelle.dz\\\/index.php\\\/2025\\\/04\\\/07\\\/attaf-recoit-lenvoye-special-du-sg-de-lonu-pour-le-sahara-occidental-lalgerie-reaffirme-son-soutien-au-droit-a-lautodetermination-du-peuple-sahraoui\\\/#breadcrumb\"},\"inLanguage\":\"fr-FR\",\"potentialAction\":[{\"@type\":\"ReadAction\",\"target\":[\"https:\\\/\\\/lasentinelle.dz\\\/index.php\\\/2025\\\/04\\\/07\\\/attaf-recoit-lenvoye-special-du-sg-de-lonu-pour-le-sahara-occidental-lalgerie-reaffirme-son-soutien-au-droit-a-lautodetermination-du-peuple-sahraoui\\\/\"]}]},{\"@type\":\"ImageObject\",\"inLanguage\":\"fr-FR\",\"@id\":\"https:\\\/\\\/lasentinelle.dz\\\/index.php\\\/2025\\\/04\\\/07\\\/attaf-recoit-lenvoye-special-du-sg-de-lonu-pour-le-sahara-occidental-lalgerie-reaffirme-son-soutien-au-droit-a-lautodetermination-du-peuple-sahraoui\\\/#primaryimage\",\"url\":\"https:\\\/\\\/lasentinelle.dz\\\/wp-content\\\/uploads\\\/2025\\\/04\\\/Capture-decran-2025-04-07-a-11.44.05.png\",\"contentUrl\":\"https:\\\/\\\/lasentinelle.dz\\\/wp-content\\\/uploads\\\/2025\\\/04\\\/Capture-decran-2025-04-07-a-11.44.05.png\",\"width\":1314,\"height\":928},{\"@type\":\"BreadcrumbList\",\"@id\":\"https:\\\/\\\/lasentinelle.dz\\\/index.php\\\/2025\\\/04\\\/07\\\/attaf-recoit-lenvoye-special-du-sg-de-lonu-pour-le-sahara-occidental-lalgerie-reaffirme-son-soutien-au-droit-a-lautodetermination-du-peuple-sahraoui\\\/#breadcrumb\",\"itemListElement\":[{\"@type\":\"ListItem\",\"position\":1,\"name\":\"Accueil\",\"item\":\"https:\\\/\\\/lasentinelle.dz\\\/\"},{\"@type\":\"ListItem\",\"position\":2,\"name\":\"Attaf re\u00e7oit l&rsquo;envoy\u00e9 sp\u00e9cial du SG de l&rsquo;ONU pour le Sahara occidental : L&rsquo;Alg\u00e9rie r\u00e9affirme son soutien au droit \u00e0 l&rsquo;autod\u00e9termination du peuple sahraoui\"}]},{\"@type\":\"WebSite\",\"@id\":\"https:\\\/\\\/lasentinelle.dz\\\/#website\",\"url\":\"https:\\\/\\\/lasentinelle.dz\\\/\",\"name\":\"La Sentinelle\",\"description\":\"Quotidien national d&#039;information\",\"publisher\":{\"@id\":\"https:\\\/\\\/lasentinelle.dz\\\/#organization\"},\"potentialAction\":[{\"@type\":\"SearchAction\",\"target\":{\"@type\":\"EntryPoint\",\"urlTemplate\":\"https:\\\/\\\/lasentinelle.dz\\\/?s={search_term_string}\"},\"query-input\":{\"@type\":\"PropertyValueSpecification\",\"valueRequired\":true,\"valueName\":\"search_term_string\"}}],\"inLanguage\":\"fr-FR\"},{\"@type\":\"Organization\",\"@id\":\"https:\\\/\\\/lasentinelle.dz\\\/#organization\",\"name\":\"Quotidien La Sentinelle\",\"url\":\"https:\\\/\\\/lasentinelle.dz\\\/\",\"logo\":{\"@type\":\"ImageObject\",\"inLanguage\":\"fr-FR\",\"@id\":\"https:\\\/\\\/lasentinelle.dz\\\/#\\\/schema\\\/logo\\\/image\\\/\",\"url\":\"https:\\\/\\\/lasentinelle.dz\\\/wp-content\\\/uploads\\\/2021\\\/09\\\/logo-sentinelleSLOGAN-1.png\",\"contentUrl\":\"https:\\\/\\\/lasentinelle.dz\\\/wp-content\\\/uploads\\\/2021\\\/09\\\/logo-sentinelleSLOGAN-1.png\",\"width\":615,\"height\":142,\"caption\":\"Quotidien La Sentinelle\"},\"image\":{\"@id\":\"https:\\\/\\\/lasentinelle.dz\\\/#\\\/schema\\\/logo\\\/image\\\/\"},\"sameAs\":[\"https:\\\/\\\/www.facebook.com\\\/La-Sentinelle-104059864394773\"]},{\"@type\":\"Person\",\"@id\":\"https:\\\/\\\/lasentinelle.dz\\\/#\\\/schema\\\/person\\\/729ee0024f24e0b8c5ec17232f8e8b41\",\"name\":\"admin\",\"image\":{\"@type\":\"ImageObject\",\"inLanguage\":\"fr-FR\",\"@id\":\"https:\\\/\\\/secure.gravatar.com\\\/avatar\\\/4c81fed838786e9b53f540bf46533e750f5d292099ae3b66cfc6fb1982e29df7?s=96&d=mm&r=g\",\"url\":\"https:\\\/\\\/secure.gravatar.com\\\/avatar\\\/4c81fed838786e9b53f540bf46533e750f5d292099ae3b66cfc6fb1982e29df7?s=96&d=mm&r=g\",\"contentUrl\":\"https:\\\/\\\/secure.gravatar.com\\\/avatar\\\/4c81fed838786e9b53f540bf46533e750f5d292099ae3b66cfc6fb1982e29df7?s=96&d=mm&r=g\",\"caption\":\"admin\"},\"description\":\"admin\",\"url\":\"https:\\\/\\\/lasentinelle.dz\\\/author\\\/admin\\\/\"}]}<\/script>\n<!-- \/ Yoast SEO plugin. -->","yoast_head_json":{"title":"Attaf re\u00e7oit l&rsquo;envoy\u00e9 sp\u00e9cial du SG de l&rsquo;ONU pour le Sahara occidental : L&rsquo;Alg\u00e9rie r\u00e9affirme son soutien au droit \u00e0 l&rsquo;autod\u00e9termination du peuple sahraoui - La Sentinelle","robots":{"index":"index","follow":"follow","max-snippet":"max-snippet:-1","max-image-preview":"max-image-preview:large","max-video-preview":"max-video-preview:-1"},"canonical":"https:\/\/lasentinelle.dz\/index.php\/2025\/04\/07\/attaf-recoit-lenvoye-special-du-sg-de-lonu-pour-le-sahara-occidental-lalgerie-reaffirme-son-soutien-au-droit-a-lautodetermination-du-peuple-sahraoui\/","og_locale":"fr_FR","og_type":"article","og_title":"Attaf re\u00e7oit l&rsquo;envoy\u00e9 sp\u00e9cial du SG de l&rsquo;ONU pour le Sahara occidental : L&rsquo;Alg\u00e9rie r\u00e9affirme son soutien au droit \u00e0 l&rsquo;autod\u00e9termination du peuple sahraoui - La Sentinelle","og_description":"Le ministre d&rsquo;\u00c9tat, ministre des Affaires \u00e9trang\u00e8res, de la Communaut\u00e9 nationale \u00e0 l&rsquo;\u00e9tranger et des Affaires africaines, M. Ahmed Attaf,","og_url":"https:\/\/lasentinelle.dz\/index.php\/2025\/04\/07\/attaf-recoit-lenvoye-special-du-sg-de-lonu-pour-le-sahara-occidental-lalgerie-reaffirme-son-soutien-au-droit-a-lautodetermination-du-peuple-sahraoui\/","og_site_name":"La Sentinelle","article_publisher":"https:\/\/www.facebook.com\/La-Sentinelle-104059864394773","article_published_time":"2025-04-07T10:44:44+00:00","article_modified_time":"2025-04-07T10:44:45+00:00","og_image":[{"width":1314,"height":928,"url":"https:\/\/lasentinelle.dz\/wp-content\/uploads\/2025\/04\/Capture-decran-2025-04-07-a-11.44.05.png","type":"image\/png"}],"author":"admin","twitter_card":"summary_large_image","twitter_misc":{"\u00c9crit par":"admin","Dur\u00e9e de lecture estim\u00e9e":"3 minutes"},"schema":{"@context":"https:\/\/schema.org","@graph":[{"@type":"Article","@id":"https:\/\/lasentinelle.dz\/index.php\/2025\/04\/07\/attaf-recoit-lenvoye-special-du-sg-de-lonu-pour-le-sahara-occidental-lalgerie-reaffirme-son-soutien-au-droit-a-lautodetermination-du-peuple-sahraoui\/#article","isPartOf":{"@id":"https:\/\/lasentinelle.dz\/index.php\/2025\/04\/07\/attaf-recoit-lenvoye-special-du-sg-de-lonu-pour-le-sahara-occidental-lalgerie-reaffirme-son-soutien-au-droit-a-lautodetermination-du-peuple-sahraoui\/"},"author":{"name":"admin","@id":"https:\/\/lasentinelle.dz\/#\/schema\/person\/729ee0024f24e0b8c5ec17232f8e8b41"},"headline":"Attaf re\u00e7oit l&rsquo;envoy\u00e9 sp\u00e9cial du SG de l&rsquo;ONU pour le Sahara occidental : L&rsquo;Alg\u00e9rie r\u00e9affirme son soutien au droit \u00e0 l&rsquo;autod\u00e9termination du peuple sahraoui","datePublished":"2025-04-07T10:44:44+00:00","dateModified":"2025-04-07T10:44:45+00:00","mainEntityOfPage":{"@id":"https:\/\/lasentinelle.dz\/index.php\/2025\/04\/07\/attaf-recoit-lenvoye-special-du-sg-de-lonu-pour-le-sahara-occidental-lalgerie-reaffirme-son-soutien-au-droit-a-lautodetermination-du-peuple-sahraoui\/"},"wordCount":530,"commentCount":0,"publisher":{"@id":"https:\/\/lasentinelle.dz\/#organization"},"image":{"@id":"https:\/\/lasentinelle.dz\/index.php\/2025\/04\/07\/attaf-recoit-lenvoye-special-du-sg-de-lonu-pour-le-sahara-occidental-lalgerie-reaffirme-son-soutien-au-droit-a-lautodetermination-du-peuple-sahraoui\/#primaryimage"},"thumbnailUrl":"https:\/\/lasentinelle.dz\/wp-content\/uploads\/2025\/04\/Capture-decran-2025-04-07-a-11.44.05.png","articleSection":["Actualit\u00e9"],"inLanguage":"fr-FR","potentialAction":[{"@type":"CommentAction","name":"Comment","target":["https:\/\/lasentinelle.dz\/index.php\/2025\/04\/07\/attaf-recoit-lenvoye-special-du-sg-de-lonu-pour-le-sahara-occidental-lalgerie-reaffirme-son-soutien-au-droit-a-lautodetermination-du-peuple-sahraoui\/#respond"]}]},{"@type":"WebPage","@id":"https:\/\/lasentinelle.dz\/index.php\/2025\/04\/07\/attaf-recoit-lenvoye-special-du-sg-de-lonu-pour-le-sahara-occidental-lalgerie-reaffirme-son-soutien-au-droit-a-lautodetermination-du-peuple-sahraoui\/","url":"https:\/\/lasentinelle.dz\/index.php\/2025\/04\/07\/attaf-recoit-lenvoye-special-du-sg-de-lonu-pour-le-sahara-occidental-lalgerie-reaffirme-son-soutien-au-droit-a-lautodetermination-du-peuple-sahraoui\/","name":"Attaf re\u00e7oit l&rsquo;envoy\u00e9 sp\u00e9cial du SG de l&rsquo;ONU pour le Sahara occidental : L&rsquo;Alg\u00e9rie r\u00e9affirme son soutien au droit \u00e0 l&rsquo;autod\u00e9termination du peuple sahraoui - La Sentinelle","isPartOf":{"@id":"https:\/\/lasentinelle.dz\/#website"},"primaryImageOfPage":{"@id":"https:\/\/lasentinelle.dz\/index.php\/2025\/04\/07\/attaf-recoit-lenvoye-special-du-sg-de-lonu-pour-le-sahara-occidental-lalgerie-reaffirme-son-soutien-au-droit-a-lautodetermination-du-peuple-sahraoui\/#primaryimage"},"image":{"@id":"https:\/\/lasentinelle.dz\/index.php\/2025\/04\/07\/attaf-recoit-lenvoye-special-du-sg-de-lonu-pour-le-sahara-occidental-lalgerie-reaffirme-son-soutien-au-droit-a-lautodetermination-du-peuple-sahraoui\/#primaryimage"},"thumbnailUrl":"https:\/\/lasentinelle.dz\/wp-content\/uploads\/2025\/04\/Capture-decran-2025-04-07-a-11.44.05.png","datePublished":"2025-04-07T10:44:44+00:00","dateModified":"2025-04-07T10:44:45+00:00","breadcrumb":{"@id":"https:\/\/lasentinelle.dz\/index.php\/2025\/04\/07\/attaf-recoit-lenvoye-special-du-sg-de-lonu-pour-le-sahara-occidental-lalgerie-reaffirme-son-soutien-au-droit-a-lautodetermination-du-peuple-sahraoui\/#breadcrumb"},"inLanguage":"fr-FR","potentialAction":[{"@type":"ReadAction","target":["https:\/\/lasentinelle.dz\/index.php\/2025\/04\/07\/attaf-recoit-lenvoye-special-du-sg-de-lonu-pour-le-sahara-occidental-lalgerie-reaffirme-son-soutien-au-droit-a-lautodetermination-du-peuple-sahraoui\/"]}]},{"@type":"ImageObject","inLanguage":"fr-FR","@id":"https:\/\/lasentinelle.dz\/index.php\/2025\/04\/07\/attaf-recoit-lenvoye-special-du-sg-de-lonu-pour-le-sahara-occidental-lalgerie-reaffirme-son-soutien-au-droit-a-lautodetermination-du-peuple-sahraoui\/#primaryimage","url":"https:\/\/lasentinelle.dz\/wp-content\/uploads\/2025\/04\/Capture-decran-2025-04-07-a-11.44.05.png","contentUrl":"https:\/\/lasentinelle.dz\/wp-content\/uploads\/2025\/04\/Capture-decran-2025-04-07-a-11.44.05.png","width":1314,"height":928},{"@type":"BreadcrumbList","@id":"https:\/\/lasentinelle.dz\/index.php\/2025\/04\/07\/attaf-recoit-lenvoye-special-du-sg-de-lonu-pour-le-sahara-occidental-lalgerie-reaffirme-son-soutien-au-droit-a-lautodetermination-du-peuple-sahraoui\/#breadcrumb","itemListElement":[{"@type":"ListItem","position":1,"name":"Accueil","item":"https:\/\/lasentinelle.dz\/"},{"@type":"ListItem","position":2,"name":"Attaf re\u00e7oit l&rsquo;envoy\u00e9 sp\u00e9cial du SG de l&rsquo;ONU pour le Sahara occidental : L&rsquo;Alg\u00e9rie r\u00e9affirme son soutien au droit \u00e0 l&rsquo;autod\u00e9termination du peuple sahraoui"}]},{"@type":"WebSite","@id":"https:\/\/lasentinelle.dz\/#website","url":"https:\/\/lasentinelle.dz\/","name":"La Sentinelle","description":"Quotidien national d&#039;information","publisher":{"@id":"https:\/\/lasentinelle.dz\/#organization"},"potentialAction":[{"@type":"SearchAction","target":{"@type":"EntryPoint","urlTemplate":"https:\/\/lasentinelle.dz\/?s={search_term_string}"},"query-input":{"@type":"PropertyValueSpecification","valueRequired":true,"valueName":"search_term_string"}}],"inLanguage":"fr-FR"},{"@type":"Organization","@id":"https:\/\/lasentinelle.dz\/#organization","name":"Quotidien La Sentinelle","url":"https:\/\/lasentinelle.dz\/","logo":{"@type":"ImageObject","inLanguage":"fr-FR","@id":"https:\/\/lasentinelle.dz\/#\/schema\/logo\/image\/","url":"https:\/\/lasentinelle.dz\/wp-content\/uploads\/2021\/09\/logo-sentinelleSLOGAN-1.png","contentUrl":"https:\/\/lasentinelle.dz\/wp-content\/uploads\/2021\/09\/logo-sentinelleSLOGAN-1.png","width":615,"height":142,"caption":"Quotidien La Sentinelle"},"image":{"@id":"https:\/\/lasentinelle.dz\/#\/schema\/logo\/image\/"},"sameAs":["https:\/\/www.facebook.com\/La-Sentinelle-104059864394773"]},{"@type":"Person","@id":"https:\/\/lasentinelle.dz\/#\/schema\/person\/729ee0024f24e0b8c5ec17232f8e8b41","name":"admin","image":{"@type":"ImageObject","inLanguage":"fr-FR","@id":"https:\/\/secure.gravatar.com\/avatar\/4c81fed838786e9b53f540bf46533e750f5d292099ae3b66cfc6fb1982e29df7?s=96&d=mm&r=g","url":"https:\/\/secure.gravatar.com\/avatar\/4c81fed838786e9b53f540bf46533e750f5d292099ae3b66cfc6fb1982e29df7?s=96&d=mm&r=g","contentUrl":"https:\/\/secure.gravatar.com\/avatar\/4c81fed838786e9b53f540bf46533e750f5d292099ae3b66cfc6fb1982e29df7?s=96&d=mm&r=g","caption":"admin"},"description":"admin","url":"https:\/\/lasentinelle.dz\/author\/admin\/"}]}},"_links":{"self":[{"href":"https:\/\/lasentinelle.dz\/index.php\/wp-json\/wp\/v2\/posts\/65230","targetHints":{"allow":["GET"]}}],"collection":[{"href":"https:\/\/lasentinelle.dz\/index.php\/wp-json\/wp\/v2\/posts"}],"about":[{"href":"https:\/\/lasentinelle.dz\/index.php\/wp-json\/wp\/v2\/types\/post"}],"author":[{"embeddable":true,"href":"https:\/\/lasentinelle.dz\/index.php\/wp-json\/wp\/v2\/users\/6"}],"replies":[{"embeddable":true,"href":"https:\/\/lasentinelle.dz\/index.php\/wp-json\/wp\/v2\/comments?post=65230"}],"version-history":[{"count":2,"href":"https:\/\/lasentinelle.dz\/index.php\/wp-json\/wp\/v2\/posts\/65230\/revisions"}],"predecessor-version":[{"id":65233,"href":"https:\/\/lasentinelle.dz\/index.php\/wp-json\/wp\/v2\/posts\/65230\/revisions\/65233"}],"wp:featuredmedia":[{"embeddable":true,"href":"https:\/\/lasentinelle.dz\/index.php\/wp-json\/wp\/v2\/media\/65231"}],"wp:attachment":[{"href":"https:\/\/lasentinelle.dz\/index.php\/wp-json\/wp\/v2\/media?parent=65230"}],"wp:term":[{"taxonomy":"category","embeddable":true,"href":"https:\/\/lasentinelle.dz\/index.php\/wp-json\/wp\/v2\/categories?post=65230"},{"taxonomy":"post_tag","embeddable":true,"href":"https:\/\/lasentinelle.dz\/index.php\/wp-json\/wp\/v2\/tags?post=65230"}],"curies":[{"name":"wp","href":"https:\/\/api.w.org\/{rel}","templated":true}]}}