{"id":65234,"date":"2025-04-07T11:45:46","date_gmt":"2025-04-07T10:45:46","guid":{"rendered":"https:\/\/lasentinelle.dz\/?p=65234"},"modified":"2025-04-07T11:46:59","modified_gmt":"2025-04-07T10:46:59","slug":"reconstruire-un-partenariat-degal-a-egal","status":"publish","type":"post","link":"https:\/\/lasentinelle.dz\/index.php\/2025\/04\/07\/reconstruire-un-partenariat-degal-a-egal\/","title":{"rendered":"Reconstruire un partenariat d&rsquo;\u00e9gal \u00e0 \u00e9gal"},"content":{"rendered":"\n<p>Le ministre de l&rsquo;Europe et des Affaires \u00e9trang\u00e8res de la R\u00e9publique fran\u00e7aise, Jean-No\u00ebl Barrot, a effectu\u00e9 hier une visite officielle \u00e0 Alger. Cette visite intervient moins d&rsquo;une semaine apr\u00e8s l&rsquo;entretien t\u00e9l\u00e9phonique entre le pr\u00e9sident fran\u00e7ais Emmanuel Macron et son homologue alg\u00e9rien Abdelmadjid Tebboune du 31 mars, et marque une volont\u00e9 commune de tourner la page des tensions r\u00e9centes qui ont caract\u00e9ris\u00e9 les relations bilat\u00e9rales.<\/p>\n\n\n\n<p>Le chef de la diplomatie fran\u00e7aise a \u00e9t\u00e9 re\u00e7u en audience par le pr\u00e9sident alg\u00e9rien Abdelmadjid Tebboune, apr\u00e8s s&rsquo;\u00eatre entretenu durant pr\u00e8s de deux heures avec son homologue Ahmed Attaf. \u00c0 l&rsquo;issue de ces rencontres, le ministre fran\u00e7ais a fait plusieurs d\u00e9clarations importantes qui t\u00e9moignent d&rsquo;une volont\u00e9 partag\u00e9e de relancer les relations bilat\u00e9rales. \u00ab\u00a0Je suis venu \u00e0 Alger pour porter un message du pr\u00e9sident de la R\u00e9publique : la France souhaite tourner la page des tensions actuelles pour reconstruire un partenariat d&rsquo;\u00e9gal \u00e0 \u00e9gal, serein et apais\u00e9 avec l&rsquo;Alg\u00e9rie\u00a0\u00bb, a d\u00e9clar\u00e9 Jean-No\u00ebl Barrot \u00e0 l&rsquo;issue de son entretien avec le pr\u00e9sident Tebboune, selon l&rsquo;APS. Le ministre fran\u00e7ais a soulign\u00e9 que son pays \u00ab\u00a0souhaite retrouver les voies de la coop\u00e9ration avec l&rsquo;Alg\u00e9rie, dans notre int\u00e9r\u00eat mutuel, toutes les voies de la coop\u00e9ration, dans un souci d&rsquo;efficacit\u00e9 et de r\u00e9sultats pour nos compatriotes\u00a0\u00bb, exprimant la volont\u00e9 de deux pays de construire un partenariat d&rsquo;\u00e9gal \u00e0 \u00e9gal.<\/p>\n\n\n\n<p>Barrot a tenu \u00e0 remercier le pr\u00e9sident Tebboune pour son invitation, pr\u00e9cisant qu&rsquo;il avait \u00ab\u00a0tenu \u00e0 r\u00e9pondre \u00e0 cette invitation dans les plus brefs d\u00e9lais, moins d&rsquo;une semaine apr\u00e8s l&rsquo;appel t\u00e9l\u00e9phonique entre le pr\u00e9sident Macron et le pr\u00e9sident Tebboune et leur d\u00e9claration commune\u00a0\u00bb. Le ministre a reconnu que \u00ab\u00a0les derniers mois ont \u00e9t\u00e9 marqu\u00e9s par une p\u00e9riode de tensions sans pr\u00e9c\u00e9dent, qui ne sert ni les int\u00e9r\u00eats des Alg\u00e9riens ni ceux des Fran\u00e7ais\u00a0\u00bb. Jean-No\u00ebl Barrot a \u00e9galement mis en avant l&rsquo;importance des liens humains qui unissent les deux pays : \u00ab\u00a0Nous avons certainement des diff\u00e9rences et nous ne pouvons pas les ignorer, mais les liens humains, historiques et culturels qui nous unissent \u2013 et je pense particuli\u00e8rement aux nombreuses familles franco-alg\u00e9riennes qui partagent leur vie des deux c\u00f4t\u00e9s de la M\u00e9diterran\u00e9e \u2013 doivent nous conduire \u00e0 reprendre le dialogue et \u00e0 reconstruire la coop\u00e9ration\u00a0\u00bb, selon les propos rapport\u00e9s par la T\u00e9l\u00e9vision alg\u00e9rienne. Le ministre a insist\u00e9 sur le fait que \u00ab\u00a0nos relations institutionnelles doivent \u00eatre \u00e0 la hauteur de l&rsquo;importance des relations humaines entre nos deux pays\u00a0\u00bb. La visite de Jean-No\u00ebl Barrot s&rsquo;inscrit dans une volont\u00e9 de concr\u00e9tiser rapidement les principes pos\u00e9s lors de l&rsquo;entretien t\u00e9l\u00e9phonique du 31 mars entre les deux pr\u00e9sidents et de \u00ab\u00a0retrouver la dynamique et l&rsquo;ambition fix\u00e9es par les deux chefs d&rsquo;\u00c9tat dans la d\u00e9claration d&rsquo;Alger de 2022\u00a0\u00bb, comme l&rsquo;a rappel\u00e9 le ministre fran\u00e7ais. \u00ab\u00a0Nous avons d\u00e9cid\u00e9 de le faire avec s\u00e9rieux, discr\u00e9tion et efficacit\u00e9, en r\u00e9activant d\u00e8s aujourd&rsquo;hui l&rsquo;ensemble des m\u00e9canismes de coop\u00e9ration dans tous les secteurs. Nous revenons \u00e0 la normale et pour reprendre les mots du pr\u00e9sident Tebboune, &lsquo;le rideau se l\u00e8ve'\u00a0\u00bb, a-t-il soulign\u00e9.<\/p>\n\n\n\n<p><strong>Une coop\u00e9ration multisectorielle relanc\u00e9e<\/strong><\/p>\n\n\n\n<p>Le ministre fran\u00e7ais a annonc\u00e9 une reprise imm\u00e9diate de la coop\u00e9ration dans plusieurs domaines strat\u00e9giques. En mati\u00e8re de s\u00e9curit\u00e9, Barrot a pr\u00e9cis\u00e9 : \u00ab\u00a0Le rideau se l\u00e8ve d&rsquo;abord concernant notre coop\u00e9ration dans le domaine de la s\u00e9curit\u00e9, avec \u00e9galement un dialogue strat\u00e9gique sur le Sahel\u00a0\u00bb. Cette coop\u00e9ration s\u00e9curitaire se mat\u00e9rialisera notamment par une prochaine r\u00e9union des hauts responsables des renseignements des deux pays. Sur le plan judiciaire, Jean-No\u00ebl Barrot a confirm\u00e9 la visite prochaine du ministre fran\u00e7ais de la Justice G\u00e9rald Darmanin en Alg\u00e9rie, qui \u00ab\u00a0accompagnera la reprise du dialogue judiciaire entre nos deux pays\u00a0\u00bb. Le ministre a \u00e9galement abord\u00e9 la question des affaires sensibles : \u00ab\u00a0Nous avons de nombreux probl\u00e8mes de coop\u00e9ration, notamment concernant l&rsquo;ex\u00e9cution des commissions rogatoires sur les dossiers sensibles li\u00e9s aux biens mal acquis\u00a0\u00bb. \u00c0 ce sujet, il a pr\u00e9cis\u00e9 qu&rsquo;une invitation sera adress\u00e9e par les services du Parquet financier national fran\u00e7ais \u00e0 leurs homologues alg\u00e9riens des juridictions comp\u00e9tentes pour \u00ab\u00a0se rendre \u00e0 Paris afin d&rsquo;examiner tous les dossiers\u00a0\u00bb. En ce qui concerne la mobilit\u00e9, Barrot a indiqu\u00e9 que \u00ab\u00a0les pr\u00e9sidents ont convenu de reprendre sans d\u00e9lai la coop\u00e9ration en mati\u00e8re de migration, ce que m&rsquo;a confirm\u00e9 le pr\u00e9sident Tebboune\u00a0\u00bb. Le ministre a pr\u00e9cis\u00e9 que les questions relatives aux r\u00e9admissions et aux visas \u00ab\u00a0seront trait\u00e9es dans le cadre des accords existants, via des proc\u00e9dures normales et r\u00e9guli\u00e8res de coop\u00e9ration consulaire\u00a0\u00bb. Il a ajout\u00e9 que \u00ab\u00a0le pr\u00e9sident Tebboune a indiqu\u00e9 qu&rsquo;il \u00e9tait favorable \u00e0 l&rsquo;organisation d&rsquo;une future rencontre entre les consuls alg\u00e9riens en France et les pr\u00e9fets fran\u00e7ais, et nous allons maintenant organiser cela avec le minist\u00e8re alg\u00e9rien des Affaires \u00e9trang\u00e8res\u00a0\u00bb. Sur le plan \u00e9conomique, Jean-No\u00ebl Barrot a indiqu\u00e9 que le pr\u00e9sident Tebboune souhaitait \u00ab\u00a0donner une nouvelle impulsion\u00a0\u00bb aux \u00e9changes entre les deux pays. Une r\u00e9union entre l&rsquo;organisation patronale alg\u00e9rienne CREA et le Medef fran\u00e7ais est d&rsquo;ailleurs pr\u00e9vue \u00e0 Paris le 9 mai prochain, signe concret de cette volont\u00e9 partag\u00e9e de renforcer les liens \u00e9conomiques.<\/p>\n\n\n\n<p><strong>La question m\u00e9morielle au c\u0153ur des discussions<\/strong><\/p>\n\n\n\n<p>La question m\u00e9morielle, sujet sensible dans les relations alg\u00e9ro-fran\u00e7aise, a \u00e9galement \u00e9t\u00e9 \u00e9voqu\u00e9e lors de ces entretiens. La commission mixte d&rsquo;historiens a d\u00e9j\u00e0 repris ses travaux, comme l&rsquo;a confirm\u00e9 Jean-No\u00ebl Barrot, et l&rsquo;historien Benjamin Stora est invit\u00e9 par le pr\u00e9sident Tebboune \u00e0 se rendre \u00e0 Alger pour poursuivre le travail sur la restitution de biens historiques. Cette question m\u00e9morielle avait fait l&rsquo;objet de d\u00e9clarations importantes la veille de la visite de Jean-No\u00ebl Barrot. En effet, Lahcen Zeghidi, copr\u00e9sident du comit\u00e9 m\u00e9moire alg\u00e9ro-fran\u00e7ais, avait appel\u00e9 la partie fran\u00e7aise \u00e0 \u00ab\u00a0mettre en \u0153uvre les accords conclus lors de la derni\u00e8re r\u00e9union du comit\u00e9\u00a0\u00bb. Zeghidi avait notamment r\u00e9v\u00e9l\u00e9 que \u00ab\u00a0la partie alg\u00e9rienne a exhort\u00e9 la partie fran\u00e7aise, lors d&rsquo;un d\u00e9jeuner offert par Anne-Claire Legendre, conseill\u00e8re du pr\u00e9sident Emmanuel Macron pour l&rsquo;Afrique du Nord et le Moyen-Orient, \u00e0 surmonter les obstacles l\u00e9gislatifs qui consid\u00e8rent tous les biens transf\u00e9r\u00e9s des colonies comme propri\u00e9t\u00e9 fran\u00e7aise\u00a0\u00bb.<\/p>\n\n\n\n<p>Le copr\u00e9sident du comit\u00e9 avait \u00e9galement annonc\u00e9 que \u00ab\u00a0la d\u00e9l\u00e9gation alg\u00e9rienne se rendra \u00e0 Paris pour mettre en \u0153uvre les accords conclus lors du cinqui\u00e8me round\u00a0\u00bb, pr\u00e9cisant que \u00ab\u00a0nous irons \u00e0 Paris pour r\u00e9cup\u00e9rer les archives, pas pour mener un dialogue ou une discussion, en plus de r\u00e9aliser une enqu\u00eate dans les r\u00e9gions du sud de la France o\u00f9 les archives n&rsquo;ont pas \u00e9t\u00e9 examin\u00e9es\u00a0\u00bb. Zeghidi avait par ailleurs \u00e9voqu\u00e9 sa surprise face \u00e0 \u00ab\u00a0l&rsquo;ampleur des archives contenant des biens alg\u00e9riens dans 19 institutions et structures fran\u00e7aises (Biblioth\u00e8que nationale, mus\u00e9es, etc.) qui ont \u00e9t\u00e9 examin\u00e9es lors de la derni\u00e8re mission de 10 jours du comit\u00e9 en France\u00a0\u00bb. Concernant la reconnaissance par la France des crimes commis durant la p\u00e9riode coloniale et la question des indemnisations, Lahcen Zeghidi avait affirm\u00e9 : \u00ab\u00a0Nous avons \u0153uvr\u00e9 pour obtenir la reconnaissance scientifique des crimes, et c&rsquo;est ce que nous avons obtenu. Apr\u00e8s la reconnaissance scientifique, le politique ne peut que la reconna\u00eetre. La partie fran\u00e7aise a l&rsquo;obligation de reconna\u00eetre ces crimes\u00a0\u00bb. Le sixi\u00e8me round de la r\u00e9union du comit\u00e9 m\u00e9moire alg\u00e9ro-fran\u00e7ais, qui se tiendra prochainement, pourrait ainsi constituer une \u00e9tape d\u00e9cisive dans la r\u00e9solution de ce contentieux m\u00e9moriel.<\/p>\n\n\n\n<p>La visite de Jean-No\u00ebl Barrot \u00e0 Alger marque donc une volont\u00e9 r\u00e9ciproque de renouer le dialogue et de renforcer la coop\u00e9ration entre la France et l&rsquo;Alg\u00e9rie. Comme l&rsquo;a soulign\u00e9 le ministre fran\u00e7ais, il s&rsquo;agit de \u00ab\u00a0reconstruire un partenariat d&rsquo;\u00e9gal \u00e0 \u00e9gal, serein et apais\u00e9\u00a0\u00bb, dans l&rsquo;int\u00e9r\u00eat des deux pays et de leurs populations.<\/p>\n\n\n\n<p>Hocine Fadheli<\/p>\n\n\n\n<p><strong>Le pr\u00e9sident de la R\u00e9publique re\u00e7oit le pr\u00e9sident du Groupe de la BID<\/strong> <\/p>\n\n\n\n<p><strong>Le pr\u00e9sident de la R\u00e9publique re\u00e7oit le pr\u00e9sident du Groupe de la BID<\/strong><\/p>\n\n\n\n<p>Le pr\u00e9sident de la R\u00e9publique, M. Abdelmadjid Tebboune, a re\u00e7u, dimanche \u00e0 Alger, le pr\u00e9sident du Groupe de la Banque islamique de d\u00e9veloppement (BID), Muhammed Ben Sulaiman Al-Jasser. L&rsquo;audience s&rsquo;est d\u00e9roul\u00e9e en pr\u00e9sence du directeur de Cabinet \u00e0 la Pr\u00e9sidence de la R\u00e9publique, M. Boualem Boualem et du ministre des Finances, M. Abdelkrim Bouzred.<\/p>\n","protected":false},"excerpt":{"rendered":"<p>Le ministre de l&rsquo;Europe et des Affaires \u00e9trang\u00e8res de la R\u00e9publique fran\u00e7aise, Jean-No\u00ebl Barrot, a effectu\u00e9 hier une visite officielle<\/p>\n","protected":false},"author":6,"featured_media":65235,"comment_status":"open","ping_status":"closed","sticky":false,"template":"","format":"standard","meta":{"colormag_page_container_layout":"default_layout","colormag_page_sidebar_layout":"default_layout","om_disable_all_campaigns":false,"_monsterinsights_skip_tracking":false,"_monsterinsights_sitenote_active":false,"_monsterinsights_sitenote_note":"","_monsterinsights_sitenote_category":0,"footnotes":"","_wpscppro_dont_share_socialmedia":false,"_wpscppro_custom_social_share_image":0,"_facebook_share_type":"default","_twitter_share_type":"default","_linkedin_share_type":"default","_pinterest_share_type":"default","_linkedin_share_type_page":"","_instagram_share_type":"default","_medium_share_type":"default","_threads_share_type":"","_google_business_share_type":"","_selected_social_profile":[],"_wpsp_enable_custom_social_template":false,"_wpsp_social_scheduling":{"enabled":false,"datetime":null,"platforms":[],"status":"template_only","dateOption":"today","timeOption":"now","customDays":"","customHours":"","customDate":"","customTime":"","schedulingType":"absolute"},"_wpsp_active_default_template":true},"categories":[52,27],"tags":[],"class_list":["post-65234","post","type-post","status-publish","format-standard","has-post-thumbnail","hentry","category-a-la-une","category-actualite"],"aioseo_notices":[],"yoast_head":"<!-- This site is optimized with the Yoast SEO plugin v27.5 - https:\/\/yoast.com\/product\/yoast-seo-wordpress\/ -->\n<title>Reconstruire un partenariat d&rsquo;\u00e9gal \u00e0 \u00e9gal - La Sentinelle<\/title>\n<meta name=\"robots\" content=\"index, follow, max-snippet:-1, max-image-preview:large, max-video-preview:-1\" \/>\n<link rel=\"canonical\" href=\"https:\/\/lasentinelle.dz\/index.php\/2025\/04\/07\/reconstruire-un-partenariat-degal-a-egal\/\" \/>\n<meta property=\"og:locale\" content=\"fr_FR\" \/>\n<meta property=\"og:type\" content=\"article\" \/>\n<meta property=\"og:title\" content=\"Reconstruire un partenariat d&rsquo;\u00e9gal \u00e0 \u00e9gal - La Sentinelle\" \/>\n<meta property=\"og:description\" content=\"Le ministre de l&rsquo;Europe et des Affaires \u00e9trang\u00e8res de la R\u00e9publique fran\u00e7aise, Jean-No\u00ebl Barrot, a effectu\u00e9 hier une visite officielle\" \/>\n<meta property=\"og:url\" content=\"https:\/\/lasentinelle.dz\/index.php\/2025\/04\/07\/reconstruire-un-partenariat-degal-a-egal\/\" \/>\n<meta property=\"og:site_name\" content=\"La Sentinelle\" \/>\n<meta property=\"article:publisher\" content=\"https:\/\/www.facebook.com\/La-Sentinelle-104059864394773\" \/>\n<meta property=\"article:published_time\" content=\"2025-04-07T10:45:46+00:00\" \/>\n<meta property=\"article:modified_time\" content=\"2025-04-07T10:46:59+00:00\" \/>\n<meta property=\"og:image\" content=\"https:\/\/lasentinelle.dz\/wp-content\/uploads\/2025\/04\/tebboune-barrot.jpg\" \/>\n\t<meta property=\"og:image:width\" content=\"1440\" \/>\n\t<meta property=\"og:image:height\" content=\"960\" \/>\n\t<meta property=\"og:image:type\" content=\"image\/jpeg\" \/>\n<meta name=\"author\" content=\"admin\" \/>\n<meta name=\"twitter:card\" content=\"summary_large_image\" \/>\n<meta name=\"twitter:label1\" content=\"\u00c9crit par\" \/>\n\t<meta name=\"twitter:data1\" content=\"admin\" \/>\n\t<meta name=\"twitter:label2\" content=\"Dur\u00e9e de lecture estim\u00e9e\" \/>\n\t<meta name=\"twitter:data2\" content=\"7 minutes\" \/>\n<script type=\"application\/ld+json\" class=\"yoast-schema-graph\">{\"@context\":\"https:\\\/\\\/schema.org\",\"@graph\":[{\"@type\":\"Article\",\"@id\":\"https:\\\/\\\/lasentinelle.dz\\\/index.php\\\/2025\\\/04\\\/07\\\/reconstruire-un-partenariat-degal-a-egal\\\/#article\",\"isPartOf\":{\"@id\":\"https:\\\/\\\/lasentinelle.dz\\\/index.php\\\/2025\\\/04\\\/07\\\/reconstruire-un-partenariat-degal-a-egal\\\/\"},\"author\":{\"name\":\"admin\",\"@id\":\"https:\\\/\\\/lasentinelle.dz\\\/#\\\/schema\\\/person\\\/729ee0024f24e0b8c5ec17232f8e8b41\"},\"headline\":\"Reconstruire un partenariat d&rsquo;\u00e9gal \u00e0 \u00e9gal\",\"datePublished\":\"2025-04-07T10:45:46+00:00\",\"dateModified\":\"2025-04-07T10:46:59+00:00\",\"mainEntityOfPage\":{\"@id\":\"https:\\\/\\\/lasentinelle.dz\\\/index.php\\\/2025\\\/04\\\/07\\\/reconstruire-un-partenariat-degal-a-egal\\\/\"},\"wordCount\":1544,\"commentCount\":0,\"publisher\":{\"@id\":\"https:\\\/\\\/lasentinelle.dz\\\/#organization\"},\"image\":{\"@id\":\"https:\\\/\\\/lasentinelle.dz\\\/index.php\\\/2025\\\/04\\\/07\\\/reconstruire-un-partenariat-degal-a-egal\\\/#primaryimage\"},\"thumbnailUrl\":\"https:\\\/\\\/lasentinelle.dz\\\/wp-content\\\/uploads\\\/2025\\\/04\\\/tebboune-barrot.jpg\",\"articleSection\":[\"\u00c0 la Une\",\"Actualit\u00e9\"],\"inLanguage\":\"fr-FR\",\"potentialAction\":[{\"@type\":\"CommentAction\",\"name\":\"Comment\",\"target\":[\"https:\\\/\\\/lasentinelle.dz\\\/index.php\\\/2025\\\/04\\\/07\\\/reconstruire-un-partenariat-degal-a-egal\\\/#respond\"]}]},{\"@type\":\"WebPage\",\"@id\":\"https:\\\/\\\/lasentinelle.dz\\\/index.php\\\/2025\\\/04\\\/07\\\/reconstruire-un-partenariat-degal-a-egal\\\/\",\"url\":\"https:\\\/\\\/lasentinelle.dz\\\/index.php\\\/2025\\\/04\\\/07\\\/reconstruire-un-partenariat-degal-a-egal\\\/\",\"name\":\"Reconstruire un partenariat d&rsquo;\u00e9gal \u00e0 \u00e9gal - La Sentinelle\",\"isPartOf\":{\"@id\":\"https:\\\/\\\/lasentinelle.dz\\\/#website\"},\"primaryImageOfPage\":{\"@id\":\"https:\\\/\\\/lasentinelle.dz\\\/index.php\\\/2025\\\/04\\\/07\\\/reconstruire-un-partenariat-degal-a-egal\\\/#primaryimage\"},\"image\":{\"@id\":\"https:\\\/\\\/lasentinelle.dz\\\/index.php\\\/2025\\\/04\\\/07\\\/reconstruire-un-partenariat-degal-a-egal\\\/#primaryimage\"},\"thumbnailUrl\":\"https:\\\/\\\/lasentinelle.dz\\\/wp-content\\\/uploads\\\/2025\\\/04\\\/tebboune-barrot.jpg\",\"datePublished\":\"2025-04-07T10:45:46+00:00\",\"dateModified\":\"2025-04-07T10:46:59+00:00\",\"breadcrumb\":{\"@id\":\"https:\\\/\\\/lasentinelle.dz\\\/index.php\\\/2025\\\/04\\\/07\\\/reconstruire-un-partenariat-degal-a-egal\\\/#breadcrumb\"},\"inLanguage\":\"fr-FR\",\"potentialAction\":[{\"@type\":\"ReadAction\",\"target\":[\"https:\\\/\\\/lasentinelle.dz\\\/index.php\\\/2025\\\/04\\\/07\\\/reconstruire-un-partenariat-degal-a-egal\\\/\"]}]},{\"@type\":\"ImageObject\",\"inLanguage\":\"fr-FR\",\"@id\":\"https:\\\/\\\/lasentinelle.dz\\\/index.php\\\/2025\\\/04\\\/07\\\/reconstruire-un-partenariat-degal-a-egal\\\/#primaryimage\",\"url\":\"https:\\\/\\\/lasentinelle.dz\\\/wp-content\\\/uploads\\\/2025\\\/04\\\/tebboune-barrot.jpg\",\"contentUrl\":\"https:\\\/\\\/lasentinelle.dz\\\/wp-content\\\/uploads\\\/2025\\\/04\\\/tebboune-barrot.jpg\",\"width\":1440,\"height\":960},{\"@type\":\"BreadcrumbList\",\"@id\":\"https:\\\/\\\/lasentinelle.dz\\\/index.php\\\/2025\\\/04\\\/07\\\/reconstruire-un-partenariat-degal-a-egal\\\/#breadcrumb\",\"itemListElement\":[{\"@type\":\"ListItem\",\"position\":1,\"name\":\"Accueil\",\"item\":\"https:\\\/\\\/lasentinelle.dz\\\/\"},{\"@type\":\"ListItem\",\"position\":2,\"name\":\"Reconstruire un partenariat d&rsquo;\u00e9gal \u00e0 \u00e9gal\"}]},{\"@type\":\"WebSite\",\"@id\":\"https:\\\/\\\/lasentinelle.dz\\\/#website\",\"url\":\"https:\\\/\\\/lasentinelle.dz\\\/\",\"name\":\"La Sentinelle\",\"description\":\"Quotidien national d&#039;information\",\"publisher\":{\"@id\":\"https:\\\/\\\/lasentinelle.dz\\\/#organization\"},\"potentialAction\":[{\"@type\":\"SearchAction\",\"target\":{\"@type\":\"EntryPoint\",\"urlTemplate\":\"https:\\\/\\\/lasentinelle.dz\\\/?s={search_term_string}\"},\"query-input\":{\"@type\":\"PropertyValueSpecification\",\"valueRequired\":true,\"valueName\":\"search_term_string\"}}],\"inLanguage\":\"fr-FR\"},{\"@type\":\"Organization\",\"@id\":\"https:\\\/\\\/lasentinelle.dz\\\/#organization\",\"name\":\"Quotidien La Sentinelle\",\"url\":\"https:\\\/\\\/lasentinelle.dz\\\/\",\"logo\":{\"@type\":\"ImageObject\",\"inLanguage\":\"fr-FR\",\"@id\":\"https:\\\/\\\/lasentinelle.dz\\\/#\\\/schema\\\/logo\\\/image\\\/\",\"url\":\"https:\\\/\\\/lasentinelle.dz\\\/wp-content\\\/uploads\\\/2021\\\/09\\\/logo-sentinelleSLOGAN-1.png\",\"contentUrl\":\"https:\\\/\\\/lasentinelle.dz\\\/wp-content\\\/uploads\\\/2021\\\/09\\\/logo-sentinelleSLOGAN-1.png\",\"width\":615,\"height\":142,\"caption\":\"Quotidien La Sentinelle\"},\"image\":{\"@id\":\"https:\\\/\\\/lasentinelle.dz\\\/#\\\/schema\\\/logo\\\/image\\\/\"},\"sameAs\":[\"https:\\\/\\\/www.facebook.com\\\/La-Sentinelle-104059864394773\"]},{\"@type\":\"Person\",\"@id\":\"https:\\\/\\\/lasentinelle.dz\\\/#\\\/schema\\\/person\\\/729ee0024f24e0b8c5ec17232f8e8b41\",\"name\":\"admin\",\"image\":{\"@type\":\"ImageObject\",\"inLanguage\":\"fr-FR\",\"@id\":\"https:\\\/\\\/secure.gravatar.com\\\/avatar\\\/4c81fed838786e9b53f540bf46533e750f5d292099ae3b66cfc6fb1982e29df7?s=96&d=mm&r=g\",\"url\":\"https:\\\/\\\/secure.gravatar.com\\\/avatar\\\/4c81fed838786e9b53f540bf46533e750f5d292099ae3b66cfc6fb1982e29df7?s=96&d=mm&r=g\",\"contentUrl\":\"https:\\\/\\\/secure.gravatar.com\\\/avatar\\\/4c81fed838786e9b53f540bf46533e750f5d292099ae3b66cfc6fb1982e29df7?s=96&d=mm&r=g\",\"caption\":\"admin\"},\"description\":\"admin\",\"url\":\"https:\\\/\\\/lasentinelle.dz\\\/author\\\/admin\\\/\"}]}<\/script>\n<!-- \/ Yoast SEO plugin. -->","yoast_head_json":{"title":"Reconstruire un partenariat d&rsquo;\u00e9gal \u00e0 \u00e9gal - La Sentinelle","robots":{"index":"index","follow":"follow","max-snippet":"max-snippet:-1","max-image-preview":"max-image-preview:large","max-video-preview":"max-video-preview:-1"},"canonical":"https:\/\/lasentinelle.dz\/index.php\/2025\/04\/07\/reconstruire-un-partenariat-degal-a-egal\/","og_locale":"fr_FR","og_type":"article","og_title":"Reconstruire un partenariat d&rsquo;\u00e9gal \u00e0 \u00e9gal - La Sentinelle","og_description":"Le ministre de l&rsquo;Europe et des Affaires \u00e9trang\u00e8res de la R\u00e9publique fran\u00e7aise, Jean-No\u00ebl Barrot, a effectu\u00e9 hier une visite officielle","og_url":"https:\/\/lasentinelle.dz\/index.php\/2025\/04\/07\/reconstruire-un-partenariat-degal-a-egal\/","og_site_name":"La Sentinelle","article_publisher":"https:\/\/www.facebook.com\/La-Sentinelle-104059864394773","article_published_time":"2025-04-07T10:45:46+00:00","article_modified_time":"2025-04-07T10:46:59+00:00","og_image":[{"width":1440,"height":960,"url":"https:\/\/lasentinelle.dz\/wp-content\/uploads\/2025\/04\/tebboune-barrot.jpg","type":"image\/jpeg"}],"author":"admin","twitter_card":"summary_large_image","twitter_misc":{"\u00c9crit par":"admin","Dur\u00e9e de lecture estim\u00e9e":"7 minutes"},"schema":{"@context":"https:\/\/schema.org","@graph":[{"@type":"Article","@id":"https:\/\/lasentinelle.dz\/index.php\/2025\/04\/07\/reconstruire-un-partenariat-degal-a-egal\/#article","isPartOf":{"@id":"https:\/\/lasentinelle.dz\/index.php\/2025\/04\/07\/reconstruire-un-partenariat-degal-a-egal\/"},"author":{"name":"admin","@id":"https:\/\/lasentinelle.dz\/#\/schema\/person\/729ee0024f24e0b8c5ec17232f8e8b41"},"headline":"Reconstruire un partenariat d&rsquo;\u00e9gal \u00e0 \u00e9gal","datePublished":"2025-04-07T10:45:46+00:00","dateModified":"2025-04-07T10:46:59+00:00","mainEntityOfPage":{"@id":"https:\/\/lasentinelle.dz\/index.php\/2025\/04\/07\/reconstruire-un-partenariat-degal-a-egal\/"},"wordCount":1544,"commentCount":0,"publisher":{"@id":"https:\/\/lasentinelle.dz\/#organization"},"image":{"@id":"https:\/\/lasentinelle.dz\/index.php\/2025\/04\/07\/reconstruire-un-partenariat-degal-a-egal\/#primaryimage"},"thumbnailUrl":"https:\/\/lasentinelle.dz\/wp-content\/uploads\/2025\/04\/tebboune-barrot.jpg","articleSection":["\u00c0 la Une","Actualit\u00e9"],"inLanguage":"fr-FR","potentialAction":[{"@type":"CommentAction","name":"Comment","target":["https:\/\/lasentinelle.dz\/index.php\/2025\/04\/07\/reconstruire-un-partenariat-degal-a-egal\/#respond"]}]},{"@type":"WebPage","@id":"https:\/\/lasentinelle.dz\/index.php\/2025\/04\/07\/reconstruire-un-partenariat-degal-a-egal\/","url":"https:\/\/lasentinelle.dz\/index.php\/2025\/04\/07\/reconstruire-un-partenariat-degal-a-egal\/","name":"Reconstruire un partenariat d&rsquo;\u00e9gal \u00e0 \u00e9gal - La Sentinelle","isPartOf":{"@id":"https:\/\/lasentinelle.dz\/#website"},"primaryImageOfPage":{"@id":"https:\/\/lasentinelle.dz\/index.php\/2025\/04\/07\/reconstruire-un-partenariat-degal-a-egal\/#primaryimage"},"image":{"@id":"https:\/\/lasentinelle.dz\/index.php\/2025\/04\/07\/reconstruire-un-partenariat-degal-a-egal\/#primaryimage"},"thumbnailUrl":"https:\/\/lasentinelle.dz\/wp-content\/uploads\/2025\/04\/tebboune-barrot.jpg","datePublished":"2025-04-07T10:45:46+00:00","dateModified":"2025-04-07T10:46:59+00:00","breadcrumb":{"@id":"https:\/\/lasentinelle.dz\/index.php\/2025\/04\/07\/reconstruire-un-partenariat-degal-a-egal\/#breadcrumb"},"inLanguage":"fr-FR","potentialAction":[{"@type":"ReadAction","target":["https:\/\/lasentinelle.dz\/index.php\/2025\/04\/07\/reconstruire-un-partenariat-degal-a-egal\/"]}]},{"@type":"ImageObject","inLanguage":"fr-FR","@id":"https:\/\/lasentinelle.dz\/index.php\/2025\/04\/07\/reconstruire-un-partenariat-degal-a-egal\/#primaryimage","url":"https:\/\/lasentinelle.dz\/wp-content\/uploads\/2025\/04\/tebboune-barrot.jpg","contentUrl":"https:\/\/lasentinelle.dz\/wp-content\/uploads\/2025\/04\/tebboune-barrot.jpg","width":1440,"height":960},{"@type":"BreadcrumbList","@id":"https:\/\/lasentinelle.dz\/index.php\/2025\/04\/07\/reconstruire-un-partenariat-degal-a-egal\/#breadcrumb","itemListElement":[{"@type":"ListItem","position":1,"name":"Accueil","item":"https:\/\/lasentinelle.dz\/"},{"@type":"ListItem","position":2,"name":"Reconstruire un partenariat d&rsquo;\u00e9gal \u00e0 \u00e9gal"}]},{"@type":"WebSite","@id":"https:\/\/lasentinelle.dz\/#website","url":"https:\/\/lasentinelle.dz\/","name":"La Sentinelle","description":"Quotidien national d&#039;information","publisher":{"@id":"https:\/\/lasentinelle.dz\/#organization"},"potentialAction":[{"@type":"SearchAction","target":{"@type":"EntryPoint","urlTemplate":"https:\/\/lasentinelle.dz\/?s={search_term_string}"},"query-input":{"@type":"PropertyValueSpecification","valueRequired":true,"valueName":"search_term_string"}}],"inLanguage":"fr-FR"},{"@type":"Organization","@id":"https:\/\/lasentinelle.dz\/#organization","name":"Quotidien La Sentinelle","url":"https:\/\/lasentinelle.dz\/","logo":{"@type":"ImageObject","inLanguage":"fr-FR","@id":"https:\/\/lasentinelle.dz\/#\/schema\/logo\/image\/","url":"https:\/\/lasentinelle.dz\/wp-content\/uploads\/2021\/09\/logo-sentinelleSLOGAN-1.png","contentUrl":"https:\/\/lasentinelle.dz\/wp-content\/uploads\/2021\/09\/logo-sentinelleSLOGAN-1.png","width":615,"height":142,"caption":"Quotidien La Sentinelle"},"image":{"@id":"https:\/\/lasentinelle.dz\/#\/schema\/logo\/image\/"},"sameAs":["https:\/\/www.facebook.com\/La-Sentinelle-104059864394773"]},{"@type":"Person","@id":"https:\/\/lasentinelle.dz\/#\/schema\/person\/729ee0024f24e0b8c5ec17232f8e8b41","name":"admin","image":{"@type":"ImageObject","inLanguage":"fr-FR","@id":"https:\/\/secure.gravatar.com\/avatar\/4c81fed838786e9b53f540bf46533e750f5d292099ae3b66cfc6fb1982e29df7?s=96&d=mm&r=g","url":"https:\/\/secure.gravatar.com\/avatar\/4c81fed838786e9b53f540bf46533e750f5d292099ae3b66cfc6fb1982e29df7?s=96&d=mm&r=g","contentUrl":"https:\/\/secure.gravatar.com\/avatar\/4c81fed838786e9b53f540bf46533e750f5d292099ae3b66cfc6fb1982e29df7?s=96&d=mm&r=g","caption":"admin"},"description":"admin","url":"https:\/\/lasentinelle.dz\/author\/admin\/"}]}},"_links":{"self":[{"href":"https:\/\/lasentinelle.dz\/index.php\/wp-json\/wp\/v2\/posts\/65234","targetHints":{"allow":["GET"]}}],"collection":[{"href":"https:\/\/lasentinelle.dz\/index.php\/wp-json\/wp\/v2\/posts"}],"about":[{"href":"https:\/\/lasentinelle.dz\/index.php\/wp-json\/wp\/v2\/types\/post"}],"author":[{"embeddable":true,"href":"https:\/\/lasentinelle.dz\/index.php\/wp-json\/wp\/v2\/users\/6"}],"replies":[{"embeddable":true,"href":"https:\/\/lasentinelle.dz\/index.php\/wp-json\/wp\/v2\/comments?post=65234"}],"version-history":[{"count":3,"href":"https:\/\/lasentinelle.dz\/index.php\/wp-json\/wp\/v2\/posts\/65234\/revisions"}],"predecessor-version":[{"id":65238,"href":"https:\/\/lasentinelle.dz\/index.php\/wp-json\/wp\/v2\/posts\/65234\/revisions\/65238"}],"wp:featuredmedia":[{"embeddable":true,"href":"https:\/\/lasentinelle.dz\/index.php\/wp-json\/wp\/v2\/media\/65235"}],"wp:attachment":[{"href":"https:\/\/lasentinelle.dz\/index.php\/wp-json\/wp\/v2\/media?parent=65234"}],"wp:term":[{"taxonomy":"category","embeddable":true,"href":"https:\/\/lasentinelle.dz\/index.php\/wp-json\/wp\/v2\/categories?post=65234"},{"taxonomy":"post_tag","embeddable":true,"href":"https:\/\/lasentinelle.dz\/index.php\/wp-json\/wp\/v2\/tags?post=65234"}],"curies":[{"name":"wp","href":"https:\/\/api.w.org\/{rel}","templated":true}]}}