{"id":65244,"date":"2025-04-08T11:19:53","date_gmt":"2025-04-08T10:19:53","guid":{"rendered":"https:\/\/lasentinelle.dz\/?p=65244"},"modified":"2025-04-08T11:19:54","modified_gmt":"2025-04-08T10:19:54","slug":"prix-du-president-de-la-republique-pour-le-chercheur-innovant-valoriser-et-encourager-la-recherche-scientifique","status":"publish","type":"post","link":"https:\/\/lasentinelle.dz\/index.php\/2025\/04\/08\/prix-du-president-de-la-republique-pour-le-chercheur-innovant-valoriser-et-encourager-la-recherche-scientifique\/","title":{"rendered":"Prix du Pr\u00e9sident de la R\u00e9publique pour le chercheur innovant : Valoriser et encourager la recherche scientifique"},"content":{"rendered":"\n<p>Dans un effort visant \u00e0 stimuler l&rsquo;innovation scientifique et la recherche en Alg\u00e9rie, le minist\u00e8re de l&rsquo;Enseignement sup\u00e9rieur et de la Recherche scientifique a organis\u00e9 hier, en partenariat avec la Conf\u00e9rence r\u00e9gionale des universit\u00e9s du Centre, une rencontre de sensibilisation \u00e0 Alger au profit des chercheurs et des \u00e9tudiants. Cette session d&rsquo;information \u00e9tait sp\u00e9cifiquement d\u00e9di\u00e9e \u00e0 l&rsquo;explication des proc\u00e9dures relatives \u00e0 la participation au concours du \u00ab\u00a0Prix du Pr\u00e9sident de la R\u00e9publique pour le chercheur innovant\u00a0\u00bb, dont les laur\u00e9ats seront annonc\u00e9s le 19 mai prochain. Cette initiative s&rsquo;inscrit dans le cadre de la politique nationale visant \u00e0 valoriser et encourager la recherche scientifique au service du d\u00e9veloppement \u00e9conomique du pays.<\/p>\n\n\n\n<p>\u00c0 cette occasion, le directeur du D\u00e9veloppement technologique et de l&rsquo;Innovation au minist\u00e8re de l&rsquo;Enseignement sup\u00e9rieur et de la Recherche scientifique, M. Djilali Tasallit, a apport\u00e9 des pr\u00e9cisions importantes concernant cette distinction pr\u00e9sidentielle. Il a notamment expliqu\u00e9 que ce prix, dont la premi\u00e8re \u00e9dition a \u00e9t\u00e9 lanc\u00e9e le 19 mars dernier, concerne \u00ab\u00a0les \u00e9tudiants universitaires, les enseignants-chercheurs et les hospitalo-universitaires dans les domaines li\u00e9s aux sciences, \u00e0 la technologie, \u00e0 la sant\u00e9, aux sciences m\u00e9dicales, \u00e0 la s\u00e9curit\u00e9 \u00e9nerg\u00e9tique et hydrique, ainsi qu&rsquo;\u00e0 d&rsquo;autres domaines au service de l&rsquo;\u00e9conomie nationale\u00a0\u00bb. Cette large inclusivit\u00e9 t\u00e9moigne de la volont\u00e9 des autorit\u00e9s de mobiliser l&rsquo;ensemble des comp\u00e9tences scientifiques du pays autour des priorit\u00e9s de d\u00e9veloppement national. M. Tasallit a \u00e9galement soulign\u00e9 que des rencontres similaires sont actuellement organis\u00e9es \u00e0 Oran et S\u00e9tif, avec pour objectif \u00ab\u00a0d&rsquo;encourager le plus grand nombre d&rsquo;\u00e9tudiants et d&rsquo;enseignants-chercheurs \u00e0 se lancer dans cette comp\u00e9tition\u00a0\u00bb. Il a pr\u00e9cis\u00e9 que la participation se fera exclusivement via une plateforme d\u00e9di\u00e9e \u00e0 cet effet, accessible sur l&rsquo;ensemble du territoire national. Cette digitalisation du processus de candidature vise \u00e0 faciliter l&rsquo;acc\u00e8s au concours et \u00e0 garantir une gestion transparente et efficace des dossiers soumis. Concernant les conditions de participation, le responsable a pr\u00e9cis\u00e9 qu'\u00a0\u00bbil est n\u00e9cessaire que le participant soit de nationalit\u00e9 alg\u00e9rienne, r\u00e9sidant en Alg\u00e9rie ou \u00e0 l&rsquo;\u00e9tranger, et qu&rsquo;il ait r\u00e9alis\u00e9 une recherche, individuellement ou collectivement, ayant une valeur et un impact direct sur l&rsquo;\u00e9conomie nationale\u00a0\u00bb, en plus d&rsquo;autres crit\u00e8res sp\u00e9cifiques. Cette ouverture aux chercheurs de la diaspora souligne la volont\u00e9 d&rsquo;inclure les comp\u00e9tences alg\u00e9riennes \u00e9tablies \u00e0 l&rsquo;\u00e9tranger dans la dynamique de d\u00e9veloppement national, cr\u00e9ant ainsi des ponts entre la recherche locale et internationale. En termes de calendrier, M. Tasallit a indiqu\u00e9 que \u00ab\u00a0la date limite de r\u00e9ception des demandes de participation via la plateforme sera le 19 avril courant\u00a0\u00bb. Quant aux r\u00e9compenses, il a annonc\u00e9 que \u00ab\u00a0le premier prix consistera en un certificat d&rsquo;honneur et une somme de 5 millions de dinars, tandis que la valeur du deuxi\u00e8me prix s&rsquo;\u00e9l\u00e8vera \u00e0 3 millions de dinars et le troisi\u00e8me prix \u00e0 2 millions de dinars\u00a0\u00bb. Ces montants substantiels t\u00e9moignent de l&rsquo;importance accord\u00e9e par les plus hautes autorit\u00e9s du pays \u00e0 la promotion de l&rsquo;innovation et de la recherche scientifique en Alg\u00e9rie. De son c\u00f4t\u00e9, le directeur de l&rsquo;Universit\u00e9 des Sciences et de la Technologie Houari Boumediene, qui a accueilli cette rencontre, Djamel Eddine Akrache, a salu\u00e9 cette initiative qu&rsquo;il consid\u00e8re comme \u00ab\u00a0une forte incitation qui encourage les chercheurs \u00e0 rivaliser et \u00e0 pr\u00e9senter des recherches et des projets constituant une valeur ajout\u00e9e au service de l&rsquo;\u00e9conomie nationale\u00a0\u00bb. Cette appr\u00e9ciation refl\u00e8te l&rsquo;enthousiasme du milieu universitaire alg\u00e9rien face \u00e0 cette reconnaissance institutionnelle du r\u00f4le crucial de la recherche scientifique dans le d\u00e9veloppement \u00e9conomique. Cette initiative s&rsquo;inscrit dans un contexte plus large de r\u00e9formes du secteur de l&rsquo;enseignement sup\u00e9rieur et de la recherche scientifique en Alg\u00e9rie, visant \u00e0 renforcer les liens entre le monde acad\u00e9mique et le secteur socio-\u00e9conomique.<\/p>\n\n\n\n<p>Samir Benisid<\/p>\n","protected":false},"excerpt":{"rendered":"<p>Dans un effort visant \u00e0 stimuler l&rsquo;innovation scientifique et la recherche en Alg\u00e9rie, le minist\u00e8re de l&rsquo;Enseignement sup\u00e9rieur et de<\/p>\n","protected":false},"author":6,"featured_media":41279,"comment_status":"open","ping_status":"closed","sticky":false,"template":"","format":"standard","meta":{"colormag_page_container_layout":"default_layout","colormag_page_sidebar_layout":"default_layout","om_disable_all_campaigns":false,"_monsterinsights_skip_tracking":false,"_monsterinsights_sitenote_active":false,"_monsterinsights_sitenote_note":"","_monsterinsights_sitenote_category":0,"footnotes":"","_wpscppro_dont_share_socialmedia":false,"_wpscppro_custom_social_share_image":0,"_facebook_share_type":"default","_twitter_share_type":"default","_linkedin_share_type":"default","_pinterest_share_type":"default","_linkedin_share_type_page":"","_instagram_share_type":"default","_medium_share_type":"default","_threads_share_type":"","_google_business_share_type":"","_selected_social_profile":[],"_wpsp_enable_custom_social_template":false,"_wpsp_social_scheduling":{"enabled":false,"datetime":null,"platforms":[],"status":"template_only","dateOption":"today","timeOption":"now","customDays":"","customHours":"","customDate":"","customTime":"","schedulingType":"absolute"},"_wpsp_active_default_template":true},"categories":[27],"tags":[],"class_list":["post-65244","post","type-post","status-publish","format-standard","has-post-thumbnail","hentry","category-actualite"],"aioseo_notices":[],"yoast_head":"<!-- This site is optimized with the Yoast SEO plugin v27.5 - https:\/\/yoast.com\/product\/yoast-seo-wordpress\/ -->\n<title>Prix du Pr\u00e9sident de la R\u00e9publique pour le chercheur innovant : Valoriser et encourager la recherche scientifique - La Sentinelle<\/title>\n<meta name=\"robots\" content=\"index, follow, max-snippet:-1, max-image-preview:large, max-video-preview:-1\" \/>\n<link rel=\"canonical\" href=\"https:\/\/lasentinelle.dz\/index.php\/2025\/04\/08\/prix-du-president-de-la-republique-pour-le-chercheur-innovant-valoriser-et-encourager-la-recherche-scientifique\/\" \/>\n<meta property=\"og:locale\" content=\"fr_FR\" \/>\n<meta property=\"og:type\" content=\"article\" \/>\n<meta property=\"og:title\" content=\"Prix du Pr\u00e9sident de la R\u00e9publique pour le chercheur innovant : Valoriser et encourager la recherche scientifique - La Sentinelle\" \/>\n<meta property=\"og:description\" content=\"Dans un effort visant \u00e0 stimuler l&rsquo;innovation scientifique et la recherche en Alg\u00e9rie, le minist\u00e8re de l&rsquo;Enseignement sup\u00e9rieur et de\" \/>\n<meta property=\"og:url\" content=\"https:\/\/lasentinelle.dz\/index.php\/2025\/04\/08\/prix-du-president-de-la-republique-pour-le-chercheur-innovant-valoriser-et-encourager-la-recherche-scientifique\/\" \/>\n<meta property=\"og:site_name\" content=\"La Sentinelle\" \/>\n<meta property=\"article:publisher\" content=\"https:\/\/www.facebook.com\/La-Sentinelle-104059864394773\" \/>\n<meta property=\"article:published_time\" content=\"2025-04-08T10:19:53+00:00\" \/>\n<meta property=\"article:modified_time\" content=\"2025-04-08T10:19:54+00:00\" \/>\n<meta property=\"og:image\" content=\"https:\/\/lasentinelle.dz\/wp-content\/uploads\/2023\/05\/ministere-enseignement-superieur-.png\" \/>\n\t<meta property=\"og:image:width\" content=\"1520\" \/>\n\t<meta property=\"og:image:height\" content=\"900\" \/>\n\t<meta property=\"og:image:type\" content=\"image\/png\" \/>\n<meta name=\"author\" content=\"admin\" \/>\n<meta name=\"twitter:card\" content=\"summary_large_image\" \/>\n<meta name=\"twitter:label1\" content=\"\u00c9crit par\" \/>\n\t<meta name=\"twitter:data1\" content=\"admin\" \/>\n\t<meta name=\"twitter:label2\" content=\"Dur\u00e9e de lecture estim\u00e9e\" \/>\n\t<meta name=\"twitter:data2\" content=\"4 minutes\" \/>\n<script type=\"application\/ld+json\" class=\"yoast-schema-graph\">{\"@context\":\"https:\\\/\\\/schema.org\",\"@graph\":[{\"@type\":\"Article\",\"@id\":\"https:\\\/\\\/lasentinelle.dz\\\/index.php\\\/2025\\\/04\\\/08\\\/prix-du-president-de-la-republique-pour-le-chercheur-innovant-valoriser-et-encourager-la-recherche-scientifique\\\/#article\",\"isPartOf\":{\"@id\":\"https:\\\/\\\/lasentinelle.dz\\\/index.php\\\/2025\\\/04\\\/08\\\/prix-du-president-de-la-republique-pour-le-chercheur-innovant-valoriser-et-encourager-la-recherche-scientifique\\\/\"},\"author\":{\"name\":\"admin\",\"@id\":\"https:\\\/\\\/lasentinelle.dz\\\/#\\\/schema\\\/person\\\/729ee0024f24e0b8c5ec17232f8e8b41\"},\"headline\":\"Prix du Pr\u00e9sident de la R\u00e9publique pour le chercheur innovant : Valoriser et encourager la recherche scientifique\",\"datePublished\":\"2025-04-08T10:19:53+00:00\",\"dateModified\":\"2025-04-08T10:19:54+00:00\",\"mainEntityOfPage\":{\"@id\":\"https:\\\/\\\/lasentinelle.dz\\\/index.php\\\/2025\\\/04\\\/08\\\/prix-du-president-de-la-republique-pour-le-chercheur-innovant-valoriser-et-encourager-la-recherche-scientifique\\\/\"},\"wordCount\":691,\"commentCount\":0,\"publisher\":{\"@id\":\"https:\\\/\\\/lasentinelle.dz\\\/#organization\"},\"image\":{\"@id\":\"https:\\\/\\\/lasentinelle.dz\\\/index.php\\\/2025\\\/04\\\/08\\\/prix-du-president-de-la-republique-pour-le-chercheur-innovant-valoriser-et-encourager-la-recherche-scientifique\\\/#primaryimage\"},\"thumbnailUrl\":\"https:\\\/\\\/lasentinelle.dz\\\/wp-content\\\/uploads\\\/2023\\\/05\\\/ministere-enseignement-superieur-.png\",\"articleSection\":[\"Actualit\u00e9\"],\"inLanguage\":\"fr-FR\",\"potentialAction\":[{\"@type\":\"CommentAction\",\"name\":\"Comment\",\"target\":[\"https:\\\/\\\/lasentinelle.dz\\\/index.php\\\/2025\\\/04\\\/08\\\/prix-du-president-de-la-republique-pour-le-chercheur-innovant-valoriser-et-encourager-la-recherche-scientifique\\\/#respond\"]}]},{\"@type\":\"WebPage\",\"@id\":\"https:\\\/\\\/lasentinelle.dz\\\/index.php\\\/2025\\\/04\\\/08\\\/prix-du-president-de-la-republique-pour-le-chercheur-innovant-valoriser-et-encourager-la-recherche-scientifique\\\/\",\"url\":\"https:\\\/\\\/lasentinelle.dz\\\/index.php\\\/2025\\\/04\\\/08\\\/prix-du-president-de-la-republique-pour-le-chercheur-innovant-valoriser-et-encourager-la-recherche-scientifique\\\/\",\"name\":\"Prix du Pr\u00e9sident de la R\u00e9publique pour le chercheur innovant : Valoriser et encourager la recherche scientifique - La Sentinelle\",\"isPartOf\":{\"@id\":\"https:\\\/\\\/lasentinelle.dz\\\/#website\"},\"primaryImageOfPage\":{\"@id\":\"https:\\\/\\\/lasentinelle.dz\\\/index.php\\\/2025\\\/04\\\/08\\\/prix-du-president-de-la-republique-pour-le-chercheur-innovant-valoriser-et-encourager-la-recherche-scientifique\\\/#primaryimage\"},\"image\":{\"@id\":\"https:\\\/\\\/lasentinelle.dz\\\/index.php\\\/2025\\\/04\\\/08\\\/prix-du-president-de-la-republique-pour-le-chercheur-innovant-valoriser-et-encourager-la-recherche-scientifique\\\/#primaryimage\"},\"thumbnailUrl\":\"https:\\\/\\\/lasentinelle.dz\\\/wp-content\\\/uploads\\\/2023\\\/05\\\/ministere-enseignement-superieur-.png\",\"datePublished\":\"2025-04-08T10:19:53+00:00\",\"dateModified\":\"2025-04-08T10:19:54+00:00\",\"breadcrumb\":{\"@id\":\"https:\\\/\\\/lasentinelle.dz\\\/index.php\\\/2025\\\/04\\\/08\\\/prix-du-president-de-la-republique-pour-le-chercheur-innovant-valoriser-et-encourager-la-recherche-scientifique\\\/#breadcrumb\"},\"inLanguage\":\"fr-FR\",\"potentialAction\":[{\"@type\":\"ReadAction\",\"target\":[\"https:\\\/\\\/lasentinelle.dz\\\/index.php\\\/2025\\\/04\\\/08\\\/prix-du-president-de-la-republique-pour-le-chercheur-innovant-valoriser-et-encourager-la-recherche-scientifique\\\/\"]}]},{\"@type\":\"ImageObject\",\"inLanguage\":\"fr-FR\",\"@id\":\"https:\\\/\\\/lasentinelle.dz\\\/index.php\\\/2025\\\/04\\\/08\\\/prix-du-president-de-la-republique-pour-le-chercheur-innovant-valoriser-et-encourager-la-recherche-scientifique\\\/#primaryimage\",\"url\":\"https:\\\/\\\/lasentinelle.dz\\\/wp-content\\\/uploads\\\/2023\\\/05\\\/ministere-enseignement-superieur-.png\",\"contentUrl\":\"https:\\\/\\\/lasentinelle.dz\\\/wp-content\\\/uploads\\\/2023\\\/05\\\/ministere-enseignement-superieur-.png\",\"width\":1520,\"height\":900},{\"@type\":\"BreadcrumbList\",\"@id\":\"https:\\\/\\\/lasentinelle.dz\\\/index.php\\\/2025\\\/04\\\/08\\\/prix-du-president-de-la-republique-pour-le-chercheur-innovant-valoriser-et-encourager-la-recherche-scientifique\\\/#breadcrumb\",\"itemListElement\":[{\"@type\":\"ListItem\",\"position\":1,\"name\":\"Accueil\",\"item\":\"https:\\\/\\\/lasentinelle.dz\\\/\"},{\"@type\":\"ListItem\",\"position\":2,\"name\":\"Prix du Pr\u00e9sident de la R\u00e9publique pour le chercheur innovant : Valoriser et encourager la recherche scientifique\"}]},{\"@type\":\"WebSite\",\"@id\":\"https:\\\/\\\/lasentinelle.dz\\\/#website\",\"url\":\"https:\\\/\\\/lasentinelle.dz\\\/\",\"name\":\"La Sentinelle\",\"description\":\"Quotidien national d&#039;information\",\"publisher\":{\"@id\":\"https:\\\/\\\/lasentinelle.dz\\\/#organization\"},\"potentialAction\":[{\"@type\":\"SearchAction\",\"target\":{\"@type\":\"EntryPoint\",\"urlTemplate\":\"https:\\\/\\\/lasentinelle.dz\\\/?s={search_term_string}\"},\"query-input\":{\"@type\":\"PropertyValueSpecification\",\"valueRequired\":true,\"valueName\":\"search_term_string\"}}],\"inLanguage\":\"fr-FR\"},{\"@type\":\"Organization\",\"@id\":\"https:\\\/\\\/lasentinelle.dz\\\/#organization\",\"name\":\"Quotidien La Sentinelle\",\"url\":\"https:\\\/\\\/lasentinelle.dz\\\/\",\"logo\":{\"@type\":\"ImageObject\",\"inLanguage\":\"fr-FR\",\"@id\":\"https:\\\/\\\/lasentinelle.dz\\\/#\\\/schema\\\/logo\\\/image\\\/\",\"url\":\"https:\\\/\\\/lasentinelle.dz\\\/wp-content\\\/uploads\\\/2021\\\/09\\\/logo-sentinelleSLOGAN-1.png\",\"contentUrl\":\"https:\\\/\\\/lasentinelle.dz\\\/wp-content\\\/uploads\\\/2021\\\/09\\\/logo-sentinelleSLOGAN-1.png\",\"width\":615,\"height\":142,\"caption\":\"Quotidien La Sentinelle\"},\"image\":{\"@id\":\"https:\\\/\\\/lasentinelle.dz\\\/#\\\/schema\\\/logo\\\/image\\\/\"},\"sameAs\":[\"https:\\\/\\\/www.facebook.com\\\/La-Sentinelle-104059864394773\"]},{\"@type\":\"Person\",\"@id\":\"https:\\\/\\\/lasentinelle.dz\\\/#\\\/schema\\\/person\\\/729ee0024f24e0b8c5ec17232f8e8b41\",\"name\":\"admin\",\"image\":{\"@type\":\"ImageObject\",\"inLanguage\":\"fr-FR\",\"@id\":\"https:\\\/\\\/secure.gravatar.com\\\/avatar\\\/4c81fed838786e9b53f540bf46533e750f5d292099ae3b66cfc6fb1982e29df7?s=96&d=mm&r=g\",\"url\":\"https:\\\/\\\/secure.gravatar.com\\\/avatar\\\/4c81fed838786e9b53f540bf46533e750f5d292099ae3b66cfc6fb1982e29df7?s=96&d=mm&r=g\",\"contentUrl\":\"https:\\\/\\\/secure.gravatar.com\\\/avatar\\\/4c81fed838786e9b53f540bf46533e750f5d292099ae3b66cfc6fb1982e29df7?s=96&d=mm&r=g\",\"caption\":\"admin\"},\"description\":\"admin\",\"url\":\"https:\\\/\\\/lasentinelle.dz\\\/author\\\/admin\\\/\"}]}<\/script>\n<!-- \/ Yoast SEO plugin. -->","yoast_head_json":{"title":"Prix du Pr\u00e9sident de la R\u00e9publique pour le chercheur innovant : Valoriser et encourager la recherche scientifique - La Sentinelle","robots":{"index":"index","follow":"follow","max-snippet":"max-snippet:-1","max-image-preview":"max-image-preview:large","max-video-preview":"max-video-preview:-1"},"canonical":"https:\/\/lasentinelle.dz\/index.php\/2025\/04\/08\/prix-du-president-de-la-republique-pour-le-chercheur-innovant-valoriser-et-encourager-la-recherche-scientifique\/","og_locale":"fr_FR","og_type":"article","og_title":"Prix du Pr\u00e9sident de la R\u00e9publique pour le chercheur innovant : Valoriser et encourager la recherche scientifique - La Sentinelle","og_description":"Dans un effort visant \u00e0 stimuler l&rsquo;innovation scientifique et la recherche en Alg\u00e9rie, le minist\u00e8re de l&rsquo;Enseignement sup\u00e9rieur et de","og_url":"https:\/\/lasentinelle.dz\/index.php\/2025\/04\/08\/prix-du-president-de-la-republique-pour-le-chercheur-innovant-valoriser-et-encourager-la-recherche-scientifique\/","og_site_name":"La Sentinelle","article_publisher":"https:\/\/www.facebook.com\/La-Sentinelle-104059864394773","article_published_time":"2025-04-08T10:19:53+00:00","article_modified_time":"2025-04-08T10:19:54+00:00","og_image":[{"width":1520,"height":900,"url":"https:\/\/lasentinelle.dz\/wp-content\/uploads\/2023\/05\/ministere-enseignement-superieur-.png","type":"image\/png"}],"author":"admin","twitter_card":"summary_large_image","twitter_misc":{"\u00c9crit par":"admin","Dur\u00e9e de lecture estim\u00e9e":"4 minutes"},"schema":{"@context":"https:\/\/schema.org","@graph":[{"@type":"Article","@id":"https:\/\/lasentinelle.dz\/index.php\/2025\/04\/08\/prix-du-president-de-la-republique-pour-le-chercheur-innovant-valoriser-et-encourager-la-recherche-scientifique\/#article","isPartOf":{"@id":"https:\/\/lasentinelle.dz\/index.php\/2025\/04\/08\/prix-du-president-de-la-republique-pour-le-chercheur-innovant-valoriser-et-encourager-la-recherche-scientifique\/"},"author":{"name":"admin","@id":"https:\/\/lasentinelle.dz\/#\/schema\/person\/729ee0024f24e0b8c5ec17232f8e8b41"},"headline":"Prix du Pr\u00e9sident de la R\u00e9publique pour le chercheur innovant : Valoriser et encourager la recherche scientifique","datePublished":"2025-04-08T10:19:53+00:00","dateModified":"2025-04-08T10:19:54+00:00","mainEntityOfPage":{"@id":"https:\/\/lasentinelle.dz\/index.php\/2025\/04\/08\/prix-du-president-de-la-republique-pour-le-chercheur-innovant-valoriser-et-encourager-la-recherche-scientifique\/"},"wordCount":691,"commentCount":0,"publisher":{"@id":"https:\/\/lasentinelle.dz\/#organization"},"image":{"@id":"https:\/\/lasentinelle.dz\/index.php\/2025\/04\/08\/prix-du-president-de-la-republique-pour-le-chercheur-innovant-valoriser-et-encourager-la-recherche-scientifique\/#primaryimage"},"thumbnailUrl":"https:\/\/lasentinelle.dz\/wp-content\/uploads\/2023\/05\/ministere-enseignement-superieur-.png","articleSection":["Actualit\u00e9"],"inLanguage":"fr-FR","potentialAction":[{"@type":"CommentAction","name":"Comment","target":["https:\/\/lasentinelle.dz\/index.php\/2025\/04\/08\/prix-du-president-de-la-republique-pour-le-chercheur-innovant-valoriser-et-encourager-la-recherche-scientifique\/#respond"]}]},{"@type":"WebPage","@id":"https:\/\/lasentinelle.dz\/index.php\/2025\/04\/08\/prix-du-president-de-la-republique-pour-le-chercheur-innovant-valoriser-et-encourager-la-recherche-scientifique\/","url":"https:\/\/lasentinelle.dz\/index.php\/2025\/04\/08\/prix-du-president-de-la-republique-pour-le-chercheur-innovant-valoriser-et-encourager-la-recherche-scientifique\/","name":"Prix du Pr\u00e9sident de la R\u00e9publique pour le chercheur innovant : Valoriser et encourager la recherche scientifique - La Sentinelle","isPartOf":{"@id":"https:\/\/lasentinelle.dz\/#website"},"primaryImageOfPage":{"@id":"https:\/\/lasentinelle.dz\/index.php\/2025\/04\/08\/prix-du-president-de-la-republique-pour-le-chercheur-innovant-valoriser-et-encourager-la-recherche-scientifique\/#primaryimage"},"image":{"@id":"https:\/\/lasentinelle.dz\/index.php\/2025\/04\/08\/prix-du-president-de-la-republique-pour-le-chercheur-innovant-valoriser-et-encourager-la-recherche-scientifique\/#primaryimage"},"thumbnailUrl":"https:\/\/lasentinelle.dz\/wp-content\/uploads\/2023\/05\/ministere-enseignement-superieur-.png","datePublished":"2025-04-08T10:19:53+00:00","dateModified":"2025-04-08T10:19:54+00:00","breadcrumb":{"@id":"https:\/\/lasentinelle.dz\/index.php\/2025\/04\/08\/prix-du-president-de-la-republique-pour-le-chercheur-innovant-valoriser-et-encourager-la-recherche-scientifique\/#breadcrumb"},"inLanguage":"fr-FR","potentialAction":[{"@type":"ReadAction","target":["https:\/\/lasentinelle.dz\/index.php\/2025\/04\/08\/prix-du-president-de-la-republique-pour-le-chercheur-innovant-valoriser-et-encourager-la-recherche-scientifique\/"]}]},{"@type":"ImageObject","inLanguage":"fr-FR","@id":"https:\/\/lasentinelle.dz\/index.php\/2025\/04\/08\/prix-du-president-de-la-republique-pour-le-chercheur-innovant-valoriser-et-encourager-la-recherche-scientifique\/#primaryimage","url":"https:\/\/lasentinelle.dz\/wp-content\/uploads\/2023\/05\/ministere-enseignement-superieur-.png","contentUrl":"https:\/\/lasentinelle.dz\/wp-content\/uploads\/2023\/05\/ministere-enseignement-superieur-.png","width":1520,"height":900},{"@type":"BreadcrumbList","@id":"https:\/\/lasentinelle.dz\/index.php\/2025\/04\/08\/prix-du-president-de-la-republique-pour-le-chercheur-innovant-valoriser-et-encourager-la-recherche-scientifique\/#breadcrumb","itemListElement":[{"@type":"ListItem","position":1,"name":"Accueil","item":"https:\/\/lasentinelle.dz\/"},{"@type":"ListItem","position":2,"name":"Prix du Pr\u00e9sident de la R\u00e9publique pour le chercheur innovant : Valoriser et encourager la recherche scientifique"}]},{"@type":"WebSite","@id":"https:\/\/lasentinelle.dz\/#website","url":"https:\/\/lasentinelle.dz\/","name":"La Sentinelle","description":"Quotidien national d&#039;information","publisher":{"@id":"https:\/\/lasentinelle.dz\/#organization"},"potentialAction":[{"@type":"SearchAction","target":{"@type":"EntryPoint","urlTemplate":"https:\/\/lasentinelle.dz\/?s={search_term_string}"},"query-input":{"@type":"PropertyValueSpecification","valueRequired":true,"valueName":"search_term_string"}}],"inLanguage":"fr-FR"},{"@type":"Organization","@id":"https:\/\/lasentinelle.dz\/#organization","name":"Quotidien La Sentinelle","url":"https:\/\/lasentinelle.dz\/","logo":{"@type":"ImageObject","inLanguage":"fr-FR","@id":"https:\/\/lasentinelle.dz\/#\/schema\/logo\/image\/","url":"https:\/\/lasentinelle.dz\/wp-content\/uploads\/2021\/09\/logo-sentinelleSLOGAN-1.png","contentUrl":"https:\/\/lasentinelle.dz\/wp-content\/uploads\/2021\/09\/logo-sentinelleSLOGAN-1.png","width":615,"height":142,"caption":"Quotidien La Sentinelle"},"image":{"@id":"https:\/\/lasentinelle.dz\/#\/schema\/logo\/image\/"},"sameAs":["https:\/\/www.facebook.com\/La-Sentinelle-104059864394773"]},{"@type":"Person","@id":"https:\/\/lasentinelle.dz\/#\/schema\/person\/729ee0024f24e0b8c5ec17232f8e8b41","name":"admin","image":{"@type":"ImageObject","inLanguage":"fr-FR","@id":"https:\/\/secure.gravatar.com\/avatar\/4c81fed838786e9b53f540bf46533e750f5d292099ae3b66cfc6fb1982e29df7?s=96&d=mm&r=g","url":"https:\/\/secure.gravatar.com\/avatar\/4c81fed838786e9b53f540bf46533e750f5d292099ae3b66cfc6fb1982e29df7?s=96&d=mm&r=g","contentUrl":"https:\/\/secure.gravatar.com\/avatar\/4c81fed838786e9b53f540bf46533e750f5d292099ae3b66cfc6fb1982e29df7?s=96&d=mm&r=g","caption":"admin"},"description":"admin","url":"https:\/\/lasentinelle.dz\/author\/admin\/"}]}},"_links":{"self":[{"href":"https:\/\/lasentinelle.dz\/index.php\/wp-json\/wp\/v2\/posts\/65244","targetHints":{"allow":["GET"]}}],"collection":[{"href":"https:\/\/lasentinelle.dz\/index.php\/wp-json\/wp\/v2\/posts"}],"about":[{"href":"https:\/\/lasentinelle.dz\/index.php\/wp-json\/wp\/v2\/types\/post"}],"author":[{"embeddable":true,"href":"https:\/\/lasentinelle.dz\/index.php\/wp-json\/wp\/v2\/users\/6"}],"replies":[{"embeddable":true,"href":"https:\/\/lasentinelle.dz\/index.php\/wp-json\/wp\/v2\/comments?post=65244"}],"version-history":[{"count":1,"href":"https:\/\/lasentinelle.dz\/index.php\/wp-json\/wp\/v2\/posts\/65244\/revisions"}],"predecessor-version":[{"id":65245,"href":"https:\/\/lasentinelle.dz\/index.php\/wp-json\/wp\/v2\/posts\/65244\/revisions\/65245"}],"wp:featuredmedia":[{"embeddable":true,"href":"https:\/\/lasentinelle.dz\/index.php\/wp-json\/wp\/v2\/media\/41279"}],"wp:attachment":[{"href":"https:\/\/lasentinelle.dz\/index.php\/wp-json\/wp\/v2\/media?parent=65244"}],"wp:term":[{"taxonomy":"category","embeddable":true,"href":"https:\/\/lasentinelle.dz\/index.php\/wp-json\/wp\/v2\/categories?post=65244"},{"taxonomy":"post_tag","embeddable":true,"href":"https:\/\/lasentinelle.dz\/index.php\/wp-json\/wp\/v2\/tags?post=65244"}],"curies":[{"name":"wp","href":"https:\/\/api.w.org\/{rel}","templated":true}]}}