{"id":65402,"date":"2025-04-10T13:40:10","date_gmt":"2025-04-10T12:40:10","guid":{"rendered":"https:\/\/lasentinelle.dz\/?p=65402"},"modified":"2025-04-11T13:40:41","modified_gmt":"2025-04-11T12:40:41","slug":"barrage-de-beni-haroun-mila-feu-vert-a-lextension-des-surfaces-agricoles-irriguees","status":"publish","type":"post","link":"https:\/\/lasentinelle.dz\/index.php\/2025\/04\/10\/barrage-de-beni-haroun-mila-feu-vert-a-lextension-des-surfaces-agricoles-irriguees\/","title":{"rendered":"Barrage de Beni Haroun (Mila) : Feu vert \u00e0 l\u2019extension des surfaces agricoles irrigu\u00e9es"},"content":{"rendered":"\n<p>L&rsquo;irrigation agricole constitue un pilier fondamental du d\u00e9veloppement agricole en Alg\u00e9rie, particuli\u00e8rement dans les r\u00e9gions o\u00f9 les ressources hydriques repr\u00e9sentent un enjeu crucial pour l&rsquo;\u00e9conomie locale et la s\u00e9curit\u00e9 alimentaire nationale.<\/p>\n\n\n\n<p>Le ministre de l&rsquo;Hydraulique, Taha Derbal, a effectu\u00e9 mardi une visite dans la wilaya de Mila, qui illustre parfaitement l&rsquo;importance accord\u00e9e par les autorit\u00e9s \u00e0 ce secteur strat\u00e9gique. Cette visite minist\u00e9rielle s&rsquo;inscrit dans une vision globale de valorisation des ressources hydriques du pays, notamment celles du barrage de Beni Haroun, consid\u00e9r\u00e9 comme le plus grand barrage d&rsquo;Alg\u00e9rie. L&rsquo;annonce majeure de cette visite concerne le lancement d&rsquo;une \u00e9tude d&rsquo;envergure visant \u00e0 \u00e9tendre les surfaces agricoles irrigu\u00e9es dans la r\u00e9gion, t\u00e9moignant ainsi de la volont\u00e9 politique de renforcer le secteur agricole par l&rsquo;optimisation des ressources en eau disponibles. Lors de cette visite officielle, apr\u00e8s avoir pris connaissance de la situation du secteur hydraulique dans la wilaya et particuli\u00e8rement des projets d&rsquo;alimentation en eau \u00e0 partir de la station de dessalement de Jijel, le ministre a clairement affirm\u00e9 l&rsquo;engagement du gouvernement : \u00ab\u00a0L&rsquo;accord a \u00e9t\u00e9 donn\u00e9 pour l&rsquo;ex\u00e9cution d&rsquo;une \u00e9tude d&rsquo;extension des surfaces irrigu\u00e9es, dans plusieurs communes, \u00e0 partir du barrage de Beni Haroun, qui s&rsquo;ajouteront au p\u00e9rim\u00e8tre irrigu\u00e9 de Teleghma qui couvre une superficie de 4.447 hectares\u00a0\u00bb. Cette annonce repr\u00e9sente une avanc\u00e9e significative pour le d\u00e9veloppement agricole de la r\u00e9gion, qui pourra ainsi b\u00e9n\u00e9ficier des importantes capacit\u00e9s hydriques du barrage de Beni Haroun pour am\u00e9liorer sa production agricole et diversifier ses cultures. Le ministre a par ailleurs soulign\u00e9 que ce projet r\u00e9sulte d&rsquo;une collaboration interminist\u00e9rielle \u00e9troite, pr\u00e9cisant qu&rsquo;il est le \u00ab\u00a0fruit d&rsquo;une coordination \u00e9troite et continue entre notre d\u00e9partement et le minist\u00e8re de l&rsquo;Agriculture, du D\u00e9veloppement rural et de la P\u00eache, est destin\u00e9 \u00e0 r\u00e9pondre aux pr\u00e9occupations des agriculteurs et de d\u00e9velopper l&rsquo;irrigation agricole\u00a0\u00bb. Cette coordination t\u00e9moigne d&rsquo;une approche int\u00e9gr\u00e9e des probl\u00e9matiques d&rsquo;eau et d&rsquo;agriculture, essentielle pour assurer l&rsquo;efficacit\u00e9 des politiques publiques dans ces domaines fortement interconnect\u00e9s. La visite minist\u00e9rielle a \u00e9galement \u00e9t\u00e9 l&rsquo;occasion de mettre en lumi\u00e8re l&rsquo;importance strat\u00e9gique du barrage de Beni Haroun, infrastructure majeure qui d\u00e9passe le cadre r\u00e9gional puisqu&rsquo;elle assure l&rsquo;approvisionnement en eau potable et d&rsquo;irrigation non seulement pour la wilaya de Mila mais \u00e9galement pour plusieurs wilayas de l&rsquo;Est alg\u00e9rien. Cette dimension r\u00e9gionale du barrage en fait un levier de d\u00e9veloppement territorial particuli\u00e8rement pr\u00e9cieux dans une zone o\u00f9 l&rsquo;eau constitue une ressource d\u00e9terminante pour le d\u00e9veloppement \u00e9conomique et social. Au-del\u00e0 de l&rsquo;extension des p\u00e9rim\u00e8tres irrigu\u00e9s, le ministre a abord\u00e9 la question de la r\u00e9utilisation des eaux us\u00e9es apr\u00e8s traitement, qu&rsquo;il consid\u00e8re comme \u00ab\u00a0une pr\u00e9cieuse alternative aux \u00e9ventuelles p\u00e9nuries d&rsquo;eau\u00a0\u00bb. Cette approche s&rsquo;inscrit dans une vision de gestion durable des ressources hydriques, particuli\u00e8rement pertinente dans un contexte de changement climatique o\u00f9 les p\u00e9riodes de s\u00e9cheresse risquent de s&rsquo;intensifier. L&rsquo;irrigation agricole appara\u00eet ainsi comme un vecteur essentiel de la s\u00e9curit\u00e9 alimentaire et de la r\u00e9silience territoriale face aux d\u00e9fis climatiques. La visite de M. Derbal a \u00e9galement \u00e9t\u00e9 marqu\u00e9e par l&rsquo;inspection de plusieurs projets hydrauliques structurants pour la wilaya, notamment le projet de renforcement de l&rsquo;alimentation en eau potable de 16 communes \u00e0 partir des barrages de Beni Haroun et de Tabellout, ainsi que la mise en service d&rsquo;un r\u00e9servoir d&rsquo;eau de 20.000 m3 destin\u00e9 \u00e0 alimenter 70.000 habitants du chef-lieu de wilaya. Ces r\u00e9alisations d\u00e9montrent l&rsquo;engagement des pouvoirs publics \u00e0 am\u00e9liorer les conditions de vie des citoyens tout en renfor\u00e7ant les infrastructures n\u00e9cessaires au d\u00e9veloppement agricole.<\/p>\n\n\n\n<p><strong>R.R.<\/strong><\/p>\n","protected":false},"excerpt":{"rendered":"<p>L&rsquo;irrigation agricole constitue un pilier fondamental du d\u00e9veloppement agricole en Alg\u00e9rie, particuli\u00e8rement dans les r\u00e9gions o\u00f9 les ressources hydriques repr\u00e9sentent<\/p>\n","protected":false},"author":6,"featured_media":63714,"comment_status":"open","ping_status":"closed","sticky":false,"template":"","format":"standard","meta":{"colormag_page_container_layout":"default_layout","colormag_page_sidebar_layout":"default_layout","om_disable_all_campaigns":false,"_monsterinsights_skip_tracking":false,"_monsterinsights_sitenote_active":false,"_monsterinsights_sitenote_note":"","_monsterinsights_sitenote_category":0,"footnotes":"","_wpscppro_dont_share_socialmedia":false,"_wpscppro_custom_social_share_image":0,"_facebook_share_type":"default","_twitter_share_type":"default","_linkedin_share_type":"default","_pinterest_share_type":"default","_linkedin_share_type_page":"","_instagram_share_type":"default","_medium_share_type":"default","_threads_share_type":"","_google_business_share_type":"","_selected_social_profile":[],"_wpsp_enable_custom_social_template":false,"_wpsp_social_scheduling":{"enabled":false,"datetime":null,"platforms":[],"status":"template_only","dateOption":"today","timeOption":"now","customDays":"","customHours":"","customDate":"","customTime":"","schedulingType":"absolute"},"_wpsp_active_default_template":true},"categories":[31],"tags":[],"class_list":["post-65402","post","type-post","status-publish","format-standard","has-post-thumbnail","hentry","category-regions"],"aioseo_notices":[],"yoast_head":"<!-- This site is optimized with the Yoast SEO plugin v27.5 - https:\/\/yoast.com\/product\/yoast-seo-wordpress\/ -->\n<title>Barrage de Beni Haroun (Mila) : Feu vert \u00e0 l\u2019extension des surfaces agricoles irrigu\u00e9es - La Sentinelle<\/title>\n<meta name=\"robots\" content=\"index, follow, max-snippet:-1, max-image-preview:large, max-video-preview:-1\" \/>\n<link rel=\"canonical\" href=\"https:\/\/lasentinelle.dz\/index.php\/2025\/04\/10\/barrage-de-beni-haroun-mila-feu-vert-a-lextension-des-surfaces-agricoles-irriguees\/\" \/>\n<meta property=\"og:locale\" content=\"fr_FR\" \/>\n<meta property=\"og:type\" content=\"article\" \/>\n<meta property=\"og:title\" content=\"Barrage de Beni Haroun (Mila) : Feu vert \u00e0 l\u2019extension des surfaces agricoles irrigu\u00e9es - La Sentinelle\" \/>\n<meta property=\"og:description\" content=\"L&rsquo;irrigation agricole constitue un pilier fondamental du d\u00e9veloppement agricole en Alg\u00e9rie, particuli\u00e8rement dans les r\u00e9gions o\u00f9 les ressources hydriques repr\u00e9sentent\" \/>\n<meta property=\"og:url\" content=\"https:\/\/lasentinelle.dz\/index.php\/2025\/04\/10\/barrage-de-beni-haroun-mila-feu-vert-a-lextension-des-surfaces-agricoles-irriguees\/\" \/>\n<meta property=\"og:site_name\" content=\"La Sentinelle\" \/>\n<meta property=\"article:publisher\" content=\"https:\/\/www.facebook.com\/La-Sentinelle-104059864394773\" \/>\n<meta property=\"article:published_time\" content=\"2025-04-10T12:40:10+00:00\" \/>\n<meta property=\"article:modified_time\" content=\"2025-04-11T12:40:41+00:00\" \/>\n<meta property=\"og:image\" content=\"https:\/\/lasentinelle.dz\/wp-content\/uploads\/2025\/03\/barrage-de-beni-haroun.jpeg\" \/>\n\t<meta property=\"og:image:width\" content=\"679\" \/>\n\t<meta property=\"og:image:height\" content=\"417\" \/>\n\t<meta property=\"og:image:type\" content=\"image\/jpeg\" \/>\n<meta name=\"author\" content=\"admin\" \/>\n<meta name=\"twitter:card\" content=\"summary_large_image\" \/>\n<meta name=\"twitter:label1\" content=\"\u00c9crit par\" \/>\n\t<meta name=\"twitter:data1\" content=\"admin\" \/>\n\t<meta name=\"twitter:label2\" content=\"Dur\u00e9e de lecture estim\u00e9e\" \/>\n\t<meta name=\"twitter:data2\" content=\"4 minutes\" \/>\n<script type=\"application\/ld+json\" class=\"yoast-schema-graph\">{\"@context\":\"https:\\\/\\\/schema.org\",\"@graph\":[{\"@type\":\"Article\",\"@id\":\"https:\\\/\\\/lasentinelle.dz\\\/index.php\\\/2025\\\/04\\\/10\\\/barrage-de-beni-haroun-mila-feu-vert-a-lextension-des-surfaces-agricoles-irriguees\\\/#article\",\"isPartOf\":{\"@id\":\"https:\\\/\\\/lasentinelle.dz\\\/index.php\\\/2025\\\/04\\\/10\\\/barrage-de-beni-haroun-mila-feu-vert-a-lextension-des-surfaces-agricoles-irriguees\\\/\"},\"author\":{\"name\":\"admin\",\"@id\":\"https:\\\/\\\/lasentinelle.dz\\\/#\\\/schema\\\/person\\\/729ee0024f24e0b8c5ec17232f8e8b41\"},\"headline\":\"Barrage de Beni Haroun (Mila) : Feu vert \u00e0 l\u2019extension des surfaces agricoles irrigu\u00e9es\",\"datePublished\":\"2025-04-10T12:40:10+00:00\",\"dateModified\":\"2025-04-11T12:40:41+00:00\",\"mainEntityOfPage\":{\"@id\":\"https:\\\/\\\/lasentinelle.dz\\\/index.php\\\/2025\\\/04\\\/10\\\/barrage-de-beni-haroun-mila-feu-vert-a-lextension-des-surfaces-agricoles-irriguees\\\/\"},\"wordCount\":686,\"commentCount\":0,\"publisher\":{\"@id\":\"https:\\\/\\\/lasentinelle.dz\\\/#organization\"},\"image\":{\"@id\":\"https:\\\/\\\/lasentinelle.dz\\\/index.php\\\/2025\\\/04\\\/10\\\/barrage-de-beni-haroun-mila-feu-vert-a-lextension-des-surfaces-agricoles-irriguees\\\/#primaryimage\"},\"thumbnailUrl\":\"https:\\\/\\\/lasentinelle.dz\\\/wp-content\\\/uploads\\\/2025\\\/03\\\/barrage-de-beni-haroun.jpeg\",\"articleSection\":[\"R\u00e9gions\"],\"inLanguage\":\"fr-FR\",\"potentialAction\":[{\"@type\":\"CommentAction\",\"name\":\"Comment\",\"target\":[\"https:\\\/\\\/lasentinelle.dz\\\/index.php\\\/2025\\\/04\\\/10\\\/barrage-de-beni-haroun-mila-feu-vert-a-lextension-des-surfaces-agricoles-irriguees\\\/#respond\"]}]},{\"@type\":\"WebPage\",\"@id\":\"https:\\\/\\\/lasentinelle.dz\\\/index.php\\\/2025\\\/04\\\/10\\\/barrage-de-beni-haroun-mila-feu-vert-a-lextension-des-surfaces-agricoles-irriguees\\\/\",\"url\":\"https:\\\/\\\/lasentinelle.dz\\\/index.php\\\/2025\\\/04\\\/10\\\/barrage-de-beni-haroun-mila-feu-vert-a-lextension-des-surfaces-agricoles-irriguees\\\/\",\"name\":\"Barrage de Beni Haroun (Mila) : Feu vert \u00e0 l\u2019extension des surfaces agricoles irrigu\u00e9es - La Sentinelle\",\"isPartOf\":{\"@id\":\"https:\\\/\\\/lasentinelle.dz\\\/#website\"},\"primaryImageOfPage\":{\"@id\":\"https:\\\/\\\/lasentinelle.dz\\\/index.php\\\/2025\\\/04\\\/10\\\/barrage-de-beni-haroun-mila-feu-vert-a-lextension-des-surfaces-agricoles-irriguees\\\/#primaryimage\"},\"image\":{\"@id\":\"https:\\\/\\\/lasentinelle.dz\\\/index.php\\\/2025\\\/04\\\/10\\\/barrage-de-beni-haroun-mila-feu-vert-a-lextension-des-surfaces-agricoles-irriguees\\\/#primaryimage\"},\"thumbnailUrl\":\"https:\\\/\\\/lasentinelle.dz\\\/wp-content\\\/uploads\\\/2025\\\/03\\\/barrage-de-beni-haroun.jpeg\",\"datePublished\":\"2025-04-10T12:40:10+00:00\",\"dateModified\":\"2025-04-11T12:40:41+00:00\",\"breadcrumb\":{\"@id\":\"https:\\\/\\\/lasentinelle.dz\\\/index.php\\\/2025\\\/04\\\/10\\\/barrage-de-beni-haroun-mila-feu-vert-a-lextension-des-surfaces-agricoles-irriguees\\\/#breadcrumb\"},\"inLanguage\":\"fr-FR\",\"potentialAction\":[{\"@type\":\"ReadAction\",\"target\":[\"https:\\\/\\\/lasentinelle.dz\\\/index.php\\\/2025\\\/04\\\/10\\\/barrage-de-beni-haroun-mila-feu-vert-a-lextension-des-surfaces-agricoles-irriguees\\\/\"]}]},{\"@type\":\"ImageObject\",\"inLanguage\":\"fr-FR\",\"@id\":\"https:\\\/\\\/lasentinelle.dz\\\/index.php\\\/2025\\\/04\\\/10\\\/barrage-de-beni-haroun-mila-feu-vert-a-lextension-des-surfaces-agricoles-irriguees\\\/#primaryimage\",\"url\":\"https:\\\/\\\/lasentinelle.dz\\\/wp-content\\\/uploads\\\/2025\\\/03\\\/barrage-de-beni-haroun.jpeg\",\"contentUrl\":\"https:\\\/\\\/lasentinelle.dz\\\/wp-content\\\/uploads\\\/2025\\\/03\\\/barrage-de-beni-haroun.jpeg\",\"width\":679,\"height\":417},{\"@type\":\"BreadcrumbList\",\"@id\":\"https:\\\/\\\/lasentinelle.dz\\\/index.php\\\/2025\\\/04\\\/10\\\/barrage-de-beni-haroun-mila-feu-vert-a-lextension-des-surfaces-agricoles-irriguees\\\/#breadcrumb\",\"itemListElement\":[{\"@type\":\"ListItem\",\"position\":1,\"name\":\"Accueil\",\"item\":\"https:\\\/\\\/lasentinelle.dz\\\/\"},{\"@type\":\"ListItem\",\"position\":2,\"name\":\"Barrage de Beni Haroun (Mila) : Feu vert \u00e0 l\u2019extension des surfaces agricoles irrigu\u00e9es\"}]},{\"@type\":\"WebSite\",\"@id\":\"https:\\\/\\\/lasentinelle.dz\\\/#website\",\"url\":\"https:\\\/\\\/lasentinelle.dz\\\/\",\"name\":\"La Sentinelle\",\"description\":\"Quotidien national d&#039;information\",\"publisher\":{\"@id\":\"https:\\\/\\\/lasentinelle.dz\\\/#organization\"},\"potentialAction\":[{\"@type\":\"SearchAction\",\"target\":{\"@type\":\"EntryPoint\",\"urlTemplate\":\"https:\\\/\\\/lasentinelle.dz\\\/?s={search_term_string}\"},\"query-input\":{\"@type\":\"PropertyValueSpecification\",\"valueRequired\":true,\"valueName\":\"search_term_string\"}}],\"inLanguage\":\"fr-FR\"},{\"@type\":\"Organization\",\"@id\":\"https:\\\/\\\/lasentinelle.dz\\\/#organization\",\"name\":\"Quotidien La Sentinelle\",\"url\":\"https:\\\/\\\/lasentinelle.dz\\\/\",\"logo\":{\"@type\":\"ImageObject\",\"inLanguage\":\"fr-FR\",\"@id\":\"https:\\\/\\\/lasentinelle.dz\\\/#\\\/schema\\\/logo\\\/image\\\/\",\"url\":\"https:\\\/\\\/lasentinelle.dz\\\/wp-content\\\/uploads\\\/2021\\\/09\\\/logo-sentinelleSLOGAN-1.png\",\"contentUrl\":\"https:\\\/\\\/lasentinelle.dz\\\/wp-content\\\/uploads\\\/2021\\\/09\\\/logo-sentinelleSLOGAN-1.png\",\"width\":615,\"height\":142,\"caption\":\"Quotidien La Sentinelle\"},\"image\":{\"@id\":\"https:\\\/\\\/lasentinelle.dz\\\/#\\\/schema\\\/logo\\\/image\\\/\"},\"sameAs\":[\"https:\\\/\\\/www.facebook.com\\\/La-Sentinelle-104059864394773\"]},{\"@type\":\"Person\",\"@id\":\"https:\\\/\\\/lasentinelle.dz\\\/#\\\/schema\\\/person\\\/729ee0024f24e0b8c5ec17232f8e8b41\",\"name\":\"admin\",\"image\":{\"@type\":\"ImageObject\",\"inLanguage\":\"fr-FR\",\"@id\":\"https:\\\/\\\/secure.gravatar.com\\\/avatar\\\/4c81fed838786e9b53f540bf46533e750f5d292099ae3b66cfc6fb1982e29df7?s=96&d=mm&r=g\",\"url\":\"https:\\\/\\\/secure.gravatar.com\\\/avatar\\\/4c81fed838786e9b53f540bf46533e750f5d292099ae3b66cfc6fb1982e29df7?s=96&d=mm&r=g\",\"contentUrl\":\"https:\\\/\\\/secure.gravatar.com\\\/avatar\\\/4c81fed838786e9b53f540bf46533e750f5d292099ae3b66cfc6fb1982e29df7?s=96&d=mm&r=g\",\"caption\":\"admin\"},\"description\":\"admin\",\"url\":\"https:\\\/\\\/lasentinelle.dz\\\/author\\\/admin\\\/\"}]}<\/script>\n<!-- \/ Yoast SEO plugin. -->","yoast_head_json":{"title":"Barrage de Beni Haroun (Mila) : Feu vert \u00e0 l\u2019extension des surfaces agricoles irrigu\u00e9es - La Sentinelle","robots":{"index":"index","follow":"follow","max-snippet":"max-snippet:-1","max-image-preview":"max-image-preview:large","max-video-preview":"max-video-preview:-1"},"canonical":"https:\/\/lasentinelle.dz\/index.php\/2025\/04\/10\/barrage-de-beni-haroun-mila-feu-vert-a-lextension-des-surfaces-agricoles-irriguees\/","og_locale":"fr_FR","og_type":"article","og_title":"Barrage de Beni Haroun (Mila) : Feu vert \u00e0 l\u2019extension des surfaces agricoles irrigu\u00e9es - La Sentinelle","og_description":"L&rsquo;irrigation agricole constitue un pilier fondamental du d\u00e9veloppement agricole en Alg\u00e9rie, particuli\u00e8rement dans les r\u00e9gions o\u00f9 les ressources hydriques repr\u00e9sentent","og_url":"https:\/\/lasentinelle.dz\/index.php\/2025\/04\/10\/barrage-de-beni-haroun-mila-feu-vert-a-lextension-des-surfaces-agricoles-irriguees\/","og_site_name":"La Sentinelle","article_publisher":"https:\/\/www.facebook.com\/La-Sentinelle-104059864394773","article_published_time":"2025-04-10T12:40:10+00:00","article_modified_time":"2025-04-11T12:40:41+00:00","og_image":[{"width":679,"height":417,"url":"https:\/\/lasentinelle.dz\/wp-content\/uploads\/2025\/03\/barrage-de-beni-haroun.jpeg","type":"image\/jpeg"}],"author":"admin","twitter_card":"summary_large_image","twitter_misc":{"\u00c9crit par":"admin","Dur\u00e9e de lecture estim\u00e9e":"4 minutes"},"schema":{"@context":"https:\/\/schema.org","@graph":[{"@type":"Article","@id":"https:\/\/lasentinelle.dz\/index.php\/2025\/04\/10\/barrage-de-beni-haroun-mila-feu-vert-a-lextension-des-surfaces-agricoles-irriguees\/#article","isPartOf":{"@id":"https:\/\/lasentinelle.dz\/index.php\/2025\/04\/10\/barrage-de-beni-haroun-mila-feu-vert-a-lextension-des-surfaces-agricoles-irriguees\/"},"author":{"name":"admin","@id":"https:\/\/lasentinelle.dz\/#\/schema\/person\/729ee0024f24e0b8c5ec17232f8e8b41"},"headline":"Barrage de Beni Haroun (Mila) : Feu vert \u00e0 l\u2019extension des surfaces agricoles irrigu\u00e9es","datePublished":"2025-04-10T12:40:10+00:00","dateModified":"2025-04-11T12:40:41+00:00","mainEntityOfPage":{"@id":"https:\/\/lasentinelle.dz\/index.php\/2025\/04\/10\/barrage-de-beni-haroun-mila-feu-vert-a-lextension-des-surfaces-agricoles-irriguees\/"},"wordCount":686,"commentCount":0,"publisher":{"@id":"https:\/\/lasentinelle.dz\/#organization"},"image":{"@id":"https:\/\/lasentinelle.dz\/index.php\/2025\/04\/10\/barrage-de-beni-haroun-mila-feu-vert-a-lextension-des-surfaces-agricoles-irriguees\/#primaryimage"},"thumbnailUrl":"https:\/\/lasentinelle.dz\/wp-content\/uploads\/2025\/03\/barrage-de-beni-haroun.jpeg","articleSection":["R\u00e9gions"],"inLanguage":"fr-FR","potentialAction":[{"@type":"CommentAction","name":"Comment","target":["https:\/\/lasentinelle.dz\/index.php\/2025\/04\/10\/barrage-de-beni-haroun-mila-feu-vert-a-lextension-des-surfaces-agricoles-irriguees\/#respond"]}]},{"@type":"WebPage","@id":"https:\/\/lasentinelle.dz\/index.php\/2025\/04\/10\/barrage-de-beni-haroun-mila-feu-vert-a-lextension-des-surfaces-agricoles-irriguees\/","url":"https:\/\/lasentinelle.dz\/index.php\/2025\/04\/10\/barrage-de-beni-haroun-mila-feu-vert-a-lextension-des-surfaces-agricoles-irriguees\/","name":"Barrage de Beni Haroun (Mila) : Feu vert \u00e0 l\u2019extension des surfaces agricoles irrigu\u00e9es - La Sentinelle","isPartOf":{"@id":"https:\/\/lasentinelle.dz\/#website"},"primaryImageOfPage":{"@id":"https:\/\/lasentinelle.dz\/index.php\/2025\/04\/10\/barrage-de-beni-haroun-mila-feu-vert-a-lextension-des-surfaces-agricoles-irriguees\/#primaryimage"},"image":{"@id":"https:\/\/lasentinelle.dz\/index.php\/2025\/04\/10\/barrage-de-beni-haroun-mila-feu-vert-a-lextension-des-surfaces-agricoles-irriguees\/#primaryimage"},"thumbnailUrl":"https:\/\/lasentinelle.dz\/wp-content\/uploads\/2025\/03\/barrage-de-beni-haroun.jpeg","datePublished":"2025-04-10T12:40:10+00:00","dateModified":"2025-04-11T12:40:41+00:00","breadcrumb":{"@id":"https:\/\/lasentinelle.dz\/index.php\/2025\/04\/10\/barrage-de-beni-haroun-mila-feu-vert-a-lextension-des-surfaces-agricoles-irriguees\/#breadcrumb"},"inLanguage":"fr-FR","potentialAction":[{"@type":"ReadAction","target":["https:\/\/lasentinelle.dz\/index.php\/2025\/04\/10\/barrage-de-beni-haroun-mila-feu-vert-a-lextension-des-surfaces-agricoles-irriguees\/"]}]},{"@type":"ImageObject","inLanguage":"fr-FR","@id":"https:\/\/lasentinelle.dz\/index.php\/2025\/04\/10\/barrage-de-beni-haroun-mila-feu-vert-a-lextension-des-surfaces-agricoles-irriguees\/#primaryimage","url":"https:\/\/lasentinelle.dz\/wp-content\/uploads\/2025\/03\/barrage-de-beni-haroun.jpeg","contentUrl":"https:\/\/lasentinelle.dz\/wp-content\/uploads\/2025\/03\/barrage-de-beni-haroun.jpeg","width":679,"height":417},{"@type":"BreadcrumbList","@id":"https:\/\/lasentinelle.dz\/index.php\/2025\/04\/10\/barrage-de-beni-haroun-mila-feu-vert-a-lextension-des-surfaces-agricoles-irriguees\/#breadcrumb","itemListElement":[{"@type":"ListItem","position":1,"name":"Accueil","item":"https:\/\/lasentinelle.dz\/"},{"@type":"ListItem","position":2,"name":"Barrage de Beni Haroun (Mila) : Feu vert \u00e0 l\u2019extension des surfaces agricoles irrigu\u00e9es"}]},{"@type":"WebSite","@id":"https:\/\/lasentinelle.dz\/#website","url":"https:\/\/lasentinelle.dz\/","name":"La Sentinelle","description":"Quotidien national d&#039;information","publisher":{"@id":"https:\/\/lasentinelle.dz\/#organization"},"potentialAction":[{"@type":"SearchAction","target":{"@type":"EntryPoint","urlTemplate":"https:\/\/lasentinelle.dz\/?s={search_term_string}"},"query-input":{"@type":"PropertyValueSpecification","valueRequired":true,"valueName":"search_term_string"}}],"inLanguage":"fr-FR"},{"@type":"Organization","@id":"https:\/\/lasentinelle.dz\/#organization","name":"Quotidien La Sentinelle","url":"https:\/\/lasentinelle.dz\/","logo":{"@type":"ImageObject","inLanguage":"fr-FR","@id":"https:\/\/lasentinelle.dz\/#\/schema\/logo\/image\/","url":"https:\/\/lasentinelle.dz\/wp-content\/uploads\/2021\/09\/logo-sentinelleSLOGAN-1.png","contentUrl":"https:\/\/lasentinelle.dz\/wp-content\/uploads\/2021\/09\/logo-sentinelleSLOGAN-1.png","width":615,"height":142,"caption":"Quotidien La Sentinelle"},"image":{"@id":"https:\/\/lasentinelle.dz\/#\/schema\/logo\/image\/"},"sameAs":["https:\/\/www.facebook.com\/La-Sentinelle-104059864394773"]},{"@type":"Person","@id":"https:\/\/lasentinelle.dz\/#\/schema\/person\/729ee0024f24e0b8c5ec17232f8e8b41","name":"admin","image":{"@type":"ImageObject","inLanguage":"fr-FR","@id":"https:\/\/secure.gravatar.com\/avatar\/4c81fed838786e9b53f540bf46533e750f5d292099ae3b66cfc6fb1982e29df7?s=96&d=mm&r=g","url":"https:\/\/secure.gravatar.com\/avatar\/4c81fed838786e9b53f540bf46533e750f5d292099ae3b66cfc6fb1982e29df7?s=96&d=mm&r=g","contentUrl":"https:\/\/secure.gravatar.com\/avatar\/4c81fed838786e9b53f540bf46533e750f5d292099ae3b66cfc6fb1982e29df7?s=96&d=mm&r=g","caption":"admin"},"description":"admin","url":"https:\/\/lasentinelle.dz\/author\/admin\/"}]}},"_links":{"self":[{"href":"https:\/\/lasentinelle.dz\/index.php\/wp-json\/wp\/v2\/posts\/65402","targetHints":{"allow":["GET"]}}],"collection":[{"href":"https:\/\/lasentinelle.dz\/index.php\/wp-json\/wp\/v2\/posts"}],"about":[{"href":"https:\/\/lasentinelle.dz\/index.php\/wp-json\/wp\/v2\/types\/post"}],"author":[{"embeddable":true,"href":"https:\/\/lasentinelle.dz\/index.php\/wp-json\/wp\/v2\/users\/6"}],"replies":[{"embeddable":true,"href":"https:\/\/lasentinelle.dz\/index.php\/wp-json\/wp\/v2\/comments?post=65402"}],"version-history":[{"count":1,"href":"https:\/\/lasentinelle.dz\/index.php\/wp-json\/wp\/v2\/posts\/65402\/revisions"}],"predecessor-version":[{"id":65403,"href":"https:\/\/lasentinelle.dz\/index.php\/wp-json\/wp\/v2\/posts\/65402\/revisions\/65403"}],"wp:featuredmedia":[{"embeddable":true,"href":"https:\/\/lasentinelle.dz\/index.php\/wp-json\/wp\/v2\/media\/63714"}],"wp:attachment":[{"href":"https:\/\/lasentinelle.dz\/index.php\/wp-json\/wp\/v2\/media?parent=65402"}],"wp:term":[{"taxonomy":"category","embeddable":true,"href":"https:\/\/lasentinelle.dz\/index.php\/wp-json\/wp\/v2\/categories?post=65402"},{"taxonomy":"post_tag","embeddable":true,"href":"https:\/\/lasentinelle.dz\/index.php\/wp-json\/wp\/v2\/tags?post=65402"}],"curies":[{"name":"wp","href":"https:\/\/api.w.org\/{rel}","templated":true}]}}