{"id":65418,"date":"2025-04-10T13:50:45","date_gmt":"2025-04-10T12:50:45","guid":{"rendered":"https:\/\/lasentinelle.dz\/?p=65418"},"modified":"2025-04-11T13:51:14","modified_gmt":"2025-04-11T12:51:14","slug":"proces-en-appel-de-laffaire-mobilis-les-10-mis-en-causes-devant-la-justice","status":"publish","type":"post","link":"https:\/\/lasentinelle.dz\/index.php\/2025\/04\/10\/proces-en-appel-de-laffaire-mobilis-les-10-mis-en-causes-devant-la-justice\/","title":{"rendered":"Proc\u00e8s en appel de l\u2019affaire Mobilis: Les 10 mis en causes devant la justice"},"content":{"rendered":"\n<p>Le proc\u00e8s de l&rsquo;affaire de corruption qui a entach\u00e9 l\u2019entreprise publique de t\u00e9l\u00e9communication, ATM Mobilis s&rsquo;ouvre aujourd&rsquo;hui \u00e0 la Cour d&rsquo;Alger, apprend-on de source judiciaire. 10 pr\u00e9venus sont impliqu\u00e9s dans ce scandale de corruption, dont entre autres cadres sup\u00e9rieurs (H.A), ancien pr\u00e9sident directeur g\u00e9n\u00e9ral (PDG) de l\u2019op\u00e9rateur Mobilis, l\u2019ex-chef du d\u00e9partement r\u00e9seau et services, un ancien employ\u00e9 de l\u2019entreprise qui occupait le poste de pr\u00e9sident de la commission des march\u00e9s (A.H), et un g\u00e9rant de la Sarl \u00ab\u00a0Data Mena\u00a0\u00bb. Ces derniers ont \u00e9t\u00e9 reconnus coupables en premi\u00e8re instance pour des accusations li\u00e9es \u00e0 des transactions frauduleuses avec un consortium alg\u00e9ro-\u00e9tranger, d\u00e9tournement d\u00e9lib\u00e9r\u00e9 de fonds publics, blanchiment d\u2019argent issus de la corruption, trafic d\u2019influence et conflit d\u2019int\u00e9r\u00eats, en plus du transfert de biens issus d\u2019activit\u00e9s criminelles. \u00c0 cela s\u2019ajoutent incitation d&rsquo;agents publics \u00e0 l&rsquo;octroi d\u2019indus avantages, la complicit\u00e9 dans la dilapidation de deniers publics, tirer avantage de l\u2019influence des agents de l\u2019entreprise publique, pour b\u00e9n\u00e9ficier d\u2019indus avantages, entre autres chefs d\u2019accusation retenus \u00e0 l&rsquo;encontre des pr\u00e9venus, dont les agissements ont occasionn\u00e9 \u00e0 ATM Mobilis un pr\u00e9judice de 1.000 Milliards de dinars. Rappelons que des peines 12 \u00e0 3 ans de prison ferme ont d\u00e9j\u00e0 \u00e9t\u00e9 prononc\u00e9es en f\u00e9vrier dernier par le p\u00f4le p\u00e9nal \u00e9conomique et financier du tribunal de Sidi M\u2019hamed, tandis qu\u2019un mandat d\u2019arr\u00eat international a \u00e9t\u00e9 \u00e9mis \u00e0 l\u2019encontre du dirigeant du consortium chinois qui a \u00e9t\u00e9 condamn\u00e9 par contumace \u00e0 12 ans de prison ferme, assortie d\u2019une amende de 332 millions de DA, \u00e0 verser \u00e0 Mobilis qui s\u2019\u00e9tait constitu\u00e9e partie civile. Quant \u00e0 l\u2019ancien PDG et aux 3 cadres de l\u2019entreprise publique, ils ont \u00e9t\u00e9 acquitt\u00e9s. En attendant le verdict en appel, il est utile de rappeler que l\u2019affaire remonte \u00e0 2019, lorsque les mis en causes ont \u00e9t\u00e9 pour certains plac\u00e9s en d\u00e9tention provisoire et d\u2019autres sous contr\u00f4le judiciaire, au titre d\u2019une information judiciaire engag\u00e9e par le Parquet pr\u00e8s le p\u00f4le p\u00e9nal national \u00e9conomique et financier de Sidi M\u2019Hamed. Rappelons- \u00e9galement , qu\u2019 en octobre 2021, le p\u00f4le p\u00e9nal sp\u00e9cialis\u00e9 dans la lutte contre les crimes financiers et \u00e9conomiques pr\u00e8s le tribunal de Sidi M\u2019hamed avait condamn\u00e9, l\u2019ancienne ministre de la Poste et des t\u00e9l\u00e9communications, Imane Houda Feraoun, \u00e0 3 ans de prison ferme, assortis d\u2019une amende de 500.000 DA. Par ailleurs, et selon la m\u00eame source, s\u2019ouvre \u00e9galement aujourd\u2019hui, jeudi, au tribunal de Sidi M\u2019hamed le proc\u00e8s de Khalida Toumi, ancienne ministre de la Culture, impliqu\u00e9e dans une nouvelle affaire de corruption. Elle est poursuivie avec plusieurs anciens responsables de son minist\u00e8re pour malversations financi\u00e8res li\u00e9es \u00e0 des contrats suspects. Il est \u00e0 noter que ce n\u2019est pas la premi\u00e8re fois que Khalida Toumi fait face \u00e0 la justice. En 2019, elle avait d\u00e9j\u00e0 \u00e9t\u00e9 condamn\u00e9e \u00e0 4 ans de prison, dont deux ans et demi ferme, pour mauvaise gestion, octroi d\u2019avantages injustifi\u00e9s et d\u00e9tournement de deniers publics lors de l\u2019organisation d\u2019\u00e9v\u00e9nements culturels.<\/p>\n\n\n\n<p><strong>Sofia Chahine<\/strong><\/p>\n","protected":false},"excerpt":{"rendered":"<p>Le proc\u00e8s de l&rsquo;affaire de corruption qui a entach\u00e9 l\u2019entreprise publique de t\u00e9l\u00e9communication, ATM Mobilis s&rsquo;ouvre aujourd&rsquo;hui \u00e0 la Cour<\/p>\n","protected":false},"author":6,"featured_media":54967,"comment_status":"open","ping_status":"closed","sticky":false,"template":"","format":"standard","meta":{"colormag_page_container_layout":"default_layout","colormag_page_sidebar_layout":"default_layout","om_disable_all_campaigns":false,"_monsterinsights_skip_tracking":false,"_monsterinsights_sitenote_active":false,"_monsterinsights_sitenote_note":"","_monsterinsights_sitenote_category":0,"footnotes":"","_wpscppro_dont_share_socialmedia":false,"_wpscppro_custom_social_share_image":0,"_facebook_share_type":"default","_twitter_share_type":"default","_linkedin_share_type":"default","_pinterest_share_type":"default","_linkedin_share_type_page":"","_instagram_share_type":"default","_medium_share_type":"default","_threads_share_type":"","_google_business_share_type":"","_selected_social_profile":[],"_wpsp_enable_custom_social_template":false,"_wpsp_social_scheduling":{"enabled":false,"datetime":null,"platforms":[],"status":"template_only","dateOption":"today","timeOption":"now","customDays":"","customHours":"","customDate":"","customTime":"","schedulingType":"absolute"},"_wpsp_active_default_template":true},"categories":[27],"tags":[],"class_list":["post-65418","post","type-post","status-publish","format-standard","has-post-thumbnail","hentry","category-actualite"],"aioseo_notices":[],"yoast_head":"<!-- This site is optimized with the Yoast SEO plugin v27.5 - https:\/\/yoast.com\/product\/yoast-seo-wordpress\/ -->\n<title>Proc\u00e8s en appel de l\u2019affaire Mobilis: Les 10 mis en causes devant la justice - La Sentinelle<\/title>\n<meta name=\"robots\" content=\"index, follow, max-snippet:-1, max-image-preview:large, max-video-preview:-1\" \/>\n<link rel=\"canonical\" href=\"https:\/\/lasentinelle.dz\/index.php\/2025\/04\/10\/proces-en-appel-de-laffaire-mobilis-les-10-mis-en-causes-devant-la-justice\/\" \/>\n<meta property=\"og:locale\" content=\"fr_FR\" \/>\n<meta property=\"og:type\" content=\"article\" \/>\n<meta property=\"og:title\" content=\"Proc\u00e8s en appel de l\u2019affaire Mobilis: Les 10 mis en causes devant la justice - La Sentinelle\" \/>\n<meta property=\"og:description\" content=\"Le proc\u00e8s de l&rsquo;affaire de corruption qui a entach\u00e9 l\u2019entreprise publique de t\u00e9l\u00e9communication, ATM Mobilis s&rsquo;ouvre aujourd&rsquo;hui \u00e0 la Cour\" \/>\n<meta property=\"og:url\" content=\"https:\/\/lasentinelle.dz\/index.php\/2025\/04\/10\/proces-en-appel-de-laffaire-mobilis-les-10-mis-en-causes-devant-la-justice\/\" \/>\n<meta property=\"og:site_name\" content=\"La Sentinelle\" \/>\n<meta property=\"article:publisher\" content=\"https:\/\/www.facebook.com\/La-Sentinelle-104059864394773\" \/>\n<meta property=\"article:published_time\" content=\"2025-04-10T12:50:45+00:00\" \/>\n<meta property=\"article:modified_time\" content=\"2025-04-11T12:51:14+00:00\" \/>\n<meta property=\"og:image\" content=\"https:\/\/lasentinelle.dz\/wp-content\/uploads\/2024\/07\/justice.jpg\" \/>\n\t<meta property=\"og:image:width\" content=\"1023\" \/>\n\t<meta property=\"og:image:height\" content=\"583\" \/>\n\t<meta property=\"og:image:type\" content=\"image\/jpeg\" \/>\n<meta name=\"author\" content=\"admin\" \/>\n<meta name=\"twitter:card\" content=\"summary_large_image\" \/>\n<meta name=\"twitter:label1\" content=\"\u00c9crit par\" \/>\n\t<meta name=\"twitter:data1\" content=\"admin\" \/>\n\t<meta name=\"twitter:label2\" content=\"Dur\u00e9e de lecture estim\u00e9e\" \/>\n\t<meta name=\"twitter:data2\" content=\"3 minutes\" \/>\n<script type=\"application\/ld+json\" class=\"yoast-schema-graph\">{\"@context\":\"https:\\\/\\\/schema.org\",\"@graph\":[{\"@type\":\"Article\",\"@id\":\"https:\\\/\\\/lasentinelle.dz\\\/index.php\\\/2025\\\/04\\\/10\\\/proces-en-appel-de-laffaire-mobilis-les-10-mis-en-causes-devant-la-justice\\\/#article\",\"isPartOf\":{\"@id\":\"https:\\\/\\\/lasentinelle.dz\\\/index.php\\\/2025\\\/04\\\/10\\\/proces-en-appel-de-laffaire-mobilis-les-10-mis-en-causes-devant-la-justice\\\/\"},\"author\":{\"name\":\"admin\",\"@id\":\"https:\\\/\\\/lasentinelle.dz\\\/#\\\/schema\\\/person\\\/729ee0024f24e0b8c5ec17232f8e8b41\"},\"headline\":\"Proc\u00e8s en appel de l\u2019affaire Mobilis: Les 10 mis en causes devant la justice\",\"datePublished\":\"2025-04-10T12:50:45+00:00\",\"dateModified\":\"2025-04-11T12:51:14+00:00\",\"mainEntityOfPage\":{\"@id\":\"https:\\\/\\\/lasentinelle.dz\\\/index.php\\\/2025\\\/04\\\/10\\\/proces-en-appel-de-laffaire-mobilis-les-10-mis-en-causes-devant-la-justice\\\/\"},\"wordCount\":570,\"commentCount\":0,\"publisher\":{\"@id\":\"https:\\\/\\\/lasentinelle.dz\\\/#organization\"},\"image\":{\"@id\":\"https:\\\/\\\/lasentinelle.dz\\\/index.php\\\/2025\\\/04\\\/10\\\/proces-en-appel-de-laffaire-mobilis-les-10-mis-en-causes-devant-la-justice\\\/#primaryimage\"},\"thumbnailUrl\":\"https:\\\/\\\/lasentinelle.dz\\\/wp-content\\\/uploads\\\/2024\\\/07\\\/justice.jpg\",\"articleSection\":[\"Actualit\u00e9\"],\"inLanguage\":\"fr-FR\",\"potentialAction\":[{\"@type\":\"CommentAction\",\"name\":\"Comment\",\"target\":[\"https:\\\/\\\/lasentinelle.dz\\\/index.php\\\/2025\\\/04\\\/10\\\/proces-en-appel-de-laffaire-mobilis-les-10-mis-en-causes-devant-la-justice\\\/#respond\"]}]},{\"@type\":\"WebPage\",\"@id\":\"https:\\\/\\\/lasentinelle.dz\\\/index.php\\\/2025\\\/04\\\/10\\\/proces-en-appel-de-laffaire-mobilis-les-10-mis-en-causes-devant-la-justice\\\/\",\"url\":\"https:\\\/\\\/lasentinelle.dz\\\/index.php\\\/2025\\\/04\\\/10\\\/proces-en-appel-de-laffaire-mobilis-les-10-mis-en-causes-devant-la-justice\\\/\",\"name\":\"Proc\u00e8s en appel de l\u2019affaire Mobilis: Les 10 mis en causes devant la justice - La Sentinelle\",\"isPartOf\":{\"@id\":\"https:\\\/\\\/lasentinelle.dz\\\/#website\"},\"primaryImageOfPage\":{\"@id\":\"https:\\\/\\\/lasentinelle.dz\\\/index.php\\\/2025\\\/04\\\/10\\\/proces-en-appel-de-laffaire-mobilis-les-10-mis-en-causes-devant-la-justice\\\/#primaryimage\"},\"image\":{\"@id\":\"https:\\\/\\\/lasentinelle.dz\\\/index.php\\\/2025\\\/04\\\/10\\\/proces-en-appel-de-laffaire-mobilis-les-10-mis-en-causes-devant-la-justice\\\/#primaryimage\"},\"thumbnailUrl\":\"https:\\\/\\\/lasentinelle.dz\\\/wp-content\\\/uploads\\\/2024\\\/07\\\/justice.jpg\",\"datePublished\":\"2025-04-10T12:50:45+00:00\",\"dateModified\":\"2025-04-11T12:51:14+00:00\",\"breadcrumb\":{\"@id\":\"https:\\\/\\\/lasentinelle.dz\\\/index.php\\\/2025\\\/04\\\/10\\\/proces-en-appel-de-laffaire-mobilis-les-10-mis-en-causes-devant-la-justice\\\/#breadcrumb\"},\"inLanguage\":\"fr-FR\",\"potentialAction\":[{\"@type\":\"ReadAction\",\"target\":[\"https:\\\/\\\/lasentinelle.dz\\\/index.php\\\/2025\\\/04\\\/10\\\/proces-en-appel-de-laffaire-mobilis-les-10-mis-en-causes-devant-la-justice\\\/\"]}]},{\"@type\":\"ImageObject\",\"inLanguage\":\"fr-FR\",\"@id\":\"https:\\\/\\\/lasentinelle.dz\\\/index.php\\\/2025\\\/04\\\/10\\\/proces-en-appel-de-laffaire-mobilis-les-10-mis-en-causes-devant-la-justice\\\/#primaryimage\",\"url\":\"https:\\\/\\\/lasentinelle.dz\\\/wp-content\\\/uploads\\\/2024\\\/07\\\/justice.jpg\",\"contentUrl\":\"https:\\\/\\\/lasentinelle.dz\\\/wp-content\\\/uploads\\\/2024\\\/07\\\/justice.jpg\",\"width\":1023,\"height\":583},{\"@type\":\"BreadcrumbList\",\"@id\":\"https:\\\/\\\/lasentinelle.dz\\\/index.php\\\/2025\\\/04\\\/10\\\/proces-en-appel-de-laffaire-mobilis-les-10-mis-en-causes-devant-la-justice\\\/#breadcrumb\",\"itemListElement\":[{\"@type\":\"ListItem\",\"position\":1,\"name\":\"Accueil\",\"item\":\"https:\\\/\\\/lasentinelle.dz\\\/\"},{\"@type\":\"ListItem\",\"position\":2,\"name\":\"Proc\u00e8s en appel de l\u2019affaire Mobilis: Les 10 mis en causes devant la justice\"}]},{\"@type\":\"WebSite\",\"@id\":\"https:\\\/\\\/lasentinelle.dz\\\/#website\",\"url\":\"https:\\\/\\\/lasentinelle.dz\\\/\",\"name\":\"La Sentinelle\",\"description\":\"Quotidien national d&#039;information\",\"publisher\":{\"@id\":\"https:\\\/\\\/lasentinelle.dz\\\/#organization\"},\"potentialAction\":[{\"@type\":\"SearchAction\",\"target\":{\"@type\":\"EntryPoint\",\"urlTemplate\":\"https:\\\/\\\/lasentinelle.dz\\\/?s={search_term_string}\"},\"query-input\":{\"@type\":\"PropertyValueSpecification\",\"valueRequired\":true,\"valueName\":\"search_term_string\"}}],\"inLanguage\":\"fr-FR\"},{\"@type\":\"Organization\",\"@id\":\"https:\\\/\\\/lasentinelle.dz\\\/#organization\",\"name\":\"Quotidien La Sentinelle\",\"url\":\"https:\\\/\\\/lasentinelle.dz\\\/\",\"logo\":{\"@type\":\"ImageObject\",\"inLanguage\":\"fr-FR\",\"@id\":\"https:\\\/\\\/lasentinelle.dz\\\/#\\\/schema\\\/logo\\\/image\\\/\",\"url\":\"https:\\\/\\\/lasentinelle.dz\\\/wp-content\\\/uploads\\\/2021\\\/09\\\/logo-sentinelleSLOGAN-1.png\",\"contentUrl\":\"https:\\\/\\\/lasentinelle.dz\\\/wp-content\\\/uploads\\\/2021\\\/09\\\/logo-sentinelleSLOGAN-1.png\",\"width\":615,\"height\":142,\"caption\":\"Quotidien La Sentinelle\"},\"image\":{\"@id\":\"https:\\\/\\\/lasentinelle.dz\\\/#\\\/schema\\\/logo\\\/image\\\/\"},\"sameAs\":[\"https:\\\/\\\/www.facebook.com\\\/La-Sentinelle-104059864394773\"]},{\"@type\":\"Person\",\"@id\":\"https:\\\/\\\/lasentinelle.dz\\\/#\\\/schema\\\/person\\\/729ee0024f24e0b8c5ec17232f8e8b41\",\"name\":\"admin\",\"image\":{\"@type\":\"ImageObject\",\"inLanguage\":\"fr-FR\",\"@id\":\"https:\\\/\\\/secure.gravatar.com\\\/avatar\\\/4c81fed838786e9b53f540bf46533e750f5d292099ae3b66cfc6fb1982e29df7?s=96&d=mm&r=g\",\"url\":\"https:\\\/\\\/secure.gravatar.com\\\/avatar\\\/4c81fed838786e9b53f540bf46533e750f5d292099ae3b66cfc6fb1982e29df7?s=96&d=mm&r=g\",\"contentUrl\":\"https:\\\/\\\/secure.gravatar.com\\\/avatar\\\/4c81fed838786e9b53f540bf46533e750f5d292099ae3b66cfc6fb1982e29df7?s=96&d=mm&r=g\",\"caption\":\"admin\"},\"description\":\"admin\",\"url\":\"https:\\\/\\\/lasentinelle.dz\\\/author\\\/admin\\\/\"}]}<\/script>\n<!-- \/ Yoast SEO plugin. -->","yoast_head_json":{"title":"Proc\u00e8s en appel de l\u2019affaire Mobilis: Les 10 mis en causes devant la justice - La Sentinelle","robots":{"index":"index","follow":"follow","max-snippet":"max-snippet:-1","max-image-preview":"max-image-preview:large","max-video-preview":"max-video-preview:-1"},"canonical":"https:\/\/lasentinelle.dz\/index.php\/2025\/04\/10\/proces-en-appel-de-laffaire-mobilis-les-10-mis-en-causes-devant-la-justice\/","og_locale":"fr_FR","og_type":"article","og_title":"Proc\u00e8s en appel de l\u2019affaire Mobilis: Les 10 mis en causes devant la justice - La Sentinelle","og_description":"Le proc\u00e8s de l&rsquo;affaire de corruption qui a entach\u00e9 l\u2019entreprise publique de t\u00e9l\u00e9communication, ATM Mobilis s&rsquo;ouvre aujourd&rsquo;hui \u00e0 la Cour","og_url":"https:\/\/lasentinelle.dz\/index.php\/2025\/04\/10\/proces-en-appel-de-laffaire-mobilis-les-10-mis-en-causes-devant-la-justice\/","og_site_name":"La Sentinelle","article_publisher":"https:\/\/www.facebook.com\/La-Sentinelle-104059864394773","article_published_time":"2025-04-10T12:50:45+00:00","article_modified_time":"2025-04-11T12:51:14+00:00","og_image":[{"width":1023,"height":583,"url":"https:\/\/lasentinelle.dz\/wp-content\/uploads\/2024\/07\/justice.jpg","type":"image\/jpeg"}],"author":"admin","twitter_card":"summary_large_image","twitter_misc":{"\u00c9crit par":"admin","Dur\u00e9e de lecture estim\u00e9e":"3 minutes"},"schema":{"@context":"https:\/\/schema.org","@graph":[{"@type":"Article","@id":"https:\/\/lasentinelle.dz\/index.php\/2025\/04\/10\/proces-en-appel-de-laffaire-mobilis-les-10-mis-en-causes-devant-la-justice\/#article","isPartOf":{"@id":"https:\/\/lasentinelle.dz\/index.php\/2025\/04\/10\/proces-en-appel-de-laffaire-mobilis-les-10-mis-en-causes-devant-la-justice\/"},"author":{"name":"admin","@id":"https:\/\/lasentinelle.dz\/#\/schema\/person\/729ee0024f24e0b8c5ec17232f8e8b41"},"headline":"Proc\u00e8s en appel de l\u2019affaire Mobilis: Les 10 mis en causes devant la justice","datePublished":"2025-04-10T12:50:45+00:00","dateModified":"2025-04-11T12:51:14+00:00","mainEntityOfPage":{"@id":"https:\/\/lasentinelle.dz\/index.php\/2025\/04\/10\/proces-en-appel-de-laffaire-mobilis-les-10-mis-en-causes-devant-la-justice\/"},"wordCount":570,"commentCount":0,"publisher":{"@id":"https:\/\/lasentinelle.dz\/#organization"},"image":{"@id":"https:\/\/lasentinelle.dz\/index.php\/2025\/04\/10\/proces-en-appel-de-laffaire-mobilis-les-10-mis-en-causes-devant-la-justice\/#primaryimage"},"thumbnailUrl":"https:\/\/lasentinelle.dz\/wp-content\/uploads\/2024\/07\/justice.jpg","articleSection":["Actualit\u00e9"],"inLanguage":"fr-FR","potentialAction":[{"@type":"CommentAction","name":"Comment","target":["https:\/\/lasentinelle.dz\/index.php\/2025\/04\/10\/proces-en-appel-de-laffaire-mobilis-les-10-mis-en-causes-devant-la-justice\/#respond"]}]},{"@type":"WebPage","@id":"https:\/\/lasentinelle.dz\/index.php\/2025\/04\/10\/proces-en-appel-de-laffaire-mobilis-les-10-mis-en-causes-devant-la-justice\/","url":"https:\/\/lasentinelle.dz\/index.php\/2025\/04\/10\/proces-en-appel-de-laffaire-mobilis-les-10-mis-en-causes-devant-la-justice\/","name":"Proc\u00e8s en appel de l\u2019affaire Mobilis: Les 10 mis en causes devant la justice - La Sentinelle","isPartOf":{"@id":"https:\/\/lasentinelle.dz\/#website"},"primaryImageOfPage":{"@id":"https:\/\/lasentinelle.dz\/index.php\/2025\/04\/10\/proces-en-appel-de-laffaire-mobilis-les-10-mis-en-causes-devant-la-justice\/#primaryimage"},"image":{"@id":"https:\/\/lasentinelle.dz\/index.php\/2025\/04\/10\/proces-en-appel-de-laffaire-mobilis-les-10-mis-en-causes-devant-la-justice\/#primaryimage"},"thumbnailUrl":"https:\/\/lasentinelle.dz\/wp-content\/uploads\/2024\/07\/justice.jpg","datePublished":"2025-04-10T12:50:45+00:00","dateModified":"2025-04-11T12:51:14+00:00","breadcrumb":{"@id":"https:\/\/lasentinelle.dz\/index.php\/2025\/04\/10\/proces-en-appel-de-laffaire-mobilis-les-10-mis-en-causes-devant-la-justice\/#breadcrumb"},"inLanguage":"fr-FR","potentialAction":[{"@type":"ReadAction","target":["https:\/\/lasentinelle.dz\/index.php\/2025\/04\/10\/proces-en-appel-de-laffaire-mobilis-les-10-mis-en-causes-devant-la-justice\/"]}]},{"@type":"ImageObject","inLanguage":"fr-FR","@id":"https:\/\/lasentinelle.dz\/index.php\/2025\/04\/10\/proces-en-appel-de-laffaire-mobilis-les-10-mis-en-causes-devant-la-justice\/#primaryimage","url":"https:\/\/lasentinelle.dz\/wp-content\/uploads\/2024\/07\/justice.jpg","contentUrl":"https:\/\/lasentinelle.dz\/wp-content\/uploads\/2024\/07\/justice.jpg","width":1023,"height":583},{"@type":"BreadcrumbList","@id":"https:\/\/lasentinelle.dz\/index.php\/2025\/04\/10\/proces-en-appel-de-laffaire-mobilis-les-10-mis-en-causes-devant-la-justice\/#breadcrumb","itemListElement":[{"@type":"ListItem","position":1,"name":"Accueil","item":"https:\/\/lasentinelle.dz\/"},{"@type":"ListItem","position":2,"name":"Proc\u00e8s en appel de l\u2019affaire Mobilis: Les 10 mis en causes devant la justice"}]},{"@type":"WebSite","@id":"https:\/\/lasentinelle.dz\/#website","url":"https:\/\/lasentinelle.dz\/","name":"La Sentinelle","description":"Quotidien national d&#039;information","publisher":{"@id":"https:\/\/lasentinelle.dz\/#organization"},"potentialAction":[{"@type":"SearchAction","target":{"@type":"EntryPoint","urlTemplate":"https:\/\/lasentinelle.dz\/?s={search_term_string}"},"query-input":{"@type":"PropertyValueSpecification","valueRequired":true,"valueName":"search_term_string"}}],"inLanguage":"fr-FR"},{"@type":"Organization","@id":"https:\/\/lasentinelle.dz\/#organization","name":"Quotidien La Sentinelle","url":"https:\/\/lasentinelle.dz\/","logo":{"@type":"ImageObject","inLanguage":"fr-FR","@id":"https:\/\/lasentinelle.dz\/#\/schema\/logo\/image\/","url":"https:\/\/lasentinelle.dz\/wp-content\/uploads\/2021\/09\/logo-sentinelleSLOGAN-1.png","contentUrl":"https:\/\/lasentinelle.dz\/wp-content\/uploads\/2021\/09\/logo-sentinelleSLOGAN-1.png","width":615,"height":142,"caption":"Quotidien La Sentinelle"},"image":{"@id":"https:\/\/lasentinelle.dz\/#\/schema\/logo\/image\/"},"sameAs":["https:\/\/www.facebook.com\/La-Sentinelle-104059864394773"]},{"@type":"Person","@id":"https:\/\/lasentinelle.dz\/#\/schema\/person\/729ee0024f24e0b8c5ec17232f8e8b41","name":"admin","image":{"@type":"ImageObject","inLanguage":"fr-FR","@id":"https:\/\/secure.gravatar.com\/avatar\/4c81fed838786e9b53f540bf46533e750f5d292099ae3b66cfc6fb1982e29df7?s=96&d=mm&r=g","url":"https:\/\/secure.gravatar.com\/avatar\/4c81fed838786e9b53f540bf46533e750f5d292099ae3b66cfc6fb1982e29df7?s=96&d=mm&r=g","contentUrl":"https:\/\/secure.gravatar.com\/avatar\/4c81fed838786e9b53f540bf46533e750f5d292099ae3b66cfc6fb1982e29df7?s=96&d=mm&r=g","caption":"admin"},"description":"admin","url":"https:\/\/lasentinelle.dz\/author\/admin\/"}]}},"_links":{"self":[{"href":"https:\/\/lasentinelle.dz\/index.php\/wp-json\/wp\/v2\/posts\/65418","targetHints":{"allow":["GET"]}}],"collection":[{"href":"https:\/\/lasentinelle.dz\/index.php\/wp-json\/wp\/v2\/posts"}],"about":[{"href":"https:\/\/lasentinelle.dz\/index.php\/wp-json\/wp\/v2\/types\/post"}],"author":[{"embeddable":true,"href":"https:\/\/lasentinelle.dz\/index.php\/wp-json\/wp\/v2\/users\/6"}],"replies":[{"embeddable":true,"href":"https:\/\/lasentinelle.dz\/index.php\/wp-json\/wp\/v2\/comments?post=65418"}],"version-history":[{"count":1,"href":"https:\/\/lasentinelle.dz\/index.php\/wp-json\/wp\/v2\/posts\/65418\/revisions"}],"predecessor-version":[{"id":65419,"href":"https:\/\/lasentinelle.dz\/index.php\/wp-json\/wp\/v2\/posts\/65418\/revisions\/65419"}],"wp:featuredmedia":[{"embeddable":true,"href":"https:\/\/lasentinelle.dz\/index.php\/wp-json\/wp\/v2\/media\/54967"}],"wp:attachment":[{"href":"https:\/\/lasentinelle.dz\/index.php\/wp-json\/wp\/v2\/media?parent=65418"}],"wp:term":[{"taxonomy":"category","embeddable":true,"href":"https:\/\/lasentinelle.dz\/index.php\/wp-json\/wp\/v2\/categories?post=65418"},{"taxonomy":"post_tag","embeddable":true,"href":"https:\/\/lasentinelle.dz\/index.php\/wp-json\/wp\/v2\/tags?post=65418"}],"curies":[{"name":"wp","href":"https:\/\/api.w.org\/{rel}","templated":true}]}}