{"id":65423,"date":"2025-04-10T13:53:02","date_gmt":"2025-04-10T12:53:02","guid":{"rendered":"https:\/\/lasentinelle.dz\/?p=65423"},"modified":"2025-04-11T13:53:33","modified_gmt":"2025-04-11T12:53:33","slug":"transport-aerien-air-algerie-ambitionne-de-devenir-un-leader-africain","status":"publish","type":"post","link":"https:\/\/lasentinelle.dz\/index.php\/2025\/04\/10\/transport-aerien-air-algerie-ambitionne-de-devenir-un-leader-africain\/","title":{"rendered":"Transport a\u00e9rien : Air Alg\u00e9rie ambitionne de devenir un leader africain"},"content":{"rendered":"\n<p>Air Alg\u00e9rie nourrit de grandes ambitions pour son d\u00e9veloppement continental. Selon les d\u00e9clarations de son Pr\u00e9sident-directeur g\u00e9n\u00e9ral, Hamza Benhamouda, la compagnie a\u00e9rienne nationale se positionne d\u00e9sormais comme un acteur majeur dans le ciel africain, avec des r\u00e9sultats d\u00e9j\u00e0 probants.<\/p>\n\n\n\n<p>Dans un entretien accord\u00e9 au site d&rsquo;information Afrik.com relay\u00e9 par l&rsquo;APS, Hamza Benhamouda a expos\u00e9 la strat\u00e9gie offensive adopt\u00e9e par le pavillon national. \u00ab\u00a0Air Alg\u00e9rie mise sur une politique commerciale offensive, avec un bon rapport qualit\u00e9\/prix. Nos tarifs et notre politique bagages sont con\u00e7us pour attirer une client\u00e8le plus large. Nous proposons des tarifs comp\u00e9titifs avec des temps de correspondance r\u00e9duits au d\u00e9part d&rsquo;Alger, afin de concurrencer les vols directs entre les capitales africaines et europ\u00e9ennes\u00a0\u00bb, a-t-il d\u00e9clar\u00e9. Cette approche r\u00e9solument orient\u00e9e vers la conqu\u00eate de nouvelles parts de march\u00e9 a d\u00e9j\u00e0 port\u00e9 ses fruits. M. Benhamouda a soulign\u00e9 que cette strat\u00e9gie a permis \u00e0 la compagnie d&rsquo;enregistrer une croissance impressionnante de 34% du trafic passagers entre 2019 et 2024, une p\u00e9riode pourtant marqu\u00e9e par la crise sanitaire mondiale qui a durement affect\u00e9 le secteur a\u00e9rien. Le PDG d&rsquo;Air Alg\u00e9rie a \u00e9galement mis en avant l&rsquo;\u00e9norme potentiel de d\u00e9veloppement du transport a\u00e9rien en Afrique, un continent en pleine croissance \u00e9conomique et d\u00e9mographique o\u00f9 la demande de mobilit\u00e9 ne cesse d&rsquo;augmenter. Dans ce contexte, Air Alg\u00e9rie entend jouer un r\u00f4le pr\u00e9pond\u00e9rant dans la structuration et l&rsquo;expansion du secteur a\u00e9ronautique africain, capitalisant sur la position g\u00e9ographique strat\u00e9gique d&rsquo;Alger. Situ\u00e9e au carrefour de l&rsquo;Afrique, de l&rsquo;Europe, du Moyen-Orient et de l&rsquo;Am\u00e9rique, la Capitale dispose d&rsquo;atouts ind\u00e9niables pour d\u00e9velopper un hub a\u00e9roportuaire continental de premier plan. \u00ab\u00a0L&rsquo;a\u00e9roport d&rsquo;Alger est d\u00e9j\u00e0 configur\u00e9 comme un hub, mais son d\u00e9veloppement d\u00e9pend de l&rsquo;extension du r\u00e9seau international d&rsquo;Air Alg\u00e9rie. Cela n\u00e9cessitera une augmentation de notre flotte pour r\u00e9pondre \u00e0 la demande croissante\u00a0\u00bb, a expliqu\u00e9 M. Benhamouda. Pour concr\u00e9tiser ces ambitions, Air Alg\u00e9rie a lanc\u00e9 un vaste programme de modernisation et d&rsquo;expansion de sa flotte avec l&rsquo;acquisition pr\u00e9vue de 16 nouveaux appareils. Rappelons dans ce contexte que le ministre des Transports, Sa\u00efd Sayoud, a r\u00e9cemment indiqu\u00e9 que le premier de ces a\u00e9ronefs devrait \u00eatre r\u00e9ceptionn\u00e9 d\u00e8s juin prochain, marquant le d\u00e9but tangible de cette nouvelle \u00e8re pour la compagnie nationale. Cette strat\u00e9gie de d\u00e9veloppement s&rsquo;inscrit dans un contexte de concurrence accrue entre les grandes compagnies a\u00e9riennes africaines, chacune cherchant \u00e0 s&rsquo;imposer comme la r\u00e9f\u00e9rence continentale dans un march\u00e9 en pleine expansion. Par cette initiative ambitieuse, Air Alg\u00e9rie affirme sa volont\u00e9 de figurer parmi les leaders panafricains du ciel dans les ann\u00e9es \u00e0 venir, contribuant ainsi au rayonnement \u00e9conomique et \u00e0 la connectivit\u00e9 de l&rsquo;Alg\u00e9rie avec le reste du continent et du monde.<\/p>\n\n\n\n<p>Salim Amokrane<\/p>\n","protected":false},"excerpt":{"rendered":"<p>Air Alg\u00e9rie nourrit de grandes ambitions pour son d\u00e9veloppement continental. Selon les d\u00e9clarations de son Pr\u00e9sident-directeur g\u00e9n\u00e9ral, Hamza Benhamouda, la<\/p>\n","protected":false},"author":6,"featured_media":40893,"comment_status":"open","ping_status":"closed","sticky":false,"template":"","format":"standard","meta":{"colormag_page_container_layout":"default_layout","colormag_page_sidebar_layout":"default_layout","om_disable_all_campaigns":false,"_monsterinsights_skip_tracking":false,"_monsterinsights_sitenote_active":false,"_monsterinsights_sitenote_note":"","_monsterinsights_sitenote_category":0,"footnotes":"","_wpscppro_dont_share_socialmedia":false,"_wpscppro_custom_social_share_image":0,"_facebook_share_type":"default","_twitter_share_type":"default","_linkedin_share_type":"default","_pinterest_share_type":"default","_linkedin_share_type_page":"","_instagram_share_type":"default","_medium_share_type":"default","_threads_share_type":"","_google_business_share_type":"","_selected_social_profile":[],"_wpsp_enable_custom_social_template":false,"_wpsp_social_scheduling":{"enabled":false,"datetime":null,"platforms":[],"status":"template_only","dateOption":"today","timeOption":"now","customDays":"","customHours":"","customDate":"","customTime":"","schedulingType":"absolute"},"_wpsp_active_default_template":true},"categories":[27],"tags":[],"class_list":["post-65423","post","type-post","status-publish","format-standard","has-post-thumbnail","hentry","category-actualite"],"aioseo_notices":[],"yoast_head":"<!-- This site is optimized with the Yoast SEO plugin v27.5 - https:\/\/yoast.com\/product\/yoast-seo-wordpress\/ -->\n<title>Transport a\u00e9rien : Air Alg\u00e9rie ambitionne de devenir un leader africain - La Sentinelle<\/title>\n<meta name=\"robots\" content=\"index, follow, max-snippet:-1, max-image-preview:large, max-video-preview:-1\" \/>\n<link rel=\"canonical\" href=\"https:\/\/lasentinelle.dz\/index.php\/2025\/04\/10\/transport-aerien-air-algerie-ambitionne-de-devenir-un-leader-africain\/\" \/>\n<meta property=\"og:locale\" content=\"fr_FR\" \/>\n<meta property=\"og:type\" content=\"article\" \/>\n<meta property=\"og:title\" content=\"Transport a\u00e9rien : Air Alg\u00e9rie ambitionne de devenir un leader africain - La Sentinelle\" \/>\n<meta property=\"og:description\" content=\"Air Alg\u00e9rie nourrit de grandes ambitions pour son d\u00e9veloppement continental. Selon les d\u00e9clarations de son Pr\u00e9sident-directeur g\u00e9n\u00e9ral, Hamza Benhamouda, la\" \/>\n<meta property=\"og:url\" content=\"https:\/\/lasentinelle.dz\/index.php\/2025\/04\/10\/transport-aerien-air-algerie-ambitionne-de-devenir-un-leader-africain\/\" \/>\n<meta property=\"og:site_name\" content=\"La Sentinelle\" \/>\n<meta property=\"article:publisher\" content=\"https:\/\/www.facebook.com\/La-Sentinelle-104059864394773\" \/>\n<meta property=\"article:published_time\" content=\"2025-04-10T12:53:02+00:00\" \/>\n<meta property=\"article:modified_time\" content=\"2025-04-11T12:53:33+00:00\" \/>\n<meta property=\"og:image\" content=\"https:\/\/lasentinelle.dz\/wp-content\/uploads\/2023\/05\/air-algerie.png\" \/>\n\t<meta property=\"og:image:width\" content=\"1800\" \/>\n\t<meta property=\"og:image:height\" content=\"900\" \/>\n\t<meta property=\"og:image:type\" content=\"image\/png\" \/>\n<meta name=\"author\" content=\"admin\" \/>\n<meta name=\"twitter:card\" content=\"summary_large_image\" \/>\n<meta name=\"twitter:label1\" content=\"\u00c9crit par\" \/>\n\t<meta name=\"twitter:data1\" content=\"admin\" \/>\n\t<meta name=\"twitter:label2\" content=\"Dur\u00e9e de lecture estim\u00e9e\" \/>\n\t<meta name=\"twitter:data2\" content=\"3 minutes\" \/>\n<script type=\"application\/ld+json\" class=\"yoast-schema-graph\">{\"@context\":\"https:\\\/\\\/schema.org\",\"@graph\":[{\"@type\":\"Article\",\"@id\":\"https:\\\/\\\/lasentinelle.dz\\\/index.php\\\/2025\\\/04\\\/10\\\/transport-aerien-air-algerie-ambitionne-de-devenir-un-leader-africain\\\/#article\",\"isPartOf\":{\"@id\":\"https:\\\/\\\/lasentinelle.dz\\\/index.php\\\/2025\\\/04\\\/10\\\/transport-aerien-air-algerie-ambitionne-de-devenir-un-leader-africain\\\/\"},\"author\":{\"name\":\"admin\",\"@id\":\"https:\\\/\\\/lasentinelle.dz\\\/#\\\/schema\\\/person\\\/729ee0024f24e0b8c5ec17232f8e8b41\"},\"headline\":\"Transport a\u00e9rien : Air Alg\u00e9rie ambitionne de devenir un leader africain\",\"datePublished\":\"2025-04-10T12:53:02+00:00\",\"dateModified\":\"2025-04-11T12:53:33+00:00\",\"mainEntityOfPage\":{\"@id\":\"https:\\\/\\\/lasentinelle.dz\\\/index.php\\\/2025\\\/04\\\/10\\\/transport-aerien-air-algerie-ambitionne-de-devenir-un-leader-africain\\\/\"},\"wordCount\":530,\"commentCount\":0,\"publisher\":{\"@id\":\"https:\\\/\\\/lasentinelle.dz\\\/#organization\"},\"image\":{\"@id\":\"https:\\\/\\\/lasentinelle.dz\\\/index.php\\\/2025\\\/04\\\/10\\\/transport-aerien-air-algerie-ambitionne-de-devenir-un-leader-africain\\\/#primaryimage\"},\"thumbnailUrl\":\"https:\\\/\\\/lasentinelle.dz\\\/wp-content\\\/uploads\\\/2023\\\/05\\\/air-algerie.png\",\"articleSection\":[\"Actualit\u00e9\"],\"inLanguage\":\"fr-FR\",\"potentialAction\":[{\"@type\":\"CommentAction\",\"name\":\"Comment\",\"target\":[\"https:\\\/\\\/lasentinelle.dz\\\/index.php\\\/2025\\\/04\\\/10\\\/transport-aerien-air-algerie-ambitionne-de-devenir-un-leader-africain\\\/#respond\"]}]},{\"@type\":\"WebPage\",\"@id\":\"https:\\\/\\\/lasentinelle.dz\\\/index.php\\\/2025\\\/04\\\/10\\\/transport-aerien-air-algerie-ambitionne-de-devenir-un-leader-africain\\\/\",\"url\":\"https:\\\/\\\/lasentinelle.dz\\\/index.php\\\/2025\\\/04\\\/10\\\/transport-aerien-air-algerie-ambitionne-de-devenir-un-leader-africain\\\/\",\"name\":\"Transport a\u00e9rien : Air Alg\u00e9rie ambitionne de devenir un leader africain - La Sentinelle\",\"isPartOf\":{\"@id\":\"https:\\\/\\\/lasentinelle.dz\\\/#website\"},\"primaryImageOfPage\":{\"@id\":\"https:\\\/\\\/lasentinelle.dz\\\/index.php\\\/2025\\\/04\\\/10\\\/transport-aerien-air-algerie-ambitionne-de-devenir-un-leader-africain\\\/#primaryimage\"},\"image\":{\"@id\":\"https:\\\/\\\/lasentinelle.dz\\\/index.php\\\/2025\\\/04\\\/10\\\/transport-aerien-air-algerie-ambitionne-de-devenir-un-leader-africain\\\/#primaryimage\"},\"thumbnailUrl\":\"https:\\\/\\\/lasentinelle.dz\\\/wp-content\\\/uploads\\\/2023\\\/05\\\/air-algerie.png\",\"datePublished\":\"2025-04-10T12:53:02+00:00\",\"dateModified\":\"2025-04-11T12:53:33+00:00\",\"breadcrumb\":{\"@id\":\"https:\\\/\\\/lasentinelle.dz\\\/index.php\\\/2025\\\/04\\\/10\\\/transport-aerien-air-algerie-ambitionne-de-devenir-un-leader-africain\\\/#breadcrumb\"},\"inLanguage\":\"fr-FR\",\"potentialAction\":[{\"@type\":\"ReadAction\",\"target\":[\"https:\\\/\\\/lasentinelle.dz\\\/index.php\\\/2025\\\/04\\\/10\\\/transport-aerien-air-algerie-ambitionne-de-devenir-un-leader-africain\\\/\"]}]},{\"@type\":\"ImageObject\",\"inLanguage\":\"fr-FR\",\"@id\":\"https:\\\/\\\/lasentinelle.dz\\\/index.php\\\/2025\\\/04\\\/10\\\/transport-aerien-air-algerie-ambitionne-de-devenir-un-leader-africain\\\/#primaryimage\",\"url\":\"https:\\\/\\\/lasentinelle.dz\\\/wp-content\\\/uploads\\\/2023\\\/05\\\/air-algerie.png\",\"contentUrl\":\"https:\\\/\\\/lasentinelle.dz\\\/wp-content\\\/uploads\\\/2023\\\/05\\\/air-algerie.png\",\"width\":1800,\"height\":900},{\"@type\":\"BreadcrumbList\",\"@id\":\"https:\\\/\\\/lasentinelle.dz\\\/index.php\\\/2025\\\/04\\\/10\\\/transport-aerien-air-algerie-ambitionne-de-devenir-un-leader-africain\\\/#breadcrumb\",\"itemListElement\":[{\"@type\":\"ListItem\",\"position\":1,\"name\":\"Accueil\",\"item\":\"https:\\\/\\\/lasentinelle.dz\\\/\"},{\"@type\":\"ListItem\",\"position\":2,\"name\":\"Transport a\u00e9rien : Air Alg\u00e9rie ambitionne de devenir un leader africain\"}]},{\"@type\":\"WebSite\",\"@id\":\"https:\\\/\\\/lasentinelle.dz\\\/#website\",\"url\":\"https:\\\/\\\/lasentinelle.dz\\\/\",\"name\":\"La Sentinelle\",\"description\":\"Quotidien national d&#039;information\",\"publisher\":{\"@id\":\"https:\\\/\\\/lasentinelle.dz\\\/#organization\"},\"potentialAction\":[{\"@type\":\"SearchAction\",\"target\":{\"@type\":\"EntryPoint\",\"urlTemplate\":\"https:\\\/\\\/lasentinelle.dz\\\/?s={search_term_string}\"},\"query-input\":{\"@type\":\"PropertyValueSpecification\",\"valueRequired\":true,\"valueName\":\"search_term_string\"}}],\"inLanguage\":\"fr-FR\"},{\"@type\":\"Organization\",\"@id\":\"https:\\\/\\\/lasentinelle.dz\\\/#organization\",\"name\":\"Quotidien La Sentinelle\",\"url\":\"https:\\\/\\\/lasentinelle.dz\\\/\",\"logo\":{\"@type\":\"ImageObject\",\"inLanguage\":\"fr-FR\",\"@id\":\"https:\\\/\\\/lasentinelle.dz\\\/#\\\/schema\\\/logo\\\/image\\\/\",\"url\":\"https:\\\/\\\/lasentinelle.dz\\\/wp-content\\\/uploads\\\/2021\\\/09\\\/logo-sentinelleSLOGAN-1.png\",\"contentUrl\":\"https:\\\/\\\/lasentinelle.dz\\\/wp-content\\\/uploads\\\/2021\\\/09\\\/logo-sentinelleSLOGAN-1.png\",\"width\":615,\"height\":142,\"caption\":\"Quotidien La Sentinelle\"},\"image\":{\"@id\":\"https:\\\/\\\/lasentinelle.dz\\\/#\\\/schema\\\/logo\\\/image\\\/\"},\"sameAs\":[\"https:\\\/\\\/www.facebook.com\\\/La-Sentinelle-104059864394773\"]},{\"@type\":\"Person\",\"@id\":\"https:\\\/\\\/lasentinelle.dz\\\/#\\\/schema\\\/person\\\/729ee0024f24e0b8c5ec17232f8e8b41\",\"name\":\"admin\",\"image\":{\"@type\":\"ImageObject\",\"inLanguage\":\"fr-FR\",\"@id\":\"https:\\\/\\\/secure.gravatar.com\\\/avatar\\\/4c81fed838786e9b53f540bf46533e750f5d292099ae3b66cfc6fb1982e29df7?s=96&d=mm&r=g\",\"url\":\"https:\\\/\\\/secure.gravatar.com\\\/avatar\\\/4c81fed838786e9b53f540bf46533e750f5d292099ae3b66cfc6fb1982e29df7?s=96&d=mm&r=g\",\"contentUrl\":\"https:\\\/\\\/secure.gravatar.com\\\/avatar\\\/4c81fed838786e9b53f540bf46533e750f5d292099ae3b66cfc6fb1982e29df7?s=96&d=mm&r=g\",\"caption\":\"admin\"},\"description\":\"admin\",\"url\":\"https:\\\/\\\/lasentinelle.dz\\\/author\\\/admin\\\/\"}]}<\/script>\n<!-- \/ Yoast SEO plugin. -->","yoast_head_json":{"title":"Transport a\u00e9rien : Air Alg\u00e9rie ambitionne de devenir un leader africain - La Sentinelle","robots":{"index":"index","follow":"follow","max-snippet":"max-snippet:-1","max-image-preview":"max-image-preview:large","max-video-preview":"max-video-preview:-1"},"canonical":"https:\/\/lasentinelle.dz\/index.php\/2025\/04\/10\/transport-aerien-air-algerie-ambitionne-de-devenir-un-leader-africain\/","og_locale":"fr_FR","og_type":"article","og_title":"Transport a\u00e9rien : Air Alg\u00e9rie ambitionne de devenir un leader africain - La Sentinelle","og_description":"Air Alg\u00e9rie nourrit de grandes ambitions pour son d\u00e9veloppement continental. Selon les d\u00e9clarations de son Pr\u00e9sident-directeur g\u00e9n\u00e9ral, Hamza Benhamouda, la","og_url":"https:\/\/lasentinelle.dz\/index.php\/2025\/04\/10\/transport-aerien-air-algerie-ambitionne-de-devenir-un-leader-africain\/","og_site_name":"La Sentinelle","article_publisher":"https:\/\/www.facebook.com\/La-Sentinelle-104059864394773","article_published_time":"2025-04-10T12:53:02+00:00","article_modified_time":"2025-04-11T12:53:33+00:00","og_image":[{"width":1800,"height":900,"url":"https:\/\/lasentinelle.dz\/wp-content\/uploads\/2023\/05\/air-algerie.png","type":"image\/png"}],"author":"admin","twitter_card":"summary_large_image","twitter_misc":{"\u00c9crit par":"admin","Dur\u00e9e de lecture estim\u00e9e":"3 minutes"},"schema":{"@context":"https:\/\/schema.org","@graph":[{"@type":"Article","@id":"https:\/\/lasentinelle.dz\/index.php\/2025\/04\/10\/transport-aerien-air-algerie-ambitionne-de-devenir-un-leader-africain\/#article","isPartOf":{"@id":"https:\/\/lasentinelle.dz\/index.php\/2025\/04\/10\/transport-aerien-air-algerie-ambitionne-de-devenir-un-leader-africain\/"},"author":{"name":"admin","@id":"https:\/\/lasentinelle.dz\/#\/schema\/person\/729ee0024f24e0b8c5ec17232f8e8b41"},"headline":"Transport a\u00e9rien : Air Alg\u00e9rie ambitionne de devenir un leader africain","datePublished":"2025-04-10T12:53:02+00:00","dateModified":"2025-04-11T12:53:33+00:00","mainEntityOfPage":{"@id":"https:\/\/lasentinelle.dz\/index.php\/2025\/04\/10\/transport-aerien-air-algerie-ambitionne-de-devenir-un-leader-africain\/"},"wordCount":530,"commentCount":0,"publisher":{"@id":"https:\/\/lasentinelle.dz\/#organization"},"image":{"@id":"https:\/\/lasentinelle.dz\/index.php\/2025\/04\/10\/transport-aerien-air-algerie-ambitionne-de-devenir-un-leader-africain\/#primaryimage"},"thumbnailUrl":"https:\/\/lasentinelle.dz\/wp-content\/uploads\/2023\/05\/air-algerie.png","articleSection":["Actualit\u00e9"],"inLanguage":"fr-FR","potentialAction":[{"@type":"CommentAction","name":"Comment","target":["https:\/\/lasentinelle.dz\/index.php\/2025\/04\/10\/transport-aerien-air-algerie-ambitionne-de-devenir-un-leader-africain\/#respond"]}]},{"@type":"WebPage","@id":"https:\/\/lasentinelle.dz\/index.php\/2025\/04\/10\/transport-aerien-air-algerie-ambitionne-de-devenir-un-leader-africain\/","url":"https:\/\/lasentinelle.dz\/index.php\/2025\/04\/10\/transport-aerien-air-algerie-ambitionne-de-devenir-un-leader-africain\/","name":"Transport a\u00e9rien : Air Alg\u00e9rie ambitionne de devenir un leader africain - La Sentinelle","isPartOf":{"@id":"https:\/\/lasentinelle.dz\/#website"},"primaryImageOfPage":{"@id":"https:\/\/lasentinelle.dz\/index.php\/2025\/04\/10\/transport-aerien-air-algerie-ambitionne-de-devenir-un-leader-africain\/#primaryimage"},"image":{"@id":"https:\/\/lasentinelle.dz\/index.php\/2025\/04\/10\/transport-aerien-air-algerie-ambitionne-de-devenir-un-leader-africain\/#primaryimage"},"thumbnailUrl":"https:\/\/lasentinelle.dz\/wp-content\/uploads\/2023\/05\/air-algerie.png","datePublished":"2025-04-10T12:53:02+00:00","dateModified":"2025-04-11T12:53:33+00:00","breadcrumb":{"@id":"https:\/\/lasentinelle.dz\/index.php\/2025\/04\/10\/transport-aerien-air-algerie-ambitionne-de-devenir-un-leader-africain\/#breadcrumb"},"inLanguage":"fr-FR","potentialAction":[{"@type":"ReadAction","target":["https:\/\/lasentinelle.dz\/index.php\/2025\/04\/10\/transport-aerien-air-algerie-ambitionne-de-devenir-un-leader-africain\/"]}]},{"@type":"ImageObject","inLanguage":"fr-FR","@id":"https:\/\/lasentinelle.dz\/index.php\/2025\/04\/10\/transport-aerien-air-algerie-ambitionne-de-devenir-un-leader-africain\/#primaryimage","url":"https:\/\/lasentinelle.dz\/wp-content\/uploads\/2023\/05\/air-algerie.png","contentUrl":"https:\/\/lasentinelle.dz\/wp-content\/uploads\/2023\/05\/air-algerie.png","width":1800,"height":900},{"@type":"BreadcrumbList","@id":"https:\/\/lasentinelle.dz\/index.php\/2025\/04\/10\/transport-aerien-air-algerie-ambitionne-de-devenir-un-leader-africain\/#breadcrumb","itemListElement":[{"@type":"ListItem","position":1,"name":"Accueil","item":"https:\/\/lasentinelle.dz\/"},{"@type":"ListItem","position":2,"name":"Transport a\u00e9rien : Air Alg\u00e9rie ambitionne de devenir un leader africain"}]},{"@type":"WebSite","@id":"https:\/\/lasentinelle.dz\/#website","url":"https:\/\/lasentinelle.dz\/","name":"La Sentinelle","description":"Quotidien national d&#039;information","publisher":{"@id":"https:\/\/lasentinelle.dz\/#organization"},"potentialAction":[{"@type":"SearchAction","target":{"@type":"EntryPoint","urlTemplate":"https:\/\/lasentinelle.dz\/?s={search_term_string}"},"query-input":{"@type":"PropertyValueSpecification","valueRequired":true,"valueName":"search_term_string"}}],"inLanguage":"fr-FR"},{"@type":"Organization","@id":"https:\/\/lasentinelle.dz\/#organization","name":"Quotidien La Sentinelle","url":"https:\/\/lasentinelle.dz\/","logo":{"@type":"ImageObject","inLanguage":"fr-FR","@id":"https:\/\/lasentinelle.dz\/#\/schema\/logo\/image\/","url":"https:\/\/lasentinelle.dz\/wp-content\/uploads\/2021\/09\/logo-sentinelleSLOGAN-1.png","contentUrl":"https:\/\/lasentinelle.dz\/wp-content\/uploads\/2021\/09\/logo-sentinelleSLOGAN-1.png","width":615,"height":142,"caption":"Quotidien La Sentinelle"},"image":{"@id":"https:\/\/lasentinelle.dz\/#\/schema\/logo\/image\/"},"sameAs":["https:\/\/www.facebook.com\/La-Sentinelle-104059864394773"]},{"@type":"Person","@id":"https:\/\/lasentinelle.dz\/#\/schema\/person\/729ee0024f24e0b8c5ec17232f8e8b41","name":"admin","image":{"@type":"ImageObject","inLanguage":"fr-FR","@id":"https:\/\/secure.gravatar.com\/avatar\/4c81fed838786e9b53f540bf46533e750f5d292099ae3b66cfc6fb1982e29df7?s=96&d=mm&r=g","url":"https:\/\/secure.gravatar.com\/avatar\/4c81fed838786e9b53f540bf46533e750f5d292099ae3b66cfc6fb1982e29df7?s=96&d=mm&r=g","contentUrl":"https:\/\/secure.gravatar.com\/avatar\/4c81fed838786e9b53f540bf46533e750f5d292099ae3b66cfc6fb1982e29df7?s=96&d=mm&r=g","caption":"admin"},"description":"admin","url":"https:\/\/lasentinelle.dz\/author\/admin\/"}]}},"_links":{"self":[{"href":"https:\/\/lasentinelle.dz\/index.php\/wp-json\/wp\/v2\/posts\/65423","targetHints":{"allow":["GET"]}}],"collection":[{"href":"https:\/\/lasentinelle.dz\/index.php\/wp-json\/wp\/v2\/posts"}],"about":[{"href":"https:\/\/lasentinelle.dz\/index.php\/wp-json\/wp\/v2\/types\/post"}],"author":[{"embeddable":true,"href":"https:\/\/lasentinelle.dz\/index.php\/wp-json\/wp\/v2\/users\/6"}],"replies":[{"embeddable":true,"href":"https:\/\/lasentinelle.dz\/index.php\/wp-json\/wp\/v2\/comments?post=65423"}],"version-history":[{"count":1,"href":"https:\/\/lasentinelle.dz\/index.php\/wp-json\/wp\/v2\/posts\/65423\/revisions"}],"predecessor-version":[{"id":65424,"href":"https:\/\/lasentinelle.dz\/index.php\/wp-json\/wp\/v2\/posts\/65423\/revisions\/65424"}],"wp:featuredmedia":[{"embeddable":true,"href":"https:\/\/lasentinelle.dz\/index.php\/wp-json\/wp\/v2\/media\/40893"}],"wp:attachment":[{"href":"https:\/\/lasentinelle.dz\/index.php\/wp-json\/wp\/v2\/media?parent=65423"}],"wp:term":[{"taxonomy":"category","embeddable":true,"href":"https:\/\/lasentinelle.dz\/index.php\/wp-json\/wp\/v2\/categories?post=65423"},{"taxonomy":"post_tag","embeddable":true,"href":"https:\/\/lasentinelle.dz\/index.php\/wp-json\/wp\/v2\/tags?post=65423"}],"curies":[{"name":"wp","href":"https:\/\/api.w.org\/{rel}","templated":true}]}}