{"id":65430,"date":"2025-04-10T13:55:48","date_gmt":"2025-04-10T12:55:48","guid":{"rendered":"https:\/\/lasentinelle.dz\/?p=65430"},"modified":"2025-04-11T13:56:56","modified_gmt":"2025-04-11T12:56:56","slug":"attaf-en-visite-officielle-en-tunisie-la-cooperation-bilaterale-au-coeur-des-discussions","status":"publish","type":"post","link":"https:\/\/lasentinelle.dz\/index.php\/2025\/04\/10\/attaf-en-visite-officielle-en-tunisie-la-cooperation-bilaterale-au-coeur-des-discussions\/","title":{"rendered":"Attaf en visite officielle en Tunisie: La coop\u00e9ration bilat\u00e9rale au c\u0153ur des discussions"},"content":{"rendered":"\n<p>Dans le cadre d&rsquo;une visite officielle en Tunisie en qualit\u00e9 d&rsquo;envoy\u00e9 sp\u00e9cial du pr\u00e9sident de la R\u00e9publique alg\u00e9rienne Abdelmadjid Tebboune, le ministre d&rsquo;\u00c9tat, ministre des Affaires \u00e9trang\u00e8res, de la Communaut\u00e9 nationale \u00e0 l&rsquo;\u00e9tranger et des Affaires africaines, Ahmed Attaf, a \u00e9t\u00e9 re\u00e7u par le pr\u00e9sident tunisien Ka\u00efs Sa\u00efed. Lors de cette rencontre, M. Attaf a transmis les salutations chaleureuses et les f\u00e9licitations du pr\u00e9sident Tebboune \u00e0 son homologue tunisien \u00e0 l&rsquo;occasion de la comm\u00e9moration de la F\u00eate des Martyrs en Tunisie, un symbole fort de l&rsquo;histoire commune de r\u00e9sistance contre le colonialisme partag\u00e9e par les deux nations.<\/p>\n\n\n\n<p>Le pr\u00e9sident Ka\u00efs Sa\u00efed a charg\u00e9 le ministre alg\u00e9rien de transmettre ses sinc\u00e8res remerciements et salutations au pr\u00e9sident Tebboune, rappelant \u00e0 cette occasion les liens historiques de solidarit\u00e9 entre les deux peuples fr\u00e8res et l&rsquo;unit\u00e9 de leur destin, tant dans le pass\u00e9 que pour l&rsquo;avenir. Cette rencontre a \u00e9galement \u00e9t\u00e9 l&rsquo;occasion pour le ministre Attaf de remettre un message du pr\u00e9sident alg\u00e9rien concernant le d\u00e9veloppement des relations alg\u00e9ro-tunisiennes et exprimant sa satisfaction quant au niveau \u00e9lev\u00e9 de coordination et de coop\u00e9ration bilat\u00e9rale atteint entre les deux pays.<\/p>\n\n\n\n<p>Les discussions ont \u00e9galement permis aux deux responsables d&rsquo;\u00e9changer leurs points de vue sur la situation internationale et r\u00e9gionale actuelle, avec un accent particulier sur les derniers d\u00e9veloppements de la cause palestinienne face aux menaces existentielles visant \u00e0 compromettre les efforts d&rsquo;\u00e9tablissement d&rsquo;un \u00c9tat palestinien souverain et ind\u00e9pendant, solution juste et d\u00e9finitive au conflit isra\u00e9lo-palestinien. Cette visite s&rsquo;inscrit dans le cadre des efforts conjoints visant \u00e0 renforcer le partenariat et l&rsquo;int\u00e9gration entre l&rsquo;Alg\u00e9rie et la Tunisie, et \u00e0 explorer les moyens de promouvoir cette coop\u00e9ration au plus haut niveau.<\/p>\n\n\n\n<p>Cette d\u00e9marche refl\u00e8te la volont\u00e9 des deux pays de concr\u00e9tiser les objectifs ambitieux trac\u00e9s par leurs dirigeants en mati\u00e8re de coop\u00e9ration, conform\u00e9ment aux liens fraternels, de solidarit\u00e9 et de bon voisinage qui unissent historiquement ces deux nations maghr\u00e9bines.<\/p>\n\n\n\n<p>Chokri Hafed<\/p>\n","protected":false},"excerpt":{"rendered":"<p>Dans le cadre d&rsquo;une visite officielle en Tunisie en qualit\u00e9 d&rsquo;envoy\u00e9 sp\u00e9cial du pr\u00e9sident de la R\u00e9publique alg\u00e9rienne Abdelmadjid Tebboune,<\/p>\n","protected":false},"author":6,"featured_media":65431,"comment_status":"open","ping_status":"closed","sticky":false,"template":"","format":"standard","meta":{"colormag_page_container_layout":"default_layout","colormag_page_sidebar_layout":"default_layout","om_disable_all_campaigns":false,"_monsterinsights_skip_tracking":false,"_monsterinsights_sitenote_active":false,"_monsterinsights_sitenote_note":"","_monsterinsights_sitenote_category":0,"footnotes":"","_wpscppro_dont_share_socialmedia":false,"_wpscppro_custom_social_share_image":0,"_facebook_share_type":"default","_twitter_share_type":"default","_linkedin_share_type":"default","_pinterest_share_type":"default","_linkedin_share_type_page":"","_instagram_share_type":"default","_medium_share_type":"default","_threads_share_type":"","_google_business_share_type":"","_selected_social_profile":[],"_wpsp_enable_custom_social_template":false,"_wpsp_social_scheduling":{"enabled":false,"datetime":null,"platforms":[],"status":"template_only","dateOption":"today","timeOption":"now","customDays":"","customHours":"","customDate":"","customTime":"","schedulingType":"absolute"},"_wpsp_active_default_template":true},"categories":[27],"tags":[],"class_list":["post-65430","post","type-post","status-publish","format-standard","has-post-thumbnail","hentry","category-actualite"],"aioseo_notices":[],"yoast_head":"<!-- This site is optimized with the Yoast SEO plugin v27.5 - https:\/\/yoast.com\/product\/yoast-seo-wordpress\/ -->\n<title>Attaf en visite officielle en Tunisie: La coop\u00e9ration bilat\u00e9rale au c\u0153ur des discussions - La Sentinelle<\/title>\n<meta name=\"robots\" content=\"index, follow, max-snippet:-1, max-image-preview:large, max-video-preview:-1\" \/>\n<link rel=\"canonical\" href=\"https:\/\/lasentinelle.dz\/index.php\/2025\/04\/10\/attaf-en-visite-officielle-en-tunisie-la-cooperation-bilaterale-au-coeur-des-discussions\/\" \/>\n<meta property=\"og:locale\" content=\"fr_FR\" \/>\n<meta property=\"og:type\" content=\"article\" \/>\n<meta property=\"og:title\" content=\"Attaf en visite officielle en Tunisie: La coop\u00e9ration bilat\u00e9rale au c\u0153ur des discussions - La Sentinelle\" \/>\n<meta property=\"og:description\" content=\"Dans le cadre d&rsquo;une visite officielle en Tunisie en qualit\u00e9 d&rsquo;envoy\u00e9 sp\u00e9cial du pr\u00e9sident de la R\u00e9publique alg\u00e9rienne Abdelmadjid Tebboune,\" \/>\n<meta property=\"og:url\" content=\"https:\/\/lasentinelle.dz\/index.php\/2025\/04\/10\/attaf-en-visite-officielle-en-tunisie-la-cooperation-bilaterale-au-coeur-des-discussions\/\" \/>\n<meta property=\"og:site_name\" content=\"La Sentinelle\" \/>\n<meta property=\"article:publisher\" content=\"https:\/\/www.facebook.com\/La-Sentinelle-104059864394773\" \/>\n<meta property=\"article:published_time\" content=\"2025-04-10T12:55:48+00:00\" \/>\n<meta property=\"article:modified_time\" content=\"2025-04-11T12:56:56+00:00\" \/>\n<meta property=\"og:image\" content=\"https:\/\/lasentinelle.dz\/wp-content\/uploads\/2025\/04\/489926968_977362767878090_7024251156960287486_n.jpg\" \/>\n\t<meta property=\"og:image:width\" content=\"1600\" \/>\n\t<meta property=\"og:image:height\" content=\"912\" \/>\n\t<meta property=\"og:image:type\" content=\"image\/jpeg\" \/>\n<meta name=\"author\" content=\"admin\" \/>\n<meta name=\"twitter:card\" content=\"summary_large_image\" \/>\n<meta name=\"twitter:label1\" content=\"\u00c9crit par\" \/>\n\t<meta name=\"twitter:data1\" content=\"admin\" \/>\n\t<meta name=\"twitter:label2\" content=\"Dur\u00e9e de lecture estim\u00e9e\" \/>\n\t<meta name=\"twitter:data2\" content=\"2 minutes\" \/>\n<script type=\"application\/ld+json\" class=\"yoast-schema-graph\">{\"@context\":\"https:\\\/\\\/schema.org\",\"@graph\":[{\"@type\":\"Article\",\"@id\":\"https:\\\/\\\/lasentinelle.dz\\\/index.php\\\/2025\\\/04\\\/10\\\/attaf-en-visite-officielle-en-tunisie-la-cooperation-bilaterale-au-coeur-des-discussions\\\/#article\",\"isPartOf\":{\"@id\":\"https:\\\/\\\/lasentinelle.dz\\\/index.php\\\/2025\\\/04\\\/10\\\/attaf-en-visite-officielle-en-tunisie-la-cooperation-bilaterale-au-coeur-des-discussions\\\/\"},\"author\":{\"name\":\"admin\",\"@id\":\"https:\\\/\\\/lasentinelle.dz\\\/#\\\/schema\\\/person\\\/729ee0024f24e0b8c5ec17232f8e8b41\"},\"headline\":\"Attaf en visite officielle en Tunisie: La coop\u00e9ration bilat\u00e9rale au c\u0153ur des discussions\",\"datePublished\":\"2025-04-10T12:55:48+00:00\",\"dateModified\":\"2025-04-11T12:56:56+00:00\",\"mainEntityOfPage\":{\"@id\":\"https:\\\/\\\/lasentinelle.dz\\\/index.php\\\/2025\\\/04\\\/10\\\/attaf-en-visite-officielle-en-tunisie-la-cooperation-bilaterale-au-coeur-des-discussions\\\/\"},\"wordCount\":381,\"commentCount\":0,\"publisher\":{\"@id\":\"https:\\\/\\\/lasentinelle.dz\\\/#organization\"},\"image\":{\"@id\":\"https:\\\/\\\/lasentinelle.dz\\\/index.php\\\/2025\\\/04\\\/10\\\/attaf-en-visite-officielle-en-tunisie-la-cooperation-bilaterale-au-coeur-des-discussions\\\/#primaryimage\"},\"thumbnailUrl\":\"https:\\\/\\\/lasentinelle.dz\\\/wp-content\\\/uploads\\\/2025\\\/04\\\/489926968_977362767878090_7024251156960287486_n.jpg\",\"articleSection\":[\"Actualit\u00e9\"],\"inLanguage\":\"fr-FR\",\"potentialAction\":[{\"@type\":\"CommentAction\",\"name\":\"Comment\",\"target\":[\"https:\\\/\\\/lasentinelle.dz\\\/index.php\\\/2025\\\/04\\\/10\\\/attaf-en-visite-officielle-en-tunisie-la-cooperation-bilaterale-au-coeur-des-discussions\\\/#respond\"]}]},{\"@type\":\"WebPage\",\"@id\":\"https:\\\/\\\/lasentinelle.dz\\\/index.php\\\/2025\\\/04\\\/10\\\/attaf-en-visite-officielle-en-tunisie-la-cooperation-bilaterale-au-coeur-des-discussions\\\/\",\"url\":\"https:\\\/\\\/lasentinelle.dz\\\/index.php\\\/2025\\\/04\\\/10\\\/attaf-en-visite-officielle-en-tunisie-la-cooperation-bilaterale-au-coeur-des-discussions\\\/\",\"name\":\"Attaf en visite officielle en Tunisie: La coop\u00e9ration bilat\u00e9rale au c\u0153ur des discussions - La Sentinelle\",\"isPartOf\":{\"@id\":\"https:\\\/\\\/lasentinelle.dz\\\/#website\"},\"primaryImageOfPage\":{\"@id\":\"https:\\\/\\\/lasentinelle.dz\\\/index.php\\\/2025\\\/04\\\/10\\\/attaf-en-visite-officielle-en-tunisie-la-cooperation-bilaterale-au-coeur-des-discussions\\\/#primaryimage\"},\"image\":{\"@id\":\"https:\\\/\\\/lasentinelle.dz\\\/index.php\\\/2025\\\/04\\\/10\\\/attaf-en-visite-officielle-en-tunisie-la-cooperation-bilaterale-au-coeur-des-discussions\\\/#primaryimage\"},\"thumbnailUrl\":\"https:\\\/\\\/lasentinelle.dz\\\/wp-content\\\/uploads\\\/2025\\\/04\\\/489926968_977362767878090_7024251156960287486_n.jpg\",\"datePublished\":\"2025-04-10T12:55:48+00:00\",\"dateModified\":\"2025-04-11T12:56:56+00:00\",\"breadcrumb\":{\"@id\":\"https:\\\/\\\/lasentinelle.dz\\\/index.php\\\/2025\\\/04\\\/10\\\/attaf-en-visite-officielle-en-tunisie-la-cooperation-bilaterale-au-coeur-des-discussions\\\/#breadcrumb\"},\"inLanguage\":\"fr-FR\",\"potentialAction\":[{\"@type\":\"ReadAction\",\"target\":[\"https:\\\/\\\/lasentinelle.dz\\\/index.php\\\/2025\\\/04\\\/10\\\/attaf-en-visite-officielle-en-tunisie-la-cooperation-bilaterale-au-coeur-des-discussions\\\/\"]}]},{\"@type\":\"ImageObject\",\"inLanguage\":\"fr-FR\",\"@id\":\"https:\\\/\\\/lasentinelle.dz\\\/index.php\\\/2025\\\/04\\\/10\\\/attaf-en-visite-officielle-en-tunisie-la-cooperation-bilaterale-au-coeur-des-discussions\\\/#primaryimage\",\"url\":\"https:\\\/\\\/lasentinelle.dz\\\/wp-content\\\/uploads\\\/2025\\\/04\\\/489926968_977362767878090_7024251156960287486_n.jpg\",\"contentUrl\":\"https:\\\/\\\/lasentinelle.dz\\\/wp-content\\\/uploads\\\/2025\\\/04\\\/489926968_977362767878090_7024251156960287486_n.jpg\",\"width\":1600,\"height\":912},{\"@type\":\"BreadcrumbList\",\"@id\":\"https:\\\/\\\/lasentinelle.dz\\\/index.php\\\/2025\\\/04\\\/10\\\/attaf-en-visite-officielle-en-tunisie-la-cooperation-bilaterale-au-coeur-des-discussions\\\/#breadcrumb\",\"itemListElement\":[{\"@type\":\"ListItem\",\"position\":1,\"name\":\"Accueil\",\"item\":\"https:\\\/\\\/lasentinelle.dz\\\/\"},{\"@type\":\"ListItem\",\"position\":2,\"name\":\"Attaf en visite officielle en Tunisie: La coop\u00e9ration bilat\u00e9rale au c\u0153ur des discussions\"}]},{\"@type\":\"WebSite\",\"@id\":\"https:\\\/\\\/lasentinelle.dz\\\/#website\",\"url\":\"https:\\\/\\\/lasentinelle.dz\\\/\",\"name\":\"La Sentinelle\",\"description\":\"Quotidien national d&#039;information\",\"publisher\":{\"@id\":\"https:\\\/\\\/lasentinelle.dz\\\/#organization\"},\"potentialAction\":[{\"@type\":\"SearchAction\",\"target\":{\"@type\":\"EntryPoint\",\"urlTemplate\":\"https:\\\/\\\/lasentinelle.dz\\\/?s={search_term_string}\"},\"query-input\":{\"@type\":\"PropertyValueSpecification\",\"valueRequired\":true,\"valueName\":\"search_term_string\"}}],\"inLanguage\":\"fr-FR\"},{\"@type\":\"Organization\",\"@id\":\"https:\\\/\\\/lasentinelle.dz\\\/#organization\",\"name\":\"Quotidien La Sentinelle\",\"url\":\"https:\\\/\\\/lasentinelle.dz\\\/\",\"logo\":{\"@type\":\"ImageObject\",\"inLanguage\":\"fr-FR\",\"@id\":\"https:\\\/\\\/lasentinelle.dz\\\/#\\\/schema\\\/logo\\\/image\\\/\",\"url\":\"https:\\\/\\\/lasentinelle.dz\\\/wp-content\\\/uploads\\\/2021\\\/09\\\/logo-sentinelleSLOGAN-1.png\",\"contentUrl\":\"https:\\\/\\\/lasentinelle.dz\\\/wp-content\\\/uploads\\\/2021\\\/09\\\/logo-sentinelleSLOGAN-1.png\",\"width\":615,\"height\":142,\"caption\":\"Quotidien La Sentinelle\"},\"image\":{\"@id\":\"https:\\\/\\\/lasentinelle.dz\\\/#\\\/schema\\\/logo\\\/image\\\/\"},\"sameAs\":[\"https:\\\/\\\/www.facebook.com\\\/La-Sentinelle-104059864394773\"]},{\"@type\":\"Person\",\"@id\":\"https:\\\/\\\/lasentinelle.dz\\\/#\\\/schema\\\/person\\\/729ee0024f24e0b8c5ec17232f8e8b41\",\"name\":\"admin\",\"image\":{\"@type\":\"ImageObject\",\"inLanguage\":\"fr-FR\",\"@id\":\"https:\\\/\\\/secure.gravatar.com\\\/avatar\\\/4c81fed838786e9b53f540bf46533e750f5d292099ae3b66cfc6fb1982e29df7?s=96&d=mm&r=g\",\"url\":\"https:\\\/\\\/secure.gravatar.com\\\/avatar\\\/4c81fed838786e9b53f540bf46533e750f5d292099ae3b66cfc6fb1982e29df7?s=96&d=mm&r=g\",\"contentUrl\":\"https:\\\/\\\/secure.gravatar.com\\\/avatar\\\/4c81fed838786e9b53f540bf46533e750f5d292099ae3b66cfc6fb1982e29df7?s=96&d=mm&r=g\",\"caption\":\"admin\"},\"description\":\"admin\",\"url\":\"https:\\\/\\\/lasentinelle.dz\\\/author\\\/admin\\\/\"}]}<\/script>\n<!-- \/ Yoast SEO plugin. -->","yoast_head_json":{"title":"Attaf en visite officielle en Tunisie: La coop\u00e9ration bilat\u00e9rale au c\u0153ur des discussions - La Sentinelle","robots":{"index":"index","follow":"follow","max-snippet":"max-snippet:-1","max-image-preview":"max-image-preview:large","max-video-preview":"max-video-preview:-1"},"canonical":"https:\/\/lasentinelle.dz\/index.php\/2025\/04\/10\/attaf-en-visite-officielle-en-tunisie-la-cooperation-bilaterale-au-coeur-des-discussions\/","og_locale":"fr_FR","og_type":"article","og_title":"Attaf en visite officielle en Tunisie: La coop\u00e9ration bilat\u00e9rale au c\u0153ur des discussions - La Sentinelle","og_description":"Dans le cadre d&rsquo;une visite officielle en Tunisie en qualit\u00e9 d&rsquo;envoy\u00e9 sp\u00e9cial du pr\u00e9sident de la R\u00e9publique alg\u00e9rienne Abdelmadjid Tebboune,","og_url":"https:\/\/lasentinelle.dz\/index.php\/2025\/04\/10\/attaf-en-visite-officielle-en-tunisie-la-cooperation-bilaterale-au-coeur-des-discussions\/","og_site_name":"La Sentinelle","article_publisher":"https:\/\/www.facebook.com\/La-Sentinelle-104059864394773","article_published_time":"2025-04-10T12:55:48+00:00","article_modified_time":"2025-04-11T12:56:56+00:00","og_image":[{"width":1600,"height":912,"url":"https:\/\/lasentinelle.dz\/wp-content\/uploads\/2025\/04\/489926968_977362767878090_7024251156960287486_n.jpg","type":"image\/jpeg"}],"author":"admin","twitter_card":"summary_large_image","twitter_misc":{"\u00c9crit par":"admin","Dur\u00e9e de lecture estim\u00e9e":"2 minutes"},"schema":{"@context":"https:\/\/schema.org","@graph":[{"@type":"Article","@id":"https:\/\/lasentinelle.dz\/index.php\/2025\/04\/10\/attaf-en-visite-officielle-en-tunisie-la-cooperation-bilaterale-au-coeur-des-discussions\/#article","isPartOf":{"@id":"https:\/\/lasentinelle.dz\/index.php\/2025\/04\/10\/attaf-en-visite-officielle-en-tunisie-la-cooperation-bilaterale-au-coeur-des-discussions\/"},"author":{"name":"admin","@id":"https:\/\/lasentinelle.dz\/#\/schema\/person\/729ee0024f24e0b8c5ec17232f8e8b41"},"headline":"Attaf en visite officielle en Tunisie: La coop\u00e9ration bilat\u00e9rale au c\u0153ur des discussions","datePublished":"2025-04-10T12:55:48+00:00","dateModified":"2025-04-11T12:56:56+00:00","mainEntityOfPage":{"@id":"https:\/\/lasentinelle.dz\/index.php\/2025\/04\/10\/attaf-en-visite-officielle-en-tunisie-la-cooperation-bilaterale-au-coeur-des-discussions\/"},"wordCount":381,"commentCount":0,"publisher":{"@id":"https:\/\/lasentinelle.dz\/#organization"},"image":{"@id":"https:\/\/lasentinelle.dz\/index.php\/2025\/04\/10\/attaf-en-visite-officielle-en-tunisie-la-cooperation-bilaterale-au-coeur-des-discussions\/#primaryimage"},"thumbnailUrl":"https:\/\/lasentinelle.dz\/wp-content\/uploads\/2025\/04\/489926968_977362767878090_7024251156960287486_n.jpg","articleSection":["Actualit\u00e9"],"inLanguage":"fr-FR","potentialAction":[{"@type":"CommentAction","name":"Comment","target":["https:\/\/lasentinelle.dz\/index.php\/2025\/04\/10\/attaf-en-visite-officielle-en-tunisie-la-cooperation-bilaterale-au-coeur-des-discussions\/#respond"]}]},{"@type":"WebPage","@id":"https:\/\/lasentinelle.dz\/index.php\/2025\/04\/10\/attaf-en-visite-officielle-en-tunisie-la-cooperation-bilaterale-au-coeur-des-discussions\/","url":"https:\/\/lasentinelle.dz\/index.php\/2025\/04\/10\/attaf-en-visite-officielle-en-tunisie-la-cooperation-bilaterale-au-coeur-des-discussions\/","name":"Attaf en visite officielle en Tunisie: La coop\u00e9ration bilat\u00e9rale au c\u0153ur des discussions - La Sentinelle","isPartOf":{"@id":"https:\/\/lasentinelle.dz\/#website"},"primaryImageOfPage":{"@id":"https:\/\/lasentinelle.dz\/index.php\/2025\/04\/10\/attaf-en-visite-officielle-en-tunisie-la-cooperation-bilaterale-au-coeur-des-discussions\/#primaryimage"},"image":{"@id":"https:\/\/lasentinelle.dz\/index.php\/2025\/04\/10\/attaf-en-visite-officielle-en-tunisie-la-cooperation-bilaterale-au-coeur-des-discussions\/#primaryimage"},"thumbnailUrl":"https:\/\/lasentinelle.dz\/wp-content\/uploads\/2025\/04\/489926968_977362767878090_7024251156960287486_n.jpg","datePublished":"2025-04-10T12:55:48+00:00","dateModified":"2025-04-11T12:56:56+00:00","breadcrumb":{"@id":"https:\/\/lasentinelle.dz\/index.php\/2025\/04\/10\/attaf-en-visite-officielle-en-tunisie-la-cooperation-bilaterale-au-coeur-des-discussions\/#breadcrumb"},"inLanguage":"fr-FR","potentialAction":[{"@type":"ReadAction","target":["https:\/\/lasentinelle.dz\/index.php\/2025\/04\/10\/attaf-en-visite-officielle-en-tunisie-la-cooperation-bilaterale-au-coeur-des-discussions\/"]}]},{"@type":"ImageObject","inLanguage":"fr-FR","@id":"https:\/\/lasentinelle.dz\/index.php\/2025\/04\/10\/attaf-en-visite-officielle-en-tunisie-la-cooperation-bilaterale-au-coeur-des-discussions\/#primaryimage","url":"https:\/\/lasentinelle.dz\/wp-content\/uploads\/2025\/04\/489926968_977362767878090_7024251156960287486_n.jpg","contentUrl":"https:\/\/lasentinelle.dz\/wp-content\/uploads\/2025\/04\/489926968_977362767878090_7024251156960287486_n.jpg","width":1600,"height":912},{"@type":"BreadcrumbList","@id":"https:\/\/lasentinelle.dz\/index.php\/2025\/04\/10\/attaf-en-visite-officielle-en-tunisie-la-cooperation-bilaterale-au-coeur-des-discussions\/#breadcrumb","itemListElement":[{"@type":"ListItem","position":1,"name":"Accueil","item":"https:\/\/lasentinelle.dz\/"},{"@type":"ListItem","position":2,"name":"Attaf en visite officielle en Tunisie: La coop\u00e9ration bilat\u00e9rale au c\u0153ur des discussions"}]},{"@type":"WebSite","@id":"https:\/\/lasentinelle.dz\/#website","url":"https:\/\/lasentinelle.dz\/","name":"La Sentinelle","description":"Quotidien national d&#039;information","publisher":{"@id":"https:\/\/lasentinelle.dz\/#organization"},"potentialAction":[{"@type":"SearchAction","target":{"@type":"EntryPoint","urlTemplate":"https:\/\/lasentinelle.dz\/?s={search_term_string}"},"query-input":{"@type":"PropertyValueSpecification","valueRequired":true,"valueName":"search_term_string"}}],"inLanguage":"fr-FR"},{"@type":"Organization","@id":"https:\/\/lasentinelle.dz\/#organization","name":"Quotidien La Sentinelle","url":"https:\/\/lasentinelle.dz\/","logo":{"@type":"ImageObject","inLanguage":"fr-FR","@id":"https:\/\/lasentinelle.dz\/#\/schema\/logo\/image\/","url":"https:\/\/lasentinelle.dz\/wp-content\/uploads\/2021\/09\/logo-sentinelleSLOGAN-1.png","contentUrl":"https:\/\/lasentinelle.dz\/wp-content\/uploads\/2021\/09\/logo-sentinelleSLOGAN-1.png","width":615,"height":142,"caption":"Quotidien La Sentinelle"},"image":{"@id":"https:\/\/lasentinelle.dz\/#\/schema\/logo\/image\/"},"sameAs":["https:\/\/www.facebook.com\/La-Sentinelle-104059864394773"]},{"@type":"Person","@id":"https:\/\/lasentinelle.dz\/#\/schema\/person\/729ee0024f24e0b8c5ec17232f8e8b41","name":"admin","image":{"@type":"ImageObject","inLanguage":"fr-FR","@id":"https:\/\/secure.gravatar.com\/avatar\/4c81fed838786e9b53f540bf46533e750f5d292099ae3b66cfc6fb1982e29df7?s=96&d=mm&r=g","url":"https:\/\/secure.gravatar.com\/avatar\/4c81fed838786e9b53f540bf46533e750f5d292099ae3b66cfc6fb1982e29df7?s=96&d=mm&r=g","contentUrl":"https:\/\/secure.gravatar.com\/avatar\/4c81fed838786e9b53f540bf46533e750f5d292099ae3b66cfc6fb1982e29df7?s=96&d=mm&r=g","caption":"admin"},"description":"admin","url":"https:\/\/lasentinelle.dz\/author\/admin\/"}]}},"_links":{"self":[{"href":"https:\/\/lasentinelle.dz\/index.php\/wp-json\/wp\/v2\/posts\/65430","targetHints":{"allow":["GET"]}}],"collection":[{"href":"https:\/\/lasentinelle.dz\/index.php\/wp-json\/wp\/v2\/posts"}],"about":[{"href":"https:\/\/lasentinelle.dz\/index.php\/wp-json\/wp\/v2\/types\/post"}],"author":[{"embeddable":true,"href":"https:\/\/lasentinelle.dz\/index.php\/wp-json\/wp\/v2\/users\/6"}],"replies":[{"embeddable":true,"href":"https:\/\/lasentinelle.dz\/index.php\/wp-json\/wp\/v2\/comments?post=65430"}],"version-history":[{"count":1,"href":"https:\/\/lasentinelle.dz\/index.php\/wp-json\/wp\/v2\/posts\/65430\/revisions"}],"predecessor-version":[{"id":65432,"href":"https:\/\/lasentinelle.dz\/index.php\/wp-json\/wp\/v2\/posts\/65430\/revisions\/65432"}],"wp:featuredmedia":[{"embeddable":true,"href":"https:\/\/lasentinelle.dz\/index.php\/wp-json\/wp\/v2\/media\/65431"}],"wp:attachment":[{"href":"https:\/\/lasentinelle.dz\/index.php\/wp-json\/wp\/v2\/media?parent=65430"}],"wp:term":[{"taxonomy":"category","embeddable":true,"href":"https:\/\/lasentinelle.dz\/index.php\/wp-json\/wp\/v2\/categories?post=65430"},{"taxonomy":"post_tag","embeddable":true,"href":"https:\/\/lasentinelle.dz\/index.php\/wp-json\/wp\/v2\/tags?post=65430"}],"curies":[{"name":"wp","href":"https:\/\/api.w.org\/{rel}","templated":true}]}}