{"id":65456,"date":"2025-04-12T13:26:02","date_gmt":"2025-04-12T12:26:02","guid":{"rendered":"https:\/\/lasentinelle.dz\/?p=65456"},"modified":"2025-04-12T13:26:03","modified_gmt":"2025-04-12T12:26:03","slug":"professionnalisation-du-football-algerien-sadi-reaffirme-son-engagement","status":"publish","type":"post","link":"https:\/\/lasentinelle.dz\/index.php\/2025\/04\/12\/professionnalisation-du-football-algerien-sadi-reaffirme-son-engagement\/","title":{"rendered":"Professionnalisation du football alg\u00e9rien : Sadi r\u00e9affirme son engagement"},"content":{"rendered":"\n<p>Le ministre des Sports, Walid Sadi, a r\u00e9affirm\u00e9 avec force son engagement \u00e0 accompagner les clubs alg\u00e9riens de football dans leur d\u00e9marche de professionnalisation, lors de l&rsquo;ouverture d&rsquo;un s\u00e9minaire d\u00e9di\u00e9 \u00e0 ce sujet qui s&rsquo;est tenu mercredi et jeudi \u00e0 Alger.<\/p>\n\n\n\n<p>Cet \u00e9v\u00e9nement, organis\u00e9 conjointement par la F\u00e9d\u00e9ration alg\u00e9rienne de football (FAF) et la F\u00e9d\u00e9ration internationale de football (FIFA), marque une \u00e9tape importante dans la volont\u00e9 des autorit\u00e9s sportives de hisser le football national aux standards internationaux. La rencontre a rassembl\u00e9 les pr\u00e9sidents et secr\u00e9taires g\u00e9n\u00e9raux des seize clubs de la Ligue 1 professionnelle, ainsi que plusieurs cadres dirigeants de l&rsquo;instance f\u00e9d\u00e9rale, cr\u00e9ant ainsi un espace d&rsquo;\u00e9change privil\u00e9gi\u00e9 entre les diff\u00e9rents acteurs du football alg\u00e9rien. Dans son allocution d&rsquo;ouverture, Walid Sadi a pr\u00e9cis\u00e9 que cette rencontre visait \u00e0 \u00ab\u00a0clarifier les pratiques op\u00e9rationnelles et les strat\u00e9gies qui contribuent \u00e0 une gestion efficace, une gouvernance transparente et \u00e0 renforcer la comp\u00e9titivit\u00e9\u00a0\u00bb, ainsi qu&rsquo;\u00e0 \u00ab\u00a0promouvoir la culture du professionnalisme dans le sport en g\u00e9n\u00e9ral\u00a0\u00bb. Ces propos soulignent l&rsquo;ambition du minist\u00e8re des Sports de d\u00e9passer le cadre strict du football pour instaurer une v\u00e9ritable culture du professionnalisme dans l&rsquo;ensemble du paysage sportif alg\u00e9rien. Le ministre a \u00e9galement mis en avant l&rsquo;importance de la pr\u00e9sence d&rsquo;experts et sp\u00e9cialistes internationaux pour animer les diff\u00e9rentes sessions de travail, exprimant sa conviction que cette conf\u00e9rence aurait \u00ab\u00a0sans aucun doute des effets positifs\u00a0\u00bb, \u00e0 l&rsquo;instar des avanc\u00e9es notables d\u00e9j\u00e0 observ\u00e9es dans la modernisation de l&rsquo;arbitrage avec l&rsquo;introduction de la technologie \u00ab\u00a0VAR\u00a0\u00bb (assistance vid\u00e9o \u00e0 l&rsquo;arbitrage). Cette r\u00e9f\u00e9rence aux progr\u00e8s technologiques r\u00e9cemment int\u00e9gr\u00e9s au football alg\u00e9rien t\u00e9moigne d&rsquo;une volont\u00e9 de poursuivre la modernisation du secteur sur tous les fronts. Le ministre Sadi ne s&rsquo;est pas arr\u00eat\u00e9 l\u00e0, projetant ses ambitions bien au-del\u00e0 de ce s\u00e9minaire. Il a exprim\u00e9 l&rsquo;espoir que \u00ab\u00a0cette initiative soit compl\u00e9t\u00e9e par d&rsquo;autres projets visant \u00e0 atteindre de nouveaux objectifs\u00a0\u00bb, parmi lesquels \u00ab\u00a0le d\u00e9veloppement du football f\u00e9minin, du futsal, et d&rsquo;autres domaines renfor\u00e7ant la coop\u00e9ration technique qui profite au football et \u00e0 la coop\u00e9ration strat\u00e9gique entre la FAF et la FIFA\u00a0\u00bb. Cette vision globale d\u00e9montre une approche inclusive du d\u00e9veloppement du football, ne se limitant pas uniquement au secteur masculin professionnel mais englobant toutes les facettes de ce sport populaire. Le s\u00e9minaire, qui s&rsquo;est d\u00e9roul\u00e9 sur deux jours, a permis d&rsquo;aborder des th\u00e9matiques essentielles \u00e0 la bonne gestion des clubs professionnels, telles que la gouvernance, les finances, le d\u00e9veloppement commercial ou encore l&rsquo;organisation des comp\u00e9titions. Ces sujets r\u00e9pondent aux d\u00e9fis majeurs que rencontrent aujourd&rsquo;hui les clubs alg\u00e9riens dans leur qu\u00eate de professionnalisation. Lors de la seconde journ\u00e9e, les experts mandat\u00e9s par la FIFA ont approfondi les questions financi\u00e8res ainsi que les dimensions commerciale et marketing, dans le but d&rsquo;outiller les participants aux bonnes pratiques de gestion et de structuration des clubs professionnels. Ces sessions pratiques ont \u00e9t\u00e9 particuli\u00e8rement appr\u00e9ci\u00e9es par les repr\u00e9sentants des clubs, qui ont exprim\u00e9 leur satisfaction quant \u00e0 la qualit\u00e9 des contenus pr\u00e9sent\u00e9s. Ils ont notamment salu\u00e9 l&rsquo;initiative conjointe de la FAF et de la FIFA en faveur d&rsquo;un accompagnement technique et institutionnel durable, reconnaissant l&rsquo;importance de telles formations pour le d\u00e9veloppement de leurs structures. La cl\u00f4ture du s\u00e9minaire a \u00e9t\u00e9 marqu\u00e9e par une c\u00e9r\u00e9monie de remise d&rsquo;attestations de participation aux repr\u00e9sentants des clubs, pr\u00e9sid\u00e9e par le secr\u00e9taire g\u00e9n\u00e9ral de la FAF, Nadir Bouzned, et le responsable du bureau r\u00e9gional de la FIFA pour l&rsquo;Afrique du Nord (UNAF) et l&rsquo;Afrique centrale et de l&rsquo;Est (CECAFA), Davis Ndayisenga. Ce moment solennel a permis de valoriser l&rsquo;engagement des participants et de formaliser leur implication dans cette d\u00e9marche de professionnalisation. Cette initiative s&rsquo;inscrit dans la continuit\u00e9 des efforts men\u00e9s par la FAF pour encadrer et accompagner les clubs alg\u00e9riens dans leur processus de d\u00e9veloppement durable. L&rsquo;objectif affich\u00e9 est de cr\u00e9er des conditions optimales pour l&rsquo;\u00e9panouissement du professionnalisme en Alg\u00e9rie, un d\u00e9fi de taille face aux r\u00e9alit\u00e9s \u00e9conomiques et structurelles du pays. \u00c0 travers ce s\u00e9minaire, l&rsquo;instance f\u00e9d\u00e9rale r\u00e9affirme sa volont\u00e9 de renforcer les comp\u00e9tences des acteurs du football alg\u00e9rien afin de faire progresser leurs structures \u00e0 tous les niveaux, tant sur le terrain qu&rsquo;en dehors. Cette approche holistique t\u00e9moigne d&rsquo;une prise de conscience des multiples facteurs qui contribuent au succ\u00e8s d&rsquo;un club professionnel moderne. Pour la F\u00e9d\u00e9ration Alg\u00e9rienne de Football, l&rsquo;enjeu est de taille. Il s&rsquo;agit de transformer en profondeur les pratiques et les mentalit\u00e9s pour aligner le football national sur les standards internationaux. \u00c0 l&rsquo;issue de ces deux journ\u00e9es de formation intensive, la FAF a r\u00e9affirm\u00e9 son engagement \u00e0 poursuivre ses efforts en mati\u00e8re d&rsquo;accompagnement, de formation et de mise \u00e0 niveau des acteurs du football professionnel, en partenariat avec les instances internationales. Cette collaboration avec la FIFA appara\u00eet comme un atout majeur pour b\u00e9n\u00e9ficier des meilleures pratiques mondiales et adapter ces mod\u00e8les au contexte sp\u00e9cifique du football alg\u00e9rien.<\/p>\n\n\n\n<p>M. Dahleb<\/p>\n","protected":false},"excerpt":{"rendered":"<p>Le ministre des Sports, Walid Sadi, a r\u00e9affirm\u00e9 avec force son engagement \u00e0 accompagner les clubs alg\u00e9riens de football dans<\/p>\n","protected":false},"author":6,"featured_media":65457,"comment_status":"open","ping_status":"closed","sticky":false,"template":"","format":"standard","meta":{"colormag_page_container_layout":"default_layout","colormag_page_sidebar_layout":"default_layout","om_disable_all_campaigns":false,"_monsterinsights_skip_tracking":false,"_monsterinsights_sitenote_active":false,"_monsterinsights_sitenote_note":"","_monsterinsights_sitenote_category":0,"footnotes":"","_wpscppro_dont_share_socialmedia":false,"_wpscppro_custom_social_share_image":0,"_facebook_share_type":"default","_twitter_share_type":"default","_linkedin_share_type":"default","_pinterest_share_type":"default","_linkedin_share_type_page":"","_instagram_share_type":"default","_medium_share_type":"default","_threads_share_type":"","_google_business_share_type":"","_selected_social_profile":[],"_wpsp_enable_custom_social_template":false,"_wpsp_social_scheduling":{"enabled":false,"datetime":null,"platforms":[],"status":"template_only","dateOption":"today","timeOption":"now","customDays":"","customHours":"","customDate":"","customTime":"","schedulingType":"absolute"},"_wpsp_active_default_template":true},"categories":[33],"tags":[],"class_list":["post-65456","post","type-post","status-publish","format-standard","has-post-thumbnail","hentry","category-sports"],"aioseo_notices":[],"yoast_head":"<!-- This site is optimized with the Yoast SEO plugin v27.5 - https:\/\/yoast.com\/product\/yoast-seo-wordpress\/ -->\n<title>Professionnalisation du football alg\u00e9rien : Sadi r\u00e9affirme son engagement - La Sentinelle<\/title>\n<meta name=\"robots\" content=\"index, follow, max-snippet:-1, max-image-preview:large, max-video-preview:-1\" \/>\n<link rel=\"canonical\" href=\"https:\/\/lasentinelle.dz\/index.php\/2025\/04\/12\/professionnalisation-du-football-algerien-sadi-reaffirme-son-engagement\/\" \/>\n<meta property=\"og:locale\" content=\"fr_FR\" \/>\n<meta property=\"og:type\" content=\"article\" \/>\n<meta property=\"og:title\" content=\"Professionnalisation du football alg\u00e9rien : Sadi r\u00e9affirme son engagement - La Sentinelle\" \/>\n<meta property=\"og:description\" content=\"Le ministre des Sports, Walid Sadi, a r\u00e9affirm\u00e9 avec force son engagement \u00e0 accompagner les clubs alg\u00e9riens de football dans\" \/>\n<meta property=\"og:url\" content=\"https:\/\/lasentinelle.dz\/index.php\/2025\/04\/12\/professionnalisation-du-football-algerien-sadi-reaffirme-son-engagement\/\" \/>\n<meta property=\"og:site_name\" content=\"La Sentinelle\" \/>\n<meta property=\"article:publisher\" content=\"https:\/\/www.facebook.com\/La-Sentinelle-104059864394773\" \/>\n<meta property=\"article:published_time\" content=\"2025-04-12T12:26:02+00:00\" \/>\n<meta property=\"article:modified_time\" content=\"2025-04-12T12:26:03+00:00\" \/>\n<meta property=\"og:image\" content=\"https:\/\/lasentinelle.dz\/wp-content\/uploads\/2025\/04\/Sadi.webp\" \/>\n\t<meta property=\"og:image:width\" content=\"900\" \/>\n\t<meta property=\"og:image:height\" content=\"675\" \/>\n\t<meta property=\"og:image:type\" content=\"image\/webp\" \/>\n<meta name=\"author\" content=\"admin\" \/>\n<meta name=\"twitter:card\" content=\"summary_large_image\" \/>\n<meta name=\"twitter:label1\" content=\"\u00c9crit par\" \/>\n\t<meta name=\"twitter:data1\" content=\"admin\" \/>\n\t<meta name=\"twitter:label2\" content=\"Dur\u00e9e de lecture estim\u00e9e\" \/>\n\t<meta name=\"twitter:data2\" content=\"5 minutes\" \/>\n<script type=\"application\/ld+json\" class=\"yoast-schema-graph\">{\"@context\":\"https:\\\/\\\/schema.org\",\"@graph\":[{\"@type\":\"Article\",\"@id\":\"https:\\\/\\\/lasentinelle.dz\\\/index.php\\\/2025\\\/04\\\/12\\\/professionnalisation-du-football-algerien-sadi-reaffirme-son-engagement\\\/#article\",\"isPartOf\":{\"@id\":\"https:\\\/\\\/lasentinelle.dz\\\/index.php\\\/2025\\\/04\\\/12\\\/professionnalisation-du-football-algerien-sadi-reaffirme-son-engagement\\\/\"},\"author\":{\"name\":\"admin\",\"@id\":\"https:\\\/\\\/lasentinelle.dz\\\/#\\\/schema\\\/person\\\/729ee0024f24e0b8c5ec17232f8e8b41\"},\"headline\":\"Professionnalisation du football alg\u00e9rien : Sadi r\u00e9affirme son engagement\",\"datePublished\":\"2025-04-12T12:26:02+00:00\",\"dateModified\":\"2025-04-12T12:26:03+00:00\",\"mainEntityOfPage\":{\"@id\":\"https:\\\/\\\/lasentinelle.dz\\\/index.php\\\/2025\\\/04\\\/12\\\/professionnalisation-du-football-algerien-sadi-reaffirme-son-engagement\\\/\"},\"wordCount\":941,\"commentCount\":0,\"publisher\":{\"@id\":\"https:\\\/\\\/lasentinelle.dz\\\/#organization\"},\"image\":{\"@id\":\"https:\\\/\\\/lasentinelle.dz\\\/index.php\\\/2025\\\/04\\\/12\\\/professionnalisation-du-football-algerien-sadi-reaffirme-son-engagement\\\/#primaryimage\"},\"thumbnailUrl\":\"https:\\\/\\\/lasentinelle.dz\\\/wp-content\\\/uploads\\\/2025\\\/04\\\/Sadi.webp\",\"articleSection\":[\"Sports\"],\"inLanguage\":\"fr-FR\",\"potentialAction\":[{\"@type\":\"CommentAction\",\"name\":\"Comment\",\"target\":[\"https:\\\/\\\/lasentinelle.dz\\\/index.php\\\/2025\\\/04\\\/12\\\/professionnalisation-du-football-algerien-sadi-reaffirme-son-engagement\\\/#respond\"]}]},{\"@type\":\"WebPage\",\"@id\":\"https:\\\/\\\/lasentinelle.dz\\\/index.php\\\/2025\\\/04\\\/12\\\/professionnalisation-du-football-algerien-sadi-reaffirme-son-engagement\\\/\",\"url\":\"https:\\\/\\\/lasentinelle.dz\\\/index.php\\\/2025\\\/04\\\/12\\\/professionnalisation-du-football-algerien-sadi-reaffirme-son-engagement\\\/\",\"name\":\"Professionnalisation du football alg\u00e9rien : Sadi r\u00e9affirme son engagement - La Sentinelle\",\"isPartOf\":{\"@id\":\"https:\\\/\\\/lasentinelle.dz\\\/#website\"},\"primaryImageOfPage\":{\"@id\":\"https:\\\/\\\/lasentinelle.dz\\\/index.php\\\/2025\\\/04\\\/12\\\/professionnalisation-du-football-algerien-sadi-reaffirme-son-engagement\\\/#primaryimage\"},\"image\":{\"@id\":\"https:\\\/\\\/lasentinelle.dz\\\/index.php\\\/2025\\\/04\\\/12\\\/professionnalisation-du-football-algerien-sadi-reaffirme-son-engagement\\\/#primaryimage\"},\"thumbnailUrl\":\"https:\\\/\\\/lasentinelle.dz\\\/wp-content\\\/uploads\\\/2025\\\/04\\\/Sadi.webp\",\"datePublished\":\"2025-04-12T12:26:02+00:00\",\"dateModified\":\"2025-04-12T12:26:03+00:00\",\"breadcrumb\":{\"@id\":\"https:\\\/\\\/lasentinelle.dz\\\/index.php\\\/2025\\\/04\\\/12\\\/professionnalisation-du-football-algerien-sadi-reaffirme-son-engagement\\\/#breadcrumb\"},\"inLanguage\":\"fr-FR\",\"potentialAction\":[{\"@type\":\"ReadAction\",\"target\":[\"https:\\\/\\\/lasentinelle.dz\\\/index.php\\\/2025\\\/04\\\/12\\\/professionnalisation-du-football-algerien-sadi-reaffirme-son-engagement\\\/\"]}]},{\"@type\":\"ImageObject\",\"inLanguage\":\"fr-FR\",\"@id\":\"https:\\\/\\\/lasentinelle.dz\\\/index.php\\\/2025\\\/04\\\/12\\\/professionnalisation-du-football-algerien-sadi-reaffirme-son-engagement\\\/#primaryimage\",\"url\":\"https:\\\/\\\/lasentinelle.dz\\\/wp-content\\\/uploads\\\/2025\\\/04\\\/Sadi.webp\",\"contentUrl\":\"https:\\\/\\\/lasentinelle.dz\\\/wp-content\\\/uploads\\\/2025\\\/04\\\/Sadi.webp\",\"width\":900,\"height\":675},{\"@type\":\"BreadcrumbList\",\"@id\":\"https:\\\/\\\/lasentinelle.dz\\\/index.php\\\/2025\\\/04\\\/12\\\/professionnalisation-du-football-algerien-sadi-reaffirme-son-engagement\\\/#breadcrumb\",\"itemListElement\":[{\"@type\":\"ListItem\",\"position\":1,\"name\":\"Accueil\",\"item\":\"https:\\\/\\\/lasentinelle.dz\\\/\"},{\"@type\":\"ListItem\",\"position\":2,\"name\":\"Professionnalisation du football alg\u00e9rien : Sadi r\u00e9affirme son engagement\"}]},{\"@type\":\"WebSite\",\"@id\":\"https:\\\/\\\/lasentinelle.dz\\\/#website\",\"url\":\"https:\\\/\\\/lasentinelle.dz\\\/\",\"name\":\"La Sentinelle\",\"description\":\"Quotidien national d&#039;information\",\"publisher\":{\"@id\":\"https:\\\/\\\/lasentinelle.dz\\\/#organization\"},\"potentialAction\":[{\"@type\":\"SearchAction\",\"target\":{\"@type\":\"EntryPoint\",\"urlTemplate\":\"https:\\\/\\\/lasentinelle.dz\\\/?s={search_term_string}\"},\"query-input\":{\"@type\":\"PropertyValueSpecification\",\"valueRequired\":true,\"valueName\":\"search_term_string\"}}],\"inLanguage\":\"fr-FR\"},{\"@type\":\"Organization\",\"@id\":\"https:\\\/\\\/lasentinelle.dz\\\/#organization\",\"name\":\"Quotidien La Sentinelle\",\"url\":\"https:\\\/\\\/lasentinelle.dz\\\/\",\"logo\":{\"@type\":\"ImageObject\",\"inLanguage\":\"fr-FR\",\"@id\":\"https:\\\/\\\/lasentinelle.dz\\\/#\\\/schema\\\/logo\\\/image\\\/\",\"url\":\"https:\\\/\\\/lasentinelle.dz\\\/wp-content\\\/uploads\\\/2021\\\/09\\\/logo-sentinelleSLOGAN-1.png\",\"contentUrl\":\"https:\\\/\\\/lasentinelle.dz\\\/wp-content\\\/uploads\\\/2021\\\/09\\\/logo-sentinelleSLOGAN-1.png\",\"width\":615,\"height\":142,\"caption\":\"Quotidien La Sentinelle\"},\"image\":{\"@id\":\"https:\\\/\\\/lasentinelle.dz\\\/#\\\/schema\\\/logo\\\/image\\\/\"},\"sameAs\":[\"https:\\\/\\\/www.facebook.com\\\/La-Sentinelle-104059864394773\"]},{\"@type\":\"Person\",\"@id\":\"https:\\\/\\\/lasentinelle.dz\\\/#\\\/schema\\\/person\\\/729ee0024f24e0b8c5ec17232f8e8b41\",\"name\":\"admin\",\"image\":{\"@type\":\"ImageObject\",\"inLanguage\":\"fr-FR\",\"@id\":\"https:\\\/\\\/secure.gravatar.com\\\/avatar\\\/4c81fed838786e9b53f540bf46533e750f5d292099ae3b66cfc6fb1982e29df7?s=96&d=mm&r=g\",\"url\":\"https:\\\/\\\/secure.gravatar.com\\\/avatar\\\/4c81fed838786e9b53f540bf46533e750f5d292099ae3b66cfc6fb1982e29df7?s=96&d=mm&r=g\",\"contentUrl\":\"https:\\\/\\\/secure.gravatar.com\\\/avatar\\\/4c81fed838786e9b53f540bf46533e750f5d292099ae3b66cfc6fb1982e29df7?s=96&d=mm&r=g\",\"caption\":\"admin\"},\"description\":\"admin\",\"url\":\"https:\\\/\\\/lasentinelle.dz\\\/author\\\/admin\\\/\"}]}<\/script>\n<!-- \/ Yoast SEO plugin. -->","yoast_head_json":{"title":"Professionnalisation du football alg\u00e9rien : Sadi r\u00e9affirme son engagement - La Sentinelle","robots":{"index":"index","follow":"follow","max-snippet":"max-snippet:-1","max-image-preview":"max-image-preview:large","max-video-preview":"max-video-preview:-1"},"canonical":"https:\/\/lasentinelle.dz\/index.php\/2025\/04\/12\/professionnalisation-du-football-algerien-sadi-reaffirme-son-engagement\/","og_locale":"fr_FR","og_type":"article","og_title":"Professionnalisation du football alg\u00e9rien : Sadi r\u00e9affirme son engagement - La Sentinelle","og_description":"Le ministre des Sports, Walid Sadi, a r\u00e9affirm\u00e9 avec force son engagement \u00e0 accompagner les clubs alg\u00e9riens de football dans","og_url":"https:\/\/lasentinelle.dz\/index.php\/2025\/04\/12\/professionnalisation-du-football-algerien-sadi-reaffirme-son-engagement\/","og_site_name":"La Sentinelle","article_publisher":"https:\/\/www.facebook.com\/La-Sentinelle-104059864394773","article_published_time":"2025-04-12T12:26:02+00:00","article_modified_time":"2025-04-12T12:26:03+00:00","og_image":[{"width":900,"height":675,"url":"https:\/\/lasentinelle.dz\/wp-content\/uploads\/2025\/04\/Sadi.webp","type":"image\/webp"}],"author":"admin","twitter_card":"summary_large_image","twitter_misc":{"\u00c9crit par":"admin","Dur\u00e9e de lecture estim\u00e9e":"5 minutes"},"schema":{"@context":"https:\/\/schema.org","@graph":[{"@type":"Article","@id":"https:\/\/lasentinelle.dz\/index.php\/2025\/04\/12\/professionnalisation-du-football-algerien-sadi-reaffirme-son-engagement\/#article","isPartOf":{"@id":"https:\/\/lasentinelle.dz\/index.php\/2025\/04\/12\/professionnalisation-du-football-algerien-sadi-reaffirme-son-engagement\/"},"author":{"name":"admin","@id":"https:\/\/lasentinelle.dz\/#\/schema\/person\/729ee0024f24e0b8c5ec17232f8e8b41"},"headline":"Professionnalisation du football alg\u00e9rien : Sadi r\u00e9affirme son engagement","datePublished":"2025-04-12T12:26:02+00:00","dateModified":"2025-04-12T12:26:03+00:00","mainEntityOfPage":{"@id":"https:\/\/lasentinelle.dz\/index.php\/2025\/04\/12\/professionnalisation-du-football-algerien-sadi-reaffirme-son-engagement\/"},"wordCount":941,"commentCount":0,"publisher":{"@id":"https:\/\/lasentinelle.dz\/#organization"},"image":{"@id":"https:\/\/lasentinelle.dz\/index.php\/2025\/04\/12\/professionnalisation-du-football-algerien-sadi-reaffirme-son-engagement\/#primaryimage"},"thumbnailUrl":"https:\/\/lasentinelle.dz\/wp-content\/uploads\/2025\/04\/Sadi.webp","articleSection":["Sports"],"inLanguage":"fr-FR","potentialAction":[{"@type":"CommentAction","name":"Comment","target":["https:\/\/lasentinelle.dz\/index.php\/2025\/04\/12\/professionnalisation-du-football-algerien-sadi-reaffirme-son-engagement\/#respond"]}]},{"@type":"WebPage","@id":"https:\/\/lasentinelle.dz\/index.php\/2025\/04\/12\/professionnalisation-du-football-algerien-sadi-reaffirme-son-engagement\/","url":"https:\/\/lasentinelle.dz\/index.php\/2025\/04\/12\/professionnalisation-du-football-algerien-sadi-reaffirme-son-engagement\/","name":"Professionnalisation du football alg\u00e9rien : Sadi r\u00e9affirme son engagement - La Sentinelle","isPartOf":{"@id":"https:\/\/lasentinelle.dz\/#website"},"primaryImageOfPage":{"@id":"https:\/\/lasentinelle.dz\/index.php\/2025\/04\/12\/professionnalisation-du-football-algerien-sadi-reaffirme-son-engagement\/#primaryimage"},"image":{"@id":"https:\/\/lasentinelle.dz\/index.php\/2025\/04\/12\/professionnalisation-du-football-algerien-sadi-reaffirme-son-engagement\/#primaryimage"},"thumbnailUrl":"https:\/\/lasentinelle.dz\/wp-content\/uploads\/2025\/04\/Sadi.webp","datePublished":"2025-04-12T12:26:02+00:00","dateModified":"2025-04-12T12:26:03+00:00","breadcrumb":{"@id":"https:\/\/lasentinelle.dz\/index.php\/2025\/04\/12\/professionnalisation-du-football-algerien-sadi-reaffirme-son-engagement\/#breadcrumb"},"inLanguage":"fr-FR","potentialAction":[{"@type":"ReadAction","target":["https:\/\/lasentinelle.dz\/index.php\/2025\/04\/12\/professionnalisation-du-football-algerien-sadi-reaffirme-son-engagement\/"]}]},{"@type":"ImageObject","inLanguage":"fr-FR","@id":"https:\/\/lasentinelle.dz\/index.php\/2025\/04\/12\/professionnalisation-du-football-algerien-sadi-reaffirme-son-engagement\/#primaryimage","url":"https:\/\/lasentinelle.dz\/wp-content\/uploads\/2025\/04\/Sadi.webp","contentUrl":"https:\/\/lasentinelle.dz\/wp-content\/uploads\/2025\/04\/Sadi.webp","width":900,"height":675},{"@type":"BreadcrumbList","@id":"https:\/\/lasentinelle.dz\/index.php\/2025\/04\/12\/professionnalisation-du-football-algerien-sadi-reaffirme-son-engagement\/#breadcrumb","itemListElement":[{"@type":"ListItem","position":1,"name":"Accueil","item":"https:\/\/lasentinelle.dz\/"},{"@type":"ListItem","position":2,"name":"Professionnalisation du football alg\u00e9rien : Sadi r\u00e9affirme son engagement"}]},{"@type":"WebSite","@id":"https:\/\/lasentinelle.dz\/#website","url":"https:\/\/lasentinelle.dz\/","name":"La Sentinelle","description":"Quotidien national d&#039;information","publisher":{"@id":"https:\/\/lasentinelle.dz\/#organization"},"potentialAction":[{"@type":"SearchAction","target":{"@type":"EntryPoint","urlTemplate":"https:\/\/lasentinelle.dz\/?s={search_term_string}"},"query-input":{"@type":"PropertyValueSpecification","valueRequired":true,"valueName":"search_term_string"}}],"inLanguage":"fr-FR"},{"@type":"Organization","@id":"https:\/\/lasentinelle.dz\/#organization","name":"Quotidien La Sentinelle","url":"https:\/\/lasentinelle.dz\/","logo":{"@type":"ImageObject","inLanguage":"fr-FR","@id":"https:\/\/lasentinelle.dz\/#\/schema\/logo\/image\/","url":"https:\/\/lasentinelle.dz\/wp-content\/uploads\/2021\/09\/logo-sentinelleSLOGAN-1.png","contentUrl":"https:\/\/lasentinelle.dz\/wp-content\/uploads\/2021\/09\/logo-sentinelleSLOGAN-1.png","width":615,"height":142,"caption":"Quotidien La Sentinelle"},"image":{"@id":"https:\/\/lasentinelle.dz\/#\/schema\/logo\/image\/"},"sameAs":["https:\/\/www.facebook.com\/La-Sentinelle-104059864394773"]},{"@type":"Person","@id":"https:\/\/lasentinelle.dz\/#\/schema\/person\/729ee0024f24e0b8c5ec17232f8e8b41","name":"admin","image":{"@type":"ImageObject","inLanguage":"fr-FR","@id":"https:\/\/secure.gravatar.com\/avatar\/4c81fed838786e9b53f540bf46533e750f5d292099ae3b66cfc6fb1982e29df7?s=96&d=mm&r=g","url":"https:\/\/secure.gravatar.com\/avatar\/4c81fed838786e9b53f540bf46533e750f5d292099ae3b66cfc6fb1982e29df7?s=96&d=mm&r=g","contentUrl":"https:\/\/secure.gravatar.com\/avatar\/4c81fed838786e9b53f540bf46533e750f5d292099ae3b66cfc6fb1982e29df7?s=96&d=mm&r=g","caption":"admin"},"description":"admin","url":"https:\/\/lasentinelle.dz\/author\/admin\/"}]}},"_links":{"self":[{"href":"https:\/\/lasentinelle.dz\/index.php\/wp-json\/wp\/v2\/posts\/65456","targetHints":{"allow":["GET"]}}],"collection":[{"href":"https:\/\/lasentinelle.dz\/index.php\/wp-json\/wp\/v2\/posts"}],"about":[{"href":"https:\/\/lasentinelle.dz\/index.php\/wp-json\/wp\/v2\/types\/post"}],"author":[{"embeddable":true,"href":"https:\/\/lasentinelle.dz\/index.php\/wp-json\/wp\/v2\/users\/6"}],"replies":[{"embeddable":true,"href":"https:\/\/lasentinelle.dz\/index.php\/wp-json\/wp\/v2\/comments?post=65456"}],"version-history":[{"count":1,"href":"https:\/\/lasentinelle.dz\/index.php\/wp-json\/wp\/v2\/posts\/65456\/revisions"}],"predecessor-version":[{"id":65458,"href":"https:\/\/lasentinelle.dz\/index.php\/wp-json\/wp\/v2\/posts\/65456\/revisions\/65458"}],"wp:featuredmedia":[{"embeddable":true,"href":"https:\/\/lasentinelle.dz\/index.php\/wp-json\/wp\/v2\/media\/65457"}],"wp:attachment":[{"href":"https:\/\/lasentinelle.dz\/index.php\/wp-json\/wp\/v2\/media?parent=65456"}],"wp:term":[{"taxonomy":"category","embeddable":true,"href":"https:\/\/lasentinelle.dz\/index.php\/wp-json\/wp\/v2\/categories?post=65456"},{"taxonomy":"post_tag","embeddable":true,"href":"https:\/\/lasentinelle.dz\/index.php\/wp-json\/wp\/v2\/tags?post=65456"}],"curies":[{"name":"wp","href":"https:\/\/api.w.org\/{rel}","templated":true}]}}