{"id":65496,"date":"2025-04-12T13:39:55","date_gmt":"2025-04-12T12:39:55","guid":{"rendered":"https:\/\/lasentinelle.dz\/?p=65496"},"modified":"2025-04-12T13:39:56","modified_gmt":"2025-04-12T12:39:56","slug":"sahara-occidental-loccupation-marocaine-continue-de-cibler-les-civils-a-laide-de-drones","status":"publish","type":"post","link":"https:\/\/lasentinelle.dz\/index.php\/2025\/04\/12\/sahara-occidental-loccupation-marocaine-continue-de-cibler-les-civils-a-laide-de-drones\/","title":{"rendered":"Sahara occidental : L&rsquo;occupation marocaine continue de cibler les civils \u00e0 l&rsquo;aide de drones"},"content":{"rendered":"\n<p>Un r\u00e9cent rapport du Bureau sahraoui de coordination de l&rsquo;action contre les mines (SMACO) r\u00e9v\u00e8le une intensification alarmante de l&rsquo;utilisation de drones par l&rsquo;occupation marocaine contre des civils sahraouis. Le document, quatri\u00e8me du genre, documente 123 attaques de drones au cours des quatre derni\u00e8res ann\u00e9es, qualifi\u00e9es non pas de simples \u00ab\u00a0op\u00e9rations cibl\u00e9es\u00a0\u00bb mais d'\u00a0\u00bbex\u00e9cutions de masse avec des missiles impitoyables\u00a0\u00bb. Ces agressions ont touch\u00e9 pr\u00e8s de 300 personnes directement ou indirectement, causant plus de 160 victimes entre morts et bless\u00e9s, avec un taux de mortalit\u00e9 atteignant 63% des personnes vis\u00e9es. Le rapport souligne que 49% des victimes \u00e9taient des voyageurs, d\u00e9montrant une strat\u00e9gie d\u00e9lib\u00e9r\u00e9e visant \u00e0 entraver la circulation des personnes et des biens pour \u00ab\u00a0cr\u00e9er un climat de peur et d&rsquo;instabilit\u00e9\u00a0\u00bb paralysant l&rsquo;activit\u00e9 \u00e9conomique. Les attaques se concentrent principalement dans le sud du Sahara occidental (60%), sp\u00e9cifiquement dans les zones \u00e0 l&rsquo;est du mur de sable, confirmant une \u00ab\u00a0escalade militaire syst\u00e9matique\u00a0\u00bb. Le document met en \u00e9vidence le ciblage d&rsquo;enfants et de femmes, avec huit cas d&rsquo;enfants attaqu\u00e9s aux c\u00f4t\u00e9s de leurs familles. Au-del\u00e0 des pertes humaines, ces agressions provoquent de graves cons\u00e9quences psychologiques (stress post-traumatique, anxi\u00e9t\u00e9, d\u00e9pression, troubles du sommeil) et des intoxications dues aux munitions utilis\u00e9es. Ces attaques d\u00e9truisent \u00e9galement les infrastructures et propri\u00e9t\u00e9s priv\u00e9es, an\u00e9antissant des moyens de subsistance avec la destruction de v\u00e9hicules et le massacre de centaines de t\u00eates de b\u00e9tail, for\u00e7ant de nombreuses familles b\u00e9douines \u00e0 fuir. Le SMACO d\u00e9nonce l&rsquo;inaction d&rsquo;institutions internationales comme la Croix-Rouge et des organisations de d\u00e9fense des droits humains face \u00e0 ces violations flagrantes du Premier Protocole additionnel aux Conventions de Gen\u00e8ve, estimant que ce \u00ab\u00a0silence suspect\u00a0\u00bb encourage le Maroc \u00e0 poursuivre ces crimes en l&rsquo;absence de \u00ab\u00a0v\u00e9ritable dissuasion internationale\u00a0\u00bb.<\/p>\n\n\n\n<p>R.N.<\/p>\n","protected":false},"excerpt":{"rendered":"<p>Un r\u00e9cent rapport du Bureau sahraoui de coordination de l&rsquo;action contre les mines (SMACO) r\u00e9v\u00e8le une intensification alarmante de l&rsquo;utilisation<\/p>\n","protected":false},"author":6,"featured_media":65497,"comment_status":"open","ping_status":"closed","sticky":false,"template":"","format":"standard","meta":{"colormag_page_container_layout":"default_layout","colormag_page_sidebar_layout":"default_layout","om_disable_all_campaigns":false,"_monsterinsights_skip_tracking":false,"_monsterinsights_sitenote_active":false,"_monsterinsights_sitenote_note":"","_monsterinsights_sitenote_category":0,"footnotes":"","_wpscppro_dont_share_socialmedia":false,"_wpscppro_custom_social_share_image":0,"_facebook_share_type":"default","_twitter_share_type":"default","_linkedin_share_type":"default","_pinterest_share_type":"default","_linkedin_share_type_page":"","_instagram_share_type":"default","_medium_share_type":"default","_threads_share_type":"","_google_business_share_type":"","_selected_social_profile":[],"_wpsp_enable_custom_social_template":false,"_wpsp_social_scheduling":{"enabled":false,"datetime":null,"platforms":[],"status":"template_only","dateOption":"today","timeOption":"now","customDays":"","customHours":"","customDate":"","customTime":"","schedulingType":"absolute"},"_wpsp_active_default_template":true},"categories":[27],"tags":[],"class_list":["post-65496","post","type-post","status-publish","format-standard","has-post-thumbnail","hentry","category-actualite"],"aioseo_notices":[],"yoast_head":"<!-- This site is optimized with the Yoast SEO plugin v27.5 - https:\/\/yoast.com\/product\/yoast-seo-wordpress\/ -->\n<title>Sahara occidental : L&rsquo;occupation marocaine continue de cibler les civils \u00e0 l&rsquo;aide de drones - La Sentinelle<\/title>\n<meta name=\"robots\" content=\"index, follow, max-snippet:-1, max-image-preview:large, max-video-preview:-1\" \/>\n<link rel=\"canonical\" href=\"https:\/\/lasentinelle.dz\/index.php\/2025\/04\/12\/sahara-occidental-loccupation-marocaine-continue-de-cibler-les-civils-a-laide-de-drones\/\" \/>\n<meta property=\"og:locale\" content=\"fr_FR\" \/>\n<meta property=\"og:type\" content=\"article\" \/>\n<meta property=\"og:title\" content=\"Sahara occidental : L&rsquo;occupation marocaine continue de cibler les civils \u00e0 l&rsquo;aide de drones - La Sentinelle\" \/>\n<meta property=\"og:description\" content=\"Un r\u00e9cent rapport du Bureau sahraoui de coordination de l&rsquo;action contre les mines (SMACO) r\u00e9v\u00e8le une intensification alarmante de l&rsquo;utilisation\" \/>\n<meta property=\"og:url\" content=\"https:\/\/lasentinelle.dz\/index.php\/2025\/04\/12\/sahara-occidental-loccupation-marocaine-continue-de-cibler-les-civils-a-laide-de-drones\/\" \/>\n<meta property=\"og:site_name\" content=\"La Sentinelle\" \/>\n<meta property=\"article:publisher\" content=\"https:\/\/www.facebook.com\/La-Sentinelle-104059864394773\" \/>\n<meta property=\"article:published_time\" content=\"2025-04-12T12:39:55+00:00\" \/>\n<meta property=\"article:modified_time\" content=\"2025-04-12T12:39:56+00:00\" \/>\n<meta property=\"og:image\" content=\"https:\/\/lasentinelle.dz\/wp-content\/uploads\/2025\/04\/drone-israelien.jpg\" \/>\n\t<meta property=\"og:image:width\" content=\"750\" \/>\n\t<meta property=\"og:image:height\" content=\"500\" \/>\n\t<meta property=\"og:image:type\" content=\"image\/jpeg\" \/>\n<meta name=\"author\" content=\"admin\" \/>\n<meta name=\"twitter:card\" content=\"summary_large_image\" \/>\n<meta name=\"twitter:label1\" content=\"\u00c9crit par\" \/>\n\t<meta name=\"twitter:data1\" content=\"admin\" \/>\n\t<meta name=\"twitter:label2\" content=\"Dur\u00e9e de lecture estim\u00e9e\" \/>\n\t<meta name=\"twitter:data2\" content=\"2 minutes\" \/>\n<script type=\"application\/ld+json\" class=\"yoast-schema-graph\">{\"@context\":\"https:\\\/\\\/schema.org\",\"@graph\":[{\"@type\":\"Article\",\"@id\":\"https:\\\/\\\/lasentinelle.dz\\\/index.php\\\/2025\\\/04\\\/12\\\/sahara-occidental-loccupation-marocaine-continue-de-cibler-les-civils-a-laide-de-drones\\\/#article\",\"isPartOf\":{\"@id\":\"https:\\\/\\\/lasentinelle.dz\\\/index.php\\\/2025\\\/04\\\/12\\\/sahara-occidental-loccupation-marocaine-continue-de-cibler-les-civils-a-laide-de-drones\\\/\"},\"author\":{\"name\":\"admin\",\"@id\":\"https:\\\/\\\/lasentinelle.dz\\\/#\\\/schema\\\/person\\\/729ee0024f24e0b8c5ec17232f8e8b41\"},\"headline\":\"Sahara occidental : L&rsquo;occupation marocaine continue de cibler les civils \u00e0 l&rsquo;aide de drones\",\"datePublished\":\"2025-04-12T12:39:55+00:00\",\"dateModified\":\"2025-04-12T12:39:56+00:00\",\"mainEntityOfPage\":{\"@id\":\"https:\\\/\\\/lasentinelle.dz\\\/index.php\\\/2025\\\/04\\\/12\\\/sahara-occidental-loccupation-marocaine-continue-de-cibler-les-civils-a-laide-de-drones\\\/\"},\"wordCount\":342,\"commentCount\":0,\"publisher\":{\"@id\":\"https:\\\/\\\/lasentinelle.dz\\\/#organization\"},\"image\":{\"@id\":\"https:\\\/\\\/lasentinelle.dz\\\/index.php\\\/2025\\\/04\\\/12\\\/sahara-occidental-loccupation-marocaine-continue-de-cibler-les-civils-a-laide-de-drones\\\/#primaryimage\"},\"thumbnailUrl\":\"https:\\\/\\\/lasentinelle.dz\\\/wp-content\\\/uploads\\\/2025\\\/04\\\/drone-israelien.jpg\",\"articleSection\":[\"Actualit\u00e9\"],\"inLanguage\":\"fr-FR\",\"potentialAction\":[{\"@type\":\"CommentAction\",\"name\":\"Comment\",\"target\":[\"https:\\\/\\\/lasentinelle.dz\\\/index.php\\\/2025\\\/04\\\/12\\\/sahara-occidental-loccupation-marocaine-continue-de-cibler-les-civils-a-laide-de-drones\\\/#respond\"]}]},{\"@type\":\"WebPage\",\"@id\":\"https:\\\/\\\/lasentinelle.dz\\\/index.php\\\/2025\\\/04\\\/12\\\/sahara-occidental-loccupation-marocaine-continue-de-cibler-les-civils-a-laide-de-drones\\\/\",\"url\":\"https:\\\/\\\/lasentinelle.dz\\\/index.php\\\/2025\\\/04\\\/12\\\/sahara-occidental-loccupation-marocaine-continue-de-cibler-les-civils-a-laide-de-drones\\\/\",\"name\":\"Sahara occidental : L&rsquo;occupation marocaine continue de cibler les civils \u00e0 l&rsquo;aide de drones - La Sentinelle\",\"isPartOf\":{\"@id\":\"https:\\\/\\\/lasentinelle.dz\\\/#website\"},\"primaryImageOfPage\":{\"@id\":\"https:\\\/\\\/lasentinelle.dz\\\/index.php\\\/2025\\\/04\\\/12\\\/sahara-occidental-loccupation-marocaine-continue-de-cibler-les-civils-a-laide-de-drones\\\/#primaryimage\"},\"image\":{\"@id\":\"https:\\\/\\\/lasentinelle.dz\\\/index.php\\\/2025\\\/04\\\/12\\\/sahara-occidental-loccupation-marocaine-continue-de-cibler-les-civils-a-laide-de-drones\\\/#primaryimage\"},\"thumbnailUrl\":\"https:\\\/\\\/lasentinelle.dz\\\/wp-content\\\/uploads\\\/2025\\\/04\\\/drone-israelien.jpg\",\"datePublished\":\"2025-04-12T12:39:55+00:00\",\"dateModified\":\"2025-04-12T12:39:56+00:00\",\"breadcrumb\":{\"@id\":\"https:\\\/\\\/lasentinelle.dz\\\/index.php\\\/2025\\\/04\\\/12\\\/sahara-occidental-loccupation-marocaine-continue-de-cibler-les-civils-a-laide-de-drones\\\/#breadcrumb\"},\"inLanguage\":\"fr-FR\",\"potentialAction\":[{\"@type\":\"ReadAction\",\"target\":[\"https:\\\/\\\/lasentinelle.dz\\\/index.php\\\/2025\\\/04\\\/12\\\/sahara-occidental-loccupation-marocaine-continue-de-cibler-les-civils-a-laide-de-drones\\\/\"]}]},{\"@type\":\"ImageObject\",\"inLanguage\":\"fr-FR\",\"@id\":\"https:\\\/\\\/lasentinelle.dz\\\/index.php\\\/2025\\\/04\\\/12\\\/sahara-occidental-loccupation-marocaine-continue-de-cibler-les-civils-a-laide-de-drones\\\/#primaryimage\",\"url\":\"https:\\\/\\\/lasentinelle.dz\\\/wp-content\\\/uploads\\\/2025\\\/04\\\/drone-israelien.jpg\",\"contentUrl\":\"https:\\\/\\\/lasentinelle.dz\\\/wp-content\\\/uploads\\\/2025\\\/04\\\/drone-israelien.jpg\",\"width\":750,\"height\":500},{\"@type\":\"BreadcrumbList\",\"@id\":\"https:\\\/\\\/lasentinelle.dz\\\/index.php\\\/2025\\\/04\\\/12\\\/sahara-occidental-loccupation-marocaine-continue-de-cibler-les-civils-a-laide-de-drones\\\/#breadcrumb\",\"itemListElement\":[{\"@type\":\"ListItem\",\"position\":1,\"name\":\"Accueil\",\"item\":\"https:\\\/\\\/lasentinelle.dz\\\/\"},{\"@type\":\"ListItem\",\"position\":2,\"name\":\"Sahara occidental : L&rsquo;occupation marocaine continue de cibler les civils \u00e0 l&rsquo;aide de drones\"}]},{\"@type\":\"WebSite\",\"@id\":\"https:\\\/\\\/lasentinelle.dz\\\/#website\",\"url\":\"https:\\\/\\\/lasentinelle.dz\\\/\",\"name\":\"La Sentinelle\",\"description\":\"Quotidien national d&#039;information\",\"publisher\":{\"@id\":\"https:\\\/\\\/lasentinelle.dz\\\/#organization\"},\"potentialAction\":[{\"@type\":\"SearchAction\",\"target\":{\"@type\":\"EntryPoint\",\"urlTemplate\":\"https:\\\/\\\/lasentinelle.dz\\\/?s={search_term_string}\"},\"query-input\":{\"@type\":\"PropertyValueSpecification\",\"valueRequired\":true,\"valueName\":\"search_term_string\"}}],\"inLanguage\":\"fr-FR\"},{\"@type\":\"Organization\",\"@id\":\"https:\\\/\\\/lasentinelle.dz\\\/#organization\",\"name\":\"Quotidien La Sentinelle\",\"url\":\"https:\\\/\\\/lasentinelle.dz\\\/\",\"logo\":{\"@type\":\"ImageObject\",\"inLanguage\":\"fr-FR\",\"@id\":\"https:\\\/\\\/lasentinelle.dz\\\/#\\\/schema\\\/logo\\\/image\\\/\",\"url\":\"https:\\\/\\\/lasentinelle.dz\\\/wp-content\\\/uploads\\\/2021\\\/09\\\/logo-sentinelleSLOGAN-1.png\",\"contentUrl\":\"https:\\\/\\\/lasentinelle.dz\\\/wp-content\\\/uploads\\\/2021\\\/09\\\/logo-sentinelleSLOGAN-1.png\",\"width\":615,\"height\":142,\"caption\":\"Quotidien La Sentinelle\"},\"image\":{\"@id\":\"https:\\\/\\\/lasentinelle.dz\\\/#\\\/schema\\\/logo\\\/image\\\/\"},\"sameAs\":[\"https:\\\/\\\/www.facebook.com\\\/La-Sentinelle-104059864394773\"]},{\"@type\":\"Person\",\"@id\":\"https:\\\/\\\/lasentinelle.dz\\\/#\\\/schema\\\/person\\\/729ee0024f24e0b8c5ec17232f8e8b41\",\"name\":\"admin\",\"image\":{\"@type\":\"ImageObject\",\"inLanguage\":\"fr-FR\",\"@id\":\"https:\\\/\\\/secure.gravatar.com\\\/avatar\\\/4c81fed838786e9b53f540bf46533e750f5d292099ae3b66cfc6fb1982e29df7?s=96&d=mm&r=g\",\"url\":\"https:\\\/\\\/secure.gravatar.com\\\/avatar\\\/4c81fed838786e9b53f540bf46533e750f5d292099ae3b66cfc6fb1982e29df7?s=96&d=mm&r=g\",\"contentUrl\":\"https:\\\/\\\/secure.gravatar.com\\\/avatar\\\/4c81fed838786e9b53f540bf46533e750f5d292099ae3b66cfc6fb1982e29df7?s=96&d=mm&r=g\",\"caption\":\"admin\"},\"description\":\"admin\",\"url\":\"https:\\\/\\\/lasentinelle.dz\\\/author\\\/admin\\\/\"}]}<\/script>\n<!-- \/ Yoast SEO plugin. -->","yoast_head_json":{"title":"Sahara occidental : L&rsquo;occupation marocaine continue de cibler les civils \u00e0 l&rsquo;aide de drones - La Sentinelle","robots":{"index":"index","follow":"follow","max-snippet":"max-snippet:-1","max-image-preview":"max-image-preview:large","max-video-preview":"max-video-preview:-1"},"canonical":"https:\/\/lasentinelle.dz\/index.php\/2025\/04\/12\/sahara-occidental-loccupation-marocaine-continue-de-cibler-les-civils-a-laide-de-drones\/","og_locale":"fr_FR","og_type":"article","og_title":"Sahara occidental : L&rsquo;occupation marocaine continue de cibler les civils \u00e0 l&rsquo;aide de drones - La Sentinelle","og_description":"Un r\u00e9cent rapport du Bureau sahraoui de coordination de l&rsquo;action contre les mines (SMACO) r\u00e9v\u00e8le une intensification alarmante de l&rsquo;utilisation","og_url":"https:\/\/lasentinelle.dz\/index.php\/2025\/04\/12\/sahara-occidental-loccupation-marocaine-continue-de-cibler-les-civils-a-laide-de-drones\/","og_site_name":"La Sentinelle","article_publisher":"https:\/\/www.facebook.com\/La-Sentinelle-104059864394773","article_published_time":"2025-04-12T12:39:55+00:00","article_modified_time":"2025-04-12T12:39:56+00:00","og_image":[{"width":750,"height":500,"url":"https:\/\/lasentinelle.dz\/wp-content\/uploads\/2025\/04\/drone-israelien.jpg","type":"image\/jpeg"}],"author":"admin","twitter_card":"summary_large_image","twitter_misc":{"\u00c9crit par":"admin","Dur\u00e9e de lecture estim\u00e9e":"2 minutes"},"schema":{"@context":"https:\/\/schema.org","@graph":[{"@type":"Article","@id":"https:\/\/lasentinelle.dz\/index.php\/2025\/04\/12\/sahara-occidental-loccupation-marocaine-continue-de-cibler-les-civils-a-laide-de-drones\/#article","isPartOf":{"@id":"https:\/\/lasentinelle.dz\/index.php\/2025\/04\/12\/sahara-occidental-loccupation-marocaine-continue-de-cibler-les-civils-a-laide-de-drones\/"},"author":{"name":"admin","@id":"https:\/\/lasentinelle.dz\/#\/schema\/person\/729ee0024f24e0b8c5ec17232f8e8b41"},"headline":"Sahara occidental : L&rsquo;occupation marocaine continue de cibler les civils \u00e0 l&rsquo;aide de drones","datePublished":"2025-04-12T12:39:55+00:00","dateModified":"2025-04-12T12:39:56+00:00","mainEntityOfPage":{"@id":"https:\/\/lasentinelle.dz\/index.php\/2025\/04\/12\/sahara-occidental-loccupation-marocaine-continue-de-cibler-les-civils-a-laide-de-drones\/"},"wordCount":342,"commentCount":0,"publisher":{"@id":"https:\/\/lasentinelle.dz\/#organization"},"image":{"@id":"https:\/\/lasentinelle.dz\/index.php\/2025\/04\/12\/sahara-occidental-loccupation-marocaine-continue-de-cibler-les-civils-a-laide-de-drones\/#primaryimage"},"thumbnailUrl":"https:\/\/lasentinelle.dz\/wp-content\/uploads\/2025\/04\/drone-israelien.jpg","articleSection":["Actualit\u00e9"],"inLanguage":"fr-FR","potentialAction":[{"@type":"CommentAction","name":"Comment","target":["https:\/\/lasentinelle.dz\/index.php\/2025\/04\/12\/sahara-occidental-loccupation-marocaine-continue-de-cibler-les-civils-a-laide-de-drones\/#respond"]}]},{"@type":"WebPage","@id":"https:\/\/lasentinelle.dz\/index.php\/2025\/04\/12\/sahara-occidental-loccupation-marocaine-continue-de-cibler-les-civils-a-laide-de-drones\/","url":"https:\/\/lasentinelle.dz\/index.php\/2025\/04\/12\/sahara-occidental-loccupation-marocaine-continue-de-cibler-les-civils-a-laide-de-drones\/","name":"Sahara occidental : L&rsquo;occupation marocaine continue de cibler les civils \u00e0 l&rsquo;aide de drones - La Sentinelle","isPartOf":{"@id":"https:\/\/lasentinelle.dz\/#website"},"primaryImageOfPage":{"@id":"https:\/\/lasentinelle.dz\/index.php\/2025\/04\/12\/sahara-occidental-loccupation-marocaine-continue-de-cibler-les-civils-a-laide-de-drones\/#primaryimage"},"image":{"@id":"https:\/\/lasentinelle.dz\/index.php\/2025\/04\/12\/sahara-occidental-loccupation-marocaine-continue-de-cibler-les-civils-a-laide-de-drones\/#primaryimage"},"thumbnailUrl":"https:\/\/lasentinelle.dz\/wp-content\/uploads\/2025\/04\/drone-israelien.jpg","datePublished":"2025-04-12T12:39:55+00:00","dateModified":"2025-04-12T12:39:56+00:00","breadcrumb":{"@id":"https:\/\/lasentinelle.dz\/index.php\/2025\/04\/12\/sahara-occidental-loccupation-marocaine-continue-de-cibler-les-civils-a-laide-de-drones\/#breadcrumb"},"inLanguage":"fr-FR","potentialAction":[{"@type":"ReadAction","target":["https:\/\/lasentinelle.dz\/index.php\/2025\/04\/12\/sahara-occidental-loccupation-marocaine-continue-de-cibler-les-civils-a-laide-de-drones\/"]}]},{"@type":"ImageObject","inLanguage":"fr-FR","@id":"https:\/\/lasentinelle.dz\/index.php\/2025\/04\/12\/sahara-occidental-loccupation-marocaine-continue-de-cibler-les-civils-a-laide-de-drones\/#primaryimage","url":"https:\/\/lasentinelle.dz\/wp-content\/uploads\/2025\/04\/drone-israelien.jpg","contentUrl":"https:\/\/lasentinelle.dz\/wp-content\/uploads\/2025\/04\/drone-israelien.jpg","width":750,"height":500},{"@type":"BreadcrumbList","@id":"https:\/\/lasentinelle.dz\/index.php\/2025\/04\/12\/sahara-occidental-loccupation-marocaine-continue-de-cibler-les-civils-a-laide-de-drones\/#breadcrumb","itemListElement":[{"@type":"ListItem","position":1,"name":"Accueil","item":"https:\/\/lasentinelle.dz\/"},{"@type":"ListItem","position":2,"name":"Sahara occidental : L&rsquo;occupation marocaine continue de cibler les civils \u00e0 l&rsquo;aide de drones"}]},{"@type":"WebSite","@id":"https:\/\/lasentinelle.dz\/#website","url":"https:\/\/lasentinelle.dz\/","name":"La Sentinelle","description":"Quotidien national d&#039;information","publisher":{"@id":"https:\/\/lasentinelle.dz\/#organization"},"potentialAction":[{"@type":"SearchAction","target":{"@type":"EntryPoint","urlTemplate":"https:\/\/lasentinelle.dz\/?s={search_term_string}"},"query-input":{"@type":"PropertyValueSpecification","valueRequired":true,"valueName":"search_term_string"}}],"inLanguage":"fr-FR"},{"@type":"Organization","@id":"https:\/\/lasentinelle.dz\/#organization","name":"Quotidien La Sentinelle","url":"https:\/\/lasentinelle.dz\/","logo":{"@type":"ImageObject","inLanguage":"fr-FR","@id":"https:\/\/lasentinelle.dz\/#\/schema\/logo\/image\/","url":"https:\/\/lasentinelle.dz\/wp-content\/uploads\/2021\/09\/logo-sentinelleSLOGAN-1.png","contentUrl":"https:\/\/lasentinelle.dz\/wp-content\/uploads\/2021\/09\/logo-sentinelleSLOGAN-1.png","width":615,"height":142,"caption":"Quotidien La Sentinelle"},"image":{"@id":"https:\/\/lasentinelle.dz\/#\/schema\/logo\/image\/"},"sameAs":["https:\/\/www.facebook.com\/La-Sentinelle-104059864394773"]},{"@type":"Person","@id":"https:\/\/lasentinelle.dz\/#\/schema\/person\/729ee0024f24e0b8c5ec17232f8e8b41","name":"admin","image":{"@type":"ImageObject","inLanguage":"fr-FR","@id":"https:\/\/secure.gravatar.com\/avatar\/4c81fed838786e9b53f540bf46533e750f5d292099ae3b66cfc6fb1982e29df7?s=96&d=mm&r=g","url":"https:\/\/secure.gravatar.com\/avatar\/4c81fed838786e9b53f540bf46533e750f5d292099ae3b66cfc6fb1982e29df7?s=96&d=mm&r=g","contentUrl":"https:\/\/secure.gravatar.com\/avatar\/4c81fed838786e9b53f540bf46533e750f5d292099ae3b66cfc6fb1982e29df7?s=96&d=mm&r=g","caption":"admin"},"description":"admin","url":"https:\/\/lasentinelle.dz\/author\/admin\/"}]}},"_links":{"self":[{"href":"https:\/\/lasentinelle.dz\/index.php\/wp-json\/wp\/v2\/posts\/65496","targetHints":{"allow":["GET"]}}],"collection":[{"href":"https:\/\/lasentinelle.dz\/index.php\/wp-json\/wp\/v2\/posts"}],"about":[{"href":"https:\/\/lasentinelle.dz\/index.php\/wp-json\/wp\/v2\/types\/post"}],"author":[{"embeddable":true,"href":"https:\/\/lasentinelle.dz\/index.php\/wp-json\/wp\/v2\/users\/6"}],"replies":[{"embeddable":true,"href":"https:\/\/lasentinelle.dz\/index.php\/wp-json\/wp\/v2\/comments?post=65496"}],"version-history":[{"count":2,"href":"https:\/\/lasentinelle.dz\/index.php\/wp-json\/wp\/v2\/posts\/65496\/revisions"}],"predecessor-version":[{"id":65499,"href":"https:\/\/lasentinelle.dz\/index.php\/wp-json\/wp\/v2\/posts\/65496\/revisions\/65499"}],"wp:featuredmedia":[{"embeddable":true,"href":"https:\/\/lasentinelle.dz\/index.php\/wp-json\/wp\/v2\/media\/65497"}],"wp:attachment":[{"href":"https:\/\/lasentinelle.dz\/index.php\/wp-json\/wp\/v2\/media?parent=65496"}],"wp:term":[{"taxonomy":"category","embeddable":true,"href":"https:\/\/lasentinelle.dz\/index.php\/wp-json\/wp\/v2\/categories?post=65496"},{"taxonomy":"post_tag","embeddable":true,"href":"https:\/\/lasentinelle.dz\/index.php\/wp-json\/wp\/v2\/tags?post=65496"}],"curies":[{"name":"wp","href":"https:\/\/api.w.org\/{rel}","templated":true}]}}