{"id":65558,"date":"2025-04-13T14:18:45","date_gmt":"2025-04-13T13:18:45","guid":{"rendered":"https:\/\/lasentinelle.dz\/?p=65558"},"modified":"2025-04-13T14:18:46","modified_gmt":"2025-04-13T13:18:46","slug":"marche-espagnol-de-gaz-lalgerie-recupere-sa-place-de-leader","status":"publish","type":"post","link":"https:\/\/lasentinelle.dz\/index.php\/2025\/04\/13\/marche-espagnol-de-gaz-lalgerie-recupere-sa-place-de-leader\/","title":{"rendered":"March\u00e9 espagnol de gaz: L&rsquo;Alg\u00e9rie r\u00e9cup\u00e8re sa place de leader"},"content":{"rendered":"\n<p>L&rsquo;Alg\u00e9rie consolide sa position dominante sur le march\u00e9 europ\u00e9en du gaz, particuli\u00e8rement vis-\u00e0-vis de l&rsquo;Espagne. Le secteur \u00e9nerg\u00e9tique alg\u00e9rien conna\u00eet actuellement une transformation radicale, avec six projets strat\u00e9giques majeurs qui devraient renforcer consid\u00e9rablement son r\u00f4le de fournisseur cl\u00e9 pour l&rsquo;Europe dans les ann\u00e9es \u00e0 venir.<\/p>\n\n\n\n<p>La r\u00e9cente reprise de la premi\u00e8re place parmi les exportateurs de gaz vers l&rsquo;Espagne en mars 2025 confirme cette dynamique positive. Selon les donn\u00e9es obtenues par la plateforme sp\u00e9cialis\u00e9e en \u00e9nergie Attaqa bas\u00e9e \u00e0 Washington, l&rsquo;Alg\u00e9rie a fourni 33,4% des importations espagnoles de gaz, soit 12,21 t\u00e9rawattheures, devan\u00e7ant ainsi les \u00c9tats-Unis et la Russie. Elle retrouve ainsi sa place de premi\u00e8re fournisseur temporairement c\u00e9d\u00e9e aux \u00c9tats-Unis en d\u00e9but d&rsquo;ann\u00e9e. Cette performance s&rsquo;inscrit dans un contexte de hausse spectaculaire des importations espagnoles, qui ont augment\u00e9 de 39% sur une base mensuelle, passant de 26,32 t\u00e9rawattheures en f\u00e9vrier 2025 \u00e0 36,53 t\u00e9rawattheures en mars. D&rsquo;apr\u00e8s ces m\u00eames donn\u00e9es, le gaz naturel alg\u00e9rien export\u00e9 vers l&rsquo;Espagne a atteint 9,51 t\u00e9rawattheures le mois dernier, en augmentation par rapport aux 8,71 t\u00e9rawattheures de mars 2024. Les livraisons de GNL alg\u00e9rien ont \u00e9galement repris apr\u00e8s trois mois d&rsquo;interruption, avec 2,70 t\u00e9rawattheures en mars 2025, contre 3,52 t\u00e9rawattheures \u00e0 la m\u00eame p\u00e9riode l&rsquo;ann\u00e9e pr\u00e9c\u00e9dente. Le march\u00e9 espagnol du gaz a connu d&rsquo;importantes fluctuations, comme en t\u00e9moignent les statistiques de la soci\u00e9t\u00e9 Enagas, l&rsquo;op\u00e9rateur du r\u00e9seau gazier espagnol. Le GNL repr\u00e9sente d\u00e9sormais 71,8% du total des importations espagnoles en mars 2025, avec 26,24 t\u00e9rawattheures, tandis que le gaz naturel ne repr\u00e9sente plus que 28,2% avec 10,29 t\u00e9rawattheures. \u00c0 titre de comparaison, la part du GNL \u00e9tait de 65,5% en mars 2024, signe d&rsquo;une \u00e9volution structurelle du march\u00e9.<\/p>\n\n\n\n<p>Il faut dire que l&rsquo;Alg\u00e9rie poursuit une strat\u00e9gie ambitieuse pour consolider sa position sur le march\u00e9 mondial de l&rsquo;\u00e9nergie qui s&rsquo;articule autour de trois axes principaux : le renforcement de la production nationale, la s\u00e9curisation de l&rsquo;approvisionnement \u00e9nerg\u00e9tique et la r\u00e9duction de l&#8217;empreinte carbone. Cette vision a \u00e9t\u00e9 r\u00e9cemment pr\u00e9sent\u00e9e par le ministre alg\u00e9rien de l&rsquo;\u00c9nergie, des Mines et des \u00c9nergies Renouvelables, Mohamed Arkab, lors de la conf\u00e9rence \u00ab\u00a0Med Energy\u00a0\u00bb tenue mardi dernier \u00e0 Ravenne en Italie.<\/p>\n\n\n\n<p>Parmi les projets phares, l&rsquo;augmentation de la production de gaz \u00e0 200 milliards de m\u00e8tres cubes annuels dans les cinq prochaines ann\u00e9es repr\u00e9sente un objectif majeur. Cette ambition repose sur l&rsquo;intensification des activit\u00e9s d&rsquo;exploration, le d\u00e9veloppement des gisements d\u00e9couverts et la modernisation des infrastructures de transport, avec le concours d&rsquo;investisseurs internationaux. L&rsquo;interconnexion des r\u00e9seaux \u00e9lectriques avec les pays voisins constitue un autre pilier strat\u00e9gique. Ce projet vise \u00e0 relier l&rsquo;Alg\u00e9rie \u00e0 l&rsquo;Europe via l&rsquo;Italie \u00e0 travers le projet Medlink, mais aussi \u00e0 la Libye, l&rsquo;\u00c9gypte, la Mauritanie et les pays du Sahel africain, permettant ainsi l&rsquo;\u00e9change d&rsquo;\u00e9lectricit\u00e9 et l&rsquo;exportation des surplus de production. Des \u00e9tudes techniques et \u00e9conomiques sont en cours pour d\u00e9terminer les trac\u00e9s optimaux des lignes transfrontali\u00e8res. L&rsquo;Alg\u00e9rie mise \u00e9galement sur les \u00e9nergies renouvelables, avec l&rsquo;objectif d&rsquo;int\u00e9grer 30% d&rsquo;\u00e9nergie propre dans son mix \u00e9nerg\u00e9tique d&rsquo;ici 2035. Ce programme pr\u00e9voit la production de 15 000 m\u00e9gawatts d&rsquo;\u00e9nergie solaire, dont la premi\u00e8re phase a d\u00e9j\u00e0 \u00e9t\u00e9 lanc\u00e9e en 2024 avec une capacit\u00e9 de 3 200 m\u00e9gawatts r\u00e9partie sur 20 sites dans 13 wilayas. Le projet \u00ab\u00a0SouthH2 Corridor\u00a0\u00bb marque l&rsquo;entr\u00e9e du pays dans l&rsquo;\u00e8re de l&rsquo;hydrog\u00e8ne vert, visant l&rsquo;exportation de 4 millions de tonnes annuelles vers l&rsquo;Europe, notamment l&rsquo;Allemagne via l&rsquo;Italie et l&rsquo;Autriche. Un c\u00e2ble \u00e9lectrique sous-marin reliant directement l&rsquo;Alg\u00e9rie \u00e0 l&rsquo;Italie est \u00e9galement pr\u00e9vu pour exporter l&rsquo;\u00e9lectricit\u00e9 verte produite localement. Le gazoduc transsaharien, reliant le Nigeria \u00e0 l&rsquo;Alg\u00e9rie via le Niger, repr\u00e9sente l&rsquo;un des projets \u00e9nerg\u00e9tiques les plus ambitieux du continent africain. D&rsquo;une longueur de plus de 4 000 kilom\u00e8tres et d&rsquo;un co\u00fbt estim\u00e9 \u00e0 13 milliards de dollars, il permettra de transporter entre 20 et 30 milliards de m\u00e8tres cubes de gaz naturel par an vers l&rsquo;Europe.<\/p>\n\n\n\n<p>Cette strat\u00e9gie globale t\u00e9moigne de la conscience aig\u00fce qu&rsquo;a l&rsquo;Alg\u00e9rie de son r\u00f4le g\u00e9ostrat\u00e9gique sur les march\u00e9s \u00e9nerg\u00e9tiques mondiaux. En d\u00e9veloppant simultan\u00e9ment les hydrocarbures traditionnels et les \u00e9nergies renouvelables, le pays se positionne comme un partenaire incontournable pour l&rsquo;Europe, particuli\u00e8rement dans le contexte actuel de recherche de diversification des approvisionnements \u00e9nerg\u00e9tiques.<\/p>\n\n\n\n<p>Samira Ghrib<\/p>\n","protected":false},"excerpt":{"rendered":"<p>L&rsquo;Alg\u00e9rie consolide sa position dominante sur le march\u00e9 europ\u00e9en du gaz, particuli\u00e8rement vis-\u00e0-vis de l&rsquo;Espagne. Le secteur \u00e9nerg\u00e9tique alg\u00e9rien conna\u00eet<\/p>\n","protected":false},"author":6,"featured_media":49469,"comment_status":"open","ping_status":"closed","sticky":false,"template":"","format":"standard","meta":{"colormag_page_container_layout":"default_layout","colormag_page_sidebar_layout":"default_layout","om_disable_all_campaigns":false,"_monsterinsights_skip_tracking":false,"_monsterinsights_sitenote_active":false,"_monsterinsights_sitenote_note":"","_monsterinsights_sitenote_category":0,"footnotes":"","_wpscppro_dont_share_socialmedia":false,"_wpscppro_custom_social_share_image":0,"_facebook_share_type":"default","_twitter_share_type":"default","_linkedin_share_type":"default","_pinterest_share_type":"default","_linkedin_share_type_page":"","_instagram_share_type":"default","_medium_share_type":"default","_threads_share_type":"","_google_business_share_type":"","_selected_social_profile":[],"_wpsp_enable_custom_social_template":false,"_wpsp_social_scheduling":{"enabled":false,"datetime":null,"platforms":[],"status":"template_only","dateOption":"today","timeOption":"now","customDays":"","customHours":"","customDate":"","customTime":"","schedulingType":"absolute"},"_wpsp_active_default_template":true},"categories":[52,29],"tags":[],"class_list":["post-65558","post","type-post","status-publish","format-standard","has-post-thumbnail","hentry","category-a-la-une","category-economie"],"aioseo_notices":[],"yoast_head":"<!-- This site is optimized with the Yoast SEO plugin v27.5 - https:\/\/yoast.com\/product\/yoast-seo-wordpress\/ -->\n<title>March\u00e9 espagnol de gaz: L&rsquo;Alg\u00e9rie r\u00e9cup\u00e8re sa place de leader - La Sentinelle<\/title>\n<meta name=\"robots\" content=\"index, follow, max-snippet:-1, max-image-preview:large, max-video-preview:-1\" \/>\n<link rel=\"canonical\" href=\"https:\/\/lasentinelle.dz\/index.php\/2025\/04\/13\/marche-espagnol-de-gaz-lalgerie-recupere-sa-place-de-leader\/\" \/>\n<meta property=\"og:locale\" content=\"fr_FR\" \/>\n<meta property=\"og:type\" content=\"article\" \/>\n<meta property=\"og:title\" content=\"March\u00e9 espagnol de gaz: L&rsquo;Alg\u00e9rie r\u00e9cup\u00e8re sa place de leader - La Sentinelle\" \/>\n<meta property=\"og:description\" content=\"L&rsquo;Alg\u00e9rie consolide sa position dominante sur le march\u00e9 europ\u00e9en du gaz, particuli\u00e8rement vis-\u00e0-vis de l&rsquo;Espagne. Le secteur \u00e9nerg\u00e9tique alg\u00e9rien conna\u00eet\" \/>\n<meta property=\"og:url\" content=\"https:\/\/lasentinelle.dz\/index.php\/2025\/04\/13\/marche-espagnol-de-gaz-lalgerie-recupere-sa-place-de-leader\/\" \/>\n<meta property=\"og:site_name\" content=\"La Sentinelle\" \/>\n<meta property=\"article:publisher\" content=\"https:\/\/www.facebook.com\/La-Sentinelle-104059864394773\" \/>\n<meta property=\"article:published_time\" content=\"2025-04-13T13:18:45+00:00\" \/>\n<meta property=\"article:modified_time\" content=\"2025-04-13T13:18:46+00:00\" \/>\n<meta property=\"og:image\" content=\"https:\/\/lasentinelle.dz\/wp-content\/uploads\/2024\/02\/gaz-algerie.webp\" \/>\n\t<meta property=\"og:image:width\" content=\"2040\" \/>\n\t<meta property=\"og:image:height\" content=\"1142\" \/>\n\t<meta property=\"og:image:type\" content=\"image\/webp\" \/>\n<meta name=\"author\" content=\"admin\" \/>\n<meta name=\"twitter:card\" content=\"summary_large_image\" \/>\n<meta name=\"twitter:label1\" content=\"\u00c9crit par\" \/>\n\t<meta name=\"twitter:data1\" content=\"admin\" \/>\n\t<meta name=\"twitter:label2\" content=\"Dur\u00e9e de lecture estim\u00e9e\" \/>\n\t<meta name=\"twitter:data2\" content=\"4 minutes\" \/>\n<script type=\"application\/ld+json\" class=\"yoast-schema-graph\">{\"@context\":\"https:\\\/\\\/schema.org\",\"@graph\":[{\"@type\":\"Article\",\"@id\":\"https:\\\/\\\/lasentinelle.dz\\\/index.php\\\/2025\\\/04\\\/13\\\/marche-espagnol-de-gaz-lalgerie-recupere-sa-place-de-leader\\\/#article\",\"isPartOf\":{\"@id\":\"https:\\\/\\\/lasentinelle.dz\\\/index.php\\\/2025\\\/04\\\/13\\\/marche-espagnol-de-gaz-lalgerie-recupere-sa-place-de-leader\\\/\"},\"author\":{\"name\":\"admin\",\"@id\":\"https:\\\/\\\/lasentinelle.dz\\\/#\\\/schema\\\/person\\\/729ee0024f24e0b8c5ec17232f8e8b41\"},\"headline\":\"March\u00e9 espagnol de gaz: L&rsquo;Alg\u00e9rie r\u00e9cup\u00e8re sa place de leader\",\"datePublished\":\"2025-04-13T13:18:45+00:00\",\"dateModified\":\"2025-04-13T13:18:46+00:00\",\"mainEntityOfPage\":{\"@id\":\"https:\\\/\\\/lasentinelle.dz\\\/index.php\\\/2025\\\/04\\\/13\\\/marche-espagnol-de-gaz-lalgerie-recupere-sa-place-de-leader\\\/\"},\"wordCount\":811,\"commentCount\":0,\"publisher\":{\"@id\":\"https:\\\/\\\/lasentinelle.dz\\\/#organization\"},\"image\":{\"@id\":\"https:\\\/\\\/lasentinelle.dz\\\/index.php\\\/2025\\\/04\\\/13\\\/marche-espagnol-de-gaz-lalgerie-recupere-sa-place-de-leader\\\/#primaryimage\"},\"thumbnailUrl\":\"https:\\\/\\\/lasentinelle.dz\\\/wp-content\\\/uploads\\\/2024\\\/02\\\/gaz-algerie.webp\",\"articleSection\":[\"\u00c0 la Une\",\"\u00c9conomie\"],\"inLanguage\":\"fr-FR\",\"potentialAction\":[{\"@type\":\"CommentAction\",\"name\":\"Comment\",\"target\":[\"https:\\\/\\\/lasentinelle.dz\\\/index.php\\\/2025\\\/04\\\/13\\\/marche-espagnol-de-gaz-lalgerie-recupere-sa-place-de-leader\\\/#respond\"]}]},{\"@type\":\"WebPage\",\"@id\":\"https:\\\/\\\/lasentinelle.dz\\\/index.php\\\/2025\\\/04\\\/13\\\/marche-espagnol-de-gaz-lalgerie-recupere-sa-place-de-leader\\\/\",\"url\":\"https:\\\/\\\/lasentinelle.dz\\\/index.php\\\/2025\\\/04\\\/13\\\/marche-espagnol-de-gaz-lalgerie-recupere-sa-place-de-leader\\\/\",\"name\":\"March\u00e9 espagnol de gaz: L&rsquo;Alg\u00e9rie r\u00e9cup\u00e8re sa place de leader - La Sentinelle\",\"isPartOf\":{\"@id\":\"https:\\\/\\\/lasentinelle.dz\\\/#website\"},\"primaryImageOfPage\":{\"@id\":\"https:\\\/\\\/lasentinelle.dz\\\/index.php\\\/2025\\\/04\\\/13\\\/marche-espagnol-de-gaz-lalgerie-recupere-sa-place-de-leader\\\/#primaryimage\"},\"image\":{\"@id\":\"https:\\\/\\\/lasentinelle.dz\\\/index.php\\\/2025\\\/04\\\/13\\\/marche-espagnol-de-gaz-lalgerie-recupere-sa-place-de-leader\\\/#primaryimage\"},\"thumbnailUrl\":\"https:\\\/\\\/lasentinelle.dz\\\/wp-content\\\/uploads\\\/2024\\\/02\\\/gaz-algerie.webp\",\"datePublished\":\"2025-04-13T13:18:45+00:00\",\"dateModified\":\"2025-04-13T13:18:46+00:00\",\"breadcrumb\":{\"@id\":\"https:\\\/\\\/lasentinelle.dz\\\/index.php\\\/2025\\\/04\\\/13\\\/marche-espagnol-de-gaz-lalgerie-recupere-sa-place-de-leader\\\/#breadcrumb\"},\"inLanguage\":\"fr-FR\",\"potentialAction\":[{\"@type\":\"ReadAction\",\"target\":[\"https:\\\/\\\/lasentinelle.dz\\\/index.php\\\/2025\\\/04\\\/13\\\/marche-espagnol-de-gaz-lalgerie-recupere-sa-place-de-leader\\\/\"]}]},{\"@type\":\"ImageObject\",\"inLanguage\":\"fr-FR\",\"@id\":\"https:\\\/\\\/lasentinelle.dz\\\/index.php\\\/2025\\\/04\\\/13\\\/marche-espagnol-de-gaz-lalgerie-recupere-sa-place-de-leader\\\/#primaryimage\",\"url\":\"https:\\\/\\\/lasentinelle.dz\\\/wp-content\\\/uploads\\\/2024\\\/02\\\/gaz-algerie.webp\",\"contentUrl\":\"https:\\\/\\\/lasentinelle.dz\\\/wp-content\\\/uploads\\\/2024\\\/02\\\/gaz-algerie.webp\",\"width\":2040,\"height\":1142},{\"@type\":\"BreadcrumbList\",\"@id\":\"https:\\\/\\\/lasentinelle.dz\\\/index.php\\\/2025\\\/04\\\/13\\\/marche-espagnol-de-gaz-lalgerie-recupere-sa-place-de-leader\\\/#breadcrumb\",\"itemListElement\":[{\"@type\":\"ListItem\",\"position\":1,\"name\":\"Accueil\",\"item\":\"https:\\\/\\\/lasentinelle.dz\\\/\"},{\"@type\":\"ListItem\",\"position\":2,\"name\":\"March\u00e9 espagnol de gaz: L&rsquo;Alg\u00e9rie r\u00e9cup\u00e8re sa place de leader\"}]},{\"@type\":\"WebSite\",\"@id\":\"https:\\\/\\\/lasentinelle.dz\\\/#website\",\"url\":\"https:\\\/\\\/lasentinelle.dz\\\/\",\"name\":\"La Sentinelle\",\"description\":\"Quotidien national d&#039;information\",\"publisher\":{\"@id\":\"https:\\\/\\\/lasentinelle.dz\\\/#organization\"},\"potentialAction\":[{\"@type\":\"SearchAction\",\"target\":{\"@type\":\"EntryPoint\",\"urlTemplate\":\"https:\\\/\\\/lasentinelle.dz\\\/?s={search_term_string}\"},\"query-input\":{\"@type\":\"PropertyValueSpecification\",\"valueRequired\":true,\"valueName\":\"search_term_string\"}}],\"inLanguage\":\"fr-FR\"},{\"@type\":\"Organization\",\"@id\":\"https:\\\/\\\/lasentinelle.dz\\\/#organization\",\"name\":\"Quotidien La Sentinelle\",\"url\":\"https:\\\/\\\/lasentinelle.dz\\\/\",\"logo\":{\"@type\":\"ImageObject\",\"inLanguage\":\"fr-FR\",\"@id\":\"https:\\\/\\\/lasentinelle.dz\\\/#\\\/schema\\\/logo\\\/image\\\/\",\"url\":\"https:\\\/\\\/lasentinelle.dz\\\/wp-content\\\/uploads\\\/2021\\\/09\\\/logo-sentinelleSLOGAN-1.png\",\"contentUrl\":\"https:\\\/\\\/lasentinelle.dz\\\/wp-content\\\/uploads\\\/2021\\\/09\\\/logo-sentinelleSLOGAN-1.png\",\"width\":615,\"height\":142,\"caption\":\"Quotidien La Sentinelle\"},\"image\":{\"@id\":\"https:\\\/\\\/lasentinelle.dz\\\/#\\\/schema\\\/logo\\\/image\\\/\"},\"sameAs\":[\"https:\\\/\\\/www.facebook.com\\\/La-Sentinelle-104059864394773\"]},{\"@type\":\"Person\",\"@id\":\"https:\\\/\\\/lasentinelle.dz\\\/#\\\/schema\\\/person\\\/729ee0024f24e0b8c5ec17232f8e8b41\",\"name\":\"admin\",\"image\":{\"@type\":\"ImageObject\",\"inLanguage\":\"fr-FR\",\"@id\":\"https:\\\/\\\/secure.gravatar.com\\\/avatar\\\/4c81fed838786e9b53f540bf46533e750f5d292099ae3b66cfc6fb1982e29df7?s=96&d=mm&r=g\",\"url\":\"https:\\\/\\\/secure.gravatar.com\\\/avatar\\\/4c81fed838786e9b53f540bf46533e750f5d292099ae3b66cfc6fb1982e29df7?s=96&d=mm&r=g\",\"contentUrl\":\"https:\\\/\\\/secure.gravatar.com\\\/avatar\\\/4c81fed838786e9b53f540bf46533e750f5d292099ae3b66cfc6fb1982e29df7?s=96&d=mm&r=g\",\"caption\":\"admin\"},\"description\":\"admin\",\"url\":\"https:\\\/\\\/lasentinelle.dz\\\/author\\\/admin\\\/\"}]}<\/script>\n<!-- \/ Yoast SEO plugin. -->","yoast_head_json":{"title":"March\u00e9 espagnol de gaz: L&rsquo;Alg\u00e9rie r\u00e9cup\u00e8re sa place de leader - La Sentinelle","robots":{"index":"index","follow":"follow","max-snippet":"max-snippet:-1","max-image-preview":"max-image-preview:large","max-video-preview":"max-video-preview:-1"},"canonical":"https:\/\/lasentinelle.dz\/index.php\/2025\/04\/13\/marche-espagnol-de-gaz-lalgerie-recupere-sa-place-de-leader\/","og_locale":"fr_FR","og_type":"article","og_title":"March\u00e9 espagnol de gaz: L&rsquo;Alg\u00e9rie r\u00e9cup\u00e8re sa place de leader - La Sentinelle","og_description":"L&rsquo;Alg\u00e9rie consolide sa position dominante sur le march\u00e9 europ\u00e9en du gaz, particuli\u00e8rement vis-\u00e0-vis de l&rsquo;Espagne. Le secteur \u00e9nerg\u00e9tique alg\u00e9rien conna\u00eet","og_url":"https:\/\/lasentinelle.dz\/index.php\/2025\/04\/13\/marche-espagnol-de-gaz-lalgerie-recupere-sa-place-de-leader\/","og_site_name":"La Sentinelle","article_publisher":"https:\/\/www.facebook.com\/La-Sentinelle-104059864394773","article_published_time":"2025-04-13T13:18:45+00:00","article_modified_time":"2025-04-13T13:18:46+00:00","og_image":[{"width":2040,"height":1142,"url":"https:\/\/lasentinelle.dz\/wp-content\/uploads\/2024\/02\/gaz-algerie.webp","type":"image\/webp"}],"author":"admin","twitter_card":"summary_large_image","twitter_misc":{"\u00c9crit par":"admin","Dur\u00e9e de lecture estim\u00e9e":"4 minutes"},"schema":{"@context":"https:\/\/schema.org","@graph":[{"@type":"Article","@id":"https:\/\/lasentinelle.dz\/index.php\/2025\/04\/13\/marche-espagnol-de-gaz-lalgerie-recupere-sa-place-de-leader\/#article","isPartOf":{"@id":"https:\/\/lasentinelle.dz\/index.php\/2025\/04\/13\/marche-espagnol-de-gaz-lalgerie-recupere-sa-place-de-leader\/"},"author":{"name":"admin","@id":"https:\/\/lasentinelle.dz\/#\/schema\/person\/729ee0024f24e0b8c5ec17232f8e8b41"},"headline":"March\u00e9 espagnol de gaz: L&rsquo;Alg\u00e9rie r\u00e9cup\u00e8re sa place de leader","datePublished":"2025-04-13T13:18:45+00:00","dateModified":"2025-04-13T13:18:46+00:00","mainEntityOfPage":{"@id":"https:\/\/lasentinelle.dz\/index.php\/2025\/04\/13\/marche-espagnol-de-gaz-lalgerie-recupere-sa-place-de-leader\/"},"wordCount":811,"commentCount":0,"publisher":{"@id":"https:\/\/lasentinelle.dz\/#organization"},"image":{"@id":"https:\/\/lasentinelle.dz\/index.php\/2025\/04\/13\/marche-espagnol-de-gaz-lalgerie-recupere-sa-place-de-leader\/#primaryimage"},"thumbnailUrl":"https:\/\/lasentinelle.dz\/wp-content\/uploads\/2024\/02\/gaz-algerie.webp","articleSection":["\u00c0 la Une","\u00c9conomie"],"inLanguage":"fr-FR","potentialAction":[{"@type":"CommentAction","name":"Comment","target":["https:\/\/lasentinelle.dz\/index.php\/2025\/04\/13\/marche-espagnol-de-gaz-lalgerie-recupere-sa-place-de-leader\/#respond"]}]},{"@type":"WebPage","@id":"https:\/\/lasentinelle.dz\/index.php\/2025\/04\/13\/marche-espagnol-de-gaz-lalgerie-recupere-sa-place-de-leader\/","url":"https:\/\/lasentinelle.dz\/index.php\/2025\/04\/13\/marche-espagnol-de-gaz-lalgerie-recupere-sa-place-de-leader\/","name":"March\u00e9 espagnol de gaz: L&rsquo;Alg\u00e9rie r\u00e9cup\u00e8re sa place de leader - La Sentinelle","isPartOf":{"@id":"https:\/\/lasentinelle.dz\/#website"},"primaryImageOfPage":{"@id":"https:\/\/lasentinelle.dz\/index.php\/2025\/04\/13\/marche-espagnol-de-gaz-lalgerie-recupere-sa-place-de-leader\/#primaryimage"},"image":{"@id":"https:\/\/lasentinelle.dz\/index.php\/2025\/04\/13\/marche-espagnol-de-gaz-lalgerie-recupere-sa-place-de-leader\/#primaryimage"},"thumbnailUrl":"https:\/\/lasentinelle.dz\/wp-content\/uploads\/2024\/02\/gaz-algerie.webp","datePublished":"2025-04-13T13:18:45+00:00","dateModified":"2025-04-13T13:18:46+00:00","breadcrumb":{"@id":"https:\/\/lasentinelle.dz\/index.php\/2025\/04\/13\/marche-espagnol-de-gaz-lalgerie-recupere-sa-place-de-leader\/#breadcrumb"},"inLanguage":"fr-FR","potentialAction":[{"@type":"ReadAction","target":["https:\/\/lasentinelle.dz\/index.php\/2025\/04\/13\/marche-espagnol-de-gaz-lalgerie-recupere-sa-place-de-leader\/"]}]},{"@type":"ImageObject","inLanguage":"fr-FR","@id":"https:\/\/lasentinelle.dz\/index.php\/2025\/04\/13\/marche-espagnol-de-gaz-lalgerie-recupere-sa-place-de-leader\/#primaryimage","url":"https:\/\/lasentinelle.dz\/wp-content\/uploads\/2024\/02\/gaz-algerie.webp","contentUrl":"https:\/\/lasentinelle.dz\/wp-content\/uploads\/2024\/02\/gaz-algerie.webp","width":2040,"height":1142},{"@type":"BreadcrumbList","@id":"https:\/\/lasentinelle.dz\/index.php\/2025\/04\/13\/marche-espagnol-de-gaz-lalgerie-recupere-sa-place-de-leader\/#breadcrumb","itemListElement":[{"@type":"ListItem","position":1,"name":"Accueil","item":"https:\/\/lasentinelle.dz\/"},{"@type":"ListItem","position":2,"name":"March\u00e9 espagnol de gaz: L&rsquo;Alg\u00e9rie r\u00e9cup\u00e8re sa place de leader"}]},{"@type":"WebSite","@id":"https:\/\/lasentinelle.dz\/#website","url":"https:\/\/lasentinelle.dz\/","name":"La Sentinelle","description":"Quotidien national d&#039;information","publisher":{"@id":"https:\/\/lasentinelle.dz\/#organization"},"potentialAction":[{"@type":"SearchAction","target":{"@type":"EntryPoint","urlTemplate":"https:\/\/lasentinelle.dz\/?s={search_term_string}"},"query-input":{"@type":"PropertyValueSpecification","valueRequired":true,"valueName":"search_term_string"}}],"inLanguage":"fr-FR"},{"@type":"Organization","@id":"https:\/\/lasentinelle.dz\/#organization","name":"Quotidien La Sentinelle","url":"https:\/\/lasentinelle.dz\/","logo":{"@type":"ImageObject","inLanguage":"fr-FR","@id":"https:\/\/lasentinelle.dz\/#\/schema\/logo\/image\/","url":"https:\/\/lasentinelle.dz\/wp-content\/uploads\/2021\/09\/logo-sentinelleSLOGAN-1.png","contentUrl":"https:\/\/lasentinelle.dz\/wp-content\/uploads\/2021\/09\/logo-sentinelleSLOGAN-1.png","width":615,"height":142,"caption":"Quotidien La Sentinelle"},"image":{"@id":"https:\/\/lasentinelle.dz\/#\/schema\/logo\/image\/"},"sameAs":["https:\/\/www.facebook.com\/La-Sentinelle-104059864394773"]},{"@type":"Person","@id":"https:\/\/lasentinelle.dz\/#\/schema\/person\/729ee0024f24e0b8c5ec17232f8e8b41","name":"admin","image":{"@type":"ImageObject","inLanguage":"fr-FR","@id":"https:\/\/secure.gravatar.com\/avatar\/4c81fed838786e9b53f540bf46533e750f5d292099ae3b66cfc6fb1982e29df7?s=96&d=mm&r=g","url":"https:\/\/secure.gravatar.com\/avatar\/4c81fed838786e9b53f540bf46533e750f5d292099ae3b66cfc6fb1982e29df7?s=96&d=mm&r=g","contentUrl":"https:\/\/secure.gravatar.com\/avatar\/4c81fed838786e9b53f540bf46533e750f5d292099ae3b66cfc6fb1982e29df7?s=96&d=mm&r=g","caption":"admin"},"description":"admin","url":"https:\/\/lasentinelle.dz\/author\/admin\/"}]}},"_links":{"self":[{"href":"https:\/\/lasentinelle.dz\/index.php\/wp-json\/wp\/v2\/posts\/65558","targetHints":{"allow":["GET"]}}],"collection":[{"href":"https:\/\/lasentinelle.dz\/index.php\/wp-json\/wp\/v2\/posts"}],"about":[{"href":"https:\/\/lasentinelle.dz\/index.php\/wp-json\/wp\/v2\/types\/post"}],"author":[{"embeddable":true,"href":"https:\/\/lasentinelle.dz\/index.php\/wp-json\/wp\/v2\/users\/6"}],"replies":[{"embeddable":true,"href":"https:\/\/lasentinelle.dz\/index.php\/wp-json\/wp\/v2\/comments?post=65558"}],"version-history":[{"count":2,"href":"https:\/\/lasentinelle.dz\/index.php\/wp-json\/wp\/v2\/posts\/65558\/revisions"}],"predecessor-version":[{"id":65560,"href":"https:\/\/lasentinelle.dz\/index.php\/wp-json\/wp\/v2\/posts\/65558\/revisions\/65560"}],"wp:featuredmedia":[{"embeddable":true,"href":"https:\/\/lasentinelle.dz\/index.php\/wp-json\/wp\/v2\/media\/49469"}],"wp:attachment":[{"href":"https:\/\/lasentinelle.dz\/index.php\/wp-json\/wp\/v2\/media?parent=65558"}],"wp:term":[{"taxonomy":"category","embeddable":true,"href":"https:\/\/lasentinelle.dz\/index.php\/wp-json\/wp\/v2\/categories?post=65558"},{"taxonomy":"post_tag","embeddable":true,"href":"https:\/\/lasentinelle.dz\/index.php\/wp-json\/wp\/v2\/tags?post=65558"}],"curies":[{"name":"wp","href":"https:\/\/api.w.org\/{rel}","templated":true}]}}