{"id":65578,"date":"2025-04-13T14:24:52","date_gmt":"2025-04-13T13:24:52","guid":{"rendered":"https:\/\/lasentinelle.dz\/?p=65578"},"modified":"2025-04-13T14:24:53","modified_gmt":"2025-04-13T13:24:53","slug":"la-societe-civile-mobilisee","status":"publish","type":"post","link":"https:\/\/lasentinelle.dz\/index.php\/2025\/04\/13\/la-societe-civile-mobilisee\/","title":{"rendered":"La soci\u00e9t\u00e9 civile mobilis\u00e9e"},"content":{"rendered":"\n<p>La soci\u00e9t\u00e9 civile s&rsquo;est mobilis\u00e9e pour d\u00e9noncer l&rsquo;attitude de la junte militaire malienne et ses accusations contre l&rsquo;Alg\u00e9rie et r\u00e9affirmer son soutien aux d\u00e9cisions prises par les autorit\u00e9s du pays. Les r\u00e9actions de plusieurs organisations et personnalit\u00e9s influentes t\u00e9moignent d&rsquo;un front uni face aux provocations injustifi\u00e9es de Bamako. L&rsquo;Amenokal N&rsquo;Ahaggar et Tamesna, le moudjahid Ammad Mustapha, a fermement d\u00e9nonc\u00e9 des agissements hostiles de la junte malienne et les accusations graves port\u00e9es contre l&rsquo;Alg\u00e9rie. Dans un communiqu\u00e9 publi\u00e9 vendredi, il a affirm\u00e9, tant en son nom personnel qu&rsquo;au nom des notables, chefs des tribus et moudjahidine de l&rsquo;Arm\u00e9e de lib\u00e9ration nationale, ainsi que des associations de la soci\u00e9t\u00e9 civile dans la zone frontali\u00e8re, leur rejet cat\u00e9gorique de ces actions. Pour l&rsquo;Amenokal, ces accusations ne sont que le reflet de tentatives d\u00e9sesp\u00e9r\u00e9es visant \u00e0 d\u00e9tourner l&rsquo;attention de l&rsquo;\u00e9chec du projet putschiste qui a plong\u00e9 le Mali dans une spirale d&rsquo;ins\u00e9curit\u00e9, d&rsquo;instabilit\u00e9 et de souffrances. Ammad Mustapha a soulign\u00e9 que ces tentatives \u00e9manant des auteurs du coup d&rsquo;\u00c9tat manqu\u00e9, visant \u00e0 porter atteinte \u00e0 la souverainet\u00e9 alg\u00e9rienne, ne font que confirmer les intentions malveillantes de la junte putschiste envers la s\u00e9curit\u00e9 et la stabilit\u00e9 de l&rsquo;Alg\u00e9rie. Au nom de toutes les composantes de la soci\u00e9t\u00e9 d&rsquo;Ahaggar et Tamesna, il a r\u00e9it\u00e9r\u00e9 leur soutien inconditionnel aux dirigeants politiques du pays, en particulier au Pr\u00e9sident de la R\u00e9publique Abdelmadjid Tebboune, ainsi qu&rsquo;\u00e0 l&rsquo;Arm\u00e9e nationale populaire, garante et protectrice du pays. Il s&rsquo;est \u00e9galement f\u00e9licit\u00e9 de la d\u00e9cision du minist\u00e8re des Affaires \u00e9trang\u00e8res de rappeler les ambassadeurs d&rsquo;Alg\u00e9rie au Mali et au Niger, dans le cadre de la mise en \u0153uvre du principe de r\u00e9ciprocit\u00e9, et de reporter la prise de fonctions du nouvel ambassadeur au Burkina Faso. Dans le m\u00eame contexte, la Machiakha g\u00e9n\u00e9rale de la Tariqa Qadiriya en Alg\u00e9rie et \u00e0 travers toute l&rsquo;Afrique a \u00e9galement exprim\u00e9 sa vive d\u00e9nonciation face aux all\u00e9gations fallacieuses visant \u00e0 porter atteinte \u00e0 l&rsquo;Alg\u00e9rie et \u00e0 remettre en cause ses positions constantes sur les questions de voisinage et de paix dans la r\u00e9gion du Sahel. Dans un communiqu\u00e9 publi\u00e9 hier, la confr\u00e9rie a d\u00e9nonc\u00e9 de \u00ab\u00a0graves contrev\u00e9rit\u00e9s\u00a0\u00bb traduisant une perte manifeste de l\u00e9gitimit\u00e9 et une d\u00e9connexion totale avec la r\u00e9alit\u00e9 r\u00e9gionale et internationale. La Tariqa Qadiriya souligne que ce discours hostile r\u00e9v\u00e8le la volont\u00e9 du Gouvernement de transition malien de se soumettre aux injonctions de parties occultes cherchant \u00e0 transformer la r\u00e9gion du Sahel en un terrain de rivalit\u00e9 et de confrontation entre des puissances \u00e9trang\u00e8res, au d\u00e9triment de la stabilit\u00e9 et de l&rsquo;unit\u00e9 des peuples de la r\u00e9gion. Le guide spirituel de la Tariqa, le Cheikh El Hassan Hassani, a r\u00e9affirm\u00e9 son soutien total aux d\u00e9cisions de l&rsquo;\u00c9tat alg\u00e9rien qui a toujours assum\u00e9 son r\u00f4le historique dans la d\u00e9fense des peuples opprim\u00e9s, la pr\u00e9servation de la paix et de la s\u00e9curit\u00e9 r\u00e9gionales, ainsi que la lutte constante contre le terrorisme.Face \u00e0 ces agissements, la Machiakha g\u00e9n\u00e9rale a appel\u00e9 le peuple alg\u00e9rien \u00e0 davantage de coh\u00e9sion, d&rsquo;unit\u00e9 et de mobilisation derri\u00e8re les institutions de l&rsquo;\u00c9tat, tout en faisant preuve de vigilance face aux campagnes de d\u00e9sinformation ciblant la s\u00e9curit\u00e9 et la stabilit\u00e9 du pays. Elle a \u00e9galement adress\u00e9 un appel fraternel aux Maliens, aux pays du Sahel et \u00e0 l&rsquo;ensemble des peuples du continent africain pour qu&rsquo;ils fassent preuve de conscience politique et de vigilance face \u00e0 ces man\u0153uvres visant \u00e0 d\u00e9stabiliser la r\u00e9gion en attisant les divisions et les conflits au service d&rsquo;agendas \u00e9trangers. La Tariqa Qadiriya a rappel\u00e9 que l&rsquo;avenir de la r\u00e9gion r\u00e9side dans la coop\u00e9ration, l&rsquo;int\u00e9gration et l&rsquo;unit\u00e9, et non dans la division et la soumission \u00e0 des volont\u00e9s \u00e9trang\u00e8res \u00c0 Khenchela, des acteurs de la soci\u00e9t\u00e9 civile et de la famille r\u00e9volutionnaire ont \u00e9galement exprim\u00e9 leur rejet de tout acharnement et parti pris contre l&rsquo;Alg\u00e9rie, r\u00e9affirmant leur soutien \u00e0 l&rsquo;Arm\u00e9e nationale populaire et aux d\u00e9cisions du pr\u00e9sident de la R\u00e9publique. Ils ont d\u00e9nonc\u00e9 le parti pris dangereux contenu dans le communiqu\u00e9 \u00e9manant des putschistes au Mali et dans celui du Coll\u00e8ge des Chefs d&rsquo;\u00c9tat de la conf\u00e9d\u00e9ration des \u00c9tats du Sahel, qui contient de graves accusations dissimulant des tentatives visant \u00e0 retourner l&rsquo;opinion publique r\u00e9gionale contre l&rsquo;Alg\u00e9rie. Ces associations ont rappel\u00e9 que l&rsquo;ANP, digne h\u00e9riti\u00e8re de l&rsquo;Arm\u00e9e de lib\u00e9ration nationale, est une arm\u00e9e professionnelle soucieuse d&rsquo;accomplir ses missions constitutionnelles. Elle assume son r\u00f4le selon une conviction purement d\u00e9fensive qui limite l&rsquo;usage de la force \u00e0 la d\u00e9fense de la souverainet\u00e9 nationale et de l&rsquo;int\u00e9grit\u00e9 territoriale, pr\u00e9serve l&rsquo;Alg\u00e9rie de toute implication dans des conflits ext\u00e9rieurs et \u0153uvre sans rel\u00e2che \u00e0 \u00e9viter l&rsquo;exacerbation des conflits servant les int\u00e9r\u00eats g\u00e9opolitiques des forces d&rsquo;ing\u00e9rence au d\u00e9triment des aspirations des peuples \u00e0 la libert\u00e9, \u00e0 la souverainet\u00e9 et au d\u00e9veloppement global.<\/p>\n\n\n\n<p>Salim Amokrane<\/p>\n","protected":false},"excerpt":{"rendered":"<p>La soci\u00e9t\u00e9 civile s&rsquo;est mobilis\u00e9e pour d\u00e9noncer l&rsquo;attitude de la junte militaire malienne et ses accusations contre l&rsquo;Alg\u00e9rie et r\u00e9affirmer<\/p>\n","protected":false},"author":6,"featured_media":38097,"comment_status":"open","ping_status":"closed","sticky":false,"template":"","format":"standard","meta":{"colormag_page_container_layout":"default_layout","colormag_page_sidebar_layout":"default_layout","om_disable_all_campaigns":false,"_monsterinsights_skip_tracking":false,"_monsterinsights_sitenote_active":false,"_monsterinsights_sitenote_note":"","_monsterinsights_sitenote_category":0,"footnotes":"","_wpscppro_dont_share_socialmedia":false,"_wpscppro_custom_social_share_image":0,"_facebook_share_type":"default","_twitter_share_type":"default","_linkedin_share_type":"default","_pinterest_share_type":"default","_linkedin_share_type_page":"","_instagram_share_type":"default","_medium_share_type":"default","_threads_share_type":"","_google_business_share_type":"","_selected_social_profile":[],"_wpsp_enable_custom_social_template":false,"_wpsp_social_scheduling":{"enabled":false,"datetime":null,"platforms":[],"status":"template_only","dateOption":"today","timeOption":"now","customDays":"","customHours":"","customDate":"","customTime":"","schedulingType":"absolute"},"_wpsp_active_default_template":true},"categories":[27],"tags":[],"class_list":["post-65578","post","type-post","status-publish","format-standard","has-post-thumbnail","hentry","category-actualite"],"aioseo_notices":[],"yoast_head":"<!-- This site is optimized with the Yoast SEO plugin v27.5 - https:\/\/yoast.com\/product\/yoast-seo-wordpress\/ -->\n<title>La soci\u00e9t\u00e9 civile mobilis\u00e9e - La Sentinelle<\/title>\n<meta name=\"robots\" content=\"index, follow, max-snippet:-1, max-image-preview:large, max-video-preview:-1\" \/>\n<link rel=\"canonical\" href=\"https:\/\/lasentinelle.dz\/index.php\/2025\/04\/13\/la-societe-civile-mobilisee\/\" \/>\n<meta property=\"og:locale\" content=\"fr_FR\" \/>\n<meta property=\"og:type\" content=\"article\" \/>\n<meta property=\"og:title\" content=\"La soci\u00e9t\u00e9 civile mobilis\u00e9e - La Sentinelle\" \/>\n<meta property=\"og:description\" content=\"La soci\u00e9t\u00e9 civile s&rsquo;est mobilis\u00e9e pour d\u00e9noncer l&rsquo;attitude de la junte militaire malienne et ses accusations contre l&rsquo;Alg\u00e9rie et r\u00e9affirmer\" \/>\n<meta property=\"og:url\" content=\"https:\/\/lasentinelle.dz\/index.php\/2025\/04\/13\/la-societe-civile-mobilisee\/\" \/>\n<meta property=\"og:site_name\" content=\"La Sentinelle\" \/>\n<meta property=\"article:publisher\" content=\"https:\/\/www.facebook.com\/La-Sentinelle-104059864394773\" \/>\n<meta property=\"article:published_time\" content=\"2025-04-13T13:24:52+00:00\" \/>\n<meta property=\"article:modified_time\" content=\"2025-04-13T13:24:53+00:00\" \/>\n<meta property=\"og:image\" content=\"https:\/\/lasentinelle.dz\/wp-content\/uploads\/2023\/03\/algerie.png\" \/>\n\t<meta property=\"og:image:width\" content=\"1491\" \/>\n\t<meta property=\"og:image:height\" content=\"900\" \/>\n\t<meta property=\"og:image:type\" content=\"image\/png\" \/>\n<meta name=\"author\" content=\"admin\" \/>\n<meta name=\"twitter:card\" content=\"summary_large_image\" \/>\n<meta name=\"twitter:label1\" content=\"\u00c9crit par\" \/>\n\t<meta name=\"twitter:data1\" content=\"admin\" \/>\n\t<meta name=\"twitter:label2\" content=\"Dur\u00e9e de lecture estim\u00e9e\" \/>\n\t<meta name=\"twitter:data2\" content=\"5 minutes\" \/>\n<script type=\"application\/ld+json\" class=\"yoast-schema-graph\">{\"@context\":\"https:\\\/\\\/schema.org\",\"@graph\":[{\"@type\":\"Article\",\"@id\":\"https:\\\/\\\/lasentinelle.dz\\\/index.php\\\/2025\\\/04\\\/13\\\/la-societe-civile-mobilisee\\\/#article\",\"isPartOf\":{\"@id\":\"https:\\\/\\\/lasentinelle.dz\\\/index.php\\\/2025\\\/04\\\/13\\\/la-societe-civile-mobilisee\\\/\"},\"author\":{\"name\":\"admin\",\"@id\":\"https:\\\/\\\/lasentinelle.dz\\\/#\\\/schema\\\/person\\\/729ee0024f24e0b8c5ec17232f8e8b41\"},\"headline\":\"La soci\u00e9t\u00e9 civile mobilis\u00e9e\",\"datePublished\":\"2025-04-13T13:24:52+00:00\",\"dateModified\":\"2025-04-13T13:24:53+00:00\",\"mainEntityOfPage\":{\"@id\":\"https:\\\/\\\/lasentinelle.dz\\\/index.php\\\/2025\\\/04\\\/13\\\/la-societe-civile-mobilisee\\\/\"},\"wordCount\":925,\"commentCount\":0,\"publisher\":{\"@id\":\"https:\\\/\\\/lasentinelle.dz\\\/#organization\"},\"image\":{\"@id\":\"https:\\\/\\\/lasentinelle.dz\\\/index.php\\\/2025\\\/04\\\/13\\\/la-societe-civile-mobilisee\\\/#primaryimage\"},\"thumbnailUrl\":\"https:\\\/\\\/lasentinelle.dz\\\/wp-content\\\/uploads\\\/2023\\\/03\\\/algerie.png\",\"articleSection\":[\"Actualit\u00e9\"],\"inLanguage\":\"fr-FR\",\"potentialAction\":[{\"@type\":\"CommentAction\",\"name\":\"Comment\",\"target\":[\"https:\\\/\\\/lasentinelle.dz\\\/index.php\\\/2025\\\/04\\\/13\\\/la-societe-civile-mobilisee\\\/#respond\"]}]},{\"@type\":\"WebPage\",\"@id\":\"https:\\\/\\\/lasentinelle.dz\\\/index.php\\\/2025\\\/04\\\/13\\\/la-societe-civile-mobilisee\\\/\",\"url\":\"https:\\\/\\\/lasentinelle.dz\\\/index.php\\\/2025\\\/04\\\/13\\\/la-societe-civile-mobilisee\\\/\",\"name\":\"La soci\u00e9t\u00e9 civile mobilis\u00e9e - La Sentinelle\",\"isPartOf\":{\"@id\":\"https:\\\/\\\/lasentinelle.dz\\\/#website\"},\"primaryImageOfPage\":{\"@id\":\"https:\\\/\\\/lasentinelle.dz\\\/index.php\\\/2025\\\/04\\\/13\\\/la-societe-civile-mobilisee\\\/#primaryimage\"},\"image\":{\"@id\":\"https:\\\/\\\/lasentinelle.dz\\\/index.php\\\/2025\\\/04\\\/13\\\/la-societe-civile-mobilisee\\\/#primaryimage\"},\"thumbnailUrl\":\"https:\\\/\\\/lasentinelle.dz\\\/wp-content\\\/uploads\\\/2023\\\/03\\\/algerie.png\",\"datePublished\":\"2025-04-13T13:24:52+00:00\",\"dateModified\":\"2025-04-13T13:24:53+00:00\",\"breadcrumb\":{\"@id\":\"https:\\\/\\\/lasentinelle.dz\\\/index.php\\\/2025\\\/04\\\/13\\\/la-societe-civile-mobilisee\\\/#breadcrumb\"},\"inLanguage\":\"fr-FR\",\"potentialAction\":[{\"@type\":\"ReadAction\",\"target\":[\"https:\\\/\\\/lasentinelle.dz\\\/index.php\\\/2025\\\/04\\\/13\\\/la-societe-civile-mobilisee\\\/\"]}]},{\"@type\":\"ImageObject\",\"inLanguage\":\"fr-FR\",\"@id\":\"https:\\\/\\\/lasentinelle.dz\\\/index.php\\\/2025\\\/04\\\/13\\\/la-societe-civile-mobilisee\\\/#primaryimage\",\"url\":\"https:\\\/\\\/lasentinelle.dz\\\/wp-content\\\/uploads\\\/2023\\\/03\\\/algerie.png\",\"contentUrl\":\"https:\\\/\\\/lasentinelle.dz\\\/wp-content\\\/uploads\\\/2023\\\/03\\\/algerie.png\",\"width\":1491,\"height\":900},{\"@type\":\"BreadcrumbList\",\"@id\":\"https:\\\/\\\/lasentinelle.dz\\\/index.php\\\/2025\\\/04\\\/13\\\/la-societe-civile-mobilisee\\\/#breadcrumb\",\"itemListElement\":[{\"@type\":\"ListItem\",\"position\":1,\"name\":\"Accueil\",\"item\":\"https:\\\/\\\/lasentinelle.dz\\\/\"},{\"@type\":\"ListItem\",\"position\":2,\"name\":\"La soci\u00e9t\u00e9 civile mobilis\u00e9e\"}]},{\"@type\":\"WebSite\",\"@id\":\"https:\\\/\\\/lasentinelle.dz\\\/#website\",\"url\":\"https:\\\/\\\/lasentinelle.dz\\\/\",\"name\":\"La Sentinelle\",\"description\":\"Quotidien national d&#039;information\",\"publisher\":{\"@id\":\"https:\\\/\\\/lasentinelle.dz\\\/#organization\"},\"potentialAction\":[{\"@type\":\"SearchAction\",\"target\":{\"@type\":\"EntryPoint\",\"urlTemplate\":\"https:\\\/\\\/lasentinelle.dz\\\/?s={search_term_string}\"},\"query-input\":{\"@type\":\"PropertyValueSpecification\",\"valueRequired\":true,\"valueName\":\"search_term_string\"}}],\"inLanguage\":\"fr-FR\"},{\"@type\":\"Organization\",\"@id\":\"https:\\\/\\\/lasentinelle.dz\\\/#organization\",\"name\":\"Quotidien La Sentinelle\",\"url\":\"https:\\\/\\\/lasentinelle.dz\\\/\",\"logo\":{\"@type\":\"ImageObject\",\"inLanguage\":\"fr-FR\",\"@id\":\"https:\\\/\\\/lasentinelle.dz\\\/#\\\/schema\\\/logo\\\/image\\\/\",\"url\":\"https:\\\/\\\/lasentinelle.dz\\\/wp-content\\\/uploads\\\/2021\\\/09\\\/logo-sentinelleSLOGAN-1.png\",\"contentUrl\":\"https:\\\/\\\/lasentinelle.dz\\\/wp-content\\\/uploads\\\/2021\\\/09\\\/logo-sentinelleSLOGAN-1.png\",\"width\":615,\"height\":142,\"caption\":\"Quotidien La Sentinelle\"},\"image\":{\"@id\":\"https:\\\/\\\/lasentinelle.dz\\\/#\\\/schema\\\/logo\\\/image\\\/\"},\"sameAs\":[\"https:\\\/\\\/www.facebook.com\\\/La-Sentinelle-104059864394773\"]},{\"@type\":\"Person\",\"@id\":\"https:\\\/\\\/lasentinelle.dz\\\/#\\\/schema\\\/person\\\/729ee0024f24e0b8c5ec17232f8e8b41\",\"name\":\"admin\",\"image\":{\"@type\":\"ImageObject\",\"inLanguage\":\"fr-FR\",\"@id\":\"https:\\\/\\\/secure.gravatar.com\\\/avatar\\\/4c81fed838786e9b53f540bf46533e750f5d292099ae3b66cfc6fb1982e29df7?s=96&d=mm&r=g\",\"url\":\"https:\\\/\\\/secure.gravatar.com\\\/avatar\\\/4c81fed838786e9b53f540bf46533e750f5d292099ae3b66cfc6fb1982e29df7?s=96&d=mm&r=g\",\"contentUrl\":\"https:\\\/\\\/secure.gravatar.com\\\/avatar\\\/4c81fed838786e9b53f540bf46533e750f5d292099ae3b66cfc6fb1982e29df7?s=96&d=mm&r=g\",\"caption\":\"admin\"},\"description\":\"admin\",\"url\":\"https:\\\/\\\/lasentinelle.dz\\\/author\\\/admin\\\/\"}]}<\/script>\n<!-- \/ Yoast SEO plugin. -->","yoast_head_json":{"title":"La soci\u00e9t\u00e9 civile mobilis\u00e9e - La Sentinelle","robots":{"index":"index","follow":"follow","max-snippet":"max-snippet:-1","max-image-preview":"max-image-preview:large","max-video-preview":"max-video-preview:-1"},"canonical":"https:\/\/lasentinelle.dz\/index.php\/2025\/04\/13\/la-societe-civile-mobilisee\/","og_locale":"fr_FR","og_type":"article","og_title":"La soci\u00e9t\u00e9 civile mobilis\u00e9e - La Sentinelle","og_description":"La soci\u00e9t\u00e9 civile s&rsquo;est mobilis\u00e9e pour d\u00e9noncer l&rsquo;attitude de la junte militaire malienne et ses accusations contre l&rsquo;Alg\u00e9rie et r\u00e9affirmer","og_url":"https:\/\/lasentinelle.dz\/index.php\/2025\/04\/13\/la-societe-civile-mobilisee\/","og_site_name":"La Sentinelle","article_publisher":"https:\/\/www.facebook.com\/La-Sentinelle-104059864394773","article_published_time":"2025-04-13T13:24:52+00:00","article_modified_time":"2025-04-13T13:24:53+00:00","og_image":[{"width":1491,"height":900,"url":"https:\/\/lasentinelle.dz\/wp-content\/uploads\/2023\/03\/algerie.png","type":"image\/png"}],"author":"admin","twitter_card":"summary_large_image","twitter_misc":{"\u00c9crit par":"admin","Dur\u00e9e de lecture estim\u00e9e":"5 minutes"},"schema":{"@context":"https:\/\/schema.org","@graph":[{"@type":"Article","@id":"https:\/\/lasentinelle.dz\/index.php\/2025\/04\/13\/la-societe-civile-mobilisee\/#article","isPartOf":{"@id":"https:\/\/lasentinelle.dz\/index.php\/2025\/04\/13\/la-societe-civile-mobilisee\/"},"author":{"name":"admin","@id":"https:\/\/lasentinelle.dz\/#\/schema\/person\/729ee0024f24e0b8c5ec17232f8e8b41"},"headline":"La soci\u00e9t\u00e9 civile mobilis\u00e9e","datePublished":"2025-04-13T13:24:52+00:00","dateModified":"2025-04-13T13:24:53+00:00","mainEntityOfPage":{"@id":"https:\/\/lasentinelle.dz\/index.php\/2025\/04\/13\/la-societe-civile-mobilisee\/"},"wordCount":925,"commentCount":0,"publisher":{"@id":"https:\/\/lasentinelle.dz\/#organization"},"image":{"@id":"https:\/\/lasentinelle.dz\/index.php\/2025\/04\/13\/la-societe-civile-mobilisee\/#primaryimage"},"thumbnailUrl":"https:\/\/lasentinelle.dz\/wp-content\/uploads\/2023\/03\/algerie.png","articleSection":["Actualit\u00e9"],"inLanguage":"fr-FR","potentialAction":[{"@type":"CommentAction","name":"Comment","target":["https:\/\/lasentinelle.dz\/index.php\/2025\/04\/13\/la-societe-civile-mobilisee\/#respond"]}]},{"@type":"WebPage","@id":"https:\/\/lasentinelle.dz\/index.php\/2025\/04\/13\/la-societe-civile-mobilisee\/","url":"https:\/\/lasentinelle.dz\/index.php\/2025\/04\/13\/la-societe-civile-mobilisee\/","name":"La soci\u00e9t\u00e9 civile mobilis\u00e9e - La Sentinelle","isPartOf":{"@id":"https:\/\/lasentinelle.dz\/#website"},"primaryImageOfPage":{"@id":"https:\/\/lasentinelle.dz\/index.php\/2025\/04\/13\/la-societe-civile-mobilisee\/#primaryimage"},"image":{"@id":"https:\/\/lasentinelle.dz\/index.php\/2025\/04\/13\/la-societe-civile-mobilisee\/#primaryimage"},"thumbnailUrl":"https:\/\/lasentinelle.dz\/wp-content\/uploads\/2023\/03\/algerie.png","datePublished":"2025-04-13T13:24:52+00:00","dateModified":"2025-04-13T13:24:53+00:00","breadcrumb":{"@id":"https:\/\/lasentinelle.dz\/index.php\/2025\/04\/13\/la-societe-civile-mobilisee\/#breadcrumb"},"inLanguage":"fr-FR","potentialAction":[{"@type":"ReadAction","target":["https:\/\/lasentinelle.dz\/index.php\/2025\/04\/13\/la-societe-civile-mobilisee\/"]}]},{"@type":"ImageObject","inLanguage":"fr-FR","@id":"https:\/\/lasentinelle.dz\/index.php\/2025\/04\/13\/la-societe-civile-mobilisee\/#primaryimage","url":"https:\/\/lasentinelle.dz\/wp-content\/uploads\/2023\/03\/algerie.png","contentUrl":"https:\/\/lasentinelle.dz\/wp-content\/uploads\/2023\/03\/algerie.png","width":1491,"height":900},{"@type":"BreadcrumbList","@id":"https:\/\/lasentinelle.dz\/index.php\/2025\/04\/13\/la-societe-civile-mobilisee\/#breadcrumb","itemListElement":[{"@type":"ListItem","position":1,"name":"Accueil","item":"https:\/\/lasentinelle.dz\/"},{"@type":"ListItem","position":2,"name":"La soci\u00e9t\u00e9 civile mobilis\u00e9e"}]},{"@type":"WebSite","@id":"https:\/\/lasentinelle.dz\/#website","url":"https:\/\/lasentinelle.dz\/","name":"La Sentinelle","description":"Quotidien national d&#039;information","publisher":{"@id":"https:\/\/lasentinelle.dz\/#organization"},"potentialAction":[{"@type":"SearchAction","target":{"@type":"EntryPoint","urlTemplate":"https:\/\/lasentinelle.dz\/?s={search_term_string}"},"query-input":{"@type":"PropertyValueSpecification","valueRequired":true,"valueName":"search_term_string"}}],"inLanguage":"fr-FR"},{"@type":"Organization","@id":"https:\/\/lasentinelle.dz\/#organization","name":"Quotidien La Sentinelle","url":"https:\/\/lasentinelle.dz\/","logo":{"@type":"ImageObject","inLanguage":"fr-FR","@id":"https:\/\/lasentinelle.dz\/#\/schema\/logo\/image\/","url":"https:\/\/lasentinelle.dz\/wp-content\/uploads\/2021\/09\/logo-sentinelleSLOGAN-1.png","contentUrl":"https:\/\/lasentinelle.dz\/wp-content\/uploads\/2021\/09\/logo-sentinelleSLOGAN-1.png","width":615,"height":142,"caption":"Quotidien La Sentinelle"},"image":{"@id":"https:\/\/lasentinelle.dz\/#\/schema\/logo\/image\/"},"sameAs":["https:\/\/www.facebook.com\/La-Sentinelle-104059864394773"]},{"@type":"Person","@id":"https:\/\/lasentinelle.dz\/#\/schema\/person\/729ee0024f24e0b8c5ec17232f8e8b41","name":"admin","image":{"@type":"ImageObject","inLanguage":"fr-FR","@id":"https:\/\/secure.gravatar.com\/avatar\/4c81fed838786e9b53f540bf46533e750f5d292099ae3b66cfc6fb1982e29df7?s=96&d=mm&r=g","url":"https:\/\/secure.gravatar.com\/avatar\/4c81fed838786e9b53f540bf46533e750f5d292099ae3b66cfc6fb1982e29df7?s=96&d=mm&r=g","contentUrl":"https:\/\/secure.gravatar.com\/avatar\/4c81fed838786e9b53f540bf46533e750f5d292099ae3b66cfc6fb1982e29df7?s=96&d=mm&r=g","caption":"admin"},"description":"admin","url":"https:\/\/lasentinelle.dz\/author\/admin\/"}]}},"_links":{"self":[{"href":"https:\/\/lasentinelle.dz\/index.php\/wp-json\/wp\/v2\/posts\/65578","targetHints":{"allow":["GET"]}}],"collection":[{"href":"https:\/\/lasentinelle.dz\/index.php\/wp-json\/wp\/v2\/posts"}],"about":[{"href":"https:\/\/lasentinelle.dz\/index.php\/wp-json\/wp\/v2\/types\/post"}],"author":[{"embeddable":true,"href":"https:\/\/lasentinelle.dz\/index.php\/wp-json\/wp\/v2\/users\/6"}],"replies":[{"embeddable":true,"href":"https:\/\/lasentinelle.dz\/index.php\/wp-json\/wp\/v2\/comments?post=65578"}],"version-history":[{"count":1,"href":"https:\/\/lasentinelle.dz\/index.php\/wp-json\/wp\/v2\/posts\/65578\/revisions"}],"predecessor-version":[{"id":65579,"href":"https:\/\/lasentinelle.dz\/index.php\/wp-json\/wp\/v2\/posts\/65578\/revisions\/65579"}],"wp:featuredmedia":[{"embeddable":true,"href":"https:\/\/lasentinelle.dz\/index.php\/wp-json\/wp\/v2\/media\/38097"}],"wp:attachment":[{"href":"https:\/\/lasentinelle.dz\/index.php\/wp-json\/wp\/v2\/media?parent=65578"}],"wp:term":[{"taxonomy":"category","embeddable":true,"href":"https:\/\/lasentinelle.dz\/index.php\/wp-json\/wp\/v2\/categories?post=65578"},{"taxonomy":"post_tag","embeddable":true,"href":"https:\/\/lasentinelle.dz\/index.php\/wp-json\/wp\/v2\/tags?post=65578"}],"curies":[{"name":"wp","href":"https:\/\/api.w.org\/{rel}","templated":true}]}}