{"id":65592,"date":"2025-04-14T14:15:09","date_gmt":"2025-04-14T13:15:09","guid":{"rendered":"https:\/\/lasentinelle.dz\/?p=65592"},"modified":"2025-04-14T14:15:10","modified_gmt":"2025-04-14T13:15:10","slug":"soudan-plusieurs-attaques-meurtrieres-au-darfour","status":"publish","type":"post","link":"https:\/\/lasentinelle.dz\/index.php\/2025\/04\/14\/soudan-plusieurs-attaques-meurtrieres-au-darfour\/","title":{"rendered":"Soudan \u00a0: Plusieurs attaques meurtri\u00e8res au Darfour"},"content":{"rendered":"\n<p>L&rsquo;escalade dramatique de la violence au Soudan, particuli\u00e8rement dans la r\u00e9gion du Darfour, suscite une inqui\u00e9tude croissante de la communaut\u00e9 internationale alors que le bilan humain ne cesse de s&rsquo;alourdir. Au moins 114 civils ont \u00e9t\u00e9 tu\u00e9s lors d&rsquo;attaques perp\u00e9tr\u00e9es par les Forces de soutien rapide (FSR) contre des camps de d\u00e9plac\u00e9s \u00e0 El Fasher ces derniers jours, marquant une nouvelle \u00e9tape dans l&rsquo;horreur d&rsquo;un conflit qui dure depuis maintenant deux ans. \u00ab\u00a0Plus de 100 civils ont \u00e9t\u00e9 tu\u00e9s \u00e0 la suite de l&rsquo;attaque brutale lanc\u00e9e par les milices des Forces de soutien rapide sur le camp de d\u00e9plac\u00e9s de Zamzam hier (vendredi), et des dizaines d&rsquo;autres ont \u00e9t\u00e9 bless\u00e9s\u00a0\u00bb, a d\u00e9clar\u00e9 Ibrahim Khatir, directeur g\u00e9n\u00e9ral de l&rsquo;autorit\u00e9 sanitaire de l&rsquo;\u00c9tat du Darfour-Nord. Le responsable a pr\u00e9cis\u00e9 que le lendemain, \u00ab\u00a014 civils ont \u00e9t\u00e9 tu\u00e9s lors d&rsquo;une autre attaque des milices sur le camp de d\u00e9plac\u00e9s d&rsquo;Abu Shouk, et des dizaines d&rsquo;autres ont \u00e9t\u00e9 bless\u00e9s\u00a0\u00bb. Parmi les victimes du camp de Zamzam figurent neuf employ\u00e9s de Relief International, une organisation non gouvernementale qui g\u00e8re un h\u00f4pital de campagne dans ce lieu de refuge. Le groupe de b\u00e9n\u00e9voles Emergency Room a quant \u00e0 lui rapport\u00e9 dans un communiqu\u00e9 que 40 civils avaient \u00e9t\u00e9 tu\u00e9s et des centaines d&rsquo;autres bless\u00e9s samedi suite \u00e0 un bombardement intensif du camp d&rsquo;Abu Shouk par les Forces de soutien rapide. Cette vague de violence ne se limite pas \u00e0 la capitale du Darfour-Nord. \u00c0 Um Kadadah, ville situ\u00e9e \u00e0 environ 180 kilom\u00e8tres au sud-ouest d&rsquo;El-Facher, les FSR ont proc\u00e9d\u00e9 \u00e0 \u00ab\u00a0l&rsquo;ex\u00e9cution des citoyens de la ville, dont le nombre a atteint 56 personnes\u00a0\u00bb apr\u00e8s avoir pris le contr\u00f4le de la localit\u00e9 jeudi dernier, selon des sources locales. Adam Rajal, porte-parole de la Coordination des d\u00e9plac\u00e9s et r\u00e9fugi\u00e9s au Darfour, a confirm\u00e9 que les camps de d\u00e9plac\u00e9s \u00ab\u00a0sont vis\u00e9s par les bombardements et attaqu\u00e9s par des v\u00e9hicules de combat des FSR\u00a0\u00bb et signal\u00e9 la reprise des combats \u00e0 l&rsquo;int\u00e9rieur d&rsquo;El-Facher. Face \u00e0 cette situation, la Coordonnatrice r\u00e9sidente et humanitaire des Nations Unies au Soudan, Cl\u00e9mentine Nkweta-Salami, a lanc\u00e9 un avertissement s\u00e9v\u00e8re concernant l&rsquo;aggravation de la situation humanitaire dans le pays. \u00ab\u00a0La population est dans une situation d\u00e9sesp\u00e9r\u00e9e,\u00a0\u00bb a-t-elle d\u00e9clar\u00e9, appelant la communaut\u00e9 internationale \u00ab\u00a0\u00e0 ne pas oublier le Soudan, \u00e0 ne pas oublier les hommes, les femmes et les enfants soudanais qui se trouvent dans une situation extr\u00eamement difficile en ce moment critique\u00a0\u00bb. Son inqui\u00e9tude porte particuli\u00e8rement sur le risque croissant de famine et la p\u00e9nurie critique de financement pour les efforts de secours.<\/p>\n\n\n\n<p>Depuis le d\u00e9clenchement du conflit entre les forces arm\u00e9es soudanaises et les Forces de soutien rapide le 15 avril 2023, le pays a connu des destructions sans pr\u00e9c\u00e9dent. Plus de 12 millions de personnes ont \u00e9t\u00e9 d\u00e9plac\u00e9es, ce qui en fait la pire crise de d\u00e9placement au monde. Selon les Forces arm\u00e9es soudanaises, le conflit aurait d\u00e9j\u00e0 fait plus de 29 600 victimes. La situation est particuli\u00e8rement catastrophique au Darfour. Mme Nkweta-Salami a confirm\u00e9 que la ville d&rsquo;El Fasher reste assi\u00e9g\u00e9e et que la population civile est \u00ab\u00a0confront\u00e9e \u00e0 des bombardements quotidiens, \u00e0 des d\u00e9placements et \u00e0 une d\u00e9t\u00e9rioration rapide de la situation humanitaire\u00a0\u00bb. Elle a exprim\u00e9 sa profonde inqui\u00e9tude face \u00e0 la famine confirm\u00e9e dans le camp de Zamzam, qualifiant la situation de \u00ab\u00a0catastrophique\u00a0\u00bb et citant de graves p\u00e9nuries de nourriture, d&rsquo;eau et de fournitures m\u00e9dicales. \u00ab\u00a0Les prix des produits de base ont augment\u00e9 de fa\u00e7on spectaculaire, mettant les articles essentiels hors de port\u00e9e de la plupart des familles\u00a0\u00bb, a-t-elle soulign\u00e9. La Coordonnatrice de l&rsquo;ONU a affirm\u00e9 que l&rsquo;action humanitaire ne peut pas attendre. En l&rsquo;absence de cessez-le-feu, \u00ab\u00a0nous continuerons d&rsquo;avancer dans la r\u00e9ponse humanitaire\u00a0\u00bb, a-t-elle d\u00e9clar\u00e9. Son message \u00e0 la communaut\u00e9 internationale est clair et urgent : \u00ab\u00a0Nous avons encore besoin d&rsquo;un effort massif. Nous avons encore besoin du soutien de la communaut\u00e9 internationale en termes de ressources, et nous avons encore besoin de davantage de facilitation de la part de tous les groupes arm\u00e9s impliqu\u00e9s dans ce conflit\u00a0\u00bb. Apr\u00e8s deux ans de violences, la coordonnatrice a exprim\u00e9 sa d\u00e9ception : \u00ab\u00a0Nous esp\u00e9rions pouvoir fournir une assistance humanitaire compl\u00e8te \u00e0 tous ceux qui en avaient besoin, mais nous sommes toujours en difficult\u00e9\u00a0\u00bb.<\/p>\n\n\n\n<p>L.S.<\/p>\n","protected":false},"excerpt":{"rendered":"<p>L&rsquo;escalade dramatique de la violence au Soudan, particuli\u00e8rement dans la r\u00e9gion du Darfour, suscite une inqui\u00e9tude croissante de la communaut\u00e9<\/p>\n","protected":false},"author":6,"featured_media":61596,"comment_status":"open","ping_status":"closed","sticky":false,"template":"","format":"standard","meta":{"colormag_page_container_layout":"default_layout","colormag_page_sidebar_layout":"default_layout","om_disable_all_campaigns":false,"_monsterinsights_skip_tracking":false,"_monsterinsights_sitenote_active":false,"_monsterinsights_sitenote_note":"","_monsterinsights_sitenote_category":0,"footnotes":"","_wpscppro_dont_share_socialmedia":false,"_wpscppro_custom_social_share_image":0,"_facebook_share_type":"default","_twitter_share_type":"default","_linkedin_share_type":"default","_pinterest_share_type":"default","_linkedin_share_type_page":"","_instagram_share_type":"default","_medium_share_type":"default","_threads_share_type":"","_google_business_share_type":"","_selected_social_profile":[],"_wpsp_enable_custom_social_template":false,"_wpsp_social_scheduling":{"enabled":false,"datetime":null,"platforms":[],"status":"template_only","dateOption":"today","timeOption":"now","customDays":"","customHours":"","customDate":"","customTime":"","schedulingType":"absolute"},"_wpsp_active_default_template":true},"categories":[37],"tags":[],"class_list":["post-65592","post","type-post","status-publish","format-standard","has-post-thumbnail","hentry","category-monde"],"aioseo_notices":[],"yoast_head":"<!-- This site is optimized with the Yoast SEO plugin v27.5 - https:\/\/yoast.com\/product\/yoast-seo-wordpress\/ -->\n<title>Soudan \u00a0: Plusieurs attaques meurtri\u00e8res au Darfour - La Sentinelle<\/title>\n<meta name=\"robots\" content=\"index, follow, max-snippet:-1, max-image-preview:large, max-video-preview:-1\" \/>\n<link rel=\"canonical\" href=\"https:\/\/lasentinelle.dz\/index.php\/2025\/04\/14\/soudan-plusieurs-attaques-meurtrieres-au-darfour\/\" \/>\n<meta property=\"og:locale\" content=\"fr_FR\" \/>\n<meta property=\"og:type\" content=\"article\" \/>\n<meta property=\"og:title\" content=\"Soudan \u00a0: Plusieurs attaques meurtri\u00e8res au Darfour - La Sentinelle\" \/>\n<meta property=\"og:description\" content=\"L&rsquo;escalade dramatique de la violence au Soudan, particuli\u00e8rement dans la r\u00e9gion du Darfour, suscite une inqui\u00e9tude croissante de la communaut\u00e9\" \/>\n<meta property=\"og:url\" content=\"https:\/\/lasentinelle.dz\/index.php\/2025\/04\/14\/soudan-plusieurs-attaques-meurtrieres-au-darfour\/\" \/>\n<meta property=\"og:site_name\" content=\"La Sentinelle\" \/>\n<meta property=\"article:publisher\" content=\"https:\/\/www.facebook.com\/La-Sentinelle-104059864394773\" \/>\n<meta property=\"article:published_time\" content=\"2025-04-14T13:15:09+00:00\" \/>\n<meta property=\"article:modified_time\" content=\"2025-04-14T13:15:10+00:00\" \/>\n<meta property=\"og:image\" content=\"https:\/\/lasentinelle.dz\/wp-content\/uploads\/2025\/01\/al-fasher.jpeg\" \/>\n\t<meta property=\"og:image:width\" content=\"946\" \/>\n\t<meta property=\"og:image:height\" content=\"710\" \/>\n\t<meta property=\"og:image:type\" content=\"image\/jpeg\" \/>\n<meta name=\"author\" content=\"admin\" \/>\n<meta name=\"twitter:card\" content=\"summary_large_image\" \/>\n<meta name=\"twitter:label1\" content=\"\u00c9crit par\" \/>\n\t<meta name=\"twitter:data1\" content=\"admin\" \/>\n\t<meta name=\"twitter:label2\" content=\"Dur\u00e9e de lecture estim\u00e9e\" \/>\n\t<meta name=\"twitter:data2\" content=\"4 minutes\" \/>\n<script type=\"application\/ld+json\" class=\"yoast-schema-graph\">{\"@context\":\"https:\\\/\\\/schema.org\",\"@graph\":[{\"@type\":\"Article\",\"@id\":\"https:\\\/\\\/lasentinelle.dz\\\/index.php\\\/2025\\\/04\\\/14\\\/soudan-plusieurs-attaques-meurtrieres-au-darfour\\\/#article\",\"isPartOf\":{\"@id\":\"https:\\\/\\\/lasentinelle.dz\\\/index.php\\\/2025\\\/04\\\/14\\\/soudan-plusieurs-attaques-meurtrieres-au-darfour\\\/\"},\"author\":{\"name\":\"admin\",\"@id\":\"https:\\\/\\\/lasentinelle.dz\\\/#\\\/schema\\\/person\\\/729ee0024f24e0b8c5ec17232f8e8b41\"},\"headline\":\"Soudan \u00a0: Plusieurs attaques meurtri\u00e8res au Darfour\",\"datePublished\":\"2025-04-14T13:15:09+00:00\",\"dateModified\":\"2025-04-14T13:15:10+00:00\",\"mainEntityOfPage\":{\"@id\":\"https:\\\/\\\/lasentinelle.dz\\\/index.php\\\/2025\\\/04\\\/14\\\/soudan-plusieurs-attaques-meurtrieres-au-darfour\\\/\"},\"wordCount\":781,\"commentCount\":0,\"publisher\":{\"@id\":\"https:\\\/\\\/lasentinelle.dz\\\/#organization\"},\"image\":{\"@id\":\"https:\\\/\\\/lasentinelle.dz\\\/index.php\\\/2025\\\/04\\\/14\\\/soudan-plusieurs-attaques-meurtrieres-au-darfour\\\/#primaryimage\"},\"thumbnailUrl\":\"https:\\\/\\\/lasentinelle.dz\\\/wp-content\\\/uploads\\\/2025\\\/01\\\/al-fasher.jpeg\",\"articleSection\":[\"Monde\"],\"inLanguage\":\"fr-FR\",\"potentialAction\":[{\"@type\":\"CommentAction\",\"name\":\"Comment\",\"target\":[\"https:\\\/\\\/lasentinelle.dz\\\/index.php\\\/2025\\\/04\\\/14\\\/soudan-plusieurs-attaques-meurtrieres-au-darfour\\\/#respond\"]}]},{\"@type\":\"WebPage\",\"@id\":\"https:\\\/\\\/lasentinelle.dz\\\/index.php\\\/2025\\\/04\\\/14\\\/soudan-plusieurs-attaques-meurtrieres-au-darfour\\\/\",\"url\":\"https:\\\/\\\/lasentinelle.dz\\\/index.php\\\/2025\\\/04\\\/14\\\/soudan-plusieurs-attaques-meurtrieres-au-darfour\\\/\",\"name\":\"Soudan \u00a0: Plusieurs attaques meurtri\u00e8res au Darfour - La Sentinelle\",\"isPartOf\":{\"@id\":\"https:\\\/\\\/lasentinelle.dz\\\/#website\"},\"primaryImageOfPage\":{\"@id\":\"https:\\\/\\\/lasentinelle.dz\\\/index.php\\\/2025\\\/04\\\/14\\\/soudan-plusieurs-attaques-meurtrieres-au-darfour\\\/#primaryimage\"},\"image\":{\"@id\":\"https:\\\/\\\/lasentinelle.dz\\\/index.php\\\/2025\\\/04\\\/14\\\/soudan-plusieurs-attaques-meurtrieres-au-darfour\\\/#primaryimage\"},\"thumbnailUrl\":\"https:\\\/\\\/lasentinelle.dz\\\/wp-content\\\/uploads\\\/2025\\\/01\\\/al-fasher.jpeg\",\"datePublished\":\"2025-04-14T13:15:09+00:00\",\"dateModified\":\"2025-04-14T13:15:10+00:00\",\"breadcrumb\":{\"@id\":\"https:\\\/\\\/lasentinelle.dz\\\/index.php\\\/2025\\\/04\\\/14\\\/soudan-plusieurs-attaques-meurtrieres-au-darfour\\\/#breadcrumb\"},\"inLanguage\":\"fr-FR\",\"potentialAction\":[{\"@type\":\"ReadAction\",\"target\":[\"https:\\\/\\\/lasentinelle.dz\\\/index.php\\\/2025\\\/04\\\/14\\\/soudan-plusieurs-attaques-meurtrieres-au-darfour\\\/\"]}]},{\"@type\":\"ImageObject\",\"inLanguage\":\"fr-FR\",\"@id\":\"https:\\\/\\\/lasentinelle.dz\\\/index.php\\\/2025\\\/04\\\/14\\\/soudan-plusieurs-attaques-meurtrieres-au-darfour\\\/#primaryimage\",\"url\":\"https:\\\/\\\/lasentinelle.dz\\\/wp-content\\\/uploads\\\/2025\\\/01\\\/al-fasher.jpeg\",\"contentUrl\":\"https:\\\/\\\/lasentinelle.dz\\\/wp-content\\\/uploads\\\/2025\\\/01\\\/al-fasher.jpeg\",\"width\":946,\"height\":710},{\"@type\":\"BreadcrumbList\",\"@id\":\"https:\\\/\\\/lasentinelle.dz\\\/index.php\\\/2025\\\/04\\\/14\\\/soudan-plusieurs-attaques-meurtrieres-au-darfour\\\/#breadcrumb\",\"itemListElement\":[{\"@type\":\"ListItem\",\"position\":1,\"name\":\"Accueil\",\"item\":\"https:\\\/\\\/lasentinelle.dz\\\/\"},{\"@type\":\"ListItem\",\"position\":2,\"name\":\"Soudan \u00a0: Plusieurs attaques meurtri\u00e8res au Darfour\"}]},{\"@type\":\"WebSite\",\"@id\":\"https:\\\/\\\/lasentinelle.dz\\\/#website\",\"url\":\"https:\\\/\\\/lasentinelle.dz\\\/\",\"name\":\"La Sentinelle\",\"description\":\"Quotidien national d&#039;information\",\"publisher\":{\"@id\":\"https:\\\/\\\/lasentinelle.dz\\\/#organization\"},\"potentialAction\":[{\"@type\":\"SearchAction\",\"target\":{\"@type\":\"EntryPoint\",\"urlTemplate\":\"https:\\\/\\\/lasentinelle.dz\\\/?s={search_term_string}\"},\"query-input\":{\"@type\":\"PropertyValueSpecification\",\"valueRequired\":true,\"valueName\":\"search_term_string\"}}],\"inLanguage\":\"fr-FR\"},{\"@type\":\"Organization\",\"@id\":\"https:\\\/\\\/lasentinelle.dz\\\/#organization\",\"name\":\"Quotidien La Sentinelle\",\"url\":\"https:\\\/\\\/lasentinelle.dz\\\/\",\"logo\":{\"@type\":\"ImageObject\",\"inLanguage\":\"fr-FR\",\"@id\":\"https:\\\/\\\/lasentinelle.dz\\\/#\\\/schema\\\/logo\\\/image\\\/\",\"url\":\"https:\\\/\\\/lasentinelle.dz\\\/wp-content\\\/uploads\\\/2021\\\/09\\\/logo-sentinelleSLOGAN-1.png\",\"contentUrl\":\"https:\\\/\\\/lasentinelle.dz\\\/wp-content\\\/uploads\\\/2021\\\/09\\\/logo-sentinelleSLOGAN-1.png\",\"width\":615,\"height\":142,\"caption\":\"Quotidien La Sentinelle\"},\"image\":{\"@id\":\"https:\\\/\\\/lasentinelle.dz\\\/#\\\/schema\\\/logo\\\/image\\\/\"},\"sameAs\":[\"https:\\\/\\\/www.facebook.com\\\/La-Sentinelle-104059864394773\"]},{\"@type\":\"Person\",\"@id\":\"https:\\\/\\\/lasentinelle.dz\\\/#\\\/schema\\\/person\\\/729ee0024f24e0b8c5ec17232f8e8b41\",\"name\":\"admin\",\"image\":{\"@type\":\"ImageObject\",\"inLanguage\":\"fr-FR\",\"@id\":\"https:\\\/\\\/secure.gravatar.com\\\/avatar\\\/4c81fed838786e9b53f540bf46533e750f5d292099ae3b66cfc6fb1982e29df7?s=96&d=mm&r=g\",\"url\":\"https:\\\/\\\/secure.gravatar.com\\\/avatar\\\/4c81fed838786e9b53f540bf46533e750f5d292099ae3b66cfc6fb1982e29df7?s=96&d=mm&r=g\",\"contentUrl\":\"https:\\\/\\\/secure.gravatar.com\\\/avatar\\\/4c81fed838786e9b53f540bf46533e750f5d292099ae3b66cfc6fb1982e29df7?s=96&d=mm&r=g\",\"caption\":\"admin\"},\"description\":\"admin\",\"url\":\"https:\\\/\\\/lasentinelle.dz\\\/author\\\/admin\\\/\"}]}<\/script>\n<!-- \/ Yoast SEO plugin. -->","yoast_head_json":{"title":"Soudan \u00a0: Plusieurs attaques meurtri\u00e8res au Darfour - La Sentinelle","robots":{"index":"index","follow":"follow","max-snippet":"max-snippet:-1","max-image-preview":"max-image-preview:large","max-video-preview":"max-video-preview:-1"},"canonical":"https:\/\/lasentinelle.dz\/index.php\/2025\/04\/14\/soudan-plusieurs-attaques-meurtrieres-au-darfour\/","og_locale":"fr_FR","og_type":"article","og_title":"Soudan \u00a0: Plusieurs attaques meurtri\u00e8res au Darfour - La Sentinelle","og_description":"L&rsquo;escalade dramatique de la violence au Soudan, particuli\u00e8rement dans la r\u00e9gion du Darfour, suscite une inqui\u00e9tude croissante de la communaut\u00e9","og_url":"https:\/\/lasentinelle.dz\/index.php\/2025\/04\/14\/soudan-plusieurs-attaques-meurtrieres-au-darfour\/","og_site_name":"La Sentinelle","article_publisher":"https:\/\/www.facebook.com\/La-Sentinelle-104059864394773","article_published_time":"2025-04-14T13:15:09+00:00","article_modified_time":"2025-04-14T13:15:10+00:00","og_image":[{"width":946,"height":710,"url":"https:\/\/lasentinelle.dz\/wp-content\/uploads\/2025\/01\/al-fasher.jpeg","type":"image\/jpeg"}],"author":"admin","twitter_card":"summary_large_image","twitter_misc":{"\u00c9crit par":"admin","Dur\u00e9e de lecture estim\u00e9e":"4 minutes"},"schema":{"@context":"https:\/\/schema.org","@graph":[{"@type":"Article","@id":"https:\/\/lasentinelle.dz\/index.php\/2025\/04\/14\/soudan-plusieurs-attaques-meurtrieres-au-darfour\/#article","isPartOf":{"@id":"https:\/\/lasentinelle.dz\/index.php\/2025\/04\/14\/soudan-plusieurs-attaques-meurtrieres-au-darfour\/"},"author":{"name":"admin","@id":"https:\/\/lasentinelle.dz\/#\/schema\/person\/729ee0024f24e0b8c5ec17232f8e8b41"},"headline":"Soudan \u00a0: Plusieurs attaques meurtri\u00e8res au Darfour","datePublished":"2025-04-14T13:15:09+00:00","dateModified":"2025-04-14T13:15:10+00:00","mainEntityOfPage":{"@id":"https:\/\/lasentinelle.dz\/index.php\/2025\/04\/14\/soudan-plusieurs-attaques-meurtrieres-au-darfour\/"},"wordCount":781,"commentCount":0,"publisher":{"@id":"https:\/\/lasentinelle.dz\/#organization"},"image":{"@id":"https:\/\/lasentinelle.dz\/index.php\/2025\/04\/14\/soudan-plusieurs-attaques-meurtrieres-au-darfour\/#primaryimage"},"thumbnailUrl":"https:\/\/lasentinelle.dz\/wp-content\/uploads\/2025\/01\/al-fasher.jpeg","articleSection":["Monde"],"inLanguage":"fr-FR","potentialAction":[{"@type":"CommentAction","name":"Comment","target":["https:\/\/lasentinelle.dz\/index.php\/2025\/04\/14\/soudan-plusieurs-attaques-meurtrieres-au-darfour\/#respond"]}]},{"@type":"WebPage","@id":"https:\/\/lasentinelle.dz\/index.php\/2025\/04\/14\/soudan-plusieurs-attaques-meurtrieres-au-darfour\/","url":"https:\/\/lasentinelle.dz\/index.php\/2025\/04\/14\/soudan-plusieurs-attaques-meurtrieres-au-darfour\/","name":"Soudan \u00a0: Plusieurs attaques meurtri\u00e8res au Darfour - La Sentinelle","isPartOf":{"@id":"https:\/\/lasentinelle.dz\/#website"},"primaryImageOfPage":{"@id":"https:\/\/lasentinelle.dz\/index.php\/2025\/04\/14\/soudan-plusieurs-attaques-meurtrieres-au-darfour\/#primaryimage"},"image":{"@id":"https:\/\/lasentinelle.dz\/index.php\/2025\/04\/14\/soudan-plusieurs-attaques-meurtrieres-au-darfour\/#primaryimage"},"thumbnailUrl":"https:\/\/lasentinelle.dz\/wp-content\/uploads\/2025\/01\/al-fasher.jpeg","datePublished":"2025-04-14T13:15:09+00:00","dateModified":"2025-04-14T13:15:10+00:00","breadcrumb":{"@id":"https:\/\/lasentinelle.dz\/index.php\/2025\/04\/14\/soudan-plusieurs-attaques-meurtrieres-au-darfour\/#breadcrumb"},"inLanguage":"fr-FR","potentialAction":[{"@type":"ReadAction","target":["https:\/\/lasentinelle.dz\/index.php\/2025\/04\/14\/soudan-plusieurs-attaques-meurtrieres-au-darfour\/"]}]},{"@type":"ImageObject","inLanguage":"fr-FR","@id":"https:\/\/lasentinelle.dz\/index.php\/2025\/04\/14\/soudan-plusieurs-attaques-meurtrieres-au-darfour\/#primaryimage","url":"https:\/\/lasentinelle.dz\/wp-content\/uploads\/2025\/01\/al-fasher.jpeg","contentUrl":"https:\/\/lasentinelle.dz\/wp-content\/uploads\/2025\/01\/al-fasher.jpeg","width":946,"height":710},{"@type":"BreadcrumbList","@id":"https:\/\/lasentinelle.dz\/index.php\/2025\/04\/14\/soudan-plusieurs-attaques-meurtrieres-au-darfour\/#breadcrumb","itemListElement":[{"@type":"ListItem","position":1,"name":"Accueil","item":"https:\/\/lasentinelle.dz\/"},{"@type":"ListItem","position":2,"name":"Soudan \u00a0: Plusieurs attaques meurtri\u00e8res au Darfour"}]},{"@type":"WebSite","@id":"https:\/\/lasentinelle.dz\/#website","url":"https:\/\/lasentinelle.dz\/","name":"La Sentinelle","description":"Quotidien national d&#039;information","publisher":{"@id":"https:\/\/lasentinelle.dz\/#organization"},"potentialAction":[{"@type":"SearchAction","target":{"@type":"EntryPoint","urlTemplate":"https:\/\/lasentinelle.dz\/?s={search_term_string}"},"query-input":{"@type":"PropertyValueSpecification","valueRequired":true,"valueName":"search_term_string"}}],"inLanguage":"fr-FR"},{"@type":"Organization","@id":"https:\/\/lasentinelle.dz\/#organization","name":"Quotidien La Sentinelle","url":"https:\/\/lasentinelle.dz\/","logo":{"@type":"ImageObject","inLanguage":"fr-FR","@id":"https:\/\/lasentinelle.dz\/#\/schema\/logo\/image\/","url":"https:\/\/lasentinelle.dz\/wp-content\/uploads\/2021\/09\/logo-sentinelleSLOGAN-1.png","contentUrl":"https:\/\/lasentinelle.dz\/wp-content\/uploads\/2021\/09\/logo-sentinelleSLOGAN-1.png","width":615,"height":142,"caption":"Quotidien La Sentinelle"},"image":{"@id":"https:\/\/lasentinelle.dz\/#\/schema\/logo\/image\/"},"sameAs":["https:\/\/www.facebook.com\/La-Sentinelle-104059864394773"]},{"@type":"Person","@id":"https:\/\/lasentinelle.dz\/#\/schema\/person\/729ee0024f24e0b8c5ec17232f8e8b41","name":"admin","image":{"@type":"ImageObject","inLanguage":"fr-FR","@id":"https:\/\/secure.gravatar.com\/avatar\/4c81fed838786e9b53f540bf46533e750f5d292099ae3b66cfc6fb1982e29df7?s=96&d=mm&r=g","url":"https:\/\/secure.gravatar.com\/avatar\/4c81fed838786e9b53f540bf46533e750f5d292099ae3b66cfc6fb1982e29df7?s=96&d=mm&r=g","contentUrl":"https:\/\/secure.gravatar.com\/avatar\/4c81fed838786e9b53f540bf46533e750f5d292099ae3b66cfc6fb1982e29df7?s=96&d=mm&r=g","caption":"admin"},"description":"admin","url":"https:\/\/lasentinelle.dz\/author\/admin\/"}]}},"_links":{"self":[{"href":"https:\/\/lasentinelle.dz\/index.php\/wp-json\/wp\/v2\/posts\/65592","targetHints":{"allow":["GET"]}}],"collection":[{"href":"https:\/\/lasentinelle.dz\/index.php\/wp-json\/wp\/v2\/posts"}],"about":[{"href":"https:\/\/lasentinelle.dz\/index.php\/wp-json\/wp\/v2\/types\/post"}],"author":[{"embeddable":true,"href":"https:\/\/lasentinelle.dz\/index.php\/wp-json\/wp\/v2\/users\/6"}],"replies":[{"embeddable":true,"href":"https:\/\/lasentinelle.dz\/index.php\/wp-json\/wp\/v2\/comments?post=65592"}],"version-history":[{"count":1,"href":"https:\/\/lasentinelle.dz\/index.php\/wp-json\/wp\/v2\/posts\/65592\/revisions"}],"predecessor-version":[{"id":65593,"href":"https:\/\/lasentinelle.dz\/index.php\/wp-json\/wp\/v2\/posts\/65592\/revisions\/65593"}],"wp:featuredmedia":[{"embeddable":true,"href":"https:\/\/lasentinelle.dz\/index.php\/wp-json\/wp\/v2\/media\/61596"}],"wp:attachment":[{"href":"https:\/\/lasentinelle.dz\/index.php\/wp-json\/wp\/v2\/media?parent=65592"}],"wp:term":[{"taxonomy":"category","embeddable":true,"href":"https:\/\/lasentinelle.dz\/index.php\/wp-json\/wp\/v2\/categories?post=65592"},{"taxonomy":"post_tag","embeddable":true,"href":"https:\/\/lasentinelle.dz\/index.php\/wp-json\/wp\/v2\/tags?post=65592"}],"curies":[{"name":"wp","href":"https:\/\/api.w.org\/{rel}","templated":true}]}}