{"id":65636,"date":"2025-04-14T14:29:09","date_gmt":"2025-04-14T13:29:09","guid":{"rendered":"https:\/\/lasentinelle.dz\/?p=65636"},"modified":"2025-04-14T14:29:10","modified_gmt":"2025-04-14T13:29:10","slug":"le-conseil-de-securite-tient-une-reunion-sur-le-sahara-occidental-le-droit-a-lautodetermination-comme-seule-solution","status":"publish","type":"post","link":"https:\/\/lasentinelle.dz\/index.php\/2025\/04\/14\/le-conseil-de-securite-tient-une-reunion-sur-le-sahara-occidental-le-droit-a-lautodetermination-comme-seule-solution\/","title":{"rendered":"Le Conseil de s\u00e9curit\u00e9 tient une r\u00e9union sur le Sahara occidental : Le droit \u00e0 l&rsquo;autod\u00e9termination comme seule solution"},"content":{"rendered":"\n<p>Le Conseil de s\u00e9curit\u00e9 des Nations unies tiendra ce lundi une r\u00e9union \u00e0 huis clos consacr\u00e9e \u00e0 l&rsquo;examen des d\u00e9veloppements au Sahara occidental et aux perspectives du processus de paix onusien dans ce territoire, derni\u00e8re colonie en Afrique. Cette session rev\u00eat une importance particuli\u00e8re alors que le conflit perdure dans cette r\u00e9gion occup\u00e9e par le Maroc depuis 1975. Lors de cette r\u00e9union, pr\u00e9vue conform\u00e9ment \u00e0 la r\u00e9solution 2756 adopt\u00e9e le 31 octobre 2024 qui a prorog\u00e9 le mandat de la MINURSO pour une ann\u00e9e suppl\u00e9mentaire, deux responsables onusiens de premier plan pr\u00e9senteront leurs rapports sur la situation. Staffan de Mistura, Envoy\u00e9 personnel du Secr\u00e9taire g\u00e9n\u00e9ral de l&rsquo;ONU, exposera son analyse sur \u00ab\u00a0La situation et les perspectives du processus de paix\u00a0\u00bb, tandis qu&rsquo;Alexander Ivanko, Repr\u00e9sentant sp\u00e9cial du Secr\u00e9taire g\u00e9n\u00e9ral pour le Sahara occidental et chef de la MINURSO (Mission des Nations unies pour l&rsquo;organisation d&rsquo;un r\u00e9f\u00e9rendum au Sahara occidental), d\u00e9taillera \u00ab\u00a0Le d\u00e9veloppement de la situation dans la zone couverte par le mandat de la mission de l&rsquo;ONU\u00a0\u00bb. En pr\u00e9paration de cette session, Staffan de Mistura a effectu\u00e9 la semaine derni\u00e8re une visite dans les Camps de r\u00e9fugi\u00e9s sahraouis. Cette mission diplomatique visait \u00e0 prendre le pouls du terrain et \u00e0 \u00e9valuer les perspectives du processus de paix parrain\u00e9 par les Nations unies. Durant ce s\u00e9jour de deux jours, l&rsquo;\u00e9missaire onusien a rencontr\u00e9 plusieurs dirigeants sahraouis, notamment le pr\u00e9sident de la R\u00e9publique arabe sahraouie d\u00e9mocratique (RASD), Brahim Ghali. Il s&rsquo;est \u00e9galement entretenu avec des repr\u00e9sentants du peuple sahraoui et diff\u00e9rentes composantes de la soci\u00e9t\u00e9 civile sahraouie, qui ont unanimement r\u00e9affirm\u00e9 leur attachement ind\u00e9fectible au droit inali\u00e9nable \u00e0 l&rsquo;autod\u00e9termination et \u00e0 l&rsquo;ind\u00e9pendance. Mohamed Sidi Omar, repr\u00e9sentant du Front Polisario aupr\u00e8s de l&rsquo;ONU et coordinateur avec la MINURSO, a pr\u00e9cis\u00e9 que cette visite s&rsquo;inscrivait dans le cadre d&rsquo;une tourn\u00e9e r\u00e9gionale ayant permis \u00e0 De Mistura de rencontrer les deux parties au conflit &#8211; le Front Polisario et l&rsquo;\u00c9tat d&rsquo;occupation marocain. Le diplomate italo-su\u00e9dois a ensuite poursuivi sa tourn\u00e9e en se rendant en Mauritanie, puis en Alg\u00e9rie o\u00f9 il a \u00e9t\u00e9 re\u00e7u par Ahmed Attaf, ministre d&rsquo;\u00c9tat, ministre des Affaires \u00e9trang\u00e8res, de la Communaut\u00e9 nationale \u00e0 l&rsquo;\u00e9tranger et des Affaires africaines. Lors de cet entretien, M. Attaf a clairement exprim\u00e9 \u00ab\u00a0le soutien absolu de l&rsquo;Alg\u00e9rie aux efforts du Secr\u00e9taire g\u00e9n\u00e9ral de l&rsquo;ONU, M. Antonio Guterres et de son Envoy\u00e9 personnel, M. Staffan de Mistura, visant \u00e0 relancer le processus de r\u00e8glement politique du conflit au Sahara occidental sur la base de la charte des Nations unies et des principes de la l\u00e9galit\u00e9 internationale relatifs \u00e0 la d\u00e9colonisation\u00a0\u00bb. Le chef de la diplomatie alg\u00e9rienne a \u00e9galement soulign\u00e9 \u00ab\u00a0la conviction profonde qui anime l&rsquo;Alg\u00e9rie, \u00e0 savoir que la seule et unique voie pour parachever le processus de d\u00e9colonisation au Sahara occidental, est la reprise des n\u00e9gociations directes entre les parties au conflit, le Royaume du Maroc et le Front Polisario, sans conditions pr\u00e9alables et de bonne foi, afin de parvenir \u00e0 une solution politique garantissant au peuple sahraoui l&rsquo;exercice de son droit inali\u00e9nable et imprescriptible \u00e0 l&rsquo;autod\u00e9termination, conform\u00e9ment \u00e0 l&rsquo;ensemble des r\u00e9solutions onusiennes y aff\u00e9rentes, notamment celles du Conseil de s\u00e9curit\u00e9 ou de l&rsquo;Assembl\u00e9e g\u00e9n\u00e9rale\u00a0\u00bb.<\/p>\n\n\n\n<p>Lyes Sa\u00efdi<\/p>\n","protected":false},"excerpt":{"rendered":"<p>Le Conseil de s\u00e9curit\u00e9 des Nations unies tiendra ce lundi une r\u00e9union \u00e0 huis clos consacr\u00e9e \u00e0 l&rsquo;examen des d\u00e9veloppements<\/p>\n","protected":false},"author":6,"featured_media":46712,"comment_status":"open","ping_status":"closed","sticky":false,"template":"","format":"standard","meta":{"colormag_page_container_layout":"default_layout","colormag_page_sidebar_layout":"default_layout","om_disable_all_campaigns":false,"_monsterinsights_skip_tracking":false,"_monsterinsights_sitenote_active":false,"_monsterinsights_sitenote_note":"","_monsterinsights_sitenote_category":0,"footnotes":"","_wpscppro_dont_share_socialmedia":false,"_wpscppro_custom_social_share_image":0,"_facebook_share_type":"default","_twitter_share_type":"default","_linkedin_share_type":"default","_pinterest_share_type":"default","_linkedin_share_type_page":"","_instagram_share_type":"default","_medium_share_type":"default","_threads_share_type":"","_google_business_share_type":"","_selected_social_profile":[],"_wpsp_enable_custom_social_template":false,"_wpsp_social_scheduling":{"enabled":false,"datetime":null,"platforms":[],"status":"template_only","dateOption":"today","timeOption":"now","customDays":"","customHours":"","customDate":"","customTime":"","schedulingType":"absolute"},"_wpsp_active_default_template":true},"categories":[37],"tags":[],"class_list":["post-65636","post","type-post","status-publish","format-standard","has-post-thumbnail","hentry","category-monde"],"aioseo_notices":[],"yoast_head":"<!-- This site is optimized with the Yoast SEO plugin v27.5 - https:\/\/yoast.com\/product\/yoast-seo-wordpress\/ -->\n<title>Le Conseil de s\u00e9curit\u00e9 tient une r\u00e9union sur le Sahara occidental : Le droit \u00e0 l&rsquo;autod\u00e9termination comme seule solution - La Sentinelle<\/title>\n<meta name=\"robots\" content=\"index, follow, max-snippet:-1, max-image-preview:large, max-video-preview:-1\" \/>\n<link rel=\"canonical\" href=\"https:\/\/lasentinelle.dz\/index.php\/2025\/04\/14\/le-conseil-de-securite-tient-une-reunion-sur-le-sahara-occidental-le-droit-a-lautodetermination-comme-seule-solution\/\" \/>\n<meta property=\"og:locale\" content=\"fr_FR\" \/>\n<meta property=\"og:type\" content=\"article\" \/>\n<meta property=\"og:title\" content=\"Le Conseil de s\u00e9curit\u00e9 tient une r\u00e9union sur le Sahara occidental : Le droit \u00e0 l&rsquo;autod\u00e9termination comme seule solution - La Sentinelle\" \/>\n<meta property=\"og:description\" content=\"Le Conseil de s\u00e9curit\u00e9 des Nations unies tiendra ce lundi une r\u00e9union \u00e0 huis clos consacr\u00e9e \u00e0 l&rsquo;examen des d\u00e9veloppements\" \/>\n<meta property=\"og:url\" content=\"https:\/\/lasentinelle.dz\/index.php\/2025\/04\/14\/le-conseil-de-securite-tient-une-reunion-sur-le-sahara-occidental-le-droit-a-lautodetermination-comme-seule-solution\/\" \/>\n<meta property=\"og:site_name\" content=\"La Sentinelle\" \/>\n<meta property=\"article:publisher\" content=\"https:\/\/www.facebook.com\/La-Sentinelle-104059864394773\" \/>\n<meta property=\"article:published_time\" content=\"2025-04-14T13:29:09+00:00\" \/>\n<meta property=\"article:modified_time\" content=\"2025-04-14T13:29:10+00:00\" \/>\n<meta property=\"og:image\" content=\"https:\/\/lasentinelle.dz\/wp-content\/uploads\/2023\/10\/Conseil-de-securite.webp\" \/>\n\t<meta property=\"og:image:width\" content=\"1656\" \/>\n\t<meta property=\"og:image:height\" content=\"1060\" \/>\n\t<meta property=\"og:image:type\" content=\"image\/webp\" \/>\n<meta name=\"author\" content=\"admin\" \/>\n<meta name=\"twitter:card\" content=\"summary_large_image\" \/>\n<meta name=\"twitter:label1\" content=\"\u00c9crit par\" \/>\n\t<meta name=\"twitter:data1\" content=\"admin\" \/>\n\t<meta name=\"twitter:label2\" content=\"Dur\u00e9e de lecture estim\u00e9e\" \/>\n\t<meta name=\"twitter:data2\" content=\"3 minutes\" \/>\n<script type=\"application\/ld+json\" class=\"yoast-schema-graph\">{\"@context\":\"https:\\\/\\\/schema.org\",\"@graph\":[{\"@type\":\"Article\",\"@id\":\"https:\\\/\\\/lasentinelle.dz\\\/index.php\\\/2025\\\/04\\\/14\\\/le-conseil-de-securite-tient-une-reunion-sur-le-sahara-occidental-le-droit-a-lautodetermination-comme-seule-solution\\\/#article\",\"isPartOf\":{\"@id\":\"https:\\\/\\\/lasentinelle.dz\\\/index.php\\\/2025\\\/04\\\/14\\\/le-conseil-de-securite-tient-une-reunion-sur-le-sahara-occidental-le-droit-a-lautodetermination-comme-seule-solution\\\/\"},\"author\":{\"name\":\"admin\",\"@id\":\"https:\\\/\\\/lasentinelle.dz\\\/#\\\/schema\\\/person\\\/729ee0024f24e0b8c5ec17232f8e8b41\"},\"headline\":\"Le Conseil de s\u00e9curit\u00e9 tient une r\u00e9union sur le Sahara occidental : Le droit \u00e0 l&rsquo;autod\u00e9termination comme seule solution\",\"datePublished\":\"2025-04-14T13:29:09+00:00\",\"dateModified\":\"2025-04-14T13:29:10+00:00\",\"mainEntityOfPage\":{\"@id\":\"https:\\\/\\\/lasentinelle.dz\\\/index.php\\\/2025\\\/04\\\/14\\\/le-conseil-de-securite-tient-une-reunion-sur-le-sahara-occidental-le-droit-a-lautodetermination-comme-seule-solution\\\/\"},\"wordCount\":624,\"commentCount\":0,\"publisher\":{\"@id\":\"https:\\\/\\\/lasentinelle.dz\\\/#organization\"},\"image\":{\"@id\":\"https:\\\/\\\/lasentinelle.dz\\\/index.php\\\/2025\\\/04\\\/14\\\/le-conseil-de-securite-tient-une-reunion-sur-le-sahara-occidental-le-droit-a-lautodetermination-comme-seule-solution\\\/#primaryimage\"},\"thumbnailUrl\":\"https:\\\/\\\/lasentinelle.dz\\\/wp-content\\\/uploads\\\/2023\\\/10\\\/Conseil-de-securite.webp\",\"articleSection\":[\"Monde\"],\"inLanguage\":\"fr-FR\",\"potentialAction\":[{\"@type\":\"CommentAction\",\"name\":\"Comment\",\"target\":[\"https:\\\/\\\/lasentinelle.dz\\\/index.php\\\/2025\\\/04\\\/14\\\/le-conseil-de-securite-tient-une-reunion-sur-le-sahara-occidental-le-droit-a-lautodetermination-comme-seule-solution\\\/#respond\"]}]},{\"@type\":\"WebPage\",\"@id\":\"https:\\\/\\\/lasentinelle.dz\\\/index.php\\\/2025\\\/04\\\/14\\\/le-conseil-de-securite-tient-une-reunion-sur-le-sahara-occidental-le-droit-a-lautodetermination-comme-seule-solution\\\/\",\"url\":\"https:\\\/\\\/lasentinelle.dz\\\/index.php\\\/2025\\\/04\\\/14\\\/le-conseil-de-securite-tient-une-reunion-sur-le-sahara-occidental-le-droit-a-lautodetermination-comme-seule-solution\\\/\",\"name\":\"Le Conseil de s\u00e9curit\u00e9 tient une r\u00e9union sur le Sahara occidental : Le droit \u00e0 l&rsquo;autod\u00e9termination comme seule solution - La Sentinelle\",\"isPartOf\":{\"@id\":\"https:\\\/\\\/lasentinelle.dz\\\/#website\"},\"primaryImageOfPage\":{\"@id\":\"https:\\\/\\\/lasentinelle.dz\\\/index.php\\\/2025\\\/04\\\/14\\\/le-conseil-de-securite-tient-une-reunion-sur-le-sahara-occidental-le-droit-a-lautodetermination-comme-seule-solution\\\/#primaryimage\"},\"image\":{\"@id\":\"https:\\\/\\\/lasentinelle.dz\\\/index.php\\\/2025\\\/04\\\/14\\\/le-conseil-de-securite-tient-une-reunion-sur-le-sahara-occidental-le-droit-a-lautodetermination-comme-seule-solution\\\/#primaryimage\"},\"thumbnailUrl\":\"https:\\\/\\\/lasentinelle.dz\\\/wp-content\\\/uploads\\\/2023\\\/10\\\/Conseil-de-securite.webp\",\"datePublished\":\"2025-04-14T13:29:09+00:00\",\"dateModified\":\"2025-04-14T13:29:10+00:00\",\"breadcrumb\":{\"@id\":\"https:\\\/\\\/lasentinelle.dz\\\/index.php\\\/2025\\\/04\\\/14\\\/le-conseil-de-securite-tient-une-reunion-sur-le-sahara-occidental-le-droit-a-lautodetermination-comme-seule-solution\\\/#breadcrumb\"},\"inLanguage\":\"fr-FR\",\"potentialAction\":[{\"@type\":\"ReadAction\",\"target\":[\"https:\\\/\\\/lasentinelle.dz\\\/index.php\\\/2025\\\/04\\\/14\\\/le-conseil-de-securite-tient-une-reunion-sur-le-sahara-occidental-le-droit-a-lautodetermination-comme-seule-solution\\\/\"]}]},{\"@type\":\"ImageObject\",\"inLanguage\":\"fr-FR\",\"@id\":\"https:\\\/\\\/lasentinelle.dz\\\/index.php\\\/2025\\\/04\\\/14\\\/le-conseil-de-securite-tient-une-reunion-sur-le-sahara-occidental-le-droit-a-lautodetermination-comme-seule-solution\\\/#primaryimage\",\"url\":\"https:\\\/\\\/lasentinelle.dz\\\/wp-content\\\/uploads\\\/2023\\\/10\\\/Conseil-de-securite.webp\",\"contentUrl\":\"https:\\\/\\\/lasentinelle.dz\\\/wp-content\\\/uploads\\\/2023\\\/10\\\/Conseil-de-securite.webp\",\"width\":1656,\"height\":1060},{\"@type\":\"BreadcrumbList\",\"@id\":\"https:\\\/\\\/lasentinelle.dz\\\/index.php\\\/2025\\\/04\\\/14\\\/le-conseil-de-securite-tient-une-reunion-sur-le-sahara-occidental-le-droit-a-lautodetermination-comme-seule-solution\\\/#breadcrumb\",\"itemListElement\":[{\"@type\":\"ListItem\",\"position\":1,\"name\":\"Accueil\",\"item\":\"https:\\\/\\\/lasentinelle.dz\\\/\"},{\"@type\":\"ListItem\",\"position\":2,\"name\":\"Le Conseil de s\u00e9curit\u00e9 tient une r\u00e9union sur le Sahara occidental : Le droit \u00e0 l&rsquo;autod\u00e9termination comme seule solution\"}]},{\"@type\":\"WebSite\",\"@id\":\"https:\\\/\\\/lasentinelle.dz\\\/#website\",\"url\":\"https:\\\/\\\/lasentinelle.dz\\\/\",\"name\":\"La Sentinelle\",\"description\":\"Quotidien national d&#039;information\",\"publisher\":{\"@id\":\"https:\\\/\\\/lasentinelle.dz\\\/#organization\"},\"potentialAction\":[{\"@type\":\"SearchAction\",\"target\":{\"@type\":\"EntryPoint\",\"urlTemplate\":\"https:\\\/\\\/lasentinelle.dz\\\/?s={search_term_string}\"},\"query-input\":{\"@type\":\"PropertyValueSpecification\",\"valueRequired\":true,\"valueName\":\"search_term_string\"}}],\"inLanguage\":\"fr-FR\"},{\"@type\":\"Organization\",\"@id\":\"https:\\\/\\\/lasentinelle.dz\\\/#organization\",\"name\":\"Quotidien La Sentinelle\",\"url\":\"https:\\\/\\\/lasentinelle.dz\\\/\",\"logo\":{\"@type\":\"ImageObject\",\"inLanguage\":\"fr-FR\",\"@id\":\"https:\\\/\\\/lasentinelle.dz\\\/#\\\/schema\\\/logo\\\/image\\\/\",\"url\":\"https:\\\/\\\/lasentinelle.dz\\\/wp-content\\\/uploads\\\/2021\\\/09\\\/logo-sentinelleSLOGAN-1.png\",\"contentUrl\":\"https:\\\/\\\/lasentinelle.dz\\\/wp-content\\\/uploads\\\/2021\\\/09\\\/logo-sentinelleSLOGAN-1.png\",\"width\":615,\"height\":142,\"caption\":\"Quotidien La Sentinelle\"},\"image\":{\"@id\":\"https:\\\/\\\/lasentinelle.dz\\\/#\\\/schema\\\/logo\\\/image\\\/\"},\"sameAs\":[\"https:\\\/\\\/www.facebook.com\\\/La-Sentinelle-104059864394773\"]},{\"@type\":\"Person\",\"@id\":\"https:\\\/\\\/lasentinelle.dz\\\/#\\\/schema\\\/person\\\/729ee0024f24e0b8c5ec17232f8e8b41\",\"name\":\"admin\",\"image\":{\"@type\":\"ImageObject\",\"inLanguage\":\"fr-FR\",\"@id\":\"https:\\\/\\\/secure.gravatar.com\\\/avatar\\\/4c81fed838786e9b53f540bf46533e750f5d292099ae3b66cfc6fb1982e29df7?s=96&d=mm&r=g\",\"url\":\"https:\\\/\\\/secure.gravatar.com\\\/avatar\\\/4c81fed838786e9b53f540bf46533e750f5d292099ae3b66cfc6fb1982e29df7?s=96&d=mm&r=g\",\"contentUrl\":\"https:\\\/\\\/secure.gravatar.com\\\/avatar\\\/4c81fed838786e9b53f540bf46533e750f5d292099ae3b66cfc6fb1982e29df7?s=96&d=mm&r=g\",\"caption\":\"admin\"},\"description\":\"admin\",\"url\":\"https:\\\/\\\/lasentinelle.dz\\\/author\\\/admin\\\/\"}]}<\/script>\n<!-- \/ Yoast SEO plugin. -->","yoast_head_json":{"title":"Le Conseil de s\u00e9curit\u00e9 tient une r\u00e9union sur le Sahara occidental : Le droit \u00e0 l&rsquo;autod\u00e9termination comme seule solution - La Sentinelle","robots":{"index":"index","follow":"follow","max-snippet":"max-snippet:-1","max-image-preview":"max-image-preview:large","max-video-preview":"max-video-preview:-1"},"canonical":"https:\/\/lasentinelle.dz\/index.php\/2025\/04\/14\/le-conseil-de-securite-tient-une-reunion-sur-le-sahara-occidental-le-droit-a-lautodetermination-comme-seule-solution\/","og_locale":"fr_FR","og_type":"article","og_title":"Le Conseil de s\u00e9curit\u00e9 tient une r\u00e9union sur le Sahara occidental : Le droit \u00e0 l&rsquo;autod\u00e9termination comme seule solution - La Sentinelle","og_description":"Le Conseil de s\u00e9curit\u00e9 des Nations unies tiendra ce lundi une r\u00e9union \u00e0 huis clos consacr\u00e9e \u00e0 l&rsquo;examen des d\u00e9veloppements","og_url":"https:\/\/lasentinelle.dz\/index.php\/2025\/04\/14\/le-conseil-de-securite-tient-une-reunion-sur-le-sahara-occidental-le-droit-a-lautodetermination-comme-seule-solution\/","og_site_name":"La Sentinelle","article_publisher":"https:\/\/www.facebook.com\/La-Sentinelle-104059864394773","article_published_time":"2025-04-14T13:29:09+00:00","article_modified_time":"2025-04-14T13:29:10+00:00","og_image":[{"width":1656,"height":1060,"url":"https:\/\/lasentinelle.dz\/wp-content\/uploads\/2023\/10\/Conseil-de-securite.webp","type":"image\/webp"}],"author":"admin","twitter_card":"summary_large_image","twitter_misc":{"\u00c9crit par":"admin","Dur\u00e9e de lecture estim\u00e9e":"3 minutes"},"schema":{"@context":"https:\/\/schema.org","@graph":[{"@type":"Article","@id":"https:\/\/lasentinelle.dz\/index.php\/2025\/04\/14\/le-conseil-de-securite-tient-une-reunion-sur-le-sahara-occidental-le-droit-a-lautodetermination-comme-seule-solution\/#article","isPartOf":{"@id":"https:\/\/lasentinelle.dz\/index.php\/2025\/04\/14\/le-conseil-de-securite-tient-une-reunion-sur-le-sahara-occidental-le-droit-a-lautodetermination-comme-seule-solution\/"},"author":{"name":"admin","@id":"https:\/\/lasentinelle.dz\/#\/schema\/person\/729ee0024f24e0b8c5ec17232f8e8b41"},"headline":"Le Conseil de s\u00e9curit\u00e9 tient une r\u00e9union sur le Sahara occidental : Le droit \u00e0 l&rsquo;autod\u00e9termination comme seule solution","datePublished":"2025-04-14T13:29:09+00:00","dateModified":"2025-04-14T13:29:10+00:00","mainEntityOfPage":{"@id":"https:\/\/lasentinelle.dz\/index.php\/2025\/04\/14\/le-conseil-de-securite-tient-une-reunion-sur-le-sahara-occidental-le-droit-a-lautodetermination-comme-seule-solution\/"},"wordCount":624,"commentCount":0,"publisher":{"@id":"https:\/\/lasentinelle.dz\/#organization"},"image":{"@id":"https:\/\/lasentinelle.dz\/index.php\/2025\/04\/14\/le-conseil-de-securite-tient-une-reunion-sur-le-sahara-occidental-le-droit-a-lautodetermination-comme-seule-solution\/#primaryimage"},"thumbnailUrl":"https:\/\/lasentinelle.dz\/wp-content\/uploads\/2023\/10\/Conseil-de-securite.webp","articleSection":["Monde"],"inLanguage":"fr-FR","potentialAction":[{"@type":"CommentAction","name":"Comment","target":["https:\/\/lasentinelle.dz\/index.php\/2025\/04\/14\/le-conseil-de-securite-tient-une-reunion-sur-le-sahara-occidental-le-droit-a-lautodetermination-comme-seule-solution\/#respond"]}]},{"@type":"WebPage","@id":"https:\/\/lasentinelle.dz\/index.php\/2025\/04\/14\/le-conseil-de-securite-tient-une-reunion-sur-le-sahara-occidental-le-droit-a-lautodetermination-comme-seule-solution\/","url":"https:\/\/lasentinelle.dz\/index.php\/2025\/04\/14\/le-conseil-de-securite-tient-une-reunion-sur-le-sahara-occidental-le-droit-a-lautodetermination-comme-seule-solution\/","name":"Le Conseil de s\u00e9curit\u00e9 tient une r\u00e9union sur le Sahara occidental : Le droit \u00e0 l&rsquo;autod\u00e9termination comme seule solution - La Sentinelle","isPartOf":{"@id":"https:\/\/lasentinelle.dz\/#website"},"primaryImageOfPage":{"@id":"https:\/\/lasentinelle.dz\/index.php\/2025\/04\/14\/le-conseil-de-securite-tient-une-reunion-sur-le-sahara-occidental-le-droit-a-lautodetermination-comme-seule-solution\/#primaryimage"},"image":{"@id":"https:\/\/lasentinelle.dz\/index.php\/2025\/04\/14\/le-conseil-de-securite-tient-une-reunion-sur-le-sahara-occidental-le-droit-a-lautodetermination-comme-seule-solution\/#primaryimage"},"thumbnailUrl":"https:\/\/lasentinelle.dz\/wp-content\/uploads\/2023\/10\/Conseil-de-securite.webp","datePublished":"2025-04-14T13:29:09+00:00","dateModified":"2025-04-14T13:29:10+00:00","breadcrumb":{"@id":"https:\/\/lasentinelle.dz\/index.php\/2025\/04\/14\/le-conseil-de-securite-tient-une-reunion-sur-le-sahara-occidental-le-droit-a-lautodetermination-comme-seule-solution\/#breadcrumb"},"inLanguage":"fr-FR","potentialAction":[{"@type":"ReadAction","target":["https:\/\/lasentinelle.dz\/index.php\/2025\/04\/14\/le-conseil-de-securite-tient-une-reunion-sur-le-sahara-occidental-le-droit-a-lautodetermination-comme-seule-solution\/"]}]},{"@type":"ImageObject","inLanguage":"fr-FR","@id":"https:\/\/lasentinelle.dz\/index.php\/2025\/04\/14\/le-conseil-de-securite-tient-une-reunion-sur-le-sahara-occidental-le-droit-a-lautodetermination-comme-seule-solution\/#primaryimage","url":"https:\/\/lasentinelle.dz\/wp-content\/uploads\/2023\/10\/Conseil-de-securite.webp","contentUrl":"https:\/\/lasentinelle.dz\/wp-content\/uploads\/2023\/10\/Conseil-de-securite.webp","width":1656,"height":1060},{"@type":"BreadcrumbList","@id":"https:\/\/lasentinelle.dz\/index.php\/2025\/04\/14\/le-conseil-de-securite-tient-une-reunion-sur-le-sahara-occidental-le-droit-a-lautodetermination-comme-seule-solution\/#breadcrumb","itemListElement":[{"@type":"ListItem","position":1,"name":"Accueil","item":"https:\/\/lasentinelle.dz\/"},{"@type":"ListItem","position":2,"name":"Le Conseil de s\u00e9curit\u00e9 tient une r\u00e9union sur le Sahara occidental : Le droit \u00e0 l&rsquo;autod\u00e9termination comme seule solution"}]},{"@type":"WebSite","@id":"https:\/\/lasentinelle.dz\/#website","url":"https:\/\/lasentinelle.dz\/","name":"La Sentinelle","description":"Quotidien national d&#039;information","publisher":{"@id":"https:\/\/lasentinelle.dz\/#organization"},"potentialAction":[{"@type":"SearchAction","target":{"@type":"EntryPoint","urlTemplate":"https:\/\/lasentinelle.dz\/?s={search_term_string}"},"query-input":{"@type":"PropertyValueSpecification","valueRequired":true,"valueName":"search_term_string"}}],"inLanguage":"fr-FR"},{"@type":"Organization","@id":"https:\/\/lasentinelle.dz\/#organization","name":"Quotidien La Sentinelle","url":"https:\/\/lasentinelle.dz\/","logo":{"@type":"ImageObject","inLanguage":"fr-FR","@id":"https:\/\/lasentinelle.dz\/#\/schema\/logo\/image\/","url":"https:\/\/lasentinelle.dz\/wp-content\/uploads\/2021\/09\/logo-sentinelleSLOGAN-1.png","contentUrl":"https:\/\/lasentinelle.dz\/wp-content\/uploads\/2021\/09\/logo-sentinelleSLOGAN-1.png","width":615,"height":142,"caption":"Quotidien La Sentinelle"},"image":{"@id":"https:\/\/lasentinelle.dz\/#\/schema\/logo\/image\/"},"sameAs":["https:\/\/www.facebook.com\/La-Sentinelle-104059864394773"]},{"@type":"Person","@id":"https:\/\/lasentinelle.dz\/#\/schema\/person\/729ee0024f24e0b8c5ec17232f8e8b41","name":"admin","image":{"@type":"ImageObject","inLanguage":"fr-FR","@id":"https:\/\/secure.gravatar.com\/avatar\/4c81fed838786e9b53f540bf46533e750f5d292099ae3b66cfc6fb1982e29df7?s=96&d=mm&r=g","url":"https:\/\/secure.gravatar.com\/avatar\/4c81fed838786e9b53f540bf46533e750f5d292099ae3b66cfc6fb1982e29df7?s=96&d=mm&r=g","contentUrl":"https:\/\/secure.gravatar.com\/avatar\/4c81fed838786e9b53f540bf46533e750f5d292099ae3b66cfc6fb1982e29df7?s=96&d=mm&r=g","caption":"admin"},"description":"admin","url":"https:\/\/lasentinelle.dz\/author\/admin\/"}]}},"_links":{"self":[{"href":"https:\/\/lasentinelle.dz\/index.php\/wp-json\/wp\/v2\/posts\/65636","targetHints":{"allow":["GET"]}}],"collection":[{"href":"https:\/\/lasentinelle.dz\/index.php\/wp-json\/wp\/v2\/posts"}],"about":[{"href":"https:\/\/lasentinelle.dz\/index.php\/wp-json\/wp\/v2\/types\/post"}],"author":[{"embeddable":true,"href":"https:\/\/lasentinelle.dz\/index.php\/wp-json\/wp\/v2\/users\/6"}],"replies":[{"embeddable":true,"href":"https:\/\/lasentinelle.dz\/index.php\/wp-json\/wp\/v2\/comments?post=65636"}],"version-history":[{"count":2,"href":"https:\/\/lasentinelle.dz\/index.php\/wp-json\/wp\/v2\/posts\/65636\/revisions"}],"predecessor-version":[{"id":65638,"href":"https:\/\/lasentinelle.dz\/index.php\/wp-json\/wp\/v2\/posts\/65636\/revisions\/65638"}],"wp:featuredmedia":[{"embeddable":true,"href":"https:\/\/lasentinelle.dz\/index.php\/wp-json\/wp\/v2\/media\/46712"}],"wp:attachment":[{"href":"https:\/\/lasentinelle.dz\/index.php\/wp-json\/wp\/v2\/media?parent=65636"}],"wp:term":[{"taxonomy":"category","embeddable":true,"href":"https:\/\/lasentinelle.dz\/index.php\/wp-json\/wp\/v2\/categories?post=65636"},{"taxonomy":"post_tag","embeddable":true,"href":"https:\/\/lasentinelle.dz\/index.php\/wp-json\/wp\/v2\/tags?post=65636"}],"curies":[{"name":"wp","href":"https:\/\/api.w.org\/{rel}","templated":true}]}}