{"id":65669,"date":"2025-04-15T14:10:28","date_gmt":"2025-04-15T13:10:28","guid":{"rendered":"https:\/\/lasentinelle.dz\/?p=65669"},"modified":"2025-04-15T14:10:29","modified_gmt":"2025-04-15T13:10:29","slug":"kendouci-apres-sa-grave-blessure-je-reviendrai-plus-fort-et-meilleur-quavant","status":"publish","type":"post","link":"https:\/\/lasentinelle.dz\/index.php\/2025\/04\/15\/kendouci-apres-sa-grave-blessure-je-reviendrai-plus-fort-et-meilleur-quavant\/","title":{"rendered":"Kendouci apr\u00e8s sa grave blessure : \u00ab\u00a0Je reviendrai plus fort et meilleur qu&rsquo;avant\u00a0\u00bb"},"content":{"rendered":"\n<p>Le milieu de terrain international alg\u00e9rien Ahmed Kendouci traverse actuellement l&rsquo;une des p\u00e9riodes les plus difficiles de sa carri\u00e8re. Victime d&rsquo;une fracture au tibia-p\u00e9ron\u00e9 de la jambe gauche lors d&rsquo;un match du championnat \u00e9gyptien avec son club Ceramica Cleopatra, le joueur de 25 ans a tenu \u00e0 rassurer ses supporters et \u00e0 faire preuve d&rsquo;une r\u00e9silience remarquable malgr\u00e9 ce coup dur.<\/p>\n\n\n\n<p>Dans un message \u00e9mouvant post\u00e9 lundi sur son compte Instagram, Kendouci s&rsquo;est montr\u00e9 particuli\u00e8rement optimiste quant \u00e0 son retour sur les terrains : \u00ab\u00a0Je suis confiant que je reviendrai plus fort et meilleur qu&rsquo;avant\u00a0\u00bb, a-t-il affirm\u00e9 avec conviction. Faisant preuve d&rsquo;une maturit\u00e9 impressionnante, l&rsquo;ancien joueur de l&rsquo;ES S\u00e9tif consid\u00e8re cette \u00e9preuve comme une opportunit\u00e9 de rebondir : \u00ab\u00a0Ce qui m&rsquo;est arriv\u00e9 est un nouveau d\u00e9part pour un nouveau d\u00e9fi. Je suis confiant que je reviendrai plus fort et meilleur qu&rsquo;avant, si Dieu le veut.\u00a0\u00bb<\/p>\n\n\n\n<p>Le geste qui a provoqu\u00e9 cette grave blessure est venu de son compatriote Yacine El Mellah. Loin de nourrir une quelconque ranc\u0153ur, Kendouci lui a adress\u00e9 un message de pardon : \u00ab\u00a0Je dis \u00e0 mon petit fr\u00e8re, Yacine El Mellah, je sais que ton geste n&rsquo;\u00e9tait pas intentionnel, et je ne te souhaite que du bien, et c&rsquo;est le football, parfois il est cruel avec nous.\u00a0\u00bb Le choc s&rsquo;est produit lors de la rencontre opposant Ceramica Cleopatra \u00e0 Varco, n\u00e9cessitant une intervention chirurgicale d&rsquo;urgence pour l&rsquo;international aux 12 s\u00e9lections. Une blessure particuli\u00e8rement inqui\u00e9tante qui a suscit\u00e9 une vague de solidarit\u00e9 en \u00c9gypte comme en Alg\u00e9rie. Pour rassurer les supporters, l&rsquo;agent du joueur, Nasser Yahia, s&rsquo;est \u00e9galement exprim\u00e9 sur la situation m\u00e9dicale de son prot\u00e9g\u00e9 dans une interview accord\u00e9e \u00e0 une cha\u00eene sportive \u00e9gyptienne : \u00ab\u00a0La blessure de Kendouci est une fracture de la jambe, nous avons fait des scanners au Caire avant l&rsquo;op\u00e9ration et nous avons constat\u00e9 que les choses vont beaucoup mieux que nous le pensions.\u00a0\u00bb Des nouvelles encourageantes qui laissent entrevoir un retour plus rapide que pr\u00e9vu pour le milieu de terrain : \u00ab\u00a0Si Dieu le veut, Kendouci reprendra la r\u00e9\u00e9ducation apr\u00e8s deux mois et demi, apr\u00e8s avoir \u00e9t\u00e9 rassur\u00e9 sur son \u00e9tat apr\u00e8s l&rsquo;op\u00e9ration, et son retour sera plus rapide que nous l&rsquo;avions imagin\u00e9.\u00a0\u00bb Cette blessure vient interrompre une belle dynamique pour Kendouci, qui s&rsquo;\u00e9tait parfaitement int\u00e9gr\u00e9 \u00e0 Ceramica Cleopatra. Arriv\u00e9 initialement \u00e0 Al-Ahly SC en janvier 2023 pour un contrat de quatre ans et demi en provenance de l&rsquo;ES S\u00e9tif, il avait \u00e9t\u00e9 pr\u00eat\u00e9 \u00e0 Ceramica avant que le club ne d\u00e9cide de racheter d\u00e9finitivement son contrat en d\u00e9but d&rsquo;ann\u00e9e, s\u00e9duit par ses performances. Cette saison, il affichait un bilan honorable de trois buts et sept passes d\u00e9cisives en 18 apparitions toutes comp\u00e9titions confondues.<\/p>\n\n\n\n<p>Sur la sc\u00e8ne internationale, Kendouci faisait partie des plans du s\u00e9lectionneur national Vladimir Petkovic, qui l&rsquo;avait convoqu\u00e9 pour les deux derniers matchs des Fennecs en mars dernier contre le Botswana (victoire 3-1 \u00e0 l&rsquo;ext\u00e9rieur) et le Mozambique (large succ\u00e8s 5-1 \u00e0 domicile) dans le cadre des qualifications pour la Coupe du monde 2026.<\/p>\n\n\n\n<p>Cette fracture constitue ind\u00e9niablement un coup d&rsquo;arr\u00eat dans la progression du joueur form\u00e9 \u00e0 l&rsquo;ES S\u00e9tif, mais son \u00e9tat d&rsquo;esprit combatif et les premiers diagnostics m\u00e9dicaux encourageants laissent esp\u00e9rer un retour aux affaires avant la fin de l&rsquo;ann\u00e9e. La direction de Ceramica Cleopatra, qui a beaucoup mis\u00e9 sur le talent du joueur alg\u00e9rien, devra patienter quelques mois avant de pouvoir \u00e0 nouveau compter sur l&rsquo;un de ses \u00e9l\u00e9ments les plus cr\u00e9atifs au milieu de terrain.<\/p>\n\n\n\n<p>Moncef D.<\/p>\n\n\n\n<p><strong>Championnat d&rsquo;Allemagne<\/strong><\/p>\n\n\n\n<p><strong>Chaibi passeur d\u00e9cisif<\/strong><\/p>\n\n\n\n<p>L&rsquo;international alg\u00e9rien Fares Chaib a contribu\u00e9, dimanche soir, \u00e0 la victoire de son club Eintracht Francfort Face \u00e0 Heidenheim (3-0), dans le match comptant pour la 29e journ\u00e9e du Championnat d&rsquo;Allemagne de football. Chaibi a \u00e9t\u00e9 derri\u00e8re la premi\u00e8re r\u00e9alisation de son club, lors qu&rsquo;il a offert \u00e0 son co\u00e9quipier Jean-Matt\u00e9o Bahoya, la balle de l&rsquo;ouverture du score \u00e0 la 10e minute. Les deux autres r\u00e9alisations du match ont \u00e9t\u00e9 l&rsquo;\u0153uvre de Robin Koch juste avant la pause (42e) et Hugo Ekitik\u00e9 \u00e0 la (71e). Il s&rsquo;agit de la premi\u00e8re titularisation du milieu offensif des \u00ab\u00a0Verts\u00a0\u00bb depuis le 9 mars dernier, lors de la d\u00e9faite face \u00e0 Union Berlin (1-2) lors de la 25e journ\u00e9e, et la huiti\u00e8me depuis le d\u00e9but de la saison. Gr\u00e2ce \u00e0 cette victoire, Eintracht Francfort est troisi\u00e8me avec (51pts), tandis que Heidenheim reste scotch\u00e9 au 16e rang, synonyme de rel\u00e9gable, avec 22 unit\u00e9s.<\/p>\n","protected":false},"excerpt":{"rendered":"<p>Le milieu de terrain international alg\u00e9rien Ahmed Kendouci traverse actuellement l&rsquo;une des p\u00e9riodes les plus difficiles de sa carri\u00e8re. Victime<\/p>\n","protected":false},"author":6,"featured_media":65670,"comment_status":"open","ping_status":"closed","sticky":false,"template":"","format":"standard","meta":{"colormag_page_container_layout":"default_layout","colormag_page_sidebar_layout":"default_layout","om_disable_all_campaigns":false,"_monsterinsights_skip_tracking":false,"_monsterinsights_sitenote_active":false,"_monsterinsights_sitenote_note":"","_monsterinsights_sitenote_category":0,"footnotes":"","_wpscppro_dont_share_socialmedia":false,"_wpscppro_custom_social_share_image":0,"_facebook_share_type":"default","_twitter_share_type":"default","_linkedin_share_type":"default","_pinterest_share_type":"default","_linkedin_share_type_page":"","_instagram_share_type":"default","_medium_share_type":"default","_threads_share_type":"","_google_business_share_type":"","_selected_social_profile":[],"_wpsp_enable_custom_social_template":false,"_wpsp_social_scheduling":{"enabled":false,"datetime":null,"platforms":[],"status":"template_only","dateOption":"today","timeOption":"now","customDays":"","customHours":"","customDate":"","customTime":"","schedulingType":"absolute"},"_wpsp_active_default_template":true},"categories":[33],"tags":[],"class_list":["post-65669","post","type-post","status-publish","format-standard","has-post-thumbnail","hentry","category-sports"],"aioseo_notices":[],"yoast_head":"<!-- This site is optimized with the Yoast SEO plugin v27.5 - https:\/\/yoast.com\/product\/yoast-seo-wordpress\/ -->\n<title>Kendouci apr\u00e8s sa grave blessure : \u00ab\u00a0Je reviendrai plus fort et meilleur qu&rsquo;avant\u00a0\u00bb - La Sentinelle<\/title>\n<meta name=\"robots\" content=\"index, follow, max-snippet:-1, max-image-preview:large, max-video-preview:-1\" \/>\n<link rel=\"canonical\" href=\"https:\/\/lasentinelle.dz\/index.php\/2025\/04\/15\/kendouci-apres-sa-grave-blessure-je-reviendrai-plus-fort-et-meilleur-quavant\/\" \/>\n<meta property=\"og:locale\" content=\"fr_FR\" \/>\n<meta property=\"og:type\" content=\"article\" \/>\n<meta property=\"og:title\" content=\"Kendouci apr\u00e8s sa grave blessure : \u00ab\u00a0Je reviendrai plus fort et meilleur qu&rsquo;avant\u00a0\u00bb - La Sentinelle\" \/>\n<meta property=\"og:description\" content=\"Le milieu de terrain international alg\u00e9rien Ahmed Kendouci traverse actuellement l&rsquo;une des p\u00e9riodes les plus difficiles de sa carri\u00e8re. Victime\" \/>\n<meta property=\"og:url\" content=\"https:\/\/lasentinelle.dz\/index.php\/2025\/04\/15\/kendouci-apres-sa-grave-blessure-je-reviendrai-plus-fort-et-meilleur-quavant\/\" \/>\n<meta property=\"og:site_name\" content=\"La Sentinelle\" \/>\n<meta property=\"article:publisher\" content=\"https:\/\/www.facebook.com\/La-Sentinelle-104059864394773\" \/>\n<meta property=\"article:published_time\" content=\"2025-04-15T13:10:28+00:00\" \/>\n<meta property=\"article:modified_time\" content=\"2025-04-15T13:10:29+00:00\" \/>\n<meta property=\"og:image\" content=\"https:\/\/lasentinelle.dz\/wp-content\/uploads\/2025\/04\/Kendouci-2.jpg\" \/>\n\t<meta property=\"og:image:width\" content=\"1282\" \/>\n\t<meta property=\"og:image:height\" content=\"818\" \/>\n\t<meta property=\"og:image:type\" content=\"image\/jpeg\" \/>\n<meta name=\"author\" content=\"admin\" \/>\n<meta name=\"twitter:card\" content=\"summary_large_image\" \/>\n<meta name=\"twitter:label1\" content=\"\u00c9crit par\" \/>\n\t<meta name=\"twitter:data1\" content=\"admin\" \/>\n\t<meta name=\"twitter:label2\" content=\"Dur\u00e9e de lecture estim\u00e9e\" \/>\n\t<meta name=\"twitter:data2\" content=\"4 minutes\" \/>\n<script type=\"application\/ld+json\" class=\"yoast-schema-graph\">{\"@context\":\"https:\\\/\\\/schema.org\",\"@graph\":[{\"@type\":\"Article\",\"@id\":\"https:\\\/\\\/lasentinelle.dz\\\/index.php\\\/2025\\\/04\\\/15\\\/kendouci-apres-sa-grave-blessure-je-reviendrai-plus-fort-et-meilleur-quavant\\\/#article\",\"isPartOf\":{\"@id\":\"https:\\\/\\\/lasentinelle.dz\\\/index.php\\\/2025\\\/04\\\/15\\\/kendouci-apres-sa-grave-blessure-je-reviendrai-plus-fort-et-meilleur-quavant\\\/\"},\"author\":{\"name\":\"admin\",\"@id\":\"https:\\\/\\\/lasentinelle.dz\\\/#\\\/schema\\\/person\\\/729ee0024f24e0b8c5ec17232f8e8b41\"},\"headline\":\"Kendouci apr\u00e8s sa grave blessure : \u00ab\u00a0Je reviendrai plus fort et meilleur qu&rsquo;avant\u00a0\u00bb\",\"datePublished\":\"2025-04-15T13:10:28+00:00\",\"dateModified\":\"2025-04-15T13:10:29+00:00\",\"mainEntityOfPage\":{\"@id\":\"https:\\\/\\\/lasentinelle.dz\\\/index.php\\\/2025\\\/04\\\/15\\\/kendouci-apres-sa-grave-blessure-je-reviendrai-plus-fort-et-meilleur-quavant\\\/\"},\"wordCount\":816,\"commentCount\":0,\"publisher\":{\"@id\":\"https:\\\/\\\/lasentinelle.dz\\\/#organization\"},\"image\":{\"@id\":\"https:\\\/\\\/lasentinelle.dz\\\/index.php\\\/2025\\\/04\\\/15\\\/kendouci-apres-sa-grave-blessure-je-reviendrai-plus-fort-et-meilleur-quavant\\\/#primaryimage\"},\"thumbnailUrl\":\"https:\\\/\\\/lasentinelle.dz\\\/wp-content\\\/uploads\\\/2025\\\/04\\\/Kendouci-2.jpg\",\"articleSection\":[\"Sports\"],\"inLanguage\":\"fr-FR\",\"potentialAction\":[{\"@type\":\"CommentAction\",\"name\":\"Comment\",\"target\":[\"https:\\\/\\\/lasentinelle.dz\\\/index.php\\\/2025\\\/04\\\/15\\\/kendouci-apres-sa-grave-blessure-je-reviendrai-plus-fort-et-meilleur-quavant\\\/#respond\"]}]},{\"@type\":\"WebPage\",\"@id\":\"https:\\\/\\\/lasentinelle.dz\\\/index.php\\\/2025\\\/04\\\/15\\\/kendouci-apres-sa-grave-blessure-je-reviendrai-plus-fort-et-meilleur-quavant\\\/\",\"url\":\"https:\\\/\\\/lasentinelle.dz\\\/index.php\\\/2025\\\/04\\\/15\\\/kendouci-apres-sa-grave-blessure-je-reviendrai-plus-fort-et-meilleur-quavant\\\/\",\"name\":\"Kendouci apr\u00e8s sa grave blessure : \u00ab\u00a0Je reviendrai plus fort et meilleur qu&rsquo;avant\u00a0\u00bb - La Sentinelle\",\"isPartOf\":{\"@id\":\"https:\\\/\\\/lasentinelle.dz\\\/#website\"},\"primaryImageOfPage\":{\"@id\":\"https:\\\/\\\/lasentinelle.dz\\\/index.php\\\/2025\\\/04\\\/15\\\/kendouci-apres-sa-grave-blessure-je-reviendrai-plus-fort-et-meilleur-quavant\\\/#primaryimage\"},\"image\":{\"@id\":\"https:\\\/\\\/lasentinelle.dz\\\/index.php\\\/2025\\\/04\\\/15\\\/kendouci-apres-sa-grave-blessure-je-reviendrai-plus-fort-et-meilleur-quavant\\\/#primaryimage\"},\"thumbnailUrl\":\"https:\\\/\\\/lasentinelle.dz\\\/wp-content\\\/uploads\\\/2025\\\/04\\\/Kendouci-2.jpg\",\"datePublished\":\"2025-04-15T13:10:28+00:00\",\"dateModified\":\"2025-04-15T13:10:29+00:00\",\"breadcrumb\":{\"@id\":\"https:\\\/\\\/lasentinelle.dz\\\/index.php\\\/2025\\\/04\\\/15\\\/kendouci-apres-sa-grave-blessure-je-reviendrai-plus-fort-et-meilleur-quavant\\\/#breadcrumb\"},\"inLanguage\":\"fr-FR\",\"potentialAction\":[{\"@type\":\"ReadAction\",\"target\":[\"https:\\\/\\\/lasentinelle.dz\\\/index.php\\\/2025\\\/04\\\/15\\\/kendouci-apres-sa-grave-blessure-je-reviendrai-plus-fort-et-meilleur-quavant\\\/\"]}]},{\"@type\":\"ImageObject\",\"inLanguage\":\"fr-FR\",\"@id\":\"https:\\\/\\\/lasentinelle.dz\\\/index.php\\\/2025\\\/04\\\/15\\\/kendouci-apres-sa-grave-blessure-je-reviendrai-plus-fort-et-meilleur-quavant\\\/#primaryimage\",\"url\":\"https:\\\/\\\/lasentinelle.dz\\\/wp-content\\\/uploads\\\/2025\\\/04\\\/Kendouci-2.jpg\",\"contentUrl\":\"https:\\\/\\\/lasentinelle.dz\\\/wp-content\\\/uploads\\\/2025\\\/04\\\/Kendouci-2.jpg\",\"width\":1282,\"height\":818},{\"@type\":\"BreadcrumbList\",\"@id\":\"https:\\\/\\\/lasentinelle.dz\\\/index.php\\\/2025\\\/04\\\/15\\\/kendouci-apres-sa-grave-blessure-je-reviendrai-plus-fort-et-meilleur-quavant\\\/#breadcrumb\",\"itemListElement\":[{\"@type\":\"ListItem\",\"position\":1,\"name\":\"Accueil\",\"item\":\"https:\\\/\\\/lasentinelle.dz\\\/\"},{\"@type\":\"ListItem\",\"position\":2,\"name\":\"Kendouci apr\u00e8s sa grave blessure : \u00ab\u00a0Je reviendrai plus fort et meilleur qu&rsquo;avant\u00a0\u00bb\"}]},{\"@type\":\"WebSite\",\"@id\":\"https:\\\/\\\/lasentinelle.dz\\\/#website\",\"url\":\"https:\\\/\\\/lasentinelle.dz\\\/\",\"name\":\"La Sentinelle\",\"description\":\"Quotidien national d&#039;information\",\"publisher\":{\"@id\":\"https:\\\/\\\/lasentinelle.dz\\\/#organization\"},\"potentialAction\":[{\"@type\":\"SearchAction\",\"target\":{\"@type\":\"EntryPoint\",\"urlTemplate\":\"https:\\\/\\\/lasentinelle.dz\\\/?s={search_term_string}\"},\"query-input\":{\"@type\":\"PropertyValueSpecification\",\"valueRequired\":true,\"valueName\":\"search_term_string\"}}],\"inLanguage\":\"fr-FR\"},{\"@type\":\"Organization\",\"@id\":\"https:\\\/\\\/lasentinelle.dz\\\/#organization\",\"name\":\"Quotidien La Sentinelle\",\"url\":\"https:\\\/\\\/lasentinelle.dz\\\/\",\"logo\":{\"@type\":\"ImageObject\",\"inLanguage\":\"fr-FR\",\"@id\":\"https:\\\/\\\/lasentinelle.dz\\\/#\\\/schema\\\/logo\\\/image\\\/\",\"url\":\"https:\\\/\\\/lasentinelle.dz\\\/wp-content\\\/uploads\\\/2021\\\/09\\\/logo-sentinelleSLOGAN-1.png\",\"contentUrl\":\"https:\\\/\\\/lasentinelle.dz\\\/wp-content\\\/uploads\\\/2021\\\/09\\\/logo-sentinelleSLOGAN-1.png\",\"width\":615,\"height\":142,\"caption\":\"Quotidien La Sentinelle\"},\"image\":{\"@id\":\"https:\\\/\\\/lasentinelle.dz\\\/#\\\/schema\\\/logo\\\/image\\\/\"},\"sameAs\":[\"https:\\\/\\\/www.facebook.com\\\/La-Sentinelle-104059864394773\"]},{\"@type\":\"Person\",\"@id\":\"https:\\\/\\\/lasentinelle.dz\\\/#\\\/schema\\\/person\\\/729ee0024f24e0b8c5ec17232f8e8b41\",\"name\":\"admin\",\"image\":{\"@type\":\"ImageObject\",\"inLanguage\":\"fr-FR\",\"@id\":\"https:\\\/\\\/secure.gravatar.com\\\/avatar\\\/4c81fed838786e9b53f540bf46533e750f5d292099ae3b66cfc6fb1982e29df7?s=96&d=mm&r=g\",\"url\":\"https:\\\/\\\/secure.gravatar.com\\\/avatar\\\/4c81fed838786e9b53f540bf46533e750f5d292099ae3b66cfc6fb1982e29df7?s=96&d=mm&r=g\",\"contentUrl\":\"https:\\\/\\\/secure.gravatar.com\\\/avatar\\\/4c81fed838786e9b53f540bf46533e750f5d292099ae3b66cfc6fb1982e29df7?s=96&d=mm&r=g\",\"caption\":\"admin\"},\"description\":\"admin\",\"url\":\"https:\\\/\\\/lasentinelle.dz\\\/author\\\/admin\\\/\"}]}<\/script>\n<!-- \/ Yoast SEO plugin. -->","yoast_head_json":{"title":"Kendouci apr\u00e8s sa grave blessure : \u00ab\u00a0Je reviendrai plus fort et meilleur qu&rsquo;avant\u00a0\u00bb - La Sentinelle","robots":{"index":"index","follow":"follow","max-snippet":"max-snippet:-1","max-image-preview":"max-image-preview:large","max-video-preview":"max-video-preview:-1"},"canonical":"https:\/\/lasentinelle.dz\/index.php\/2025\/04\/15\/kendouci-apres-sa-grave-blessure-je-reviendrai-plus-fort-et-meilleur-quavant\/","og_locale":"fr_FR","og_type":"article","og_title":"Kendouci apr\u00e8s sa grave blessure : \u00ab\u00a0Je reviendrai plus fort et meilleur qu&rsquo;avant\u00a0\u00bb - La Sentinelle","og_description":"Le milieu de terrain international alg\u00e9rien Ahmed Kendouci traverse actuellement l&rsquo;une des p\u00e9riodes les plus difficiles de sa carri\u00e8re. Victime","og_url":"https:\/\/lasentinelle.dz\/index.php\/2025\/04\/15\/kendouci-apres-sa-grave-blessure-je-reviendrai-plus-fort-et-meilleur-quavant\/","og_site_name":"La Sentinelle","article_publisher":"https:\/\/www.facebook.com\/La-Sentinelle-104059864394773","article_published_time":"2025-04-15T13:10:28+00:00","article_modified_time":"2025-04-15T13:10:29+00:00","og_image":[{"width":1282,"height":818,"url":"https:\/\/lasentinelle.dz\/wp-content\/uploads\/2025\/04\/Kendouci-2.jpg","type":"image\/jpeg"}],"author":"admin","twitter_card":"summary_large_image","twitter_misc":{"\u00c9crit par":"admin","Dur\u00e9e de lecture estim\u00e9e":"4 minutes"},"schema":{"@context":"https:\/\/schema.org","@graph":[{"@type":"Article","@id":"https:\/\/lasentinelle.dz\/index.php\/2025\/04\/15\/kendouci-apres-sa-grave-blessure-je-reviendrai-plus-fort-et-meilleur-quavant\/#article","isPartOf":{"@id":"https:\/\/lasentinelle.dz\/index.php\/2025\/04\/15\/kendouci-apres-sa-grave-blessure-je-reviendrai-plus-fort-et-meilleur-quavant\/"},"author":{"name":"admin","@id":"https:\/\/lasentinelle.dz\/#\/schema\/person\/729ee0024f24e0b8c5ec17232f8e8b41"},"headline":"Kendouci apr\u00e8s sa grave blessure : \u00ab\u00a0Je reviendrai plus fort et meilleur qu&rsquo;avant\u00a0\u00bb","datePublished":"2025-04-15T13:10:28+00:00","dateModified":"2025-04-15T13:10:29+00:00","mainEntityOfPage":{"@id":"https:\/\/lasentinelle.dz\/index.php\/2025\/04\/15\/kendouci-apres-sa-grave-blessure-je-reviendrai-plus-fort-et-meilleur-quavant\/"},"wordCount":816,"commentCount":0,"publisher":{"@id":"https:\/\/lasentinelle.dz\/#organization"},"image":{"@id":"https:\/\/lasentinelle.dz\/index.php\/2025\/04\/15\/kendouci-apres-sa-grave-blessure-je-reviendrai-plus-fort-et-meilleur-quavant\/#primaryimage"},"thumbnailUrl":"https:\/\/lasentinelle.dz\/wp-content\/uploads\/2025\/04\/Kendouci-2.jpg","articleSection":["Sports"],"inLanguage":"fr-FR","potentialAction":[{"@type":"CommentAction","name":"Comment","target":["https:\/\/lasentinelle.dz\/index.php\/2025\/04\/15\/kendouci-apres-sa-grave-blessure-je-reviendrai-plus-fort-et-meilleur-quavant\/#respond"]}]},{"@type":"WebPage","@id":"https:\/\/lasentinelle.dz\/index.php\/2025\/04\/15\/kendouci-apres-sa-grave-blessure-je-reviendrai-plus-fort-et-meilleur-quavant\/","url":"https:\/\/lasentinelle.dz\/index.php\/2025\/04\/15\/kendouci-apres-sa-grave-blessure-je-reviendrai-plus-fort-et-meilleur-quavant\/","name":"Kendouci apr\u00e8s sa grave blessure : \u00ab\u00a0Je reviendrai plus fort et meilleur qu&rsquo;avant\u00a0\u00bb - La Sentinelle","isPartOf":{"@id":"https:\/\/lasentinelle.dz\/#website"},"primaryImageOfPage":{"@id":"https:\/\/lasentinelle.dz\/index.php\/2025\/04\/15\/kendouci-apres-sa-grave-blessure-je-reviendrai-plus-fort-et-meilleur-quavant\/#primaryimage"},"image":{"@id":"https:\/\/lasentinelle.dz\/index.php\/2025\/04\/15\/kendouci-apres-sa-grave-blessure-je-reviendrai-plus-fort-et-meilleur-quavant\/#primaryimage"},"thumbnailUrl":"https:\/\/lasentinelle.dz\/wp-content\/uploads\/2025\/04\/Kendouci-2.jpg","datePublished":"2025-04-15T13:10:28+00:00","dateModified":"2025-04-15T13:10:29+00:00","breadcrumb":{"@id":"https:\/\/lasentinelle.dz\/index.php\/2025\/04\/15\/kendouci-apres-sa-grave-blessure-je-reviendrai-plus-fort-et-meilleur-quavant\/#breadcrumb"},"inLanguage":"fr-FR","potentialAction":[{"@type":"ReadAction","target":["https:\/\/lasentinelle.dz\/index.php\/2025\/04\/15\/kendouci-apres-sa-grave-blessure-je-reviendrai-plus-fort-et-meilleur-quavant\/"]}]},{"@type":"ImageObject","inLanguage":"fr-FR","@id":"https:\/\/lasentinelle.dz\/index.php\/2025\/04\/15\/kendouci-apres-sa-grave-blessure-je-reviendrai-plus-fort-et-meilleur-quavant\/#primaryimage","url":"https:\/\/lasentinelle.dz\/wp-content\/uploads\/2025\/04\/Kendouci-2.jpg","contentUrl":"https:\/\/lasentinelle.dz\/wp-content\/uploads\/2025\/04\/Kendouci-2.jpg","width":1282,"height":818},{"@type":"BreadcrumbList","@id":"https:\/\/lasentinelle.dz\/index.php\/2025\/04\/15\/kendouci-apres-sa-grave-blessure-je-reviendrai-plus-fort-et-meilleur-quavant\/#breadcrumb","itemListElement":[{"@type":"ListItem","position":1,"name":"Accueil","item":"https:\/\/lasentinelle.dz\/"},{"@type":"ListItem","position":2,"name":"Kendouci apr\u00e8s sa grave blessure : \u00ab\u00a0Je reviendrai plus fort et meilleur qu&rsquo;avant\u00a0\u00bb"}]},{"@type":"WebSite","@id":"https:\/\/lasentinelle.dz\/#website","url":"https:\/\/lasentinelle.dz\/","name":"La Sentinelle","description":"Quotidien national d&#039;information","publisher":{"@id":"https:\/\/lasentinelle.dz\/#organization"},"potentialAction":[{"@type":"SearchAction","target":{"@type":"EntryPoint","urlTemplate":"https:\/\/lasentinelle.dz\/?s={search_term_string}"},"query-input":{"@type":"PropertyValueSpecification","valueRequired":true,"valueName":"search_term_string"}}],"inLanguage":"fr-FR"},{"@type":"Organization","@id":"https:\/\/lasentinelle.dz\/#organization","name":"Quotidien La Sentinelle","url":"https:\/\/lasentinelle.dz\/","logo":{"@type":"ImageObject","inLanguage":"fr-FR","@id":"https:\/\/lasentinelle.dz\/#\/schema\/logo\/image\/","url":"https:\/\/lasentinelle.dz\/wp-content\/uploads\/2021\/09\/logo-sentinelleSLOGAN-1.png","contentUrl":"https:\/\/lasentinelle.dz\/wp-content\/uploads\/2021\/09\/logo-sentinelleSLOGAN-1.png","width":615,"height":142,"caption":"Quotidien La Sentinelle"},"image":{"@id":"https:\/\/lasentinelle.dz\/#\/schema\/logo\/image\/"},"sameAs":["https:\/\/www.facebook.com\/La-Sentinelle-104059864394773"]},{"@type":"Person","@id":"https:\/\/lasentinelle.dz\/#\/schema\/person\/729ee0024f24e0b8c5ec17232f8e8b41","name":"admin","image":{"@type":"ImageObject","inLanguage":"fr-FR","@id":"https:\/\/secure.gravatar.com\/avatar\/4c81fed838786e9b53f540bf46533e750f5d292099ae3b66cfc6fb1982e29df7?s=96&d=mm&r=g","url":"https:\/\/secure.gravatar.com\/avatar\/4c81fed838786e9b53f540bf46533e750f5d292099ae3b66cfc6fb1982e29df7?s=96&d=mm&r=g","contentUrl":"https:\/\/secure.gravatar.com\/avatar\/4c81fed838786e9b53f540bf46533e750f5d292099ae3b66cfc6fb1982e29df7?s=96&d=mm&r=g","caption":"admin"},"description":"admin","url":"https:\/\/lasentinelle.dz\/author\/admin\/"}]}},"_links":{"self":[{"href":"https:\/\/lasentinelle.dz\/index.php\/wp-json\/wp\/v2\/posts\/65669","targetHints":{"allow":["GET"]}}],"collection":[{"href":"https:\/\/lasentinelle.dz\/index.php\/wp-json\/wp\/v2\/posts"}],"about":[{"href":"https:\/\/lasentinelle.dz\/index.php\/wp-json\/wp\/v2\/types\/post"}],"author":[{"embeddable":true,"href":"https:\/\/lasentinelle.dz\/index.php\/wp-json\/wp\/v2\/users\/6"}],"replies":[{"embeddable":true,"href":"https:\/\/lasentinelle.dz\/index.php\/wp-json\/wp\/v2\/comments?post=65669"}],"version-history":[{"count":2,"href":"https:\/\/lasentinelle.dz\/index.php\/wp-json\/wp\/v2\/posts\/65669\/revisions"}],"predecessor-version":[{"id":65672,"href":"https:\/\/lasentinelle.dz\/index.php\/wp-json\/wp\/v2\/posts\/65669\/revisions\/65672"}],"wp:featuredmedia":[{"embeddable":true,"href":"https:\/\/lasentinelle.dz\/index.php\/wp-json\/wp\/v2\/media\/65670"}],"wp:attachment":[{"href":"https:\/\/lasentinelle.dz\/index.php\/wp-json\/wp\/v2\/media?parent=65669"}],"wp:term":[{"taxonomy":"category","embeddable":true,"href":"https:\/\/lasentinelle.dz\/index.php\/wp-json\/wp\/v2\/categories?post=65669"},{"taxonomy":"post_tag","embeddable":true,"href":"https:\/\/lasentinelle.dz\/index.php\/wp-json\/wp\/v2\/tags?post=65669"}],"curies":[{"name":"wp","href":"https:\/\/api.w.org\/{rel}","templated":true}]}}