{"id":65677,"date":"2025-04-15T14:11:54","date_gmt":"2025-04-15T13:11:54","guid":{"rendered":"https:\/\/lasentinelle.dz\/?p=65677"},"modified":"2025-04-15T14:11:55","modified_gmt":"2025-04-15T13:11:55","slug":"universite-badji-mokhtar-dannaba-une-cooperation-renforcee-avec-luniversite-de-vilnius","status":"publish","type":"post","link":"https:\/\/lasentinelle.dz\/index.php\/2025\/04\/15\/universite-badji-mokhtar-dannaba-une-cooperation-renforcee-avec-luniversite-de-vilnius\/","title":{"rendered":"Universit\u00e9 Badji Mokhtar d\u2019Annaba : Une coop\u00e9ration renforc\u00e9e avec l&rsquo;universit\u00e9 de Vilnius"},"content":{"rendered":"\n<p>L\u2019Universit\u00e9 Badji Mokhtar (UBM) d\u2019Annaba et l\u2019universit\u00e9 de Vilnius en Lituanie confirment leur volont\u00e9 \u00e0&nbsp;partager et \u00e0 tisser des liens durables entre les deux institutions.&nbsp;<\/p>\n\n\n\n<p>La d\u00e9marche s\u2019inscrit dans le cadre du programme de mobilit\u00e9 acad\u00e9mique internationale \u2018\u2019Erasmus+\u2019\u2019, a indiqu\u00e9 une publication de l\u2019UBM sur sa page Facebook. Selon les informations d\u00e9voil\u00e9es par la m\u00eame source, l\u2019Universit\u00e9 Badji Mokhtar d\u2019Annaba (UBMA) a accueilli, la semaine en cours, la professeure Valentina Dagien\u0117, \u00e9minente universitaire et figure de proue dans le domaine des sciences informatiques, affili\u00e9e \u00e0 l\u2019universit\u00e9 de Vilnius en Lituanie, laquelle a \u00e9t\u00e9 accueillie par le recteur de l\u2019universit\u00e9, le professeur Mohamed Mana\u00e2. Un dialogue dense et constructif a \u00e9t\u00e9 engag\u00e9 entre les deux parties, mettant en lumi\u00e8re la volont\u00e9 partag\u00e9e de tisser des liens durables entre les deux institutions. Les discussions ont particuli\u00e8rement eu trait au d\u00e9veloppement de projets de recherche conjoints, la participation \u00e0 des appels \u00e0 projets internationaux, ainsi que la mise en \u0153uvre de programmes de codiplomation, renfor\u00e7ant ainsi les perspectives de partenariat acad\u00e9mique \u00e0 long terme, est-il pr\u00e9cis\u00e9. Forte d\u2019une production scientifique prolifique, la professeure Dagien\u0117 figure parmi les personnalit\u00e9s acad\u00e9miques les plus \u00e9minentes dans le domaine de l\u2019informatique et de la pens\u00e9e computationnelle. Elle a \u00e0 son actif plus de 300 publications scientifiques et plus d\u2019une cinquantaine de manuels p\u00e9dagogiques dans ces domaines.&nbsp;Valentina Dagien\u0117 a \u00e9galement assur\u00e9 la coordination de plus d\u2019une cinquantaine de projets d\u2019enseignement des sciences informatiques, tant \u00e0 l\u2019\u00e9chelle nationale qu\u2019internationale. La professeure si\u00e8ge dans de nombreuses commissions scientifiques et groupes d\u2019experts \u0153uvrant pour l\u2019am\u00e9lioration de l\u2019enseignement des sciences informatiques. Elle pr\u00e9side \u00e9galement des conf\u00e9rences et organise des olympiades en informatique, tout en apportant des contributions significatives au d\u00e9veloppement de l\u2019enseignement par la technologie et la promotion de la pens\u00e9e computationnelle. Parmi les r\u00e9alisations les plus notables de&nbsp;Valentina Dagien\u0117, figure la fondation, en 2004, du concours international \u2018\u2019Bebras\u2019\u2019. Un concept consacr\u00e9 au d\u00e9fi p\u00e9dagogique et \u00e0 la pens\u00e9e computationnelle. Cet \u00e9v\u00e9nement, devenu incontournable, est aujourd\u2019hui organis\u00e9 dans plus de 80 pays \u00e0 travers le monde. La professeure Valentina Dagien\u0117 occupe en outre la fonction de r\u00e9dactrice en chef de deux prestigieuses revues scientifiques internationales \u00e0 savoir \u00ab\u00a0Informatics in Education\u00a0\u00bb et&nbsp;\u00ab\u00a0Olympiads in Informatics\u00a0\u00bb.<\/p>\n\n\n\n<p><strong>Sofia Chahine&nbsp;<\/strong><\/p>\n","protected":false},"excerpt":{"rendered":"<p>L\u2019Universit\u00e9 Badji Mokhtar (UBM) d\u2019Annaba et l\u2019universit\u00e9 de Vilnius en Lituanie confirment leur volont\u00e9 \u00e0&nbsp;partager et \u00e0 tisser des liens<\/p>\n","protected":false},"author":6,"featured_media":56782,"comment_status":"open","ping_status":"closed","sticky":false,"template":"","format":"standard","meta":{"colormag_page_container_layout":"default_layout","colormag_page_sidebar_layout":"default_layout","om_disable_all_campaigns":false,"_monsterinsights_skip_tracking":false,"_monsterinsights_sitenote_active":false,"_monsterinsights_sitenote_note":"","_monsterinsights_sitenote_category":0,"footnotes":"","_wpscppro_dont_share_socialmedia":false,"_wpscppro_custom_social_share_image":0,"_facebook_share_type":"default","_twitter_share_type":"default","_linkedin_share_type":"default","_pinterest_share_type":"default","_linkedin_share_type_page":"","_instagram_share_type":"default","_medium_share_type":"default","_threads_share_type":"","_google_business_share_type":"","_selected_social_profile":[],"_wpsp_enable_custom_social_template":false,"_wpsp_social_scheduling":{"enabled":false,"datetime":null,"platforms":[],"status":"template_only","dateOption":"today","timeOption":"now","customDays":"","customHours":"","customDate":"","customTime":"","schedulingType":"absolute"},"_wpsp_active_default_template":true},"categories":[31],"tags":[],"class_list":["post-65677","post","type-post","status-publish","format-standard","has-post-thumbnail","hentry","category-regions"],"aioseo_notices":[],"yoast_head":"<!-- This site is optimized with the Yoast SEO plugin v27.5 - https:\/\/yoast.com\/product\/yoast-seo-wordpress\/ -->\n<title>Universit\u00e9 Badji Mokhtar d\u2019Annaba : Une coop\u00e9ration renforc\u00e9e avec l&rsquo;universit\u00e9 de Vilnius - La Sentinelle<\/title>\n<meta name=\"robots\" content=\"index, follow, max-snippet:-1, max-image-preview:large, max-video-preview:-1\" \/>\n<link rel=\"canonical\" href=\"https:\/\/lasentinelle.dz\/index.php\/2025\/04\/15\/universite-badji-mokhtar-dannaba-une-cooperation-renforcee-avec-luniversite-de-vilnius\/\" \/>\n<meta property=\"og:locale\" content=\"fr_FR\" \/>\n<meta property=\"og:type\" content=\"article\" \/>\n<meta property=\"og:title\" content=\"Universit\u00e9 Badji Mokhtar d\u2019Annaba : Une coop\u00e9ration renforc\u00e9e avec l&rsquo;universit\u00e9 de Vilnius - La Sentinelle\" \/>\n<meta property=\"og:description\" content=\"L\u2019Universit\u00e9 Badji Mokhtar (UBM) d\u2019Annaba et l\u2019universit\u00e9 de Vilnius en Lituanie confirment leur volont\u00e9 \u00e0&nbsp;partager et \u00e0 tisser des liens\" \/>\n<meta property=\"og:url\" content=\"https:\/\/lasentinelle.dz\/index.php\/2025\/04\/15\/universite-badji-mokhtar-dannaba-une-cooperation-renforcee-avec-luniversite-de-vilnius\/\" \/>\n<meta property=\"og:site_name\" content=\"La Sentinelle\" \/>\n<meta property=\"article:publisher\" content=\"https:\/\/www.facebook.com\/La-Sentinelle-104059864394773\" \/>\n<meta property=\"article:published_time\" content=\"2025-04-15T13:11:54+00:00\" \/>\n<meta property=\"article:modified_time\" content=\"2025-04-15T13:11:55+00:00\" \/>\n<meta property=\"og:image\" content=\"https:\/\/lasentinelle.dz\/wp-content\/uploads\/2024\/09\/Universite-annaba.gif\" \/>\n\t<meta property=\"og:image:width\" content=\"1024\" \/>\n\t<meta property=\"og:image:height\" content=\"768\" \/>\n\t<meta property=\"og:image:type\" content=\"image\/gif\" \/>\n<meta name=\"author\" content=\"admin\" \/>\n<meta name=\"twitter:card\" content=\"summary_large_image\" \/>\n<meta name=\"twitter:label1\" content=\"\u00c9crit par\" \/>\n\t<meta name=\"twitter:data1\" content=\"admin\" \/>\n\t<meta name=\"twitter:label2\" content=\"Dur\u00e9e de lecture estim\u00e9e\" \/>\n\t<meta name=\"twitter:data2\" content=\"3 minutes\" \/>\n<script type=\"application\/ld+json\" class=\"yoast-schema-graph\">{\"@context\":\"https:\\\/\\\/schema.org\",\"@graph\":[{\"@type\":\"Article\",\"@id\":\"https:\\\/\\\/lasentinelle.dz\\\/index.php\\\/2025\\\/04\\\/15\\\/universite-badji-mokhtar-dannaba-une-cooperation-renforcee-avec-luniversite-de-vilnius\\\/#article\",\"isPartOf\":{\"@id\":\"https:\\\/\\\/lasentinelle.dz\\\/index.php\\\/2025\\\/04\\\/15\\\/universite-badji-mokhtar-dannaba-une-cooperation-renforcee-avec-luniversite-de-vilnius\\\/\"},\"author\":{\"name\":\"admin\",\"@id\":\"https:\\\/\\\/lasentinelle.dz\\\/#\\\/schema\\\/person\\\/729ee0024f24e0b8c5ec17232f8e8b41\"},\"headline\":\"Universit\u00e9 Badji Mokhtar d\u2019Annaba : Une coop\u00e9ration renforc\u00e9e avec l&rsquo;universit\u00e9 de Vilnius\",\"datePublished\":\"2025-04-15T13:11:54+00:00\",\"dateModified\":\"2025-04-15T13:11:55+00:00\",\"mainEntityOfPage\":{\"@id\":\"https:\\\/\\\/lasentinelle.dz\\\/index.php\\\/2025\\\/04\\\/15\\\/universite-badji-mokhtar-dannaba-une-cooperation-renforcee-avec-luniversite-de-vilnius\\\/\"},\"wordCount\":425,\"commentCount\":0,\"publisher\":{\"@id\":\"https:\\\/\\\/lasentinelle.dz\\\/#organization\"},\"image\":{\"@id\":\"https:\\\/\\\/lasentinelle.dz\\\/index.php\\\/2025\\\/04\\\/15\\\/universite-badji-mokhtar-dannaba-une-cooperation-renforcee-avec-luniversite-de-vilnius\\\/#primaryimage\"},\"thumbnailUrl\":\"https:\\\/\\\/lasentinelle.dz\\\/wp-content\\\/uploads\\\/2024\\\/09\\\/Universite-annaba.gif\",\"articleSection\":[\"R\u00e9gions\"],\"inLanguage\":\"fr-FR\",\"potentialAction\":[{\"@type\":\"CommentAction\",\"name\":\"Comment\",\"target\":[\"https:\\\/\\\/lasentinelle.dz\\\/index.php\\\/2025\\\/04\\\/15\\\/universite-badji-mokhtar-dannaba-une-cooperation-renforcee-avec-luniversite-de-vilnius\\\/#respond\"]}]},{\"@type\":\"WebPage\",\"@id\":\"https:\\\/\\\/lasentinelle.dz\\\/index.php\\\/2025\\\/04\\\/15\\\/universite-badji-mokhtar-dannaba-une-cooperation-renforcee-avec-luniversite-de-vilnius\\\/\",\"url\":\"https:\\\/\\\/lasentinelle.dz\\\/index.php\\\/2025\\\/04\\\/15\\\/universite-badji-mokhtar-dannaba-une-cooperation-renforcee-avec-luniversite-de-vilnius\\\/\",\"name\":\"Universit\u00e9 Badji Mokhtar d\u2019Annaba : Une coop\u00e9ration renforc\u00e9e avec l&rsquo;universit\u00e9 de Vilnius - La Sentinelle\",\"isPartOf\":{\"@id\":\"https:\\\/\\\/lasentinelle.dz\\\/#website\"},\"primaryImageOfPage\":{\"@id\":\"https:\\\/\\\/lasentinelle.dz\\\/index.php\\\/2025\\\/04\\\/15\\\/universite-badji-mokhtar-dannaba-une-cooperation-renforcee-avec-luniversite-de-vilnius\\\/#primaryimage\"},\"image\":{\"@id\":\"https:\\\/\\\/lasentinelle.dz\\\/index.php\\\/2025\\\/04\\\/15\\\/universite-badji-mokhtar-dannaba-une-cooperation-renforcee-avec-luniversite-de-vilnius\\\/#primaryimage\"},\"thumbnailUrl\":\"https:\\\/\\\/lasentinelle.dz\\\/wp-content\\\/uploads\\\/2024\\\/09\\\/Universite-annaba.gif\",\"datePublished\":\"2025-04-15T13:11:54+00:00\",\"dateModified\":\"2025-04-15T13:11:55+00:00\",\"breadcrumb\":{\"@id\":\"https:\\\/\\\/lasentinelle.dz\\\/index.php\\\/2025\\\/04\\\/15\\\/universite-badji-mokhtar-dannaba-une-cooperation-renforcee-avec-luniversite-de-vilnius\\\/#breadcrumb\"},\"inLanguage\":\"fr-FR\",\"potentialAction\":[{\"@type\":\"ReadAction\",\"target\":[\"https:\\\/\\\/lasentinelle.dz\\\/index.php\\\/2025\\\/04\\\/15\\\/universite-badji-mokhtar-dannaba-une-cooperation-renforcee-avec-luniversite-de-vilnius\\\/\"]}]},{\"@type\":\"ImageObject\",\"inLanguage\":\"fr-FR\",\"@id\":\"https:\\\/\\\/lasentinelle.dz\\\/index.php\\\/2025\\\/04\\\/15\\\/universite-badji-mokhtar-dannaba-une-cooperation-renforcee-avec-luniversite-de-vilnius\\\/#primaryimage\",\"url\":\"https:\\\/\\\/lasentinelle.dz\\\/wp-content\\\/uploads\\\/2024\\\/09\\\/Universite-annaba.gif\",\"contentUrl\":\"https:\\\/\\\/lasentinelle.dz\\\/wp-content\\\/uploads\\\/2024\\\/09\\\/Universite-annaba.gif\",\"width\":1024,\"height\":768},{\"@type\":\"BreadcrumbList\",\"@id\":\"https:\\\/\\\/lasentinelle.dz\\\/index.php\\\/2025\\\/04\\\/15\\\/universite-badji-mokhtar-dannaba-une-cooperation-renforcee-avec-luniversite-de-vilnius\\\/#breadcrumb\",\"itemListElement\":[{\"@type\":\"ListItem\",\"position\":1,\"name\":\"Accueil\",\"item\":\"https:\\\/\\\/lasentinelle.dz\\\/\"},{\"@type\":\"ListItem\",\"position\":2,\"name\":\"Universit\u00e9 Badji Mokhtar d\u2019Annaba : Une coop\u00e9ration renforc\u00e9e avec l&rsquo;universit\u00e9 de Vilnius\"}]},{\"@type\":\"WebSite\",\"@id\":\"https:\\\/\\\/lasentinelle.dz\\\/#website\",\"url\":\"https:\\\/\\\/lasentinelle.dz\\\/\",\"name\":\"La Sentinelle\",\"description\":\"Quotidien national d&#039;information\",\"publisher\":{\"@id\":\"https:\\\/\\\/lasentinelle.dz\\\/#organization\"},\"potentialAction\":[{\"@type\":\"SearchAction\",\"target\":{\"@type\":\"EntryPoint\",\"urlTemplate\":\"https:\\\/\\\/lasentinelle.dz\\\/?s={search_term_string}\"},\"query-input\":{\"@type\":\"PropertyValueSpecification\",\"valueRequired\":true,\"valueName\":\"search_term_string\"}}],\"inLanguage\":\"fr-FR\"},{\"@type\":\"Organization\",\"@id\":\"https:\\\/\\\/lasentinelle.dz\\\/#organization\",\"name\":\"Quotidien La Sentinelle\",\"url\":\"https:\\\/\\\/lasentinelle.dz\\\/\",\"logo\":{\"@type\":\"ImageObject\",\"inLanguage\":\"fr-FR\",\"@id\":\"https:\\\/\\\/lasentinelle.dz\\\/#\\\/schema\\\/logo\\\/image\\\/\",\"url\":\"https:\\\/\\\/lasentinelle.dz\\\/wp-content\\\/uploads\\\/2021\\\/09\\\/logo-sentinelleSLOGAN-1.png\",\"contentUrl\":\"https:\\\/\\\/lasentinelle.dz\\\/wp-content\\\/uploads\\\/2021\\\/09\\\/logo-sentinelleSLOGAN-1.png\",\"width\":615,\"height\":142,\"caption\":\"Quotidien La Sentinelle\"},\"image\":{\"@id\":\"https:\\\/\\\/lasentinelle.dz\\\/#\\\/schema\\\/logo\\\/image\\\/\"},\"sameAs\":[\"https:\\\/\\\/www.facebook.com\\\/La-Sentinelle-104059864394773\"]},{\"@type\":\"Person\",\"@id\":\"https:\\\/\\\/lasentinelle.dz\\\/#\\\/schema\\\/person\\\/729ee0024f24e0b8c5ec17232f8e8b41\",\"name\":\"admin\",\"image\":{\"@type\":\"ImageObject\",\"inLanguage\":\"fr-FR\",\"@id\":\"https:\\\/\\\/secure.gravatar.com\\\/avatar\\\/4c81fed838786e9b53f540bf46533e750f5d292099ae3b66cfc6fb1982e29df7?s=96&d=mm&r=g\",\"url\":\"https:\\\/\\\/secure.gravatar.com\\\/avatar\\\/4c81fed838786e9b53f540bf46533e750f5d292099ae3b66cfc6fb1982e29df7?s=96&d=mm&r=g\",\"contentUrl\":\"https:\\\/\\\/secure.gravatar.com\\\/avatar\\\/4c81fed838786e9b53f540bf46533e750f5d292099ae3b66cfc6fb1982e29df7?s=96&d=mm&r=g\",\"caption\":\"admin\"},\"description\":\"admin\",\"url\":\"https:\\\/\\\/lasentinelle.dz\\\/author\\\/admin\\\/\"}]}<\/script>\n<!-- \/ Yoast SEO plugin. -->","yoast_head_json":{"title":"Universit\u00e9 Badji Mokhtar d\u2019Annaba : Une coop\u00e9ration renforc\u00e9e avec l&rsquo;universit\u00e9 de Vilnius - La Sentinelle","robots":{"index":"index","follow":"follow","max-snippet":"max-snippet:-1","max-image-preview":"max-image-preview:large","max-video-preview":"max-video-preview:-1"},"canonical":"https:\/\/lasentinelle.dz\/index.php\/2025\/04\/15\/universite-badji-mokhtar-dannaba-une-cooperation-renforcee-avec-luniversite-de-vilnius\/","og_locale":"fr_FR","og_type":"article","og_title":"Universit\u00e9 Badji Mokhtar d\u2019Annaba : Une coop\u00e9ration renforc\u00e9e avec l&rsquo;universit\u00e9 de Vilnius - La Sentinelle","og_description":"L\u2019Universit\u00e9 Badji Mokhtar (UBM) d\u2019Annaba et l\u2019universit\u00e9 de Vilnius en Lituanie confirment leur volont\u00e9 \u00e0&nbsp;partager et \u00e0 tisser des liens","og_url":"https:\/\/lasentinelle.dz\/index.php\/2025\/04\/15\/universite-badji-mokhtar-dannaba-une-cooperation-renforcee-avec-luniversite-de-vilnius\/","og_site_name":"La Sentinelle","article_publisher":"https:\/\/www.facebook.com\/La-Sentinelle-104059864394773","article_published_time":"2025-04-15T13:11:54+00:00","article_modified_time":"2025-04-15T13:11:55+00:00","og_image":[{"width":1024,"height":768,"url":"https:\/\/lasentinelle.dz\/wp-content\/uploads\/2024\/09\/Universite-annaba.gif","type":"image\/gif"}],"author":"admin","twitter_card":"summary_large_image","twitter_misc":{"\u00c9crit par":"admin","Dur\u00e9e de lecture estim\u00e9e":"3 minutes"},"schema":{"@context":"https:\/\/schema.org","@graph":[{"@type":"Article","@id":"https:\/\/lasentinelle.dz\/index.php\/2025\/04\/15\/universite-badji-mokhtar-dannaba-une-cooperation-renforcee-avec-luniversite-de-vilnius\/#article","isPartOf":{"@id":"https:\/\/lasentinelle.dz\/index.php\/2025\/04\/15\/universite-badji-mokhtar-dannaba-une-cooperation-renforcee-avec-luniversite-de-vilnius\/"},"author":{"name":"admin","@id":"https:\/\/lasentinelle.dz\/#\/schema\/person\/729ee0024f24e0b8c5ec17232f8e8b41"},"headline":"Universit\u00e9 Badji Mokhtar d\u2019Annaba : Une coop\u00e9ration renforc\u00e9e avec l&rsquo;universit\u00e9 de Vilnius","datePublished":"2025-04-15T13:11:54+00:00","dateModified":"2025-04-15T13:11:55+00:00","mainEntityOfPage":{"@id":"https:\/\/lasentinelle.dz\/index.php\/2025\/04\/15\/universite-badji-mokhtar-dannaba-une-cooperation-renforcee-avec-luniversite-de-vilnius\/"},"wordCount":425,"commentCount":0,"publisher":{"@id":"https:\/\/lasentinelle.dz\/#organization"},"image":{"@id":"https:\/\/lasentinelle.dz\/index.php\/2025\/04\/15\/universite-badji-mokhtar-dannaba-une-cooperation-renforcee-avec-luniversite-de-vilnius\/#primaryimage"},"thumbnailUrl":"https:\/\/lasentinelle.dz\/wp-content\/uploads\/2024\/09\/Universite-annaba.gif","articleSection":["R\u00e9gions"],"inLanguage":"fr-FR","potentialAction":[{"@type":"CommentAction","name":"Comment","target":["https:\/\/lasentinelle.dz\/index.php\/2025\/04\/15\/universite-badji-mokhtar-dannaba-une-cooperation-renforcee-avec-luniversite-de-vilnius\/#respond"]}]},{"@type":"WebPage","@id":"https:\/\/lasentinelle.dz\/index.php\/2025\/04\/15\/universite-badji-mokhtar-dannaba-une-cooperation-renforcee-avec-luniversite-de-vilnius\/","url":"https:\/\/lasentinelle.dz\/index.php\/2025\/04\/15\/universite-badji-mokhtar-dannaba-une-cooperation-renforcee-avec-luniversite-de-vilnius\/","name":"Universit\u00e9 Badji Mokhtar d\u2019Annaba : Une coop\u00e9ration renforc\u00e9e avec l&rsquo;universit\u00e9 de Vilnius - La Sentinelle","isPartOf":{"@id":"https:\/\/lasentinelle.dz\/#website"},"primaryImageOfPage":{"@id":"https:\/\/lasentinelle.dz\/index.php\/2025\/04\/15\/universite-badji-mokhtar-dannaba-une-cooperation-renforcee-avec-luniversite-de-vilnius\/#primaryimage"},"image":{"@id":"https:\/\/lasentinelle.dz\/index.php\/2025\/04\/15\/universite-badji-mokhtar-dannaba-une-cooperation-renforcee-avec-luniversite-de-vilnius\/#primaryimage"},"thumbnailUrl":"https:\/\/lasentinelle.dz\/wp-content\/uploads\/2024\/09\/Universite-annaba.gif","datePublished":"2025-04-15T13:11:54+00:00","dateModified":"2025-04-15T13:11:55+00:00","breadcrumb":{"@id":"https:\/\/lasentinelle.dz\/index.php\/2025\/04\/15\/universite-badji-mokhtar-dannaba-une-cooperation-renforcee-avec-luniversite-de-vilnius\/#breadcrumb"},"inLanguage":"fr-FR","potentialAction":[{"@type":"ReadAction","target":["https:\/\/lasentinelle.dz\/index.php\/2025\/04\/15\/universite-badji-mokhtar-dannaba-une-cooperation-renforcee-avec-luniversite-de-vilnius\/"]}]},{"@type":"ImageObject","inLanguage":"fr-FR","@id":"https:\/\/lasentinelle.dz\/index.php\/2025\/04\/15\/universite-badji-mokhtar-dannaba-une-cooperation-renforcee-avec-luniversite-de-vilnius\/#primaryimage","url":"https:\/\/lasentinelle.dz\/wp-content\/uploads\/2024\/09\/Universite-annaba.gif","contentUrl":"https:\/\/lasentinelle.dz\/wp-content\/uploads\/2024\/09\/Universite-annaba.gif","width":1024,"height":768},{"@type":"BreadcrumbList","@id":"https:\/\/lasentinelle.dz\/index.php\/2025\/04\/15\/universite-badji-mokhtar-dannaba-une-cooperation-renforcee-avec-luniversite-de-vilnius\/#breadcrumb","itemListElement":[{"@type":"ListItem","position":1,"name":"Accueil","item":"https:\/\/lasentinelle.dz\/"},{"@type":"ListItem","position":2,"name":"Universit\u00e9 Badji Mokhtar d\u2019Annaba : Une coop\u00e9ration renforc\u00e9e avec l&rsquo;universit\u00e9 de Vilnius"}]},{"@type":"WebSite","@id":"https:\/\/lasentinelle.dz\/#website","url":"https:\/\/lasentinelle.dz\/","name":"La Sentinelle","description":"Quotidien national d&#039;information","publisher":{"@id":"https:\/\/lasentinelle.dz\/#organization"},"potentialAction":[{"@type":"SearchAction","target":{"@type":"EntryPoint","urlTemplate":"https:\/\/lasentinelle.dz\/?s={search_term_string}"},"query-input":{"@type":"PropertyValueSpecification","valueRequired":true,"valueName":"search_term_string"}}],"inLanguage":"fr-FR"},{"@type":"Organization","@id":"https:\/\/lasentinelle.dz\/#organization","name":"Quotidien La Sentinelle","url":"https:\/\/lasentinelle.dz\/","logo":{"@type":"ImageObject","inLanguage":"fr-FR","@id":"https:\/\/lasentinelle.dz\/#\/schema\/logo\/image\/","url":"https:\/\/lasentinelle.dz\/wp-content\/uploads\/2021\/09\/logo-sentinelleSLOGAN-1.png","contentUrl":"https:\/\/lasentinelle.dz\/wp-content\/uploads\/2021\/09\/logo-sentinelleSLOGAN-1.png","width":615,"height":142,"caption":"Quotidien La Sentinelle"},"image":{"@id":"https:\/\/lasentinelle.dz\/#\/schema\/logo\/image\/"},"sameAs":["https:\/\/www.facebook.com\/La-Sentinelle-104059864394773"]},{"@type":"Person","@id":"https:\/\/lasentinelle.dz\/#\/schema\/person\/729ee0024f24e0b8c5ec17232f8e8b41","name":"admin","image":{"@type":"ImageObject","inLanguage":"fr-FR","@id":"https:\/\/secure.gravatar.com\/avatar\/4c81fed838786e9b53f540bf46533e750f5d292099ae3b66cfc6fb1982e29df7?s=96&d=mm&r=g","url":"https:\/\/secure.gravatar.com\/avatar\/4c81fed838786e9b53f540bf46533e750f5d292099ae3b66cfc6fb1982e29df7?s=96&d=mm&r=g","contentUrl":"https:\/\/secure.gravatar.com\/avatar\/4c81fed838786e9b53f540bf46533e750f5d292099ae3b66cfc6fb1982e29df7?s=96&d=mm&r=g","caption":"admin"},"description":"admin","url":"https:\/\/lasentinelle.dz\/author\/admin\/"}]}},"_links":{"self":[{"href":"https:\/\/lasentinelle.dz\/index.php\/wp-json\/wp\/v2\/posts\/65677","targetHints":{"allow":["GET"]}}],"collection":[{"href":"https:\/\/lasentinelle.dz\/index.php\/wp-json\/wp\/v2\/posts"}],"about":[{"href":"https:\/\/lasentinelle.dz\/index.php\/wp-json\/wp\/v2\/types\/post"}],"author":[{"embeddable":true,"href":"https:\/\/lasentinelle.dz\/index.php\/wp-json\/wp\/v2\/users\/6"}],"replies":[{"embeddable":true,"href":"https:\/\/lasentinelle.dz\/index.php\/wp-json\/wp\/v2\/comments?post=65677"}],"version-history":[{"count":2,"href":"https:\/\/lasentinelle.dz\/index.php\/wp-json\/wp\/v2\/posts\/65677\/revisions"}],"predecessor-version":[{"id":65679,"href":"https:\/\/lasentinelle.dz\/index.php\/wp-json\/wp\/v2\/posts\/65677\/revisions\/65679"}],"wp:featuredmedia":[{"embeddable":true,"href":"https:\/\/lasentinelle.dz\/index.php\/wp-json\/wp\/v2\/media\/56782"}],"wp:attachment":[{"href":"https:\/\/lasentinelle.dz\/index.php\/wp-json\/wp\/v2\/media?parent=65677"}],"wp:term":[{"taxonomy":"category","embeddable":true,"href":"https:\/\/lasentinelle.dz\/index.php\/wp-json\/wp\/v2\/categories?post=65677"},{"taxonomy":"post_tag","embeddable":true,"href":"https:\/\/lasentinelle.dz\/index.php\/wp-json\/wp\/v2\/tags?post=65677"}],"curies":[{"name":"wp","href":"https:\/\/api.w.org\/{rel}","templated":true}]}}