{"id":65688,"date":"2025-04-15T14:15:14","date_gmt":"2025-04-15T13:15:14","guid":{"rendered":"https:\/\/lasentinelle.dz\/?p=65688"},"modified":"2025-04-15T14:15:15","modified_gmt":"2025-04-15T13:15:15","slug":"lancement-du-projet-taqathy-lalgerie-et-lue-mettent-le-cap-sur-lhydrogene-vert","status":"publish","type":"post","link":"https:\/\/lasentinelle.dz\/index.php\/2025\/04\/15\/lancement-du-projet-taqathy-lalgerie-et-lue-mettent-le-cap-sur-lhydrogene-vert\/","title":{"rendered":"Lancement du projet \u00ab\u00a0TaqatHy+\u00a0\u00bb: L&rsquo;Alg\u00e9rie et l&rsquo;UE mettent le cap sur l&rsquo;hydrog\u00e8ne vert"},"content":{"rendered":"\n<p>La coop\u00e9ration alg\u00e9ro-europ\u00e9enne en mati\u00e8re de transition \u00e9nerg\u00e9tique franchit un nouveau cap avec le lancement officiel, hier \u00e0 Alger, de la phase cofinanc\u00e9e du projet \u00ab\u00a0TaqatHy+\u00a0\u00bb (anciennement \u00ab\u00a0TaqatHy\u00a0\u00bb). Cette initiative d&rsquo;envergure, dot\u00e9e d&rsquo;un budget de 28 millions d&rsquo;euros financ\u00e9 conjointement par l&rsquo;Union europ\u00e9enne et l&rsquo;Allemagne, vise \u00e0 acc\u00e9l\u00e9rer le d\u00e9ploiement des \u00e9nergies renouvelables, d\u00e9velopper l&rsquo;hydrog\u00e8ne vert et am\u00e9liorer l&rsquo;efficacit\u00e9 \u00e9nerg\u00e9tique dans divers secteurs en Alg\u00e9rie.<\/p>\n\n\n\n<p>Le projet s&rsquo;inscrit dans une strat\u00e9gie globale de transition \u00e9nerg\u00e9tique et repr\u00e9sente un pilier fondamental des ambitions alg\u00e9riennes en mati\u00e8re d&rsquo;\u00e9nergie propre \u00e0 l&rsquo;horizon 2030. La signature du contrat d&rsquo;ex\u00e9cution a \u00e9t\u00e9 effectu\u00e9e par Mourad Chikhi, charg\u00e9 de la Direction g\u00e9n\u00e9rale des \u00e9nergies nouvelles et renouvelables au minist\u00e8re de l&rsquo;\u00c9nergie, des Mines et des \u00c9nergies renouvelables, et Martina Valous, directrice g\u00e9n\u00e9rale de l&rsquo;Agence allemande de coop\u00e9ration internationale (GIZ), en pr\u00e9sence de hauts responsables alg\u00e9riens et europ\u00e9ens. Ce programme ambitieux, qui s&rsquo;\u00e9tendra jusqu&rsquo;en mai 2029, est mis en \u0153uvre sous la supervision du minist\u00e8re de l&rsquo;\u00c9nergie, des Mines et des \u00c9nergies renouvelables avec l&rsquo;appui technique de la GIZ Alg\u00e9rie et constitue un prolongement du projet \u00ab\u00a0TaqatHy\u00a0\u00bb lanc\u00e9 en d\u00e9cembre 2022. Sur les 28 millions d&rsquo;euros allou\u00e9s au projet, 13 millions proviennent directement de l&rsquo;Allemagne. Ce financement cons\u00e9quent permettra de d\u00e9ployer une s\u00e9rie d&rsquo;actions structurantes sur cinq axes principaux : le renforcement des capacit\u00e9s institutionnelles et techniques dans le domaine des \u00e9nergies renouvelables, la cr\u00e9ation de conditions favorables au d\u00e9ploiement de projets d&rsquo;\u00e9nergies propres, le d\u00e9veloppement d&rsquo;outils pour soutenir l&rsquo;\u00e9conomie de l&rsquo;hydrog\u00e8ne vert, l&rsquo;\u00e9tablissement d&rsquo;une base de donn\u00e9es sur le potentiel national d&rsquo;applications de l&rsquo;hydrog\u00e8ne vert, et enfin la mise en place d&rsquo;outils de planification et de suivi pour r\u00e9aliser des \u00e9conomies d&rsquo;\u00e9nergie et r\u00e9duire les \u00e9missions. S&rsquo;exprimant lors de la c\u00e9r\u00e9monie de lancement, le Professeur Noureddine Yassaa, Secr\u00e9taire d&rsquo;\u00c9tat aupr\u00e8s du ministre de l&rsquo;\u00c9nergie charg\u00e9 des \u00c9nergies renouvelables, a soulign\u00e9 que ce projet repr\u00e9sente \u00ab\u00a0une \u00e9tape importante qui sera couronn\u00e9e par une coop\u00e9ration fructueuse et enrichissante, \u00e0 travers l&rsquo;\u00e9change d&rsquo;expertise sur des solutions \u00e9nerg\u00e9tiques d&rsquo;avenir dans le cadre d&rsquo;un d\u00e9veloppement global et durable\u00a0\u00bb. Il a pr\u00e9cis\u00e9 que \u00ab\u00a0les r\u00e9sultats issus de ce programme seront employ\u00e9s pour cr\u00e9er un syst\u00e8me \u00e9nerg\u00e9tique int\u00e9gr\u00e9 qui renforcera le d\u00e9ploiement de l&rsquo;exploitation des \u00e9nergies renouvelables et augmentera l&rsquo;efficacit\u00e9 \u00e9nerg\u00e9tique dans divers secteurs\u00a0\u00bb.<\/p>\n\n\n\n<p>Un nouveau mod\u00e8le \u00e9nerg\u00e9tique national<\/p>\n\n\n\n<p>Le secr\u00e9taire d&rsquo;\u00c9tat a \u00e9galement rappel\u00e9 que ce programme de coop\u00e9ration avec l&rsquo;UE et l&rsquo;Allemagne refl\u00e8te \u00ab\u00a0une volont\u00e9 commune\u00a0\u00bb d&rsquo;approfondir la collaboration dans le secteur \u00e9nerg\u00e9tique. Il a par ailleurs mentionn\u00e9 que son minist\u00e8re travaille actuellement \u00e0 l&rsquo;\u00e9laboration d&rsquo;un nouveau mod\u00e8le \u00e9nerg\u00e9tique national, avec la contribution de tous les secteurs consommateurs d&rsquo;\u00e9nergie, qui int\u00e9grera des solutions innovantes visant \u00e0 rationaliser et r\u00e9duire la demande nationale croissante en \u00e9nergie. De son c\u00f4t\u00e9, Said Meziane, directeur de la coop\u00e9ration avec l&rsquo;Union europ\u00e9enne et les institutions europ\u00e9ennes au minist\u00e8re des Affaires \u00e9trang\u00e8res, a salu\u00e9 le potentiel consid\u00e9rable de l&rsquo;Alg\u00e9rie en mati\u00e8re de transition \u00e9nerg\u00e9tique, soulignant que l&rsquo;Allemagne constitue \u00ab\u00a0un partenaire important\u00a0\u00bb dans la r\u00e9alisation des objectifs fix\u00e9s dans ce domaine. Le projet TaqatHy+ s&rsquo;inscrit parfaitement dans la dynamique du corridor SoutH2, une initiative strat\u00e9gique visant \u00e0 cr\u00e9er une infrastructure d&rsquo;exportation d&rsquo;hydrog\u00e8ne vert alg\u00e9rien vers l&rsquo;Italie, l&rsquo;Autriche et l&rsquo;Allemagne.<\/p>\n\n\n\n<p>Une puissance \u00e9nerg\u00e9tique et un partenaire fiable pour l&rsquo;UE<\/p>\n\n\n\n<p>Ce corridor \u00e9nerg\u00e9tique, en phase de d\u00e9veloppement, positionnera l&rsquo;Alg\u00e9rie comme fournisseur cl\u00e9 d&rsquo;hydrog\u00e8ne propre pour l&rsquo;Europe, tirant parti des immenses ressources solaires du pays et de sa proximit\u00e9 g\u00e9ographique avec le continent europ\u00e9en. L&rsquo;ambassadeur de l&rsquo;Union europ\u00e9enne en Alg\u00e9rie, Diego Mellado, a affirm\u00e9 que ce projet refl\u00e8te \u00ab\u00a0la qualit\u00e9 de la coop\u00e9ration\u00a0\u00bb dans le secteur \u00e9nerg\u00e9tique entre l&rsquo;UE et l&rsquo;Alg\u00e9rie, soulignant \u00ab\u00a0l&rsquo;importance de travailler efficacement pour assurer son succ\u00e8s\u00a0\u00bb. Il a \u00e9galement soulign\u00e9 que l&rsquo;Alg\u00e9rie est \u00ab\u00a0une puissance \u00e9nerg\u00e9tique et un partenaire fiable\u00a0\u00bb, indiquant la volont\u00e9 de l&rsquo;UE de renforcer sa coop\u00e9ration avec ce pays strat\u00e9gique d&rsquo;Afrique du Nord. Cette initiative s&rsquo;inscrit dans le cadre plus large du Pacte vert europ\u00e9en et de la strat\u00e9gie europ\u00e9enne de l&rsquo;hydrog\u00e8ne, qui visent \u00e0 d\u00e9velopper les capacit\u00e9s de production et d&rsquo;importation d&rsquo;hydrog\u00e8ne vert pour atteindre les objectifs climatiques de l&rsquo;UE. Pour sa part, l&rsquo;ambassadeur d&rsquo;Allemagne en Alg\u00e9rie, Georg Felsheim, a d\u00e9clar\u00e9 que l&rsquo;Alg\u00e9rie est \u00ab\u00a0un partenaire strat\u00e9gique pour l&rsquo;Allemagne\u00a0\u00bb, saluant la coop\u00e9ration entre les deux pays dans le domaine des \u00e9nergies renouvelables et de l&rsquo;hydrog\u00e8ne vert. Il a \u00e9galement exprim\u00e9 l&rsquo;espoir que ce projet stimulera d&rsquo;autres initiatives dans le secteur des \u00e9nergies renouvelables, soulignant l&rsquo;importance de cette collaboration bilat\u00e9rale dans le contexte de la transition \u00e9nerg\u00e9tique allemande. Le d\u00e9veloppement de l&rsquo;hydrog\u00e8ne vert en Alg\u00e9rie repr\u00e9sente une opportunit\u00e9 majeure pour diversifier l&rsquo;\u00e9conomie du pays, historiquement d\u00e9pendante des hydrocarbures. Avec ses vastes \u00e9tendues d\u00e9sertiques b\u00e9n\u00e9ficiant d&rsquo;un ensoleillement exceptionnel, l&rsquo;Alg\u00e9rie dispose d&rsquo;un potentiel consid\u00e9rable pour la production d&rsquo;\u00e9lectricit\u00e9 solaire \u00e0 bas co\u00fbt, n\u00e9cessaire \u00e0 la production d&rsquo;hydrog\u00e8ne par \u00e9lectrolyse. Les experts estiment que ce secteur pourrait g\u00e9n\u00e9rer plusieurs milliers d&#8217;emplois et des revenus d&rsquo;exportation significatifs dans les ann\u00e9es \u00e0 venir, tout en contribuant \u00e0 la s\u00e9curit\u00e9 \u00e9nerg\u00e9tique europ\u00e9enne.<\/p>\n\n\n\n<p>Samira Ghrib<\/p>\n","protected":false},"excerpt":{"rendered":"<p>La coop\u00e9ration alg\u00e9ro-europ\u00e9enne en mati\u00e8re de transition \u00e9nerg\u00e9tique franchit un nouveau cap avec le lancement officiel, hier \u00e0 Alger, de<\/p>\n","protected":false},"author":6,"featured_media":65689,"comment_status":"open","ping_status":"closed","sticky":false,"template":"","format":"standard","meta":{"colormag_page_container_layout":"default_layout","colormag_page_sidebar_layout":"default_layout","om_disable_all_campaigns":false,"_monsterinsights_skip_tracking":false,"_monsterinsights_sitenote_active":false,"_monsterinsights_sitenote_note":"","_monsterinsights_sitenote_category":0,"footnotes":"","_wpscppro_dont_share_socialmedia":false,"_wpscppro_custom_social_share_image":0,"_facebook_share_type":"default","_twitter_share_type":"default","_linkedin_share_type":"default","_pinterest_share_type":"default","_linkedin_share_type_page":"","_instagram_share_type":"default","_medium_share_type":"default","_threads_share_type":"","_google_business_share_type":"","_selected_social_profile":[],"_wpsp_enable_custom_social_template":false,"_wpsp_social_scheduling":{"enabled":false,"datetime":null,"platforms":[],"status":"template_only","dateOption":"today","timeOption":"now","customDays":"","customHours":"","customDate":"","customTime":"","schedulingType":"absolute"},"_wpsp_active_default_template":true},"categories":[52,29],"tags":[],"class_list":["post-65688","post","type-post","status-publish","format-standard","has-post-thumbnail","hentry","category-a-la-une","category-economie"],"aioseo_notices":[],"yoast_head":"<!-- This site is optimized with the Yoast SEO plugin v27.5 - https:\/\/yoast.com\/product\/yoast-seo-wordpress\/ -->\n<title>Lancement du projet \u00ab\u00a0TaqatHy+\u00a0\u00bb: L&rsquo;Alg\u00e9rie et l&rsquo;UE mettent le cap sur l&rsquo;hydrog\u00e8ne vert - La Sentinelle<\/title>\n<meta name=\"robots\" content=\"index, follow, max-snippet:-1, max-image-preview:large, max-video-preview:-1\" \/>\n<link rel=\"canonical\" href=\"https:\/\/lasentinelle.dz\/index.php\/2025\/04\/15\/lancement-du-projet-taqathy-lalgerie-et-lue-mettent-le-cap-sur-lhydrogene-vert\/\" \/>\n<meta property=\"og:locale\" content=\"fr_FR\" \/>\n<meta property=\"og:type\" content=\"article\" \/>\n<meta property=\"og:title\" content=\"Lancement du projet \u00ab\u00a0TaqatHy+\u00a0\u00bb: L&rsquo;Alg\u00e9rie et l&rsquo;UE mettent le cap sur l&rsquo;hydrog\u00e8ne vert - La Sentinelle\" \/>\n<meta property=\"og:description\" content=\"La coop\u00e9ration alg\u00e9ro-europ\u00e9enne en mati\u00e8re de transition \u00e9nerg\u00e9tique franchit un nouveau cap avec le lancement officiel, hier \u00e0 Alger, de\" \/>\n<meta property=\"og:url\" content=\"https:\/\/lasentinelle.dz\/index.php\/2025\/04\/15\/lancement-du-projet-taqathy-lalgerie-et-lue-mettent-le-cap-sur-lhydrogene-vert\/\" \/>\n<meta property=\"og:site_name\" content=\"La Sentinelle\" \/>\n<meta property=\"article:publisher\" content=\"https:\/\/www.facebook.com\/La-Sentinelle-104059864394773\" \/>\n<meta property=\"article:published_time\" content=\"2025-04-15T13:15:14+00:00\" \/>\n<meta property=\"article:modified_time\" content=\"2025-04-15T13:15:15+00:00\" \/>\n<meta property=\"og:image\" content=\"https:\/\/lasentinelle.dz\/wp-content\/uploads\/2025\/04\/Takaty.jpg\" \/>\n\t<meta property=\"og:image:width\" content=\"2048\" \/>\n\t<meta property=\"og:image:height\" content=\"1365\" \/>\n\t<meta property=\"og:image:type\" content=\"image\/jpeg\" \/>\n<meta name=\"author\" content=\"admin\" \/>\n<meta name=\"twitter:card\" content=\"summary_large_image\" \/>\n<meta name=\"twitter:label1\" content=\"\u00c9crit par\" \/>\n\t<meta name=\"twitter:data1\" content=\"admin\" \/>\n\t<meta name=\"twitter:label2\" content=\"Dur\u00e9e de lecture estim\u00e9e\" \/>\n\t<meta name=\"twitter:data2\" content=\"5 minutes\" \/>\n<script type=\"application\/ld+json\" class=\"yoast-schema-graph\">{\"@context\":\"https:\\\/\\\/schema.org\",\"@graph\":[{\"@type\":\"Article\",\"@id\":\"https:\\\/\\\/lasentinelle.dz\\\/index.php\\\/2025\\\/04\\\/15\\\/lancement-du-projet-taqathy-lalgerie-et-lue-mettent-le-cap-sur-lhydrogene-vert\\\/#article\",\"isPartOf\":{\"@id\":\"https:\\\/\\\/lasentinelle.dz\\\/index.php\\\/2025\\\/04\\\/15\\\/lancement-du-projet-taqathy-lalgerie-et-lue-mettent-le-cap-sur-lhydrogene-vert\\\/\"},\"author\":{\"name\":\"admin\",\"@id\":\"https:\\\/\\\/lasentinelle.dz\\\/#\\\/schema\\\/person\\\/729ee0024f24e0b8c5ec17232f8e8b41\"},\"headline\":\"Lancement du projet \u00ab\u00a0TaqatHy+\u00a0\u00bb: L&rsquo;Alg\u00e9rie et l&rsquo;UE mettent le cap sur l&rsquo;hydrog\u00e8ne vert\",\"datePublished\":\"2025-04-15T13:15:14+00:00\",\"dateModified\":\"2025-04-15T13:15:15+00:00\",\"mainEntityOfPage\":{\"@id\":\"https:\\\/\\\/lasentinelle.dz\\\/index.php\\\/2025\\\/04\\\/15\\\/lancement-du-projet-taqathy-lalgerie-et-lue-mettent-le-cap-sur-lhydrogene-vert\\\/\"},\"wordCount\":1050,\"commentCount\":0,\"publisher\":{\"@id\":\"https:\\\/\\\/lasentinelle.dz\\\/#organization\"},\"image\":{\"@id\":\"https:\\\/\\\/lasentinelle.dz\\\/index.php\\\/2025\\\/04\\\/15\\\/lancement-du-projet-taqathy-lalgerie-et-lue-mettent-le-cap-sur-lhydrogene-vert\\\/#primaryimage\"},\"thumbnailUrl\":\"https:\\\/\\\/lasentinelle.dz\\\/wp-content\\\/uploads\\\/2025\\\/04\\\/Takaty.jpg\",\"articleSection\":[\"\u00c0 la Une\",\"\u00c9conomie\"],\"inLanguage\":\"fr-FR\",\"potentialAction\":[{\"@type\":\"CommentAction\",\"name\":\"Comment\",\"target\":[\"https:\\\/\\\/lasentinelle.dz\\\/index.php\\\/2025\\\/04\\\/15\\\/lancement-du-projet-taqathy-lalgerie-et-lue-mettent-le-cap-sur-lhydrogene-vert\\\/#respond\"]}]},{\"@type\":\"WebPage\",\"@id\":\"https:\\\/\\\/lasentinelle.dz\\\/index.php\\\/2025\\\/04\\\/15\\\/lancement-du-projet-taqathy-lalgerie-et-lue-mettent-le-cap-sur-lhydrogene-vert\\\/\",\"url\":\"https:\\\/\\\/lasentinelle.dz\\\/index.php\\\/2025\\\/04\\\/15\\\/lancement-du-projet-taqathy-lalgerie-et-lue-mettent-le-cap-sur-lhydrogene-vert\\\/\",\"name\":\"Lancement du projet \u00ab\u00a0TaqatHy+\u00a0\u00bb: L&rsquo;Alg\u00e9rie et l&rsquo;UE mettent le cap sur l&rsquo;hydrog\u00e8ne vert - La Sentinelle\",\"isPartOf\":{\"@id\":\"https:\\\/\\\/lasentinelle.dz\\\/#website\"},\"primaryImageOfPage\":{\"@id\":\"https:\\\/\\\/lasentinelle.dz\\\/index.php\\\/2025\\\/04\\\/15\\\/lancement-du-projet-taqathy-lalgerie-et-lue-mettent-le-cap-sur-lhydrogene-vert\\\/#primaryimage\"},\"image\":{\"@id\":\"https:\\\/\\\/lasentinelle.dz\\\/index.php\\\/2025\\\/04\\\/15\\\/lancement-du-projet-taqathy-lalgerie-et-lue-mettent-le-cap-sur-lhydrogene-vert\\\/#primaryimage\"},\"thumbnailUrl\":\"https:\\\/\\\/lasentinelle.dz\\\/wp-content\\\/uploads\\\/2025\\\/04\\\/Takaty.jpg\",\"datePublished\":\"2025-04-15T13:15:14+00:00\",\"dateModified\":\"2025-04-15T13:15:15+00:00\",\"breadcrumb\":{\"@id\":\"https:\\\/\\\/lasentinelle.dz\\\/index.php\\\/2025\\\/04\\\/15\\\/lancement-du-projet-taqathy-lalgerie-et-lue-mettent-le-cap-sur-lhydrogene-vert\\\/#breadcrumb\"},\"inLanguage\":\"fr-FR\",\"potentialAction\":[{\"@type\":\"ReadAction\",\"target\":[\"https:\\\/\\\/lasentinelle.dz\\\/index.php\\\/2025\\\/04\\\/15\\\/lancement-du-projet-taqathy-lalgerie-et-lue-mettent-le-cap-sur-lhydrogene-vert\\\/\"]}]},{\"@type\":\"ImageObject\",\"inLanguage\":\"fr-FR\",\"@id\":\"https:\\\/\\\/lasentinelle.dz\\\/index.php\\\/2025\\\/04\\\/15\\\/lancement-du-projet-taqathy-lalgerie-et-lue-mettent-le-cap-sur-lhydrogene-vert\\\/#primaryimage\",\"url\":\"https:\\\/\\\/lasentinelle.dz\\\/wp-content\\\/uploads\\\/2025\\\/04\\\/Takaty.jpg\",\"contentUrl\":\"https:\\\/\\\/lasentinelle.dz\\\/wp-content\\\/uploads\\\/2025\\\/04\\\/Takaty.jpg\",\"width\":2048,\"height\":1365},{\"@type\":\"BreadcrumbList\",\"@id\":\"https:\\\/\\\/lasentinelle.dz\\\/index.php\\\/2025\\\/04\\\/15\\\/lancement-du-projet-taqathy-lalgerie-et-lue-mettent-le-cap-sur-lhydrogene-vert\\\/#breadcrumb\",\"itemListElement\":[{\"@type\":\"ListItem\",\"position\":1,\"name\":\"Accueil\",\"item\":\"https:\\\/\\\/lasentinelle.dz\\\/\"},{\"@type\":\"ListItem\",\"position\":2,\"name\":\"Lancement du projet \u00ab\u00a0TaqatHy+\u00a0\u00bb: L&rsquo;Alg\u00e9rie et l&rsquo;UE mettent le cap sur l&rsquo;hydrog\u00e8ne vert\"}]},{\"@type\":\"WebSite\",\"@id\":\"https:\\\/\\\/lasentinelle.dz\\\/#website\",\"url\":\"https:\\\/\\\/lasentinelle.dz\\\/\",\"name\":\"La Sentinelle\",\"description\":\"Quotidien national d&#039;information\",\"publisher\":{\"@id\":\"https:\\\/\\\/lasentinelle.dz\\\/#organization\"},\"potentialAction\":[{\"@type\":\"SearchAction\",\"target\":{\"@type\":\"EntryPoint\",\"urlTemplate\":\"https:\\\/\\\/lasentinelle.dz\\\/?s={search_term_string}\"},\"query-input\":{\"@type\":\"PropertyValueSpecification\",\"valueRequired\":true,\"valueName\":\"search_term_string\"}}],\"inLanguage\":\"fr-FR\"},{\"@type\":\"Organization\",\"@id\":\"https:\\\/\\\/lasentinelle.dz\\\/#organization\",\"name\":\"Quotidien La Sentinelle\",\"url\":\"https:\\\/\\\/lasentinelle.dz\\\/\",\"logo\":{\"@type\":\"ImageObject\",\"inLanguage\":\"fr-FR\",\"@id\":\"https:\\\/\\\/lasentinelle.dz\\\/#\\\/schema\\\/logo\\\/image\\\/\",\"url\":\"https:\\\/\\\/lasentinelle.dz\\\/wp-content\\\/uploads\\\/2021\\\/09\\\/logo-sentinelleSLOGAN-1.png\",\"contentUrl\":\"https:\\\/\\\/lasentinelle.dz\\\/wp-content\\\/uploads\\\/2021\\\/09\\\/logo-sentinelleSLOGAN-1.png\",\"width\":615,\"height\":142,\"caption\":\"Quotidien La Sentinelle\"},\"image\":{\"@id\":\"https:\\\/\\\/lasentinelle.dz\\\/#\\\/schema\\\/logo\\\/image\\\/\"},\"sameAs\":[\"https:\\\/\\\/www.facebook.com\\\/La-Sentinelle-104059864394773\"]},{\"@type\":\"Person\",\"@id\":\"https:\\\/\\\/lasentinelle.dz\\\/#\\\/schema\\\/person\\\/729ee0024f24e0b8c5ec17232f8e8b41\",\"name\":\"admin\",\"image\":{\"@type\":\"ImageObject\",\"inLanguage\":\"fr-FR\",\"@id\":\"https:\\\/\\\/secure.gravatar.com\\\/avatar\\\/4c81fed838786e9b53f540bf46533e750f5d292099ae3b66cfc6fb1982e29df7?s=96&d=mm&r=g\",\"url\":\"https:\\\/\\\/secure.gravatar.com\\\/avatar\\\/4c81fed838786e9b53f540bf46533e750f5d292099ae3b66cfc6fb1982e29df7?s=96&d=mm&r=g\",\"contentUrl\":\"https:\\\/\\\/secure.gravatar.com\\\/avatar\\\/4c81fed838786e9b53f540bf46533e750f5d292099ae3b66cfc6fb1982e29df7?s=96&d=mm&r=g\",\"caption\":\"admin\"},\"description\":\"admin\",\"url\":\"https:\\\/\\\/lasentinelle.dz\\\/author\\\/admin\\\/\"}]}<\/script>\n<!-- \/ Yoast SEO plugin. -->","yoast_head_json":{"title":"Lancement du projet \u00ab\u00a0TaqatHy+\u00a0\u00bb: L&rsquo;Alg\u00e9rie et l&rsquo;UE mettent le cap sur l&rsquo;hydrog\u00e8ne vert - La Sentinelle","robots":{"index":"index","follow":"follow","max-snippet":"max-snippet:-1","max-image-preview":"max-image-preview:large","max-video-preview":"max-video-preview:-1"},"canonical":"https:\/\/lasentinelle.dz\/index.php\/2025\/04\/15\/lancement-du-projet-taqathy-lalgerie-et-lue-mettent-le-cap-sur-lhydrogene-vert\/","og_locale":"fr_FR","og_type":"article","og_title":"Lancement du projet \u00ab\u00a0TaqatHy+\u00a0\u00bb: L&rsquo;Alg\u00e9rie et l&rsquo;UE mettent le cap sur l&rsquo;hydrog\u00e8ne vert - La Sentinelle","og_description":"La coop\u00e9ration alg\u00e9ro-europ\u00e9enne en mati\u00e8re de transition \u00e9nerg\u00e9tique franchit un nouveau cap avec le lancement officiel, hier \u00e0 Alger, de","og_url":"https:\/\/lasentinelle.dz\/index.php\/2025\/04\/15\/lancement-du-projet-taqathy-lalgerie-et-lue-mettent-le-cap-sur-lhydrogene-vert\/","og_site_name":"La Sentinelle","article_publisher":"https:\/\/www.facebook.com\/La-Sentinelle-104059864394773","article_published_time":"2025-04-15T13:15:14+00:00","article_modified_time":"2025-04-15T13:15:15+00:00","og_image":[{"width":2048,"height":1365,"url":"https:\/\/lasentinelle.dz\/wp-content\/uploads\/2025\/04\/Takaty.jpg","type":"image\/jpeg"}],"author":"admin","twitter_card":"summary_large_image","twitter_misc":{"\u00c9crit par":"admin","Dur\u00e9e de lecture estim\u00e9e":"5 minutes"},"schema":{"@context":"https:\/\/schema.org","@graph":[{"@type":"Article","@id":"https:\/\/lasentinelle.dz\/index.php\/2025\/04\/15\/lancement-du-projet-taqathy-lalgerie-et-lue-mettent-le-cap-sur-lhydrogene-vert\/#article","isPartOf":{"@id":"https:\/\/lasentinelle.dz\/index.php\/2025\/04\/15\/lancement-du-projet-taqathy-lalgerie-et-lue-mettent-le-cap-sur-lhydrogene-vert\/"},"author":{"name":"admin","@id":"https:\/\/lasentinelle.dz\/#\/schema\/person\/729ee0024f24e0b8c5ec17232f8e8b41"},"headline":"Lancement du projet \u00ab\u00a0TaqatHy+\u00a0\u00bb: L&rsquo;Alg\u00e9rie et l&rsquo;UE mettent le cap sur l&rsquo;hydrog\u00e8ne vert","datePublished":"2025-04-15T13:15:14+00:00","dateModified":"2025-04-15T13:15:15+00:00","mainEntityOfPage":{"@id":"https:\/\/lasentinelle.dz\/index.php\/2025\/04\/15\/lancement-du-projet-taqathy-lalgerie-et-lue-mettent-le-cap-sur-lhydrogene-vert\/"},"wordCount":1050,"commentCount":0,"publisher":{"@id":"https:\/\/lasentinelle.dz\/#organization"},"image":{"@id":"https:\/\/lasentinelle.dz\/index.php\/2025\/04\/15\/lancement-du-projet-taqathy-lalgerie-et-lue-mettent-le-cap-sur-lhydrogene-vert\/#primaryimage"},"thumbnailUrl":"https:\/\/lasentinelle.dz\/wp-content\/uploads\/2025\/04\/Takaty.jpg","articleSection":["\u00c0 la Une","\u00c9conomie"],"inLanguage":"fr-FR","potentialAction":[{"@type":"CommentAction","name":"Comment","target":["https:\/\/lasentinelle.dz\/index.php\/2025\/04\/15\/lancement-du-projet-taqathy-lalgerie-et-lue-mettent-le-cap-sur-lhydrogene-vert\/#respond"]}]},{"@type":"WebPage","@id":"https:\/\/lasentinelle.dz\/index.php\/2025\/04\/15\/lancement-du-projet-taqathy-lalgerie-et-lue-mettent-le-cap-sur-lhydrogene-vert\/","url":"https:\/\/lasentinelle.dz\/index.php\/2025\/04\/15\/lancement-du-projet-taqathy-lalgerie-et-lue-mettent-le-cap-sur-lhydrogene-vert\/","name":"Lancement du projet \u00ab\u00a0TaqatHy+\u00a0\u00bb: L&rsquo;Alg\u00e9rie et l&rsquo;UE mettent le cap sur l&rsquo;hydrog\u00e8ne vert - La Sentinelle","isPartOf":{"@id":"https:\/\/lasentinelle.dz\/#website"},"primaryImageOfPage":{"@id":"https:\/\/lasentinelle.dz\/index.php\/2025\/04\/15\/lancement-du-projet-taqathy-lalgerie-et-lue-mettent-le-cap-sur-lhydrogene-vert\/#primaryimage"},"image":{"@id":"https:\/\/lasentinelle.dz\/index.php\/2025\/04\/15\/lancement-du-projet-taqathy-lalgerie-et-lue-mettent-le-cap-sur-lhydrogene-vert\/#primaryimage"},"thumbnailUrl":"https:\/\/lasentinelle.dz\/wp-content\/uploads\/2025\/04\/Takaty.jpg","datePublished":"2025-04-15T13:15:14+00:00","dateModified":"2025-04-15T13:15:15+00:00","breadcrumb":{"@id":"https:\/\/lasentinelle.dz\/index.php\/2025\/04\/15\/lancement-du-projet-taqathy-lalgerie-et-lue-mettent-le-cap-sur-lhydrogene-vert\/#breadcrumb"},"inLanguage":"fr-FR","potentialAction":[{"@type":"ReadAction","target":["https:\/\/lasentinelle.dz\/index.php\/2025\/04\/15\/lancement-du-projet-taqathy-lalgerie-et-lue-mettent-le-cap-sur-lhydrogene-vert\/"]}]},{"@type":"ImageObject","inLanguage":"fr-FR","@id":"https:\/\/lasentinelle.dz\/index.php\/2025\/04\/15\/lancement-du-projet-taqathy-lalgerie-et-lue-mettent-le-cap-sur-lhydrogene-vert\/#primaryimage","url":"https:\/\/lasentinelle.dz\/wp-content\/uploads\/2025\/04\/Takaty.jpg","contentUrl":"https:\/\/lasentinelle.dz\/wp-content\/uploads\/2025\/04\/Takaty.jpg","width":2048,"height":1365},{"@type":"BreadcrumbList","@id":"https:\/\/lasentinelle.dz\/index.php\/2025\/04\/15\/lancement-du-projet-taqathy-lalgerie-et-lue-mettent-le-cap-sur-lhydrogene-vert\/#breadcrumb","itemListElement":[{"@type":"ListItem","position":1,"name":"Accueil","item":"https:\/\/lasentinelle.dz\/"},{"@type":"ListItem","position":2,"name":"Lancement du projet \u00ab\u00a0TaqatHy+\u00a0\u00bb: L&rsquo;Alg\u00e9rie et l&rsquo;UE mettent le cap sur l&rsquo;hydrog\u00e8ne vert"}]},{"@type":"WebSite","@id":"https:\/\/lasentinelle.dz\/#website","url":"https:\/\/lasentinelle.dz\/","name":"La Sentinelle","description":"Quotidien national d&#039;information","publisher":{"@id":"https:\/\/lasentinelle.dz\/#organization"},"potentialAction":[{"@type":"SearchAction","target":{"@type":"EntryPoint","urlTemplate":"https:\/\/lasentinelle.dz\/?s={search_term_string}"},"query-input":{"@type":"PropertyValueSpecification","valueRequired":true,"valueName":"search_term_string"}}],"inLanguage":"fr-FR"},{"@type":"Organization","@id":"https:\/\/lasentinelle.dz\/#organization","name":"Quotidien La Sentinelle","url":"https:\/\/lasentinelle.dz\/","logo":{"@type":"ImageObject","inLanguage":"fr-FR","@id":"https:\/\/lasentinelle.dz\/#\/schema\/logo\/image\/","url":"https:\/\/lasentinelle.dz\/wp-content\/uploads\/2021\/09\/logo-sentinelleSLOGAN-1.png","contentUrl":"https:\/\/lasentinelle.dz\/wp-content\/uploads\/2021\/09\/logo-sentinelleSLOGAN-1.png","width":615,"height":142,"caption":"Quotidien La Sentinelle"},"image":{"@id":"https:\/\/lasentinelle.dz\/#\/schema\/logo\/image\/"},"sameAs":["https:\/\/www.facebook.com\/La-Sentinelle-104059864394773"]},{"@type":"Person","@id":"https:\/\/lasentinelle.dz\/#\/schema\/person\/729ee0024f24e0b8c5ec17232f8e8b41","name":"admin","image":{"@type":"ImageObject","inLanguage":"fr-FR","@id":"https:\/\/secure.gravatar.com\/avatar\/4c81fed838786e9b53f540bf46533e750f5d292099ae3b66cfc6fb1982e29df7?s=96&d=mm&r=g","url":"https:\/\/secure.gravatar.com\/avatar\/4c81fed838786e9b53f540bf46533e750f5d292099ae3b66cfc6fb1982e29df7?s=96&d=mm&r=g","contentUrl":"https:\/\/secure.gravatar.com\/avatar\/4c81fed838786e9b53f540bf46533e750f5d292099ae3b66cfc6fb1982e29df7?s=96&d=mm&r=g","caption":"admin"},"description":"admin","url":"https:\/\/lasentinelle.dz\/author\/admin\/"}]}},"_links":{"self":[{"href":"https:\/\/lasentinelle.dz\/index.php\/wp-json\/wp\/v2\/posts\/65688","targetHints":{"allow":["GET"]}}],"collection":[{"href":"https:\/\/lasentinelle.dz\/index.php\/wp-json\/wp\/v2\/posts"}],"about":[{"href":"https:\/\/lasentinelle.dz\/index.php\/wp-json\/wp\/v2\/types\/post"}],"author":[{"embeddable":true,"href":"https:\/\/lasentinelle.dz\/index.php\/wp-json\/wp\/v2\/users\/6"}],"replies":[{"embeddable":true,"href":"https:\/\/lasentinelle.dz\/index.php\/wp-json\/wp\/v2\/comments?post=65688"}],"version-history":[{"count":2,"href":"https:\/\/lasentinelle.dz\/index.php\/wp-json\/wp\/v2\/posts\/65688\/revisions"}],"predecessor-version":[{"id":65691,"href":"https:\/\/lasentinelle.dz\/index.php\/wp-json\/wp\/v2\/posts\/65688\/revisions\/65691"}],"wp:featuredmedia":[{"embeddable":true,"href":"https:\/\/lasentinelle.dz\/index.php\/wp-json\/wp\/v2\/media\/65689"}],"wp:attachment":[{"href":"https:\/\/lasentinelle.dz\/index.php\/wp-json\/wp\/v2\/media?parent=65688"}],"wp:term":[{"taxonomy":"category","embeddable":true,"href":"https:\/\/lasentinelle.dz\/index.php\/wp-json\/wp\/v2\/categories?post=65688"},{"taxonomy":"post_tag","embeddable":true,"href":"https:\/\/lasentinelle.dz\/index.php\/wp-json\/wp\/v2\/tags?post=65688"}],"curies":[{"name":"wp","href":"https:\/\/api.w.org\/{rel}","templated":true}]}}