{"id":65715,"date":"2025-04-15T14:23:07","date_gmt":"2025-04-15T13:23:07","guid":{"rendered":"https:\/\/lasentinelle.dz\/?p=65715"},"modified":"2025-04-15T14:23:08","modified_gmt":"2025-04-15T13:23:08","slug":"arrestation-dun-diplomate-algerien-en-france-la-classe-politique-denonce-une-derive-grave-ciblant-letat-algerien","status":"publish","type":"post","link":"https:\/\/lasentinelle.dz\/index.php\/2025\/04\/15\/arrestation-dun-diplomate-algerien-en-france-la-classe-politique-denonce-une-derive-grave-ciblant-letat-algerien\/","title":{"rendered":"Arrestation d&rsquo;un diplomate alg\u00e9rien en France: La classe politique d\u00e9nonce \u00ab\u00a0une d\u00e9rive grave ciblant l&rsquo;\u00c9tat alg\u00e9rien\u00a0\u00bb"},"content":{"rendered":"\n<p>L&rsquo;arrestation et la mise en d\u00e9tention provisoire d&rsquo;un agent consulaire alg\u00e9rien en France a d\u00e9clench\u00e9 une v\u00e9ritable temp\u00eate diplomatique entre Alger et Paris, provoquant une vague d&rsquo;indignation au sein de la classe politique qui d\u00e9nonce une \u00ab\u00a0violation flagrante\u00a0\u00bb des usages diplomatiques internationaux. Cette affaire survient dans un contexte d\u00e9j\u00e0 tendu entre les deux pays et menace de compromettre les r\u00e9cents efforts de rapprochement affich\u00e9s par les dirigeants des deux nations. Le Parti des travailleurs (PT) a vivement r\u00e9agi \u00e0 cette arrestation d&rsquo;un diplomate alg\u00e9rien en poste au Consulat de Cr\u00e9teil, qualifiant cet acte de \u00ab\u00a0nouvelle provocation r\u00e9alis\u00e9e en France contre notre pays\u00a0\u00bb. Dans un communiqu\u00e9 publi\u00e9 \u00e0 l&rsquo;issue de sa r\u00e9union hebdomadaire tenue dimanche, le secr\u00e9tariat du Bureau politique du PT a exprim\u00e9 son \u00ab\u00a0indignation\u00a0\u00bb face \u00e0 ce qu&rsquo;il consid\u00e8re comme une \u00ab\u00a0\u00e9ni\u00e8me d\u00e9rive tr\u00e8s grave\u00a0\u00bb ciblant directement l&rsquo;\u00c9tat alg\u00e9rien \u00e0 travers sa repr\u00e9sentation diplomatique en France. Le parti de Mme Louisa Hanoune souligne que cette arrestation constitue \u00ab\u00a0une violation des lois et us internationales en mati\u00e8re de diplomatie et des accords bilat\u00e9raux\u00a0\u00bb entre l&rsquo;Alg\u00e9rie et la France. Le timing de cet incident est particuli\u00e8rement soulign\u00e9 par le PT, qui rappelle qu&rsquo;il intervient peu apr\u00e8s que \u00ab\u00a0les chefs d&rsquo;\u00c9tat des deux pays aient affich\u00e9 une volont\u00e9 commune de mettre fin aux tensions foment\u00e9es en France par des parties pro-sionistes hostiles \u00e0 notre pays\u00a0\u00bb. Selon le communiqu\u00e9, ces forces cherchent \u00e0 \u00ab\u00a0d\u00e9tourner l&rsquo;attention du peuple fran\u00e7ais de la crise multiforme qui frappe son pays\u00a0\u00bb, et cette provocation traduirait \u00ab\u00a0l&rsquo;exacerbation des probl\u00e8mes franco-fran\u00e7ais et une politique de la terre br\u00fbl\u00e9e d\u00e9vastatrice\u00a0\u00bb. Le PT s&rsquo;interroge sur les v\u00e9ritables b\u00e9n\u00e9ficiaires de cette escalade des tensions : \u00ab\u00a0Qui a int\u00e9r\u00eat \u00e0 l&rsquo;envenimement des relations alg\u00e9ro-fran\u00e7aises qui d&rsquo;\u00e9vidence pousse \u00e0 la rupture ? Certainement pas les peuples alg\u00e9rien et fran\u00e7ais, ainsi que ceux de tout le bassin m\u00e9diterran\u00e9en.\u00a0\u00bb Pour le parti, cette \u00ab\u00a0agression caract\u00e9ris\u00e9e\u00a0\u00bb servirait principalement les \u00ab\u00a0sombres desseins d&rsquo;une extr\u00eame-droite rejet\u00e9e par la majorit\u00e9 du peuple fran\u00e7ais\u00a0\u00bb, rappelant les manifestations massives du 22 mars dernier contre le racisme et l&rsquo;extr\u00eame-droite dans 200 villes fran\u00e7aises. Tout en reconnaissant le \u00ab\u00a0droit l\u00e9gitime\u00a0\u00bb de l&rsquo;\u00c9tat alg\u00e9rien de \u00ab\u00a0d\u00e9fendre les attributs de souverainet\u00e9\u00a0\u00bb du pays face \u00e0 cette \u00ab\u00a0agression\u00a0\u00bb, le PT met en garde contre le risque de \u00ab\u00a0tomber dans le pi\u00e8ge des va-t-en guerre racistes en France\u00a0\u00bb dont les \u00ab\u00a0objectifs sombres mettent en danger, en premier lieu leur propre pays, ainsi que la paix dans toute l&rsquo;Europe d\u00e9j\u00e0 meurtrie par le conflit Russo-Ukrainien\u00a0\u00bb. Le communiqu\u00e9 du PT conclut en exprimant la conviction que \u00ab\u00a0la majorit\u00e9 du peuple fran\u00e7ais \u00e9prise de paix, ne laissera pas les aventuriers r\u00e9aliser leurs desseins obscurs\u00a0\u00bb, tout en pointant du doigt l&rsquo;administration am\u00e9ricaine qui, selon le PT, \u00ab\u00a0pousse toute la plan\u00e8te vers le chaos\u00a0\u00bb.Le Rassemblement national d\u00e9mocratique (RND) a \u00e9galement d\u00e9nonc\u00e9 cette d\u00e9cision, la qualifiant de \u00ab\u00a0contraire aux pratiques diplomatiques, aux chartes internationales r\u00e9gissant le travail diplomatique et aux accords bilat\u00e9raux entre les deux pays\u00a0\u00bb. Le parti a soulign\u00e9 que l&rsquo;arrestation de l&rsquo;agent consulaire est un \u00ab\u00a0acte politis\u00e9, soutenu par certaines parties fran\u00e7aises connues pour leur hostilit\u00e9 envers l&rsquo;Alg\u00e9rie et tout rapprochement des relations entre les deux pays\u00a0\u00bb et tentent de \u00ab\u00a0contrecarrer toute tentative d&rsquo;apaisement entre eux\u00a0\u00bb. Le RND s&rsquo;est dit \u00e9tonn\u00e9 par cette d\u00e9marche, notamment apr\u00e8s la r\u00e9cente visite du ministre fran\u00e7ais des Affaires \u00e9trang\u00e8res en Alg\u00e9rie, lors de laquelle il avait r\u00e9affirm\u00e9 \u00ab\u00a0la volont\u00e9 de son pays de tourner la page des tensions actuelles pour reconstruire un partenariat \u00e9quilibr\u00e9, d&rsquo;\u00e9gal \u00e0 \u00e9gal, serein et apais\u00e9 avec l&rsquo;Alg\u00e9rie\u00a0\u00bb. Le Mouvement El-Bina a condamn\u00e9, dans un communiqu\u00e9, la d\u00e9cision de la justice fran\u00e7aise, affirmant qu&rsquo;elle pourrait \u00ab\u00a0an\u00e9antir tous les efforts visant \u00e0 restaurer les relations tendues entre les deux pays, en raison de l&rsquo;incoh\u00e9rence de la position fran\u00e7aise quant \u00e0 la concr\u00e9tisation des intentions d&rsquo;apaisement exprim\u00e9es r\u00e9cemment par les Pr\u00e9sidents des deux pays\u00a0\u00bb. Le Mouvement de Bengrina a ajout\u00e9 que cette position repr\u00e9sente \u00ab\u00a0l&rsquo;une des pratiques diplomatiques les plus \u00e9tranges dans l&rsquo;histoire des relations alg\u00e9ro-fran\u00e7aises\u00a0\u00bb, d\u00e9non\u00e7ant une d\u00e9cision d&rsquo;arrestation reposant sur des \u00ab\u00a0arguments sans fondement\u00a0\u00bb. Dans ce contexte, El-Bina a affirm\u00e9 son \u00ab\u00a0soutien absolu et total\u00a0\u00bb au communiqu\u00e9 du minist\u00e8re alg\u00e9rien des Affaires \u00e9trang\u00e8res qui a exig\u00e9 la lib\u00e9ration imm\u00e9diate de l&rsquo;agent consulaire arr\u00eat\u00e9, appelant tous les partis et les \u00e9lites politiques et sociales \u00e0 \u00ab\u00a0exprimer fermement leur rejet de ce comportement honteux et \u00e0 renforcer l&rsquo;unit\u00e9 nationale pour faire face \u00e0 tous les d\u00e9fis et menaces\u00a0\u00bb. Le Parti El-Karama a estim\u00e9, pour sa part, que la d\u00e9cision fran\u00e7aise \u00ab\u00a0n&rsquo;a aucun lien avec les usages diplomatiques et s&rsquo;inscrit dans les agissements habituels de l&rsquo;extr\u00eame droite visant \u00e0 cr\u00e9er une fracture difficile \u00e0 r\u00e9parer\u00a0\u00bb. De son c\u00f4t\u00e9, le Front du militantisme national (FMN) a condamn\u00e9 fermement \u00ab\u00a0l&rsquo;acte immoral des autorit\u00e9s judiciaires fran\u00e7aises qui ont ignor\u00e9 tous les usages diplomatiques en violant l&rsquo;immunit\u00e9 de la fonction consulaire, conform\u00e9ment aux r\u00e9glementations en vigueur\u00a0\u00bb. L&rsquo;Acad\u00e9mie de la jeunesse alg\u00e9rienne (AJA) a d\u00e9nonc\u00e9, quant \u00e0 elle, \u00ab\u00a0l&rsquo;escalade inacceptable entreprise par les autorit\u00e9s judiciaires fran\u00e7aises et les accusations infond\u00e9es port\u00e9es contre le diplomate alg\u00e9rien\u00a0\u00bb, estimant que ce comportement constitue \u00ab\u00a0une grave violation des principes du droit international et une transgression flagrante des normes r\u00e9gissant les relations entre les Etats\u00a0\u00bb.<\/p>\n\n\n\n<p>Hocine F.<\/p>\n","protected":false},"excerpt":{"rendered":"<p>L&rsquo;arrestation et la mise en d\u00e9tention provisoire d&rsquo;un agent consulaire alg\u00e9rien en France a d\u00e9clench\u00e9 une v\u00e9ritable temp\u00eate diplomatique entre<\/p>\n","protected":false},"author":6,"featured_media":49258,"comment_status":"open","ping_status":"closed","sticky":false,"template":"","format":"standard","meta":{"colormag_page_container_layout":"default_layout","colormag_page_sidebar_layout":"default_layout","om_disable_all_campaigns":false,"_monsterinsights_skip_tracking":false,"_monsterinsights_sitenote_active":false,"_monsterinsights_sitenote_note":"","_monsterinsights_sitenote_category":0,"footnotes":"","_wpscppro_dont_share_socialmedia":false,"_wpscppro_custom_social_share_image":0,"_facebook_share_type":"default","_twitter_share_type":"default","_linkedin_share_type":"default","_pinterest_share_type":"default","_linkedin_share_type_page":"","_instagram_share_type":"default","_medium_share_type":"default","_threads_share_type":"","_google_business_share_type":"","_selected_social_profile":[],"_wpsp_enable_custom_social_template":false,"_wpsp_social_scheduling":{"enabled":false,"datetime":null,"platforms":[],"status":"template_only","dateOption":"today","timeOption":"now","customDays":"","customHours":"","customDate":"","customTime":"","schedulingType":"absolute"},"_wpsp_active_default_template":true},"categories":[27],"tags":[],"class_list":["post-65715","post","type-post","status-publish","format-standard","has-post-thumbnail","hentry","category-actualite"],"aioseo_notices":[],"yoast_head":"<!-- This site is optimized with the Yoast SEO plugin v27.5 - https:\/\/yoast.com\/product\/yoast-seo-wordpress\/ -->\n<title>Arrestation d&rsquo;un diplomate alg\u00e9rien en France: La classe politique d\u00e9nonce \u00ab\u00a0une d\u00e9rive grave ciblant l&rsquo;\u00c9tat alg\u00e9rien\u00a0\u00bb - La Sentinelle<\/title>\n<meta name=\"robots\" content=\"index, follow, max-snippet:-1, max-image-preview:large, max-video-preview:-1\" \/>\n<link rel=\"canonical\" href=\"https:\/\/lasentinelle.dz\/index.php\/2025\/04\/15\/arrestation-dun-diplomate-algerien-en-france-la-classe-politique-denonce-une-derive-grave-ciblant-letat-algerien\/\" \/>\n<meta property=\"og:locale\" content=\"fr_FR\" \/>\n<meta property=\"og:type\" content=\"article\" \/>\n<meta property=\"og:title\" content=\"Arrestation d&rsquo;un diplomate alg\u00e9rien en France: La classe politique d\u00e9nonce \u00ab\u00a0une d\u00e9rive grave ciblant l&rsquo;\u00c9tat alg\u00e9rien\u00a0\u00bb - La Sentinelle\" \/>\n<meta property=\"og:description\" content=\"L&rsquo;arrestation et la mise en d\u00e9tention provisoire d&rsquo;un agent consulaire alg\u00e9rien en France a d\u00e9clench\u00e9 une v\u00e9ritable temp\u00eate diplomatique entre\" \/>\n<meta property=\"og:url\" content=\"https:\/\/lasentinelle.dz\/index.php\/2025\/04\/15\/arrestation-dun-diplomate-algerien-en-france-la-classe-politique-denonce-une-derive-grave-ciblant-letat-algerien\/\" \/>\n<meta property=\"og:site_name\" content=\"La Sentinelle\" \/>\n<meta property=\"article:publisher\" content=\"https:\/\/www.facebook.com\/La-Sentinelle-104059864394773\" \/>\n<meta property=\"article:published_time\" content=\"2025-04-15T13:23:07+00:00\" \/>\n<meta property=\"article:modified_time\" content=\"2025-04-15T13:23:08+00:00\" \/>\n<meta property=\"og:image\" content=\"https:\/\/lasentinelle.dz\/wp-content\/uploads\/2024\/02\/hanoune.jpeg\" \/>\n\t<meta property=\"og:image:width\" content=\"1280\" \/>\n\t<meta property=\"og:image:height\" content=\"720\" \/>\n\t<meta property=\"og:image:type\" content=\"image\/jpeg\" \/>\n<meta name=\"author\" content=\"admin\" \/>\n<meta name=\"twitter:card\" content=\"summary_large_image\" \/>\n<meta name=\"twitter:label1\" content=\"\u00c9crit par\" \/>\n\t<meta name=\"twitter:data1\" content=\"admin\" \/>\n\t<meta name=\"twitter:label2\" content=\"Dur\u00e9e de lecture estim\u00e9e\" \/>\n\t<meta name=\"twitter:data2\" content=\"5 minutes\" \/>\n<script type=\"application\/ld+json\" class=\"yoast-schema-graph\">{\"@context\":\"https:\\\/\\\/schema.org\",\"@graph\":[{\"@type\":\"Article\",\"@id\":\"https:\\\/\\\/lasentinelle.dz\\\/index.php\\\/2025\\\/04\\\/15\\\/arrestation-dun-diplomate-algerien-en-france-la-classe-politique-denonce-une-derive-grave-ciblant-letat-algerien\\\/#article\",\"isPartOf\":{\"@id\":\"https:\\\/\\\/lasentinelle.dz\\\/index.php\\\/2025\\\/04\\\/15\\\/arrestation-dun-diplomate-algerien-en-france-la-classe-politique-denonce-une-derive-grave-ciblant-letat-algerien\\\/\"},\"author\":{\"name\":\"admin\",\"@id\":\"https:\\\/\\\/lasentinelle.dz\\\/#\\\/schema\\\/person\\\/729ee0024f24e0b8c5ec17232f8e8b41\"},\"headline\":\"Arrestation d&rsquo;un diplomate alg\u00e9rien en France: La classe politique d\u00e9nonce \u00ab\u00a0une d\u00e9rive grave ciblant l&rsquo;\u00c9tat alg\u00e9rien\u00a0\u00bb\",\"datePublished\":\"2025-04-15T13:23:07+00:00\",\"dateModified\":\"2025-04-15T13:23:08+00:00\",\"mainEntityOfPage\":{\"@id\":\"https:\\\/\\\/lasentinelle.dz\\\/index.php\\\/2025\\\/04\\\/15\\\/arrestation-dun-diplomate-algerien-en-france-la-classe-politique-denonce-une-derive-grave-ciblant-letat-algerien\\\/\"},\"wordCount\":1014,\"commentCount\":0,\"publisher\":{\"@id\":\"https:\\\/\\\/lasentinelle.dz\\\/#organization\"},\"image\":{\"@id\":\"https:\\\/\\\/lasentinelle.dz\\\/index.php\\\/2025\\\/04\\\/15\\\/arrestation-dun-diplomate-algerien-en-france-la-classe-politique-denonce-une-derive-grave-ciblant-letat-algerien\\\/#primaryimage\"},\"thumbnailUrl\":\"https:\\\/\\\/lasentinelle.dz\\\/wp-content\\\/uploads\\\/2024\\\/02\\\/hanoune.jpeg\",\"articleSection\":[\"Actualit\u00e9\"],\"inLanguage\":\"fr-FR\",\"potentialAction\":[{\"@type\":\"CommentAction\",\"name\":\"Comment\",\"target\":[\"https:\\\/\\\/lasentinelle.dz\\\/index.php\\\/2025\\\/04\\\/15\\\/arrestation-dun-diplomate-algerien-en-france-la-classe-politique-denonce-une-derive-grave-ciblant-letat-algerien\\\/#respond\"]}]},{\"@type\":\"WebPage\",\"@id\":\"https:\\\/\\\/lasentinelle.dz\\\/index.php\\\/2025\\\/04\\\/15\\\/arrestation-dun-diplomate-algerien-en-france-la-classe-politique-denonce-une-derive-grave-ciblant-letat-algerien\\\/\",\"url\":\"https:\\\/\\\/lasentinelle.dz\\\/index.php\\\/2025\\\/04\\\/15\\\/arrestation-dun-diplomate-algerien-en-france-la-classe-politique-denonce-une-derive-grave-ciblant-letat-algerien\\\/\",\"name\":\"Arrestation d&rsquo;un diplomate alg\u00e9rien en France: La classe politique d\u00e9nonce \u00ab\u00a0une d\u00e9rive grave ciblant l&rsquo;\u00c9tat alg\u00e9rien\u00a0\u00bb - La Sentinelle\",\"isPartOf\":{\"@id\":\"https:\\\/\\\/lasentinelle.dz\\\/#website\"},\"primaryImageOfPage\":{\"@id\":\"https:\\\/\\\/lasentinelle.dz\\\/index.php\\\/2025\\\/04\\\/15\\\/arrestation-dun-diplomate-algerien-en-france-la-classe-politique-denonce-une-derive-grave-ciblant-letat-algerien\\\/#primaryimage\"},\"image\":{\"@id\":\"https:\\\/\\\/lasentinelle.dz\\\/index.php\\\/2025\\\/04\\\/15\\\/arrestation-dun-diplomate-algerien-en-france-la-classe-politique-denonce-une-derive-grave-ciblant-letat-algerien\\\/#primaryimage\"},\"thumbnailUrl\":\"https:\\\/\\\/lasentinelle.dz\\\/wp-content\\\/uploads\\\/2024\\\/02\\\/hanoune.jpeg\",\"datePublished\":\"2025-04-15T13:23:07+00:00\",\"dateModified\":\"2025-04-15T13:23:08+00:00\",\"breadcrumb\":{\"@id\":\"https:\\\/\\\/lasentinelle.dz\\\/index.php\\\/2025\\\/04\\\/15\\\/arrestation-dun-diplomate-algerien-en-france-la-classe-politique-denonce-une-derive-grave-ciblant-letat-algerien\\\/#breadcrumb\"},\"inLanguage\":\"fr-FR\",\"potentialAction\":[{\"@type\":\"ReadAction\",\"target\":[\"https:\\\/\\\/lasentinelle.dz\\\/index.php\\\/2025\\\/04\\\/15\\\/arrestation-dun-diplomate-algerien-en-france-la-classe-politique-denonce-une-derive-grave-ciblant-letat-algerien\\\/\"]}]},{\"@type\":\"ImageObject\",\"inLanguage\":\"fr-FR\",\"@id\":\"https:\\\/\\\/lasentinelle.dz\\\/index.php\\\/2025\\\/04\\\/15\\\/arrestation-dun-diplomate-algerien-en-france-la-classe-politique-denonce-une-derive-grave-ciblant-letat-algerien\\\/#primaryimage\",\"url\":\"https:\\\/\\\/lasentinelle.dz\\\/wp-content\\\/uploads\\\/2024\\\/02\\\/hanoune.jpeg\",\"contentUrl\":\"https:\\\/\\\/lasentinelle.dz\\\/wp-content\\\/uploads\\\/2024\\\/02\\\/hanoune.jpeg\",\"width\":1280,\"height\":720},{\"@type\":\"BreadcrumbList\",\"@id\":\"https:\\\/\\\/lasentinelle.dz\\\/index.php\\\/2025\\\/04\\\/15\\\/arrestation-dun-diplomate-algerien-en-france-la-classe-politique-denonce-une-derive-grave-ciblant-letat-algerien\\\/#breadcrumb\",\"itemListElement\":[{\"@type\":\"ListItem\",\"position\":1,\"name\":\"Accueil\",\"item\":\"https:\\\/\\\/lasentinelle.dz\\\/\"},{\"@type\":\"ListItem\",\"position\":2,\"name\":\"Arrestation d&rsquo;un diplomate alg\u00e9rien en France: La classe politique d\u00e9nonce \u00ab\u00a0une d\u00e9rive grave ciblant l&rsquo;\u00c9tat alg\u00e9rien\u00a0\u00bb\"}]},{\"@type\":\"WebSite\",\"@id\":\"https:\\\/\\\/lasentinelle.dz\\\/#website\",\"url\":\"https:\\\/\\\/lasentinelle.dz\\\/\",\"name\":\"La Sentinelle\",\"description\":\"Quotidien national d&#039;information\",\"publisher\":{\"@id\":\"https:\\\/\\\/lasentinelle.dz\\\/#organization\"},\"potentialAction\":[{\"@type\":\"SearchAction\",\"target\":{\"@type\":\"EntryPoint\",\"urlTemplate\":\"https:\\\/\\\/lasentinelle.dz\\\/?s={search_term_string}\"},\"query-input\":{\"@type\":\"PropertyValueSpecification\",\"valueRequired\":true,\"valueName\":\"search_term_string\"}}],\"inLanguage\":\"fr-FR\"},{\"@type\":\"Organization\",\"@id\":\"https:\\\/\\\/lasentinelle.dz\\\/#organization\",\"name\":\"Quotidien La Sentinelle\",\"url\":\"https:\\\/\\\/lasentinelle.dz\\\/\",\"logo\":{\"@type\":\"ImageObject\",\"inLanguage\":\"fr-FR\",\"@id\":\"https:\\\/\\\/lasentinelle.dz\\\/#\\\/schema\\\/logo\\\/image\\\/\",\"url\":\"https:\\\/\\\/lasentinelle.dz\\\/wp-content\\\/uploads\\\/2021\\\/09\\\/logo-sentinelleSLOGAN-1.png\",\"contentUrl\":\"https:\\\/\\\/lasentinelle.dz\\\/wp-content\\\/uploads\\\/2021\\\/09\\\/logo-sentinelleSLOGAN-1.png\",\"width\":615,\"height\":142,\"caption\":\"Quotidien La Sentinelle\"},\"image\":{\"@id\":\"https:\\\/\\\/lasentinelle.dz\\\/#\\\/schema\\\/logo\\\/image\\\/\"},\"sameAs\":[\"https:\\\/\\\/www.facebook.com\\\/La-Sentinelle-104059864394773\"]},{\"@type\":\"Person\",\"@id\":\"https:\\\/\\\/lasentinelle.dz\\\/#\\\/schema\\\/person\\\/729ee0024f24e0b8c5ec17232f8e8b41\",\"name\":\"admin\",\"image\":{\"@type\":\"ImageObject\",\"inLanguage\":\"fr-FR\",\"@id\":\"https:\\\/\\\/secure.gravatar.com\\\/avatar\\\/4c81fed838786e9b53f540bf46533e750f5d292099ae3b66cfc6fb1982e29df7?s=96&d=mm&r=g\",\"url\":\"https:\\\/\\\/secure.gravatar.com\\\/avatar\\\/4c81fed838786e9b53f540bf46533e750f5d292099ae3b66cfc6fb1982e29df7?s=96&d=mm&r=g\",\"contentUrl\":\"https:\\\/\\\/secure.gravatar.com\\\/avatar\\\/4c81fed838786e9b53f540bf46533e750f5d292099ae3b66cfc6fb1982e29df7?s=96&d=mm&r=g\",\"caption\":\"admin\"},\"description\":\"admin\",\"url\":\"https:\\\/\\\/lasentinelle.dz\\\/author\\\/admin\\\/\"}]}<\/script>\n<!-- \/ Yoast SEO plugin. -->","yoast_head_json":{"title":"Arrestation d&rsquo;un diplomate alg\u00e9rien en France: La classe politique d\u00e9nonce \u00ab\u00a0une d\u00e9rive grave ciblant l&rsquo;\u00c9tat alg\u00e9rien\u00a0\u00bb - La Sentinelle","robots":{"index":"index","follow":"follow","max-snippet":"max-snippet:-1","max-image-preview":"max-image-preview:large","max-video-preview":"max-video-preview:-1"},"canonical":"https:\/\/lasentinelle.dz\/index.php\/2025\/04\/15\/arrestation-dun-diplomate-algerien-en-france-la-classe-politique-denonce-une-derive-grave-ciblant-letat-algerien\/","og_locale":"fr_FR","og_type":"article","og_title":"Arrestation d&rsquo;un diplomate alg\u00e9rien en France: La classe politique d\u00e9nonce \u00ab\u00a0une d\u00e9rive grave ciblant l&rsquo;\u00c9tat alg\u00e9rien\u00a0\u00bb - La Sentinelle","og_description":"L&rsquo;arrestation et la mise en d\u00e9tention provisoire d&rsquo;un agent consulaire alg\u00e9rien en France a d\u00e9clench\u00e9 une v\u00e9ritable temp\u00eate diplomatique entre","og_url":"https:\/\/lasentinelle.dz\/index.php\/2025\/04\/15\/arrestation-dun-diplomate-algerien-en-france-la-classe-politique-denonce-une-derive-grave-ciblant-letat-algerien\/","og_site_name":"La Sentinelle","article_publisher":"https:\/\/www.facebook.com\/La-Sentinelle-104059864394773","article_published_time":"2025-04-15T13:23:07+00:00","article_modified_time":"2025-04-15T13:23:08+00:00","og_image":[{"width":1280,"height":720,"url":"https:\/\/lasentinelle.dz\/wp-content\/uploads\/2024\/02\/hanoune.jpeg","type":"image\/jpeg"}],"author":"admin","twitter_card":"summary_large_image","twitter_misc":{"\u00c9crit par":"admin","Dur\u00e9e de lecture estim\u00e9e":"5 minutes"},"schema":{"@context":"https:\/\/schema.org","@graph":[{"@type":"Article","@id":"https:\/\/lasentinelle.dz\/index.php\/2025\/04\/15\/arrestation-dun-diplomate-algerien-en-france-la-classe-politique-denonce-une-derive-grave-ciblant-letat-algerien\/#article","isPartOf":{"@id":"https:\/\/lasentinelle.dz\/index.php\/2025\/04\/15\/arrestation-dun-diplomate-algerien-en-france-la-classe-politique-denonce-une-derive-grave-ciblant-letat-algerien\/"},"author":{"name":"admin","@id":"https:\/\/lasentinelle.dz\/#\/schema\/person\/729ee0024f24e0b8c5ec17232f8e8b41"},"headline":"Arrestation d&rsquo;un diplomate alg\u00e9rien en France: La classe politique d\u00e9nonce \u00ab\u00a0une d\u00e9rive grave ciblant l&rsquo;\u00c9tat alg\u00e9rien\u00a0\u00bb","datePublished":"2025-04-15T13:23:07+00:00","dateModified":"2025-04-15T13:23:08+00:00","mainEntityOfPage":{"@id":"https:\/\/lasentinelle.dz\/index.php\/2025\/04\/15\/arrestation-dun-diplomate-algerien-en-france-la-classe-politique-denonce-une-derive-grave-ciblant-letat-algerien\/"},"wordCount":1014,"commentCount":0,"publisher":{"@id":"https:\/\/lasentinelle.dz\/#organization"},"image":{"@id":"https:\/\/lasentinelle.dz\/index.php\/2025\/04\/15\/arrestation-dun-diplomate-algerien-en-france-la-classe-politique-denonce-une-derive-grave-ciblant-letat-algerien\/#primaryimage"},"thumbnailUrl":"https:\/\/lasentinelle.dz\/wp-content\/uploads\/2024\/02\/hanoune.jpeg","articleSection":["Actualit\u00e9"],"inLanguage":"fr-FR","potentialAction":[{"@type":"CommentAction","name":"Comment","target":["https:\/\/lasentinelle.dz\/index.php\/2025\/04\/15\/arrestation-dun-diplomate-algerien-en-france-la-classe-politique-denonce-une-derive-grave-ciblant-letat-algerien\/#respond"]}]},{"@type":"WebPage","@id":"https:\/\/lasentinelle.dz\/index.php\/2025\/04\/15\/arrestation-dun-diplomate-algerien-en-france-la-classe-politique-denonce-une-derive-grave-ciblant-letat-algerien\/","url":"https:\/\/lasentinelle.dz\/index.php\/2025\/04\/15\/arrestation-dun-diplomate-algerien-en-france-la-classe-politique-denonce-une-derive-grave-ciblant-letat-algerien\/","name":"Arrestation d&rsquo;un diplomate alg\u00e9rien en France: La classe politique d\u00e9nonce \u00ab\u00a0une d\u00e9rive grave ciblant l&rsquo;\u00c9tat alg\u00e9rien\u00a0\u00bb - La Sentinelle","isPartOf":{"@id":"https:\/\/lasentinelle.dz\/#website"},"primaryImageOfPage":{"@id":"https:\/\/lasentinelle.dz\/index.php\/2025\/04\/15\/arrestation-dun-diplomate-algerien-en-france-la-classe-politique-denonce-une-derive-grave-ciblant-letat-algerien\/#primaryimage"},"image":{"@id":"https:\/\/lasentinelle.dz\/index.php\/2025\/04\/15\/arrestation-dun-diplomate-algerien-en-france-la-classe-politique-denonce-une-derive-grave-ciblant-letat-algerien\/#primaryimage"},"thumbnailUrl":"https:\/\/lasentinelle.dz\/wp-content\/uploads\/2024\/02\/hanoune.jpeg","datePublished":"2025-04-15T13:23:07+00:00","dateModified":"2025-04-15T13:23:08+00:00","breadcrumb":{"@id":"https:\/\/lasentinelle.dz\/index.php\/2025\/04\/15\/arrestation-dun-diplomate-algerien-en-france-la-classe-politique-denonce-une-derive-grave-ciblant-letat-algerien\/#breadcrumb"},"inLanguage":"fr-FR","potentialAction":[{"@type":"ReadAction","target":["https:\/\/lasentinelle.dz\/index.php\/2025\/04\/15\/arrestation-dun-diplomate-algerien-en-france-la-classe-politique-denonce-une-derive-grave-ciblant-letat-algerien\/"]}]},{"@type":"ImageObject","inLanguage":"fr-FR","@id":"https:\/\/lasentinelle.dz\/index.php\/2025\/04\/15\/arrestation-dun-diplomate-algerien-en-france-la-classe-politique-denonce-une-derive-grave-ciblant-letat-algerien\/#primaryimage","url":"https:\/\/lasentinelle.dz\/wp-content\/uploads\/2024\/02\/hanoune.jpeg","contentUrl":"https:\/\/lasentinelle.dz\/wp-content\/uploads\/2024\/02\/hanoune.jpeg","width":1280,"height":720},{"@type":"BreadcrumbList","@id":"https:\/\/lasentinelle.dz\/index.php\/2025\/04\/15\/arrestation-dun-diplomate-algerien-en-france-la-classe-politique-denonce-une-derive-grave-ciblant-letat-algerien\/#breadcrumb","itemListElement":[{"@type":"ListItem","position":1,"name":"Accueil","item":"https:\/\/lasentinelle.dz\/"},{"@type":"ListItem","position":2,"name":"Arrestation d&rsquo;un diplomate alg\u00e9rien en France: La classe politique d\u00e9nonce \u00ab\u00a0une d\u00e9rive grave ciblant l&rsquo;\u00c9tat alg\u00e9rien\u00a0\u00bb"}]},{"@type":"WebSite","@id":"https:\/\/lasentinelle.dz\/#website","url":"https:\/\/lasentinelle.dz\/","name":"La Sentinelle","description":"Quotidien national d&#039;information","publisher":{"@id":"https:\/\/lasentinelle.dz\/#organization"},"potentialAction":[{"@type":"SearchAction","target":{"@type":"EntryPoint","urlTemplate":"https:\/\/lasentinelle.dz\/?s={search_term_string}"},"query-input":{"@type":"PropertyValueSpecification","valueRequired":true,"valueName":"search_term_string"}}],"inLanguage":"fr-FR"},{"@type":"Organization","@id":"https:\/\/lasentinelle.dz\/#organization","name":"Quotidien La Sentinelle","url":"https:\/\/lasentinelle.dz\/","logo":{"@type":"ImageObject","inLanguage":"fr-FR","@id":"https:\/\/lasentinelle.dz\/#\/schema\/logo\/image\/","url":"https:\/\/lasentinelle.dz\/wp-content\/uploads\/2021\/09\/logo-sentinelleSLOGAN-1.png","contentUrl":"https:\/\/lasentinelle.dz\/wp-content\/uploads\/2021\/09\/logo-sentinelleSLOGAN-1.png","width":615,"height":142,"caption":"Quotidien La Sentinelle"},"image":{"@id":"https:\/\/lasentinelle.dz\/#\/schema\/logo\/image\/"},"sameAs":["https:\/\/www.facebook.com\/La-Sentinelle-104059864394773"]},{"@type":"Person","@id":"https:\/\/lasentinelle.dz\/#\/schema\/person\/729ee0024f24e0b8c5ec17232f8e8b41","name":"admin","image":{"@type":"ImageObject","inLanguage":"fr-FR","@id":"https:\/\/secure.gravatar.com\/avatar\/4c81fed838786e9b53f540bf46533e750f5d292099ae3b66cfc6fb1982e29df7?s=96&d=mm&r=g","url":"https:\/\/secure.gravatar.com\/avatar\/4c81fed838786e9b53f540bf46533e750f5d292099ae3b66cfc6fb1982e29df7?s=96&d=mm&r=g","contentUrl":"https:\/\/secure.gravatar.com\/avatar\/4c81fed838786e9b53f540bf46533e750f5d292099ae3b66cfc6fb1982e29df7?s=96&d=mm&r=g","caption":"admin"},"description":"admin","url":"https:\/\/lasentinelle.dz\/author\/admin\/"}]}},"_links":{"self":[{"href":"https:\/\/lasentinelle.dz\/index.php\/wp-json\/wp\/v2\/posts\/65715","targetHints":{"allow":["GET"]}}],"collection":[{"href":"https:\/\/lasentinelle.dz\/index.php\/wp-json\/wp\/v2\/posts"}],"about":[{"href":"https:\/\/lasentinelle.dz\/index.php\/wp-json\/wp\/v2\/types\/post"}],"author":[{"embeddable":true,"href":"https:\/\/lasentinelle.dz\/index.php\/wp-json\/wp\/v2\/users\/6"}],"replies":[{"embeddable":true,"href":"https:\/\/lasentinelle.dz\/index.php\/wp-json\/wp\/v2\/comments?post=65715"}],"version-history":[{"count":2,"href":"https:\/\/lasentinelle.dz\/index.php\/wp-json\/wp\/v2\/posts\/65715\/revisions"}],"predecessor-version":[{"id":65717,"href":"https:\/\/lasentinelle.dz\/index.php\/wp-json\/wp\/v2\/posts\/65715\/revisions\/65717"}],"wp:featuredmedia":[{"embeddable":true,"href":"https:\/\/lasentinelle.dz\/index.php\/wp-json\/wp\/v2\/media\/49258"}],"wp:attachment":[{"href":"https:\/\/lasentinelle.dz\/index.php\/wp-json\/wp\/v2\/media?parent=65715"}],"wp:term":[{"taxonomy":"category","embeddable":true,"href":"https:\/\/lasentinelle.dz\/index.php\/wp-json\/wp\/v2\/categories?post=65715"},{"taxonomy":"post_tag","embeddable":true,"href":"https:\/\/lasentinelle.dz\/index.php\/wp-json\/wp\/v2\/tags?post=65715"}],"curies":[{"name":"wp","href":"https:\/\/api.w.org\/{rel}","templated":true}]}}