{"id":65726,"date":"2025-04-16T09:29:00","date_gmt":"2025-04-16T08:29:00","guid":{"rendered":"https:\/\/lasentinelle.dz\/?p=65726"},"modified":"2025-04-16T09:29:01","modified_gmt":"2025-04-16T08:29:01","slug":"apres-deux-ans-de-conflit-le-soudan-au-bord-du-gouffre-humanitaire","status":"publish","type":"post","link":"https:\/\/lasentinelle.dz\/index.php\/2025\/04\/16\/apres-deux-ans-de-conflit-le-soudan-au-bord-du-gouffre-humanitaire\/","title":{"rendered":"Apr\u00e8s deux ans de conflit : Le Soudan au bord du gouffre humanitaire"},"content":{"rendered":"\n<p>Le Soudan a marqu\u00e9 mardi le sinistre anniversaire de deux ann\u00e9es de conflit d\u00e9vastateur, plongeant ce pays d&rsquo;Afrique de l&rsquo;Est dans ce que les Nations Unies qualifient d\u00e9sormais de \u00ab\u00a0pire crise humanitaire au monde\u00a0\u00bb.<\/p>\n\n\n\n<p>Depuis le 15 avril 2023, date \u00e0 laquelle les affrontements ont \u00e9clat\u00e9 entre l&rsquo;arm\u00e9e soudanaise dirig\u00e9e par le g\u00e9n\u00e9ral Abdel Fattah al-Burhane et les Forces de soutien rapide (FSR) command\u00e9es par son ancien adjoint Mohamed Hamdane Daglo, le pays s&rsquo;est enfonc\u00e9 dans une spirale de violence aux cons\u00e9quences catastrophiques pour sa population. Les chiffres donnent le vertige : plus de 20 000 morts selon les estimations combin\u00e9es des Nations Unies et des autorit\u00e9s locales, plus de 15 millions de personnes d\u00e9plac\u00e9es, soit pr\u00e8s d&rsquo;un tiers de la population soudanaise, et quelque 30 millions de Soudanais &#8211; environ deux tiers des habitants &#8211; ayant un besoin urgent d&rsquo;aide humanitaire, dont 16 millions d&rsquo;enfants. Face \u00e0 cette situation dramatique, les organisations internationales multiplient les appels \u00e0 l&rsquo;action, d\u00e9non\u00e7ant l&rsquo;indiff\u00e9rence de la communaut\u00e9 mondiale. \u00ab\u00a0La guerre a pouss\u00e9 le Soudan au bord du gouffre,\u00a0\u00bb constate avec gravit\u00e9 Amy Pope, Directrice g\u00e9n\u00e9rale de l&rsquo;Organisation internationale pour les migrations (OIM), dans un message vid\u00e9o publi\u00e9 \u00e0 l&rsquo;occasion de ce sombre anniversaire. \u00ab\u00a0Des milliers de vies ont \u00e9t\u00e9 perdues \u00e0 cause des violences, des familles ont \u00e9t\u00e9 d\u00e9chir\u00e9es et les espoirs et aspirations de millions de personnes ont \u00e9t\u00e9 bris\u00e9s par la famine, la maladie et l&rsquo;effondrement total de l&rsquo;\u00e9conomie,\u00a0\u00bb poursuit-elle, dressant un tableau sans concession de la situation. L&rsquo;OIM souligne particuli\u00e8rement le sort des personnes d\u00e9plac\u00e9es qui, malgr\u00e9 le contexte, tentent d\u00e9sesp\u00e9r\u00e9ment de rentrer chez elles, uniquement pour \u00ab\u00a0se retrouver dans un \u00e9tat de d\u00e9vastation totale\u00a0\u00bb. Ce constat alarmant est partag\u00e9 par le Haut-Commissaire de l&rsquo;ONU aux r\u00e9fugi\u00e9s, Filippo Grandi, qui met en garde contre les cons\u00e9quences d&rsquo;une poursuite de l&rsquo;indiff\u00e9rence internationale. \u00ab\u00a0Nous devons tout mettre en \u0153uvre pour ramener la paix au Soudan. L&rsquo;aide humanitaire et le soutien au d\u00e9veloppement doivent \u00eatre renforc\u00e9s. Continuer \u00e0 d\u00e9tourner le regard aura des cons\u00e9quences catastrophiques,\u00a0\u00bb avertit-il dans une d\u00e9claration publi\u00e9e lundi. M. Grandi d\u00e9nonce sans d\u00e9tour l&rsquo;attitude de la communaut\u00e9 internationale : \u00ab\u00a0Les Soudanais sont assi\u00e9g\u00e9s de toutes parts : guerre, exactions g\u00e9n\u00e9ralis\u00e9es, indignit\u00e9, faim et autres \u00e9preuves. Ils sont confront\u00e9s \u00e0 l&rsquo;indiff\u00e9rence du monde ext\u00e9rieur, qui, depuis deux ans, ne s&rsquo;int\u00e9resse gu\u00e8re \u00e0 la paix au Soudan ni \u00e0 l&rsquo;aide \u00e0 ses voisins.\u00a0\u00bb La situation est particuli\u00e8rement dramatique au Darfour, o\u00f9 les violences se sont intensifi\u00e9es ces derni\u00e8res semaines. Le pr\u00e9sident de la Commission de l&rsquo;Union africaine, Mahamoud Ali Youssouf, a exprim\u00e9 sa \u00ab\u00a0profonde inqui\u00e9tude face \u00e0 l&rsquo;escalade de la violence au Soudan, en particulier dans la r\u00e9gion du Darfour du Nord\u00a0\u00bb, citant des rapports sur l&rsquo;intensification des attaques des Forces de soutien rapide \u00e0 El Fasher, notamment dans les camps de d\u00e9plac\u00e9s de Zamzam et d&rsquo;Abu Shouk. \u00ab\u00a0Ces attaques ont entra\u00een\u00e9 la mort de civils, y compris des enfants et des travailleurs humanitaires,\u00a0\u00bb a-t-il d\u00e9clar\u00e9, qualifiant ces violences de \u00ab\u00a0violation grave du droit international humanitaire et des droits de l&rsquo;homme\u00a0\u00bb. L&rsquo;Union africaine appelle \u00e0 \u00ab\u00a0une cessation imm\u00e9diate et inconditionnelle des hostilit\u00e9s\u00a0\u00bb et exhorte les FSR \u00e0 \u00ab\u00a0lever le blocus et \u00e0 permettre un acc\u00e8s humanitaire sans entrave\u00a0\u00bb. Les enfants paient un tribut particuli\u00e8rement lourd dans ce conflit. Selon l&rsquo;Unicef, les deux ann\u00e9es de guerre \u00ab\u00a0ont bris\u00e9 les vies de millions d&rsquo;enfants \u00e0 travers le Soudan\u00a0\u00bb. La directrice de l&rsquo;agence onusienne, Catherine Russell, met en avant des chiffres effarants : les graves violations des droits des enfants \u00ab\u00a0ont augment\u00e9 de 1.000% en deux ans\u00a0\u00bb. Le nombre d&rsquo;enfants tu\u00e9s ou mutil\u00e9s est ainsi pass\u00e9 de 150 cas v\u00e9rifi\u00e9s en 2022 \u00e0 une estimation de 2 776 pour 2023 et 2024. Les attaques contre les \u00e9coles et h\u00f4pitaux ont \u00e9galement connu une hausse dramatique, passant de 33 cas v\u00e9rifi\u00e9s en 2022 \u00e0 181 au cours des deux derni\u00e8res ann\u00e9es. Plus alarmant encore, le nombre d&rsquo;enfants ayant besoin d&rsquo;aide humanitaire a doubl\u00e9, passant de 7,8 millions d\u00e9but 2023 \u00e0 plus de 15 millions aujourd&rsquo;hui. La crise nutritionnelle atteint des proportions catastrophiques. La famine a \u00e9t\u00e9 officiellement d\u00e9clar\u00e9e dans au moins cinq lieux, dont le camp de d\u00e9plac\u00e9s de Zamzam au Darfour, r\u00e9cemment tomb\u00e9 sous le contr\u00f4le des FSR. Avec l&rsquo;arriv\u00e9e imminente de la saison des pluies et les risques d&rsquo;inondations qui l&rsquo;accompagnent, la situation pourrait encore s&rsquo;aggraver. L&rsquo;Unicef pr\u00e9vient que 462 000 enfants risquent de souffrir de malnutrition aigu\u00eb s\u00e9v\u00e8re entre mai et octobre. La dimension r\u00e9gionale de cette crise inqui\u00e8te \u00e9galement les organisations internationales. L&rsquo;OIM souligne que \u00ab\u00a0avec la poursuite des d\u00e9placements transfrontaliers et la fragilit\u00e9 des situations dans les pays voisins comme le Soudan du Sud et le Tchad, le risque de d\u00e9stabilisation r\u00e9gionale s&rsquo;accro\u00eet\u00a0\u00bb. Filippo Grandi abonde dans ce sens : \u00ab\u00a0La stabilit\u00e9 de toute la r\u00e9gion est menac\u00e9e. Il existe un besoin urgent de protection humanitaire, mais aussi d&rsquo;aide au d\u00e9veloppement afin que les gouvernements d&rsquo;accueil puissent offrir aux r\u00e9fugi\u00e9s et \u00e0 leurs propres populations un avenir meilleur.\u00a0\u00bb Malgr\u00e9 l&rsquo;ampleur des besoins, le financement de l&rsquo;aide humanitaire reste dramatiquement insuffisant. L&rsquo;OIM r\u00e9v\u00e8le que son plan d&rsquo;intervention n&rsquo;\u00e9tait financ\u00e9 qu&rsquo;\u00e0 hauteur de 10% en avril 2025. \u00ab\u00a0Sans financement imm\u00e9diat, les op\u00e9rations seront gravement perturb\u00e9es, et la collecte de donn\u00e9es sera interrompue, affectant des millions de personnes qui se retrouveront priv\u00e9es d&rsquo;une aide vitale,\u00a0\u00bb pr\u00e9vient l&rsquo;organisation, qui lance \u00ab\u00a0un appel urgent \u00e0 la communaut\u00e9 internationale pour un financement imm\u00e9diat et durable afin d&rsquo;intensifier ses op\u00e9rations\u00a0\u00bb. Amy Pope conclut son message par un appel poignant : \u00ab\u00a0Le peuple soudanais ne peut se permettre d&rsquo;attendre. La communaut\u00e9 internationale doit d\u00e9livrer un message clair et uni : le peuple soudanais n&rsquo;est pas oubli\u00e9.\u00a0\u00bb Deux ans apr\u00e8s le d\u00e9but des hostilit\u00e9s, le Soudan se trouve donc \u00e0 un carrefour critique. Sans une mobilisation internationale d&rsquo;envergure et des efforts concert\u00e9s pour mettre fin au conflit, le pays risque de s&rsquo;enfoncer davantage dans une crise aux proportions in\u00e9dites, avec des r\u00e9percussions durables non seulement pour sa population mais pour toute la r\u00e9gion. Comme le souligne l&rsquo;Union africaine, \u00ab\u00a0le bien-\u00eatre du peuple soudanais doit rester la priorit\u00e9 absolue,\u00a0\u00bb rappelant l&rsquo;importance de \u00ab\u00a0cr\u00e9er un environnement pacifique pour la stabilit\u00e9 et le d\u00e9veloppement \u00e0 long terme\u00a0\u00bb de ce pays meurtri par deux ann\u00e9es d&rsquo;un conflit dont on ne voit pas encore la fin.<\/p>\n\n\n\n<p>Lyes Sa\u00efdi<\/p>\n","protected":false},"excerpt":{"rendered":"<p>Le Soudan a marqu\u00e9 mardi le sinistre anniversaire de deux ann\u00e9es de conflit d\u00e9vastateur, plongeant ce pays d&rsquo;Afrique de l&rsquo;Est<\/p>\n","protected":false},"author":6,"featured_media":56118,"comment_status":"open","ping_status":"closed","sticky":false,"template":"","format":"standard","meta":{"colormag_page_container_layout":"default_layout","colormag_page_sidebar_layout":"default_layout","om_disable_all_campaigns":false,"_monsterinsights_skip_tracking":false,"_monsterinsights_sitenote_active":false,"_monsterinsights_sitenote_note":"","_monsterinsights_sitenote_category":0,"footnotes":"","_wpscppro_dont_share_socialmedia":false,"_wpscppro_custom_social_share_image":0,"_facebook_share_type":"default","_twitter_share_type":"default","_linkedin_share_type":"default","_pinterest_share_type":"default","_linkedin_share_type_page":"","_instagram_share_type":"default","_medium_share_type":"default","_threads_share_type":"","_google_business_share_type":"","_selected_social_profile":[],"_wpsp_enable_custom_social_template":false,"_wpsp_social_scheduling":{"enabled":false,"datetime":null,"platforms":[],"status":"template_only","dateOption":"today","timeOption":"now","customDays":"","customHours":"","customDate":"","customTime":"","schedulingType":"absolute"},"_wpsp_active_default_template":true},"categories":[37],"tags":[],"class_list":["post-65726","post","type-post","status-publish","format-standard","has-post-thumbnail","hentry","category-monde"],"aioseo_notices":[],"yoast_head":"<!-- This site is optimized with the Yoast SEO plugin v27.5 - https:\/\/yoast.com\/product\/yoast-seo-wordpress\/ -->\n<title>Apr\u00e8s deux ans de conflit : Le Soudan au bord du gouffre humanitaire - La Sentinelle<\/title>\n<meta name=\"robots\" content=\"index, follow, max-snippet:-1, max-image-preview:large, max-video-preview:-1\" \/>\n<link rel=\"canonical\" href=\"https:\/\/lasentinelle.dz\/index.php\/2025\/04\/16\/apres-deux-ans-de-conflit-le-soudan-au-bord-du-gouffre-humanitaire\/\" \/>\n<meta property=\"og:locale\" content=\"fr_FR\" \/>\n<meta property=\"og:type\" content=\"article\" \/>\n<meta property=\"og:title\" content=\"Apr\u00e8s deux ans de conflit : Le Soudan au bord du gouffre humanitaire - La Sentinelle\" \/>\n<meta property=\"og:description\" content=\"Le Soudan a marqu\u00e9 mardi le sinistre anniversaire de deux ann\u00e9es de conflit d\u00e9vastateur, plongeant ce pays d&rsquo;Afrique de l&rsquo;Est\" \/>\n<meta property=\"og:url\" content=\"https:\/\/lasentinelle.dz\/index.php\/2025\/04\/16\/apres-deux-ans-de-conflit-le-soudan-au-bord-du-gouffre-humanitaire\/\" \/>\n<meta property=\"og:site_name\" content=\"La Sentinelle\" \/>\n<meta property=\"article:publisher\" content=\"https:\/\/www.facebook.com\/La-Sentinelle-104059864394773\" \/>\n<meta property=\"article:published_time\" content=\"2025-04-16T08:29:00+00:00\" \/>\n<meta property=\"article:modified_time\" content=\"2025-04-16T08:29:01+00:00\" \/>\n<meta property=\"og:image\" content=\"https:\/\/lasentinelle.dz\/wp-content\/uploads\/2024\/08\/crise-soudan.jpg\" \/>\n\t<meta property=\"og:image:width\" content=\"1441\" \/>\n\t<meta property=\"og:image:height\" content=\"560\" \/>\n\t<meta property=\"og:image:type\" content=\"image\/jpeg\" \/>\n<meta name=\"author\" content=\"admin\" \/>\n<meta name=\"twitter:card\" content=\"summary_large_image\" \/>\n<meta name=\"twitter:label1\" content=\"\u00c9crit par\" \/>\n\t<meta name=\"twitter:data1\" content=\"admin\" \/>\n\t<meta name=\"twitter:label2\" content=\"Dur\u00e9e de lecture estim\u00e9e\" \/>\n\t<meta name=\"twitter:data2\" content=\"6 minutes\" \/>\n<script type=\"application\/ld+json\" class=\"yoast-schema-graph\">{\"@context\":\"https:\\\/\\\/schema.org\",\"@graph\":[{\"@type\":\"Article\",\"@id\":\"https:\\\/\\\/lasentinelle.dz\\\/index.php\\\/2025\\\/04\\\/16\\\/apres-deux-ans-de-conflit-le-soudan-au-bord-du-gouffre-humanitaire\\\/#article\",\"isPartOf\":{\"@id\":\"https:\\\/\\\/lasentinelle.dz\\\/index.php\\\/2025\\\/04\\\/16\\\/apres-deux-ans-de-conflit-le-soudan-au-bord-du-gouffre-humanitaire\\\/\"},\"author\":{\"name\":\"admin\",\"@id\":\"https:\\\/\\\/lasentinelle.dz\\\/#\\\/schema\\\/person\\\/729ee0024f24e0b8c5ec17232f8e8b41\"},\"headline\":\"Apr\u00e8s deux ans de conflit : Le Soudan au bord du gouffre humanitaire\",\"datePublished\":\"2025-04-16T08:29:00+00:00\",\"dateModified\":\"2025-04-16T08:29:01+00:00\",\"mainEntityOfPage\":{\"@id\":\"https:\\\/\\\/lasentinelle.dz\\\/index.php\\\/2025\\\/04\\\/16\\\/apres-deux-ans-de-conflit-le-soudan-au-bord-du-gouffre-humanitaire\\\/\"},\"wordCount\":1172,\"commentCount\":0,\"publisher\":{\"@id\":\"https:\\\/\\\/lasentinelle.dz\\\/#organization\"},\"image\":{\"@id\":\"https:\\\/\\\/lasentinelle.dz\\\/index.php\\\/2025\\\/04\\\/16\\\/apres-deux-ans-de-conflit-le-soudan-au-bord-du-gouffre-humanitaire\\\/#primaryimage\"},\"thumbnailUrl\":\"https:\\\/\\\/lasentinelle.dz\\\/wp-content\\\/uploads\\\/2024\\\/08\\\/crise-soudan.jpg\",\"articleSection\":[\"Monde\"],\"inLanguage\":\"fr-FR\",\"potentialAction\":[{\"@type\":\"CommentAction\",\"name\":\"Comment\",\"target\":[\"https:\\\/\\\/lasentinelle.dz\\\/index.php\\\/2025\\\/04\\\/16\\\/apres-deux-ans-de-conflit-le-soudan-au-bord-du-gouffre-humanitaire\\\/#respond\"]}]},{\"@type\":\"WebPage\",\"@id\":\"https:\\\/\\\/lasentinelle.dz\\\/index.php\\\/2025\\\/04\\\/16\\\/apres-deux-ans-de-conflit-le-soudan-au-bord-du-gouffre-humanitaire\\\/\",\"url\":\"https:\\\/\\\/lasentinelle.dz\\\/index.php\\\/2025\\\/04\\\/16\\\/apres-deux-ans-de-conflit-le-soudan-au-bord-du-gouffre-humanitaire\\\/\",\"name\":\"Apr\u00e8s deux ans de conflit : Le Soudan au bord du gouffre humanitaire - La Sentinelle\",\"isPartOf\":{\"@id\":\"https:\\\/\\\/lasentinelle.dz\\\/#website\"},\"primaryImageOfPage\":{\"@id\":\"https:\\\/\\\/lasentinelle.dz\\\/index.php\\\/2025\\\/04\\\/16\\\/apres-deux-ans-de-conflit-le-soudan-au-bord-du-gouffre-humanitaire\\\/#primaryimage\"},\"image\":{\"@id\":\"https:\\\/\\\/lasentinelle.dz\\\/index.php\\\/2025\\\/04\\\/16\\\/apres-deux-ans-de-conflit-le-soudan-au-bord-du-gouffre-humanitaire\\\/#primaryimage\"},\"thumbnailUrl\":\"https:\\\/\\\/lasentinelle.dz\\\/wp-content\\\/uploads\\\/2024\\\/08\\\/crise-soudan.jpg\",\"datePublished\":\"2025-04-16T08:29:00+00:00\",\"dateModified\":\"2025-04-16T08:29:01+00:00\",\"breadcrumb\":{\"@id\":\"https:\\\/\\\/lasentinelle.dz\\\/index.php\\\/2025\\\/04\\\/16\\\/apres-deux-ans-de-conflit-le-soudan-au-bord-du-gouffre-humanitaire\\\/#breadcrumb\"},\"inLanguage\":\"fr-FR\",\"potentialAction\":[{\"@type\":\"ReadAction\",\"target\":[\"https:\\\/\\\/lasentinelle.dz\\\/index.php\\\/2025\\\/04\\\/16\\\/apres-deux-ans-de-conflit-le-soudan-au-bord-du-gouffre-humanitaire\\\/\"]}]},{\"@type\":\"ImageObject\",\"inLanguage\":\"fr-FR\",\"@id\":\"https:\\\/\\\/lasentinelle.dz\\\/index.php\\\/2025\\\/04\\\/16\\\/apres-deux-ans-de-conflit-le-soudan-au-bord-du-gouffre-humanitaire\\\/#primaryimage\",\"url\":\"https:\\\/\\\/lasentinelle.dz\\\/wp-content\\\/uploads\\\/2024\\\/08\\\/crise-soudan.jpg\",\"contentUrl\":\"https:\\\/\\\/lasentinelle.dz\\\/wp-content\\\/uploads\\\/2024\\\/08\\\/crise-soudan.jpg\",\"width\":1441,\"height\":560},{\"@type\":\"BreadcrumbList\",\"@id\":\"https:\\\/\\\/lasentinelle.dz\\\/index.php\\\/2025\\\/04\\\/16\\\/apres-deux-ans-de-conflit-le-soudan-au-bord-du-gouffre-humanitaire\\\/#breadcrumb\",\"itemListElement\":[{\"@type\":\"ListItem\",\"position\":1,\"name\":\"Accueil\",\"item\":\"https:\\\/\\\/lasentinelle.dz\\\/\"},{\"@type\":\"ListItem\",\"position\":2,\"name\":\"Apr\u00e8s deux ans de conflit : Le Soudan au bord du gouffre humanitaire\"}]},{\"@type\":\"WebSite\",\"@id\":\"https:\\\/\\\/lasentinelle.dz\\\/#website\",\"url\":\"https:\\\/\\\/lasentinelle.dz\\\/\",\"name\":\"La Sentinelle\",\"description\":\"Quotidien national d&#039;information\",\"publisher\":{\"@id\":\"https:\\\/\\\/lasentinelle.dz\\\/#organization\"},\"potentialAction\":[{\"@type\":\"SearchAction\",\"target\":{\"@type\":\"EntryPoint\",\"urlTemplate\":\"https:\\\/\\\/lasentinelle.dz\\\/?s={search_term_string}\"},\"query-input\":{\"@type\":\"PropertyValueSpecification\",\"valueRequired\":true,\"valueName\":\"search_term_string\"}}],\"inLanguage\":\"fr-FR\"},{\"@type\":\"Organization\",\"@id\":\"https:\\\/\\\/lasentinelle.dz\\\/#organization\",\"name\":\"Quotidien La Sentinelle\",\"url\":\"https:\\\/\\\/lasentinelle.dz\\\/\",\"logo\":{\"@type\":\"ImageObject\",\"inLanguage\":\"fr-FR\",\"@id\":\"https:\\\/\\\/lasentinelle.dz\\\/#\\\/schema\\\/logo\\\/image\\\/\",\"url\":\"https:\\\/\\\/lasentinelle.dz\\\/wp-content\\\/uploads\\\/2021\\\/09\\\/logo-sentinelleSLOGAN-1.png\",\"contentUrl\":\"https:\\\/\\\/lasentinelle.dz\\\/wp-content\\\/uploads\\\/2021\\\/09\\\/logo-sentinelleSLOGAN-1.png\",\"width\":615,\"height\":142,\"caption\":\"Quotidien La Sentinelle\"},\"image\":{\"@id\":\"https:\\\/\\\/lasentinelle.dz\\\/#\\\/schema\\\/logo\\\/image\\\/\"},\"sameAs\":[\"https:\\\/\\\/www.facebook.com\\\/La-Sentinelle-104059864394773\"]},{\"@type\":\"Person\",\"@id\":\"https:\\\/\\\/lasentinelle.dz\\\/#\\\/schema\\\/person\\\/729ee0024f24e0b8c5ec17232f8e8b41\",\"name\":\"admin\",\"image\":{\"@type\":\"ImageObject\",\"inLanguage\":\"fr-FR\",\"@id\":\"https:\\\/\\\/secure.gravatar.com\\\/avatar\\\/4c81fed838786e9b53f540bf46533e750f5d292099ae3b66cfc6fb1982e29df7?s=96&d=mm&r=g\",\"url\":\"https:\\\/\\\/secure.gravatar.com\\\/avatar\\\/4c81fed838786e9b53f540bf46533e750f5d292099ae3b66cfc6fb1982e29df7?s=96&d=mm&r=g\",\"contentUrl\":\"https:\\\/\\\/secure.gravatar.com\\\/avatar\\\/4c81fed838786e9b53f540bf46533e750f5d292099ae3b66cfc6fb1982e29df7?s=96&d=mm&r=g\",\"caption\":\"admin\"},\"description\":\"admin\",\"url\":\"https:\\\/\\\/lasentinelle.dz\\\/author\\\/admin\\\/\"}]}<\/script>\n<!-- \/ Yoast SEO plugin. -->","yoast_head_json":{"title":"Apr\u00e8s deux ans de conflit : Le Soudan au bord du gouffre humanitaire - La Sentinelle","robots":{"index":"index","follow":"follow","max-snippet":"max-snippet:-1","max-image-preview":"max-image-preview:large","max-video-preview":"max-video-preview:-1"},"canonical":"https:\/\/lasentinelle.dz\/index.php\/2025\/04\/16\/apres-deux-ans-de-conflit-le-soudan-au-bord-du-gouffre-humanitaire\/","og_locale":"fr_FR","og_type":"article","og_title":"Apr\u00e8s deux ans de conflit : Le Soudan au bord du gouffre humanitaire - La Sentinelle","og_description":"Le Soudan a marqu\u00e9 mardi le sinistre anniversaire de deux ann\u00e9es de conflit d\u00e9vastateur, plongeant ce pays d&rsquo;Afrique de l&rsquo;Est","og_url":"https:\/\/lasentinelle.dz\/index.php\/2025\/04\/16\/apres-deux-ans-de-conflit-le-soudan-au-bord-du-gouffre-humanitaire\/","og_site_name":"La Sentinelle","article_publisher":"https:\/\/www.facebook.com\/La-Sentinelle-104059864394773","article_published_time":"2025-04-16T08:29:00+00:00","article_modified_time":"2025-04-16T08:29:01+00:00","og_image":[{"width":1441,"height":560,"url":"https:\/\/lasentinelle.dz\/wp-content\/uploads\/2024\/08\/crise-soudan.jpg","type":"image\/jpeg"}],"author":"admin","twitter_card":"summary_large_image","twitter_misc":{"\u00c9crit par":"admin","Dur\u00e9e de lecture estim\u00e9e":"6 minutes"},"schema":{"@context":"https:\/\/schema.org","@graph":[{"@type":"Article","@id":"https:\/\/lasentinelle.dz\/index.php\/2025\/04\/16\/apres-deux-ans-de-conflit-le-soudan-au-bord-du-gouffre-humanitaire\/#article","isPartOf":{"@id":"https:\/\/lasentinelle.dz\/index.php\/2025\/04\/16\/apres-deux-ans-de-conflit-le-soudan-au-bord-du-gouffre-humanitaire\/"},"author":{"name":"admin","@id":"https:\/\/lasentinelle.dz\/#\/schema\/person\/729ee0024f24e0b8c5ec17232f8e8b41"},"headline":"Apr\u00e8s deux ans de conflit : Le Soudan au bord du gouffre humanitaire","datePublished":"2025-04-16T08:29:00+00:00","dateModified":"2025-04-16T08:29:01+00:00","mainEntityOfPage":{"@id":"https:\/\/lasentinelle.dz\/index.php\/2025\/04\/16\/apres-deux-ans-de-conflit-le-soudan-au-bord-du-gouffre-humanitaire\/"},"wordCount":1172,"commentCount":0,"publisher":{"@id":"https:\/\/lasentinelle.dz\/#organization"},"image":{"@id":"https:\/\/lasentinelle.dz\/index.php\/2025\/04\/16\/apres-deux-ans-de-conflit-le-soudan-au-bord-du-gouffre-humanitaire\/#primaryimage"},"thumbnailUrl":"https:\/\/lasentinelle.dz\/wp-content\/uploads\/2024\/08\/crise-soudan.jpg","articleSection":["Monde"],"inLanguage":"fr-FR","potentialAction":[{"@type":"CommentAction","name":"Comment","target":["https:\/\/lasentinelle.dz\/index.php\/2025\/04\/16\/apres-deux-ans-de-conflit-le-soudan-au-bord-du-gouffre-humanitaire\/#respond"]}]},{"@type":"WebPage","@id":"https:\/\/lasentinelle.dz\/index.php\/2025\/04\/16\/apres-deux-ans-de-conflit-le-soudan-au-bord-du-gouffre-humanitaire\/","url":"https:\/\/lasentinelle.dz\/index.php\/2025\/04\/16\/apres-deux-ans-de-conflit-le-soudan-au-bord-du-gouffre-humanitaire\/","name":"Apr\u00e8s deux ans de conflit : Le Soudan au bord du gouffre humanitaire - La Sentinelle","isPartOf":{"@id":"https:\/\/lasentinelle.dz\/#website"},"primaryImageOfPage":{"@id":"https:\/\/lasentinelle.dz\/index.php\/2025\/04\/16\/apres-deux-ans-de-conflit-le-soudan-au-bord-du-gouffre-humanitaire\/#primaryimage"},"image":{"@id":"https:\/\/lasentinelle.dz\/index.php\/2025\/04\/16\/apres-deux-ans-de-conflit-le-soudan-au-bord-du-gouffre-humanitaire\/#primaryimage"},"thumbnailUrl":"https:\/\/lasentinelle.dz\/wp-content\/uploads\/2024\/08\/crise-soudan.jpg","datePublished":"2025-04-16T08:29:00+00:00","dateModified":"2025-04-16T08:29:01+00:00","breadcrumb":{"@id":"https:\/\/lasentinelle.dz\/index.php\/2025\/04\/16\/apres-deux-ans-de-conflit-le-soudan-au-bord-du-gouffre-humanitaire\/#breadcrumb"},"inLanguage":"fr-FR","potentialAction":[{"@type":"ReadAction","target":["https:\/\/lasentinelle.dz\/index.php\/2025\/04\/16\/apres-deux-ans-de-conflit-le-soudan-au-bord-du-gouffre-humanitaire\/"]}]},{"@type":"ImageObject","inLanguage":"fr-FR","@id":"https:\/\/lasentinelle.dz\/index.php\/2025\/04\/16\/apres-deux-ans-de-conflit-le-soudan-au-bord-du-gouffre-humanitaire\/#primaryimage","url":"https:\/\/lasentinelle.dz\/wp-content\/uploads\/2024\/08\/crise-soudan.jpg","contentUrl":"https:\/\/lasentinelle.dz\/wp-content\/uploads\/2024\/08\/crise-soudan.jpg","width":1441,"height":560},{"@type":"BreadcrumbList","@id":"https:\/\/lasentinelle.dz\/index.php\/2025\/04\/16\/apres-deux-ans-de-conflit-le-soudan-au-bord-du-gouffre-humanitaire\/#breadcrumb","itemListElement":[{"@type":"ListItem","position":1,"name":"Accueil","item":"https:\/\/lasentinelle.dz\/"},{"@type":"ListItem","position":2,"name":"Apr\u00e8s deux ans de conflit : Le Soudan au bord du gouffre humanitaire"}]},{"@type":"WebSite","@id":"https:\/\/lasentinelle.dz\/#website","url":"https:\/\/lasentinelle.dz\/","name":"La Sentinelle","description":"Quotidien national d&#039;information","publisher":{"@id":"https:\/\/lasentinelle.dz\/#organization"},"potentialAction":[{"@type":"SearchAction","target":{"@type":"EntryPoint","urlTemplate":"https:\/\/lasentinelle.dz\/?s={search_term_string}"},"query-input":{"@type":"PropertyValueSpecification","valueRequired":true,"valueName":"search_term_string"}}],"inLanguage":"fr-FR"},{"@type":"Organization","@id":"https:\/\/lasentinelle.dz\/#organization","name":"Quotidien La Sentinelle","url":"https:\/\/lasentinelle.dz\/","logo":{"@type":"ImageObject","inLanguage":"fr-FR","@id":"https:\/\/lasentinelle.dz\/#\/schema\/logo\/image\/","url":"https:\/\/lasentinelle.dz\/wp-content\/uploads\/2021\/09\/logo-sentinelleSLOGAN-1.png","contentUrl":"https:\/\/lasentinelle.dz\/wp-content\/uploads\/2021\/09\/logo-sentinelleSLOGAN-1.png","width":615,"height":142,"caption":"Quotidien La Sentinelle"},"image":{"@id":"https:\/\/lasentinelle.dz\/#\/schema\/logo\/image\/"},"sameAs":["https:\/\/www.facebook.com\/La-Sentinelle-104059864394773"]},{"@type":"Person","@id":"https:\/\/lasentinelle.dz\/#\/schema\/person\/729ee0024f24e0b8c5ec17232f8e8b41","name":"admin","image":{"@type":"ImageObject","inLanguage":"fr-FR","@id":"https:\/\/secure.gravatar.com\/avatar\/4c81fed838786e9b53f540bf46533e750f5d292099ae3b66cfc6fb1982e29df7?s=96&d=mm&r=g","url":"https:\/\/secure.gravatar.com\/avatar\/4c81fed838786e9b53f540bf46533e750f5d292099ae3b66cfc6fb1982e29df7?s=96&d=mm&r=g","contentUrl":"https:\/\/secure.gravatar.com\/avatar\/4c81fed838786e9b53f540bf46533e750f5d292099ae3b66cfc6fb1982e29df7?s=96&d=mm&r=g","caption":"admin"},"description":"admin","url":"https:\/\/lasentinelle.dz\/author\/admin\/"}]}},"_links":{"self":[{"href":"https:\/\/lasentinelle.dz\/index.php\/wp-json\/wp\/v2\/posts\/65726","targetHints":{"allow":["GET"]}}],"collection":[{"href":"https:\/\/lasentinelle.dz\/index.php\/wp-json\/wp\/v2\/posts"}],"about":[{"href":"https:\/\/lasentinelle.dz\/index.php\/wp-json\/wp\/v2\/types\/post"}],"author":[{"embeddable":true,"href":"https:\/\/lasentinelle.dz\/index.php\/wp-json\/wp\/v2\/users\/6"}],"replies":[{"embeddable":true,"href":"https:\/\/lasentinelle.dz\/index.php\/wp-json\/wp\/v2\/comments?post=65726"}],"version-history":[{"count":1,"href":"https:\/\/lasentinelle.dz\/index.php\/wp-json\/wp\/v2\/posts\/65726\/revisions"}],"predecessor-version":[{"id":65727,"href":"https:\/\/lasentinelle.dz\/index.php\/wp-json\/wp\/v2\/posts\/65726\/revisions\/65727"}],"wp:featuredmedia":[{"embeddable":true,"href":"https:\/\/lasentinelle.dz\/index.php\/wp-json\/wp\/v2\/media\/56118"}],"wp:attachment":[{"href":"https:\/\/lasentinelle.dz\/index.php\/wp-json\/wp\/v2\/media?parent=65726"}],"wp:term":[{"taxonomy":"category","embeddable":true,"href":"https:\/\/lasentinelle.dz\/index.php\/wp-json\/wp\/v2\/categories?post=65726"},{"taxonomy":"post_tag","embeddable":true,"href":"https:\/\/lasentinelle.dz\/index.php\/wp-json\/wp\/v2\/tags?post=65726"}],"curies":[{"name":"wp","href":"https:\/\/api.w.org\/{rel}","templated":true}]}}