{"id":65738,"date":"2025-04-16T09:32:54","date_gmt":"2025-04-16T08:32:54","guid":{"rendered":"https:\/\/lasentinelle.dz\/?p=65738"},"modified":"2025-04-16T09:32:54","modified_gmt":"2025-04-16T08:32:54","slug":"mondial-de-handball-u21-lakhdar-arrouche-nomme-a-la-tete-des-verts","status":"publish","type":"post","link":"https:\/\/lasentinelle.dz\/index.php\/2025\/04\/16\/mondial-de-handball-u21-lakhdar-arrouche-nomme-a-la-tete-des-verts\/","title":{"rendered":"Mondial de handball U21 : Lakhdar Arrouche nomm\u00e9 \u00e0 la t\u00eate des Verts"},"content":{"rendered":"\n<p>La F\u00e9d\u00e9ration alg\u00e9rienne de handball (FAHB) a officialis\u00e9 ce mardi la nomination de Lakhdar Arrouche \u00e0 la t\u00eate de la s\u00e9lection nationale masculine des moins de 21 ans. Cette d\u00e9signation intervient \u00e0 deux mois du coup d&rsquo;envoi du Championnat du monde 2025 de la cat\u00e9gorie, pr\u00e9vu du 18 au 29 juin en Pologne, un rendez-vous majeur pour lequel les jeunes handballeurs alg\u00e9riens ont brillamment d\u00e9croch\u00e9 leur qualification. Le technicien alg\u00e9rien, dont l&rsquo;exp\u00e9rience et la connaissance du handball national ne sont plus \u00e0 d\u00e9montrer, h\u00e9rite d&rsquo;une mission aussi prestigieuse qu&rsquo;exigeante. Il aura la lourde responsabilit\u00e9 de pr\u00e9parer cette g\u00e9n\u00e9ration prometteuse \u00e0 affronter l&rsquo;\u00e9lite mondiale dans un tournoi qui s&rsquo;annonce particuli\u00e8rement relev\u00e9 pour les Verts. Le tirage au sort n&rsquo;a d&rsquo;ailleurs pas \u00e9t\u00e9 cl\u00e9ment avec les prot\u00e9g\u00e9s d&rsquo;Arrouche, qui devront se frotter \u00e0 des nations de premier plan d\u00e8s la phase de groupes. L&rsquo;Alg\u00e9rie a en effet \u00e9t\u00e9 vers\u00e9e dans la poule D, en compagnie du Portugal, de la Croatie et de Cuba, trois formations aux styles de jeu radicalement diff\u00e9rents qui constitueront un v\u00e9ritable test pour le caract\u00e8re et les capacit\u00e9s d&rsquo;adaptation des jeunes Alg\u00e9riens. Le programme des rencontres est d\u00e9sormais connu : les co\u00e9quipiers du capitaine Ayoub Abdi entameront leur campagne mondiale le mercredi 18 juin \u00e0 11h45 (heure alg\u00e9rienne) face au Portugal, dans la ville de Sosnowiec. Ils encha\u00eeneront ensuite le vendredi 20 juin \u00e0 14h00 contre la redoutable Croatie, nation historique du handball europ\u00e9en r\u00e9put\u00e9e pour sa formation de jeunes talents. Le dernier match de poule opposera les Verts \u00e0 Cuba, le samedi 21 juin \u00e0 11h45, toujours \u00e0 Sosnowiec. Cette 25\u00e8me \u00e9dition du Championnat du monde junior masculin, plac\u00e9e sous l&rsquo;\u00e9gide de la F\u00e9d\u00e9ration internationale de handball (IHF), se d\u00e9roulera dans quatre villes polonaises : Plock, Sosnowiec, Katowice et Kielce. La formule de la comp\u00e9tition pr\u00e9voit que les deux meilleures \u00e9quipes de chacun des huit groupes acc\u00e9deront au tour principal, tandis que les autres disputeront la Coupe du Pr\u00e9sident, sorte de tournoi de classement. Le tour principal et les groupes de la Coupe du Pr\u00e9sident se joueront les 23 et 24 juin, avant les quarts de finale programm\u00e9s le 26 juin \u00e0 Katowice et Sosnowiec. Les demi-finales auront lieu le lendemain dans ces m\u00eames villes. Pour rappel, les jeunes handballeurs alg\u00e9riens ont valid\u00e9 leur billet pour cette comp\u00e9tition plan\u00e9taire en terminant sur le podium du dernier Championnat d&rsquo;Afrique des nations de la cat\u00e9gorie, organis\u00e9 en 2024. Ils avaient d\u00e9croch\u00e9 la m\u00e9daille de bronze en battant le Maroc sur le score de 23-20 lors du match de classement, tandis que l&rsquo;\u00c9gypte s&rsquo;\u00e9tait adjug\u00e9 le titre continental aux d\u00e9pens de la Tunisie (29-25). L&rsquo;ambition de Lakhdar Arrouche et de ses joueurs sera sans doute de faire mieux que lors des pr\u00e9c\u00e9dentes participations alg\u00e9riennes \u00e0 ce rendez-vous mondial, et pourquoi pas de se qualifier pour les quarts de finale, ce qui constituerait d\u00e9j\u00e0 une performance remarquable face \u00e0 des nations disposant de moyens et d&rsquo;infrastructures nettement sup\u00e9rieurs. Cette nomination s&rsquo;inscrit dans une strat\u00e9gie plus globale de la FAHB visant \u00e0 restructurer les \u00e9quipes nationales de jeunes, v\u00e9ritables viviers pour l&rsquo;\u00e9quipe A dans les ann\u00e9es \u00e0 venir. Le d\u00e9fi qui attend Lakhdar Arrouche est de taille, mais sa connaissance du handball alg\u00e9rien et son exp\u00e9rience devraient \u00eatre des atouts majeurs pour guider cette jeune g\u00e9n\u00e9ration vers les sommets.<\/p>\n\n\n\n<p>Moncef D.<\/p>\n","protected":false},"excerpt":{"rendered":"<p>La F\u00e9d\u00e9ration alg\u00e9rienne de handball (FAHB) a officialis\u00e9 ce mardi la nomination de Lakhdar Arrouche \u00e0 la t\u00eate de la<\/p>\n","protected":false},"author":6,"featured_media":58632,"comment_status":"open","ping_status":"closed","sticky":false,"template":"","format":"standard","meta":{"colormag_page_container_layout":"default_layout","colormag_page_sidebar_layout":"default_layout","om_disable_all_campaigns":false,"_monsterinsights_skip_tracking":false,"_monsterinsights_sitenote_active":false,"_monsterinsights_sitenote_note":"","_monsterinsights_sitenote_category":0,"footnotes":"","_wpscppro_dont_share_socialmedia":false,"_wpscppro_custom_social_share_image":0,"_facebook_share_type":"default","_twitter_share_type":"default","_linkedin_share_type":"default","_pinterest_share_type":"default","_linkedin_share_type_page":"","_instagram_share_type":"default","_medium_share_type":"default","_threads_share_type":"","_google_business_share_type":"","_selected_social_profile":[],"_wpsp_enable_custom_social_template":false,"_wpsp_social_scheduling":{"enabled":false,"datetime":null,"platforms":[],"status":"template_only","dateOption":"today","timeOption":"now","customDays":"","customHours":"","customDate":"","customTime":"","schedulingType":"absolute"},"_wpsp_active_default_template":true},"categories":[33],"tags":[],"class_list":["post-65738","post","type-post","status-publish","format-standard","has-post-thumbnail","hentry","category-sports"],"aioseo_notices":[],"yoast_head":"<!-- This site is optimized with the Yoast SEO plugin v27.5 - https:\/\/yoast.com\/product\/yoast-seo-wordpress\/ -->\n<title>Mondial de handball U21 : Lakhdar Arrouche nomm\u00e9 \u00e0 la t\u00eate des Verts - La Sentinelle<\/title>\n<meta name=\"robots\" content=\"index, follow, max-snippet:-1, max-image-preview:large, max-video-preview:-1\" \/>\n<link rel=\"canonical\" href=\"https:\/\/lasentinelle.dz\/index.php\/2025\/04\/16\/mondial-de-handball-u21-lakhdar-arrouche-nomme-a-la-tete-des-verts\/\" \/>\n<meta property=\"og:locale\" content=\"fr_FR\" \/>\n<meta property=\"og:type\" content=\"article\" \/>\n<meta property=\"og:title\" content=\"Mondial de handball U21 : Lakhdar Arrouche nomm\u00e9 \u00e0 la t\u00eate des Verts - La Sentinelle\" \/>\n<meta property=\"og:description\" content=\"La F\u00e9d\u00e9ration alg\u00e9rienne de handball (FAHB) a officialis\u00e9 ce mardi la nomination de Lakhdar Arrouche \u00e0 la t\u00eate de la\" \/>\n<meta property=\"og:url\" content=\"https:\/\/lasentinelle.dz\/index.php\/2025\/04\/16\/mondial-de-handball-u21-lakhdar-arrouche-nomme-a-la-tete-des-verts\/\" \/>\n<meta property=\"og:site_name\" content=\"La Sentinelle\" \/>\n<meta property=\"article:publisher\" content=\"https:\/\/www.facebook.com\/La-Sentinelle-104059864394773\" \/>\n<meta property=\"article:published_time\" content=\"2025-04-16T08:32:54+00:00\" \/>\n<meta property=\"og:image\" content=\"https:\/\/lasentinelle.dz\/wp-content\/uploads\/2024\/10\/hand.jpg\" \/>\n\t<meta property=\"og:image:width\" content=\"612\" \/>\n\t<meta property=\"og:image:height\" content=\"408\" \/>\n\t<meta property=\"og:image:type\" content=\"image\/jpeg\" \/>\n<meta name=\"author\" content=\"admin\" \/>\n<meta name=\"twitter:card\" content=\"summary_large_image\" \/>\n<meta name=\"twitter:label1\" content=\"\u00c9crit par\" \/>\n\t<meta name=\"twitter:data1\" content=\"admin\" \/>\n\t<meta name=\"twitter:label2\" content=\"Dur\u00e9e de lecture estim\u00e9e\" \/>\n\t<meta name=\"twitter:data2\" content=\"4 minutes\" \/>\n<script type=\"application\/ld+json\" class=\"yoast-schema-graph\">{\"@context\":\"https:\\\/\\\/schema.org\",\"@graph\":[{\"@type\":\"Article\",\"@id\":\"https:\\\/\\\/lasentinelle.dz\\\/index.php\\\/2025\\\/04\\\/16\\\/mondial-de-handball-u21-lakhdar-arrouche-nomme-a-la-tete-des-verts\\\/#article\",\"isPartOf\":{\"@id\":\"https:\\\/\\\/lasentinelle.dz\\\/index.php\\\/2025\\\/04\\\/16\\\/mondial-de-handball-u21-lakhdar-arrouche-nomme-a-la-tete-des-verts\\\/\"},\"author\":{\"name\":\"admin\",\"@id\":\"https:\\\/\\\/lasentinelle.dz\\\/#\\\/schema\\\/person\\\/729ee0024f24e0b8c5ec17232f8e8b41\"},\"headline\":\"Mondial de handball U21 : Lakhdar Arrouche nomm\u00e9 \u00e0 la t\u00eate des Verts\",\"datePublished\":\"2025-04-16T08:32:54+00:00\",\"mainEntityOfPage\":{\"@id\":\"https:\\\/\\\/lasentinelle.dz\\\/index.php\\\/2025\\\/04\\\/16\\\/mondial-de-handball-u21-lakhdar-arrouche-nomme-a-la-tete-des-verts\\\/\"},\"wordCount\":619,\"commentCount\":0,\"publisher\":{\"@id\":\"https:\\\/\\\/lasentinelle.dz\\\/#organization\"},\"image\":{\"@id\":\"https:\\\/\\\/lasentinelle.dz\\\/index.php\\\/2025\\\/04\\\/16\\\/mondial-de-handball-u21-lakhdar-arrouche-nomme-a-la-tete-des-verts\\\/#primaryimage\"},\"thumbnailUrl\":\"https:\\\/\\\/lasentinelle.dz\\\/wp-content\\\/uploads\\\/2024\\\/10\\\/hand.jpg\",\"articleSection\":[\"Sports\"],\"inLanguage\":\"fr-FR\",\"potentialAction\":[{\"@type\":\"CommentAction\",\"name\":\"Comment\",\"target\":[\"https:\\\/\\\/lasentinelle.dz\\\/index.php\\\/2025\\\/04\\\/16\\\/mondial-de-handball-u21-lakhdar-arrouche-nomme-a-la-tete-des-verts\\\/#respond\"]}]},{\"@type\":\"WebPage\",\"@id\":\"https:\\\/\\\/lasentinelle.dz\\\/index.php\\\/2025\\\/04\\\/16\\\/mondial-de-handball-u21-lakhdar-arrouche-nomme-a-la-tete-des-verts\\\/\",\"url\":\"https:\\\/\\\/lasentinelle.dz\\\/index.php\\\/2025\\\/04\\\/16\\\/mondial-de-handball-u21-lakhdar-arrouche-nomme-a-la-tete-des-verts\\\/\",\"name\":\"Mondial de handball U21 : Lakhdar Arrouche nomm\u00e9 \u00e0 la t\u00eate des Verts - La Sentinelle\",\"isPartOf\":{\"@id\":\"https:\\\/\\\/lasentinelle.dz\\\/#website\"},\"primaryImageOfPage\":{\"@id\":\"https:\\\/\\\/lasentinelle.dz\\\/index.php\\\/2025\\\/04\\\/16\\\/mondial-de-handball-u21-lakhdar-arrouche-nomme-a-la-tete-des-verts\\\/#primaryimage\"},\"image\":{\"@id\":\"https:\\\/\\\/lasentinelle.dz\\\/index.php\\\/2025\\\/04\\\/16\\\/mondial-de-handball-u21-lakhdar-arrouche-nomme-a-la-tete-des-verts\\\/#primaryimage\"},\"thumbnailUrl\":\"https:\\\/\\\/lasentinelle.dz\\\/wp-content\\\/uploads\\\/2024\\\/10\\\/hand.jpg\",\"datePublished\":\"2025-04-16T08:32:54+00:00\",\"breadcrumb\":{\"@id\":\"https:\\\/\\\/lasentinelle.dz\\\/index.php\\\/2025\\\/04\\\/16\\\/mondial-de-handball-u21-lakhdar-arrouche-nomme-a-la-tete-des-verts\\\/#breadcrumb\"},\"inLanguage\":\"fr-FR\",\"potentialAction\":[{\"@type\":\"ReadAction\",\"target\":[\"https:\\\/\\\/lasentinelle.dz\\\/index.php\\\/2025\\\/04\\\/16\\\/mondial-de-handball-u21-lakhdar-arrouche-nomme-a-la-tete-des-verts\\\/\"]}]},{\"@type\":\"ImageObject\",\"inLanguage\":\"fr-FR\",\"@id\":\"https:\\\/\\\/lasentinelle.dz\\\/index.php\\\/2025\\\/04\\\/16\\\/mondial-de-handball-u21-lakhdar-arrouche-nomme-a-la-tete-des-verts\\\/#primaryimage\",\"url\":\"https:\\\/\\\/lasentinelle.dz\\\/wp-content\\\/uploads\\\/2024\\\/10\\\/hand.jpg\",\"contentUrl\":\"https:\\\/\\\/lasentinelle.dz\\\/wp-content\\\/uploads\\\/2024\\\/10\\\/hand.jpg\",\"width\":612,\"height\":408,\"caption\":\"Handball ball on field\"},{\"@type\":\"BreadcrumbList\",\"@id\":\"https:\\\/\\\/lasentinelle.dz\\\/index.php\\\/2025\\\/04\\\/16\\\/mondial-de-handball-u21-lakhdar-arrouche-nomme-a-la-tete-des-verts\\\/#breadcrumb\",\"itemListElement\":[{\"@type\":\"ListItem\",\"position\":1,\"name\":\"Accueil\",\"item\":\"https:\\\/\\\/lasentinelle.dz\\\/\"},{\"@type\":\"ListItem\",\"position\":2,\"name\":\"Mondial de handball U21 : Lakhdar Arrouche nomm\u00e9 \u00e0 la t\u00eate des Verts\"}]},{\"@type\":\"WebSite\",\"@id\":\"https:\\\/\\\/lasentinelle.dz\\\/#website\",\"url\":\"https:\\\/\\\/lasentinelle.dz\\\/\",\"name\":\"La Sentinelle\",\"description\":\"Quotidien national d&#039;information\",\"publisher\":{\"@id\":\"https:\\\/\\\/lasentinelle.dz\\\/#organization\"},\"potentialAction\":[{\"@type\":\"SearchAction\",\"target\":{\"@type\":\"EntryPoint\",\"urlTemplate\":\"https:\\\/\\\/lasentinelle.dz\\\/?s={search_term_string}\"},\"query-input\":{\"@type\":\"PropertyValueSpecification\",\"valueRequired\":true,\"valueName\":\"search_term_string\"}}],\"inLanguage\":\"fr-FR\"},{\"@type\":\"Organization\",\"@id\":\"https:\\\/\\\/lasentinelle.dz\\\/#organization\",\"name\":\"Quotidien La Sentinelle\",\"url\":\"https:\\\/\\\/lasentinelle.dz\\\/\",\"logo\":{\"@type\":\"ImageObject\",\"inLanguage\":\"fr-FR\",\"@id\":\"https:\\\/\\\/lasentinelle.dz\\\/#\\\/schema\\\/logo\\\/image\\\/\",\"url\":\"https:\\\/\\\/lasentinelle.dz\\\/wp-content\\\/uploads\\\/2021\\\/09\\\/logo-sentinelleSLOGAN-1.png\",\"contentUrl\":\"https:\\\/\\\/lasentinelle.dz\\\/wp-content\\\/uploads\\\/2021\\\/09\\\/logo-sentinelleSLOGAN-1.png\",\"width\":615,\"height\":142,\"caption\":\"Quotidien La Sentinelle\"},\"image\":{\"@id\":\"https:\\\/\\\/lasentinelle.dz\\\/#\\\/schema\\\/logo\\\/image\\\/\"},\"sameAs\":[\"https:\\\/\\\/www.facebook.com\\\/La-Sentinelle-104059864394773\"]},{\"@type\":\"Person\",\"@id\":\"https:\\\/\\\/lasentinelle.dz\\\/#\\\/schema\\\/person\\\/729ee0024f24e0b8c5ec17232f8e8b41\",\"name\":\"admin\",\"image\":{\"@type\":\"ImageObject\",\"inLanguage\":\"fr-FR\",\"@id\":\"https:\\\/\\\/secure.gravatar.com\\\/avatar\\\/4c81fed838786e9b53f540bf46533e750f5d292099ae3b66cfc6fb1982e29df7?s=96&d=mm&r=g\",\"url\":\"https:\\\/\\\/secure.gravatar.com\\\/avatar\\\/4c81fed838786e9b53f540bf46533e750f5d292099ae3b66cfc6fb1982e29df7?s=96&d=mm&r=g\",\"contentUrl\":\"https:\\\/\\\/secure.gravatar.com\\\/avatar\\\/4c81fed838786e9b53f540bf46533e750f5d292099ae3b66cfc6fb1982e29df7?s=96&d=mm&r=g\",\"caption\":\"admin\"},\"description\":\"admin\",\"url\":\"https:\\\/\\\/lasentinelle.dz\\\/author\\\/admin\\\/\"}]}<\/script>\n<!-- \/ Yoast SEO plugin. -->","yoast_head_json":{"title":"Mondial de handball U21 : Lakhdar Arrouche nomm\u00e9 \u00e0 la t\u00eate des Verts - La Sentinelle","robots":{"index":"index","follow":"follow","max-snippet":"max-snippet:-1","max-image-preview":"max-image-preview:large","max-video-preview":"max-video-preview:-1"},"canonical":"https:\/\/lasentinelle.dz\/index.php\/2025\/04\/16\/mondial-de-handball-u21-lakhdar-arrouche-nomme-a-la-tete-des-verts\/","og_locale":"fr_FR","og_type":"article","og_title":"Mondial de handball U21 : Lakhdar Arrouche nomm\u00e9 \u00e0 la t\u00eate des Verts - La Sentinelle","og_description":"La F\u00e9d\u00e9ration alg\u00e9rienne de handball (FAHB) a officialis\u00e9 ce mardi la nomination de Lakhdar Arrouche \u00e0 la t\u00eate de la","og_url":"https:\/\/lasentinelle.dz\/index.php\/2025\/04\/16\/mondial-de-handball-u21-lakhdar-arrouche-nomme-a-la-tete-des-verts\/","og_site_name":"La Sentinelle","article_publisher":"https:\/\/www.facebook.com\/La-Sentinelle-104059864394773","article_published_time":"2025-04-16T08:32:54+00:00","og_image":[{"width":612,"height":408,"url":"https:\/\/lasentinelle.dz\/wp-content\/uploads\/2024\/10\/hand.jpg","type":"image\/jpeg"}],"author":"admin","twitter_card":"summary_large_image","twitter_misc":{"\u00c9crit par":"admin","Dur\u00e9e de lecture estim\u00e9e":"4 minutes"},"schema":{"@context":"https:\/\/schema.org","@graph":[{"@type":"Article","@id":"https:\/\/lasentinelle.dz\/index.php\/2025\/04\/16\/mondial-de-handball-u21-lakhdar-arrouche-nomme-a-la-tete-des-verts\/#article","isPartOf":{"@id":"https:\/\/lasentinelle.dz\/index.php\/2025\/04\/16\/mondial-de-handball-u21-lakhdar-arrouche-nomme-a-la-tete-des-verts\/"},"author":{"name":"admin","@id":"https:\/\/lasentinelle.dz\/#\/schema\/person\/729ee0024f24e0b8c5ec17232f8e8b41"},"headline":"Mondial de handball U21 : Lakhdar Arrouche nomm\u00e9 \u00e0 la t\u00eate des Verts","datePublished":"2025-04-16T08:32:54+00:00","mainEntityOfPage":{"@id":"https:\/\/lasentinelle.dz\/index.php\/2025\/04\/16\/mondial-de-handball-u21-lakhdar-arrouche-nomme-a-la-tete-des-verts\/"},"wordCount":619,"commentCount":0,"publisher":{"@id":"https:\/\/lasentinelle.dz\/#organization"},"image":{"@id":"https:\/\/lasentinelle.dz\/index.php\/2025\/04\/16\/mondial-de-handball-u21-lakhdar-arrouche-nomme-a-la-tete-des-verts\/#primaryimage"},"thumbnailUrl":"https:\/\/lasentinelle.dz\/wp-content\/uploads\/2024\/10\/hand.jpg","articleSection":["Sports"],"inLanguage":"fr-FR","potentialAction":[{"@type":"CommentAction","name":"Comment","target":["https:\/\/lasentinelle.dz\/index.php\/2025\/04\/16\/mondial-de-handball-u21-lakhdar-arrouche-nomme-a-la-tete-des-verts\/#respond"]}]},{"@type":"WebPage","@id":"https:\/\/lasentinelle.dz\/index.php\/2025\/04\/16\/mondial-de-handball-u21-lakhdar-arrouche-nomme-a-la-tete-des-verts\/","url":"https:\/\/lasentinelle.dz\/index.php\/2025\/04\/16\/mondial-de-handball-u21-lakhdar-arrouche-nomme-a-la-tete-des-verts\/","name":"Mondial de handball U21 : Lakhdar Arrouche nomm\u00e9 \u00e0 la t\u00eate des Verts - La Sentinelle","isPartOf":{"@id":"https:\/\/lasentinelle.dz\/#website"},"primaryImageOfPage":{"@id":"https:\/\/lasentinelle.dz\/index.php\/2025\/04\/16\/mondial-de-handball-u21-lakhdar-arrouche-nomme-a-la-tete-des-verts\/#primaryimage"},"image":{"@id":"https:\/\/lasentinelle.dz\/index.php\/2025\/04\/16\/mondial-de-handball-u21-lakhdar-arrouche-nomme-a-la-tete-des-verts\/#primaryimage"},"thumbnailUrl":"https:\/\/lasentinelle.dz\/wp-content\/uploads\/2024\/10\/hand.jpg","datePublished":"2025-04-16T08:32:54+00:00","breadcrumb":{"@id":"https:\/\/lasentinelle.dz\/index.php\/2025\/04\/16\/mondial-de-handball-u21-lakhdar-arrouche-nomme-a-la-tete-des-verts\/#breadcrumb"},"inLanguage":"fr-FR","potentialAction":[{"@type":"ReadAction","target":["https:\/\/lasentinelle.dz\/index.php\/2025\/04\/16\/mondial-de-handball-u21-lakhdar-arrouche-nomme-a-la-tete-des-verts\/"]}]},{"@type":"ImageObject","inLanguage":"fr-FR","@id":"https:\/\/lasentinelle.dz\/index.php\/2025\/04\/16\/mondial-de-handball-u21-lakhdar-arrouche-nomme-a-la-tete-des-verts\/#primaryimage","url":"https:\/\/lasentinelle.dz\/wp-content\/uploads\/2024\/10\/hand.jpg","contentUrl":"https:\/\/lasentinelle.dz\/wp-content\/uploads\/2024\/10\/hand.jpg","width":612,"height":408,"caption":"Handball ball on field"},{"@type":"BreadcrumbList","@id":"https:\/\/lasentinelle.dz\/index.php\/2025\/04\/16\/mondial-de-handball-u21-lakhdar-arrouche-nomme-a-la-tete-des-verts\/#breadcrumb","itemListElement":[{"@type":"ListItem","position":1,"name":"Accueil","item":"https:\/\/lasentinelle.dz\/"},{"@type":"ListItem","position":2,"name":"Mondial de handball U21 : Lakhdar Arrouche nomm\u00e9 \u00e0 la t\u00eate des Verts"}]},{"@type":"WebSite","@id":"https:\/\/lasentinelle.dz\/#website","url":"https:\/\/lasentinelle.dz\/","name":"La Sentinelle","description":"Quotidien national d&#039;information","publisher":{"@id":"https:\/\/lasentinelle.dz\/#organization"},"potentialAction":[{"@type":"SearchAction","target":{"@type":"EntryPoint","urlTemplate":"https:\/\/lasentinelle.dz\/?s={search_term_string}"},"query-input":{"@type":"PropertyValueSpecification","valueRequired":true,"valueName":"search_term_string"}}],"inLanguage":"fr-FR"},{"@type":"Organization","@id":"https:\/\/lasentinelle.dz\/#organization","name":"Quotidien La Sentinelle","url":"https:\/\/lasentinelle.dz\/","logo":{"@type":"ImageObject","inLanguage":"fr-FR","@id":"https:\/\/lasentinelle.dz\/#\/schema\/logo\/image\/","url":"https:\/\/lasentinelle.dz\/wp-content\/uploads\/2021\/09\/logo-sentinelleSLOGAN-1.png","contentUrl":"https:\/\/lasentinelle.dz\/wp-content\/uploads\/2021\/09\/logo-sentinelleSLOGAN-1.png","width":615,"height":142,"caption":"Quotidien La Sentinelle"},"image":{"@id":"https:\/\/lasentinelle.dz\/#\/schema\/logo\/image\/"},"sameAs":["https:\/\/www.facebook.com\/La-Sentinelle-104059864394773"]},{"@type":"Person","@id":"https:\/\/lasentinelle.dz\/#\/schema\/person\/729ee0024f24e0b8c5ec17232f8e8b41","name":"admin","image":{"@type":"ImageObject","inLanguage":"fr-FR","@id":"https:\/\/secure.gravatar.com\/avatar\/4c81fed838786e9b53f540bf46533e750f5d292099ae3b66cfc6fb1982e29df7?s=96&d=mm&r=g","url":"https:\/\/secure.gravatar.com\/avatar\/4c81fed838786e9b53f540bf46533e750f5d292099ae3b66cfc6fb1982e29df7?s=96&d=mm&r=g","contentUrl":"https:\/\/secure.gravatar.com\/avatar\/4c81fed838786e9b53f540bf46533e750f5d292099ae3b66cfc6fb1982e29df7?s=96&d=mm&r=g","caption":"admin"},"description":"admin","url":"https:\/\/lasentinelle.dz\/author\/admin\/"}]}},"_links":{"self":[{"href":"https:\/\/lasentinelle.dz\/index.php\/wp-json\/wp\/v2\/posts\/65738","targetHints":{"allow":["GET"]}}],"collection":[{"href":"https:\/\/lasentinelle.dz\/index.php\/wp-json\/wp\/v2\/posts"}],"about":[{"href":"https:\/\/lasentinelle.dz\/index.php\/wp-json\/wp\/v2\/types\/post"}],"author":[{"embeddable":true,"href":"https:\/\/lasentinelle.dz\/index.php\/wp-json\/wp\/v2\/users\/6"}],"replies":[{"embeddable":true,"href":"https:\/\/lasentinelle.dz\/index.php\/wp-json\/wp\/v2\/comments?post=65738"}],"version-history":[{"count":1,"href":"https:\/\/lasentinelle.dz\/index.php\/wp-json\/wp\/v2\/posts\/65738\/revisions"}],"predecessor-version":[{"id":65739,"href":"https:\/\/lasentinelle.dz\/index.php\/wp-json\/wp\/v2\/posts\/65738\/revisions\/65739"}],"wp:featuredmedia":[{"embeddable":true,"href":"https:\/\/lasentinelle.dz\/index.php\/wp-json\/wp\/v2\/media\/58632"}],"wp:attachment":[{"href":"https:\/\/lasentinelle.dz\/index.php\/wp-json\/wp\/v2\/media?parent=65738"}],"wp:term":[{"taxonomy":"category","embeddable":true,"href":"https:\/\/lasentinelle.dz\/index.php\/wp-json\/wp\/v2\/categories?post=65738"},{"taxonomy":"post_tag","embeddable":true,"href":"https:\/\/lasentinelle.dz\/index.php\/wp-json\/wp\/v2\/tags?post=65738"}],"curies":[{"name":"wp","href":"https:\/\/api.w.org\/{rel}","templated":true}]}}