{"id":6574,"date":"2021-09-05T00:01:00","date_gmt":"2021-09-04T23:01:00","guid":{"rendered":"https:\/\/lasentinelle.dz\/?p=6574"},"modified":"2021-09-04T17:58:09","modified_gmt":"2021-09-04T16:58:09","slug":"les-equipes-medicales-arriveront-jusquaux-domiciles-des-villageois-la-campagne-de-vaccination-mise-sur-la-proximite","status":"publish","type":"post","link":"https:\/\/lasentinelle.dz\/index.php\/2021\/09\/05\/les-equipes-medicales-arriveront-jusquaux-domiciles-des-villageois-la-campagne-de-vaccination-mise-sur-la-proximite\/","title":{"rendered":"Les \u00e9quipes m\u00e9dicales arriveront jusqu\u2019aux domiciles des villageois : La campagne de vaccination mise sur la proximit\u00e9"},"content":{"rendered":"\n<p>Les villes et les villages de la wilaya de Tizi-Ouzou ont vibr\u00e9 hier au rythme du lancement de la campagne nationalede vaccination. Une c\u00e9r\u00e9monie officielle de lancement a \u00e9t\u00e9 organis\u00e9e au niveau de la place du Mus\u00e9e du centre-ville en pr\u00e9sence des responsables locaux \u00e0 leur t\u00eate le waliDjilali Doumi qui a assur\u00e9 que tous les moyens ont \u00e9t\u00e9 mobilis\u00e9s pour la r\u00e9ussite de la campagne ainsi que les \u00e9quipes m\u00e9dicales qui se sont lanc\u00e9es d\u00e8s hier sur le terrain \u00e0 travers les communes et les villages. De leur c\u00f4t\u00e9, les citoyens n&rsquo;ont pas cach\u00e9 leur satisfaction des moyens mis \u00e0 la disposition des \u00e9quipes m\u00e9dicales pour une large vaccination.Aussi, parall\u00e8lement \u00e0 la c\u00e9r\u00e9monie de lancement de cette vaste campagne d&rsquo;envergure nationale, nous avons effectu\u00e9 une tourn\u00e9e dans plusieurs communes pour sonder l&rsquo;opinion sur cet entrain affich\u00e9 par les autorit\u00e9s \u00e0 tous les niveaux. A premi\u00e8re vue, il est apparu un grand enthousiasme parmi les populations qui ne cachent pas ler volont\u00e9 de se faire vacciner d&rsquo;autant plus que les moyens sont disponibles. A travers les villages, la satisfaction est totale. Selon les premi\u00e8res nouvelles recueillies aupr\u00e8s des villageois, la vaccination se fera d\u00e9sormais \u00e0 domicile.<\/p>\n\n\n\n<p>En effet, en plus 5.000 doses quotidiennes annonc\u00e9es hier comme objectif de cette campagne, les villageois exprimaient leur enti\u00e8re satisfaction quant \u00e0 la d\u00e9cision des autorit\u00e9s de rapprocher au maximum les \u00e9quipes m\u00e9dicales des populations. \u00ab\u00a0Ici, les \u00e9quipes m\u00e9dicales ne se suffiront pas d&rsquo;aller vers les \u00e9coles des villages car elles arriveront jusqu&rsquo;aux portes des maisons. Les citoyens pourront se vacciner chez eux\u00a0\u00bb affirme un citoyen que nous avons interrog\u00e9s&nbsp; au chef-lieu de la commune de Boudjima, \u00e0 une trentaine de kilom\u00e8tres au Nord du chef-lieu de la wilaya.&nbsp;<\/p>\n\n\n\n<p>De ce c\u00f4t\u00e9, la satisfaction est totale. Cette disponibilit\u00e9 du vaccin a \u00e9galement produit un entrain visible chez les populations pour aller se faire vacciner.&nbsp;&nbsp; \u00ab&nbsp;Je redoutais beaucoup les queues devant les points de vaccination mais l\u00e0 avec des \u00e9quipes m\u00e9dicales qui arrivent jusqu&rsquo;\u00e0 devant nos portes, franchement on n&rsquo;a plus rien&nbsp; \u00e0 dire. Je vais me faire vacciner ainsi que tous les membres de ma famille&nbsp;\u00bb,assure un autre citoyen \u00e0 Tigzirt qui&nbsp; affirme que certains villages s&rsquo;organisent d&rsquo;ailleurs pour sortir en masse \u00e0 l&rsquo;arriv\u00e9e des \u00e9quipes m\u00e9dicales. \u00ab&nbsp;Les dates de la venue des \u00e9quipes sont affich\u00e9es par les services de la commune et nous en tant que responsables de village, nous comptons appeler les familles \u00e0 sortir dans la placette pour nous faire vacciner. C&rsquo;est une occasion \u00e0 ne pas rater&nbsp;\u00bb, poursuit-il.<\/p>\n\n\n\n<p>Ainsi, la campagne qui devait se d\u00e9rouler dans les \u00e9coles des villages atteint les maisons et les citoyens ne s&rsquo;y attendaient pas. \u00ab&nbsp;Je ne m&rsquo;attendait vraiment pas \u00e0 cela. Je n&rsquo;y croyais m\u00eame pas pour vous dire. Mais, l\u00e0, je suis vraiment agr\u00e9ablement surpris de savoir que le vaccin arrive \u00e0 nos portes. Rares sont les pays qui vaccinent les citoyens chez eux&nbsp;\u00bb, affirme un autre citoyen d&rsquo;Ihesnaouen, un village de la commune de Tizi-Ouzou.&nbsp;&nbsp; \u00ab&nbsp;Moi, je compte emmener tous les membres majeurs de ma famille. Je vois que c&rsquo;est vraiment s\u00e9rieux cette fois&nbsp;\u00bb, constate un citoyen de la ville de Draa Ben Khedda, \u00e0une dizaine de kilom\u00e8tres \u00e0 l&rsquo;Ouest du chef-lieu de wilaya.<\/p>\n\n\n\n<p>En fait,&nbsp; cet enthousiasme constat\u00e9 \u00e0 travers les villages et les communes \u00e9tait \u00e9galement visible hier dans les diff\u00e9rents points fixes de la vaccination dans la ville de Tizi-Ouzou. A la maison de la culture, les citoyens de toutes les cat\u00e9gories \u00e9taient venus se faire vacciner. Ils venaient des quartiers de la ville mais aussi de Redjaouna et Timizart Loghbar, localit\u00e9s de la banlieue. \u00ab&nbsp;Je profite de cette journ\u00e9e de lancement pour me faire vacciner. \u00c7a fait longtemps que je voulais le faire mais les circonstances ne m&rsquo;ont pas permis de le faire. Mais, l\u00e0, je vois que je n&rsquo;ai pas de raison de ne pas le faire&nbsp;\u00bb, assure un citoyen qui vient justement de Redjaouna.<\/p>\n\n\n\n<p>De leur c\u00f4t\u00e9, les autorit\u00e9s n&rsquo;ont pas l\u00e9sin\u00e9 sur les moyens pour r\u00e9ussir cette campagne et selon le directeur de la sant\u00e9 de la wilaya, Mohamed Mohtari, l&rsquo;objectif est d&rsquo;atteindre 35% du taux de vaccination durant la premi\u00e8re semaine avec un objectif de vacciner 5.000 personnes par jour. Pour se faire, les moyens ont \u00e9t\u00e9 mobilis\u00e9s \u00e0 travers toutes les communes.&nbsp; L&rsquo;on annon\u00e7ait justement hier la mobilisation de 120 \u00e9quipes m\u00e9dicales dot\u00e9es de tous les \u00e9quipements avec pas moins de 35 bus pour les d\u00e9placements.Enfin, il est \u00e0 noter que la wilaya a mobilis\u00e9 pour cette campagne d&rsquo;envergure nationale quelques 1.498 points fixes suppl\u00e9mentaires \u00e0 ceux d\u00e9j\u00e0 existants. Hier, il \u00e9tait d\u00e9j\u00e0 visible que la campagne conna\u00eetra un grand succ\u00e8s d&rsquo;autant plus que l&rsquo;adh\u00e9sion des populations \u00e9taient grandement affich\u00e9es.<\/p>\n\n\n\n<p><strong>Kamel Nait Ameur<\/strong><\/p>\n","protected":false},"excerpt":{"rendered":"<p>Les villes et les villages de la wilaya de Tizi-Ouzou ont vibr\u00e9 hier au rythme du lancement de la campagne<\/p>\n","protected":false},"author":3,"featured_media":6579,"comment_status":"open","ping_status":"closed","sticky":false,"template":"","format":"standard","meta":{"colormag_page_container_layout":"default_layout","colormag_page_sidebar_layout":"default_layout","om_disable_all_campaigns":false,"_monsterinsights_skip_tracking":false,"_monsterinsights_sitenote_active":false,"_monsterinsights_sitenote_note":"","_monsterinsights_sitenote_category":0,"footnotes":"","_wpscppro_dont_share_socialmedia":false,"_wpscppro_custom_social_share_image":0,"_facebook_share_type":"","_twitter_share_type":"","_linkedin_share_type":"","_pinterest_share_type":"","_linkedin_share_type_page":"","_instagram_share_type":"","_medium_share_type":"","_threads_share_type":"","_google_business_share_type":"","_selected_social_profile":[],"_wpsp_enable_custom_social_template":false,"_wpsp_social_scheduling":{"enabled":false,"datetime":null,"platforms":[],"status":"template_only","dateOption":"today","timeOption":"now","customDays":"","customHours":"","customDate":"","customTime":"","schedulingType":"absolute"},"_wpsp_active_default_template":true},"categories":[27],"tags":[],"class_list":["post-6574","post","type-post","status-publish","format-standard","has-post-thumbnail","hentry","category-actualite"],"aioseo_notices":[],"yoast_head":"<!-- This site is optimized with the Yoast SEO plugin v27.5 - https:\/\/yoast.com\/product\/yoast-seo-wordpress\/ -->\n<title>Les \u00e9quipes m\u00e9dicales arriveront jusqu\u2019aux domiciles des villageois : La campagne de vaccination mise sur la proximit\u00e9 - La Sentinelle<\/title>\n<meta name=\"robots\" content=\"index, follow, max-snippet:-1, max-image-preview:large, max-video-preview:-1\" \/>\n<link rel=\"canonical\" href=\"https:\/\/lasentinelle.dz\/index.php\/2021\/09\/05\/les-equipes-medicales-arriveront-jusquaux-domiciles-des-villageois-la-campagne-de-vaccination-mise-sur-la-proximite\/\" \/>\n<meta property=\"og:locale\" content=\"fr_FR\" \/>\n<meta property=\"og:type\" content=\"article\" \/>\n<meta property=\"og:title\" content=\"Les \u00e9quipes m\u00e9dicales arriveront jusqu\u2019aux domiciles des villageois : La campagne de vaccination mise sur la proximit\u00e9 - La Sentinelle\" \/>\n<meta property=\"og:description\" content=\"Les villes et les villages de la wilaya de Tizi-Ouzou ont vibr\u00e9 hier au rythme du lancement de la campagne\" \/>\n<meta property=\"og:url\" content=\"https:\/\/lasentinelle.dz\/index.php\/2021\/09\/05\/les-equipes-medicales-arriveront-jusquaux-domiciles-des-villageois-la-campagne-de-vaccination-mise-sur-la-proximite\/\" \/>\n<meta property=\"og:site_name\" content=\"La Sentinelle\" \/>\n<meta property=\"article:publisher\" content=\"https:\/\/www.facebook.com\/La-Sentinelle-104059864394773\" \/>\n<meta property=\"article:published_time\" content=\"2021-09-04T23:01:00+00:00\" \/>\n<meta property=\"og:image\" content=\"https:\/\/lasentinelle.dz\/wp-content\/uploads\/2021\/09\/image_2021-09-04_175801.png\" \/>\n\t<meta property=\"og:image:width\" content=\"618\" \/>\n\t<meta property=\"og:image:height\" content=\"468\" \/>\n\t<meta property=\"og:image:type\" content=\"image\/png\" \/>\n<meta name=\"author\" content=\"La Sentinelle\" \/>\n<meta name=\"twitter:card\" content=\"summary_large_image\" \/>\n<meta name=\"twitter:label1\" content=\"\u00c9crit par\" \/>\n\t<meta name=\"twitter:data1\" content=\"La Sentinelle\" \/>\n\t<meta name=\"twitter:label2\" content=\"Dur\u00e9e de lecture estim\u00e9e\" \/>\n\t<meta name=\"twitter:data2\" content=\"4 minutes\" \/>\n<script type=\"application\/ld+json\" class=\"yoast-schema-graph\">{\"@context\":\"https:\\\/\\\/schema.org\",\"@graph\":[{\"@type\":\"Article\",\"@id\":\"https:\\\/\\\/lasentinelle.dz\\\/index.php\\\/2021\\\/09\\\/05\\\/les-equipes-medicales-arriveront-jusquaux-domiciles-des-villageois-la-campagne-de-vaccination-mise-sur-la-proximite\\\/#article\",\"isPartOf\":{\"@id\":\"https:\\\/\\\/lasentinelle.dz\\\/index.php\\\/2021\\\/09\\\/05\\\/les-equipes-medicales-arriveront-jusquaux-domiciles-des-villageois-la-campagne-de-vaccination-mise-sur-la-proximite\\\/\"},\"author\":{\"name\":\"La Sentinelle\",\"@id\":\"https:\\\/\\\/lasentinelle.dz\\\/#\\\/schema\\\/person\\\/d865044e22e70a75174ce8bcad3acfb3\"},\"headline\":\"Les \u00e9quipes m\u00e9dicales arriveront jusqu\u2019aux domiciles des villageois : La campagne de vaccination mise sur la proximit\u00e9\",\"datePublished\":\"2021-09-04T23:01:00+00:00\",\"mainEntityOfPage\":{\"@id\":\"https:\\\/\\\/lasentinelle.dz\\\/index.php\\\/2021\\\/09\\\/05\\\/les-equipes-medicales-arriveront-jusquaux-domiciles-des-villageois-la-campagne-de-vaccination-mise-sur-la-proximite\\\/\"},\"wordCount\":882,\"commentCount\":0,\"publisher\":{\"@id\":\"https:\\\/\\\/lasentinelle.dz\\\/#organization\"},\"image\":{\"@id\":\"https:\\\/\\\/lasentinelle.dz\\\/index.php\\\/2021\\\/09\\\/05\\\/les-equipes-medicales-arriveront-jusquaux-domiciles-des-villageois-la-campagne-de-vaccination-mise-sur-la-proximite\\\/#primaryimage\"},\"thumbnailUrl\":\"https:\\\/\\\/lasentinelle.dz\\\/wp-content\\\/uploads\\\/2021\\\/09\\\/image_2021-09-04_175801.png\",\"articleSection\":[\"Actualit\u00e9\"],\"inLanguage\":\"fr-FR\",\"potentialAction\":[{\"@type\":\"CommentAction\",\"name\":\"Comment\",\"target\":[\"https:\\\/\\\/lasentinelle.dz\\\/index.php\\\/2021\\\/09\\\/05\\\/les-equipes-medicales-arriveront-jusquaux-domiciles-des-villageois-la-campagne-de-vaccination-mise-sur-la-proximite\\\/#respond\"]}]},{\"@type\":\"WebPage\",\"@id\":\"https:\\\/\\\/lasentinelle.dz\\\/index.php\\\/2021\\\/09\\\/05\\\/les-equipes-medicales-arriveront-jusquaux-domiciles-des-villageois-la-campagne-de-vaccination-mise-sur-la-proximite\\\/\",\"url\":\"https:\\\/\\\/lasentinelle.dz\\\/index.php\\\/2021\\\/09\\\/05\\\/les-equipes-medicales-arriveront-jusquaux-domiciles-des-villageois-la-campagne-de-vaccination-mise-sur-la-proximite\\\/\",\"name\":\"Les \u00e9quipes m\u00e9dicales arriveront jusqu\u2019aux domiciles des villageois : La campagne de vaccination mise sur la proximit\u00e9 - La Sentinelle\",\"isPartOf\":{\"@id\":\"https:\\\/\\\/lasentinelle.dz\\\/#website\"},\"primaryImageOfPage\":{\"@id\":\"https:\\\/\\\/lasentinelle.dz\\\/index.php\\\/2021\\\/09\\\/05\\\/les-equipes-medicales-arriveront-jusquaux-domiciles-des-villageois-la-campagne-de-vaccination-mise-sur-la-proximite\\\/#primaryimage\"},\"image\":{\"@id\":\"https:\\\/\\\/lasentinelle.dz\\\/index.php\\\/2021\\\/09\\\/05\\\/les-equipes-medicales-arriveront-jusquaux-domiciles-des-villageois-la-campagne-de-vaccination-mise-sur-la-proximite\\\/#primaryimage\"},\"thumbnailUrl\":\"https:\\\/\\\/lasentinelle.dz\\\/wp-content\\\/uploads\\\/2021\\\/09\\\/image_2021-09-04_175801.png\",\"datePublished\":\"2021-09-04T23:01:00+00:00\",\"breadcrumb\":{\"@id\":\"https:\\\/\\\/lasentinelle.dz\\\/index.php\\\/2021\\\/09\\\/05\\\/les-equipes-medicales-arriveront-jusquaux-domiciles-des-villageois-la-campagne-de-vaccination-mise-sur-la-proximite\\\/#breadcrumb\"},\"inLanguage\":\"fr-FR\",\"potentialAction\":[{\"@type\":\"ReadAction\",\"target\":[\"https:\\\/\\\/lasentinelle.dz\\\/index.php\\\/2021\\\/09\\\/05\\\/les-equipes-medicales-arriveront-jusquaux-domiciles-des-villageois-la-campagne-de-vaccination-mise-sur-la-proximite\\\/\"]}]},{\"@type\":\"ImageObject\",\"inLanguage\":\"fr-FR\",\"@id\":\"https:\\\/\\\/lasentinelle.dz\\\/index.php\\\/2021\\\/09\\\/05\\\/les-equipes-medicales-arriveront-jusquaux-domiciles-des-villageois-la-campagne-de-vaccination-mise-sur-la-proximite\\\/#primaryimage\",\"url\":\"https:\\\/\\\/lasentinelle.dz\\\/wp-content\\\/uploads\\\/2021\\\/09\\\/image_2021-09-04_175801.png\",\"contentUrl\":\"https:\\\/\\\/lasentinelle.dz\\\/wp-content\\\/uploads\\\/2021\\\/09\\\/image_2021-09-04_175801.png\",\"width\":618,\"height\":468},{\"@type\":\"BreadcrumbList\",\"@id\":\"https:\\\/\\\/lasentinelle.dz\\\/index.php\\\/2021\\\/09\\\/05\\\/les-equipes-medicales-arriveront-jusquaux-domiciles-des-villageois-la-campagne-de-vaccination-mise-sur-la-proximite\\\/#breadcrumb\",\"itemListElement\":[{\"@type\":\"ListItem\",\"position\":1,\"name\":\"Accueil\",\"item\":\"https:\\\/\\\/lasentinelle.dz\\\/\"},{\"@type\":\"ListItem\",\"position\":2,\"name\":\"Les \u00e9quipes m\u00e9dicales arriveront jusqu\u2019aux domiciles des villageois : La campagne de vaccination mise sur la proximit\u00e9\"}]},{\"@type\":\"WebSite\",\"@id\":\"https:\\\/\\\/lasentinelle.dz\\\/#website\",\"url\":\"https:\\\/\\\/lasentinelle.dz\\\/\",\"name\":\"La Sentinelle\",\"description\":\"Quotidien national d&#039;information\",\"publisher\":{\"@id\":\"https:\\\/\\\/lasentinelle.dz\\\/#organization\"},\"potentialAction\":[{\"@type\":\"SearchAction\",\"target\":{\"@type\":\"EntryPoint\",\"urlTemplate\":\"https:\\\/\\\/lasentinelle.dz\\\/?s={search_term_string}\"},\"query-input\":{\"@type\":\"PropertyValueSpecification\",\"valueRequired\":true,\"valueName\":\"search_term_string\"}}],\"inLanguage\":\"fr-FR\"},{\"@type\":\"Organization\",\"@id\":\"https:\\\/\\\/lasentinelle.dz\\\/#organization\",\"name\":\"Quotidien La Sentinelle\",\"url\":\"https:\\\/\\\/lasentinelle.dz\\\/\",\"logo\":{\"@type\":\"ImageObject\",\"inLanguage\":\"fr-FR\",\"@id\":\"https:\\\/\\\/lasentinelle.dz\\\/#\\\/schema\\\/logo\\\/image\\\/\",\"url\":\"https:\\\/\\\/lasentinelle.dz\\\/wp-content\\\/uploads\\\/2021\\\/09\\\/logo-sentinelleSLOGAN-1.png\",\"contentUrl\":\"https:\\\/\\\/lasentinelle.dz\\\/wp-content\\\/uploads\\\/2021\\\/09\\\/logo-sentinelleSLOGAN-1.png\",\"width\":615,\"height\":142,\"caption\":\"Quotidien La Sentinelle\"},\"image\":{\"@id\":\"https:\\\/\\\/lasentinelle.dz\\\/#\\\/schema\\\/logo\\\/image\\\/\"},\"sameAs\":[\"https:\\\/\\\/www.facebook.com\\\/La-Sentinelle-104059864394773\"]},{\"@type\":\"Person\",\"@id\":\"https:\\\/\\\/lasentinelle.dz\\\/#\\\/schema\\\/person\\\/d865044e22e70a75174ce8bcad3acfb3\",\"name\":\"La Sentinelle\",\"image\":{\"@type\":\"ImageObject\",\"inLanguage\":\"fr-FR\",\"@id\":\"https:\\\/\\\/secure.gravatar.com\\\/avatar\\\/57de8e5d4b15d43fb361a71fbb36338450fe67865b528a43dd10ef7c51a20392?s=96&d=mm&r=g\",\"url\":\"https:\\\/\\\/secure.gravatar.com\\\/avatar\\\/57de8e5d4b15d43fb361a71fbb36338450fe67865b528a43dd10ef7c51a20392?s=96&d=mm&r=g\",\"contentUrl\":\"https:\\\/\\\/secure.gravatar.com\\\/avatar\\\/57de8e5d4b15d43fb361a71fbb36338450fe67865b528a43dd10ef7c51a20392?s=96&d=mm&r=g\",\"caption\":\"La Sentinelle\"},\"sameAs\":[\"http:\\\/\\\/www.lasentinelle.dz\"],\"url\":\"https:\\\/\\\/lasentinelle.dz\\\/author\\\/redaction\\\/\"}]}<\/script>\n<!-- \/ Yoast SEO plugin. -->","yoast_head_json":{"title":"Les \u00e9quipes m\u00e9dicales arriveront jusqu\u2019aux domiciles des villageois : La campagne de vaccination mise sur la proximit\u00e9 - La Sentinelle","robots":{"index":"index","follow":"follow","max-snippet":"max-snippet:-1","max-image-preview":"max-image-preview:large","max-video-preview":"max-video-preview:-1"},"canonical":"https:\/\/lasentinelle.dz\/index.php\/2021\/09\/05\/les-equipes-medicales-arriveront-jusquaux-domiciles-des-villageois-la-campagne-de-vaccination-mise-sur-la-proximite\/","og_locale":"fr_FR","og_type":"article","og_title":"Les \u00e9quipes m\u00e9dicales arriveront jusqu\u2019aux domiciles des villageois : La campagne de vaccination mise sur la proximit\u00e9 - La Sentinelle","og_description":"Les villes et les villages de la wilaya de Tizi-Ouzou ont vibr\u00e9 hier au rythme du lancement de la campagne","og_url":"https:\/\/lasentinelle.dz\/index.php\/2021\/09\/05\/les-equipes-medicales-arriveront-jusquaux-domiciles-des-villageois-la-campagne-de-vaccination-mise-sur-la-proximite\/","og_site_name":"La Sentinelle","article_publisher":"https:\/\/www.facebook.com\/La-Sentinelle-104059864394773","article_published_time":"2021-09-04T23:01:00+00:00","og_image":[{"width":618,"height":468,"url":"https:\/\/lasentinelle.dz\/wp-content\/uploads\/2021\/09\/image_2021-09-04_175801.png","type":"image\/png"}],"author":"La Sentinelle","twitter_card":"summary_large_image","twitter_misc":{"\u00c9crit par":"La Sentinelle","Dur\u00e9e de lecture estim\u00e9e":"4 minutes"},"schema":{"@context":"https:\/\/schema.org","@graph":[{"@type":"Article","@id":"https:\/\/lasentinelle.dz\/index.php\/2021\/09\/05\/les-equipes-medicales-arriveront-jusquaux-domiciles-des-villageois-la-campagne-de-vaccination-mise-sur-la-proximite\/#article","isPartOf":{"@id":"https:\/\/lasentinelle.dz\/index.php\/2021\/09\/05\/les-equipes-medicales-arriveront-jusquaux-domiciles-des-villageois-la-campagne-de-vaccination-mise-sur-la-proximite\/"},"author":{"name":"La Sentinelle","@id":"https:\/\/lasentinelle.dz\/#\/schema\/person\/d865044e22e70a75174ce8bcad3acfb3"},"headline":"Les \u00e9quipes m\u00e9dicales arriveront jusqu\u2019aux domiciles des villageois : La campagne de vaccination mise sur la proximit\u00e9","datePublished":"2021-09-04T23:01:00+00:00","mainEntityOfPage":{"@id":"https:\/\/lasentinelle.dz\/index.php\/2021\/09\/05\/les-equipes-medicales-arriveront-jusquaux-domiciles-des-villageois-la-campagne-de-vaccination-mise-sur-la-proximite\/"},"wordCount":882,"commentCount":0,"publisher":{"@id":"https:\/\/lasentinelle.dz\/#organization"},"image":{"@id":"https:\/\/lasentinelle.dz\/index.php\/2021\/09\/05\/les-equipes-medicales-arriveront-jusquaux-domiciles-des-villageois-la-campagne-de-vaccination-mise-sur-la-proximite\/#primaryimage"},"thumbnailUrl":"https:\/\/lasentinelle.dz\/wp-content\/uploads\/2021\/09\/image_2021-09-04_175801.png","articleSection":["Actualit\u00e9"],"inLanguage":"fr-FR","potentialAction":[{"@type":"CommentAction","name":"Comment","target":["https:\/\/lasentinelle.dz\/index.php\/2021\/09\/05\/les-equipes-medicales-arriveront-jusquaux-domiciles-des-villageois-la-campagne-de-vaccination-mise-sur-la-proximite\/#respond"]}]},{"@type":"WebPage","@id":"https:\/\/lasentinelle.dz\/index.php\/2021\/09\/05\/les-equipes-medicales-arriveront-jusquaux-domiciles-des-villageois-la-campagne-de-vaccination-mise-sur-la-proximite\/","url":"https:\/\/lasentinelle.dz\/index.php\/2021\/09\/05\/les-equipes-medicales-arriveront-jusquaux-domiciles-des-villageois-la-campagne-de-vaccination-mise-sur-la-proximite\/","name":"Les \u00e9quipes m\u00e9dicales arriveront jusqu\u2019aux domiciles des villageois : La campagne de vaccination mise sur la proximit\u00e9 - La Sentinelle","isPartOf":{"@id":"https:\/\/lasentinelle.dz\/#website"},"primaryImageOfPage":{"@id":"https:\/\/lasentinelle.dz\/index.php\/2021\/09\/05\/les-equipes-medicales-arriveront-jusquaux-domiciles-des-villageois-la-campagne-de-vaccination-mise-sur-la-proximite\/#primaryimage"},"image":{"@id":"https:\/\/lasentinelle.dz\/index.php\/2021\/09\/05\/les-equipes-medicales-arriveront-jusquaux-domiciles-des-villageois-la-campagne-de-vaccination-mise-sur-la-proximite\/#primaryimage"},"thumbnailUrl":"https:\/\/lasentinelle.dz\/wp-content\/uploads\/2021\/09\/image_2021-09-04_175801.png","datePublished":"2021-09-04T23:01:00+00:00","breadcrumb":{"@id":"https:\/\/lasentinelle.dz\/index.php\/2021\/09\/05\/les-equipes-medicales-arriveront-jusquaux-domiciles-des-villageois-la-campagne-de-vaccination-mise-sur-la-proximite\/#breadcrumb"},"inLanguage":"fr-FR","potentialAction":[{"@type":"ReadAction","target":["https:\/\/lasentinelle.dz\/index.php\/2021\/09\/05\/les-equipes-medicales-arriveront-jusquaux-domiciles-des-villageois-la-campagne-de-vaccination-mise-sur-la-proximite\/"]}]},{"@type":"ImageObject","inLanguage":"fr-FR","@id":"https:\/\/lasentinelle.dz\/index.php\/2021\/09\/05\/les-equipes-medicales-arriveront-jusquaux-domiciles-des-villageois-la-campagne-de-vaccination-mise-sur-la-proximite\/#primaryimage","url":"https:\/\/lasentinelle.dz\/wp-content\/uploads\/2021\/09\/image_2021-09-04_175801.png","contentUrl":"https:\/\/lasentinelle.dz\/wp-content\/uploads\/2021\/09\/image_2021-09-04_175801.png","width":618,"height":468},{"@type":"BreadcrumbList","@id":"https:\/\/lasentinelle.dz\/index.php\/2021\/09\/05\/les-equipes-medicales-arriveront-jusquaux-domiciles-des-villageois-la-campagne-de-vaccination-mise-sur-la-proximite\/#breadcrumb","itemListElement":[{"@type":"ListItem","position":1,"name":"Accueil","item":"https:\/\/lasentinelle.dz\/"},{"@type":"ListItem","position":2,"name":"Les \u00e9quipes m\u00e9dicales arriveront jusqu\u2019aux domiciles des villageois : La campagne de vaccination mise sur la proximit\u00e9"}]},{"@type":"WebSite","@id":"https:\/\/lasentinelle.dz\/#website","url":"https:\/\/lasentinelle.dz\/","name":"La Sentinelle","description":"Quotidien national d&#039;information","publisher":{"@id":"https:\/\/lasentinelle.dz\/#organization"},"potentialAction":[{"@type":"SearchAction","target":{"@type":"EntryPoint","urlTemplate":"https:\/\/lasentinelle.dz\/?s={search_term_string}"},"query-input":{"@type":"PropertyValueSpecification","valueRequired":true,"valueName":"search_term_string"}}],"inLanguage":"fr-FR"},{"@type":"Organization","@id":"https:\/\/lasentinelle.dz\/#organization","name":"Quotidien La Sentinelle","url":"https:\/\/lasentinelle.dz\/","logo":{"@type":"ImageObject","inLanguage":"fr-FR","@id":"https:\/\/lasentinelle.dz\/#\/schema\/logo\/image\/","url":"https:\/\/lasentinelle.dz\/wp-content\/uploads\/2021\/09\/logo-sentinelleSLOGAN-1.png","contentUrl":"https:\/\/lasentinelle.dz\/wp-content\/uploads\/2021\/09\/logo-sentinelleSLOGAN-1.png","width":615,"height":142,"caption":"Quotidien La Sentinelle"},"image":{"@id":"https:\/\/lasentinelle.dz\/#\/schema\/logo\/image\/"},"sameAs":["https:\/\/www.facebook.com\/La-Sentinelle-104059864394773"]},{"@type":"Person","@id":"https:\/\/lasentinelle.dz\/#\/schema\/person\/d865044e22e70a75174ce8bcad3acfb3","name":"La Sentinelle","image":{"@type":"ImageObject","inLanguage":"fr-FR","@id":"https:\/\/secure.gravatar.com\/avatar\/57de8e5d4b15d43fb361a71fbb36338450fe67865b528a43dd10ef7c51a20392?s=96&d=mm&r=g","url":"https:\/\/secure.gravatar.com\/avatar\/57de8e5d4b15d43fb361a71fbb36338450fe67865b528a43dd10ef7c51a20392?s=96&d=mm&r=g","contentUrl":"https:\/\/secure.gravatar.com\/avatar\/57de8e5d4b15d43fb361a71fbb36338450fe67865b528a43dd10ef7c51a20392?s=96&d=mm&r=g","caption":"La Sentinelle"},"sameAs":["http:\/\/www.lasentinelle.dz"],"url":"https:\/\/lasentinelle.dz\/author\/redaction\/"}]}},"_links":{"self":[{"href":"https:\/\/lasentinelle.dz\/index.php\/wp-json\/wp\/v2\/posts\/6574","targetHints":{"allow":["GET"]}}],"collection":[{"href":"https:\/\/lasentinelle.dz\/index.php\/wp-json\/wp\/v2\/posts"}],"about":[{"href":"https:\/\/lasentinelle.dz\/index.php\/wp-json\/wp\/v2\/types\/post"}],"author":[{"embeddable":true,"href":"https:\/\/lasentinelle.dz\/index.php\/wp-json\/wp\/v2\/users\/3"}],"replies":[{"embeddable":true,"href":"https:\/\/lasentinelle.dz\/index.php\/wp-json\/wp\/v2\/comments?post=6574"}],"version-history":[{"count":1,"href":"https:\/\/lasentinelle.dz\/index.php\/wp-json\/wp\/v2\/posts\/6574\/revisions"}],"predecessor-version":[{"id":6580,"href":"https:\/\/lasentinelle.dz\/index.php\/wp-json\/wp\/v2\/posts\/6574\/revisions\/6580"}],"wp:featuredmedia":[{"embeddable":true,"href":"https:\/\/lasentinelle.dz\/index.php\/wp-json\/wp\/v2\/media\/6579"}],"wp:attachment":[{"href":"https:\/\/lasentinelle.dz\/index.php\/wp-json\/wp\/v2\/media?parent=6574"}],"wp:term":[{"taxonomy":"category","embeddable":true,"href":"https:\/\/lasentinelle.dz\/index.php\/wp-json\/wp\/v2\/categories?post=6574"},{"taxonomy":"post_tag","embeddable":true,"href":"https:\/\/lasentinelle.dz\/index.php\/wp-json\/wp\/v2\/tags?post=6574"}],"curies":[{"name":"wp","href":"https:\/\/api.w.org\/{rel}","templated":true}]}}