{"id":65743,"date":"2025-04-16T09:34:40","date_gmt":"2025-04-16T08:34:40","guid":{"rendered":"https:\/\/lasentinelle.dz\/?p=65743"},"modified":"2025-04-16T09:34:41","modified_gmt":"2025-04-16T08:34:41","slug":"ligue-2-amateur-le-14-mai-dernier-delai-pour-lapurement-des-dettes-des-clubs","status":"publish","type":"post","link":"https:\/\/lasentinelle.dz\/index.php\/2025\/04\/16\/ligue-2-amateur-le-14-mai-dernier-delai-pour-lapurement-des-dettes-des-clubs\/","title":{"rendered":"Ligue 2 amateur : Le 14 mai dernier d\u00e9lai pour l&rsquo;apurement des dettes des clubs"},"content":{"rendered":"\n<p>L&rsquo;\u00e9tau se resserre autour des clubs endett\u00e9s de la Ligue 2 amateur. Alors que la saison entre dans sa derni\u00e8re ligne droite et que les enjeux sportifs s&rsquo;intensifient, la F\u00e9d\u00e9ration alg\u00e9rienne de football (FAF) vient de lancer un avertissement clair aux formations qui tra\u00eenent encore des boulets financiers. Dans une correspondance adress\u00e9e le 13 avril aux diff\u00e9rentes Ligues, l&rsquo;instance f\u00e9d\u00e9rale a fix\u00e9 au 14 mai prochain la date butoir pour l&rsquo;apurement des cr\u00e9ances, conform\u00e9ment \u00e0 l&rsquo;\u00e9ch\u00e9ancier d\u00e9fini pr\u00e9c\u00e9demment dans la circulaire N.29 de septembre 2024. La Ligue nationale de football amateur (LNFA) a relay\u00e9 cette information dans un communiqu\u00e9 publi\u00e9 lundi, d\u00e9taillant le calendrier mis en place pour cette op\u00e9ration d&rsquo;assainissement financier qui concerne sp\u00e9cifiquement la troisi\u00e8me tranche des cr\u00e9ances. Le processus se d\u00e9roulera en plusieurs \u00e9tapes clairement balis\u00e9es : d\u00e8s le 23 avril 2025, la liste des clubs endett\u00e9s sera affich\u00e9e sur le site internet de la LNFA, offrant ainsi une forme de \u00ab\u00a0name and shame\u00a0\u00bb qui pourrait inciter les retardataires \u00e0 acc\u00e9l\u00e9rer leurs d\u00e9marches. Puis, le 6 mai, un dernier avis sera transmis aux clubs concern\u00e9s, leur rappelant l&rsquo;urgence de la situation. Une ultime p\u00e9riode de gr\u00e2ce s&rsquo;\u00e9tendra du 7 au 14 mai, constituant la derni\u00e8re chance pour les clubs de r\u00e9gulariser leur situation. La LNFA se montre particuli\u00e8rement ferme sur ce point : \u00ab\u00a0Au-del\u00e0 de cette date aucun document relatif au virement d&rsquo;argent ne sera pris en consid\u00e9ration par la Ligue.\u00a0\u00bb Le couperet tombera d\u00e8s le lendemain, avec une r\u00e9union de la commission de discipline programm\u00e9e le 15 mai, qui proc\u00e9dera aux sanctions pr\u00e9vues, notamment la fameuse d\u00e9falcation de points qui pourrait bouleverser le classement \u00e0 l&rsquo;approche du d\u00e9nouement du championnat. Ces cr\u00e9ances concernent deux types de dettes : d&rsquo;une part les amendes prononc\u00e9es par la commission de discipline de la LNFA, arr\u00eat\u00e9es au 22 avril 2025, et d&rsquo;autre part la troisi\u00e8me tranche des dettes consign\u00e9es dans le protocole sign\u00e9 la saison derni\u00e8re entre les clubs et la FAF. Signe de la gravit\u00e9 de la situation, l&rsquo;instance f\u00e9d\u00e9rale a express\u00e9ment demand\u00e9 aux ligues de ne valider aucun classement avant les d\u00e9cisions d\u00e9finitives de la commission de discipline.Cette d\u00e9marche s&rsquo;inscrit dans la politique plus large de la FAF visant \u00e0 assainir les finances du football alg\u00e9rien, particuli\u00e8rement au niveau amateur o\u00f9 la gestion financi\u00e8re reste souvent probl\u00e9matique. Plusieurs clubs de Ligue 2 traversent des difficult\u00e9s \u00e9conomiques importantes, entre subventions insuffisantes, sponsors qui se font rares et billetterie limit\u00e9e. Cette situation pr\u00e9caire conduit certains d&rsquo;entre eux \u00e0 accumuler des dettes et \u00e0 repousser constamment leurs \u00e9ch\u00e9ances de paiement. Pour les formations concern\u00e9es, l&rsquo;\u00e9quation est d\u00e9sormais simple : r\u00e9gler leurs dettes avant le 14 mai ou s&rsquo;exposer \u00e0 des sanctions sportives qui pourraient compromettre leur saison, voire m\u00eame leurs ambitions d&rsquo;accession pour ceux qui luttent en haut du tableau. \u00c0 l&rsquo;inverse, pour les clubs rel\u00e9gables, une d\u00e9falcation de points pourrait d\u00e9finitivement sceller leur sort et les condamner \u00e0 la descente.<\/p>\n\n\n\n<p>M.D.<\/p>\n","protected":false},"excerpt":{"rendered":"<p>L&rsquo;\u00e9tau se resserre autour des clubs endett\u00e9s de la Ligue 2 amateur. Alors que la saison entre dans sa derni\u00e8re<\/p>\n","protected":false},"author":6,"featured_media":33141,"comment_status":"open","ping_status":"closed","sticky":false,"template":"","format":"standard","meta":{"colormag_page_container_layout":"default_layout","colormag_page_sidebar_layout":"default_layout","om_disable_all_campaigns":false,"_monsterinsights_skip_tracking":false,"_monsterinsights_sitenote_active":false,"_monsterinsights_sitenote_note":"","_monsterinsights_sitenote_category":0,"footnotes":"","_wpscppro_dont_share_socialmedia":false,"_wpscppro_custom_social_share_image":0,"_facebook_share_type":"default","_twitter_share_type":"default","_linkedin_share_type":"default","_pinterest_share_type":"default","_linkedin_share_type_page":"","_instagram_share_type":"default","_medium_share_type":"default","_threads_share_type":"","_google_business_share_type":"","_selected_social_profile":[],"_wpsp_enable_custom_social_template":false,"_wpsp_social_scheduling":{"enabled":false,"datetime":null,"platforms":[],"status":"template_only","dateOption":"today","timeOption":"now","customDays":"","customHours":"","customDate":"","customTime":"","schedulingType":"absolute"},"_wpsp_active_default_template":true},"categories":[33],"tags":[],"class_list":["post-65743","post","type-post","status-publish","format-standard","has-post-thumbnail","hentry","category-sports"],"aioseo_notices":[],"yoast_head":"<!-- This site is optimized with the Yoast SEO plugin v27.4 - https:\/\/yoast.com\/product\/yoast-seo-wordpress\/ -->\n<title>Ligue 2 amateur : Le 14 mai dernier d\u00e9lai pour l&rsquo;apurement des dettes des clubs - La Sentinelle<\/title>\n<meta name=\"robots\" content=\"index, follow, max-snippet:-1, max-image-preview:large, max-video-preview:-1\" \/>\n<link rel=\"canonical\" href=\"https:\/\/lasentinelle.dz\/index.php\/2025\/04\/16\/ligue-2-amateur-le-14-mai-dernier-delai-pour-lapurement-des-dettes-des-clubs\/\" \/>\n<meta property=\"og:locale\" content=\"fr_FR\" \/>\n<meta property=\"og:type\" content=\"article\" \/>\n<meta property=\"og:title\" content=\"Ligue 2 amateur : Le 14 mai dernier d\u00e9lai pour l&rsquo;apurement des dettes des clubs - La Sentinelle\" \/>\n<meta property=\"og:description\" content=\"L&rsquo;\u00e9tau se resserre autour des clubs endett\u00e9s de la Ligue 2 amateur. Alors que la saison entre dans sa derni\u00e8re\" \/>\n<meta property=\"og:url\" content=\"https:\/\/lasentinelle.dz\/index.php\/2025\/04\/16\/ligue-2-amateur-le-14-mai-dernier-delai-pour-lapurement-des-dettes-des-clubs\/\" \/>\n<meta property=\"og:site_name\" content=\"La Sentinelle\" \/>\n<meta property=\"article:publisher\" content=\"https:\/\/www.facebook.com\/La-Sentinelle-104059864394773\" \/>\n<meta property=\"article:published_time\" content=\"2025-04-16T08:34:40+00:00\" \/>\n<meta property=\"article:modified_time\" content=\"2025-04-16T08:34:41+00:00\" \/>\n<meta property=\"og:image\" content=\"https:\/\/lasentinelle.dz\/wp-content\/uploads\/2022\/12\/Ligue-2.png\" \/>\n\t<meta property=\"og:image:width\" content=\"1385\" \/>\n\t<meta property=\"og:image:height\" content=\"900\" \/>\n\t<meta property=\"og:image:type\" content=\"image\/png\" \/>\n<meta name=\"author\" content=\"admin\" \/>\n<meta name=\"twitter:card\" content=\"summary_large_image\" \/>\n<meta name=\"twitter:label1\" content=\"\u00c9crit par\" \/>\n\t<meta name=\"twitter:data1\" content=\"admin\" \/>\n\t<meta name=\"twitter:label2\" content=\"Dur\u00e9e de lecture estim\u00e9e\" \/>\n\t<meta name=\"twitter:data2\" content=\"3 minutes\" \/>\n<script type=\"application\/ld+json\" class=\"yoast-schema-graph\">{\"@context\":\"https:\\\/\\\/schema.org\",\"@graph\":[{\"@type\":\"Article\",\"@id\":\"https:\\\/\\\/lasentinelle.dz\\\/index.php\\\/2025\\\/04\\\/16\\\/ligue-2-amateur-le-14-mai-dernier-delai-pour-lapurement-des-dettes-des-clubs\\\/#article\",\"isPartOf\":{\"@id\":\"https:\\\/\\\/lasentinelle.dz\\\/index.php\\\/2025\\\/04\\\/16\\\/ligue-2-amateur-le-14-mai-dernier-delai-pour-lapurement-des-dettes-des-clubs\\\/\"},\"author\":{\"name\":\"admin\",\"@id\":\"https:\\\/\\\/lasentinelle.dz\\\/#\\\/schema\\\/person\\\/729ee0024f24e0b8c5ec17232f8e8b41\"},\"headline\":\"Ligue 2 amateur : Le 14 mai dernier d\u00e9lai pour l&rsquo;apurement des dettes des clubs\",\"datePublished\":\"2025-04-16T08:34:40+00:00\",\"dateModified\":\"2025-04-16T08:34:41+00:00\",\"mainEntityOfPage\":{\"@id\":\"https:\\\/\\\/lasentinelle.dz\\\/index.php\\\/2025\\\/04\\\/16\\\/ligue-2-amateur-le-14-mai-dernier-delai-pour-lapurement-des-dettes-des-clubs\\\/\"},\"wordCount\":561,\"commentCount\":0,\"publisher\":{\"@id\":\"https:\\\/\\\/lasentinelle.dz\\\/#organization\"},\"image\":{\"@id\":\"https:\\\/\\\/lasentinelle.dz\\\/index.php\\\/2025\\\/04\\\/16\\\/ligue-2-amateur-le-14-mai-dernier-delai-pour-lapurement-des-dettes-des-clubs\\\/#primaryimage\"},\"thumbnailUrl\":\"https:\\\/\\\/lasentinelle.dz\\\/wp-content\\\/uploads\\\/2022\\\/12\\\/Ligue-2.png\",\"articleSection\":[\"Sports\"],\"inLanguage\":\"fr-FR\",\"potentialAction\":[{\"@type\":\"CommentAction\",\"name\":\"Comment\",\"target\":[\"https:\\\/\\\/lasentinelle.dz\\\/index.php\\\/2025\\\/04\\\/16\\\/ligue-2-amateur-le-14-mai-dernier-delai-pour-lapurement-des-dettes-des-clubs\\\/#respond\"]}]},{\"@type\":\"WebPage\",\"@id\":\"https:\\\/\\\/lasentinelle.dz\\\/index.php\\\/2025\\\/04\\\/16\\\/ligue-2-amateur-le-14-mai-dernier-delai-pour-lapurement-des-dettes-des-clubs\\\/\",\"url\":\"https:\\\/\\\/lasentinelle.dz\\\/index.php\\\/2025\\\/04\\\/16\\\/ligue-2-amateur-le-14-mai-dernier-delai-pour-lapurement-des-dettes-des-clubs\\\/\",\"name\":\"Ligue 2 amateur : Le 14 mai dernier d\u00e9lai pour l&rsquo;apurement des dettes des clubs - La Sentinelle\",\"isPartOf\":{\"@id\":\"https:\\\/\\\/lasentinelle.dz\\\/#website\"},\"primaryImageOfPage\":{\"@id\":\"https:\\\/\\\/lasentinelle.dz\\\/index.php\\\/2025\\\/04\\\/16\\\/ligue-2-amateur-le-14-mai-dernier-delai-pour-lapurement-des-dettes-des-clubs\\\/#primaryimage\"},\"image\":{\"@id\":\"https:\\\/\\\/lasentinelle.dz\\\/index.php\\\/2025\\\/04\\\/16\\\/ligue-2-amateur-le-14-mai-dernier-delai-pour-lapurement-des-dettes-des-clubs\\\/#primaryimage\"},\"thumbnailUrl\":\"https:\\\/\\\/lasentinelle.dz\\\/wp-content\\\/uploads\\\/2022\\\/12\\\/Ligue-2.png\",\"datePublished\":\"2025-04-16T08:34:40+00:00\",\"dateModified\":\"2025-04-16T08:34:41+00:00\",\"breadcrumb\":{\"@id\":\"https:\\\/\\\/lasentinelle.dz\\\/index.php\\\/2025\\\/04\\\/16\\\/ligue-2-amateur-le-14-mai-dernier-delai-pour-lapurement-des-dettes-des-clubs\\\/#breadcrumb\"},\"inLanguage\":\"fr-FR\",\"potentialAction\":[{\"@type\":\"ReadAction\",\"target\":[\"https:\\\/\\\/lasentinelle.dz\\\/index.php\\\/2025\\\/04\\\/16\\\/ligue-2-amateur-le-14-mai-dernier-delai-pour-lapurement-des-dettes-des-clubs\\\/\"]}]},{\"@type\":\"ImageObject\",\"inLanguage\":\"fr-FR\",\"@id\":\"https:\\\/\\\/lasentinelle.dz\\\/index.php\\\/2025\\\/04\\\/16\\\/ligue-2-amateur-le-14-mai-dernier-delai-pour-lapurement-des-dettes-des-clubs\\\/#primaryimage\",\"url\":\"https:\\\/\\\/lasentinelle.dz\\\/wp-content\\\/uploads\\\/2022\\\/12\\\/Ligue-2.png\",\"contentUrl\":\"https:\\\/\\\/lasentinelle.dz\\\/wp-content\\\/uploads\\\/2022\\\/12\\\/Ligue-2.png\",\"width\":1385,\"height\":900},{\"@type\":\"BreadcrumbList\",\"@id\":\"https:\\\/\\\/lasentinelle.dz\\\/index.php\\\/2025\\\/04\\\/16\\\/ligue-2-amateur-le-14-mai-dernier-delai-pour-lapurement-des-dettes-des-clubs\\\/#breadcrumb\",\"itemListElement\":[{\"@type\":\"ListItem\",\"position\":1,\"name\":\"Accueil\",\"item\":\"https:\\\/\\\/lasentinelle.dz\\\/\"},{\"@type\":\"ListItem\",\"position\":2,\"name\":\"Ligue 2 amateur : Le 14 mai dernier d\u00e9lai pour l&rsquo;apurement des dettes des clubs\"}]},{\"@type\":\"WebSite\",\"@id\":\"https:\\\/\\\/lasentinelle.dz\\\/#website\",\"url\":\"https:\\\/\\\/lasentinelle.dz\\\/\",\"name\":\"La Sentinelle\",\"description\":\"Quotidien national d&#039;information\",\"publisher\":{\"@id\":\"https:\\\/\\\/lasentinelle.dz\\\/#organization\"},\"potentialAction\":[{\"@type\":\"SearchAction\",\"target\":{\"@type\":\"EntryPoint\",\"urlTemplate\":\"https:\\\/\\\/lasentinelle.dz\\\/?s={search_term_string}\"},\"query-input\":{\"@type\":\"PropertyValueSpecification\",\"valueRequired\":true,\"valueName\":\"search_term_string\"}}],\"inLanguage\":\"fr-FR\"},{\"@type\":\"Organization\",\"@id\":\"https:\\\/\\\/lasentinelle.dz\\\/#organization\",\"name\":\"Quotidien La Sentinelle\",\"url\":\"https:\\\/\\\/lasentinelle.dz\\\/\",\"logo\":{\"@type\":\"ImageObject\",\"inLanguage\":\"fr-FR\",\"@id\":\"https:\\\/\\\/lasentinelle.dz\\\/#\\\/schema\\\/logo\\\/image\\\/\",\"url\":\"https:\\\/\\\/lasentinelle.dz\\\/wp-content\\\/uploads\\\/2021\\\/09\\\/logo-sentinelleSLOGAN-1.png\",\"contentUrl\":\"https:\\\/\\\/lasentinelle.dz\\\/wp-content\\\/uploads\\\/2021\\\/09\\\/logo-sentinelleSLOGAN-1.png\",\"width\":615,\"height\":142,\"caption\":\"Quotidien La Sentinelle\"},\"image\":{\"@id\":\"https:\\\/\\\/lasentinelle.dz\\\/#\\\/schema\\\/logo\\\/image\\\/\"},\"sameAs\":[\"https:\\\/\\\/www.facebook.com\\\/La-Sentinelle-104059864394773\"]},{\"@type\":\"Person\",\"@id\":\"https:\\\/\\\/lasentinelle.dz\\\/#\\\/schema\\\/person\\\/729ee0024f24e0b8c5ec17232f8e8b41\",\"name\":\"admin\",\"image\":{\"@type\":\"ImageObject\",\"inLanguage\":\"fr-FR\",\"@id\":\"https:\\\/\\\/secure.gravatar.com\\\/avatar\\\/4c81fed838786e9b53f540bf46533e750f5d292099ae3b66cfc6fb1982e29df7?s=96&d=mm&r=g\",\"url\":\"https:\\\/\\\/secure.gravatar.com\\\/avatar\\\/4c81fed838786e9b53f540bf46533e750f5d292099ae3b66cfc6fb1982e29df7?s=96&d=mm&r=g\",\"contentUrl\":\"https:\\\/\\\/secure.gravatar.com\\\/avatar\\\/4c81fed838786e9b53f540bf46533e750f5d292099ae3b66cfc6fb1982e29df7?s=96&d=mm&r=g\",\"caption\":\"admin\"},\"description\":\"admin\",\"url\":\"https:\\\/\\\/lasentinelle.dz\\\/author\\\/admin\\\/\"}]}<\/script>\n<!-- \/ Yoast SEO plugin. -->","yoast_head_json":{"title":"Ligue 2 amateur : Le 14 mai dernier d\u00e9lai pour l&rsquo;apurement des dettes des clubs - La Sentinelle","robots":{"index":"index","follow":"follow","max-snippet":"max-snippet:-1","max-image-preview":"max-image-preview:large","max-video-preview":"max-video-preview:-1"},"canonical":"https:\/\/lasentinelle.dz\/index.php\/2025\/04\/16\/ligue-2-amateur-le-14-mai-dernier-delai-pour-lapurement-des-dettes-des-clubs\/","og_locale":"fr_FR","og_type":"article","og_title":"Ligue 2 amateur : Le 14 mai dernier d\u00e9lai pour l&rsquo;apurement des dettes des clubs - La Sentinelle","og_description":"L&rsquo;\u00e9tau se resserre autour des clubs endett\u00e9s de la Ligue 2 amateur. Alors que la saison entre dans sa derni\u00e8re","og_url":"https:\/\/lasentinelle.dz\/index.php\/2025\/04\/16\/ligue-2-amateur-le-14-mai-dernier-delai-pour-lapurement-des-dettes-des-clubs\/","og_site_name":"La Sentinelle","article_publisher":"https:\/\/www.facebook.com\/La-Sentinelle-104059864394773","article_published_time":"2025-04-16T08:34:40+00:00","article_modified_time":"2025-04-16T08:34:41+00:00","og_image":[{"width":1385,"height":900,"url":"https:\/\/lasentinelle.dz\/wp-content\/uploads\/2022\/12\/Ligue-2.png","type":"image\/png"}],"author":"admin","twitter_card":"summary_large_image","twitter_misc":{"\u00c9crit par":"admin","Dur\u00e9e de lecture estim\u00e9e":"3 minutes"},"schema":{"@context":"https:\/\/schema.org","@graph":[{"@type":"Article","@id":"https:\/\/lasentinelle.dz\/index.php\/2025\/04\/16\/ligue-2-amateur-le-14-mai-dernier-delai-pour-lapurement-des-dettes-des-clubs\/#article","isPartOf":{"@id":"https:\/\/lasentinelle.dz\/index.php\/2025\/04\/16\/ligue-2-amateur-le-14-mai-dernier-delai-pour-lapurement-des-dettes-des-clubs\/"},"author":{"name":"admin","@id":"https:\/\/lasentinelle.dz\/#\/schema\/person\/729ee0024f24e0b8c5ec17232f8e8b41"},"headline":"Ligue 2 amateur : Le 14 mai dernier d\u00e9lai pour l&rsquo;apurement des dettes des clubs","datePublished":"2025-04-16T08:34:40+00:00","dateModified":"2025-04-16T08:34:41+00:00","mainEntityOfPage":{"@id":"https:\/\/lasentinelle.dz\/index.php\/2025\/04\/16\/ligue-2-amateur-le-14-mai-dernier-delai-pour-lapurement-des-dettes-des-clubs\/"},"wordCount":561,"commentCount":0,"publisher":{"@id":"https:\/\/lasentinelle.dz\/#organization"},"image":{"@id":"https:\/\/lasentinelle.dz\/index.php\/2025\/04\/16\/ligue-2-amateur-le-14-mai-dernier-delai-pour-lapurement-des-dettes-des-clubs\/#primaryimage"},"thumbnailUrl":"https:\/\/lasentinelle.dz\/wp-content\/uploads\/2022\/12\/Ligue-2.png","articleSection":["Sports"],"inLanguage":"fr-FR","potentialAction":[{"@type":"CommentAction","name":"Comment","target":["https:\/\/lasentinelle.dz\/index.php\/2025\/04\/16\/ligue-2-amateur-le-14-mai-dernier-delai-pour-lapurement-des-dettes-des-clubs\/#respond"]}]},{"@type":"WebPage","@id":"https:\/\/lasentinelle.dz\/index.php\/2025\/04\/16\/ligue-2-amateur-le-14-mai-dernier-delai-pour-lapurement-des-dettes-des-clubs\/","url":"https:\/\/lasentinelle.dz\/index.php\/2025\/04\/16\/ligue-2-amateur-le-14-mai-dernier-delai-pour-lapurement-des-dettes-des-clubs\/","name":"Ligue 2 amateur : Le 14 mai dernier d\u00e9lai pour l&rsquo;apurement des dettes des clubs - La Sentinelle","isPartOf":{"@id":"https:\/\/lasentinelle.dz\/#website"},"primaryImageOfPage":{"@id":"https:\/\/lasentinelle.dz\/index.php\/2025\/04\/16\/ligue-2-amateur-le-14-mai-dernier-delai-pour-lapurement-des-dettes-des-clubs\/#primaryimage"},"image":{"@id":"https:\/\/lasentinelle.dz\/index.php\/2025\/04\/16\/ligue-2-amateur-le-14-mai-dernier-delai-pour-lapurement-des-dettes-des-clubs\/#primaryimage"},"thumbnailUrl":"https:\/\/lasentinelle.dz\/wp-content\/uploads\/2022\/12\/Ligue-2.png","datePublished":"2025-04-16T08:34:40+00:00","dateModified":"2025-04-16T08:34:41+00:00","breadcrumb":{"@id":"https:\/\/lasentinelle.dz\/index.php\/2025\/04\/16\/ligue-2-amateur-le-14-mai-dernier-delai-pour-lapurement-des-dettes-des-clubs\/#breadcrumb"},"inLanguage":"fr-FR","potentialAction":[{"@type":"ReadAction","target":["https:\/\/lasentinelle.dz\/index.php\/2025\/04\/16\/ligue-2-amateur-le-14-mai-dernier-delai-pour-lapurement-des-dettes-des-clubs\/"]}]},{"@type":"ImageObject","inLanguage":"fr-FR","@id":"https:\/\/lasentinelle.dz\/index.php\/2025\/04\/16\/ligue-2-amateur-le-14-mai-dernier-delai-pour-lapurement-des-dettes-des-clubs\/#primaryimage","url":"https:\/\/lasentinelle.dz\/wp-content\/uploads\/2022\/12\/Ligue-2.png","contentUrl":"https:\/\/lasentinelle.dz\/wp-content\/uploads\/2022\/12\/Ligue-2.png","width":1385,"height":900},{"@type":"BreadcrumbList","@id":"https:\/\/lasentinelle.dz\/index.php\/2025\/04\/16\/ligue-2-amateur-le-14-mai-dernier-delai-pour-lapurement-des-dettes-des-clubs\/#breadcrumb","itemListElement":[{"@type":"ListItem","position":1,"name":"Accueil","item":"https:\/\/lasentinelle.dz\/"},{"@type":"ListItem","position":2,"name":"Ligue 2 amateur : Le 14 mai dernier d\u00e9lai pour l&rsquo;apurement des dettes des clubs"}]},{"@type":"WebSite","@id":"https:\/\/lasentinelle.dz\/#website","url":"https:\/\/lasentinelle.dz\/","name":"La Sentinelle","description":"Quotidien national d&#039;information","publisher":{"@id":"https:\/\/lasentinelle.dz\/#organization"},"potentialAction":[{"@type":"SearchAction","target":{"@type":"EntryPoint","urlTemplate":"https:\/\/lasentinelle.dz\/?s={search_term_string}"},"query-input":{"@type":"PropertyValueSpecification","valueRequired":true,"valueName":"search_term_string"}}],"inLanguage":"fr-FR"},{"@type":"Organization","@id":"https:\/\/lasentinelle.dz\/#organization","name":"Quotidien La Sentinelle","url":"https:\/\/lasentinelle.dz\/","logo":{"@type":"ImageObject","inLanguage":"fr-FR","@id":"https:\/\/lasentinelle.dz\/#\/schema\/logo\/image\/","url":"https:\/\/lasentinelle.dz\/wp-content\/uploads\/2021\/09\/logo-sentinelleSLOGAN-1.png","contentUrl":"https:\/\/lasentinelle.dz\/wp-content\/uploads\/2021\/09\/logo-sentinelleSLOGAN-1.png","width":615,"height":142,"caption":"Quotidien La Sentinelle"},"image":{"@id":"https:\/\/lasentinelle.dz\/#\/schema\/logo\/image\/"},"sameAs":["https:\/\/www.facebook.com\/La-Sentinelle-104059864394773"]},{"@type":"Person","@id":"https:\/\/lasentinelle.dz\/#\/schema\/person\/729ee0024f24e0b8c5ec17232f8e8b41","name":"admin","image":{"@type":"ImageObject","inLanguage":"fr-FR","@id":"https:\/\/secure.gravatar.com\/avatar\/4c81fed838786e9b53f540bf46533e750f5d292099ae3b66cfc6fb1982e29df7?s=96&d=mm&r=g","url":"https:\/\/secure.gravatar.com\/avatar\/4c81fed838786e9b53f540bf46533e750f5d292099ae3b66cfc6fb1982e29df7?s=96&d=mm&r=g","contentUrl":"https:\/\/secure.gravatar.com\/avatar\/4c81fed838786e9b53f540bf46533e750f5d292099ae3b66cfc6fb1982e29df7?s=96&d=mm&r=g","caption":"admin"},"description":"admin","url":"https:\/\/lasentinelle.dz\/author\/admin\/"}]}},"_links":{"self":[{"href":"https:\/\/lasentinelle.dz\/index.php\/wp-json\/wp\/v2\/posts\/65743","targetHints":{"allow":["GET"]}}],"collection":[{"href":"https:\/\/lasentinelle.dz\/index.php\/wp-json\/wp\/v2\/posts"}],"about":[{"href":"https:\/\/lasentinelle.dz\/index.php\/wp-json\/wp\/v2\/types\/post"}],"author":[{"embeddable":true,"href":"https:\/\/lasentinelle.dz\/index.php\/wp-json\/wp\/v2\/users\/6"}],"replies":[{"embeddable":true,"href":"https:\/\/lasentinelle.dz\/index.php\/wp-json\/wp\/v2\/comments?post=65743"}],"version-history":[{"count":2,"href":"https:\/\/lasentinelle.dz\/index.php\/wp-json\/wp\/v2\/posts\/65743\/revisions"}],"predecessor-version":[{"id":65745,"href":"https:\/\/lasentinelle.dz\/index.php\/wp-json\/wp\/v2\/posts\/65743\/revisions\/65745"}],"wp:featuredmedia":[{"embeddable":true,"href":"https:\/\/lasentinelle.dz\/index.php\/wp-json\/wp\/v2\/media\/33141"}],"wp:attachment":[{"href":"https:\/\/lasentinelle.dz\/index.php\/wp-json\/wp\/v2\/media?parent=65743"}],"wp:term":[{"taxonomy":"category","embeddable":true,"href":"https:\/\/lasentinelle.dz\/index.php\/wp-json\/wp\/v2\/categories?post=65743"},{"taxonomy":"post_tag","embeddable":true,"href":"https:\/\/lasentinelle.dz\/index.php\/wp-json\/wp\/v2\/tags?post=65743"}],"curies":[{"name":"wp","href":"https:\/\/api.w.org\/{rel}","templated":true}]}}