{"id":65788,"date":"2025-04-16T10:03:25","date_gmt":"2025-04-16T09:03:25","guid":{"rendered":"https:\/\/lasentinelle.dz\/?p=65788"},"modified":"2025-04-16T10:03:26","modified_gmt":"2025-04-16T09:03:26","slug":"le-crea-annule-sa-visite-en-france-et-sa-rencontre-avec-le-medef","status":"publish","type":"post","link":"https:\/\/lasentinelle.dz\/index.php\/2025\/04\/16\/le-crea-annule-sa-visite-en-france-et-sa-rencontre-avec-le-medef\/","title":{"rendered":"Le CREA annule sa visite en France et sa rencontre avec le MEDEF"},"content":{"rendered":"\n<p>Dans un contexte de relations diplomatiques tendues entre l&rsquo;Alg\u00e9rie et la France, le Conseil du Renouveau \u00e9conomique alg\u00e9rien (CREA) vient d&rsquo;annoncer l&rsquo;annulation de sa visite en France en r\u00e9action \u00e0 l&rsquo;annulation d&rsquo;un important investisseur fran\u00e7ais en Alg\u00e9rie. \u00ab\u00a0Le CREA annonce l&rsquo;annulation de sa visite en France, ainsi que de la rencontre pr\u00e9vue avec le Mouvement des entreprises de France (MEDEF)\u00a0\u00bb indique un communiqu\u00e9 publi\u00e9 ce mardi. Cette d\u00e9cision majeure \u00ab\u00a0intervient \u00e0 la suite d&rsquo;une mesure prise par les autorit\u00e9s fran\u00e7aises, d\u00e9conseillant fortement \u00e0 un dirigeant d&rsquo;une entreprise fran\u00e7aise de transport maritime de se rendre en Alg\u00e9rie pour concr\u00e9tiser un projet d&rsquo;investissement\u00a0\u00bb. L&rsquo;organisation patronale alg\u00e9rienne souligne que \u00ab\u00a0cette annulation provoqu\u00e9e et justifi\u00e9e par les autorit\u00e9s fran\u00e7aises au motif de la +crise entre les deux pays+, contredit les d\u00e9clarations officielles appelant \u00e0 l&rsquo;apaisement et \u00e0 la normalisation des relations alg\u00e9ro-fran\u00e7aises\u00a0\u00bb. Le CREA exprime son incompr\u00e9hension face \u00e0 ce qu&rsquo;il consid\u00e8re comme une incoh\u00e9rence : \u00ab\u00a0Il est paradoxal que les m\u00eames autorit\u00e9s fran\u00e7aises, qui expriment des pr\u00e9occupations quant \u00e0 la participation limit\u00e9e des entreprises fran\u00e7aises aux appels d&rsquo;offres internationaux en Alg\u00e9rie, prennent des mesures qui entravent les initiatives d&rsquo;investissement priv\u00e9s\u00a0\u00bb. \u00ab\u00a0Face \u00e0 cette situation incoh\u00e9rente et aux signaux n\u00e9gatifs adress\u00e9s aux acteurs \u00e9conomiques alg\u00e9riens\u00a0\u00bb, l&rsquo;organisation estime qu&rsquo;il \u00ab\u00a0n&rsquo;est pas opportun de maintenir sa visite en France ni sa rencontre avec le MEDEF\u00a0\u00bb. Le communiqu\u00e9 se conclut en affirmant que l&rsquo;organisation patronale alg\u00e9rienne \u00ab\u00a0r\u00e9affirme son engagement en faveur de partenariats internationaux fond\u00e9s sur la r\u00e9ciprocit\u00e9, la transparence et le respect mutuel et demeure mobilis\u00e9 pour d\u00e9fendre les int\u00e9r\u00eats de l&rsquo;\u00e9conomie alg\u00e9rienne et de ses acteurs\u00a0\u00bb.<\/p>\n\n\n\n<p><strong>Rodolphe Saad\u00e9 annule sa visite en Alg\u00e9rie<\/strong><\/p>\n\n\n\n<p>Si le CREA ne nomme pas explicitement le dirigeant fran\u00e7ais concern\u00e9, il s&rsquo;agirait de Rodolphe Saad\u00e9, PDG du g\u00e9ant maritime CMA CGM, qui devait venir en Alg\u00e9rie hier mardi pour finaliser un ambitieux projet d&rsquo;investissement. Le milliardaire franco-libanais, proche du pr\u00e9sident Emmanuel Macron et propri\u00e9taire de m\u00e9dias fran\u00e7ais comme BFMTV et RMC, pr\u00e9voyait de d\u00e9velopper des infrastructures portuaires et logistiques en Alg\u00e9rie pour plusieurs milliards d&rsquo;euros. Cette visite d&rsquo;affaires, pr\u00e9par\u00e9e depuis pr\u00e8s d&rsquo;un an, aurait pu constituer une avanc\u00e9e significative dans les relations \u00e9conomiques entre les deux pays.<\/p>\n\n\n\n<p>La rencontre entre le CREA et le MEDEF \u00e9tait initialement programm\u00e9e pour le 9 mai, date annonc\u00e9e par le ministre fran\u00e7ais des Affaires \u00e9trang\u00e8res Jean-No\u00ebl Barrot lors de sa r\u00e9cente visite \u00e0 Alger le 6 avril. Cette annulation survient dans un contexte particuli\u00e8rement d\u00e9licat, moins d&rsquo;une semaine apr\u00e8s l&rsquo;arrestation d&rsquo;un agent consulaire alg\u00e9rien en France, qui a compromis la fragile d\u00e9tente \u00e9tablie entre les pr\u00e9sidents Tebboune et Macron lors d&rsquo;un entretien t\u00e9l\u00e9phonique le 31 mars dernier, apr\u00e8s huit mois de tensions sans pr\u00e9c\u00e9dent entre Alger et Paris.<\/p>\n\n\n\n<p>Sabrina Aziouez<\/p>\n","protected":false},"excerpt":{"rendered":"<p>Dans un contexte de relations diplomatiques tendues entre l&rsquo;Alg\u00e9rie et la France, le Conseil du Renouveau \u00e9conomique alg\u00e9rien (CREA) vient<\/p>\n","protected":false},"author":6,"featured_media":60912,"comment_status":"open","ping_status":"closed","sticky":false,"template":"","format":"standard","meta":{"colormag_page_container_layout":"default_layout","colormag_page_sidebar_layout":"default_layout","om_disable_all_campaigns":false,"_monsterinsights_skip_tracking":false,"_monsterinsights_sitenote_active":false,"_monsterinsights_sitenote_note":"","_monsterinsights_sitenote_category":0,"footnotes":"","_wpscppro_dont_share_socialmedia":false,"_wpscppro_custom_social_share_image":0,"_facebook_share_type":"default","_twitter_share_type":"default","_linkedin_share_type":"default","_pinterest_share_type":"default","_linkedin_share_type_page":"","_instagram_share_type":"default","_medium_share_type":"default","_threads_share_type":"","_google_business_share_type":"","_selected_social_profile":[],"_wpsp_enable_custom_social_template":false,"_wpsp_social_scheduling":{"enabled":false,"datetime":null,"platforms":[],"status":"template_only","dateOption":"today","timeOption":"now","customDays":"","customHours":"","customDate":"","customTime":"","schedulingType":"absolute"},"_wpsp_active_default_template":true},"categories":[27],"tags":[],"class_list":["post-65788","post","type-post","status-publish","format-standard","has-post-thumbnail","hentry","category-actualite"],"aioseo_notices":[],"yoast_head":"<!-- This site is optimized with the Yoast SEO plugin v27.5 - https:\/\/yoast.com\/product\/yoast-seo-wordpress\/ -->\n<title>Le CREA annule sa visite en France et sa rencontre avec le MEDEF - La Sentinelle<\/title>\n<meta name=\"robots\" content=\"index, follow, max-snippet:-1, max-image-preview:large, max-video-preview:-1\" \/>\n<link rel=\"canonical\" href=\"https:\/\/lasentinelle.dz\/index.php\/2025\/04\/16\/le-crea-annule-sa-visite-en-france-et-sa-rencontre-avec-le-medef\/\" \/>\n<meta property=\"og:locale\" content=\"fr_FR\" \/>\n<meta property=\"og:type\" content=\"article\" \/>\n<meta property=\"og:title\" content=\"Le CREA annule sa visite en France et sa rencontre avec le MEDEF - La Sentinelle\" \/>\n<meta property=\"og:description\" content=\"Dans un contexte de relations diplomatiques tendues entre l&rsquo;Alg\u00e9rie et la France, le Conseil du Renouveau \u00e9conomique alg\u00e9rien (CREA) vient\" \/>\n<meta property=\"og:url\" content=\"https:\/\/lasentinelle.dz\/index.php\/2025\/04\/16\/le-crea-annule-sa-visite-en-france-et-sa-rencontre-avec-le-medef\/\" \/>\n<meta property=\"og:site_name\" content=\"La Sentinelle\" \/>\n<meta property=\"article:publisher\" content=\"https:\/\/www.facebook.com\/La-Sentinelle-104059864394773\" \/>\n<meta property=\"article:published_time\" content=\"2025-04-16T09:03:25+00:00\" \/>\n<meta property=\"article:modified_time\" content=\"2025-04-16T09:03:26+00:00\" \/>\n<meta property=\"og:image\" content=\"https:\/\/lasentinelle.dz\/wp-content\/uploads\/2024\/12\/crea.jpg\" \/>\n\t<meta property=\"og:image:width\" content=\"745\" \/>\n\t<meta property=\"og:image:height\" content=\"470\" \/>\n\t<meta property=\"og:image:type\" content=\"image\/jpeg\" \/>\n<meta name=\"author\" content=\"admin\" \/>\n<meta name=\"twitter:card\" content=\"summary_large_image\" \/>\n<meta name=\"twitter:label1\" content=\"\u00c9crit par\" \/>\n\t<meta name=\"twitter:data1\" content=\"admin\" \/>\n\t<meta name=\"twitter:label2\" content=\"Dur\u00e9e de lecture estim\u00e9e\" \/>\n\t<meta name=\"twitter:data2\" content=\"3 minutes\" \/>\n<script type=\"application\/ld+json\" class=\"yoast-schema-graph\">{\"@context\":\"https:\\\/\\\/schema.org\",\"@graph\":[{\"@type\":\"Article\",\"@id\":\"https:\\\/\\\/lasentinelle.dz\\\/index.php\\\/2025\\\/04\\\/16\\\/le-crea-annule-sa-visite-en-france-et-sa-rencontre-avec-le-medef\\\/#article\",\"isPartOf\":{\"@id\":\"https:\\\/\\\/lasentinelle.dz\\\/index.php\\\/2025\\\/04\\\/16\\\/le-crea-annule-sa-visite-en-france-et-sa-rencontre-avec-le-medef\\\/\"},\"author\":{\"name\":\"admin\",\"@id\":\"https:\\\/\\\/lasentinelle.dz\\\/#\\\/schema\\\/person\\\/729ee0024f24e0b8c5ec17232f8e8b41\"},\"headline\":\"Le CREA annule sa visite en France et sa rencontre avec le MEDEF\",\"datePublished\":\"2025-04-16T09:03:25+00:00\",\"dateModified\":\"2025-04-16T09:03:26+00:00\",\"mainEntityOfPage\":{\"@id\":\"https:\\\/\\\/lasentinelle.dz\\\/index.php\\\/2025\\\/04\\\/16\\\/le-crea-annule-sa-visite-en-france-et-sa-rencontre-avec-le-medef\\\/\"},\"wordCount\":549,\"commentCount\":0,\"publisher\":{\"@id\":\"https:\\\/\\\/lasentinelle.dz\\\/#organization\"},\"image\":{\"@id\":\"https:\\\/\\\/lasentinelle.dz\\\/index.php\\\/2025\\\/04\\\/16\\\/le-crea-annule-sa-visite-en-france-et-sa-rencontre-avec-le-medef\\\/#primaryimage\"},\"thumbnailUrl\":\"https:\\\/\\\/lasentinelle.dz\\\/wp-content\\\/uploads\\\/2024\\\/12\\\/crea.jpg\",\"articleSection\":[\"Actualit\u00e9\"],\"inLanguage\":\"fr-FR\",\"potentialAction\":[{\"@type\":\"CommentAction\",\"name\":\"Comment\",\"target\":[\"https:\\\/\\\/lasentinelle.dz\\\/index.php\\\/2025\\\/04\\\/16\\\/le-crea-annule-sa-visite-en-france-et-sa-rencontre-avec-le-medef\\\/#respond\"]}]},{\"@type\":\"WebPage\",\"@id\":\"https:\\\/\\\/lasentinelle.dz\\\/index.php\\\/2025\\\/04\\\/16\\\/le-crea-annule-sa-visite-en-france-et-sa-rencontre-avec-le-medef\\\/\",\"url\":\"https:\\\/\\\/lasentinelle.dz\\\/index.php\\\/2025\\\/04\\\/16\\\/le-crea-annule-sa-visite-en-france-et-sa-rencontre-avec-le-medef\\\/\",\"name\":\"Le CREA annule sa visite en France et sa rencontre avec le MEDEF - La Sentinelle\",\"isPartOf\":{\"@id\":\"https:\\\/\\\/lasentinelle.dz\\\/#website\"},\"primaryImageOfPage\":{\"@id\":\"https:\\\/\\\/lasentinelle.dz\\\/index.php\\\/2025\\\/04\\\/16\\\/le-crea-annule-sa-visite-en-france-et-sa-rencontre-avec-le-medef\\\/#primaryimage\"},\"image\":{\"@id\":\"https:\\\/\\\/lasentinelle.dz\\\/index.php\\\/2025\\\/04\\\/16\\\/le-crea-annule-sa-visite-en-france-et-sa-rencontre-avec-le-medef\\\/#primaryimage\"},\"thumbnailUrl\":\"https:\\\/\\\/lasentinelle.dz\\\/wp-content\\\/uploads\\\/2024\\\/12\\\/crea.jpg\",\"datePublished\":\"2025-04-16T09:03:25+00:00\",\"dateModified\":\"2025-04-16T09:03:26+00:00\",\"breadcrumb\":{\"@id\":\"https:\\\/\\\/lasentinelle.dz\\\/index.php\\\/2025\\\/04\\\/16\\\/le-crea-annule-sa-visite-en-france-et-sa-rencontre-avec-le-medef\\\/#breadcrumb\"},\"inLanguage\":\"fr-FR\",\"potentialAction\":[{\"@type\":\"ReadAction\",\"target\":[\"https:\\\/\\\/lasentinelle.dz\\\/index.php\\\/2025\\\/04\\\/16\\\/le-crea-annule-sa-visite-en-france-et-sa-rencontre-avec-le-medef\\\/\"]}]},{\"@type\":\"ImageObject\",\"inLanguage\":\"fr-FR\",\"@id\":\"https:\\\/\\\/lasentinelle.dz\\\/index.php\\\/2025\\\/04\\\/16\\\/le-crea-annule-sa-visite-en-france-et-sa-rencontre-avec-le-medef\\\/#primaryimage\",\"url\":\"https:\\\/\\\/lasentinelle.dz\\\/wp-content\\\/uploads\\\/2024\\\/12\\\/crea.jpg\",\"contentUrl\":\"https:\\\/\\\/lasentinelle.dz\\\/wp-content\\\/uploads\\\/2024\\\/12\\\/crea.jpg\",\"width\":745,\"height\":470},{\"@type\":\"BreadcrumbList\",\"@id\":\"https:\\\/\\\/lasentinelle.dz\\\/index.php\\\/2025\\\/04\\\/16\\\/le-crea-annule-sa-visite-en-france-et-sa-rencontre-avec-le-medef\\\/#breadcrumb\",\"itemListElement\":[{\"@type\":\"ListItem\",\"position\":1,\"name\":\"Accueil\",\"item\":\"https:\\\/\\\/lasentinelle.dz\\\/\"},{\"@type\":\"ListItem\",\"position\":2,\"name\":\"Le CREA annule sa visite en France et sa rencontre avec le MEDEF\"}]},{\"@type\":\"WebSite\",\"@id\":\"https:\\\/\\\/lasentinelle.dz\\\/#website\",\"url\":\"https:\\\/\\\/lasentinelle.dz\\\/\",\"name\":\"La Sentinelle\",\"description\":\"Quotidien national d&#039;information\",\"publisher\":{\"@id\":\"https:\\\/\\\/lasentinelle.dz\\\/#organization\"},\"potentialAction\":[{\"@type\":\"SearchAction\",\"target\":{\"@type\":\"EntryPoint\",\"urlTemplate\":\"https:\\\/\\\/lasentinelle.dz\\\/?s={search_term_string}\"},\"query-input\":{\"@type\":\"PropertyValueSpecification\",\"valueRequired\":true,\"valueName\":\"search_term_string\"}}],\"inLanguage\":\"fr-FR\"},{\"@type\":\"Organization\",\"@id\":\"https:\\\/\\\/lasentinelle.dz\\\/#organization\",\"name\":\"Quotidien La Sentinelle\",\"url\":\"https:\\\/\\\/lasentinelle.dz\\\/\",\"logo\":{\"@type\":\"ImageObject\",\"inLanguage\":\"fr-FR\",\"@id\":\"https:\\\/\\\/lasentinelle.dz\\\/#\\\/schema\\\/logo\\\/image\\\/\",\"url\":\"https:\\\/\\\/lasentinelle.dz\\\/wp-content\\\/uploads\\\/2021\\\/09\\\/logo-sentinelleSLOGAN-1.png\",\"contentUrl\":\"https:\\\/\\\/lasentinelle.dz\\\/wp-content\\\/uploads\\\/2021\\\/09\\\/logo-sentinelleSLOGAN-1.png\",\"width\":615,\"height\":142,\"caption\":\"Quotidien La Sentinelle\"},\"image\":{\"@id\":\"https:\\\/\\\/lasentinelle.dz\\\/#\\\/schema\\\/logo\\\/image\\\/\"},\"sameAs\":[\"https:\\\/\\\/www.facebook.com\\\/La-Sentinelle-104059864394773\"]},{\"@type\":\"Person\",\"@id\":\"https:\\\/\\\/lasentinelle.dz\\\/#\\\/schema\\\/person\\\/729ee0024f24e0b8c5ec17232f8e8b41\",\"name\":\"admin\",\"image\":{\"@type\":\"ImageObject\",\"inLanguage\":\"fr-FR\",\"@id\":\"https:\\\/\\\/secure.gravatar.com\\\/avatar\\\/4c81fed838786e9b53f540bf46533e750f5d292099ae3b66cfc6fb1982e29df7?s=96&d=mm&r=g\",\"url\":\"https:\\\/\\\/secure.gravatar.com\\\/avatar\\\/4c81fed838786e9b53f540bf46533e750f5d292099ae3b66cfc6fb1982e29df7?s=96&d=mm&r=g\",\"contentUrl\":\"https:\\\/\\\/secure.gravatar.com\\\/avatar\\\/4c81fed838786e9b53f540bf46533e750f5d292099ae3b66cfc6fb1982e29df7?s=96&d=mm&r=g\",\"caption\":\"admin\"},\"description\":\"admin\",\"url\":\"https:\\\/\\\/lasentinelle.dz\\\/author\\\/admin\\\/\"}]}<\/script>\n<!-- \/ Yoast SEO plugin. -->","yoast_head_json":{"title":"Le CREA annule sa visite en France et sa rencontre avec le MEDEF - La Sentinelle","robots":{"index":"index","follow":"follow","max-snippet":"max-snippet:-1","max-image-preview":"max-image-preview:large","max-video-preview":"max-video-preview:-1"},"canonical":"https:\/\/lasentinelle.dz\/index.php\/2025\/04\/16\/le-crea-annule-sa-visite-en-france-et-sa-rencontre-avec-le-medef\/","og_locale":"fr_FR","og_type":"article","og_title":"Le CREA annule sa visite en France et sa rencontre avec le MEDEF - La Sentinelle","og_description":"Dans un contexte de relations diplomatiques tendues entre l&rsquo;Alg\u00e9rie et la France, le Conseil du Renouveau \u00e9conomique alg\u00e9rien (CREA) vient","og_url":"https:\/\/lasentinelle.dz\/index.php\/2025\/04\/16\/le-crea-annule-sa-visite-en-france-et-sa-rencontre-avec-le-medef\/","og_site_name":"La Sentinelle","article_publisher":"https:\/\/www.facebook.com\/La-Sentinelle-104059864394773","article_published_time":"2025-04-16T09:03:25+00:00","article_modified_time":"2025-04-16T09:03:26+00:00","og_image":[{"width":745,"height":470,"url":"https:\/\/lasentinelle.dz\/wp-content\/uploads\/2024\/12\/crea.jpg","type":"image\/jpeg"}],"author":"admin","twitter_card":"summary_large_image","twitter_misc":{"\u00c9crit par":"admin","Dur\u00e9e de lecture estim\u00e9e":"3 minutes"},"schema":{"@context":"https:\/\/schema.org","@graph":[{"@type":"Article","@id":"https:\/\/lasentinelle.dz\/index.php\/2025\/04\/16\/le-crea-annule-sa-visite-en-france-et-sa-rencontre-avec-le-medef\/#article","isPartOf":{"@id":"https:\/\/lasentinelle.dz\/index.php\/2025\/04\/16\/le-crea-annule-sa-visite-en-france-et-sa-rencontre-avec-le-medef\/"},"author":{"name":"admin","@id":"https:\/\/lasentinelle.dz\/#\/schema\/person\/729ee0024f24e0b8c5ec17232f8e8b41"},"headline":"Le CREA annule sa visite en France et sa rencontre avec le MEDEF","datePublished":"2025-04-16T09:03:25+00:00","dateModified":"2025-04-16T09:03:26+00:00","mainEntityOfPage":{"@id":"https:\/\/lasentinelle.dz\/index.php\/2025\/04\/16\/le-crea-annule-sa-visite-en-france-et-sa-rencontre-avec-le-medef\/"},"wordCount":549,"commentCount":0,"publisher":{"@id":"https:\/\/lasentinelle.dz\/#organization"},"image":{"@id":"https:\/\/lasentinelle.dz\/index.php\/2025\/04\/16\/le-crea-annule-sa-visite-en-france-et-sa-rencontre-avec-le-medef\/#primaryimage"},"thumbnailUrl":"https:\/\/lasentinelle.dz\/wp-content\/uploads\/2024\/12\/crea.jpg","articleSection":["Actualit\u00e9"],"inLanguage":"fr-FR","potentialAction":[{"@type":"CommentAction","name":"Comment","target":["https:\/\/lasentinelle.dz\/index.php\/2025\/04\/16\/le-crea-annule-sa-visite-en-france-et-sa-rencontre-avec-le-medef\/#respond"]}]},{"@type":"WebPage","@id":"https:\/\/lasentinelle.dz\/index.php\/2025\/04\/16\/le-crea-annule-sa-visite-en-france-et-sa-rencontre-avec-le-medef\/","url":"https:\/\/lasentinelle.dz\/index.php\/2025\/04\/16\/le-crea-annule-sa-visite-en-france-et-sa-rencontre-avec-le-medef\/","name":"Le CREA annule sa visite en France et sa rencontre avec le MEDEF - La Sentinelle","isPartOf":{"@id":"https:\/\/lasentinelle.dz\/#website"},"primaryImageOfPage":{"@id":"https:\/\/lasentinelle.dz\/index.php\/2025\/04\/16\/le-crea-annule-sa-visite-en-france-et-sa-rencontre-avec-le-medef\/#primaryimage"},"image":{"@id":"https:\/\/lasentinelle.dz\/index.php\/2025\/04\/16\/le-crea-annule-sa-visite-en-france-et-sa-rencontre-avec-le-medef\/#primaryimage"},"thumbnailUrl":"https:\/\/lasentinelle.dz\/wp-content\/uploads\/2024\/12\/crea.jpg","datePublished":"2025-04-16T09:03:25+00:00","dateModified":"2025-04-16T09:03:26+00:00","breadcrumb":{"@id":"https:\/\/lasentinelle.dz\/index.php\/2025\/04\/16\/le-crea-annule-sa-visite-en-france-et-sa-rencontre-avec-le-medef\/#breadcrumb"},"inLanguage":"fr-FR","potentialAction":[{"@type":"ReadAction","target":["https:\/\/lasentinelle.dz\/index.php\/2025\/04\/16\/le-crea-annule-sa-visite-en-france-et-sa-rencontre-avec-le-medef\/"]}]},{"@type":"ImageObject","inLanguage":"fr-FR","@id":"https:\/\/lasentinelle.dz\/index.php\/2025\/04\/16\/le-crea-annule-sa-visite-en-france-et-sa-rencontre-avec-le-medef\/#primaryimage","url":"https:\/\/lasentinelle.dz\/wp-content\/uploads\/2024\/12\/crea.jpg","contentUrl":"https:\/\/lasentinelle.dz\/wp-content\/uploads\/2024\/12\/crea.jpg","width":745,"height":470},{"@type":"BreadcrumbList","@id":"https:\/\/lasentinelle.dz\/index.php\/2025\/04\/16\/le-crea-annule-sa-visite-en-france-et-sa-rencontre-avec-le-medef\/#breadcrumb","itemListElement":[{"@type":"ListItem","position":1,"name":"Accueil","item":"https:\/\/lasentinelle.dz\/"},{"@type":"ListItem","position":2,"name":"Le CREA annule sa visite en France et sa rencontre avec le MEDEF"}]},{"@type":"WebSite","@id":"https:\/\/lasentinelle.dz\/#website","url":"https:\/\/lasentinelle.dz\/","name":"La Sentinelle","description":"Quotidien national d&#039;information","publisher":{"@id":"https:\/\/lasentinelle.dz\/#organization"},"potentialAction":[{"@type":"SearchAction","target":{"@type":"EntryPoint","urlTemplate":"https:\/\/lasentinelle.dz\/?s={search_term_string}"},"query-input":{"@type":"PropertyValueSpecification","valueRequired":true,"valueName":"search_term_string"}}],"inLanguage":"fr-FR"},{"@type":"Organization","@id":"https:\/\/lasentinelle.dz\/#organization","name":"Quotidien La Sentinelle","url":"https:\/\/lasentinelle.dz\/","logo":{"@type":"ImageObject","inLanguage":"fr-FR","@id":"https:\/\/lasentinelle.dz\/#\/schema\/logo\/image\/","url":"https:\/\/lasentinelle.dz\/wp-content\/uploads\/2021\/09\/logo-sentinelleSLOGAN-1.png","contentUrl":"https:\/\/lasentinelle.dz\/wp-content\/uploads\/2021\/09\/logo-sentinelleSLOGAN-1.png","width":615,"height":142,"caption":"Quotidien La Sentinelle"},"image":{"@id":"https:\/\/lasentinelle.dz\/#\/schema\/logo\/image\/"},"sameAs":["https:\/\/www.facebook.com\/La-Sentinelle-104059864394773"]},{"@type":"Person","@id":"https:\/\/lasentinelle.dz\/#\/schema\/person\/729ee0024f24e0b8c5ec17232f8e8b41","name":"admin","image":{"@type":"ImageObject","inLanguage":"fr-FR","@id":"https:\/\/secure.gravatar.com\/avatar\/4c81fed838786e9b53f540bf46533e750f5d292099ae3b66cfc6fb1982e29df7?s=96&d=mm&r=g","url":"https:\/\/secure.gravatar.com\/avatar\/4c81fed838786e9b53f540bf46533e750f5d292099ae3b66cfc6fb1982e29df7?s=96&d=mm&r=g","contentUrl":"https:\/\/secure.gravatar.com\/avatar\/4c81fed838786e9b53f540bf46533e750f5d292099ae3b66cfc6fb1982e29df7?s=96&d=mm&r=g","caption":"admin"},"description":"admin","url":"https:\/\/lasentinelle.dz\/author\/admin\/"}]}},"_links":{"self":[{"href":"https:\/\/lasentinelle.dz\/index.php\/wp-json\/wp\/v2\/posts\/65788","targetHints":{"allow":["GET"]}}],"collection":[{"href":"https:\/\/lasentinelle.dz\/index.php\/wp-json\/wp\/v2\/posts"}],"about":[{"href":"https:\/\/lasentinelle.dz\/index.php\/wp-json\/wp\/v2\/types\/post"}],"author":[{"embeddable":true,"href":"https:\/\/lasentinelle.dz\/index.php\/wp-json\/wp\/v2\/users\/6"}],"replies":[{"embeddable":true,"href":"https:\/\/lasentinelle.dz\/index.php\/wp-json\/wp\/v2\/comments?post=65788"}],"version-history":[{"count":1,"href":"https:\/\/lasentinelle.dz\/index.php\/wp-json\/wp\/v2\/posts\/65788\/revisions"}],"predecessor-version":[{"id":65789,"href":"https:\/\/lasentinelle.dz\/index.php\/wp-json\/wp\/v2\/posts\/65788\/revisions\/65789"}],"wp:featuredmedia":[{"embeddable":true,"href":"https:\/\/lasentinelle.dz\/index.php\/wp-json\/wp\/v2\/media\/60912"}],"wp:attachment":[{"href":"https:\/\/lasentinelle.dz\/index.php\/wp-json\/wp\/v2\/media?parent=65788"}],"wp:term":[{"taxonomy":"category","embeddable":true,"href":"https:\/\/lasentinelle.dz\/index.php\/wp-json\/wp\/v2\/categories?post=65788"},{"taxonomy":"post_tag","embeddable":true,"href":"https:\/\/lasentinelle.dz\/index.php\/wp-json\/wp\/v2\/tags?post=65788"}],"curies":[{"name":"wp","href":"https:\/\/api.w.org\/{rel}","templated":true}]}}