{"id":65790,"date":"2025-04-16T10:04:06","date_gmt":"2025-04-16T09:04:06","guid":{"rendered":"https:\/\/lasentinelle.dz\/?p=65790"},"modified":"2025-04-16T10:04:07","modified_gmt":"2025-04-16T09:04:07","slug":"sofiane-chaib-secretaire-detat-charge-de-la-communaute-nationale-a-letranger-notre-reponse-a-ete-souveraine-et-proportionnee","status":"publish","type":"post","link":"https:\/\/lasentinelle.dz\/index.php\/2025\/04\/16\/sofiane-chaib-secretaire-detat-charge-de-la-communaute-nationale-a-letranger-notre-reponse-a-ete-souveraine-et-proportionnee\/","title":{"rendered":"Sofiane Cha\u00efb, Secr\u00e9taire d&rsquo;\u00c9tat charg\u00e9 de la communaut\u00e9 nationale \u00e0 l&rsquo;\u00e9tranger : \u00ab\u00a0Notre r\u00e9ponse a \u00e9t\u00e9 souveraine et proportionn\u00e9e\u00a0\u00bb"},"content":{"rendered":"\n<p>Dans un contexte de vives tensions diplomatiques entre l&rsquo;Alg\u00e9rie et la France, le secr\u00e9taire d&rsquo;\u00c9tat aupr\u00e8s du ministre des Affaires \u00e9trang\u00e8res charg\u00e9 de la communaut\u00e9 nationale \u00e0 l&rsquo;\u00e9tranger, Sofiane Cha\u00efb, s&rsquo;est exprim\u00e9 lors d&rsquo;un entretien avec la T\u00e9l\u00e9vision nationale mettant en avant la position ferme de notre pays suite \u00e0 l&rsquo;arrestation d&rsquo;un agent consulaire alg\u00e9rien \u00e0 Cr\u00e9teil et l&rsquo;expulsion subs\u00e9quente de 12 agents fran\u00e7ais du territoire national.<\/p>\n\n\n\n<p>La gen\u00e8se de l&rsquo;affaire remonte au 8 avril dernier avec l&rsquo;arrestation d&rsquo;un agent consulaire alg\u00e9rien dans des circonstances in\u00e9dites et contraires aux pratiques diplomatiques. \u00ab\u00a0L&rsquo;agent consulaire concern\u00e9 a \u00e9t\u00e9 arr\u00eat\u00e9 dans des circonstances tout \u00e0 fait in\u00e9dites. Il a \u00e9t\u00e9 arr\u00eat\u00e9 le 8 avril en pleine voie publique au vu et au su de tout le monde et sans que les autorit\u00e9s fran\u00e7aises comp\u00e9tentes n&rsquo;aient pris la peine de notifier officiellement par le canal diplomatique cette arrestation\u00a0\u00bb, a d\u00e9clar\u00e9 le secr\u00e9taire d&rsquo;\u00c9tat. Cette arrestation, survenue seulement deux jours apr\u00e8s la visite du ministre fran\u00e7ais des Affaires \u00e9trang\u00e8res en Alg\u00e9rie, est donc per\u00e7ue comme une tentative d\u00e9lib\u00e9r\u00e9e de sabotage des r\u00e9cents efforts de r\u00e9chauffement entre les deux pays. Sofiane Cha\u00efb a particuli\u00e8rement point\u00e9 du doigt le minist\u00e8re de l&rsquo;Int\u00e9rieur fran\u00e7ais, dirig\u00e9 par Bruno Rotailleau, qu&rsquo;il accuse d&rsquo;\u00eatre \u00e0 l&rsquo;origine de cette provocation. \u00ab\u00a0L&rsquo;ensemble de ces mesures qui ont \u00e9t\u00e9 prises ont \u00e9t\u00e9 d\u00e9cid\u00e9es \u00e0 l&rsquo;instigation de services sous la tutelle du ministre de l&rsquo;Int\u00e9rieur fran\u00e7ais Bruno Rotailleau qui assume enti\u00e8rement la responsabilit\u00e9 de cette nouvelle situation cr\u00e9\u00e9e dans un contexte tout \u00e0 fait particulier\u00a0\u00bb, a affirm\u00e9 Cha\u00efb, rappelant que cette crise intervient peu apr\u00e8s un entretien t\u00e9l\u00e9phonique entre les pr\u00e9sidents alg\u00e9rien et fran\u00e7ais le 31 mars, qui avait justement pour objectif de \u00ab\u00a0renouer le dialogue entre les deux pays et de donner \u00e0 la relation bilat\u00e9rale une ambition tout \u00e0 fait nouvelle\u00a0\u00bb.<\/p>\n\n\n\n<p>Le secr\u00e9taire d&rsquo;\u00c9tat a vivement contest\u00e9 les motifs de l&rsquo;arrestation, les qualifiant de \u00ab\u00a0grotesques\u00a0\u00bb. \u00ab\u00a0Il y a eu un argument tout \u00e0 fait grotesque qui a \u00e9t\u00e9 utilis\u00e9 pour motiver cette arrestation, en l&rsquo;occurrence le fait que le t\u00e9l\u00e9phone de cet agent consulaire a \u00e9t\u00e9 born\u00e9 \u00e0 c\u00f4t\u00e9 de l&rsquo;adresse du domicile d&rsquo;un d\u00e9linquant notoire dont on a utilis\u00e9 cette affaire pour mettre dans la g\u00eane les relations bilat\u00e9rales\u00a0\u00bb, a-t-il pr\u00e9cis\u00e9. Il a ajout\u00e9 que l&rsquo;affaire \u00e9tait \u00ab\u00a0tout \u00e0 fait fabriqu\u00e9e et r\u00e9chauff\u00e9e\u00a0\u00bb, \u00e9voquant un pr\u00e9tendu enl\u00e8vement dont auraient \u00e9t\u00e9 accus\u00e9s les services de s\u00e9curit\u00e9 alg\u00e9riens. Une accusation toute aussi grotesque, comme le souligne Chaib. &nbsp;Face \u00e0 cette situation et en l&rsquo;absence de r\u00e9ponse positive \u00e0 la demande de lib\u00e9ration de l&rsquo;agent consulaire, l&rsquo;Alg\u00e9rie a d\u00e9cid\u00e9 d&rsquo;expulser 12 agents fran\u00e7ais travaillant sur son territoire. Une mesure que Cha\u00efb qualifie de \u00ab\u00a0souveraine et proportionn\u00e9e\u00a0\u00bb, ciblant sp\u00e9cifiquement \u00ab\u00a0les agents qui sont sous tutelle du minist\u00e8re de l&rsquo;Int\u00e9rieur fran\u00e7ais\u00a0\u00bb. \u00ab\u00a0Nous avons pris cette d\u00e9cision de cibler de mani\u00e8re proportionn\u00e9e 12 agents relevant du minist\u00e8re de l&rsquo;Int\u00e9rieur fran\u00e7ais qui exercent au niveau de l&rsquo;ambassade et des consulats fran\u00e7ais en Alg\u00e9rie\u00a0\u00bb, a-t-il pr\u00e9cis\u00e9. Le secr\u00e9taire d&rsquo;\u00c9tat a \u00e9galement d\u00e9taill\u00e9 la chronologie des actions diplomatiques entreprises par l&rsquo;Alg\u00e9rie avant d&rsquo;arriver \u00e0 cette d\u00e9cision d&rsquo;expulsion. \u00ab\u00a0Nous avons publi\u00e9 un communiqu\u00e9 pour d\u00e9noncer l&rsquo;arrestation, appeler \u00e0 la lib\u00e9ration imm\u00e9diate de l&rsquo;agent consulaire et faute de r\u00e9ponse, nous avons pris cette d\u00e9cision proportionn\u00e9e d&rsquo;expulser des agents exer\u00e7ants au niveau des ambassades et des consulats fran\u00e7ais en Alg\u00e9rie qui rel\u00e8vent de la tutelle du ministre de l&rsquo;Int\u00e9rieur fran\u00e7ais.\u00a0\u00bb Cette r\u00e9action mesur\u00e9e t\u00e9moigne, selon lui, de la \u00ab\u00a0temp\u00e9rance\u00a0\u00bb dont a fait preuve l&rsquo;Alg\u00e9rie face \u00e0 ce qu&rsquo;elle consid\u00e8re comme une grave provocation. Et de souligner que les autorit\u00e9s alg\u00e9riennes ont clairement affich\u00e9 la ferme volont\u00e9 de d\u00e9fendre notre agent consulaire et nous avons eu recours aux avocats-conseils qui sont aussi bien au niveau de l&rsquo;ambassade que du consulat concern\u00e9 qui se trouve dans la r\u00e9gion parisienne\u00a0\u00bb.<\/p>\n\n\n\n<p>L&rsquo;Alg\u00e9rie d\u00e9fendra fermement ses ressortissants<\/p>\n\n\n\n<p>Interrog\u00e9 sur les inqui\u00e9tudes de la communaut\u00e9 alg\u00e9rienne en France face \u00e0 cette escalade, Sofiane Cha\u00efb a tenu \u00e0 rappeler l&rsquo;engagement du pr\u00e9sident de la R\u00e9publique Abdelmadjid Tebboune &nbsp;envers notre diaspora. \u00ab\u00a0Cette situation, bien \u00e9videmment, a un impact sur notre communaut\u00e9 qui pourrait percevoir dans ce climat anxiog\u00e8ne beaucoup d&rsquo;inqui\u00e9tude. Mais le pr\u00e9sident de la R\u00e9publique, \u00e0 chaque occasion, a adress\u00e9 un message \u00e0 la communaut\u00e9 de sollicitude et d&rsquo;attention qu&rsquo;il accorde\u00a0\u00bb, a-t-il d\u00e9clar\u00e9. Le secr\u00e9taire d&rsquo;\u00c9tat a soulign\u00e9 que la cr\u00e9ation m\u00eame de son poste t\u00e9moigne de \u00ab\u00a0cet attachement \u00e0 notre communaut\u00e9\u00a0\u00bb et a rappel\u00e9 l&rsquo;importance du dense r\u00e9seau consulaire alg\u00e9rien en France, qui s&rsquo;efforce de \u00ab\u00a0maintenir et de tisser des liens avec la communaut\u00e9 nationale \u00e9tablie en France\u00a0\u00bb.<\/p>\n\n\n\n<p>Malgr\u00e9 cette crise diplomatique, Cha\u00efb a r\u00e9affirm\u00e9 la force des liens humains entre l&rsquo;Alg\u00e9rie et la France, mentionnant que cet aspect avait \u00e9t\u00e9 act\u00e9 dans le communiqu\u00e9 qui avait suivi l&rsquo;entretien t\u00e9l\u00e9phonique entre les deux chefs d&rsquo;\u00c9tat. \u00ab\u00a0Ce sont des liens qui sont tr\u00e8s forts et ce sont des liens humains. Et cet aspect, le minist\u00e8re des Affaires \u00e9trang\u00e8res lui accorde toute son importance\u00a0\u00bb, a-t-il conclu.<\/p>\n\n\n\n<p>Cette affaire intervient dans un contexte particuli\u00e8rement d\u00e9licat pour les relations franco-alg\u00e9riennes qui, apr\u00e8s une p\u00e9riode de tensions, semblaient s&rsquo;orienter vers un r\u00e9chauffement suite aux r\u00e9cents \u00e9changes entre les dirigeants des deux pays. La r\u00e9action alg\u00e9rienne, ciblant sp\u00e9cifiquement les services relevant du minist\u00e8re de l&rsquo;Int\u00e9rieur fran\u00e7ais, d\u00e9montre une volont\u00e9 de maintenir ouverts les canaux diplomatiques tout en adressant un message ferme contre une provocation injustifi\u00e9e.<\/p>\n\n\n\n<p>Amar Malki<\/p>\n","protected":false},"excerpt":{"rendered":"<p>Dans un contexte de vives tensions diplomatiques entre l&rsquo;Alg\u00e9rie et la France, le secr\u00e9taire d&rsquo;\u00c9tat aupr\u00e8s du ministre des Affaires<\/p>\n","protected":false},"author":6,"featured_media":61025,"comment_status":"open","ping_status":"closed","sticky":false,"template":"","format":"standard","meta":{"colormag_page_container_layout":"default_layout","colormag_page_sidebar_layout":"default_layout","om_disable_all_campaigns":false,"_monsterinsights_skip_tracking":false,"_monsterinsights_sitenote_active":false,"_monsterinsights_sitenote_note":"","_monsterinsights_sitenote_category":0,"footnotes":"","_wpscppro_dont_share_socialmedia":false,"_wpscppro_custom_social_share_image":0,"_facebook_share_type":"default","_twitter_share_type":"default","_linkedin_share_type":"default","_pinterest_share_type":"default","_linkedin_share_type_page":"","_instagram_share_type":"default","_medium_share_type":"default","_threads_share_type":"","_google_business_share_type":"","_selected_social_profile":[],"_wpsp_enable_custom_social_template":false,"_wpsp_social_scheduling":{"enabled":false,"datetime":null,"platforms":[],"status":"template_only","dateOption":"today","timeOption":"now","customDays":"","customHours":"","customDate":"","customTime":"","schedulingType":"absolute"},"_wpsp_active_default_template":true},"categories":[27],"tags":[],"class_list":["post-65790","post","type-post","status-publish","format-standard","has-post-thumbnail","hentry","category-actualite"],"aioseo_notices":[],"yoast_head":"<!-- This site is optimized with the Yoast SEO plugin v27.5 - https:\/\/yoast.com\/product\/yoast-seo-wordpress\/ -->\n<title>Sofiane Cha\u00efb, Secr\u00e9taire d&rsquo;\u00c9tat charg\u00e9 de la communaut\u00e9 nationale \u00e0 l&rsquo;\u00e9tranger : \u00ab\u00a0Notre r\u00e9ponse a \u00e9t\u00e9 souveraine et proportionn\u00e9e\u00a0\u00bb - La Sentinelle<\/title>\n<meta name=\"robots\" content=\"index, follow, max-snippet:-1, max-image-preview:large, max-video-preview:-1\" \/>\n<link rel=\"canonical\" href=\"https:\/\/lasentinelle.dz\/index.php\/2025\/04\/16\/sofiane-chaib-secretaire-detat-charge-de-la-communaute-nationale-a-letranger-notre-reponse-a-ete-souveraine-et-proportionnee\/\" \/>\n<meta property=\"og:locale\" content=\"fr_FR\" \/>\n<meta property=\"og:type\" content=\"article\" \/>\n<meta property=\"og:title\" content=\"Sofiane Cha\u00efb, Secr\u00e9taire d&rsquo;\u00c9tat charg\u00e9 de la communaut\u00e9 nationale \u00e0 l&rsquo;\u00e9tranger : \u00ab\u00a0Notre r\u00e9ponse a \u00e9t\u00e9 souveraine et proportionn\u00e9e\u00a0\u00bb - La Sentinelle\" \/>\n<meta property=\"og:description\" content=\"Dans un contexte de vives tensions diplomatiques entre l&rsquo;Alg\u00e9rie et la France, le secr\u00e9taire d&rsquo;\u00c9tat aupr\u00e8s du ministre des Affaires\" \/>\n<meta property=\"og:url\" content=\"https:\/\/lasentinelle.dz\/index.php\/2025\/04\/16\/sofiane-chaib-secretaire-detat-charge-de-la-communaute-nationale-a-letranger-notre-reponse-a-ete-souveraine-et-proportionnee\/\" \/>\n<meta property=\"og:site_name\" content=\"La Sentinelle\" \/>\n<meta property=\"article:publisher\" content=\"https:\/\/www.facebook.com\/La-Sentinelle-104059864394773\" \/>\n<meta property=\"article:published_time\" content=\"2025-04-16T09:04:06+00:00\" \/>\n<meta property=\"article:modified_time\" content=\"2025-04-16T09:04:07+00:00\" \/>\n<meta property=\"og:image\" content=\"https:\/\/lasentinelle.dz\/wp-content\/uploads\/2024\/12\/Sofiane-Chaib.jpeg\" \/>\n\t<meta property=\"og:image:width\" content=\"1066\" \/>\n\t<meta property=\"og:image:height\" content=\"827\" \/>\n\t<meta property=\"og:image:type\" content=\"image\/jpeg\" \/>\n<meta name=\"author\" content=\"admin\" \/>\n<meta name=\"twitter:card\" content=\"summary_large_image\" \/>\n<meta name=\"twitter:label1\" content=\"\u00c9crit par\" \/>\n\t<meta name=\"twitter:data1\" content=\"admin\" \/>\n\t<meta name=\"twitter:label2\" content=\"Dur\u00e9e de lecture estim\u00e9e\" \/>\n\t<meta name=\"twitter:data2\" content=\"5 minutes\" \/>\n<script type=\"application\/ld+json\" class=\"yoast-schema-graph\">{\"@context\":\"https:\\\/\\\/schema.org\",\"@graph\":[{\"@type\":\"Article\",\"@id\":\"https:\\\/\\\/lasentinelle.dz\\\/index.php\\\/2025\\\/04\\\/16\\\/sofiane-chaib-secretaire-detat-charge-de-la-communaute-nationale-a-letranger-notre-reponse-a-ete-souveraine-et-proportionnee\\\/#article\",\"isPartOf\":{\"@id\":\"https:\\\/\\\/lasentinelle.dz\\\/index.php\\\/2025\\\/04\\\/16\\\/sofiane-chaib-secretaire-detat-charge-de-la-communaute-nationale-a-letranger-notre-reponse-a-ete-souveraine-et-proportionnee\\\/\"},\"author\":{\"name\":\"admin\",\"@id\":\"https:\\\/\\\/lasentinelle.dz\\\/#\\\/schema\\\/person\\\/729ee0024f24e0b8c5ec17232f8e8b41\"},\"headline\":\"Sofiane Cha\u00efb, Secr\u00e9taire d&rsquo;\u00c9tat charg\u00e9 de la communaut\u00e9 nationale \u00e0 l&rsquo;\u00e9tranger : \u00ab\u00a0Notre r\u00e9ponse a \u00e9t\u00e9 souveraine et proportionn\u00e9e\u00a0\u00bb\",\"datePublished\":\"2025-04-16T09:04:06+00:00\",\"dateModified\":\"2025-04-16T09:04:07+00:00\",\"mainEntityOfPage\":{\"@id\":\"https:\\\/\\\/lasentinelle.dz\\\/index.php\\\/2025\\\/04\\\/16\\\/sofiane-chaib-secretaire-detat-charge-de-la-communaute-nationale-a-letranger-notre-reponse-a-ete-souveraine-et-proportionnee\\\/\"},\"wordCount\":1092,\"commentCount\":0,\"publisher\":{\"@id\":\"https:\\\/\\\/lasentinelle.dz\\\/#organization\"},\"image\":{\"@id\":\"https:\\\/\\\/lasentinelle.dz\\\/index.php\\\/2025\\\/04\\\/16\\\/sofiane-chaib-secretaire-detat-charge-de-la-communaute-nationale-a-letranger-notre-reponse-a-ete-souveraine-et-proportionnee\\\/#primaryimage\"},\"thumbnailUrl\":\"https:\\\/\\\/lasentinelle.dz\\\/wp-content\\\/uploads\\\/2024\\\/12\\\/Sofiane-Chaib.jpeg\",\"articleSection\":[\"Actualit\u00e9\"],\"inLanguage\":\"fr-FR\",\"potentialAction\":[{\"@type\":\"CommentAction\",\"name\":\"Comment\",\"target\":[\"https:\\\/\\\/lasentinelle.dz\\\/index.php\\\/2025\\\/04\\\/16\\\/sofiane-chaib-secretaire-detat-charge-de-la-communaute-nationale-a-letranger-notre-reponse-a-ete-souveraine-et-proportionnee\\\/#respond\"]}]},{\"@type\":\"WebPage\",\"@id\":\"https:\\\/\\\/lasentinelle.dz\\\/index.php\\\/2025\\\/04\\\/16\\\/sofiane-chaib-secretaire-detat-charge-de-la-communaute-nationale-a-letranger-notre-reponse-a-ete-souveraine-et-proportionnee\\\/\",\"url\":\"https:\\\/\\\/lasentinelle.dz\\\/index.php\\\/2025\\\/04\\\/16\\\/sofiane-chaib-secretaire-detat-charge-de-la-communaute-nationale-a-letranger-notre-reponse-a-ete-souveraine-et-proportionnee\\\/\",\"name\":\"Sofiane Cha\u00efb, Secr\u00e9taire d&rsquo;\u00c9tat charg\u00e9 de la communaut\u00e9 nationale \u00e0 l&rsquo;\u00e9tranger : \u00ab\u00a0Notre r\u00e9ponse a \u00e9t\u00e9 souveraine et proportionn\u00e9e\u00a0\u00bb - La Sentinelle\",\"isPartOf\":{\"@id\":\"https:\\\/\\\/lasentinelle.dz\\\/#website\"},\"primaryImageOfPage\":{\"@id\":\"https:\\\/\\\/lasentinelle.dz\\\/index.php\\\/2025\\\/04\\\/16\\\/sofiane-chaib-secretaire-detat-charge-de-la-communaute-nationale-a-letranger-notre-reponse-a-ete-souveraine-et-proportionnee\\\/#primaryimage\"},\"image\":{\"@id\":\"https:\\\/\\\/lasentinelle.dz\\\/index.php\\\/2025\\\/04\\\/16\\\/sofiane-chaib-secretaire-detat-charge-de-la-communaute-nationale-a-letranger-notre-reponse-a-ete-souveraine-et-proportionnee\\\/#primaryimage\"},\"thumbnailUrl\":\"https:\\\/\\\/lasentinelle.dz\\\/wp-content\\\/uploads\\\/2024\\\/12\\\/Sofiane-Chaib.jpeg\",\"datePublished\":\"2025-04-16T09:04:06+00:00\",\"dateModified\":\"2025-04-16T09:04:07+00:00\",\"breadcrumb\":{\"@id\":\"https:\\\/\\\/lasentinelle.dz\\\/index.php\\\/2025\\\/04\\\/16\\\/sofiane-chaib-secretaire-detat-charge-de-la-communaute-nationale-a-letranger-notre-reponse-a-ete-souveraine-et-proportionnee\\\/#breadcrumb\"},\"inLanguage\":\"fr-FR\",\"potentialAction\":[{\"@type\":\"ReadAction\",\"target\":[\"https:\\\/\\\/lasentinelle.dz\\\/index.php\\\/2025\\\/04\\\/16\\\/sofiane-chaib-secretaire-detat-charge-de-la-communaute-nationale-a-letranger-notre-reponse-a-ete-souveraine-et-proportionnee\\\/\"]}]},{\"@type\":\"ImageObject\",\"inLanguage\":\"fr-FR\",\"@id\":\"https:\\\/\\\/lasentinelle.dz\\\/index.php\\\/2025\\\/04\\\/16\\\/sofiane-chaib-secretaire-detat-charge-de-la-communaute-nationale-a-letranger-notre-reponse-a-ete-souveraine-et-proportionnee\\\/#primaryimage\",\"url\":\"https:\\\/\\\/lasentinelle.dz\\\/wp-content\\\/uploads\\\/2024\\\/12\\\/Sofiane-Chaib.jpeg\",\"contentUrl\":\"https:\\\/\\\/lasentinelle.dz\\\/wp-content\\\/uploads\\\/2024\\\/12\\\/Sofiane-Chaib.jpeg\",\"width\":1066,\"height\":827},{\"@type\":\"BreadcrumbList\",\"@id\":\"https:\\\/\\\/lasentinelle.dz\\\/index.php\\\/2025\\\/04\\\/16\\\/sofiane-chaib-secretaire-detat-charge-de-la-communaute-nationale-a-letranger-notre-reponse-a-ete-souveraine-et-proportionnee\\\/#breadcrumb\",\"itemListElement\":[{\"@type\":\"ListItem\",\"position\":1,\"name\":\"Accueil\",\"item\":\"https:\\\/\\\/lasentinelle.dz\\\/\"},{\"@type\":\"ListItem\",\"position\":2,\"name\":\"Sofiane Cha\u00efb, Secr\u00e9taire d&rsquo;\u00c9tat charg\u00e9 de la communaut\u00e9 nationale \u00e0 l&rsquo;\u00e9tranger : \u00ab\u00a0Notre r\u00e9ponse a \u00e9t\u00e9 souveraine et proportionn\u00e9e\u00a0\u00bb\"}]},{\"@type\":\"WebSite\",\"@id\":\"https:\\\/\\\/lasentinelle.dz\\\/#website\",\"url\":\"https:\\\/\\\/lasentinelle.dz\\\/\",\"name\":\"La Sentinelle\",\"description\":\"Quotidien national d&#039;information\",\"publisher\":{\"@id\":\"https:\\\/\\\/lasentinelle.dz\\\/#organization\"},\"potentialAction\":[{\"@type\":\"SearchAction\",\"target\":{\"@type\":\"EntryPoint\",\"urlTemplate\":\"https:\\\/\\\/lasentinelle.dz\\\/?s={search_term_string}\"},\"query-input\":{\"@type\":\"PropertyValueSpecification\",\"valueRequired\":true,\"valueName\":\"search_term_string\"}}],\"inLanguage\":\"fr-FR\"},{\"@type\":\"Organization\",\"@id\":\"https:\\\/\\\/lasentinelle.dz\\\/#organization\",\"name\":\"Quotidien La Sentinelle\",\"url\":\"https:\\\/\\\/lasentinelle.dz\\\/\",\"logo\":{\"@type\":\"ImageObject\",\"inLanguage\":\"fr-FR\",\"@id\":\"https:\\\/\\\/lasentinelle.dz\\\/#\\\/schema\\\/logo\\\/image\\\/\",\"url\":\"https:\\\/\\\/lasentinelle.dz\\\/wp-content\\\/uploads\\\/2021\\\/09\\\/logo-sentinelleSLOGAN-1.png\",\"contentUrl\":\"https:\\\/\\\/lasentinelle.dz\\\/wp-content\\\/uploads\\\/2021\\\/09\\\/logo-sentinelleSLOGAN-1.png\",\"width\":615,\"height\":142,\"caption\":\"Quotidien La Sentinelle\"},\"image\":{\"@id\":\"https:\\\/\\\/lasentinelle.dz\\\/#\\\/schema\\\/logo\\\/image\\\/\"},\"sameAs\":[\"https:\\\/\\\/www.facebook.com\\\/La-Sentinelle-104059864394773\"]},{\"@type\":\"Person\",\"@id\":\"https:\\\/\\\/lasentinelle.dz\\\/#\\\/schema\\\/person\\\/729ee0024f24e0b8c5ec17232f8e8b41\",\"name\":\"admin\",\"image\":{\"@type\":\"ImageObject\",\"inLanguage\":\"fr-FR\",\"@id\":\"https:\\\/\\\/secure.gravatar.com\\\/avatar\\\/4c81fed838786e9b53f540bf46533e750f5d292099ae3b66cfc6fb1982e29df7?s=96&d=mm&r=g\",\"url\":\"https:\\\/\\\/secure.gravatar.com\\\/avatar\\\/4c81fed838786e9b53f540bf46533e750f5d292099ae3b66cfc6fb1982e29df7?s=96&d=mm&r=g\",\"contentUrl\":\"https:\\\/\\\/secure.gravatar.com\\\/avatar\\\/4c81fed838786e9b53f540bf46533e750f5d292099ae3b66cfc6fb1982e29df7?s=96&d=mm&r=g\",\"caption\":\"admin\"},\"description\":\"admin\",\"url\":\"https:\\\/\\\/lasentinelle.dz\\\/author\\\/admin\\\/\"}]}<\/script>\n<!-- \/ Yoast SEO plugin. -->","yoast_head_json":{"title":"Sofiane Cha\u00efb, Secr\u00e9taire d&rsquo;\u00c9tat charg\u00e9 de la communaut\u00e9 nationale \u00e0 l&rsquo;\u00e9tranger : \u00ab\u00a0Notre r\u00e9ponse a \u00e9t\u00e9 souveraine et proportionn\u00e9e\u00a0\u00bb - La Sentinelle","robots":{"index":"index","follow":"follow","max-snippet":"max-snippet:-1","max-image-preview":"max-image-preview:large","max-video-preview":"max-video-preview:-1"},"canonical":"https:\/\/lasentinelle.dz\/index.php\/2025\/04\/16\/sofiane-chaib-secretaire-detat-charge-de-la-communaute-nationale-a-letranger-notre-reponse-a-ete-souveraine-et-proportionnee\/","og_locale":"fr_FR","og_type":"article","og_title":"Sofiane Cha\u00efb, Secr\u00e9taire d&rsquo;\u00c9tat charg\u00e9 de la communaut\u00e9 nationale \u00e0 l&rsquo;\u00e9tranger : \u00ab\u00a0Notre r\u00e9ponse a \u00e9t\u00e9 souveraine et proportionn\u00e9e\u00a0\u00bb - La Sentinelle","og_description":"Dans un contexte de vives tensions diplomatiques entre l&rsquo;Alg\u00e9rie et la France, le secr\u00e9taire d&rsquo;\u00c9tat aupr\u00e8s du ministre des Affaires","og_url":"https:\/\/lasentinelle.dz\/index.php\/2025\/04\/16\/sofiane-chaib-secretaire-detat-charge-de-la-communaute-nationale-a-letranger-notre-reponse-a-ete-souveraine-et-proportionnee\/","og_site_name":"La Sentinelle","article_publisher":"https:\/\/www.facebook.com\/La-Sentinelle-104059864394773","article_published_time":"2025-04-16T09:04:06+00:00","article_modified_time":"2025-04-16T09:04:07+00:00","og_image":[{"width":1066,"height":827,"url":"https:\/\/lasentinelle.dz\/wp-content\/uploads\/2024\/12\/Sofiane-Chaib.jpeg","type":"image\/jpeg"}],"author":"admin","twitter_card":"summary_large_image","twitter_misc":{"\u00c9crit par":"admin","Dur\u00e9e de lecture estim\u00e9e":"5 minutes"},"schema":{"@context":"https:\/\/schema.org","@graph":[{"@type":"Article","@id":"https:\/\/lasentinelle.dz\/index.php\/2025\/04\/16\/sofiane-chaib-secretaire-detat-charge-de-la-communaute-nationale-a-letranger-notre-reponse-a-ete-souveraine-et-proportionnee\/#article","isPartOf":{"@id":"https:\/\/lasentinelle.dz\/index.php\/2025\/04\/16\/sofiane-chaib-secretaire-detat-charge-de-la-communaute-nationale-a-letranger-notre-reponse-a-ete-souveraine-et-proportionnee\/"},"author":{"name":"admin","@id":"https:\/\/lasentinelle.dz\/#\/schema\/person\/729ee0024f24e0b8c5ec17232f8e8b41"},"headline":"Sofiane Cha\u00efb, Secr\u00e9taire d&rsquo;\u00c9tat charg\u00e9 de la communaut\u00e9 nationale \u00e0 l&rsquo;\u00e9tranger : \u00ab\u00a0Notre r\u00e9ponse a \u00e9t\u00e9 souveraine et proportionn\u00e9e\u00a0\u00bb","datePublished":"2025-04-16T09:04:06+00:00","dateModified":"2025-04-16T09:04:07+00:00","mainEntityOfPage":{"@id":"https:\/\/lasentinelle.dz\/index.php\/2025\/04\/16\/sofiane-chaib-secretaire-detat-charge-de-la-communaute-nationale-a-letranger-notre-reponse-a-ete-souveraine-et-proportionnee\/"},"wordCount":1092,"commentCount":0,"publisher":{"@id":"https:\/\/lasentinelle.dz\/#organization"},"image":{"@id":"https:\/\/lasentinelle.dz\/index.php\/2025\/04\/16\/sofiane-chaib-secretaire-detat-charge-de-la-communaute-nationale-a-letranger-notre-reponse-a-ete-souveraine-et-proportionnee\/#primaryimage"},"thumbnailUrl":"https:\/\/lasentinelle.dz\/wp-content\/uploads\/2024\/12\/Sofiane-Chaib.jpeg","articleSection":["Actualit\u00e9"],"inLanguage":"fr-FR","potentialAction":[{"@type":"CommentAction","name":"Comment","target":["https:\/\/lasentinelle.dz\/index.php\/2025\/04\/16\/sofiane-chaib-secretaire-detat-charge-de-la-communaute-nationale-a-letranger-notre-reponse-a-ete-souveraine-et-proportionnee\/#respond"]}]},{"@type":"WebPage","@id":"https:\/\/lasentinelle.dz\/index.php\/2025\/04\/16\/sofiane-chaib-secretaire-detat-charge-de-la-communaute-nationale-a-letranger-notre-reponse-a-ete-souveraine-et-proportionnee\/","url":"https:\/\/lasentinelle.dz\/index.php\/2025\/04\/16\/sofiane-chaib-secretaire-detat-charge-de-la-communaute-nationale-a-letranger-notre-reponse-a-ete-souveraine-et-proportionnee\/","name":"Sofiane Cha\u00efb, Secr\u00e9taire d&rsquo;\u00c9tat charg\u00e9 de la communaut\u00e9 nationale \u00e0 l&rsquo;\u00e9tranger : \u00ab\u00a0Notre r\u00e9ponse a \u00e9t\u00e9 souveraine et proportionn\u00e9e\u00a0\u00bb - La Sentinelle","isPartOf":{"@id":"https:\/\/lasentinelle.dz\/#website"},"primaryImageOfPage":{"@id":"https:\/\/lasentinelle.dz\/index.php\/2025\/04\/16\/sofiane-chaib-secretaire-detat-charge-de-la-communaute-nationale-a-letranger-notre-reponse-a-ete-souveraine-et-proportionnee\/#primaryimage"},"image":{"@id":"https:\/\/lasentinelle.dz\/index.php\/2025\/04\/16\/sofiane-chaib-secretaire-detat-charge-de-la-communaute-nationale-a-letranger-notre-reponse-a-ete-souveraine-et-proportionnee\/#primaryimage"},"thumbnailUrl":"https:\/\/lasentinelle.dz\/wp-content\/uploads\/2024\/12\/Sofiane-Chaib.jpeg","datePublished":"2025-04-16T09:04:06+00:00","dateModified":"2025-04-16T09:04:07+00:00","breadcrumb":{"@id":"https:\/\/lasentinelle.dz\/index.php\/2025\/04\/16\/sofiane-chaib-secretaire-detat-charge-de-la-communaute-nationale-a-letranger-notre-reponse-a-ete-souveraine-et-proportionnee\/#breadcrumb"},"inLanguage":"fr-FR","potentialAction":[{"@type":"ReadAction","target":["https:\/\/lasentinelle.dz\/index.php\/2025\/04\/16\/sofiane-chaib-secretaire-detat-charge-de-la-communaute-nationale-a-letranger-notre-reponse-a-ete-souveraine-et-proportionnee\/"]}]},{"@type":"ImageObject","inLanguage":"fr-FR","@id":"https:\/\/lasentinelle.dz\/index.php\/2025\/04\/16\/sofiane-chaib-secretaire-detat-charge-de-la-communaute-nationale-a-letranger-notre-reponse-a-ete-souveraine-et-proportionnee\/#primaryimage","url":"https:\/\/lasentinelle.dz\/wp-content\/uploads\/2024\/12\/Sofiane-Chaib.jpeg","contentUrl":"https:\/\/lasentinelle.dz\/wp-content\/uploads\/2024\/12\/Sofiane-Chaib.jpeg","width":1066,"height":827},{"@type":"BreadcrumbList","@id":"https:\/\/lasentinelle.dz\/index.php\/2025\/04\/16\/sofiane-chaib-secretaire-detat-charge-de-la-communaute-nationale-a-letranger-notre-reponse-a-ete-souveraine-et-proportionnee\/#breadcrumb","itemListElement":[{"@type":"ListItem","position":1,"name":"Accueil","item":"https:\/\/lasentinelle.dz\/"},{"@type":"ListItem","position":2,"name":"Sofiane Cha\u00efb, Secr\u00e9taire d&rsquo;\u00c9tat charg\u00e9 de la communaut\u00e9 nationale \u00e0 l&rsquo;\u00e9tranger : \u00ab\u00a0Notre r\u00e9ponse a \u00e9t\u00e9 souveraine et proportionn\u00e9e\u00a0\u00bb"}]},{"@type":"WebSite","@id":"https:\/\/lasentinelle.dz\/#website","url":"https:\/\/lasentinelle.dz\/","name":"La Sentinelle","description":"Quotidien national d&#039;information","publisher":{"@id":"https:\/\/lasentinelle.dz\/#organization"},"potentialAction":[{"@type":"SearchAction","target":{"@type":"EntryPoint","urlTemplate":"https:\/\/lasentinelle.dz\/?s={search_term_string}"},"query-input":{"@type":"PropertyValueSpecification","valueRequired":true,"valueName":"search_term_string"}}],"inLanguage":"fr-FR"},{"@type":"Organization","@id":"https:\/\/lasentinelle.dz\/#organization","name":"Quotidien La Sentinelle","url":"https:\/\/lasentinelle.dz\/","logo":{"@type":"ImageObject","inLanguage":"fr-FR","@id":"https:\/\/lasentinelle.dz\/#\/schema\/logo\/image\/","url":"https:\/\/lasentinelle.dz\/wp-content\/uploads\/2021\/09\/logo-sentinelleSLOGAN-1.png","contentUrl":"https:\/\/lasentinelle.dz\/wp-content\/uploads\/2021\/09\/logo-sentinelleSLOGAN-1.png","width":615,"height":142,"caption":"Quotidien La Sentinelle"},"image":{"@id":"https:\/\/lasentinelle.dz\/#\/schema\/logo\/image\/"},"sameAs":["https:\/\/www.facebook.com\/La-Sentinelle-104059864394773"]},{"@type":"Person","@id":"https:\/\/lasentinelle.dz\/#\/schema\/person\/729ee0024f24e0b8c5ec17232f8e8b41","name":"admin","image":{"@type":"ImageObject","inLanguage":"fr-FR","@id":"https:\/\/secure.gravatar.com\/avatar\/4c81fed838786e9b53f540bf46533e750f5d292099ae3b66cfc6fb1982e29df7?s=96&d=mm&r=g","url":"https:\/\/secure.gravatar.com\/avatar\/4c81fed838786e9b53f540bf46533e750f5d292099ae3b66cfc6fb1982e29df7?s=96&d=mm&r=g","contentUrl":"https:\/\/secure.gravatar.com\/avatar\/4c81fed838786e9b53f540bf46533e750f5d292099ae3b66cfc6fb1982e29df7?s=96&d=mm&r=g","caption":"admin"},"description":"admin","url":"https:\/\/lasentinelle.dz\/author\/admin\/"}]}},"_links":{"self":[{"href":"https:\/\/lasentinelle.dz\/index.php\/wp-json\/wp\/v2\/posts\/65790","targetHints":{"allow":["GET"]}}],"collection":[{"href":"https:\/\/lasentinelle.dz\/index.php\/wp-json\/wp\/v2\/posts"}],"about":[{"href":"https:\/\/lasentinelle.dz\/index.php\/wp-json\/wp\/v2\/types\/post"}],"author":[{"embeddable":true,"href":"https:\/\/lasentinelle.dz\/index.php\/wp-json\/wp\/v2\/users\/6"}],"replies":[{"embeddable":true,"href":"https:\/\/lasentinelle.dz\/index.php\/wp-json\/wp\/v2\/comments?post=65790"}],"version-history":[{"count":2,"href":"https:\/\/lasentinelle.dz\/index.php\/wp-json\/wp\/v2\/posts\/65790\/revisions"}],"predecessor-version":[{"id":65792,"href":"https:\/\/lasentinelle.dz\/index.php\/wp-json\/wp\/v2\/posts\/65790\/revisions\/65792"}],"wp:featuredmedia":[{"embeddable":true,"href":"https:\/\/lasentinelle.dz\/index.php\/wp-json\/wp\/v2\/media\/61025"}],"wp:attachment":[{"href":"https:\/\/lasentinelle.dz\/index.php\/wp-json\/wp\/v2\/media?parent=65790"}],"wp:term":[{"taxonomy":"category","embeddable":true,"href":"https:\/\/lasentinelle.dz\/index.php\/wp-json\/wp\/v2\/categories?post=65790"},{"taxonomy":"post_tag","embeddable":true,"href":"https:\/\/lasentinelle.dz\/index.php\/wp-json\/wp\/v2\/tags?post=65790"}],"curies":[{"name":"wp","href":"https:\/\/api.w.org\/{rel}","templated":true}]}}