{"id":65800,"date":"2025-04-17T12:04:56","date_gmt":"2025-04-17T11:04:56","guid":{"rendered":"https:\/\/lasentinelle.dz\/?p=65800"},"modified":"2025-04-18T12:13:34","modified_gmt":"2025-04-18T11:13:34","slug":"soudan-larmee-affirme-avoir-repris-trois-zones-et-un-camp-strategique-aux-fsr-a-omdourman","status":"publish","type":"post","link":"https:\/\/lasentinelle.dz\/index.php\/2025\/04\/17\/soudan-larmee-affirme-avoir-repris-trois-zones-et-un-camp-strategique-aux-fsr-a-omdourman\/","title":{"rendered":"Soudan : L\u2019arm\u00e9e affirme avoir repris trois zones et un camp strat\u00e9gique aux FSR \u00e0 Omdourman"},"content":{"rendered":"\n<p>L\u2019arm\u00e9e soudanaise a annonc\u00e9 mardi avoir avanc\u00e9 \u00e0 l\u2019ouest (Omdourman) reprenant ainsi le contr\u00f4le de trois zones et d\u2019un camp strat\u00e9giques jusque-l\u00e0 occup\u00e9s par les Forces de soutien rapide (FSR). Dans un communiqu\u00e9 repris par des m\u00e9dias, elle a affirm\u00e9 poursuivre ses succ\u00e8s militaires dans la r\u00e9gion, d\u00e9clarant que \u00ab\u00a0ses forces ont aujourd\u2019hui \u00e9cras\u00e9 et d\u00e9truit la milice des FSR\u00a0\u00bb En effet, les localit\u00e9s d\u2019Al-Safwa, d\u2019Al-Hilla Al-Jadida, le village d\u2019Al-Safirah ainsi que le camp de Konan sont d\u00e9sormais sous son contr\u00f4le. L\u2019arm\u00e9e a indiqu\u00e9, par ailleurs, que les derni\u00e8res poches des FSR sont en cours de nettoyage. En outre, le communiqu\u00e9 a pr\u00e9cis\u00e9 que plusieurs v\u00e9hicules de combat appartenant aux FSR ont \u00e9t\u00e9 d\u00e9truits, des dizaines de ses \u00e9l\u00e9ments ont \u00e9t\u00e9 tu\u00e9s et que les troupes poursuivent actuellement ceux qui sont en fuite\u00a0\u00bb. En cours depuis le 15 avril 2023, le conflit opposant l&rsquo;arm\u00e9e soudanaise aux FSR a fait, selon les Nations unies et les autorit\u00e9s locales, plus de 20 000 morts et 15 millions de d\u00e9plac\u00e9s. Dans ce contexte, la communaut\u00e9 internationale, r\u00e9unie \u00e0 Londres mardi, a appel\u00e9 de ses voeux un \u00ab\u00a0cessez-le-feu imm\u00e9diat et permanent\u00a0\u00bb au Soudan et s&rsquo;est engag\u00e9e \u00e0 mobiliser plus de 800 millions d&rsquo;euros suppl\u00e9mentaires pour ce pays en guerre, enfonc\u00e9 dans une crise humanitaire catastrophique. Les participants \u00e0 cette conf\u00e9rence co-organis\u00e9e par le Royaume-Uni, l&rsquo;Union africaine (UA) et l&rsquo;Union europ\u00e9enne ont \u00e9galement soulign\u00e9 dans un communiqu\u00e9 final \u00ab\u00a0la n\u00e9cessit\u00e9 d&#8217;emp\u00eacher toute partition du Soudan\u00a0\u00bb, d\u00e9chir\u00e9 par un conflit fratricide. \u00ab\u00a0Beaucoup ont abandonn\u00e9 le Soudan (&#8230;) C&rsquo;est une erreur morale lorsqu&rsquo;il y a autant de civils d\u00e9capit\u00e9s, des nourrissons d&rsquo;\u00e0 peine un an victimes de violences sexuelles, et plus de personnes menac\u00e9es de famine que partout ailleurs dans le monde\u00a0\u00bb, s&rsquo;est \u00e9mu mardi le chef de la diplomatique britannique David Lammy. Il a d\u00e9nonc\u00e9 \u00ab\u00a0le manque de volont\u00e9 politique\u00a0\u00bb pour mettre fin au conflit et aux souffrances de la population, et a appel\u00e9 \u00e0 ne \u00ab\u00a0pas regarder ailleurs\u00a0\u00bb. Lors de cette conf\u00e9rence qui r\u00e9unissait une quinzaine de pays et des repr\u00e9sentants des Nations unies et de la Ligue arabe, les participants ont promis de donner un total de plus de 800 millions d&rsquo;euros de nouveaux financements pour l&rsquo;aide humanitaire. Ceux-ci s&rsquo;ajoutent aux plus de deux milliards d&rsquo;euros d&rsquo;engagements obtenus l&rsquo;an dernier lors d&rsquo;un pr\u00e9c\u00e9dent sommet \u00e0 Paris.<\/p>\n\n\n\n<p>R.I. avec agences<\/p>\n","protected":false},"excerpt":{"rendered":"<p>L\u2019arm\u00e9e soudanaise a annonc\u00e9 mardi avoir avanc\u00e9 \u00e0 l\u2019ouest (Omdourman) reprenant ainsi le contr\u00f4le de trois zones et d\u2019un camp<\/p>\n","protected":false},"author":6,"featured_media":62894,"comment_status":"open","ping_status":"closed","sticky":false,"template":"","format":"standard","meta":{"colormag_page_container_layout":"default_layout","colormag_page_sidebar_layout":"default_layout","om_disable_all_campaigns":false,"_monsterinsights_skip_tracking":false,"_monsterinsights_sitenote_active":false,"_monsterinsights_sitenote_note":"","_monsterinsights_sitenote_category":0,"footnotes":"","_wpscppro_dont_share_socialmedia":false,"_wpscppro_custom_social_share_image":0,"_facebook_share_type":"default","_twitter_share_type":"default","_linkedin_share_type":"default","_pinterest_share_type":"default","_linkedin_share_type_page":"","_instagram_share_type":"default","_medium_share_type":"default","_threads_share_type":"","_google_business_share_type":"","_selected_social_profile":[],"_wpsp_enable_custom_social_template":false,"_wpsp_social_scheduling":{"enabled":false,"datetime":null,"platforms":[],"status":"template_only","dateOption":"today","timeOption":"now","customDays":"","customHours":"","customDate":"","customTime":"","schedulingType":"absolute"},"_wpsp_active_default_template":true},"categories":[37],"tags":[],"class_list":["post-65800","post","type-post","status-publish","format-standard","has-post-thumbnail","hentry","category-monde"],"aioseo_notices":[],"yoast_head":"<!-- This site is optimized with the Yoast SEO plugin v27.5 - https:\/\/yoast.com\/product\/yoast-seo-wordpress\/ -->\n<title>Soudan : L\u2019arm\u00e9e affirme avoir repris trois zones et un camp strat\u00e9gique aux FSR \u00e0 Omdourman - La Sentinelle<\/title>\n<meta name=\"robots\" content=\"index, follow, max-snippet:-1, max-image-preview:large, max-video-preview:-1\" \/>\n<link rel=\"canonical\" href=\"https:\/\/lasentinelle.dz\/index.php\/2025\/04\/17\/soudan-larmee-affirme-avoir-repris-trois-zones-et-un-camp-strategique-aux-fsr-a-omdourman\/\" \/>\n<meta property=\"og:locale\" content=\"fr_FR\" \/>\n<meta property=\"og:type\" content=\"article\" \/>\n<meta property=\"og:title\" content=\"Soudan : L\u2019arm\u00e9e affirme avoir repris trois zones et un camp strat\u00e9gique aux FSR \u00e0 Omdourman - La Sentinelle\" \/>\n<meta property=\"og:description\" content=\"L\u2019arm\u00e9e soudanaise a annonc\u00e9 mardi avoir avanc\u00e9 \u00e0 l\u2019ouest (Omdourman) reprenant ainsi le contr\u00f4le de trois zones et d\u2019un camp\" \/>\n<meta property=\"og:url\" content=\"https:\/\/lasentinelle.dz\/index.php\/2025\/04\/17\/soudan-larmee-affirme-avoir-repris-trois-zones-et-un-camp-strategique-aux-fsr-a-omdourman\/\" \/>\n<meta property=\"og:site_name\" content=\"La Sentinelle\" \/>\n<meta property=\"article:publisher\" content=\"https:\/\/www.facebook.com\/La-Sentinelle-104059864394773\" \/>\n<meta property=\"article:published_time\" content=\"2025-04-17T11:04:56+00:00\" \/>\n<meta property=\"article:modified_time\" content=\"2025-04-18T11:13:34+00:00\" \/>\n<meta property=\"og:image\" content=\"https:\/\/lasentinelle.dz\/wp-content\/uploads\/2025\/02\/soudan.webp\" \/>\n\t<meta property=\"og:image:width\" content=\"1400\" \/>\n\t<meta property=\"og:image:height\" content=\"933\" \/>\n\t<meta property=\"og:image:type\" content=\"image\/webp\" \/>\n<meta name=\"author\" content=\"admin\" \/>\n<meta name=\"twitter:card\" content=\"summary_large_image\" \/>\n<meta name=\"twitter:label1\" content=\"\u00c9crit par\" \/>\n\t<meta name=\"twitter:data1\" content=\"admin\" \/>\n\t<meta name=\"twitter:label2\" content=\"Dur\u00e9e de lecture estim\u00e9e\" \/>\n\t<meta name=\"twitter:data2\" content=\"3 minutes\" \/>\n<script type=\"application\/ld+json\" class=\"yoast-schema-graph\">{\"@context\":\"https:\\\/\\\/schema.org\",\"@graph\":[{\"@type\":\"Article\",\"@id\":\"https:\\\/\\\/lasentinelle.dz\\\/index.php\\\/2025\\\/04\\\/17\\\/soudan-larmee-affirme-avoir-repris-trois-zones-et-un-camp-strategique-aux-fsr-a-omdourman\\\/#article\",\"isPartOf\":{\"@id\":\"https:\\\/\\\/lasentinelle.dz\\\/index.php\\\/2025\\\/04\\\/17\\\/soudan-larmee-affirme-avoir-repris-trois-zones-et-un-camp-strategique-aux-fsr-a-omdourman\\\/\"},\"author\":{\"name\":\"admin\",\"@id\":\"https:\\\/\\\/lasentinelle.dz\\\/#\\\/schema\\\/person\\\/729ee0024f24e0b8c5ec17232f8e8b41\"},\"headline\":\"Soudan : L\u2019arm\u00e9e affirme avoir repris trois zones et un camp strat\u00e9gique aux FSR \u00e0 Omdourman\",\"datePublished\":\"2025-04-17T11:04:56+00:00\",\"dateModified\":\"2025-04-18T11:13:34+00:00\",\"mainEntityOfPage\":{\"@id\":\"https:\\\/\\\/lasentinelle.dz\\\/index.php\\\/2025\\\/04\\\/17\\\/soudan-larmee-affirme-avoir-repris-trois-zones-et-un-camp-strategique-aux-fsr-a-omdourman\\\/\"},\"wordCount\":455,\"commentCount\":0,\"publisher\":{\"@id\":\"https:\\\/\\\/lasentinelle.dz\\\/#organization\"},\"image\":{\"@id\":\"https:\\\/\\\/lasentinelle.dz\\\/index.php\\\/2025\\\/04\\\/17\\\/soudan-larmee-affirme-avoir-repris-trois-zones-et-un-camp-strategique-aux-fsr-a-omdourman\\\/#primaryimage\"},\"thumbnailUrl\":\"https:\\\/\\\/lasentinelle.dz\\\/wp-content\\\/uploads\\\/2025\\\/02\\\/soudan.webp\",\"articleSection\":[\"Monde\"],\"inLanguage\":\"fr-FR\",\"potentialAction\":[{\"@type\":\"CommentAction\",\"name\":\"Comment\",\"target\":[\"https:\\\/\\\/lasentinelle.dz\\\/index.php\\\/2025\\\/04\\\/17\\\/soudan-larmee-affirme-avoir-repris-trois-zones-et-un-camp-strategique-aux-fsr-a-omdourman\\\/#respond\"]}]},{\"@type\":\"WebPage\",\"@id\":\"https:\\\/\\\/lasentinelle.dz\\\/index.php\\\/2025\\\/04\\\/17\\\/soudan-larmee-affirme-avoir-repris-trois-zones-et-un-camp-strategique-aux-fsr-a-omdourman\\\/\",\"url\":\"https:\\\/\\\/lasentinelle.dz\\\/index.php\\\/2025\\\/04\\\/17\\\/soudan-larmee-affirme-avoir-repris-trois-zones-et-un-camp-strategique-aux-fsr-a-omdourman\\\/\",\"name\":\"Soudan : L\u2019arm\u00e9e affirme avoir repris trois zones et un camp strat\u00e9gique aux FSR \u00e0 Omdourman - La Sentinelle\",\"isPartOf\":{\"@id\":\"https:\\\/\\\/lasentinelle.dz\\\/#website\"},\"primaryImageOfPage\":{\"@id\":\"https:\\\/\\\/lasentinelle.dz\\\/index.php\\\/2025\\\/04\\\/17\\\/soudan-larmee-affirme-avoir-repris-trois-zones-et-un-camp-strategique-aux-fsr-a-omdourman\\\/#primaryimage\"},\"image\":{\"@id\":\"https:\\\/\\\/lasentinelle.dz\\\/index.php\\\/2025\\\/04\\\/17\\\/soudan-larmee-affirme-avoir-repris-trois-zones-et-un-camp-strategique-aux-fsr-a-omdourman\\\/#primaryimage\"},\"thumbnailUrl\":\"https:\\\/\\\/lasentinelle.dz\\\/wp-content\\\/uploads\\\/2025\\\/02\\\/soudan.webp\",\"datePublished\":\"2025-04-17T11:04:56+00:00\",\"dateModified\":\"2025-04-18T11:13:34+00:00\",\"breadcrumb\":{\"@id\":\"https:\\\/\\\/lasentinelle.dz\\\/index.php\\\/2025\\\/04\\\/17\\\/soudan-larmee-affirme-avoir-repris-trois-zones-et-un-camp-strategique-aux-fsr-a-omdourman\\\/#breadcrumb\"},\"inLanguage\":\"fr-FR\",\"potentialAction\":[{\"@type\":\"ReadAction\",\"target\":[\"https:\\\/\\\/lasentinelle.dz\\\/index.php\\\/2025\\\/04\\\/17\\\/soudan-larmee-affirme-avoir-repris-trois-zones-et-un-camp-strategique-aux-fsr-a-omdourman\\\/\"]}]},{\"@type\":\"ImageObject\",\"inLanguage\":\"fr-FR\",\"@id\":\"https:\\\/\\\/lasentinelle.dz\\\/index.php\\\/2025\\\/04\\\/17\\\/soudan-larmee-affirme-avoir-repris-trois-zones-et-un-camp-strategique-aux-fsr-a-omdourman\\\/#primaryimage\",\"url\":\"https:\\\/\\\/lasentinelle.dz\\\/wp-content\\\/uploads\\\/2025\\\/02\\\/soudan.webp\",\"contentUrl\":\"https:\\\/\\\/lasentinelle.dz\\\/wp-content\\\/uploads\\\/2025\\\/02\\\/soudan.webp\",\"width\":1400,\"height\":933},{\"@type\":\"BreadcrumbList\",\"@id\":\"https:\\\/\\\/lasentinelle.dz\\\/index.php\\\/2025\\\/04\\\/17\\\/soudan-larmee-affirme-avoir-repris-trois-zones-et-un-camp-strategique-aux-fsr-a-omdourman\\\/#breadcrumb\",\"itemListElement\":[{\"@type\":\"ListItem\",\"position\":1,\"name\":\"Accueil\",\"item\":\"https:\\\/\\\/lasentinelle.dz\\\/\"},{\"@type\":\"ListItem\",\"position\":2,\"name\":\"Soudan : L\u2019arm\u00e9e affirme avoir repris trois zones et un camp strat\u00e9gique aux FSR \u00e0 Omdourman\"}]},{\"@type\":\"WebSite\",\"@id\":\"https:\\\/\\\/lasentinelle.dz\\\/#website\",\"url\":\"https:\\\/\\\/lasentinelle.dz\\\/\",\"name\":\"La Sentinelle\",\"description\":\"Quotidien national d&#039;information\",\"publisher\":{\"@id\":\"https:\\\/\\\/lasentinelle.dz\\\/#organization\"},\"potentialAction\":[{\"@type\":\"SearchAction\",\"target\":{\"@type\":\"EntryPoint\",\"urlTemplate\":\"https:\\\/\\\/lasentinelle.dz\\\/?s={search_term_string}\"},\"query-input\":{\"@type\":\"PropertyValueSpecification\",\"valueRequired\":true,\"valueName\":\"search_term_string\"}}],\"inLanguage\":\"fr-FR\"},{\"@type\":\"Organization\",\"@id\":\"https:\\\/\\\/lasentinelle.dz\\\/#organization\",\"name\":\"Quotidien La Sentinelle\",\"url\":\"https:\\\/\\\/lasentinelle.dz\\\/\",\"logo\":{\"@type\":\"ImageObject\",\"inLanguage\":\"fr-FR\",\"@id\":\"https:\\\/\\\/lasentinelle.dz\\\/#\\\/schema\\\/logo\\\/image\\\/\",\"url\":\"https:\\\/\\\/lasentinelle.dz\\\/wp-content\\\/uploads\\\/2021\\\/09\\\/logo-sentinelleSLOGAN-1.png\",\"contentUrl\":\"https:\\\/\\\/lasentinelle.dz\\\/wp-content\\\/uploads\\\/2021\\\/09\\\/logo-sentinelleSLOGAN-1.png\",\"width\":615,\"height\":142,\"caption\":\"Quotidien La Sentinelle\"},\"image\":{\"@id\":\"https:\\\/\\\/lasentinelle.dz\\\/#\\\/schema\\\/logo\\\/image\\\/\"},\"sameAs\":[\"https:\\\/\\\/www.facebook.com\\\/La-Sentinelle-104059864394773\"]},{\"@type\":\"Person\",\"@id\":\"https:\\\/\\\/lasentinelle.dz\\\/#\\\/schema\\\/person\\\/729ee0024f24e0b8c5ec17232f8e8b41\",\"name\":\"admin\",\"image\":{\"@type\":\"ImageObject\",\"inLanguage\":\"fr-FR\",\"@id\":\"https:\\\/\\\/secure.gravatar.com\\\/avatar\\\/4c81fed838786e9b53f540bf46533e750f5d292099ae3b66cfc6fb1982e29df7?s=96&d=mm&r=g\",\"url\":\"https:\\\/\\\/secure.gravatar.com\\\/avatar\\\/4c81fed838786e9b53f540bf46533e750f5d292099ae3b66cfc6fb1982e29df7?s=96&d=mm&r=g\",\"contentUrl\":\"https:\\\/\\\/secure.gravatar.com\\\/avatar\\\/4c81fed838786e9b53f540bf46533e750f5d292099ae3b66cfc6fb1982e29df7?s=96&d=mm&r=g\",\"caption\":\"admin\"},\"description\":\"admin\",\"url\":\"https:\\\/\\\/lasentinelle.dz\\\/author\\\/admin\\\/\"}]}<\/script>\n<!-- \/ Yoast SEO plugin. -->","yoast_head_json":{"title":"Soudan : L\u2019arm\u00e9e affirme avoir repris trois zones et un camp strat\u00e9gique aux FSR \u00e0 Omdourman - La Sentinelle","robots":{"index":"index","follow":"follow","max-snippet":"max-snippet:-1","max-image-preview":"max-image-preview:large","max-video-preview":"max-video-preview:-1"},"canonical":"https:\/\/lasentinelle.dz\/index.php\/2025\/04\/17\/soudan-larmee-affirme-avoir-repris-trois-zones-et-un-camp-strategique-aux-fsr-a-omdourman\/","og_locale":"fr_FR","og_type":"article","og_title":"Soudan : L\u2019arm\u00e9e affirme avoir repris trois zones et un camp strat\u00e9gique aux FSR \u00e0 Omdourman - La Sentinelle","og_description":"L\u2019arm\u00e9e soudanaise a annonc\u00e9 mardi avoir avanc\u00e9 \u00e0 l\u2019ouest (Omdourman) reprenant ainsi le contr\u00f4le de trois zones et d\u2019un camp","og_url":"https:\/\/lasentinelle.dz\/index.php\/2025\/04\/17\/soudan-larmee-affirme-avoir-repris-trois-zones-et-un-camp-strategique-aux-fsr-a-omdourman\/","og_site_name":"La Sentinelle","article_publisher":"https:\/\/www.facebook.com\/La-Sentinelle-104059864394773","article_published_time":"2025-04-17T11:04:56+00:00","article_modified_time":"2025-04-18T11:13:34+00:00","og_image":[{"width":1400,"height":933,"url":"https:\/\/lasentinelle.dz\/wp-content\/uploads\/2025\/02\/soudan.webp","type":"image\/webp"}],"author":"admin","twitter_card":"summary_large_image","twitter_misc":{"\u00c9crit par":"admin","Dur\u00e9e de lecture estim\u00e9e":"3 minutes"},"schema":{"@context":"https:\/\/schema.org","@graph":[{"@type":"Article","@id":"https:\/\/lasentinelle.dz\/index.php\/2025\/04\/17\/soudan-larmee-affirme-avoir-repris-trois-zones-et-un-camp-strategique-aux-fsr-a-omdourman\/#article","isPartOf":{"@id":"https:\/\/lasentinelle.dz\/index.php\/2025\/04\/17\/soudan-larmee-affirme-avoir-repris-trois-zones-et-un-camp-strategique-aux-fsr-a-omdourman\/"},"author":{"name":"admin","@id":"https:\/\/lasentinelle.dz\/#\/schema\/person\/729ee0024f24e0b8c5ec17232f8e8b41"},"headline":"Soudan : L\u2019arm\u00e9e affirme avoir repris trois zones et un camp strat\u00e9gique aux FSR \u00e0 Omdourman","datePublished":"2025-04-17T11:04:56+00:00","dateModified":"2025-04-18T11:13:34+00:00","mainEntityOfPage":{"@id":"https:\/\/lasentinelle.dz\/index.php\/2025\/04\/17\/soudan-larmee-affirme-avoir-repris-trois-zones-et-un-camp-strategique-aux-fsr-a-omdourman\/"},"wordCount":455,"commentCount":0,"publisher":{"@id":"https:\/\/lasentinelle.dz\/#organization"},"image":{"@id":"https:\/\/lasentinelle.dz\/index.php\/2025\/04\/17\/soudan-larmee-affirme-avoir-repris-trois-zones-et-un-camp-strategique-aux-fsr-a-omdourman\/#primaryimage"},"thumbnailUrl":"https:\/\/lasentinelle.dz\/wp-content\/uploads\/2025\/02\/soudan.webp","articleSection":["Monde"],"inLanguage":"fr-FR","potentialAction":[{"@type":"CommentAction","name":"Comment","target":["https:\/\/lasentinelle.dz\/index.php\/2025\/04\/17\/soudan-larmee-affirme-avoir-repris-trois-zones-et-un-camp-strategique-aux-fsr-a-omdourman\/#respond"]}]},{"@type":"WebPage","@id":"https:\/\/lasentinelle.dz\/index.php\/2025\/04\/17\/soudan-larmee-affirme-avoir-repris-trois-zones-et-un-camp-strategique-aux-fsr-a-omdourman\/","url":"https:\/\/lasentinelle.dz\/index.php\/2025\/04\/17\/soudan-larmee-affirme-avoir-repris-trois-zones-et-un-camp-strategique-aux-fsr-a-omdourman\/","name":"Soudan : L\u2019arm\u00e9e affirme avoir repris trois zones et un camp strat\u00e9gique aux FSR \u00e0 Omdourman - La Sentinelle","isPartOf":{"@id":"https:\/\/lasentinelle.dz\/#website"},"primaryImageOfPage":{"@id":"https:\/\/lasentinelle.dz\/index.php\/2025\/04\/17\/soudan-larmee-affirme-avoir-repris-trois-zones-et-un-camp-strategique-aux-fsr-a-omdourman\/#primaryimage"},"image":{"@id":"https:\/\/lasentinelle.dz\/index.php\/2025\/04\/17\/soudan-larmee-affirme-avoir-repris-trois-zones-et-un-camp-strategique-aux-fsr-a-omdourman\/#primaryimage"},"thumbnailUrl":"https:\/\/lasentinelle.dz\/wp-content\/uploads\/2025\/02\/soudan.webp","datePublished":"2025-04-17T11:04:56+00:00","dateModified":"2025-04-18T11:13:34+00:00","breadcrumb":{"@id":"https:\/\/lasentinelle.dz\/index.php\/2025\/04\/17\/soudan-larmee-affirme-avoir-repris-trois-zones-et-un-camp-strategique-aux-fsr-a-omdourman\/#breadcrumb"},"inLanguage":"fr-FR","potentialAction":[{"@type":"ReadAction","target":["https:\/\/lasentinelle.dz\/index.php\/2025\/04\/17\/soudan-larmee-affirme-avoir-repris-trois-zones-et-un-camp-strategique-aux-fsr-a-omdourman\/"]}]},{"@type":"ImageObject","inLanguage":"fr-FR","@id":"https:\/\/lasentinelle.dz\/index.php\/2025\/04\/17\/soudan-larmee-affirme-avoir-repris-trois-zones-et-un-camp-strategique-aux-fsr-a-omdourman\/#primaryimage","url":"https:\/\/lasentinelle.dz\/wp-content\/uploads\/2025\/02\/soudan.webp","contentUrl":"https:\/\/lasentinelle.dz\/wp-content\/uploads\/2025\/02\/soudan.webp","width":1400,"height":933},{"@type":"BreadcrumbList","@id":"https:\/\/lasentinelle.dz\/index.php\/2025\/04\/17\/soudan-larmee-affirme-avoir-repris-trois-zones-et-un-camp-strategique-aux-fsr-a-omdourman\/#breadcrumb","itemListElement":[{"@type":"ListItem","position":1,"name":"Accueil","item":"https:\/\/lasentinelle.dz\/"},{"@type":"ListItem","position":2,"name":"Soudan : L\u2019arm\u00e9e affirme avoir repris trois zones et un camp strat\u00e9gique aux FSR \u00e0 Omdourman"}]},{"@type":"WebSite","@id":"https:\/\/lasentinelle.dz\/#website","url":"https:\/\/lasentinelle.dz\/","name":"La Sentinelle","description":"Quotidien national d&#039;information","publisher":{"@id":"https:\/\/lasentinelle.dz\/#organization"},"potentialAction":[{"@type":"SearchAction","target":{"@type":"EntryPoint","urlTemplate":"https:\/\/lasentinelle.dz\/?s={search_term_string}"},"query-input":{"@type":"PropertyValueSpecification","valueRequired":true,"valueName":"search_term_string"}}],"inLanguage":"fr-FR"},{"@type":"Organization","@id":"https:\/\/lasentinelle.dz\/#organization","name":"Quotidien La Sentinelle","url":"https:\/\/lasentinelle.dz\/","logo":{"@type":"ImageObject","inLanguage":"fr-FR","@id":"https:\/\/lasentinelle.dz\/#\/schema\/logo\/image\/","url":"https:\/\/lasentinelle.dz\/wp-content\/uploads\/2021\/09\/logo-sentinelleSLOGAN-1.png","contentUrl":"https:\/\/lasentinelle.dz\/wp-content\/uploads\/2021\/09\/logo-sentinelleSLOGAN-1.png","width":615,"height":142,"caption":"Quotidien La Sentinelle"},"image":{"@id":"https:\/\/lasentinelle.dz\/#\/schema\/logo\/image\/"},"sameAs":["https:\/\/www.facebook.com\/La-Sentinelle-104059864394773"]},{"@type":"Person","@id":"https:\/\/lasentinelle.dz\/#\/schema\/person\/729ee0024f24e0b8c5ec17232f8e8b41","name":"admin","image":{"@type":"ImageObject","inLanguage":"fr-FR","@id":"https:\/\/secure.gravatar.com\/avatar\/4c81fed838786e9b53f540bf46533e750f5d292099ae3b66cfc6fb1982e29df7?s=96&d=mm&r=g","url":"https:\/\/secure.gravatar.com\/avatar\/4c81fed838786e9b53f540bf46533e750f5d292099ae3b66cfc6fb1982e29df7?s=96&d=mm&r=g","contentUrl":"https:\/\/secure.gravatar.com\/avatar\/4c81fed838786e9b53f540bf46533e750f5d292099ae3b66cfc6fb1982e29df7?s=96&d=mm&r=g","caption":"admin"},"description":"admin","url":"https:\/\/lasentinelle.dz\/author\/admin\/"}]}},"_links":{"self":[{"href":"https:\/\/lasentinelle.dz\/index.php\/wp-json\/wp\/v2\/posts\/65800","targetHints":{"allow":["GET"]}}],"collection":[{"href":"https:\/\/lasentinelle.dz\/index.php\/wp-json\/wp\/v2\/posts"}],"about":[{"href":"https:\/\/lasentinelle.dz\/index.php\/wp-json\/wp\/v2\/types\/post"}],"author":[{"embeddable":true,"href":"https:\/\/lasentinelle.dz\/index.php\/wp-json\/wp\/v2\/users\/6"}],"replies":[{"embeddable":true,"href":"https:\/\/lasentinelle.dz\/index.php\/wp-json\/wp\/v2\/comments?post=65800"}],"version-history":[{"count":1,"href":"https:\/\/lasentinelle.dz\/index.php\/wp-json\/wp\/v2\/posts\/65800\/revisions"}],"predecessor-version":[{"id":65801,"href":"https:\/\/lasentinelle.dz\/index.php\/wp-json\/wp\/v2\/posts\/65800\/revisions\/65801"}],"wp:featuredmedia":[{"embeddable":true,"href":"https:\/\/lasentinelle.dz\/index.php\/wp-json\/wp\/v2\/media\/62894"}],"wp:attachment":[{"href":"https:\/\/lasentinelle.dz\/index.php\/wp-json\/wp\/v2\/media?parent=65800"}],"wp:term":[{"taxonomy":"category","embeddable":true,"href":"https:\/\/lasentinelle.dz\/index.php\/wp-json\/wp\/v2\/categories?post=65800"},{"taxonomy":"post_tag","embeddable":true,"href":"https:\/\/lasentinelle.dz\/index.php\/wp-json\/wp\/v2\/tags?post=65800"}],"curies":[{"name":"wp","href":"https:\/\/api.w.org\/{rel}","templated":true}]}}