{"id":65804,"date":"2025-04-17T12:11:06","date_gmt":"2025-04-17T11:11:06","guid":{"rendered":"https:\/\/lasentinelle.dz\/?p=65804"},"modified":"2025-04-18T12:13:05","modified_gmt":"2025-04-18T11:13:05","slug":"premier-festival-cirta-du-court-metrage-a-constantine-once-upon-a-time-couronne","status":"publish","type":"post","link":"https:\/\/lasentinelle.dz\/index.php\/2025\/04\/17\/premier-festival-cirta-du-court-metrage-a-constantine-once-upon-a-time-couronne\/","title":{"rendered":"Premier Festival Cirta du court-m\u00e9trage \u00e0 Constantine : \u00ab Once Upon A Time \u00bb couronn\u00e9 \u00a0"},"content":{"rendered":"\n<p>La premi\u00e8re \u00e9dition des Journ\u00e9es \u00ab Cirta du court-m\u00e9trage \u00bb s&rsquo;est cl\u00f4tur\u00e9e mardi soir au Th\u00e9\u00e2tre r\u00e9gional Mohamed Tahar Fergani de Constantine, couronnant le film \u00ab <strong>Once Upon A Time <\/strong>\u00bb (Dhata Marra) du r\u00e9alisateur Ahmed Reggad comme meilleur court-m\u00e9trage de la comp\u00e9tition. Cette manifestation culturelle, qui s&rsquo;inscrit dans une dynamique de revitalisation de la sc\u00e8ne cin\u00e9matographique constantinoise, a r\u00e9uni douze \u0153uvres en comp\u00e9tition, t\u00e9moignant de la vitalit\u00e9 de la jeune cr\u00e9ation alg\u00e9rienne.<\/p>\n\n\n\n<p>Dans une d\u00e9claration \u00e0 l&rsquo;agence APS, le r\u00e9alisateur prim\u00e9 n&rsquo;a pas cach\u00e9 son \u00e9motion face \u00e0 cette distinction : \u00ab Ce prix repr\u00e9sente l&rsquo;aboutissement d&rsquo;un travail collectif, pers\u00e9v\u00e9rant et compl\u00e9mentaire \u00bb, a confi\u00e9 Ahmed Reggad, soulignant la qualit\u00e9 remarquable de la comp\u00e9tition qui rassemblait douze productions aux esth\u00e9tiques vari\u00e9es. Ce succ\u00e8s vient consacrer une \u0153uvre qui, selon le jury, se distingue par sa ma\u00eetrise narrative et sa singularit\u00e9 visuelle. Le membre du jury Adel Mohcen, lui-m\u00eame r\u00e9alisateur, a mis en exergue la maturit\u00e9 cin\u00e9matographique d\u00e9montr\u00e9e par ces jeunes talents : \u00ab Les films pr\u00e9sent\u00e9s ont r\u00e9v\u00e9l\u00e9 une conscience cin\u00e9matographique profonde chez ces jeunes cr\u00e9ateurs, ainsi qu&rsquo;une ma\u00eetrise \u00e9vidente du langage filmique \u00bb, a-t-il d\u00e9clar\u00e9. Il a particuli\u00e8rement salu\u00e9 \u00ab l&rsquo;audace de certains \u00e0 explorer de nouveaux genres dramatiques et la capacit\u00e9 d&rsquo;autres \u00e0 \u00e9laborer des sc\u00e9narios narratifs parfaitement structur\u00e9s \u00bb, des qualit\u00e9s qui augurent d&rsquo;un avenir prometteur pour le septi\u00e8me art alg\u00e9rien.<\/p>\n\n\n\n<p>Le festival a \u00e9galement propos\u00e9 un volet p\u00e9dagogique avec des ateliers de formation encadr\u00e9s par le r\u00e9alisateur Idriss Ben Chernine qui a partag\u00e9 son expertise avec les participants. \u00ab L&rsquo;exp\u00e9rience formative de trois jours n&rsquo;\u00e9tait certes pas suffisante pour offrir un contenu exhaustif, mais nous avons cibl\u00e9 des aspects fondamentaux comme le d\u00e9veloppement du concept cin\u00e9matographique et l&rsquo;\u00e9criture de sc\u00e9nario \u00bb, a-t-il expliqu\u00e9, se f\u00e9licitant de l&rsquo;engagement enthousiaste des jeunes, particuli\u00e8rement ceux participant au concours.<\/p>\n\n\n\n<p>Lors de la c\u00e9r\u00e9monie de cl\u00f4ture, le directeur de l&rsquo;\u00e9v\u00e9nement, Hamza Kech, a tenu \u00e0 remercier tous ceux qui ont contribu\u00e9 \u00e0 la r\u00e9ussite de cette initiative culturelle, exprimant son souhait de voir cette manifestation se p\u00e9renniser lors des prochaines ann\u00e9es. Ce festival, organis\u00e9 par l&rsquo;association \u00ab Ibda&rsquo; \u00bb (Cr\u00e9ation) pour la culture, les arts et la jeunesse, a b\u00e9n\u00e9fici\u00e9 du soutien des directions de la Culture et de la Jeunesse et des Sports de la wilaya de Constantine, ainsi que de l&rsquo;Assembl\u00e9e populaire communale de la ville.<\/p>\n\n\n\n<p>Cette premi\u00e8re \u00e9dition des Journ\u00e9es \u00ab Cirta du court-m\u00e9trage \u00bb s&rsquo;impose d\u00e9j\u00e0 comme une plateforme essentielle pour la valorisation des talents \u00e9mergents du cin\u00e9ma alg\u00e9rien, tout en contribuant au rayonnement culturel de Constantine, cit\u00e9 mill\u00e9naire dont l&rsquo;identit\u00e9 se r\u00e9invente constamment \u00e0 travers les expressions artistiques contemporaines.<\/p>\n\n\n\n<p>M.S.<\/p>\n","protected":false},"excerpt":{"rendered":"<p>La premi\u00e8re \u00e9dition des Journ\u00e9es \u00ab Cirta du court-m\u00e9trage \u00bb s&rsquo;est cl\u00f4tur\u00e9e mardi soir au Th\u00e9\u00e2tre r\u00e9gional Mohamed Tahar Fergani<\/p>\n","protected":false},"author":6,"featured_media":65805,"comment_status":"open","ping_status":"closed","sticky":false,"template":"","format":"standard","meta":{"colormag_page_container_layout":"default_layout","colormag_page_sidebar_layout":"default_layout","om_disable_all_campaigns":false,"_monsterinsights_skip_tracking":false,"_monsterinsights_sitenote_active":false,"_monsterinsights_sitenote_note":"","_monsterinsights_sitenote_category":0,"footnotes":"","_wpscppro_dont_share_socialmedia":false,"_wpscppro_custom_social_share_image":0,"_facebook_share_type":"default","_twitter_share_type":"default","_linkedin_share_type":"default","_pinterest_share_type":"default","_linkedin_share_type_page":"","_instagram_share_type":"default","_medium_share_type":"default","_threads_share_type":"","_google_business_share_type":"","_selected_social_profile":[],"_wpsp_enable_custom_social_template":false,"_wpsp_social_scheduling":{"enabled":false,"datetime":null,"platforms":[],"status":"template_only","dateOption":"today","timeOption":"now","customDays":"","customHours":"","customDate":"","customTime":"","schedulingType":"absolute"},"_wpsp_active_default_template":true},"categories":[36],"tags":[],"class_list":["post-65804","post","type-post","status-publish","format-standard","has-post-thumbnail","hentry","category-culture"],"aioseo_notices":[],"yoast_head":"<!-- This site is optimized with the Yoast SEO plugin v27.5 - https:\/\/yoast.com\/product\/yoast-seo-wordpress\/ -->\n<title>Premier Festival Cirta du court-m\u00e9trage \u00e0 Constantine : \u00ab Once Upon A Time \u00bb couronn\u00e9 \u00a0 - La Sentinelle<\/title>\n<meta name=\"robots\" content=\"index, follow, max-snippet:-1, max-image-preview:large, max-video-preview:-1\" \/>\n<link rel=\"canonical\" href=\"https:\/\/lasentinelle.dz\/index.php\/2025\/04\/17\/premier-festival-cirta-du-court-metrage-a-constantine-once-upon-a-time-couronne\/\" \/>\n<meta property=\"og:locale\" content=\"fr_FR\" \/>\n<meta property=\"og:type\" content=\"article\" \/>\n<meta property=\"og:title\" content=\"Premier Festival Cirta du court-m\u00e9trage \u00e0 Constantine : \u00ab Once Upon A Time \u00bb couronn\u00e9 \u00a0 - La Sentinelle\" \/>\n<meta property=\"og:description\" content=\"La premi\u00e8re \u00e9dition des Journ\u00e9es \u00ab Cirta du court-m\u00e9trage \u00bb s&rsquo;est cl\u00f4tur\u00e9e mardi soir au Th\u00e9\u00e2tre r\u00e9gional Mohamed Tahar Fergani\" \/>\n<meta property=\"og:url\" content=\"https:\/\/lasentinelle.dz\/index.php\/2025\/04\/17\/premier-festival-cirta-du-court-metrage-a-constantine-once-upon-a-time-couronne\/\" \/>\n<meta property=\"og:site_name\" content=\"La Sentinelle\" \/>\n<meta property=\"article:publisher\" content=\"https:\/\/www.facebook.com\/La-Sentinelle-104059864394773\" \/>\n<meta property=\"article:published_time\" content=\"2025-04-17T11:11:06+00:00\" \/>\n<meta property=\"article:modified_time\" content=\"2025-04-18T11:13:05+00:00\" \/>\n<meta property=\"og:image\" content=\"https:\/\/lasentinelle.dz\/wp-content\/uploads\/2025\/04\/490530973_884026503849354_5563935975597832817_n.webp\" \/>\n\t<meta property=\"og:image:width\" content=\"900\" \/>\n\t<meta property=\"og:image:height\" content=\"675\" \/>\n\t<meta property=\"og:image:type\" content=\"image\/webp\" \/>\n<meta name=\"author\" content=\"admin\" \/>\n<meta name=\"twitter:card\" content=\"summary_large_image\" \/>\n<meta name=\"twitter:label1\" content=\"\u00c9crit par\" \/>\n\t<meta name=\"twitter:data1\" content=\"admin\" \/>\n\t<meta name=\"twitter:label2\" content=\"Dur\u00e9e de lecture estim\u00e9e\" \/>\n\t<meta name=\"twitter:data2\" content=\"3 minutes\" \/>\n<script type=\"application\/ld+json\" class=\"yoast-schema-graph\">{\"@context\":\"https:\\\/\\\/schema.org\",\"@graph\":[{\"@type\":\"Article\",\"@id\":\"https:\\\/\\\/lasentinelle.dz\\\/index.php\\\/2025\\\/04\\\/17\\\/premier-festival-cirta-du-court-metrage-a-constantine-once-upon-a-time-couronne\\\/#article\",\"isPartOf\":{\"@id\":\"https:\\\/\\\/lasentinelle.dz\\\/index.php\\\/2025\\\/04\\\/17\\\/premier-festival-cirta-du-court-metrage-a-constantine-once-upon-a-time-couronne\\\/\"},\"author\":{\"name\":\"admin\",\"@id\":\"https:\\\/\\\/lasentinelle.dz\\\/#\\\/schema\\\/person\\\/729ee0024f24e0b8c5ec17232f8e8b41\"},\"headline\":\"Premier Festival Cirta du court-m\u00e9trage \u00e0 Constantine : \u00ab Once Upon A Time \u00bb couronn\u00e9 \u00a0\",\"datePublished\":\"2025-04-17T11:11:06+00:00\",\"dateModified\":\"2025-04-18T11:13:05+00:00\",\"mainEntityOfPage\":{\"@id\":\"https:\\\/\\\/lasentinelle.dz\\\/index.php\\\/2025\\\/04\\\/17\\\/premier-festival-cirta-du-court-metrage-a-constantine-once-upon-a-time-couronne\\\/\"},\"wordCount\":517,\"commentCount\":0,\"publisher\":{\"@id\":\"https:\\\/\\\/lasentinelle.dz\\\/#organization\"},\"image\":{\"@id\":\"https:\\\/\\\/lasentinelle.dz\\\/index.php\\\/2025\\\/04\\\/17\\\/premier-festival-cirta-du-court-metrage-a-constantine-once-upon-a-time-couronne\\\/#primaryimage\"},\"thumbnailUrl\":\"https:\\\/\\\/lasentinelle.dz\\\/wp-content\\\/uploads\\\/2025\\\/04\\\/490530973_884026503849354_5563935975597832817_n.webp\",\"articleSection\":[\"Culture\"],\"inLanguage\":\"fr-FR\",\"potentialAction\":[{\"@type\":\"CommentAction\",\"name\":\"Comment\",\"target\":[\"https:\\\/\\\/lasentinelle.dz\\\/index.php\\\/2025\\\/04\\\/17\\\/premier-festival-cirta-du-court-metrage-a-constantine-once-upon-a-time-couronne\\\/#respond\"]}]},{\"@type\":\"WebPage\",\"@id\":\"https:\\\/\\\/lasentinelle.dz\\\/index.php\\\/2025\\\/04\\\/17\\\/premier-festival-cirta-du-court-metrage-a-constantine-once-upon-a-time-couronne\\\/\",\"url\":\"https:\\\/\\\/lasentinelle.dz\\\/index.php\\\/2025\\\/04\\\/17\\\/premier-festival-cirta-du-court-metrage-a-constantine-once-upon-a-time-couronne\\\/\",\"name\":\"Premier Festival Cirta du court-m\u00e9trage \u00e0 Constantine : \u00ab Once Upon A Time \u00bb couronn\u00e9 \u00a0 - La Sentinelle\",\"isPartOf\":{\"@id\":\"https:\\\/\\\/lasentinelle.dz\\\/#website\"},\"primaryImageOfPage\":{\"@id\":\"https:\\\/\\\/lasentinelle.dz\\\/index.php\\\/2025\\\/04\\\/17\\\/premier-festival-cirta-du-court-metrage-a-constantine-once-upon-a-time-couronne\\\/#primaryimage\"},\"image\":{\"@id\":\"https:\\\/\\\/lasentinelle.dz\\\/index.php\\\/2025\\\/04\\\/17\\\/premier-festival-cirta-du-court-metrage-a-constantine-once-upon-a-time-couronne\\\/#primaryimage\"},\"thumbnailUrl\":\"https:\\\/\\\/lasentinelle.dz\\\/wp-content\\\/uploads\\\/2025\\\/04\\\/490530973_884026503849354_5563935975597832817_n.webp\",\"datePublished\":\"2025-04-17T11:11:06+00:00\",\"dateModified\":\"2025-04-18T11:13:05+00:00\",\"breadcrumb\":{\"@id\":\"https:\\\/\\\/lasentinelle.dz\\\/index.php\\\/2025\\\/04\\\/17\\\/premier-festival-cirta-du-court-metrage-a-constantine-once-upon-a-time-couronne\\\/#breadcrumb\"},\"inLanguage\":\"fr-FR\",\"potentialAction\":[{\"@type\":\"ReadAction\",\"target\":[\"https:\\\/\\\/lasentinelle.dz\\\/index.php\\\/2025\\\/04\\\/17\\\/premier-festival-cirta-du-court-metrage-a-constantine-once-upon-a-time-couronne\\\/\"]}]},{\"@type\":\"ImageObject\",\"inLanguage\":\"fr-FR\",\"@id\":\"https:\\\/\\\/lasentinelle.dz\\\/index.php\\\/2025\\\/04\\\/17\\\/premier-festival-cirta-du-court-metrage-a-constantine-once-upon-a-time-couronne\\\/#primaryimage\",\"url\":\"https:\\\/\\\/lasentinelle.dz\\\/wp-content\\\/uploads\\\/2025\\\/04\\\/490530973_884026503849354_5563935975597832817_n.webp\",\"contentUrl\":\"https:\\\/\\\/lasentinelle.dz\\\/wp-content\\\/uploads\\\/2025\\\/04\\\/490530973_884026503849354_5563935975597832817_n.webp\",\"width\":900,\"height\":675},{\"@type\":\"BreadcrumbList\",\"@id\":\"https:\\\/\\\/lasentinelle.dz\\\/index.php\\\/2025\\\/04\\\/17\\\/premier-festival-cirta-du-court-metrage-a-constantine-once-upon-a-time-couronne\\\/#breadcrumb\",\"itemListElement\":[{\"@type\":\"ListItem\",\"position\":1,\"name\":\"Accueil\",\"item\":\"https:\\\/\\\/lasentinelle.dz\\\/\"},{\"@type\":\"ListItem\",\"position\":2,\"name\":\"Premier Festival Cirta du court-m\u00e9trage \u00e0 Constantine : \u00ab Once Upon A Time \u00bb couronn\u00e9 \u00a0\"}]},{\"@type\":\"WebSite\",\"@id\":\"https:\\\/\\\/lasentinelle.dz\\\/#website\",\"url\":\"https:\\\/\\\/lasentinelle.dz\\\/\",\"name\":\"La Sentinelle\",\"description\":\"Quotidien national d&#039;information\",\"publisher\":{\"@id\":\"https:\\\/\\\/lasentinelle.dz\\\/#organization\"},\"potentialAction\":[{\"@type\":\"SearchAction\",\"target\":{\"@type\":\"EntryPoint\",\"urlTemplate\":\"https:\\\/\\\/lasentinelle.dz\\\/?s={search_term_string}\"},\"query-input\":{\"@type\":\"PropertyValueSpecification\",\"valueRequired\":true,\"valueName\":\"search_term_string\"}}],\"inLanguage\":\"fr-FR\"},{\"@type\":\"Organization\",\"@id\":\"https:\\\/\\\/lasentinelle.dz\\\/#organization\",\"name\":\"Quotidien La Sentinelle\",\"url\":\"https:\\\/\\\/lasentinelle.dz\\\/\",\"logo\":{\"@type\":\"ImageObject\",\"inLanguage\":\"fr-FR\",\"@id\":\"https:\\\/\\\/lasentinelle.dz\\\/#\\\/schema\\\/logo\\\/image\\\/\",\"url\":\"https:\\\/\\\/lasentinelle.dz\\\/wp-content\\\/uploads\\\/2021\\\/09\\\/logo-sentinelleSLOGAN-1.png\",\"contentUrl\":\"https:\\\/\\\/lasentinelle.dz\\\/wp-content\\\/uploads\\\/2021\\\/09\\\/logo-sentinelleSLOGAN-1.png\",\"width\":615,\"height\":142,\"caption\":\"Quotidien La Sentinelle\"},\"image\":{\"@id\":\"https:\\\/\\\/lasentinelle.dz\\\/#\\\/schema\\\/logo\\\/image\\\/\"},\"sameAs\":[\"https:\\\/\\\/www.facebook.com\\\/La-Sentinelle-104059864394773\"]},{\"@type\":\"Person\",\"@id\":\"https:\\\/\\\/lasentinelle.dz\\\/#\\\/schema\\\/person\\\/729ee0024f24e0b8c5ec17232f8e8b41\",\"name\":\"admin\",\"image\":{\"@type\":\"ImageObject\",\"inLanguage\":\"fr-FR\",\"@id\":\"https:\\\/\\\/secure.gravatar.com\\\/avatar\\\/4c81fed838786e9b53f540bf46533e750f5d292099ae3b66cfc6fb1982e29df7?s=96&d=mm&r=g\",\"url\":\"https:\\\/\\\/secure.gravatar.com\\\/avatar\\\/4c81fed838786e9b53f540bf46533e750f5d292099ae3b66cfc6fb1982e29df7?s=96&d=mm&r=g\",\"contentUrl\":\"https:\\\/\\\/secure.gravatar.com\\\/avatar\\\/4c81fed838786e9b53f540bf46533e750f5d292099ae3b66cfc6fb1982e29df7?s=96&d=mm&r=g\",\"caption\":\"admin\"},\"description\":\"admin\",\"url\":\"https:\\\/\\\/lasentinelle.dz\\\/author\\\/admin\\\/\"}]}<\/script>\n<!-- \/ Yoast SEO plugin. -->","yoast_head_json":{"title":"Premier Festival Cirta du court-m\u00e9trage \u00e0 Constantine : \u00ab Once Upon A Time \u00bb couronn\u00e9 \u00a0 - La Sentinelle","robots":{"index":"index","follow":"follow","max-snippet":"max-snippet:-1","max-image-preview":"max-image-preview:large","max-video-preview":"max-video-preview:-1"},"canonical":"https:\/\/lasentinelle.dz\/index.php\/2025\/04\/17\/premier-festival-cirta-du-court-metrage-a-constantine-once-upon-a-time-couronne\/","og_locale":"fr_FR","og_type":"article","og_title":"Premier Festival Cirta du court-m\u00e9trage \u00e0 Constantine : \u00ab Once Upon A Time \u00bb couronn\u00e9 \u00a0 - La Sentinelle","og_description":"La premi\u00e8re \u00e9dition des Journ\u00e9es \u00ab Cirta du court-m\u00e9trage \u00bb s&rsquo;est cl\u00f4tur\u00e9e mardi soir au Th\u00e9\u00e2tre r\u00e9gional Mohamed Tahar Fergani","og_url":"https:\/\/lasentinelle.dz\/index.php\/2025\/04\/17\/premier-festival-cirta-du-court-metrage-a-constantine-once-upon-a-time-couronne\/","og_site_name":"La Sentinelle","article_publisher":"https:\/\/www.facebook.com\/La-Sentinelle-104059864394773","article_published_time":"2025-04-17T11:11:06+00:00","article_modified_time":"2025-04-18T11:13:05+00:00","og_image":[{"width":900,"height":675,"url":"https:\/\/lasentinelle.dz\/wp-content\/uploads\/2025\/04\/490530973_884026503849354_5563935975597832817_n.webp","type":"image\/webp"}],"author":"admin","twitter_card":"summary_large_image","twitter_misc":{"\u00c9crit par":"admin","Dur\u00e9e de lecture estim\u00e9e":"3 minutes"},"schema":{"@context":"https:\/\/schema.org","@graph":[{"@type":"Article","@id":"https:\/\/lasentinelle.dz\/index.php\/2025\/04\/17\/premier-festival-cirta-du-court-metrage-a-constantine-once-upon-a-time-couronne\/#article","isPartOf":{"@id":"https:\/\/lasentinelle.dz\/index.php\/2025\/04\/17\/premier-festival-cirta-du-court-metrage-a-constantine-once-upon-a-time-couronne\/"},"author":{"name":"admin","@id":"https:\/\/lasentinelle.dz\/#\/schema\/person\/729ee0024f24e0b8c5ec17232f8e8b41"},"headline":"Premier Festival Cirta du court-m\u00e9trage \u00e0 Constantine : \u00ab Once Upon A Time \u00bb couronn\u00e9 \u00a0","datePublished":"2025-04-17T11:11:06+00:00","dateModified":"2025-04-18T11:13:05+00:00","mainEntityOfPage":{"@id":"https:\/\/lasentinelle.dz\/index.php\/2025\/04\/17\/premier-festival-cirta-du-court-metrage-a-constantine-once-upon-a-time-couronne\/"},"wordCount":517,"commentCount":0,"publisher":{"@id":"https:\/\/lasentinelle.dz\/#organization"},"image":{"@id":"https:\/\/lasentinelle.dz\/index.php\/2025\/04\/17\/premier-festival-cirta-du-court-metrage-a-constantine-once-upon-a-time-couronne\/#primaryimage"},"thumbnailUrl":"https:\/\/lasentinelle.dz\/wp-content\/uploads\/2025\/04\/490530973_884026503849354_5563935975597832817_n.webp","articleSection":["Culture"],"inLanguage":"fr-FR","potentialAction":[{"@type":"CommentAction","name":"Comment","target":["https:\/\/lasentinelle.dz\/index.php\/2025\/04\/17\/premier-festival-cirta-du-court-metrage-a-constantine-once-upon-a-time-couronne\/#respond"]}]},{"@type":"WebPage","@id":"https:\/\/lasentinelle.dz\/index.php\/2025\/04\/17\/premier-festival-cirta-du-court-metrage-a-constantine-once-upon-a-time-couronne\/","url":"https:\/\/lasentinelle.dz\/index.php\/2025\/04\/17\/premier-festival-cirta-du-court-metrage-a-constantine-once-upon-a-time-couronne\/","name":"Premier Festival Cirta du court-m\u00e9trage \u00e0 Constantine : \u00ab Once Upon A Time \u00bb couronn\u00e9 \u00a0 - La Sentinelle","isPartOf":{"@id":"https:\/\/lasentinelle.dz\/#website"},"primaryImageOfPage":{"@id":"https:\/\/lasentinelle.dz\/index.php\/2025\/04\/17\/premier-festival-cirta-du-court-metrage-a-constantine-once-upon-a-time-couronne\/#primaryimage"},"image":{"@id":"https:\/\/lasentinelle.dz\/index.php\/2025\/04\/17\/premier-festival-cirta-du-court-metrage-a-constantine-once-upon-a-time-couronne\/#primaryimage"},"thumbnailUrl":"https:\/\/lasentinelle.dz\/wp-content\/uploads\/2025\/04\/490530973_884026503849354_5563935975597832817_n.webp","datePublished":"2025-04-17T11:11:06+00:00","dateModified":"2025-04-18T11:13:05+00:00","breadcrumb":{"@id":"https:\/\/lasentinelle.dz\/index.php\/2025\/04\/17\/premier-festival-cirta-du-court-metrage-a-constantine-once-upon-a-time-couronne\/#breadcrumb"},"inLanguage":"fr-FR","potentialAction":[{"@type":"ReadAction","target":["https:\/\/lasentinelle.dz\/index.php\/2025\/04\/17\/premier-festival-cirta-du-court-metrage-a-constantine-once-upon-a-time-couronne\/"]}]},{"@type":"ImageObject","inLanguage":"fr-FR","@id":"https:\/\/lasentinelle.dz\/index.php\/2025\/04\/17\/premier-festival-cirta-du-court-metrage-a-constantine-once-upon-a-time-couronne\/#primaryimage","url":"https:\/\/lasentinelle.dz\/wp-content\/uploads\/2025\/04\/490530973_884026503849354_5563935975597832817_n.webp","contentUrl":"https:\/\/lasentinelle.dz\/wp-content\/uploads\/2025\/04\/490530973_884026503849354_5563935975597832817_n.webp","width":900,"height":675},{"@type":"BreadcrumbList","@id":"https:\/\/lasentinelle.dz\/index.php\/2025\/04\/17\/premier-festival-cirta-du-court-metrage-a-constantine-once-upon-a-time-couronne\/#breadcrumb","itemListElement":[{"@type":"ListItem","position":1,"name":"Accueil","item":"https:\/\/lasentinelle.dz\/"},{"@type":"ListItem","position":2,"name":"Premier Festival Cirta du court-m\u00e9trage \u00e0 Constantine : \u00ab Once Upon A Time \u00bb couronn\u00e9 \u00a0"}]},{"@type":"WebSite","@id":"https:\/\/lasentinelle.dz\/#website","url":"https:\/\/lasentinelle.dz\/","name":"La Sentinelle","description":"Quotidien national d&#039;information","publisher":{"@id":"https:\/\/lasentinelle.dz\/#organization"},"potentialAction":[{"@type":"SearchAction","target":{"@type":"EntryPoint","urlTemplate":"https:\/\/lasentinelle.dz\/?s={search_term_string}"},"query-input":{"@type":"PropertyValueSpecification","valueRequired":true,"valueName":"search_term_string"}}],"inLanguage":"fr-FR"},{"@type":"Organization","@id":"https:\/\/lasentinelle.dz\/#organization","name":"Quotidien La Sentinelle","url":"https:\/\/lasentinelle.dz\/","logo":{"@type":"ImageObject","inLanguage":"fr-FR","@id":"https:\/\/lasentinelle.dz\/#\/schema\/logo\/image\/","url":"https:\/\/lasentinelle.dz\/wp-content\/uploads\/2021\/09\/logo-sentinelleSLOGAN-1.png","contentUrl":"https:\/\/lasentinelle.dz\/wp-content\/uploads\/2021\/09\/logo-sentinelleSLOGAN-1.png","width":615,"height":142,"caption":"Quotidien La Sentinelle"},"image":{"@id":"https:\/\/lasentinelle.dz\/#\/schema\/logo\/image\/"},"sameAs":["https:\/\/www.facebook.com\/La-Sentinelle-104059864394773"]},{"@type":"Person","@id":"https:\/\/lasentinelle.dz\/#\/schema\/person\/729ee0024f24e0b8c5ec17232f8e8b41","name":"admin","image":{"@type":"ImageObject","inLanguage":"fr-FR","@id":"https:\/\/secure.gravatar.com\/avatar\/4c81fed838786e9b53f540bf46533e750f5d292099ae3b66cfc6fb1982e29df7?s=96&d=mm&r=g","url":"https:\/\/secure.gravatar.com\/avatar\/4c81fed838786e9b53f540bf46533e750f5d292099ae3b66cfc6fb1982e29df7?s=96&d=mm&r=g","contentUrl":"https:\/\/secure.gravatar.com\/avatar\/4c81fed838786e9b53f540bf46533e750f5d292099ae3b66cfc6fb1982e29df7?s=96&d=mm&r=g","caption":"admin"},"description":"admin","url":"https:\/\/lasentinelle.dz\/author\/admin\/"}]}},"_links":{"self":[{"href":"https:\/\/lasentinelle.dz\/index.php\/wp-json\/wp\/v2\/posts\/65804","targetHints":{"allow":["GET"]}}],"collection":[{"href":"https:\/\/lasentinelle.dz\/index.php\/wp-json\/wp\/v2\/posts"}],"about":[{"href":"https:\/\/lasentinelle.dz\/index.php\/wp-json\/wp\/v2\/types\/post"}],"author":[{"embeddable":true,"href":"https:\/\/lasentinelle.dz\/index.php\/wp-json\/wp\/v2\/users\/6"}],"replies":[{"embeddable":true,"href":"https:\/\/lasentinelle.dz\/index.php\/wp-json\/wp\/v2\/comments?post=65804"}],"version-history":[{"count":1,"href":"https:\/\/lasentinelle.dz\/index.php\/wp-json\/wp\/v2\/posts\/65804\/revisions"}],"predecessor-version":[{"id":65806,"href":"https:\/\/lasentinelle.dz\/index.php\/wp-json\/wp\/v2\/posts\/65804\/revisions\/65806"}],"wp:featuredmedia":[{"embeddable":true,"href":"https:\/\/lasentinelle.dz\/index.php\/wp-json\/wp\/v2\/media\/65805"}],"wp:attachment":[{"href":"https:\/\/lasentinelle.dz\/index.php\/wp-json\/wp\/v2\/media?parent=65804"}],"wp:term":[{"taxonomy":"category","embeddable":true,"href":"https:\/\/lasentinelle.dz\/index.php\/wp-json\/wp\/v2\/categories?post=65804"},{"taxonomy":"post_tag","embeddable":true,"href":"https:\/\/lasentinelle.dz\/index.php\/wp-json\/wp\/v2\/tags?post=65804"}],"curies":[{"name":"wp","href":"https:\/\/api.w.org\/{rel}","templated":true}]}}