{"id":65807,"date":"2025-04-17T12:11:48","date_gmt":"2025-04-17T11:11:48","guid":{"rendered":"https:\/\/lasentinelle.dz\/?p=65807"},"modified":"2025-04-18T12:12:55","modified_gmt":"2025-04-18T11:12:55","slug":"tayara-safra-triomphe-au-festival-vues-dafrique-de-montreal-une-consecration-pour-le-cinema-algerien","status":"publish","type":"post","link":"https:\/\/lasentinelle.dz\/index.php\/2025\/04\/17\/tayara-safra-triomphe-au-festival-vues-dafrique-de-montreal-une-consecration-pour-le-cinema-algerien\/","title":{"rendered":"\u00ab\u00a0Tayara safra\u00a0\u00bb triomphe au Festival Vues d&rsquo;afrique de montr\u00e9al : Une cons\u00e9cration pour le cin\u00e9ma alg\u00e9rien"},"content":{"rendered":"\n<p>Dans une cons\u00e9cration qui r\u00e9sonne comme un hommage \u00e0 la renaissance cin\u00e9matographique alg\u00e9rienne, le film \u00ab\u00a0Tayara Safra\u00a0\u00bb (L&rsquo;Avion Jaune) de la r\u00e9alisatrice Hadjer Sebata vient de d\u00e9crocher le prestigieux Prix du film m\u00e9diterran\u00e9en et court-m\u00e9trage lors de la 41\u00e8me \u00e9dition du Festival international Vues d&rsquo;Afrique \u00e0 Montr\u00e9al. Cette distinction, annonc\u00e9e avec fiert\u00e9 par le minist\u00e8re de la Culture et des Arts, refl\u00e8te le parcours d&rsquo;un cin\u00e9ma national qui retrouve progressivement sa place sur l&rsquo;\u00e9chiquier international du septi\u00e8me art. Ce court-m\u00e9trage de 40 minutes, fruit d&rsquo;une collaboration entre Hadjer Sebata et le sc\u00e9nariste Karim Khodaim, s&rsquo;inscrit dans une d\u00e9marche m\u00e9morielle puisant dans les profondeurs de la guerre de Lib\u00e9ration nationale. Port\u00e9 par un casting d&rsquo;exception comprenant des figures embl\u00e9matiques telles que Sid Ahmed Agoumi, Souhila Maalem, Nawara Braham, Fatiha Soltan, Nacereddine Djoudi et Laurent Gernigon, le film rend un vibrant hommage au r\u00f4le crucial des femmes alg\u00e9riennes durant la r\u00e9volution. \u00ab\u00a0Tayara Safra\u00a0\u00bb explore avec sensibilit\u00e9 un chapitre m\u00e9connu de l&rsquo;histoire alg\u00e9rienne, offrant au public international un regard nouveau sur les sacrifices consentis pour l&rsquo;ind\u00e9pendance nationale \u00e0 travers le prisme d&rsquo;une narration cin\u00e9matographique exigeante.<\/p>\n\n\n\n<p>Ce succ\u00e8s ne vient pas seul, puisque d&rsquo;autres productions alg\u00e9riennes comme \u00ab\u00a0Premi\u00e8re ligne\u00a0\u00bb de Merzak Allouache et \u00ab\u00a0La Nuit Abed\u00a0\u00bb d&rsquo;Anis Djaad participaient \u00e9galement \u00e0 cette \u00e9dition plac\u00e9e sous le th\u00e8me \u00e9vocateur de la \u00ab\u00a0Transmission\u00a0\u00bb, confirmant ainsi la pr\u00e9sence remarqu\u00e9e du cin\u00e9ma alg\u00e9rien dans cet \u00e9v\u00e9nement rassemblant plus de 35 pays. Pour le minist\u00e8re de la Culture et des Arts, cette reconnaissance internationale s&rsquo;inscrit parfaitement dans la dynamique impuls\u00e9e par le pr\u00e9sident de la R\u00e9publique, Abdelmadjid Tebboune, qui a personnellement supervis\u00e9 les r\u00e9centes Assises nationales du cin\u00e9ma ayant r\u00e9uni plus de 800 professionnels du secteur. \u00ab\u00a0Ce n&rsquo;est pas simplement une victoire artistique, mais la concr\u00e9tisation d&rsquo;une vision nationale qui place la culture, et particuli\u00e8rement le cin\u00e9ma, au c\u0153ur du rayonnement de l&rsquo;Alg\u00e9rie \u00e0 l&rsquo;international\u00a0\u00bb, souligne le communiqu\u00e9 minist\u00e9riel.<\/p>\n\n\n\n<p>La r\u00e9alisatrice Hadjer Sebata n&rsquo;a pas manqu\u00e9 d&rsquo;exprimer sa gratitude envers les institutions qui ont rendu possible cette production, notamment le Centre National pour le D\u00e9veloppement du Cin\u00e9ma, relevant du minist\u00e8re de la Culture et des Arts. \u00ab\u00a0D&rsquo;un festival \u00e0 l&rsquo;autre, notre pr\u00e9sence sera de plus en plus forte. L&rsquo;\u00c9tat alg\u00e9rien, avec une volont\u00e9 affirm\u00e9e au plus haut niveau, soutient le cin\u00e9ma et \u0153uvre \u00e0 son d\u00e9veloppement pour qu&rsquo;il soit pr\u00e9sent dans tous les forums internationaux\u00a0\u00bb, a-t-elle d\u00e9clar\u00e9 il y a quelques jours depuis Montr\u00e9al, rappelant les engagements concrets pris par le pr\u00e9sident Tebboune et le ministre de la Culture Zohir Ballalou lors des Assises nationales du cin\u00e9ma.<\/p>\n\n\n\n<p>Le minist\u00e8re voit dans ce sacre international la confirmation que l&rsquo;investissement dans la culture n&rsquo;est pas un luxe mais une n\u00e9cessit\u00e9 pour un pays qui aspire \u00e0 retrouver sa place parmi les grandes nations cin\u00e9matographiques. \u00ab\u00a0Ce succ\u00e8s d\u00e9montre que notre cin\u00e9ma, lorsqu&rsquo;il est port\u00e9 par une vision authentique et soutenu par des moyens ad\u00e9quats, peut rivaliser avec les meilleures productions internationales\u00a0\u00bb, poursuit le communiqu\u00e9 officiel, qui souligne \u00e9galement l&rsquo;importance du dialogue interg\u00e9n\u00e9rationnel dans le renouveau cin\u00e9matographique alg\u00e9rien. En effet, ce film repr\u00e9sente la rencontre fructueuse entre l&rsquo;exp\u00e9rience de com\u00e9diens chevronn\u00e9s et l&rsquo;audace d&rsquo;une nouvelle g\u00e9n\u00e9ration de cr\u00e9ateurs.<\/p>\n\n\n\n<p>Dans son message de f\u00e9licitations adress\u00e9 \u00e0 l&rsquo;\u00e9quipe du film, le minist\u00e8re de la Culture et des Arts r\u00e9affirme sa d\u00e9termination \u00e0 poursuivre et intensifier les efforts pour que le cin\u00e9ma alg\u00e9rien retrouve pleinement \u00ab\u00a0l&rsquo;\u00e9clat des ann\u00e9es soixante-dix\u00a0\u00bb, p\u00e9riode dor\u00e9e o\u00f9 les \u0153uvres nationales s&rsquo;imposaient r\u00e9guli\u00e8rement dans les plus grands festivals internationaux.<\/p>\n\n\n\n<p>Mohand Seghir<\/p>\n","protected":false},"excerpt":{"rendered":"<p>Dans une cons\u00e9cration qui r\u00e9sonne comme un hommage \u00e0 la renaissance cin\u00e9matographique alg\u00e9rienne, le film \u00ab\u00a0Tayara Safra\u00a0\u00bb (L&rsquo;Avion Jaune) de<\/p>\n","protected":false},"author":6,"featured_media":49231,"comment_status":"open","ping_status":"closed","sticky":false,"template":"","format":"standard","meta":{"colormag_page_container_layout":"default_layout","colormag_page_sidebar_layout":"default_layout","om_disable_all_campaigns":false,"_monsterinsights_skip_tracking":false,"_monsterinsights_sitenote_active":false,"_monsterinsights_sitenote_note":"","_monsterinsights_sitenote_category":0,"footnotes":"","_wpscppro_dont_share_socialmedia":false,"_wpscppro_custom_social_share_image":0,"_facebook_share_type":"default","_twitter_share_type":"default","_linkedin_share_type":"default","_pinterest_share_type":"default","_linkedin_share_type_page":"","_instagram_share_type":"default","_medium_share_type":"default","_threads_share_type":"","_google_business_share_type":"","_selected_social_profile":[],"_wpsp_enable_custom_social_template":false,"_wpsp_social_scheduling":{"enabled":false,"datetime":null,"platforms":[],"status":"template_only","dateOption":"today","timeOption":"now","customDays":"","customHours":"","customDate":"","customTime":"","schedulingType":"absolute"},"_wpsp_active_default_template":true},"categories":[36],"tags":[],"class_list":["post-65807","post","type-post","status-publish","format-standard","has-post-thumbnail","hentry","category-culture"],"aioseo_notices":[],"yoast_head":"<!-- This site is optimized with the Yoast SEO plugin v27.5 - https:\/\/yoast.com\/product\/yoast-seo-wordpress\/ -->\n<title>\u00ab\u00a0Tayara safra\u00a0\u00bb triomphe au Festival Vues d&rsquo;afrique de montr\u00e9al : Une cons\u00e9cration pour le cin\u00e9ma alg\u00e9rien - La Sentinelle<\/title>\n<meta name=\"robots\" content=\"index, follow, max-snippet:-1, max-image-preview:large, max-video-preview:-1\" \/>\n<link rel=\"canonical\" href=\"https:\/\/lasentinelle.dz\/index.php\/2025\/04\/17\/tayara-safra-triomphe-au-festival-vues-dafrique-de-montreal-une-consecration-pour-le-cinema-algerien\/\" \/>\n<meta property=\"og:locale\" content=\"fr_FR\" \/>\n<meta property=\"og:type\" content=\"article\" \/>\n<meta property=\"og:title\" content=\"\u00ab\u00a0Tayara safra\u00a0\u00bb triomphe au Festival Vues d&rsquo;afrique de montr\u00e9al : Une cons\u00e9cration pour le cin\u00e9ma alg\u00e9rien - La Sentinelle\" \/>\n<meta property=\"og:description\" content=\"Dans une cons\u00e9cration qui r\u00e9sonne comme un hommage \u00e0 la renaissance cin\u00e9matographique alg\u00e9rienne, le film \u00ab\u00a0Tayara Safra\u00a0\u00bb (L&rsquo;Avion Jaune) de\" \/>\n<meta property=\"og:url\" content=\"https:\/\/lasentinelle.dz\/index.php\/2025\/04\/17\/tayara-safra-triomphe-au-festival-vues-dafrique-de-montreal-une-consecration-pour-le-cinema-algerien\/\" \/>\n<meta property=\"og:site_name\" content=\"La Sentinelle\" \/>\n<meta property=\"article:publisher\" content=\"https:\/\/www.facebook.com\/La-Sentinelle-104059864394773\" \/>\n<meta property=\"article:published_time\" content=\"2025-04-17T11:11:48+00:00\" \/>\n<meta property=\"article:modified_time\" content=\"2025-04-18T11:12:55+00:00\" \/>\n<meta property=\"og:image\" content=\"https:\/\/lasentinelle.dz\/wp-content\/uploads\/2024\/02\/Tayara-Safra-.png\" \/>\n\t<meta property=\"og:image:width\" content=\"586\" \/>\n\t<meta property=\"og:image:height\" content=\"446\" \/>\n\t<meta property=\"og:image:type\" content=\"image\/png\" \/>\n<meta name=\"author\" content=\"admin\" \/>\n<meta name=\"twitter:card\" content=\"summary_large_image\" \/>\n<meta name=\"twitter:label1\" content=\"\u00c9crit par\" \/>\n\t<meta name=\"twitter:data1\" content=\"admin\" \/>\n\t<meta name=\"twitter:label2\" content=\"Dur\u00e9e de lecture estim\u00e9e\" \/>\n\t<meta name=\"twitter:data2\" content=\"4 minutes\" \/>\n<script type=\"application\/ld+json\" class=\"yoast-schema-graph\">{\"@context\":\"https:\\\/\\\/schema.org\",\"@graph\":[{\"@type\":\"Article\",\"@id\":\"https:\\\/\\\/lasentinelle.dz\\\/index.php\\\/2025\\\/04\\\/17\\\/tayara-safra-triomphe-au-festival-vues-dafrique-de-montreal-une-consecration-pour-le-cinema-algerien\\\/#article\",\"isPartOf\":{\"@id\":\"https:\\\/\\\/lasentinelle.dz\\\/index.php\\\/2025\\\/04\\\/17\\\/tayara-safra-triomphe-au-festival-vues-dafrique-de-montreal-une-consecration-pour-le-cinema-algerien\\\/\"},\"author\":{\"name\":\"admin\",\"@id\":\"https:\\\/\\\/lasentinelle.dz\\\/#\\\/schema\\\/person\\\/729ee0024f24e0b8c5ec17232f8e8b41\"},\"headline\":\"\u00ab\u00a0Tayara safra\u00a0\u00bb triomphe au Festival Vues d&rsquo;afrique de montr\u00e9al : Une cons\u00e9cration pour le cin\u00e9ma alg\u00e9rien\",\"datePublished\":\"2025-04-17T11:11:48+00:00\",\"dateModified\":\"2025-04-18T11:12:55+00:00\",\"mainEntityOfPage\":{\"@id\":\"https:\\\/\\\/lasentinelle.dz\\\/index.php\\\/2025\\\/04\\\/17\\\/tayara-safra-triomphe-au-festival-vues-dafrique-de-montreal-une-consecration-pour-le-cinema-algerien\\\/\"},\"wordCount\":704,\"commentCount\":0,\"publisher\":{\"@id\":\"https:\\\/\\\/lasentinelle.dz\\\/#organization\"},\"image\":{\"@id\":\"https:\\\/\\\/lasentinelle.dz\\\/index.php\\\/2025\\\/04\\\/17\\\/tayara-safra-triomphe-au-festival-vues-dafrique-de-montreal-une-consecration-pour-le-cinema-algerien\\\/#primaryimage\"},\"thumbnailUrl\":\"https:\\\/\\\/lasentinelle.dz\\\/wp-content\\\/uploads\\\/2024\\\/02\\\/Tayara-Safra-.png\",\"articleSection\":[\"Culture\"],\"inLanguage\":\"fr-FR\",\"potentialAction\":[{\"@type\":\"CommentAction\",\"name\":\"Comment\",\"target\":[\"https:\\\/\\\/lasentinelle.dz\\\/index.php\\\/2025\\\/04\\\/17\\\/tayara-safra-triomphe-au-festival-vues-dafrique-de-montreal-une-consecration-pour-le-cinema-algerien\\\/#respond\"]}]},{\"@type\":\"WebPage\",\"@id\":\"https:\\\/\\\/lasentinelle.dz\\\/index.php\\\/2025\\\/04\\\/17\\\/tayara-safra-triomphe-au-festival-vues-dafrique-de-montreal-une-consecration-pour-le-cinema-algerien\\\/\",\"url\":\"https:\\\/\\\/lasentinelle.dz\\\/index.php\\\/2025\\\/04\\\/17\\\/tayara-safra-triomphe-au-festival-vues-dafrique-de-montreal-une-consecration-pour-le-cinema-algerien\\\/\",\"name\":\"\u00ab\u00a0Tayara safra\u00a0\u00bb triomphe au Festival Vues d&rsquo;afrique de montr\u00e9al : Une cons\u00e9cration pour le cin\u00e9ma alg\u00e9rien - La Sentinelle\",\"isPartOf\":{\"@id\":\"https:\\\/\\\/lasentinelle.dz\\\/#website\"},\"primaryImageOfPage\":{\"@id\":\"https:\\\/\\\/lasentinelle.dz\\\/index.php\\\/2025\\\/04\\\/17\\\/tayara-safra-triomphe-au-festival-vues-dafrique-de-montreal-une-consecration-pour-le-cinema-algerien\\\/#primaryimage\"},\"image\":{\"@id\":\"https:\\\/\\\/lasentinelle.dz\\\/index.php\\\/2025\\\/04\\\/17\\\/tayara-safra-triomphe-au-festival-vues-dafrique-de-montreal-une-consecration-pour-le-cinema-algerien\\\/#primaryimage\"},\"thumbnailUrl\":\"https:\\\/\\\/lasentinelle.dz\\\/wp-content\\\/uploads\\\/2024\\\/02\\\/Tayara-Safra-.png\",\"datePublished\":\"2025-04-17T11:11:48+00:00\",\"dateModified\":\"2025-04-18T11:12:55+00:00\",\"breadcrumb\":{\"@id\":\"https:\\\/\\\/lasentinelle.dz\\\/index.php\\\/2025\\\/04\\\/17\\\/tayara-safra-triomphe-au-festival-vues-dafrique-de-montreal-une-consecration-pour-le-cinema-algerien\\\/#breadcrumb\"},\"inLanguage\":\"fr-FR\",\"potentialAction\":[{\"@type\":\"ReadAction\",\"target\":[\"https:\\\/\\\/lasentinelle.dz\\\/index.php\\\/2025\\\/04\\\/17\\\/tayara-safra-triomphe-au-festival-vues-dafrique-de-montreal-une-consecration-pour-le-cinema-algerien\\\/\"]}]},{\"@type\":\"ImageObject\",\"inLanguage\":\"fr-FR\",\"@id\":\"https:\\\/\\\/lasentinelle.dz\\\/index.php\\\/2025\\\/04\\\/17\\\/tayara-safra-triomphe-au-festival-vues-dafrique-de-montreal-une-consecration-pour-le-cinema-algerien\\\/#primaryimage\",\"url\":\"https:\\\/\\\/lasentinelle.dz\\\/wp-content\\\/uploads\\\/2024\\\/02\\\/Tayara-Safra-.png\",\"contentUrl\":\"https:\\\/\\\/lasentinelle.dz\\\/wp-content\\\/uploads\\\/2024\\\/02\\\/Tayara-Safra-.png\",\"width\":586,\"height\":446},{\"@type\":\"BreadcrumbList\",\"@id\":\"https:\\\/\\\/lasentinelle.dz\\\/index.php\\\/2025\\\/04\\\/17\\\/tayara-safra-triomphe-au-festival-vues-dafrique-de-montreal-une-consecration-pour-le-cinema-algerien\\\/#breadcrumb\",\"itemListElement\":[{\"@type\":\"ListItem\",\"position\":1,\"name\":\"Accueil\",\"item\":\"https:\\\/\\\/lasentinelle.dz\\\/\"},{\"@type\":\"ListItem\",\"position\":2,\"name\":\"\u00ab\u00a0Tayara safra\u00a0\u00bb triomphe au Festival Vues d&rsquo;afrique de montr\u00e9al : Une cons\u00e9cration pour le cin\u00e9ma alg\u00e9rien\"}]},{\"@type\":\"WebSite\",\"@id\":\"https:\\\/\\\/lasentinelle.dz\\\/#website\",\"url\":\"https:\\\/\\\/lasentinelle.dz\\\/\",\"name\":\"La Sentinelle\",\"description\":\"Quotidien national d&#039;information\",\"publisher\":{\"@id\":\"https:\\\/\\\/lasentinelle.dz\\\/#organization\"},\"potentialAction\":[{\"@type\":\"SearchAction\",\"target\":{\"@type\":\"EntryPoint\",\"urlTemplate\":\"https:\\\/\\\/lasentinelle.dz\\\/?s={search_term_string}\"},\"query-input\":{\"@type\":\"PropertyValueSpecification\",\"valueRequired\":true,\"valueName\":\"search_term_string\"}}],\"inLanguage\":\"fr-FR\"},{\"@type\":\"Organization\",\"@id\":\"https:\\\/\\\/lasentinelle.dz\\\/#organization\",\"name\":\"Quotidien La Sentinelle\",\"url\":\"https:\\\/\\\/lasentinelle.dz\\\/\",\"logo\":{\"@type\":\"ImageObject\",\"inLanguage\":\"fr-FR\",\"@id\":\"https:\\\/\\\/lasentinelle.dz\\\/#\\\/schema\\\/logo\\\/image\\\/\",\"url\":\"https:\\\/\\\/lasentinelle.dz\\\/wp-content\\\/uploads\\\/2021\\\/09\\\/logo-sentinelleSLOGAN-1.png\",\"contentUrl\":\"https:\\\/\\\/lasentinelle.dz\\\/wp-content\\\/uploads\\\/2021\\\/09\\\/logo-sentinelleSLOGAN-1.png\",\"width\":615,\"height\":142,\"caption\":\"Quotidien La Sentinelle\"},\"image\":{\"@id\":\"https:\\\/\\\/lasentinelle.dz\\\/#\\\/schema\\\/logo\\\/image\\\/\"},\"sameAs\":[\"https:\\\/\\\/www.facebook.com\\\/La-Sentinelle-104059864394773\"]},{\"@type\":\"Person\",\"@id\":\"https:\\\/\\\/lasentinelle.dz\\\/#\\\/schema\\\/person\\\/729ee0024f24e0b8c5ec17232f8e8b41\",\"name\":\"admin\",\"image\":{\"@type\":\"ImageObject\",\"inLanguage\":\"fr-FR\",\"@id\":\"https:\\\/\\\/secure.gravatar.com\\\/avatar\\\/4c81fed838786e9b53f540bf46533e750f5d292099ae3b66cfc6fb1982e29df7?s=96&d=mm&r=g\",\"url\":\"https:\\\/\\\/secure.gravatar.com\\\/avatar\\\/4c81fed838786e9b53f540bf46533e750f5d292099ae3b66cfc6fb1982e29df7?s=96&d=mm&r=g\",\"contentUrl\":\"https:\\\/\\\/secure.gravatar.com\\\/avatar\\\/4c81fed838786e9b53f540bf46533e750f5d292099ae3b66cfc6fb1982e29df7?s=96&d=mm&r=g\",\"caption\":\"admin\"},\"description\":\"admin\",\"url\":\"https:\\\/\\\/lasentinelle.dz\\\/author\\\/admin\\\/\"}]}<\/script>\n<!-- \/ Yoast SEO plugin. -->","yoast_head_json":{"title":"\u00ab\u00a0Tayara safra\u00a0\u00bb triomphe au Festival Vues d&rsquo;afrique de montr\u00e9al : Une cons\u00e9cration pour le cin\u00e9ma alg\u00e9rien - La Sentinelle","robots":{"index":"index","follow":"follow","max-snippet":"max-snippet:-1","max-image-preview":"max-image-preview:large","max-video-preview":"max-video-preview:-1"},"canonical":"https:\/\/lasentinelle.dz\/index.php\/2025\/04\/17\/tayara-safra-triomphe-au-festival-vues-dafrique-de-montreal-une-consecration-pour-le-cinema-algerien\/","og_locale":"fr_FR","og_type":"article","og_title":"\u00ab\u00a0Tayara safra\u00a0\u00bb triomphe au Festival Vues d&rsquo;afrique de montr\u00e9al : Une cons\u00e9cration pour le cin\u00e9ma alg\u00e9rien - La Sentinelle","og_description":"Dans une cons\u00e9cration qui r\u00e9sonne comme un hommage \u00e0 la renaissance cin\u00e9matographique alg\u00e9rienne, le film \u00ab\u00a0Tayara Safra\u00a0\u00bb (L&rsquo;Avion Jaune) de","og_url":"https:\/\/lasentinelle.dz\/index.php\/2025\/04\/17\/tayara-safra-triomphe-au-festival-vues-dafrique-de-montreal-une-consecration-pour-le-cinema-algerien\/","og_site_name":"La Sentinelle","article_publisher":"https:\/\/www.facebook.com\/La-Sentinelle-104059864394773","article_published_time":"2025-04-17T11:11:48+00:00","article_modified_time":"2025-04-18T11:12:55+00:00","og_image":[{"width":586,"height":446,"url":"https:\/\/lasentinelle.dz\/wp-content\/uploads\/2024\/02\/Tayara-Safra-.png","type":"image\/png"}],"author":"admin","twitter_card":"summary_large_image","twitter_misc":{"\u00c9crit par":"admin","Dur\u00e9e de lecture estim\u00e9e":"4 minutes"},"schema":{"@context":"https:\/\/schema.org","@graph":[{"@type":"Article","@id":"https:\/\/lasentinelle.dz\/index.php\/2025\/04\/17\/tayara-safra-triomphe-au-festival-vues-dafrique-de-montreal-une-consecration-pour-le-cinema-algerien\/#article","isPartOf":{"@id":"https:\/\/lasentinelle.dz\/index.php\/2025\/04\/17\/tayara-safra-triomphe-au-festival-vues-dafrique-de-montreal-une-consecration-pour-le-cinema-algerien\/"},"author":{"name":"admin","@id":"https:\/\/lasentinelle.dz\/#\/schema\/person\/729ee0024f24e0b8c5ec17232f8e8b41"},"headline":"\u00ab\u00a0Tayara safra\u00a0\u00bb triomphe au Festival Vues d&rsquo;afrique de montr\u00e9al : Une cons\u00e9cration pour le cin\u00e9ma alg\u00e9rien","datePublished":"2025-04-17T11:11:48+00:00","dateModified":"2025-04-18T11:12:55+00:00","mainEntityOfPage":{"@id":"https:\/\/lasentinelle.dz\/index.php\/2025\/04\/17\/tayara-safra-triomphe-au-festival-vues-dafrique-de-montreal-une-consecration-pour-le-cinema-algerien\/"},"wordCount":704,"commentCount":0,"publisher":{"@id":"https:\/\/lasentinelle.dz\/#organization"},"image":{"@id":"https:\/\/lasentinelle.dz\/index.php\/2025\/04\/17\/tayara-safra-triomphe-au-festival-vues-dafrique-de-montreal-une-consecration-pour-le-cinema-algerien\/#primaryimage"},"thumbnailUrl":"https:\/\/lasentinelle.dz\/wp-content\/uploads\/2024\/02\/Tayara-Safra-.png","articleSection":["Culture"],"inLanguage":"fr-FR","potentialAction":[{"@type":"CommentAction","name":"Comment","target":["https:\/\/lasentinelle.dz\/index.php\/2025\/04\/17\/tayara-safra-triomphe-au-festival-vues-dafrique-de-montreal-une-consecration-pour-le-cinema-algerien\/#respond"]}]},{"@type":"WebPage","@id":"https:\/\/lasentinelle.dz\/index.php\/2025\/04\/17\/tayara-safra-triomphe-au-festival-vues-dafrique-de-montreal-une-consecration-pour-le-cinema-algerien\/","url":"https:\/\/lasentinelle.dz\/index.php\/2025\/04\/17\/tayara-safra-triomphe-au-festival-vues-dafrique-de-montreal-une-consecration-pour-le-cinema-algerien\/","name":"\u00ab\u00a0Tayara safra\u00a0\u00bb triomphe au Festival Vues d&rsquo;afrique de montr\u00e9al : Une cons\u00e9cration pour le cin\u00e9ma alg\u00e9rien - La Sentinelle","isPartOf":{"@id":"https:\/\/lasentinelle.dz\/#website"},"primaryImageOfPage":{"@id":"https:\/\/lasentinelle.dz\/index.php\/2025\/04\/17\/tayara-safra-triomphe-au-festival-vues-dafrique-de-montreal-une-consecration-pour-le-cinema-algerien\/#primaryimage"},"image":{"@id":"https:\/\/lasentinelle.dz\/index.php\/2025\/04\/17\/tayara-safra-triomphe-au-festival-vues-dafrique-de-montreal-une-consecration-pour-le-cinema-algerien\/#primaryimage"},"thumbnailUrl":"https:\/\/lasentinelle.dz\/wp-content\/uploads\/2024\/02\/Tayara-Safra-.png","datePublished":"2025-04-17T11:11:48+00:00","dateModified":"2025-04-18T11:12:55+00:00","breadcrumb":{"@id":"https:\/\/lasentinelle.dz\/index.php\/2025\/04\/17\/tayara-safra-triomphe-au-festival-vues-dafrique-de-montreal-une-consecration-pour-le-cinema-algerien\/#breadcrumb"},"inLanguage":"fr-FR","potentialAction":[{"@type":"ReadAction","target":["https:\/\/lasentinelle.dz\/index.php\/2025\/04\/17\/tayara-safra-triomphe-au-festival-vues-dafrique-de-montreal-une-consecration-pour-le-cinema-algerien\/"]}]},{"@type":"ImageObject","inLanguage":"fr-FR","@id":"https:\/\/lasentinelle.dz\/index.php\/2025\/04\/17\/tayara-safra-triomphe-au-festival-vues-dafrique-de-montreal-une-consecration-pour-le-cinema-algerien\/#primaryimage","url":"https:\/\/lasentinelle.dz\/wp-content\/uploads\/2024\/02\/Tayara-Safra-.png","contentUrl":"https:\/\/lasentinelle.dz\/wp-content\/uploads\/2024\/02\/Tayara-Safra-.png","width":586,"height":446},{"@type":"BreadcrumbList","@id":"https:\/\/lasentinelle.dz\/index.php\/2025\/04\/17\/tayara-safra-triomphe-au-festival-vues-dafrique-de-montreal-une-consecration-pour-le-cinema-algerien\/#breadcrumb","itemListElement":[{"@type":"ListItem","position":1,"name":"Accueil","item":"https:\/\/lasentinelle.dz\/"},{"@type":"ListItem","position":2,"name":"\u00ab\u00a0Tayara safra\u00a0\u00bb triomphe au Festival Vues d&rsquo;afrique de montr\u00e9al : Une cons\u00e9cration pour le cin\u00e9ma alg\u00e9rien"}]},{"@type":"WebSite","@id":"https:\/\/lasentinelle.dz\/#website","url":"https:\/\/lasentinelle.dz\/","name":"La Sentinelle","description":"Quotidien national d&#039;information","publisher":{"@id":"https:\/\/lasentinelle.dz\/#organization"},"potentialAction":[{"@type":"SearchAction","target":{"@type":"EntryPoint","urlTemplate":"https:\/\/lasentinelle.dz\/?s={search_term_string}"},"query-input":{"@type":"PropertyValueSpecification","valueRequired":true,"valueName":"search_term_string"}}],"inLanguage":"fr-FR"},{"@type":"Organization","@id":"https:\/\/lasentinelle.dz\/#organization","name":"Quotidien La Sentinelle","url":"https:\/\/lasentinelle.dz\/","logo":{"@type":"ImageObject","inLanguage":"fr-FR","@id":"https:\/\/lasentinelle.dz\/#\/schema\/logo\/image\/","url":"https:\/\/lasentinelle.dz\/wp-content\/uploads\/2021\/09\/logo-sentinelleSLOGAN-1.png","contentUrl":"https:\/\/lasentinelle.dz\/wp-content\/uploads\/2021\/09\/logo-sentinelleSLOGAN-1.png","width":615,"height":142,"caption":"Quotidien La Sentinelle"},"image":{"@id":"https:\/\/lasentinelle.dz\/#\/schema\/logo\/image\/"},"sameAs":["https:\/\/www.facebook.com\/La-Sentinelle-104059864394773"]},{"@type":"Person","@id":"https:\/\/lasentinelle.dz\/#\/schema\/person\/729ee0024f24e0b8c5ec17232f8e8b41","name":"admin","image":{"@type":"ImageObject","inLanguage":"fr-FR","@id":"https:\/\/secure.gravatar.com\/avatar\/4c81fed838786e9b53f540bf46533e750f5d292099ae3b66cfc6fb1982e29df7?s=96&d=mm&r=g","url":"https:\/\/secure.gravatar.com\/avatar\/4c81fed838786e9b53f540bf46533e750f5d292099ae3b66cfc6fb1982e29df7?s=96&d=mm&r=g","contentUrl":"https:\/\/secure.gravatar.com\/avatar\/4c81fed838786e9b53f540bf46533e750f5d292099ae3b66cfc6fb1982e29df7?s=96&d=mm&r=g","caption":"admin"},"description":"admin","url":"https:\/\/lasentinelle.dz\/author\/admin\/"}]}},"_links":{"self":[{"href":"https:\/\/lasentinelle.dz\/index.php\/wp-json\/wp\/v2\/posts\/65807","targetHints":{"allow":["GET"]}}],"collection":[{"href":"https:\/\/lasentinelle.dz\/index.php\/wp-json\/wp\/v2\/posts"}],"about":[{"href":"https:\/\/lasentinelle.dz\/index.php\/wp-json\/wp\/v2\/types\/post"}],"author":[{"embeddable":true,"href":"https:\/\/lasentinelle.dz\/index.php\/wp-json\/wp\/v2\/users\/6"}],"replies":[{"embeddable":true,"href":"https:\/\/lasentinelle.dz\/index.php\/wp-json\/wp\/v2\/comments?post=65807"}],"version-history":[{"count":2,"href":"https:\/\/lasentinelle.dz\/index.php\/wp-json\/wp\/v2\/posts\/65807\/revisions"}],"predecessor-version":[{"id":65809,"href":"https:\/\/lasentinelle.dz\/index.php\/wp-json\/wp\/v2\/posts\/65807\/revisions\/65809"}],"wp:featuredmedia":[{"embeddable":true,"href":"https:\/\/lasentinelle.dz\/index.php\/wp-json\/wp\/v2\/media\/49231"}],"wp:attachment":[{"href":"https:\/\/lasentinelle.dz\/index.php\/wp-json\/wp\/v2\/media?parent=65807"}],"wp:term":[{"taxonomy":"category","embeddable":true,"href":"https:\/\/lasentinelle.dz\/index.php\/wp-json\/wp\/v2\/categories?post=65807"},{"taxonomy":"post_tag","embeddable":true,"href":"https:\/\/lasentinelle.dz\/index.php\/wp-json\/wp\/v2\/tags?post=65807"}],"curies":[{"name":"wp","href":"https:\/\/api.w.org\/{rel}","templated":true}]}}