{"id":65810,"date":"2025-04-17T12:12:00","date_gmt":"2025-04-17T11:12:00","guid":{"rendered":"https:\/\/lasentinelle.dz\/?p=65810"},"modified":"2025-04-18T12:12:38","modified_gmt":"2025-04-18T11:12:38","slug":"mois-du-patrimoine-quand-la-culture-embrasse-lere-de-lia","status":"publish","type":"post","link":"https:\/\/lasentinelle.dz\/index.php\/2025\/04\/17\/mois-du-patrimoine-quand-la-culture-embrasse-lere-de-lia\/","title":{"rendered":"Mois du patrimoine : Quand la culture embrasse l&rsquo;\u00e8re de l&rsquo;IA"},"content":{"rendered":"\n<p>Le minist\u00e8re de la Culture et des Arts d\u00e9voile un programme ambitieux pour le Mois du patrimoine 2025, qui se d\u00e9roulera du 18 avril au 18 mai, pla\u00e7ant r\u00e9solument l&rsquo;intelligence artificielle au c\u0153ur de la valorisation du patrimoine national. Cet \u00e9v\u00e9nement annuel, devenu incontournable dans le calendrier culturel t\u00e9moigne cette ann\u00e9e d&rsquo;une volont\u00e9 marqu\u00e9e d&rsquo;inscrire le riche h\u00e9ritage culturel du pays dans la modernit\u00e9 technologique.<\/p>\n\n\n\n<p>L&rsquo;ouverture officielle du mois du patrimoine se d\u00e9roulera \u00e0 l&rsquo;\u00c9cole nationale d&rsquo;intelligence artificielle, une institution appel\u00e9e \u00e0 former les futures g\u00e9n\u00e9rations aux technologies de pointe appliqu\u00e9es au domaine culturel avec l&rsquo;organisation pr\u00e9vue samedi prochain d&rsquo;un colloque national d&rsquo;envergure sur le th\u00e8me \u00ab\u00a0Patrimoine culturel et intelligence artificielle\u00a0\u00bb, r\u00e9unissant experts, chercheurs et professionnels de la culture pour explorer les perspectives offertes par les nouvelles technologies dans la pr\u00e9servation et la diffusion du patrimoine. Dans la foul\u00e9e, le 22 avril 2025, le prestigieux Palais de la Culture Moufdi Zakaria accueillera la projection du film \u00ab\u00a0La Saoura\u00a0\u00bb. La programmation se poursuivra le 28 avril dans la grande salle de conf\u00e9rences de la wilaya de T\u00e9bessa, se tiendra un colloque international consacr\u00e9 au patrimoine et aux vestiges arch\u00e9ologiques de T\u00e9bessa, abordant la th\u00e9matique cruciale du \u00ab\u00a0Patrimoine culturel et d\u00e9veloppement\u00a0\u00bb. Cette rencontre internationale promet d&rsquo;\u00eatre un moment fort d&rsquo;\u00e9changes entre sp\u00e9cialistes du patrimoine venus des quatre coins du monde. Un rendez-vous qui intervient au moment o\u00f9 l&rsquo;Alg\u00e9rie a soumis un dossier \u00e0 l&rsquo;UNESCO pour le classement des sites arch\u00e9ologiques de T\u00e9bessa au patrimoine mondial.<\/p>\n\n\n\n<p>Dans un souci de formation continue des acteurs de la protection du patrimoine, se tiendra du 3 au 8 mai 2025, toujours au Palais de la Culture Moufdi Zakaria, le deuxi\u00e8me atelier de formation destin\u00e9 au corps judiciaire, rassemblant pas moins de 50 participants dont 20 magistrats et 30 officiers de police judiciaire repr\u00e9sentant diverses institutions (10 membres de la Gendarmerie nationale, 10 de la S\u00fbret\u00e9 nationale et 10 des Douanes alg\u00e9riennes). Un cycle important au regard de la n\u00e9cessit\u00e9 de pr\u00e9server les tr\u00e9sors patrimoniaux et les biens arch\u00e9ologiques de r\u00e9seaux de pillage et de trafic de biens culturels dont l&rsquo;activit\u00e9 devient de plus en plus inqui\u00e9tante. Le programme pr\u00e9voit \u00e9galent une conf\u00e9rence internationale sur \u00ab\u00a0La r\u00e9alit\u00e9 des mus\u00e9es \u00e0 l&rsquo;\u00e8re de l&rsquo;intelligence artificielle\u00a0\u00bb, pr\u00e9vue le 17 mai avant la cl\u00f4ture pr\u00e9vue le 18 mai 2025 \u00e0 la Villa Boulkine avec une exposition nationale mettra en lumi\u00e8re les startups \u0153uvrant dans les domaines de la num\u00e9risation et de l&rsquo;intelligence artificielle appliqu\u00e9es au patrimoine culturel.<\/p>\n\n\n\n<p>Ce programme ambitieux illustre parfaitement la strat\u00e9gie adopt\u00e9e par le minist\u00e8re de la Culture alg\u00e9rien pour conjuguer pr\u00e9servation des traditions et innovation technologique. En pla\u00e7ant l&rsquo;intelligence artificielle au c\u0153ur de sa politique culturelle, l&rsquo;Alg\u00e9rie affirme sa volont\u00e9 de faire entrer son patrimoine mill\u00e9naire dans l&rsquo;\u00e8re num\u00e9rique, garantissant ainsi sa transmission aux g\u00e9n\u00e9rations futures tout en exploitant les opportunit\u00e9s offertes par les nouvelles technologies pour sa valorisation \u00e0 l&rsquo;\u00e9chelle internationale.<\/p>\n\n\n\n<p>Mohand Seghir<\/p>\n","protected":false},"excerpt":{"rendered":"<p>Le minist\u00e8re de la Culture et des Arts d\u00e9voile un programme ambitieux pour le Mois du patrimoine 2025, qui se<\/p>\n","protected":false},"author":6,"featured_media":28274,"comment_status":"open","ping_status":"closed","sticky":false,"template":"","format":"standard","meta":{"colormag_page_container_layout":"default_layout","colormag_page_sidebar_layout":"default_layout","om_disable_all_campaigns":false,"_monsterinsights_skip_tracking":false,"_monsterinsights_sitenote_active":false,"_monsterinsights_sitenote_note":"","_monsterinsights_sitenote_category":0,"footnotes":"","_wpscppro_dont_share_socialmedia":false,"_wpscppro_custom_social_share_image":0,"_facebook_share_type":"default","_twitter_share_type":"default","_linkedin_share_type":"default","_pinterest_share_type":"default","_linkedin_share_type_page":"","_instagram_share_type":"default","_medium_share_type":"default","_threads_share_type":"","_google_business_share_type":"","_selected_social_profile":[],"_wpsp_enable_custom_social_template":false,"_wpsp_social_scheduling":{"enabled":false,"datetime":null,"platforms":[],"status":"template_only","dateOption":"today","timeOption":"now","customDays":"","customHours":"","customDate":"","customTime":"","schedulingType":"absolute"},"_wpsp_active_default_template":true},"categories":[36],"tags":[],"class_list":["post-65810","post","type-post","status-publish","format-standard","has-post-thumbnail","hentry","category-culture"],"aioseo_notices":[],"yoast_head":"<!-- This site is optimized with the Yoast SEO plugin v27.5 - https:\/\/yoast.com\/product\/yoast-seo-wordpress\/ -->\n<title>Mois du patrimoine : Quand la culture embrasse l&rsquo;\u00e8re de l&rsquo;IA - La Sentinelle<\/title>\n<meta name=\"robots\" content=\"index, follow, max-snippet:-1, max-image-preview:large, max-video-preview:-1\" \/>\n<link rel=\"canonical\" href=\"https:\/\/lasentinelle.dz\/index.php\/2025\/04\/17\/mois-du-patrimoine-quand-la-culture-embrasse-lere-de-lia\/\" \/>\n<meta property=\"og:locale\" content=\"fr_FR\" \/>\n<meta property=\"og:type\" content=\"article\" \/>\n<meta property=\"og:title\" content=\"Mois du patrimoine : Quand la culture embrasse l&rsquo;\u00e8re de l&rsquo;IA - La Sentinelle\" \/>\n<meta property=\"og:description\" content=\"Le minist\u00e8re de la Culture et des Arts d\u00e9voile un programme ambitieux pour le Mois du patrimoine 2025, qui se\" \/>\n<meta property=\"og:url\" content=\"https:\/\/lasentinelle.dz\/index.php\/2025\/04\/17\/mois-du-patrimoine-quand-la-culture-embrasse-lere-de-lia\/\" \/>\n<meta property=\"og:site_name\" content=\"La Sentinelle\" \/>\n<meta property=\"article:publisher\" content=\"https:\/\/www.facebook.com\/La-Sentinelle-104059864394773\" \/>\n<meta property=\"article:published_time\" content=\"2025-04-17T11:12:00+00:00\" \/>\n<meta property=\"article:modified_time\" content=\"2025-04-18T11:12:38+00:00\" \/>\n<meta property=\"og:image\" content=\"https:\/\/lasentinelle.dz\/wp-content\/uploads\/2022\/10\/ministere-de-la-culture-et-des-arts.png\" \/>\n\t<meta property=\"og:image:width\" content=\"1350\" \/>\n\t<meta property=\"og:image:height\" content=\"900\" \/>\n\t<meta property=\"og:image:type\" content=\"image\/png\" \/>\n<meta name=\"author\" content=\"admin\" \/>\n<meta name=\"twitter:card\" content=\"summary_large_image\" \/>\n<meta name=\"twitter:label1\" content=\"\u00c9crit par\" \/>\n\t<meta name=\"twitter:data1\" content=\"admin\" \/>\n\t<meta name=\"twitter:label2\" content=\"Dur\u00e9e de lecture estim\u00e9e\" \/>\n\t<meta name=\"twitter:data2\" content=\"3 minutes\" \/>\n<script type=\"application\/ld+json\" class=\"yoast-schema-graph\">{\"@context\":\"https:\\\/\\\/schema.org\",\"@graph\":[{\"@type\":\"Article\",\"@id\":\"https:\\\/\\\/lasentinelle.dz\\\/index.php\\\/2025\\\/04\\\/17\\\/mois-du-patrimoine-quand-la-culture-embrasse-lere-de-lia\\\/#article\",\"isPartOf\":{\"@id\":\"https:\\\/\\\/lasentinelle.dz\\\/index.php\\\/2025\\\/04\\\/17\\\/mois-du-patrimoine-quand-la-culture-embrasse-lere-de-lia\\\/\"},\"author\":{\"name\":\"admin\",\"@id\":\"https:\\\/\\\/lasentinelle.dz\\\/#\\\/schema\\\/person\\\/729ee0024f24e0b8c5ec17232f8e8b41\"},\"headline\":\"Mois du patrimoine : Quand la culture embrasse l&rsquo;\u00e8re de l&rsquo;IA\",\"datePublished\":\"2025-04-17T11:12:00+00:00\",\"dateModified\":\"2025-04-18T11:12:38+00:00\",\"mainEntityOfPage\":{\"@id\":\"https:\\\/\\\/lasentinelle.dz\\\/index.php\\\/2025\\\/04\\\/17\\\/mois-du-patrimoine-quand-la-culture-embrasse-lere-de-lia\\\/\"},\"wordCount\":553,\"commentCount\":0,\"publisher\":{\"@id\":\"https:\\\/\\\/lasentinelle.dz\\\/#organization\"},\"image\":{\"@id\":\"https:\\\/\\\/lasentinelle.dz\\\/index.php\\\/2025\\\/04\\\/17\\\/mois-du-patrimoine-quand-la-culture-embrasse-lere-de-lia\\\/#primaryimage\"},\"thumbnailUrl\":\"https:\\\/\\\/lasentinelle.dz\\\/wp-content\\\/uploads\\\/2022\\\/10\\\/ministere-de-la-culture-et-des-arts.png\",\"articleSection\":[\"Culture\"],\"inLanguage\":\"fr-FR\",\"potentialAction\":[{\"@type\":\"CommentAction\",\"name\":\"Comment\",\"target\":[\"https:\\\/\\\/lasentinelle.dz\\\/index.php\\\/2025\\\/04\\\/17\\\/mois-du-patrimoine-quand-la-culture-embrasse-lere-de-lia\\\/#respond\"]}]},{\"@type\":\"WebPage\",\"@id\":\"https:\\\/\\\/lasentinelle.dz\\\/index.php\\\/2025\\\/04\\\/17\\\/mois-du-patrimoine-quand-la-culture-embrasse-lere-de-lia\\\/\",\"url\":\"https:\\\/\\\/lasentinelle.dz\\\/index.php\\\/2025\\\/04\\\/17\\\/mois-du-patrimoine-quand-la-culture-embrasse-lere-de-lia\\\/\",\"name\":\"Mois du patrimoine : Quand la culture embrasse l&rsquo;\u00e8re de l&rsquo;IA - La Sentinelle\",\"isPartOf\":{\"@id\":\"https:\\\/\\\/lasentinelle.dz\\\/#website\"},\"primaryImageOfPage\":{\"@id\":\"https:\\\/\\\/lasentinelle.dz\\\/index.php\\\/2025\\\/04\\\/17\\\/mois-du-patrimoine-quand-la-culture-embrasse-lere-de-lia\\\/#primaryimage\"},\"image\":{\"@id\":\"https:\\\/\\\/lasentinelle.dz\\\/index.php\\\/2025\\\/04\\\/17\\\/mois-du-patrimoine-quand-la-culture-embrasse-lere-de-lia\\\/#primaryimage\"},\"thumbnailUrl\":\"https:\\\/\\\/lasentinelle.dz\\\/wp-content\\\/uploads\\\/2022\\\/10\\\/ministere-de-la-culture-et-des-arts.png\",\"datePublished\":\"2025-04-17T11:12:00+00:00\",\"dateModified\":\"2025-04-18T11:12:38+00:00\",\"breadcrumb\":{\"@id\":\"https:\\\/\\\/lasentinelle.dz\\\/index.php\\\/2025\\\/04\\\/17\\\/mois-du-patrimoine-quand-la-culture-embrasse-lere-de-lia\\\/#breadcrumb\"},\"inLanguage\":\"fr-FR\",\"potentialAction\":[{\"@type\":\"ReadAction\",\"target\":[\"https:\\\/\\\/lasentinelle.dz\\\/index.php\\\/2025\\\/04\\\/17\\\/mois-du-patrimoine-quand-la-culture-embrasse-lere-de-lia\\\/\"]}]},{\"@type\":\"ImageObject\",\"inLanguage\":\"fr-FR\",\"@id\":\"https:\\\/\\\/lasentinelle.dz\\\/index.php\\\/2025\\\/04\\\/17\\\/mois-du-patrimoine-quand-la-culture-embrasse-lere-de-lia\\\/#primaryimage\",\"url\":\"https:\\\/\\\/lasentinelle.dz\\\/wp-content\\\/uploads\\\/2022\\\/10\\\/ministere-de-la-culture-et-des-arts.png\",\"contentUrl\":\"https:\\\/\\\/lasentinelle.dz\\\/wp-content\\\/uploads\\\/2022\\\/10\\\/ministere-de-la-culture-et-des-arts.png\",\"width\":1350,\"height\":900},{\"@type\":\"BreadcrumbList\",\"@id\":\"https:\\\/\\\/lasentinelle.dz\\\/index.php\\\/2025\\\/04\\\/17\\\/mois-du-patrimoine-quand-la-culture-embrasse-lere-de-lia\\\/#breadcrumb\",\"itemListElement\":[{\"@type\":\"ListItem\",\"position\":1,\"name\":\"Accueil\",\"item\":\"https:\\\/\\\/lasentinelle.dz\\\/\"},{\"@type\":\"ListItem\",\"position\":2,\"name\":\"Mois du patrimoine : Quand la culture embrasse l&rsquo;\u00e8re de l&rsquo;IA\"}]},{\"@type\":\"WebSite\",\"@id\":\"https:\\\/\\\/lasentinelle.dz\\\/#website\",\"url\":\"https:\\\/\\\/lasentinelle.dz\\\/\",\"name\":\"La Sentinelle\",\"description\":\"Quotidien national d&#039;information\",\"publisher\":{\"@id\":\"https:\\\/\\\/lasentinelle.dz\\\/#organization\"},\"potentialAction\":[{\"@type\":\"SearchAction\",\"target\":{\"@type\":\"EntryPoint\",\"urlTemplate\":\"https:\\\/\\\/lasentinelle.dz\\\/?s={search_term_string}\"},\"query-input\":{\"@type\":\"PropertyValueSpecification\",\"valueRequired\":true,\"valueName\":\"search_term_string\"}}],\"inLanguage\":\"fr-FR\"},{\"@type\":\"Organization\",\"@id\":\"https:\\\/\\\/lasentinelle.dz\\\/#organization\",\"name\":\"Quotidien La Sentinelle\",\"url\":\"https:\\\/\\\/lasentinelle.dz\\\/\",\"logo\":{\"@type\":\"ImageObject\",\"inLanguage\":\"fr-FR\",\"@id\":\"https:\\\/\\\/lasentinelle.dz\\\/#\\\/schema\\\/logo\\\/image\\\/\",\"url\":\"https:\\\/\\\/lasentinelle.dz\\\/wp-content\\\/uploads\\\/2021\\\/09\\\/logo-sentinelleSLOGAN-1.png\",\"contentUrl\":\"https:\\\/\\\/lasentinelle.dz\\\/wp-content\\\/uploads\\\/2021\\\/09\\\/logo-sentinelleSLOGAN-1.png\",\"width\":615,\"height\":142,\"caption\":\"Quotidien La Sentinelle\"},\"image\":{\"@id\":\"https:\\\/\\\/lasentinelle.dz\\\/#\\\/schema\\\/logo\\\/image\\\/\"},\"sameAs\":[\"https:\\\/\\\/www.facebook.com\\\/La-Sentinelle-104059864394773\"]},{\"@type\":\"Person\",\"@id\":\"https:\\\/\\\/lasentinelle.dz\\\/#\\\/schema\\\/person\\\/729ee0024f24e0b8c5ec17232f8e8b41\",\"name\":\"admin\",\"image\":{\"@type\":\"ImageObject\",\"inLanguage\":\"fr-FR\",\"@id\":\"https:\\\/\\\/secure.gravatar.com\\\/avatar\\\/4c81fed838786e9b53f540bf46533e750f5d292099ae3b66cfc6fb1982e29df7?s=96&d=mm&r=g\",\"url\":\"https:\\\/\\\/secure.gravatar.com\\\/avatar\\\/4c81fed838786e9b53f540bf46533e750f5d292099ae3b66cfc6fb1982e29df7?s=96&d=mm&r=g\",\"contentUrl\":\"https:\\\/\\\/secure.gravatar.com\\\/avatar\\\/4c81fed838786e9b53f540bf46533e750f5d292099ae3b66cfc6fb1982e29df7?s=96&d=mm&r=g\",\"caption\":\"admin\"},\"description\":\"admin\",\"url\":\"https:\\\/\\\/lasentinelle.dz\\\/author\\\/admin\\\/\"}]}<\/script>\n<!-- \/ Yoast SEO plugin. -->","yoast_head_json":{"title":"Mois du patrimoine : Quand la culture embrasse l&rsquo;\u00e8re de l&rsquo;IA - La Sentinelle","robots":{"index":"index","follow":"follow","max-snippet":"max-snippet:-1","max-image-preview":"max-image-preview:large","max-video-preview":"max-video-preview:-1"},"canonical":"https:\/\/lasentinelle.dz\/index.php\/2025\/04\/17\/mois-du-patrimoine-quand-la-culture-embrasse-lere-de-lia\/","og_locale":"fr_FR","og_type":"article","og_title":"Mois du patrimoine : Quand la culture embrasse l&rsquo;\u00e8re de l&rsquo;IA - La Sentinelle","og_description":"Le minist\u00e8re de la Culture et des Arts d\u00e9voile un programme ambitieux pour le Mois du patrimoine 2025, qui se","og_url":"https:\/\/lasentinelle.dz\/index.php\/2025\/04\/17\/mois-du-patrimoine-quand-la-culture-embrasse-lere-de-lia\/","og_site_name":"La Sentinelle","article_publisher":"https:\/\/www.facebook.com\/La-Sentinelle-104059864394773","article_published_time":"2025-04-17T11:12:00+00:00","article_modified_time":"2025-04-18T11:12:38+00:00","og_image":[{"width":1350,"height":900,"url":"https:\/\/lasentinelle.dz\/wp-content\/uploads\/2022\/10\/ministere-de-la-culture-et-des-arts.png","type":"image\/png"}],"author":"admin","twitter_card":"summary_large_image","twitter_misc":{"\u00c9crit par":"admin","Dur\u00e9e de lecture estim\u00e9e":"3 minutes"},"schema":{"@context":"https:\/\/schema.org","@graph":[{"@type":"Article","@id":"https:\/\/lasentinelle.dz\/index.php\/2025\/04\/17\/mois-du-patrimoine-quand-la-culture-embrasse-lere-de-lia\/#article","isPartOf":{"@id":"https:\/\/lasentinelle.dz\/index.php\/2025\/04\/17\/mois-du-patrimoine-quand-la-culture-embrasse-lere-de-lia\/"},"author":{"name":"admin","@id":"https:\/\/lasentinelle.dz\/#\/schema\/person\/729ee0024f24e0b8c5ec17232f8e8b41"},"headline":"Mois du patrimoine : Quand la culture embrasse l&rsquo;\u00e8re de l&rsquo;IA","datePublished":"2025-04-17T11:12:00+00:00","dateModified":"2025-04-18T11:12:38+00:00","mainEntityOfPage":{"@id":"https:\/\/lasentinelle.dz\/index.php\/2025\/04\/17\/mois-du-patrimoine-quand-la-culture-embrasse-lere-de-lia\/"},"wordCount":553,"commentCount":0,"publisher":{"@id":"https:\/\/lasentinelle.dz\/#organization"},"image":{"@id":"https:\/\/lasentinelle.dz\/index.php\/2025\/04\/17\/mois-du-patrimoine-quand-la-culture-embrasse-lere-de-lia\/#primaryimage"},"thumbnailUrl":"https:\/\/lasentinelle.dz\/wp-content\/uploads\/2022\/10\/ministere-de-la-culture-et-des-arts.png","articleSection":["Culture"],"inLanguage":"fr-FR","potentialAction":[{"@type":"CommentAction","name":"Comment","target":["https:\/\/lasentinelle.dz\/index.php\/2025\/04\/17\/mois-du-patrimoine-quand-la-culture-embrasse-lere-de-lia\/#respond"]}]},{"@type":"WebPage","@id":"https:\/\/lasentinelle.dz\/index.php\/2025\/04\/17\/mois-du-patrimoine-quand-la-culture-embrasse-lere-de-lia\/","url":"https:\/\/lasentinelle.dz\/index.php\/2025\/04\/17\/mois-du-patrimoine-quand-la-culture-embrasse-lere-de-lia\/","name":"Mois du patrimoine : Quand la culture embrasse l&rsquo;\u00e8re de l&rsquo;IA - La Sentinelle","isPartOf":{"@id":"https:\/\/lasentinelle.dz\/#website"},"primaryImageOfPage":{"@id":"https:\/\/lasentinelle.dz\/index.php\/2025\/04\/17\/mois-du-patrimoine-quand-la-culture-embrasse-lere-de-lia\/#primaryimage"},"image":{"@id":"https:\/\/lasentinelle.dz\/index.php\/2025\/04\/17\/mois-du-patrimoine-quand-la-culture-embrasse-lere-de-lia\/#primaryimage"},"thumbnailUrl":"https:\/\/lasentinelle.dz\/wp-content\/uploads\/2022\/10\/ministere-de-la-culture-et-des-arts.png","datePublished":"2025-04-17T11:12:00+00:00","dateModified":"2025-04-18T11:12:38+00:00","breadcrumb":{"@id":"https:\/\/lasentinelle.dz\/index.php\/2025\/04\/17\/mois-du-patrimoine-quand-la-culture-embrasse-lere-de-lia\/#breadcrumb"},"inLanguage":"fr-FR","potentialAction":[{"@type":"ReadAction","target":["https:\/\/lasentinelle.dz\/index.php\/2025\/04\/17\/mois-du-patrimoine-quand-la-culture-embrasse-lere-de-lia\/"]}]},{"@type":"ImageObject","inLanguage":"fr-FR","@id":"https:\/\/lasentinelle.dz\/index.php\/2025\/04\/17\/mois-du-patrimoine-quand-la-culture-embrasse-lere-de-lia\/#primaryimage","url":"https:\/\/lasentinelle.dz\/wp-content\/uploads\/2022\/10\/ministere-de-la-culture-et-des-arts.png","contentUrl":"https:\/\/lasentinelle.dz\/wp-content\/uploads\/2022\/10\/ministere-de-la-culture-et-des-arts.png","width":1350,"height":900},{"@type":"BreadcrumbList","@id":"https:\/\/lasentinelle.dz\/index.php\/2025\/04\/17\/mois-du-patrimoine-quand-la-culture-embrasse-lere-de-lia\/#breadcrumb","itemListElement":[{"@type":"ListItem","position":1,"name":"Accueil","item":"https:\/\/lasentinelle.dz\/"},{"@type":"ListItem","position":2,"name":"Mois du patrimoine : Quand la culture embrasse l&rsquo;\u00e8re de l&rsquo;IA"}]},{"@type":"WebSite","@id":"https:\/\/lasentinelle.dz\/#website","url":"https:\/\/lasentinelle.dz\/","name":"La Sentinelle","description":"Quotidien national d&#039;information","publisher":{"@id":"https:\/\/lasentinelle.dz\/#organization"},"potentialAction":[{"@type":"SearchAction","target":{"@type":"EntryPoint","urlTemplate":"https:\/\/lasentinelle.dz\/?s={search_term_string}"},"query-input":{"@type":"PropertyValueSpecification","valueRequired":true,"valueName":"search_term_string"}}],"inLanguage":"fr-FR"},{"@type":"Organization","@id":"https:\/\/lasentinelle.dz\/#organization","name":"Quotidien La Sentinelle","url":"https:\/\/lasentinelle.dz\/","logo":{"@type":"ImageObject","inLanguage":"fr-FR","@id":"https:\/\/lasentinelle.dz\/#\/schema\/logo\/image\/","url":"https:\/\/lasentinelle.dz\/wp-content\/uploads\/2021\/09\/logo-sentinelleSLOGAN-1.png","contentUrl":"https:\/\/lasentinelle.dz\/wp-content\/uploads\/2021\/09\/logo-sentinelleSLOGAN-1.png","width":615,"height":142,"caption":"Quotidien La Sentinelle"},"image":{"@id":"https:\/\/lasentinelle.dz\/#\/schema\/logo\/image\/"},"sameAs":["https:\/\/www.facebook.com\/La-Sentinelle-104059864394773"]},{"@type":"Person","@id":"https:\/\/lasentinelle.dz\/#\/schema\/person\/729ee0024f24e0b8c5ec17232f8e8b41","name":"admin","image":{"@type":"ImageObject","inLanguage":"fr-FR","@id":"https:\/\/secure.gravatar.com\/avatar\/4c81fed838786e9b53f540bf46533e750f5d292099ae3b66cfc6fb1982e29df7?s=96&d=mm&r=g","url":"https:\/\/secure.gravatar.com\/avatar\/4c81fed838786e9b53f540bf46533e750f5d292099ae3b66cfc6fb1982e29df7?s=96&d=mm&r=g","contentUrl":"https:\/\/secure.gravatar.com\/avatar\/4c81fed838786e9b53f540bf46533e750f5d292099ae3b66cfc6fb1982e29df7?s=96&d=mm&r=g","caption":"admin"},"description":"admin","url":"https:\/\/lasentinelle.dz\/author\/admin\/"}]}},"_links":{"self":[{"href":"https:\/\/lasentinelle.dz\/index.php\/wp-json\/wp\/v2\/posts\/65810","targetHints":{"allow":["GET"]}}],"collection":[{"href":"https:\/\/lasentinelle.dz\/index.php\/wp-json\/wp\/v2\/posts"}],"about":[{"href":"https:\/\/lasentinelle.dz\/index.php\/wp-json\/wp\/v2\/types\/post"}],"author":[{"embeddable":true,"href":"https:\/\/lasentinelle.dz\/index.php\/wp-json\/wp\/v2\/users\/6"}],"replies":[{"embeddable":true,"href":"https:\/\/lasentinelle.dz\/index.php\/wp-json\/wp\/v2\/comments?post=65810"}],"version-history":[{"count":2,"href":"https:\/\/lasentinelle.dz\/index.php\/wp-json\/wp\/v2\/posts\/65810\/revisions"}],"predecessor-version":[{"id":65812,"href":"https:\/\/lasentinelle.dz\/index.php\/wp-json\/wp\/v2\/posts\/65810\/revisions\/65812"}],"wp:featuredmedia":[{"embeddable":true,"href":"https:\/\/lasentinelle.dz\/index.php\/wp-json\/wp\/v2\/media\/28274"}],"wp:attachment":[{"href":"https:\/\/lasentinelle.dz\/index.php\/wp-json\/wp\/v2\/media?parent=65810"}],"wp:term":[{"taxonomy":"category","embeddable":true,"href":"https:\/\/lasentinelle.dz\/index.php\/wp-json\/wp\/v2\/categories?post=65810"},{"taxonomy":"post_tag","embeddable":true,"href":"https:\/\/lasentinelle.dz\/index.php\/wp-json\/wp\/v2\/tags?post=65810"}],"curies":[{"name":"wp","href":"https:\/\/api.w.org\/{rel}","templated":true}]}}