{"id":65816,"date":"2025-04-17T12:15:22","date_gmt":"2025-04-17T11:15:22","guid":{"rendered":"https:\/\/lasentinelle.dz\/?p=65816"},"modified":"2025-04-18T12:16:05","modified_gmt":"2025-04-18T11:16:05","slug":"en-u20-razik-nedder-prend-les-renes-des-espoirs-avec-une-nouvelle-vision","status":"publish","type":"post","link":"https:\/\/lasentinelle.dz\/index.php\/2025\/04\/17\/en-u20-razik-nedder-prend-les-renes-des-espoirs-avec-une-nouvelle-vision\/","title":{"rendered":"EN U20: Razik Nedder prend les r\u00eanes des Espoirs avec une nouvelle vision"},"content":{"rendered":"\n<p>L&rsquo;\u00e9quipe nationale de football des moins de 20 ans entame un nouveau chapitre avec la nomination de Razik Nedder \u00e0 sa t\u00eate.<\/p>\n\n\n\n<p>Apr\u00e8s l&rsquo;\u00e9chec de la s\u00e9lection \u00e0 se qualifier pour la CAN U20-2025, pr\u00e9vue du 26 avril au 18 mai en \u00c9gypte sous la direction de Yacine Mana\u00e2, la F\u00e9d\u00e9ration alg\u00e9rienne de football (FAF) a d\u00e9cid\u00e9 de confier les commandes \u00e0 un technicien au parcours int\u00e9ressant, ayant notamment dirig\u00e9 l&rsquo;\u00e9quipe r\u00e9serve de l&rsquo;AS Saint-\u00c9tienne en France. Le nouveau s\u00e9lectionneur national n&rsquo;a pas perdu de temps depuis sa nomination en mars dernier. Razik Nedder a imm\u00e9diatement sillonn\u00e9 les stades du pays pour d\u00e9tecter les meilleurs talents susceptibles de porter haut les couleurs nationales lors des prochaines \u00e9ch\u00e9ances internationales. Cette prospection minutieuse vient de d\u00e9boucher sur la convocation de 32 joueurs pour un premier stage de pr\u00e9paration qui se d\u00e9roule du 16 au 20 avril \u00e0 Alger. Cette premi\u00e8re liste refl\u00e8te la volont\u00e9 du staff technique de s&rsquo;appuyer sur les jeunes talents issus du championnat national. Le MC Alger se distingue particuli\u00e8rement avec huit joueurs retenus, confirmant la qualit\u00e9 du travail de formation r\u00e9alis\u00e9 au sein du club de la capitale. Le Paradou AC, fid\u00e8le \u00e0 sa r\u00e9putation de club formateur, suit de pr\u00e8s avec sept \u00e9l\u00e9ments convoqu\u00e9s.<\/p>\n\n\n\n<p>Dans un entretien accord\u00e9 au site officiel de la FAF, Razik Nedder a d\u00e9taill\u00e9 sa feuille de route pour les mois \u00e0 venir. \u00ab\u00a0Nous commencerons par un premier regroupement en avril avec les joueurs n\u00e9s en 2006. Ce stage nous permettra de les \u00e9valuer de pr\u00e8s. Puis, en mai, nous organiserons un deuxi\u00e8me rassemblement pour les natifs de 2007 et 2008, dans l&rsquo;optique des qualifications \u00e0 la CAN U20 2027 puis \u00e0 la Coupe du Monde de la m\u00eame cat\u00e9gorie\u00a0\u00bb, a expliqu\u00e9 le technicien, d\u00e9voilant ainsi une strat\u00e9gie clairement \u00e9tablie sur le long terme. Cette approche progressive t\u00e9moigne d&rsquo;une vision structur\u00e9e et d&rsquo;une volont\u00e9 de construire m\u00e9thodiquement une \u00e9quipe comp\u00e9titive pour les prochaines \u00e9ch\u00e9ances. Le s\u00e9lectionneur semble d\u00e9termin\u00e9 \u00e0 effectuer un travail de fond, en \u00e9valuant minutieusement chaque g\u00e9n\u00e9ration de joueurs afin de constituer un vivier solide pour les futures comp\u00e9titions internationales.<\/p>\n\n\n\n<p>La nouvelle strat\u00e9gie mise en place ne repose pas uniquement sur les \u00e9paules du s\u00e9lectionneur. Elle s&rsquo;inscrit dans une dynamique collective impliquant l&rsquo;ensemble des instances dirigeantes du football alg\u00e9rien. \u00ab\u00a0Une nouvelle strat\u00e9gie visant \u00e0 renforcer la comp\u00e9titivit\u00e9 des s\u00e9lections jeunes et leur assurer une pr\u00e9paration optimale, a \u00e9t\u00e9 d\u00e9finie en collaboration avec les responsables de la F\u00e9d\u00e9ration et le DTN, Ali Moucer\u00a0\u00bb, pr\u00e9cise le communiqu\u00e9 de la FAF, soulignant ainsi l&rsquo;importance accord\u00e9e \u00e0 cette cat\u00e9gorie dans la politique sportive f\u00e9d\u00e9rale. Le nouveau s\u00e9lectionneur n&rsquo;a d&rsquo;ailleurs pas manqu\u00e9 de saluer cet engagement institutionnel en faveur du d\u00e9veloppement des jeunes talents. \u00ab\u00a0On ressent une r\u00e9elle volont\u00e9 de la part de la f\u00e9d\u00e9ration d&rsquo;investir dans l&rsquo;avenir \u00e0 travers les s\u00e9lections de jeunes. Tous les moyens, tant humains que mat\u00e9riels, sont mobilis\u00e9s pour atteindre les objectifs fix\u00e9s et permettre \u00e0 l&rsquo;Alg\u00e9rie de figurer parmi les meilleures nations lors des grandes comp\u00e9titions internationales\u00a0\u00bb, a-t-il confi\u00e9 au site de la FAF.<\/p>\n\n\n\n<p>Ces d\u00e9clarations laissent entrevoir une ambition renouvel\u00e9e pour cette cat\u00e9gorie qui constitue un r\u00e9servoir essentiel pour l&rsquo;\u00e9quipe A. L&rsquo;\u00e9chec \u00e0 se qualifier pour la prochaine CAN U20 a manifestement servi de signal d&rsquo;alarme, poussant les responsables \u00e0 revoir leur strat\u00e9gie et \u00e0 investir davantage dans cette tranche d&rsquo;\u00e2ge cruciale pour l&rsquo;avenir du football alg\u00e9rien. Le premier stage dirig\u00e9 par Razik Nedder servira donc de base \u00e0 ce nouveau projet. Les 32 joueurs s\u00e9lectionn\u00e9s auront l&rsquo;occasion de montrer leurs qualit\u00e9s et de convaincre le staff technique de leur potentiel. Parmi eux, trois gardiens de but seront en concurrence : Mohamed El Koubi (PAC), Zakaria Trad (ESS) et Mastias Hammache (MCA). La d\u00e9fense compte notamment sur Yakoub Gassi (MCA), Oussama Benkehoul (CRB) et Anes Belagh (WAT), tandis que le milieu de terrain pourra s&rsquo;appuyer sur des \u00e9l\u00e9ments comme Driss Mssahal (ESS), Abdelmalek Kahlouchi (PAC) et Mehdi Bouhellal (CSC). En attaque, Oussama Bougherri (ESS), Islam Tichtich (JSK) et Youssef Salhi (MCA) figurent parmi les joueurs appel\u00e9s \u00e0 d\u00e9montrer leur talent offensif.<\/p>\n\n\n\n<p>La nomination de Razik Nedder, fort de son exp\u00e9rience au sein d&rsquo;un club formateur reconnu comme l&rsquo;AS Saint-\u00c9tienne, t\u00e9moigne de cette volont\u00e9 de professionnaliser davantage l&rsquo;encadrement des \u00e9quipes de jeunes. Son parcours en France lui a permis d&rsquo;acqu\u00e9rir des m\u00e9thodes de travail et une vision du d\u00e9veloppement des jeunes joueurs qui pourraient s&rsquo;av\u00e9rer pr\u00e9cieuses pour le football alg\u00e9rien.<\/p>\n\n\n\n<p><strong>M. Dahleb<\/strong><\/p>\n","protected":false},"excerpt":{"rendered":"<p>L&rsquo;\u00e9quipe nationale de football des moins de 20 ans entame un nouveau chapitre avec la nomination de Razik Nedder \u00e0<\/p>\n","protected":false},"author":6,"featured_media":65817,"comment_status":"open","ping_status":"closed","sticky":false,"template":"","format":"standard","meta":{"colormag_page_container_layout":"default_layout","colormag_page_sidebar_layout":"default_layout","om_disable_all_campaigns":false,"_monsterinsights_skip_tracking":false,"_monsterinsights_sitenote_active":false,"_monsterinsights_sitenote_note":"","_monsterinsights_sitenote_category":0,"footnotes":"","_wpscppro_dont_share_socialmedia":false,"_wpscppro_custom_social_share_image":0,"_facebook_share_type":"default","_twitter_share_type":"default","_linkedin_share_type":"default","_pinterest_share_type":"default","_linkedin_share_type_page":"","_instagram_share_type":"default","_medium_share_type":"default","_threads_share_type":"","_google_business_share_type":"","_selected_social_profile":[],"_wpsp_enable_custom_social_template":false,"_wpsp_social_scheduling":{"enabled":false,"datetime":null,"platforms":[],"status":"template_only","dateOption":"today","timeOption":"now","customDays":"","customHours":"","customDate":"","customTime":"","schedulingType":"absolute"},"_wpsp_active_default_template":true},"categories":[33],"tags":[],"class_list":["post-65816","post","type-post","status-publish","format-standard","has-post-thumbnail","hentry","category-sports"],"aioseo_notices":[],"yoast_head":"<!-- This site is optimized with the Yoast SEO plugin v27.5 - https:\/\/yoast.com\/product\/yoast-seo-wordpress\/ -->\n<title>EN U20: Razik Nedder prend les r\u00eanes des Espoirs avec une nouvelle vision - La Sentinelle<\/title>\n<meta name=\"robots\" content=\"index, follow, max-snippet:-1, max-image-preview:large, max-video-preview:-1\" \/>\n<link rel=\"canonical\" href=\"https:\/\/lasentinelle.dz\/index.php\/2025\/04\/17\/en-u20-razik-nedder-prend-les-renes-des-espoirs-avec-une-nouvelle-vision\/\" \/>\n<meta property=\"og:locale\" content=\"fr_FR\" \/>\n<meta property=\"og:type\" content=\"article\" \/>\n<meta property=\"og:title\" content=\"EN U20: Razik Nedder prend les r\u00eanes des Espoirs avec une nouvelle vision - La Sentinelle\" \/>\n<meta property=\"og:description\" content=\"L&rsquo;\u00e9quipe nationale de football des moins de 20 ans entame un nouveau chapitre avec la nomination de Razik Nedder \u00e0\" \/>\n<meta property=\"og:url\" content=\"https:\/\/lasentinelle.dz\/index.php\/2025\/04\/17\/en-u20-razik-nedder-prend-les-renes-des-espoirs-avec-une-nouvelle-vision\/\" \/>\n<meta property=\"og:site_name\" content=\"La Sentinelle\" \/>\n<meta property=\"article:publisher\" content=\"https:\/\/www.facebook.com\/La-Sentinelle-104059864394773\" \/>\n<meta property=\"article:published_time\" content=\"2025-04-17T11:15:22+00:00\" \/>\n<meta property=\"article:modified_time\" content=\"2025-04-18T11:16:05+00:00\" \/>\n<meta property=\"og:image\" content=\"https:\/\/lasentinelle.dz\/wp-content\/uploads\/2025\/04\/razik-neddarr.jpg\" \/>\n\t<meta property=\"og:image:width\" content=\"1620\" \/>\n\t<meta property=\"og:image:height\" content=\"1080\" \/>\n\t<meta property=\"og:image:type\" content=\"image\/jpeg\" \/>\n<meta name=\"author\" content=\"admin\" \/>\n<meta name=\"twitter:card\" content=\"summary_large_image\" \/>\n<meta name=\"twitter:label1\" content=\"\u00c9crit par\" \/>\n\t<meta name=\"twitter:data1\" content=\"admin\" \/>\n\t<meta name=\"twitter:label2\" content=\"Dur\u00e9e de lecture estim\u00e9e\" \/>\n\t<meta name=\"twitter:data2\" content=\"4 minutes\" \/>\n<script type=\"application\/ld+json\" class=\"yoast-schema-graph\">{\"@context\":\"https:\\\/\\\/schema.org\",\"@graph\":[{\"@type\":\"Article\",\"@id\":\"https:\\\/\\\/lasentinelle.dz\\\/index.php\\\/2025\\\/04\\\/17\\\/en-u20-razik-nedder-prend-les-renes-des-espoirs-avec-une-nouvelle-vision\\\/#article\",\"isPartOf\":{\"@id\":\"https:\\\/\\\/lasentinelle.dz\\\/index.php\\\/2025\\\/04\\\/17\\\/en-u20-razik-nedder-prend-les-renes-des-espoirs-avec-une-nouvelle-vision\\\/\"},\"author\":{\"name\":\"admin\",\"@id\":\"https:\\\/\\\/lasentinelle.dz\\\/#\\\/schema\\\/person\\\/729ee0024f24e0b8c5ec17232f8e8b41\"},\"headline\":\"EN U20: Razik Nedder prend les r\u00eanes des Espoirs avec une nouvelle vision\",\"datePublished\":\"2025-04-17T11:15:22+00:00\",\"dateModified\":\"2025-04-18T11:16:05+00:00\",\"mainEntityOfPage\":{\"@id\":\"https:\\\/\\\/lasentinelle.dz\\\/index.php\\\/2025\\\/04\\\/17\\\/en-u20-razik-nedder-prend-les-renes-des-espoirs-avec-une-nouvelle-vision\\\/\"},\"wordCount\":839,\"commentCount\":0,\"publisher\":{\"@id\":\"https:\\\/\\\/lasentinelle.dz\\\/#organization\"},\"image\":{\"@id\":\"https:\\\/\\\/lasentinelle.dz\\\/index.php\\\/2025\\\/04\\\/17\\\/en-u20-razik-nedder-prend-les-renes-des-espoirs-avec-une-nouvelle-vision\\\/#primaryimage\"},\"thumbnailUrl\":\"https:\\\/\\\/lasentinelle.dz\\\/wp-content\\\/uploads\\\/2025\\\/04\\\/razik-neddarr.jpg\",\"articleSection\":[\"Sports\"],\"inLanguage\":\"fr-FR\",\"potentialAction\":[{\"@type\":\"CommentAction\",\"name\":\"Comment\",\"target\":[\"https:\\\/\\\/lasentinelle.dz\\\/index.php\\\/2025\\\/04\\\/17\\\/en-u20-razik-nedder-prend-les-renes-des-espoirs-avec-une-nouvelle-vision\\\/#respond\"]}]},{\"@type\":\"WebPage\",\"@id\":\"https:\\\/\\\/lasentinelle.dz\\\/index.php\\\/2025\\\/04\\\/17\\\/en-u20-razik-nedder-prend-les-renes-des-espoirs-avec-une-nouvelle-vision\\\/\",\"url\":\"https:\\\/\\\/lasentinelle.dz\\\/index.php\\\/2025\\\/04\\\/17\\\/en-u20-razik-nedder-prend-les-renes-des-espoirs-avec-une-nouvelle-vision\\\/\",\"name\":\"EN U20: Razik Nedder prend les r\u00eanes des Espoirs avec une nouvelle vision - La Sentinelle\",\"isPartOf\":{\"@id\":\"https:\\\/\\\/lasentinelle.dz\\\/#website\"},\"primaryImageOfPage\":{\"@id\":\"https:\\\/\\\/lasentinelle.dz\\\/index.php\\\/2025\\\/04\\\/17\\\/en-u20-razik-nedder-prend-les-renes-des-espoirs-avec-une-nouvelle-vision\\\/#primaryimage\"},\"image\":{\"@id\":\"https:\\\/\\\/lasentinelle.dz\\\/index.php\\\/2025\\\/04\\\/17\\\/en-u20-razik-nedder-prend-les-renes-des-espoirs-avec-une-nouvelle-vision\\\/#primaryimage\"},\"thumbnailUrl\":\"https:\\\/\\\/lasentinelle.dz\\\/wp-content\\\/uploads\\\/2025\\\/04\\\/razik-neddarr.jpg\",\"datePublished\":\"2025-04-17T11:15:22+00:00\",\"dateModified\":\"2025-04-18T11:16:05+00:00\",\"breadcrumb\":{\"@id\":\"https:\\\/\\\/lasentinelle.dz\\\/index.php\\\/2025\\\/04\\\/17\\\/en-u20-razik-nedder-prend-les-renes-des-espoirs-avec-une-nouvelle-vision\\\/#breadcrumb\"},\"inLanguage\":\"fr-FR\",\"potentialAction\":[{\"@type\":\"ReadAction\",\"target\":[\"https:\\\/\\\/lasentinelle.dz\\\/index.php\\\/2025\\\/04\\\/17\\\/en-u20-razik-nedder-prend-les-renes-des-espoirs-avec-une-nouvelle-vision\\\/\"]}]},{\"@type\":\"ImageObject\",\"inLanguage\":\"fr-FR\",\"@id\":\"https:\\\/\\\/lasentinelle.dz\\\/index.php\\\/2025\\\/04\\\/17\\\/en-u20-razik-nedder-prend-les-renes-des-espoirs-avec-une-nouvelle-vision\\\/#primaryimage\",\"url\":\"https:\\\/\\\/lasentinelle.dz\\\/wp-content\\\/uploads\\\/2025\\\/04\\\/razik-neddarr.jpg\",\"contentUrl\":\"https:\\\/\\\/lasentinelle.dz\\\/wp-content\\\/uploads\\\/2025\\\/04\\\/razik-neddarr.jpg\",\"width\":1620,\"height\":1080},{\"@type\":\"BreadcrumbList\",\"@id\":\"https:\\\/\\\/lasentinelle.dz\\\/index.php\\\/2025\\\/04\\\/17\\\/en-u20-razik-nedder-prend-les-renes-des-espoirs-avec-une-nouvelle-vision\\\/#breadcrumb\",\"itemListElement\":[{\"@type\":\"ListItem\",\"position\":1,\"name\":\"Accueil\",\"item\":\"https:\\\/\\\/lasentinelle.dz\\\/\"},{\"@type\":\"ListItem\",\"position\":2,\"name\":\"EN U20: Razik Nedder prend les r\u00eanes des Espoirs avec une nouvelle vision\"}]},{\"@type\":\"WebSite\",\"@id\":\"https:\\\/\\\/lasentinelle.dz\\\/#website\",\"url\":\"https:\\\/\\\/lasentinelle.dz\\\/\",\"name\":\"La Sentinelle\",\"description\":\"Quotidien national d&#039;information\",\"publisher\":{\"@id\":\"https:\\\/\\\/lasentinelle.dz\\\/#organization\"},\"potentialAction\":[{\"@type\":\"SearchAction\",\"target\":{\"@type\":\"EntryPoint\",\"urlTemplate\":\"https:\\\/\\\/lasentinelle.dz\\\/?s={search_term_string}\"},\"query-input\":{\"@type\":\"PropertyValueSpecification\",\"valueRequired\":true,\"valueName\":\"search_term_string\"}}],\"inLanguage\":\"fr-FR\"},{\"@type\":\"Organization\",\"@id\":\"https:\\\/\\\/lasentinelle.dz\\\/#organization\",\"name\":\"Quotidien La Sentinelle\",\"url\":\"https:\\\/\\\/lasentinelle.dz\\\/\",\"logo\":{\"@type\":\"ImageObject\",\"inLanguage\":\"fr-FR\",\"@id\":\"https:\\\/\\\/lasentinelle.dz\\\/#\\\/schema\\\/logo\\\/image\\\/\",\"url\":\"https:\\\/\\\/lasentinelle.dz\\\/wp-content\\\/uploads\\\/2021\\\/09\\\/logo-sentinelleSLOGAN-1.png\",\"contentUrl\":\"https:\\\/\\\/lasentinelle.dz\\\/wp-content\\\/uploads\\\/2021\\\/09\\\/logo-sentinelleSLOGAN-1.png\",\"width\":615,\"height\":142,\"caption\":\"Quotidien La Sentinelle\"},\"image\":{\"@id\":\"https:\\\/\\\/lasentinelle.dz\\\/#\\\/schema\\\/logo\\\/image\\\/\"},\"sameAs\":[\"https:\\\/\\\/www.facebook.com\\\/La-Sentinelle-104059864394773\"]},{\"@type\":\"Person\",\"@id\":\"https:\\\/\\\/lasentinelle.dz\\\/#\\\/schema\\\/person\\\/729ee0024f24e0b8c5ec17232f8e8b41\",\"name\":\"admin\",\"image\":{\"@type\":\"ImageObject\",\"inLanguage\":\"fr-FR\",\"@id\":\"https:\\\/\\\/secure.gravatar.com\\\/avatar\\\/4c81fed838786e9b53f540bf46533e750f5d292099ae3b66cfc6fb1982e29df7?s=96&d=mm&r=g\",\"url\":\"https:\\\/\\\/secure.gravatar.com\\\/avatar\\\/4c81fed838786e9b53f540bf46533e750f5d292099ae3b66cfc6fb1982e29df7?s=96&d=mm&r=g\",\"contentUrl\":\"https:\\\/\\\/secure.gravatar.com\\\/avatar\\\/4c81fed838786e9b53f540bf46533e750f5d292099ae3b66cfc6fb1982e29df7?s=96&d=mm&r=g\",\"caption\":\"admin\"},\"description\":\"admin\",\"url\":\"https:\\\/\\\/lasentinelle.dz\\\/author\\\/admin\\\/\"}]}<\/script>\n<!-- \/ Yoast SEO plugin. -->","yoast_head_json":{"title":"EN U20: Razik Nedder prend les r\u00eanes des Espoirs avec une nouvelle vision - La Sentinelle","robots":{"index":"index","follow":"follow","max-snippet":"max-snippet:-1","max-image-preview":"max-image-preview:large","max-video-preview":"max-video-preview:-1"},"canonical":"https:\/\/lasentinelle.dz\/index.php\/2025\/04\/17\/en-u20-razik-nedder-prend-les-renes-des-espoirs-avec-une-nouvelle-vision\/","og_locale":"fr_FR","og_type":"article","og_title":"EN U20: Razik Nedder prend les r\u00eanes des Espoirs avec une nouvelle vision - La Sentinelle","og_description":"L&rsquo;\u00e9quipe nationale de football des moins de 20 ans entame un nouveau chapitre avec la nomination de Razik Nedder \u00e0","og_url":"https:\/\/lasentinelle.dz\/index.php\/2025\/04\/17\/en-u20-razik-nedder-prend-les-renes-des-espoirs-avec-une-nouvelle-vision\/","og_site_name":"La Sentinelle","article_publisher":"https:\/\/www.facebook.com\/La-Sentinelle-104059864394773","article_published_time":"2025-04-17T11:15:22+00:00","article_modified_time":"2025-04-18T11:16:05+00:00","og_image":[{"width":1620,"height":1080,"url":"https:\/\/lasentinelle.dz\/wp-content\/uploads\/2025\/04\/razik-neddarr.jpg","type":"image\/jpeg"}],"author":"admin","twitter_card":"summary_large_image","twitter_misc":{"\u00c9crit par":"admin","Dur\u00e9e de lecture estim\u00e9e":"4 minutes"},"schema":{"@context":"https:\/\/schema.org","@graph":[{"@type":"Article","@id":"https:\/\/lasentinelle.dz\/index.php\/2025\/04\/17\/en-u20-razik-nedder-prend-les-renes-des-espoirs-avec-une-nouvelle-vision\/#article","isPartOf":{"@id":"https:\/\/lasentinelle.dz\/index.php\/2025\/04\/17\/en-u20-razik-nedder-prend-les-renes-des-espoirs-avec-une-nouvelle-vision\/"},"author":{"name":"admin","@id":"https:\/\/lasentinelle.dz\/#\/schema\/person\/729ee0024f24e0b8c5ec17232f8e8b41"},"headline":"EN U20: Razik Nedder prend les r\u00eanes des Espoirs avec une nouvelle vision","datePublished":"2025-04-17T11:15:22+00:00","dateModified":"2025-04-18T11:16:05+00:00","mainEntityOfPage":{"@id":"https:\/\/lasentinelle.dz\/index.php\/2025\/04\/17\/en-u20-razik-nedder-prend-les-renes-des-espoirs-avec-une-nouvelle-vision\/"},"wordCount":839,"commentCount":0,"publisher":{"@id":"https:\/\/lasentinelle.dz\/#organization"},"image":{"@id":"https:\/\/lasentinelle.dz\/index.php\/2025\/04\/17\/en-u20-razik-nedder-prend-les-renes-des-espoirs-avec-une-nouvelle-vision\/#primaryimage"},"thumbnailUrl":"https:\/\/lasentinelle.dz\/wp-content\/uploads\/2025\/04\/razik-neddarr.jpg","articleSection":["Sports"],"inLanguage":"fr-FR","potentialAction":[{"@type":"CommentAction","name":"Comment","target":["https:\/\/lasentinelle.dz\/index.php\/2025\/04\/17\/en-u20-razik-nedder-prend-les-renes-des-espoirs-avec-une-nouvelle-vision\/#respond"]}]},{"@type":"WebPage","@id":"https:\/\/lasentinelle.dz\/index.php\/2025\/04\/17\/en-u20-razik-nedder-prend-les-renes-des-espoirs-avec-une-nouvelle-vision\/","url":"https:\/\/lasentinelle.dz\/index.php\/2025\/04\/17\/en-u20-razik-nedder-prend-les-renes-des-espoirs-avec-une-nouvelle-vision\/","name":"EN U20: Razik Nedder prend les r\u00eanes des Espoirs avec une nouvelle vision - La Sentinelle","isPartOf":{"@id":"https:\/\/lasentinelle.dz\/#website"},"primaryImageOfPage":{"@id":"https:\/\/lasentinelle.dz\/index.php\/2025\/04\/17\/en-u20-razik-nedder-prend-les-renes-des-espoirs-avec-une-nouvelle-vision\/#primaryimage"},"image":{"@id":"https:\/\/lasentinelle.dz\/index.php\/2025\/04\/17\/en-u20-razik-nedder-prend-les-renes-des-espoirs-avec-une-nouvelle-vision\/#primaryimage"},"thumbnailUrl":"https:\/\/lasentinelle.dz\/wp-content\/uploads\/2025\/04\/razik-neddarr.jpg","datePublished":"2025-04-17T11:15:22+00:00","dateModified":"2025-04-18T11:16:05+00:00","breadcrumb":{"@id":"https:\/\/lasentinelle.dz\/index.php\/2025\/04\/17\/en-u20-razik-nedder-prend-les-renes-des-espoirs-avec-une-nouvelle-vision\/#breadcrumb"},"inLanguage":"fr-FR","potentialAction":[{"@type":"ReadAction","target":["https:\/\/lasentinelle.dz\/index.php\/2025\/04\/17\/en-u20-razik-nedder-prend-les-renes-des-espoirs-avec-une-nouvelle-vision\/"]}]},{"@type":"ImageObject","inLanguage":"fr-FR","@id":"https:\/\/lasentinelle.dz\/index.php\/2025\/04\/17\/en-u20-razik-nedder-prend-les-renes-des-espoirs-avec-une-nouvelle-vision\/#primaryimage","url":"https:\/\/lasentinelle.dz\/wp-content\/uploads\/2025\/04\/razik-neddarr.jpg","contentUrl":"https:\/\/lasentinelle.dz\/wp-content\/uploads\/2025\/04\/razik-neddarr.jpg","width":1620,"height":1080},{"@type":"BreadcrumbList","@id":"https:\/\/lasentinelle.dz\/index.php\/2025\/04\/17\/en-u20-razik-nedder-prend-les-renes-des-espoirs-avec-une-nouvelle-vision\/#breadcrumb","itemListElement":[{"@type":"ListItem","position":1,"name":"Accueil","item":"https:\/\/lasentinelle.dz\/"},{"@type":"ListItem","position":2,"name":"EN U20: Razik Nedder prend les r\u00eanes des Espoirs avec une nouvelle vision"}]},{"@type":"WebSite","@id":"https:\/\/lasentinelle.dz\/#website","url":"https:\/\/lasentinelle.dz\/","name":"La Sentinelle","description":"Quotidien national d&#039;information","publisher":{"@id":"https:\/\/lasentinelle.dz\/#organization"},"potentialAction":[{"@type":"SearchAction","target":{"@type":"EntryPoint","urlTemplate":"https:\/\/lasentinelle.dz\/?s={search_term_string}"},"query-input":{"@type":"PropertyValueSpecification","valueRequired":true,"valueName":"search_term_string"}}],"inLanguage":"fr-FR"},{"@type":"Organization","@id":"https:\/\/lasentinelle.dz\/#organization","name":"Quotidien La Sentinelle","url":"https:\/\/lasentinelle.dz\/","logo":{"@type":"ImageObject","inLanguage":"fr-FR","@id":"https:\/\/lasentinelle.dz\/#\/schema\/logo\/image\/","url":"https:\/\/lasentinelle.dz\/wp-content\/uploads\/2021\/09\/logo-sentinelleSLOGAN-1.png","contentUrl":"https:\/\/lasentinelle.dz\/wp-content\/uploads\/2021\/09\/logo-sentinelleSLOGAN-1.png","width":615,"height":142,"caption":"Quotidien La Sentinelle"},"image":{"@id":"https:\/\/lasentinelle.dz\/#\/schema\/logo\/image\/"},"sameAs":["https:\/\/www.facebook.com\/La-Sentinelle-104059864394773"]},{"@type":"Person","@id":"https:\/\/lasentinelle.dz\/#\/schema\/person\/729ee0024f24e0b8c5ec17232f8e8b41","name":"admin","image":{"@type":"ImageObject","inLanguage":"fr-FR","@id":"https:\/\/secure.gravatar.com\/avatar\/4c81fed838786e9b53f540bf46533e750f5d292099ae3b66cfc6fb1982e29df7?s=96&d=mm&r=g","url":"https:\/\/secure.gravatar.com\/avatar\/4c81fed838786e9b53f540bf46533e750f5d292099ae3b66cfc6fb1982e29df7?s=96&d=mm&r=g","contentUrl":"https:\/\/secure.gravatar.com\/avatar\/4c81fed838786e9b53f540bf46533e750f5d292099ae3b66cfc6fb1982e29df7?s=96&d=mm&r=g","caption":"admin"},"description":"admin","url":"https:\/\/lasentinelle.dz\/author\/admin\/"}]}},"_links":{"self":[{"href":"https:\/\/lasentinelle.dz\/index.php\/wp-json\/wp\/v2\/posts\/65816","targetHints":{"allow":["GET"]}}],"collection":[{"href":"https:\/\/lasentinelle.dz\/index.php\/wp-json\/wp\/v2\/posts"}],"about":[{"href":"https:\/\/lasentinelle.dz\/index.php\/wp-json\/wp\/v2\/types\/post"}],"author":[{"embeddable":true,"href":"https:\/\/lasentinelle.dz\/index.php\/wp-json\/wp\/v2\/users\/6"}],"replies":[{"embeddable":true,"href":"https:\/\/lasentinelle.dz\/index.php\/wp-json\/wp\/v2\/comments?post=65816"}],"version-history":[{"count":1,"href":"https:\/\/lasentinelle.dz\/index.php\/wp-json\/wp\/v2\/posts\/65816\/revisions"}],"predecessor-version":[{"id":65818,"href":"https:\/\/lasentinelle.dz\/index.php\/wp-json\/wp\/v2\/posts\/65816\/revisions\/65818"}],"wp:featuredmedia":[{"embeddable":true,"href":"https:\/\/lasentinelle.dz\/index.php\/wp-json\/wp\/v2\/media\/65817"}],"wp:attachment":[{"href":"https:\/\/lasentinelle.dz\/index.php\/wp-json\/wp\/v2\/media?parent=65816"}],"wp:term":[{"taxonomy":"category","embeddable":true,"href":"https:\/\/lasentinelle.dz\/index.php\/wp-json\/wp\/v2\/categories?post=65816"},{"taxonomy":"post_tag","embeddable":true,"href":"https:\/\/lasentinelle.dz\/index.php\/wp-json\/wp\/v2\/tags?post=65816"}],"curies":[{"name":"wp","href":"https:\/\/api.w.org\/{rel}","templated":true}]}}