{"id":65819,"date":"2025-04-17T12:19:41","date_gmt":"2025-04-17T11:19:41","guid":{"rendered":"https:\/\/lasentinelle.dz\/?p=65819"},"modified":"2025-04-18T12:20:18","modified_gmt":"2025-04-18T11:20:18","slug":"ligue-1-mobilis-le-leader-face-au-defi-biskri-le-chabab-a-laffut","status":"publish","type":"post","link":"https:\/\/lasentinelle.dz\/index.php\/2025\/04\/17\/ligue-1-mobilis-le-leader-face-au-defi-biskri-le-chabab-a-laffut\/","title":{"rendered":"Ligue 1 Mobilis: Le leader face au d\u00e9fi biskri, le Chabab \u00e0 l&rsquo;aff\u00fbt"},"content":{"rendered":"\n<p>Le championnat de Ligue 1 Mobilis entre dans une phase d\u00e9cisive avec une 23e journ\u00e9e qui s&rsquo;annonce riche en enjeux tant pour le haut que pour le bas du tableau. Le MC Alger, actuel leader mais en perte de vitesse, sera particuli\u00e8rement sous pression lors de son d\u00e9placement \u00e0 Biskra, tandis que son dauphin, le CR Belouizdad, attend le moindre faux pas des Mouloud\u00e9ens pour prendre les commandes du championnat.<\/p>\n\n\n\n<p>L&rsquo;heure n&rsquo;est plus aux calculs pour le \u00ab\u00a0Doyen\u00a0\u00bb. Fra\u00eechement d\u00e9fait \u00e0 B\u00e9ja\u00efa face \u00e0 l&rsquo;Olympique Akbou (1-0), le MCA traverse une p\u00e9riode de turbulence avec un bilan inqui\u00e9tant lors de ses quatre derni\u00e8res sorties toutes comp\u00e9titions confondues : deux d\u00e9faites et deux matchs nuls. Une s\u00e9rie n\u00e9gative qui met en p\u00e9ril sa place de leader, d&rsquo;autant que le CR Belouizdad ne pointe qu&rsquo;\u00e0 une seule unit\u00e9 derri\u00e8re lui au classement. Les rouge te vert savent pertinemment qu&rsquo;un nouveau faux pas dans la capitale des \u00ab\u00a0Ziban\u00a0\u00bb pourrait leur co\u00fbter la premi\u00e8re place, une position qu&rsquo;ils occupent depuis plusieurs semaines d\u00e9j\u00e0.<\/p>\n\n\n\n<p>Face \u00e0 eux se dresse une \u00e9quipe de l&rsquo;US Biskra en pleine op\u00e9ration survie. Lanterne rouge avec 19 points, la formation biskrie n&rsquo;a pas d&rsquo;autre choix que de l&#8217;emporter pour entretenir l&rsquo;espoir d&rsquo;un maintien qui semblait pourtant bien compromis il y a encore quelques journ\u00e9es. Le nul ramen\u00e9 de Tizi-Ouzou face \u00e0 la JSK (0-0) lors de la pr\u00e9c\u00e9dente journ\u00e9e a d\u00e9montr\u00e9 que les Biskris avaient encore des ressources pour bousculer les cadors du championnat. Dans ce contexte, l&rsquo;affrontement s&rsquo;annonce \u00e9lectrique au stade d&rsquo;El-Alia.<\/p>\n\n\n\n<p>\u00c0 l&rsquo;aff\u00fbt de ce duel \u00e0 distance, le CR Belouizdad dispose d&rsquo;une belle opportunit\u00e9 de mettre la pression sur son rival alg\u00e9rois. En recevant l&rsquo;ES Mostaganem, 14e avec 22 points, le Chabab part largement favori pour empocher les trois points de la victoire. Les Rouge et Blanc semblent avoir retrouv\u00e9 leur rythme de croisi\u00e8re comme en t\u00e9moigne leur qualification pour la finale de la Coupe d&rsquo;Alg\u00e9rie, obtenue aux d\u00e9pens du MC El-Bayadh (1-0). Une quatri\u00e8me finale cons\u00e9cutive qui illustre la continuit\u00e9 du projet belouizdadi, et nul doute que les yeux seront \u00e9galement tourn\u00e9s vers Biskra pour esp\u00e9rer un faux pas du leader.<\/p>\n\n\n\n<p>Cette 23e journ\u00e9e sera \u00e9galement marqu\u00e9e par un choc de haut de tableau entre la JS Kabylie et l&rsquo;USM Alger, deux \u00e9quipes \u00e0 \u00e9galit\u00e9 au classement avec 33 points et qui visent le podium. Les \u00ab\u00a0Canaris\u00a0\u00bb, frein\u00e9s lors de la pr\u00e9c\u00e9dente journ\u00e9e par l&rsquo;US Biskra, doivent imp\u00e9rativement s&rsquo;imposer pour rester dans la course \u00e0 une place qualificative pour une comp\u00e9tition continentale la saison prochaine. De leur c\u00f4t\u00e9, les Usmistes, port\u00e9s par leur qualification pour la finale de la Coupe d&rsquo;Alg\u00e9rie face \u00e0 l&rsquo;USM El-Harrach (1-0 apr\u00e8s prolongation), voudront capitaliser sur cette dynamique positive pour s&rsquo;imposer au stade du 1er Novembre et ainsi conforter leurs ambitions de fin de saison.<\/p>\n\n\n\n<p>L&rsquo;ES S\u00e9tif, cinqui\u00e8me avec 31 points, tentera de poursuivre sur sa lanc\u00e9e en recevant le MC Oran. Les S\u00e9tifiens, vainqueurs \u00e0 Chlef lors de la pr\u00e9c\u00e9dente journ\u00e9e (1-0), ont une belle carte \u00e0 jouer pour se rapprocher du podium face \u00e0 des Oranais en grande difficult\u00e9 \u00e0 l&rsquo;ext\u00e9rieur. Avec seulement un point pris sur 30 possibles loin de leurs bases, les \u00ab\u00a0Hamraoua\u00a0\u00bb semblent mal arm\u00e9s pour cr\u00e9er la surprise au stade du 8 Mai 1945, \u00e0 moins d&rsquo;un improbable sursaut d&rsquo;orgueil.<\/p>\n\n\n\n<p>Du c\u00f4t\u00e9 d&rsquo;El-Bayadh, le MCEB tentera de dig\u00e9rer sa d\u00e9ception en Coupe d&rsquo;Alg\u00e9rie en se concentrant d\u00e9sormais pleinement sur le championnat. L&rsquo;objectif est clair pour les hommes du sud-ouest alg\u00e9rien : terminer dans le Top 5 pour sauver leur saison. Pour cela, une victoire contre l&rsquo;ASO Chlef s&rsquo;impose afin de renouer avec le succ\u00e8s et se r\u00e9concilier avec des supporters encore marqu\u00e9s par l&rsquo;\u00e9limination en demi-finale de Dame Coupe.<\/p>\n\n\n\n<p>Dans la lutte pour le maintien, deux confrontations retiennent particuli\u00e8rement l&rsquo;attention. Le NC Magra, avant-dernier avec 21 points, recevra la JS Saoura dans un match crucial pour sa survie en Ligue 1. M\u00eame enjeu pour l&rsquo;USM Khenchela qui, avec ses 24 points, n&rsquo;a pas le droit \u00e0 l&rsquo;erreur face au Paradou AC. Cette rencontre sera d&rsquo;ailleurs l&rsquo;occasion pour Hocine Achiou de faire ses d\u00e9buts sur le banc khencheli apr\u00e8s sa nomination en remplacement de Ch\u00e9rif Hadjar. L&rsquo;ancien international alg\u00e9rien aura \u00e0 c\u0153ur de r\u00e9ussir son bapt\u00eame du feu contre les Pacistes.<\/p>\n\n\n\n<p>\u00c0 noter enfin que la rencontre opposant l&rsquo;Olympique Akbou au CS Constantine a \u00e9t\u00e9 report\u00e9e \u00e0 une date ult\u00e9rieure en raison de l&rsquo;engagement des Sanafirs en demi-finales de la Coupe de la Conf\u00e9d\u00e9ration africaine. Les Sanafirs disputeront les matches aller et retour respectivement les 20 et 27 avril, avec l&rsquo;ambition de porter haut les couleurs du football alg\u00e9rien sur la sc\u00e8ne continentale.<\/p>\n\n\n\n<p>M.D.<\/p>\n","protected":false},"excerpt":{"rendered":"<p>Le championnat de Ligue 1 Mobilis entre dans une phase d\u00e9cisive avec une 23e journ\u00e9e qui s&rsquo;annonce riche en enjeux<\/p>\n","protected":false},"author":6,"featured_media":14628,"comment_status":"open","ping_status":"closed","sticky":false,"template":"","format":"standard","meta":{"colormag_page_container_layout":"default_layout","colormag_page_sidebar_layout":"default_layout","om_disable_all_campaigns":false,"_monsterinsights_skip_tracking":false,"_monsterinsights_sitenote_active":false,"_monsterinsights_sitenote_note":"","_monsterinsights_sitenote_category":0,"footnotes":"","_wpscppro_dont_share_socialmedia":false,"_wpscppro_custom_social_share_image":0,"_facebook_share_type":"default","_twitter_share_type":"default","_linkedin_share_type":"default","_pinterest_share_type":"default","_linkedin_share_type_page":"","_instagram_share_type":"default","_medium_share_type":"default","_threads_share_type":"","_google_business_share_type":"","_selected_social_profile":[],"_wpsp_enable_custom_social_template":false,"_wpsp_social_scheduling":{"enabled":false,"datetime":null,"platforms":[],"status":"template_only","dateOption":"today","timeOption":"now","customDays":"","customHours":"","customDate":"","customTime":"","schedulingType":"absolute"},"_wpsp_active_default_template":true},"categories":[33],"tags":[],"class_list":["post-65819","post","type-post","status-publish","format-standard","has-post-thumbnail","hentry","category-sports"],"aioseo_notices":[],"yoast_head":"<!-- This site is optimized with the Yoast SEO plugin v27.5 - https:\/\/yoast.com\/product\/yoast-seo-wordpress\/ -->\n<title>Ligue 1 Mobilis: Le leader face au d\u00e9fi biskri, le Chabab \u00e0 l&rsquo;aff\u00fbt - La Sentinelle<\/title>\n<meta name=\"robots\" content=\"index, follow, max-snippet:-1, max-image-preview:large, max-video-preview:-1\" \/>\n<link rel=\"canonical\" href=\"https:\/\/lasentinelle.dz\/index.php\/2025\/04\/17\/ligue-1-mobilis-le-leader-face-au-defi-biskri-le-chabab-a-laffut\/\" \/>\n<meta property=\"og:locale\" content=\"fr_FR\" \/>\n<meta property=\"og:type\" content=\"article\" \/>\n<meta property=\"og:title\" content=\"Ligue 1 Mobilis: Le leader face au d\u00e9fi biskri, le Chabab \u00e0 l&rsquo;aff\u00fbt - La Sentinelle\" \/>\n<meta property=\"og:description\" content=\"Le championnat de Ligue 1 Mobilis entre dans une phase d\u00e9cisive avec une 23e journ\u00e9e qui s&rsquo;annonce riche en enjeux\" \/>\n<meta property=\"og:url\" content=\"https:\/\/lasentinelle.dz\/index.php\/2025\/04\/17\/ligue-1-mobilis-le-leader-face-au-defi-biskri-le-chabab-a-laffut\/\" \/>\n<meta property=\"og:site_name\" content=\"La Sentinelle\" \/>\n<meta property=\"article:publisher\" content=\"https:\/\/www.facebook.com\/La-Sentinelle-104059864394773\" \/>\n<meta property=\"article:published_time\" content=\"2025-04-17T11:19:41+00:00\" \/>\n<meta property=\"article:modified_time\" content=\"2025-04-18T11:20:18+00:00\" \/>\n<meta property=\"og:image\" content=\"https:\/\/lasentinelle.dz\/wp-content\/uploads\/2021\/12\/ligue2.jpg\" \/>\n\t<meta property=\"og:image:width\" content=\"855\" \/>\n\t<meta property=\"og:image:height\" content=\"516\" \/>\n\t<meta property=\"og:image:type\" content=\"image\/jpeg\" \/>\n<meta name=\"author\" content=\"admin\" \/>\n<meta name=\"twitter:card\" content=\"summary_large_image\" \/>\n<meta name=\"twitter:label1\" content=\"\u00c9crit par\" \/>\n\t<meta name=\"twitter:data1\" content=\"admin\" \/>\n\t<meta name=\"twitter:label2\" content=\"Dur\u00e9e de lecture estim\u00e9e\" \/>\n\t<meta name=\"twitter:data2\" content=\"5 minutes\" \/>\n<script type=\"application\/ld+json\" class=\"yoast-schema-graph\">{\"@context\":\"https:\\\/\\\/schema.org\",\"@graph\":[{\"@type\":\"Article\",\"@id\":\"https:\\\/\\\/lasentinelle.dz\\\/index.php\\\/2025\\\/04\\\/17\\\/ligue-1-mobilis-le-leader-face-au-defi-biskri-le-chabab-a-laffut\\\/#article\",\"isPartOf\":{\"@id\":\"https:\\\/\\\/lasentinelle.dz\\\/index.php\\\/2025\\\/04\\\/17\\\/ligue-1-mobilis-le-leader-face-au-defi-biskri-le-chabab-a-laffut\\\/\"},\"author\":{\"name\":\"admin\",\"@id\":\"https:\\\/\\\/lasentinelle.dz\\\/#\\\/schema\\\/person\\\/729ee0024f24e0b8c5ec17232f8e8b41\"},\"headline\":\"Ligue 1 Mobilis: Le leader face au d\u00e9fi biskri, le Chabab \u00e0 l&rsquo;aff\u00fbt\",\"datePublished\":\"2025-04-17T11:19:41+00:00\",\"dateModified\":\"2025-04-18T11:20:18+00:00\",\"mainEntityOfPage\":{\"@id\":\"https:\\\/\\\/lasentinelle.dz\\\/index.php\\\/2025\\\/04\\\/17\\\/ligue-1-mobilis-le-leader-face-au-defi-biskri-le-chabab-a-laffut\\\/\"},\"wordCount\":878,\"commentCount\":0,\"publisher\":{\"@id\":\"https:\\\/\\\/lasentinelle.dz\\\/#organization\"},\"image\":{\"@id\":\"https:\\\/\\\/lasentinelle.dz\\\/index.php\\\/2025\\\/04\\\/17\\\/ligue-1-mobilis-le-leader-face-au-defi-biskri-le-chabab-a-laffut\\\/#primaryimage\"},\"thumbnailUrl\":\"https:\\\/\\\/lasentinelle.dz\\\/wp-content\\\/uploads\\\/2021\\\/12\\\/ligue2.jpg\",\"articleSection\":[\"Sports\"],\"inLanguage\":\"fr-FR\",\"potentialAction\":[{\"@type\":\"CommentAction\",\"name\":\"Comment\",\"target\":[\"https:\\\/\\\/lasentinelle.dz\\\/index.php\\\/2025\\\/04\\\/17\\\/ligue-1-mobilis-le-leader-face-au-defi-biskri-le-chabab-a-laffut\\\/#respond\"]}]},{\"@type\":\"WebPage\",\"@id\":\"https:\\\/\\\/lasentinelle.dz\\\/index.php\\\/2025\\\/04\\\/17\\\/ligue-1-mobilis-le-leader-face-au-defi-biskri-le-chabab-a-laffut\\\/\",\"url\":\"https:\\\/\\\/lasentinelle.dz\\\/index.php\\\/2025\\\/04\\\/17\\\/ligue-1-mobilis-le-leader-face-au-defi-biskri-le-chabab-a-laffut\\\/\",\"name\":\"Ligue 1 Mobilis: Le leader face au d\u00e9fi biskri, le Chabab \u00e0 l&rsquo;aff\u00fbt - La Sentinelle\",\"isPartOf\":{\"@id\":\"https:\\\/\\\/lasentinelle.dz\\\/#website\"},\"primaryImageOfPage\":{\"@id\":\"https:\\\/\\\/lasentinelle.dz\\\/index.php\\\/2025\\\/04\\\/17\\\/ligue-1-mobilis-le-leader-face-au-defi-biskri-le-chabab-a-laffut\\\/#primaryimage\"},\"image\":{\"@id\":\"https:\\\/\\\/lasentinelle.dz\\\/index.php\\\/2025\\\/04\\\/17\\\/ligue-1-mobilis-le-leader-face-au-defi-biskri-le-chabab-a-laffut\\\/#primaryimage\"},\"thumbnailUrl\":\"https:\\\/\\\/lasentinelle.dz\\\/wp-content\\\/uploads\\\/2021\\\/12\\\/ligue2.jpg\",\"datePublished\":\"2025-04-17T11:19:41+00:00\",\"dateModified\":\"2025-04-18T11:20:18+00:00\",\"breadcrumb\":{\"@id\":\"https:\\\/\\\/lasentinelle.dz\\\/index.php\\\/2025\\\/04\\\/17\\\/ligue-1-mobilis-le-leader-face-au-defi-biskri-le-chabab-a-laffut\\\/#breadcrumb\"},\"inLanguage\":\"fr-FR\",\"potentialAction\":[{\"@type\":\"ReadAction\",\"target\":[\"https:\\\/\\\/lasentinelle.dz\\\/index.php\\\/2025\\\/04\\\/17\\\/ligue-1-mobilis-le-leader-face-au-defi-biskri-le-chabab-a-laffut\\\/\"]}]},{\"@type\":\"ImageObject\",\"inLanguage\":\"fr-FR\",\"@id\":\"https:\\\/\\\/lasentinelle.dz\\\/index.php\\\/2025\\\/04\\\/17\\\/ligue-1-mobilis-le-leader-face-au-defi-biskri-le-chabab-a-laffut\\\/#primaryimage\",\"url\":\"https:\\\/\\\/lasentinelle.dz\\\/wp-content\\\/uploads\\\/2021\\\/12\\\/ligue2.jpg\",\"contentUrl\":\"https:\\\/\\\/lasentinelle.dz\\\/wp-content\\\/uploads\\\/2021\\\/12\\\/ligue2.jpg\",\"width\":855,\"height\":516},{\"@type\":\"BreadcrumbList\",\"@id\":\"https:\\\/\\\/lasentinelle.dz\\\/index.php\\\/2025\\\/04\\\/17\\\/ligue-1-mobilis-le-leader-face-au-defi-biskri-le-chabab-a-laffut\\\/#breadcrumb\",\"itemListElement\":[{\"@type\":\"ListItem\",\"position\":1,\"name\":\"Accueil\",\"item\":\"https:\\\/\\\/lasentinelle.dz\\\/\"},{\"@type\":\"ListItem\",\"position\":2,\"name\":\"Ligue 1 Mobilis: Le leader face au d\u00e9fi biskri, le Chabab \u00e0 l&rsquo;aff\u00fbt\"}]},{\"@type\":\"WebSite\",\"@id\":\"https:\\\/\\\/lasentinelle.dz\\\/#website\",\"url\":\"https:\\\/\\\/lasentinelle.dz\\\/\",\"name\":\"La Sentinelle\",\"description\":\"Quotidien national d&#039;information\",\"publisher\":{\"@id\":\"https:\\\/\\\/lasentinelle.dz\\\/#organization\"},\"potentialAction\":[{\"@type\":\"SearchAction\",\"target\":{\"@type\":\"EntryPoint\",\"urlTemplate\":\"https:\\\/\\\/lasentinelle.dz\\\/?s={search_term_string}\"},\"query-input\":{\"@type\":\"PropertyValueSpecification\",\"valueRequired\":true,\"valueName\":\"search_term_string\"}}],\"inLanguage\":\"fr-FR\"},{\"@type\":\"Organization\",\"@id\":\"https:\\\/\\\/lasentinelle.dz\\\/#organization\",\"name\":\"Quotidien La Sentinelle\",\"url\":\"https:\\\/\\\/lasentinelle.dz\\\/\",\"logo\":{\"@type\":\"ImageObject\",\"inLanguage\":\"fr-FR\",\"@id\":\"https:\\\/\\\/lasentinelle.dz\\\/#\\\/schema\\\/logo\\\/image\\\/\",\"url\":\"https:\\\/\\\/lasentinelle.dz\\\/wp-content\\\/uploads\\\/2021\\\/09\\\/logo-sentinelleSLOGAN-1.png\",\"contentUrl\":\"https:\\\/\\\/lasentinelle.dz\\\/wp-content\\\/uploads\\\/2021\\\/09\\\/logo-sentinelleSLOGAN-1.png\",\"width\":615,\"height\":142,\"caption\":\"Quotidien La Sentinelle\"},\"image\":{\"@id\":\"https:\\\/\\\/lasentinelle.dz\\\/#\\\/schema\\\/logo\\\/image\\\/\"},\"sameAs\":[\"https:\\\/\\\/www.facebook.com\\\/La-Sentinelle-104059864394773\"]},{\"@type\":\"Person\",\"@id\":\"https:\\\/\\\/lasentinelle.dz\\\/#\\\/schema\\\/person\\\/729ee0024f24e0b8c5ec17232f8e8b41\",\"name\":\"admin\",\"image\":{\"@type\":\"ImageObject\",\"inLanguage\":\"fr-FR\",\"@id\":\"https:\\\/\\\/secure.gravatar.com\\\/avatar\\\/4c81fed838786e9b53f540bf46533e750f5d292099ae3b66cfc6fb1982e29df7?s=96&d=mm&r=g\",\"url\":\"https:\\\/\\\/secure.gravatar.com\\\/avatar\\\/4c81fed838786e9b53f540bf46533e750f5d292099ae3b66cfc6fb1982e29df7?s=96&d=mm&r=g\",\"contentUrl\":\"https:\\\/\\\/secure.gravatar.com\\\/avatar\\\/4c81fed838786e9b53f540bf46533e750f5d292099ae3b66cfc6fb1982e29df7?s=96&d=mm&r=g\",\"caption\":\"admin\"},\"description\":\"admin\",\"url\":\"https:\\\/\\\/lasentinelle.dz\\\/author\\\/admin\\\/\"}]}<\/script>\n<!-- \/ Yoast SEO plugin. -->","yoast_head_json":{"title":"Ligue 1 Mobilis: Le leader face au d\u00e9fi biskri, le Chabab \u00e0 l&rsquo;aff\u00fbt - La Sentinelle","robots":{"index":"index","follow":"follow","max-snippet":"max-snippet:-1","max-image-preview":"max-image-preview:large","max-video-preview":"max-video-preview:-1"},"canonical":"https:\/\/lasentinelle.dz\/index.php\/2025\/04\/17\/ligue-1-mobilis-le-leader-face-au-defi-biskri-le-chabab-a-laffut\/","og_locale":"fr_FR","og_type":"article","og_title":"Ligue 1 Mobilis: Le leader face au d\u00e9fi biskri, le Chabab \u00e0 l&rsquo;aff\u00fbt - La Sentinelle","og_description":"Le championnat de Ligue 1 Mobilis entre dans une phase d\u00e9cisive avec une 23e journ\u00e9e qui s&rsquo;annonce riche en enjeux","og_url":"https:\/\/lasentinelle.dz\/index.php\/2025\/04\/17\/ligue-1-mobilis-le-leader-face-au-defi-biskri-le-chabab-a-laffut\/","og_site_name":"La Sentinelle","article_publisher":"https:\/\/www.facebook.com\/La-Sentinelle-104059864394773","article_published_time":"2025-04-17T11:19:41+00:00","article_modified_time":"2025-04-18T11:20:18+00:00","og_image":[{"width":855,"height":516,"url":"https:\/\/lasentinelle.dz\/wp-content\/uploads\/2021\/12\/ligue2.jpg","type":"image\/jpeg"}],"author":"admin","twitter_card":"summary_large_image","twitter_misc":{"\u00c9crit par":"admin","Dur\u00e9e de lecture estim\u00e9e":"5 minutes"},"schema":{"@context":"https:\/\/schema.org","@graph":[{"@type":"Article","@id":"https:\/\/lasentinelle.dz\/index.php\/2025\/04\/17\/ligue-1-mobilis-le-leader-face-au-defi-biskri-le-chabab-a-laffut\/#article","isPartOf":{"@id":"https:\/\/lasentinelle.dz\/index.php\/2025\/04\/17\/ligue-1-mobilis-le-leader-face-au-defi-biskri-le-chabab-a-laffut\/"},"author":{"name":"admin","@id":"https:\/\/lasentinelle.dz\/#\/schema\/person\/729ee0024f24e0b8c5ec17232f8e8b41"},"headline":"Ligue 1 Mobilis: Le leader face au d\u00e9fi biskri, le Chabab \u00e0 l&rsquo;aff\u00fbt","datePublished":"2025-04-17T11:19:41+00:00","dateModified":"2025-04-18T11:20:18+00:00","mainEntityOfPage":{"@id":"https:\/\/lasentinelle.dz\/index.php\/2025\/04\/17\/ligue-1-mobilis-le-leader-face-au-defi-biskri-le-chabab-a-laffut\/"},"wordCount":878,"commentCount":0,"publisher":{"@id":"https:\/\/lasentinelle.dz\/#organization"},"image":{"@id":"https:\/\/lasentinelle.dz\/index.php\/2025\/04\/17\/ligue-1-mobilis-le-leader-face-au-defi-biskri-le-chabab-a-laffut\/#primaryimage"},"thumbnailUrl":"https:\/\/lasentinelle.dz\/wp-content\/uploads\/2021\/12\/ligue2.jpg","articleSection":["Sports"],"inLanguage":"fr-FR","potentialAction":[{"@type":"CommentAction","name":"Comment","target":["https:\/\/lasentinelle.dz\/index.php\/2025\/04\/17\/ligue-1-mobilis-le-leader-face-au-defi-biskri-le-chabab-a-laffut\/#respond"]}]},{"@type":"WebPage","@id":"https:\/\/lasentinelle.dz\/index.php\/2025\/04\/17\/ligue-1-mobilis-le-leader-face-au-defi-biskri-le-chabab-a-laffut\/","url":"https:\/\/lasentinelle.dz\/index.php\/2025\/04\/17\/ligue-1-mobilis-le-leader-face-au-defi-biskri-le-chabab-a-laffut\/","name":"Ligue 1 Mobilis: Le leader face au d\u00e9fi biskri, le Chabab \u00e0 l&rsquo;aff\u00fbt - La Sentinelle","isPartOf":{"@id":"https:\/\/lasentinelle.dz\/#website"},"primaryImageOfPage":{"@id":"https:\/\/lasentinelle.dz\/index.php\/2025\/04\/17\/ligue-1-mobilis-le-leader-face-au-defi-biskri-le-chabab-a-laffut\/#primaryimage"},"image":{"@id":"https:\/\/lasentinelle.dz\/index.php\/2025\/04\/17\/ligue-1-mobilis-le-leader-face-au-defi-biskri-le-chabab-a-laffut\/#primaryimage"},"thumbnailUrl":"https:\/\/lasentinelle.dz\/wp-content\/uploads\/2021\/12\/ligue2.jpg","datePublished":"2025-04-17T11:19:41+00:00","dateModified":"2025-04-18T11:20:18+00:00","breadcrumb":{"@id":"https:\/\/lasentinelle.dz\/index.php\/2025\/04\/17\/ligue-1-mobilis-le-leader-face-au-defi-biskri-le-chabab-a-laffut\/#breadcrumb"},"inLanguage":"fr-FR","potentialAction":[{"@type":"ReadAction","target":["https:\/\/lasentinelle.dz\/index.php\/2025\/04\/17\/ligue-1-mobilis-le-leader-face-au-defi-biskri-le-chabab-a-laffut\/"]}]},{"@type":"ImageObject","inLanguage":"fr-FR","@id":"https:\/\/lasentinelle.dz\/index.php\/2025\/04\/17\/ligue-1-mobilis-le-leader-face-au-defi-biskri-le-chabab-a-laffut\/#primaryimage","url":"https:\/\/lasentinelle.dz\/wp-content\/uploads\/2021\/12\/ligue2.jpg","contentUrl":"https:\/\/lasentinelle.dz\/wp-content\/uploads\/2021\/12\/ligue2.jpg","width":855,"height":516},{"@type":"BreadcrumbList","@id":"https:\/\/lasentinelle.dz\/index.php\/2025\/04\/17\/ligue-1-mobilis-le-leader-face-au-defi-biskri-le-chabab-a-laffut\/#breadcrumb","itemListElement":[{"@type":"ListItem","position":1,"name":"Accueil","item":"https:\/\/lasentinelle.dz\/"},{"@type":"ListItem","position":2,"name":"Ligue 1 Mobilis: Le leader face au d\u00e9fi biskri, le Chabab \u00e0 l&rsquo;aff\u00fbt"}]},{"@type":"WebSite","@id":"https:\/\/lasentinelle.dz\/#website","url":"https:\/\/lasentinelle.dz\/","name":"La Sentinelle","description":"Quotidien national d&#039;information","publisher":{"@id":"https:\/\/lasentinelle.dz\/#organization"},"potentialAction":[{"@type":"SearchAction","target":{"@type":"EntryPoint","urlTemplate":"https:\/\/lasentinelle.dz\/?s={search_term_string}"},"query-input":{"@type":"PropertyValueSpecification","valueRequired":true,"valueName":"search_term_string"}}],"inLanguage":"fr-FR"},{"@type":"Organization","@id":"https:\/\/lasentinelle.dz\/#organization","name":"Quotidien La Sentinelle","url":"https:\/\/lasentinelle.dz\/","logo":{"@type":"ImageObject","inLanguage":"fr-FR","@id":"https:\/\/lasentinelle.dz\/#\/schema\/logo\/image\/","url":"https:\/\/lasentinelle.dz\/wp-content\/uploads\/2021\/09\/logo-sentinelleSLOGAN-1.png","contentUrl":"https:\/\/lasentinelle.dz\/wp-content\/uploads\/2021\/09\/logo-sentinelleSLOGAN-1.png","width":615,"height":142,"caption":"Quotidien La Sentinelle"},"image":{"@id":"https:\/\/lasentinelle.dz\/#\/schema\/logo\/image\/"},"sameAs":["https:\/\/www.facebook.com\/La-Sentinelle-104059864394773"]},{"@type":"Person","@id":"https:\/\/lasentinelle.dz\/#\/schema\/person\/729ee0024f24e0b8c5ec17232f8e8b41","name":"admin","image":{"@type":"ImageObject","inLanguage":"fr-FR","@id":"https:\/\/secure.gravatar.com\/avatar\/4c81fed838786e9b53f540bf46533e750f5d292099ae3b66cfc6fb1982e29df7?s=96&d=mm&r=g","url":"https:\/\/secure.gravatar.com\/avatar\/4c81fed838786e9b53f540bf46533e750f5d292099ae3b66cfc6fb1982e29df7?s=96&d=mm&r=g","contentUrl":"https:\/\/secure.gravatar.com\/avatar\/4c81fed838786e9b53f540bf46533e750f5d292099ae3b66cfc6fb1982e29df7?s=96&d=mm&r=g","caption":"admin"},"description":"admin","url":"https:\/\/lasentinelle.dz\/author\/admin\/"}]}},"_links":{"self":[{"href":"https:\/\/lasentinelle.dz\/index.php\/wp-json\/wp\/v2\/posts\/65819","targetHints":{"allow":["GET"]}}],"collection":[{"href":"https:\/\/lasentinelle.dz\/index.php\/wp-json\/wp\/v2\/posts"}],"about":[{"href":"https:\/\/lasentinelle.dz\/index.php\/wp-json\/wp\/v2\/types\/post"}],"author":[{"embeddable":true,"href":"https:\/\/lasentinelle.dz\/index.php\/wp-json\/wp\/v2\/users\/6"}],"replies":[{"embeddable":true,"href":"https:\/\/lasentinelle.dz\/index.php\/wp-json\/wp\/v2\/comments?post=65819"}],"version-history":[{"count":2,"href":"https:\/\/lasentinelle.dz\/index.php\/wp-json\/wp\/v2\/posts\/65819\/revisions"}],"predecessor-version":[{"id":65821,"href":"https:\/\/lasentinelle.dz\/index.php\/wp-json\/wp\/v2\/posts\/65819\/revisions\/65821"}],"wp:featuredmedia":[{"embeddable":true,"href":"https:\/\/lasentinelle.dz\/index.php\/wp-json\/wp\/v2\/media\/14628"}],"wp:attachment":[{"href":"https:\/\/lasentinelle.dz\/index.php\/wp-json\/wp\/v2\/media?parent=65819"}],"wp:term":[{"taxonomy":"category","embeddable":true,"href":"https:\/\/lasentinelle.dz\/index.php\/wp-json\/wp\/v2\/categories?post=65819"},{"taxonomy":"post_tag","embeddable":true,"href":"https:\/\/lasentinelle.dz\/index.php\/wp-json\/wp\/v2\/tags?post=65819"}],"curies":[{"name":"wp","href":"https:\/\/api.w.org\/{rel}","templated":true}]}}