{"id":65833,"date":"2025-04-17T12:23:59","date_gmt":"2025-04-17T11:23:59","guid":{"rendered":"https:\/\/lasentinelle.dz\/?p=65833"},"modified":"2025-04-18T12:24:25","modified_gmt":"2025-04-18T11:24:25","slug":"developpement-de-lagriculture-souk-ahras-une-commission-ministerielle-sur-le-terrain","status":"publish","type":"post","link":"https:\/\/lasentinelle.dz\/index.php\/2025\/04\/17\/developpement-de-lagriculture-souk-ahras-une-commission-ministerielle-sur-le-terrain\/","title":{"rendered":"D\u00e9veloppement de l&rsquo;agriculture Souk-Ahras : Une commission minist\u00e9rielle sur le terrain"},"content":{"rendered":"\n<p>Une commission d\u00e9l\u00e9gu\u00e9e par le minist\u00e8re de l\u2019Agriculture, du D\u00e9veloppement rural et de la P\u00eache s\u2019est rendu ce mercredi, \u00e0 la wilaya de Souk-Ahras o\u00f9, elle s\u2019est enquit de la situation du d\u00e9veloppement agricole pr\u00e9valant dans la commune de Sedrata, selon les informations fournies par les services de la direction agricole (DSA). La visite s\u2019inscrit, nous dit-on, dans le cadre des efforts d\u00e9ploy\u00e9s par le gouvernement pour le suivi de la situation agricole \u00e0 travers les diff\u00e9rentes wilayas du pays, intervient dans le contexte des d\u00e9fis climatiques impactant n\u00e9gativement les cultures agricoles dans la r\u00e9gion de Sedrata, a-t-on expliqu\u00e9. La mission des membres de la commission, s\u2019est focalis\u00e9e sur le suivi de pr\u00e8s, des diff\u00e9rentes \u00e9tapes et parcours de la production, a fait savoir la m\u00eame source. Depuis l\u2019irrigation agricole jusqu\u2019aux techniques de pr\u00e9vention contre les maladies v\u00e9g\u00e9tales, en passant par les besoins en engrais et en pesticides, tout est pass\u00e9 en revue. Afin de comprendre la nature des d\u00e9fis auxquels sont confront\u00e9s les professionnels de l\u2019agriculture de la r\u00e9gion, les membres de la commission, ont, nous dit-on, \u00e9galement pris connaissance de leurs pr\u00e9occupations. Toutes les informations et donn\u00e9es recueillies par les membres de la commission, ont fait l\u2019objet d\u2019un rapport d\u00e9taill\u00e9 sur la situation ponctu\u00e9 par des conclusions, \u00e0 soumettre au minist\u00e8re de tutelle. Outre cela, ont \u00e9t\u00e9 \u00e9galement port\u00e9 sur le rapport, des propositions pratiques pour minimiser les effets du changement climatique sur les cultures agricoles dans la commune de Sedrata, en plus de recommandations, dont le but est de renforcer les capacit\u00e9s techniques et mat\u00e9rielles des agriculteurs. La visite de cette commission minist\u00e9rielle est une action relevant d\u2019une initiative qui s\u2019inscrit dans le cadre de la politique des pouvoirs publics, visant \u00e0 am\u00e9liorer les conditions de l\u2019agriculture locale par le lancement de projets de d\u00e9veloppement durable destin\u00e9s \u00e0 accro\u00eetre la productivit\u00e9 et \u00e0 assurer la s\u00e9curit\u00e9 alimentaire dans la r\u00e9gion, a-t-on pr\u00e9cis\u00e9. Nos sources ont expliqu\u00e9 que la d\u00e9marche est motiv\u00e9e par le fait que, la commune de Sedrata figure parmi les plus importantes zones agricoles de la wilaya de Souk Ahras. Cette commune \u00e0 vocation agricole par excellence dispose d\u2019une plaine constitu\u00e9e de terres fertiles favorables \u00e0 la production c\u00e9r\u00e9ali\u00e8re et de l\u00e9gumes de saison. Ce qui fait d\u2019elle une zone strat\u00e9gique et propice, voire m\u00eame apte \u00e0 soutenir la s\u00e9curit\u00e9 alimentaire \u00e0 l\u2019\u00e9chelle locale et nationale. En t\u00e9moigne, le lancement pr\u00e9coce de la campagne moisson-battage dans la wilaya de T\u00e9bessa. C\u2019est ce qui explique l\u2019int\u00e9r\u00eat d\u2019accompagner les agriculteurs pour faire face aux d\u00e9fis climatiques et techniques. \u00c0 noter que, la commission minist\u00e9rielle \u00e9tait compos\u00e9e des repr\u00e9sentants de l\u2019Institut national de protection des v\u00e9g\u00e9taux (INPV), de l\u2019Institut technique des grandes cultures (ITGC) et de l\u2019inspection phytosanitaire de la DSA de la wilaya de Souk Ahras.<\/p>\n\n\n\n<p>Sofia Chahine<\/p>\n","protected":false},"excerpt":{"rendered":"<p>Une commission d\u00e9l\u00e9gu\u00e9e par le minist\u00e8re de l\u2019Agriculture, du D\u00e9veloppement rural et de la P\u00eache s\u2019est rendu ce mercredi, \u00e0<\/p>\n","protected":false},"author":6,"featured_media":53625,"comment_status":"open","ping_status":"closed","sticky":false,"template":"","format":"standard","meta":{"colormag_page_container_layout":"default_layout","colormag_page_sidebar_layout":"default_layout","om_disable_all_campaigns":false,"_monsterinsights_skip_tracking":false,"_monsterinsights_sitenote_active":false,"_monsterinsights_sitenote_note":"","_monsterinsights_sitenote_category":0,"footnotes":"","_wpscppro_dont_share_socialmedia":false,"_wpscppro_custom_social_share_image":0,"_facebook_share_type":"default","_twitter_share_type":"default","_linkedin_share_type":"default","_pinterest_share_type":"default","_linkedin_share_type_page":"","_instagram_share_type":"default","_medium_share_type":"default","_threads_share_type":"","_google_business_share_type":"","_selected_social_profile":[],"_wpsp_enable_custom_social_template":false,"_wpsp_social_scheduling":{"enabled":false,"datetime":null,"platforms":[],"status":"template_only","dateOption":"today","timeOption":"now","customDays":"","customHours":"","customDate":"","customTime":"","schedulingType":"absolute"},"_wpsp_active_default_template":true},"categories":[31],"tags":[],"class_list":["post-65833","post","type-post","status-publish","format-standard","has-post-thumbnail","hentry","category-regions"],"aioseo_notices":[],"yoast_head":"<!-- This site is optimized with the Yoast SEO plugin v27.4 - https:\/\/yoast.com\/product\/yoast-seo-wordpress\/ -->\n<title>D\u00e9veloppement de l&rsquo;agriculture Souk-Ahras : Une commission minist\u00e9rielle sur le terrain - La Sentinelle<\/title>\n<meta name=\"robots\" content=\"index, follow, max-snippet:-1, max-image-preview:large, max-video-preview:-1\" \/>\n<link rel=\"canonical\" href=\"https:\/\/lasentinelle.dz\/index.php\/2025\/04\/17\/developpement-de-lagriculture-souk-ahras-une-commission-ministerielle-sur-le-terrain\/\" \/>\n<meta property=\"og:locale\" content=\"fr_FR\" \/>\n<meta property=\"og:type\" content=\"article\" \/>\n<meta property=\"og:title\" content=\"D\u00e9veloppement de l&rsquo;agriculture Souk-Ahras : Une commission minist\u00e9rielle sur le terrain - La Sentinelle\" \/>\n<meta property=\"og:description\" content=\"Une commission d\u00e9l\u00e9gu\u00e9e par le minist\u00e8re de l\u2019Agriculture, du D\u00e9veloppement rural et de la P\u00eache s\u2019est rendu ce mercredi, \u00e0\" \/>\n<meta property=\"og:url\" content=\"https:\/\/lasentinelle.dz\/index.php\/2025\/04\/17\/developpement-de-lagriculture-souk-ahras-une-commission-ministerielle-sur-le-terrain\/\" \/>\n<meta property=\"og:site_name\" content=\"La Sentinelle\" \/>\n<meta property=\"article:publisher\" content=\"https:\/\/www.facebook.com\/La-Sentinelle-104059864394773\" \/>\n<meta property=\"article:published_time\" content=\"2025-04-17T11:23:59+00:00\" \/>\n<meta property=\"article:modified_time\" content=\"2025-04-18T11:24:25+00:00\" \/>\n<meta property=\"og:image\" content=\"https:\/\/lasentinelle.dz\/wp-content\/uploads\/2024\/06\/agriculture.jpg\" \/>\n\t<meta property=\"og:image:width\" content=\"600\" \/>\n\t<meta property=\"og:image:height\" content=\"420\" \/>\n\t<meta property=\"og:image:type\" content=\"image\/jpeg\" \/>\n<meta name=\"author\" content=\"admin\" \/>\n<meta name=\"twitter:card\" content=\"summary_large_image\" \/>\n<meta name=\"twitter:label1\" content=\"\u00c9crit par\" \/>\n\t<meta name=\"twitter:data1\" content=\"admin\" \/>\n\t<meta name=\"twitter:label2\" content=\"Dur\u00e9e de lecture estim\u00e9e\" \/>\n\t<meta name=\"twitter:data2\" content=\"3 minutes\" \/>\n<script type=\"application\/ld+json\" class=\"yoast-schema-graph\">{\"@context\":\"https:\\\/\\\/schema.org\",\"@graph\":[{\"@type\":\"Article\",\"@id\":\"https:\\\/\\\/lasentinelle.dz\\\/index.php\\\/2025\\\/04\\\/17\\\/developpement-de-lagriculture-souk-ahras-une-commission-ministerielle-sur-le-terrain\\\/#article\",\"isPartOf\":{\"@id\":\"https:\\\/\\\/lasentinelle.dz\\\/index.php\\\/2025\\\/04\\\/17\\\/developpement-de-lagriculture-souk-ahras-une-commission-ministerielle-sur-le-terrain\\\/\"},\"author\":{\"name\":\"admin\",\"@id\":\"https:\\\/\\\/lasentinelle.dz\\\/#\\\/schema\\\/person\\\/729ee0024f24e0b8c5ec17232f8e8b41\"},\"headline\":\"D\u00e9veloppement de l&rsquo;agriculture Souk-Ahras : Une commission minist\u00e9rielle sur le terrain\",\"datePublished\":\"2025-04-17T11:23:59+00:00\",\"dateModified\":\"2025-04-18T11:24:25+00:00\",\"mainEntityOfPage\":{\"@id\":\"https:\\\/\\\/lasentinelle.dz\\\/index.php\\\/2025\\\/04\\\/17\\\/developpement-de-lagriculture-souk-ahras-une-commission-ministerielle-sur-le-terrain\\\/\"},\"wordCount\":545,\"commentCount\":0,\"publisher\":{\"@id\":\"https:\\\/\\\/lasentinelle.dz\\\/#organization\"},\"image\":{\"@id\":\"https:\\\/\\\/lasentinelle.dz\\\/index.php\\\/2025\\\/04\\\/17\\\/developpement-de-lagriculture-souk-ahras-une-commission-ministerielle-sur-le-terrain\\\/#primaryimage\"},\"thumbnailUrl\":\"https:\\\/\\\/lasentinelle.dz\\\/wp-content\\\/uploads\\\/2024\\\/06\\\/agriculture.jpg\",\"articleSection\":[\"R\u00e9gions\"],\"inLanguage\":\"fr-FR\",\"potentialAction\":[{\"@type\":\"CommentAction\",\"name\":\"Comment\",\"target\":[\"https:\\\/\\\/lasentinelle.dz\\\/index.php\\\/2025\\\/04\\\/17\\\/developpement-de-lagriculture-souk-ahras-une-commission-ministerielle-sur-le-terrain\\\/#respond\"]}]},{\"@type\":\"WebPage\",\"@id\":\"https:\\\/\\\/lasentinelle.dz\\\/index.php\\\/2025\\\/04\\\/17\\\/developpement-de-lagriculture-souk-ahras-une-commission-ministerielle-sur-le-terrain\\\/\",\"url\":\"https:\\\/\\\/lasentinelle.dz\\\/index.php\\\/2025\\\/04\\\/17\\\/developpement-de-lagriculture-souk-ahras-une-commission-ministerielle-sur-le-terrain\\\/\",\"name\":\"D\u00e9veloppement de l&rsquo;agriculture Souk-Ahras : Une commission minist\u00e9rielle sur le terrain - La Sentinelle\",\"isPartOf\":{\"@id\":\"https:\\\/\\\/lasentinelle.dz\\\/#website\"},\"primaryImageOfPage\":{\"@id\":\"https:\\\/\\\/lasentinelle.dz\\\/index.php\\\/2025\\\/04\\\/17\\\/developpement-de-lagriculture-souk-ahras-une-commission-ministerielle-sur-le-terrain\\\/#primaryimage\"},\"image\":{\"@id\":\"https:\\\/\\\/lasentinelle.dz\\\/index.php\\\/2025\\\/04\\\/17\\\/developpement-de-lagriculture-souk-ahras-une-commission-ministerielle-sur-le-terrain\\\/#primaryimage\"},\"thumbnailUrl\":\"https:\\\/\\\/lasentinelle.dz\\\/wp-content\\\/uploads\\\/2024\\\/06\\\/agriculture.jpg\",\"datePublished\":\"2025-04-17T11:23:59+00:00\",\"dateModified\":\"2025-04-18T11:24:25+00:00\",\"breadcrumb\":{\"@id\":\"https:\\\/\\\/lasentinelle.dz\\\/index.php\\\/2025\\\/04\\\/17\\\/developpement-de-lagriculture-souk-ahras-une-commission-ministerielle-sur-le-terrain\\\/#breadcrumb\"},\"inLanguage\":\"fr-FR\",\"potentialAction\":[{\"@type\":\"ReadAction\",\"target\":[\"https:\\\/\\\/lasentinelle.dz\\\/index.php\\\/2025\\\/04\\\/17\\\/developpement-de-lagriculture-souk-ahras-une-commission-ministerielle-sur-le-terrain\\\/\"]}]},{\"@type\":\"ImageObject\",\"inLanguage\":\"fr-FR\",\"@id\":\"https:\\\/\\\/lasentinelle.dz\\\/index.php\\\/2025\\\/04\\\/17\\\/developpement-de-lagriculture-souk-ahras-une-commission-ministerielle-sur-le-terrain\\\/#primaryimage\",\"url\":\"https:\\\/\\\/lasentinelle.dz\\\/wp-content\\\/uploads\\\/2024\\\/06\\\/agriculture.jpg\",\"contentUrl\":\"https:\\\/\\\/lasentinelle.dz\\\/wp-content\\\/uploads\\\/2024\\\/06\\\/agriculture.jpg\",\"width\":600,\"height\":420},{\"@type\":\"BreadcrumbList\",\"@id\":\"https:\\\/\\\/lasentinelle.dz\\\/index.php\\\/2025\\\/04\\\/17\\\/developpement-de-lagriculture-souk-ahras-une-commission-ministerielle-sur-le-terrain\\\/#breadcrumb\",\"itemListElement\":[{\"@type\":\"ListItem\",\"position\":1,\"name\":\"Accueil\",\"item\":\"https:\\\/\\\/lasentinelle.dz\\\/\"},{\"@type\":\"ListItem\",\"position\":2,\"name\":\"D\u00e9veloppement de l&rsquo;agriculture Souk-Ahras : Une commission minist\u00e9rielle sur le terrain\"}]},{\"@type\":\"WebSite\",\"@id\":\"https:\\\/\\\/lasentinelle.dz\\\/#website\",\"url\":\"https:\\\/\\\/lasentinelle.dz\\\/\",\"name\":\"La Sentinelle\",\"description\":\"Quotidien national d&#039;information\",\"publisher\":{\"@id\":\"https:\\\/\\\/lasentinelle.dz\\\/#organization\"},\"potentialAction\":[{\"@type\":\"SearchAction\",\"target\":{\"@type\":\"EntryPoint\",\"urlTemplate\":\"https:\\\/\\\/lasentinelle.dz\\\/?s={search_term_string}\"},\"query-input\":{\"@type\":\"PropertyValueSpecification\",\"valueRequired\":true,\"valueName\":\"search_term_string\"}}],\"inLanguage\":\"fr-FR\"},{\"@type\":\"Organization\",\"@id\":\"https:\\\/\\\/lasentinelle.dz\\\/#organization\",\"name\":\"Quotidien La Sentinelle\",\"url\":\"https:\\\/\\\/lasentinelle.dz\\\/\",\"logo\":{\"@type\":\"ImageObject\",\"inLanguage\":\"fr-FR\",\"@id\":\"https:\\\/\\\/lasentinelle.dz\\\/#\\\/schema\\\/logo\\\/image\\\/\",\"url\":\"https:\\\/\\\/lasentinelle.dz\\\/wp-content\\\/uploads\\\/2021\\\/09\\\/logo-sentinelleSLOGAN-1.png\",\"contentUrl\":\"https:\\\/\\\/lasentinelle.dz\\\/wp-content\\\/uploads\\\/2021\\\/09\\\/logo-sentinelleSLOGAN-1.png\",\"width\":615,\"height\":142,\"caption\":\"Quotidien La Sentinelle\"},\"image\":{\"@id\":\"https:\\\/\\\/lasentinelle.dz\\\/#\\\/schema\\\/logo\\\/image\\\/\"},\"sameAs\":[\"https:\\\/\\\/www.facebook.com\\\/La-Sentinelle-104059864394773\"]},{\"@type\":\"Person\",\"@id\":\"https:\\\/\\\/lasentinelle.dz\\\/#\\\/schema\\\/person\\\/729ee0024f24e0b8c5ec17232f8e8b41\",\"name\":\"admin\",\"image\":{\"@type\":\"ImageObject\",\"inLanguage\":\"fr-FR\",\"@id\":\"https:\\\/\\\/secure.gravatar.com\\\/avatar\\\/4c81fed838786e9b53f540bf46533e750f5d292099ae3b66cfc6fb1982e29df7?s=96&d=mm&r=g\",\"url\":\"https:\\\/\\\/secure.gravatar.com\\\/avatar\\\/4c81fed838786e9b53f540bf46533e750f5d292099ae3b66cfc6fb1982e29df7?s=96&d=mm&r=g\",\"contentUrl\":\"https:\\\/\\\/secure.gravatar.com\\\/avatar\\\/4c81fed838786e9b53f540bf46533e750f5d292099ae3b66cfc6fb1982e29df7?s=96&d=mm&r=g\",\"caption\":\"admin\"},\"description\":\"admin\",\"url\":\"https:\\\/\\\/lasentinelle.dz\\\/author\\\/admin\\\/\"}]}<\/script>\n<!-- \/ Yoast SEO plugin. -->","yoast_head_json":{"title":"D\u00e9veloppement de l&rsquo;agriculture Souk-Ahras : Une commission minist\u00e9rielle sur le terrain - La Sentinelle","robots":{"index":"index","follow":"follow","max-snippet":"max-snippet:-1","max-image-preview":"max-image-preview:large","max-video-preview":"max-video-preview:-1"},"canonical":"https:\/\/lasentinelle.dz\/index.php\/2025\/04\/17\/developpement-de-lagriculture-souk-ahras-une-commission-ministerielle-sur-le-terrain\/","og_locale":"fr_FR","og_type":"article","og_title":"D\u00e9veloppement de l&rsquo;agriculture Souk-Ahras : Une commission minist\u00e9rielle sur le terrain - La Sentinelle","og_description":"Une commission d\u00e9l\u00e9gu\u00e9e par le minist\u00e8re de l\u2019Agriculture, du D\u00e9veloppement rural et de la P\u00eache s\u2019est rendu ce mercredi, \u00e0","og_url":"https:\/\/lasentinelle.dz\/index.php\/2025\/04\/17\/developpement-de-lagriculture-souk-ahras-une-commission-ministerielle-sur-le-terrain\/","og_site_name":"La Sentinelle","article_publisher":"https:\/\/www.facebook.com\/La-Sentinelle-104059864394773","article_published_time":"2025-04-17T11:23:59+00:00","article_modified_time":"2025-04-18T11:24:25+00:00","og_image":[{"width":600,"height":420,"url":"https:\/\/lasentinelle.dz\/wp-content\/uploads\/2024\/06\/agriculture.jpg","type":"image\/jpeg"}],"author":"admin","twitter_card":"summary_large_image","twitter_misc":{"\u00c9crit par":"admin","Dur\u00e9e de lecture estim\u00e9e":"3 minutes"},"schema":{"@context":"https:\/\/schema.org","@graph":[{"@type":"Article","@id":"https:\/\/lasentinelle.dz\/index.php\/2025\/04\/17\/developpement-de-lagriculture-souk-ahras-une-commission-ministerielle-sur-le-terrain\/#article","isPartOf":{"@id":"https:\/\/lasentinelle.dz\/index.php\/2025\/04\/17\/developpement-de-lagriculture-souk-ahras-une-commission-ministerielle-sur-le-terrain\/"},"author":{"name":"admin","@id":"https:\/\/lasentinelle.dz\/#\/schema\/person\/729ee0024f24e0b8c5ec17232f8e8b41"},"headline":"D\u00e9veloppement de l&rsquo;agriculture Souk-Ahras : Une commission minist\u00e9rielle sur le terrain","datePublished":"2025-04-17T11:23:59+00:00","dateModified":"2025-04-18T11:24:25+00:00","mainEntityOfPage":{"@id":"https:\/\/lasentinelle.dz\/index.php\/2025\/04\/17\/developpement-de-lagriculture-souk-ahras-une-commission-ministerielle-sur-le-terrain\/"},"wordCount":545,"commentCount":0,"publisher":{"@id":"https:\/\/lasentinelle.dz\/#organization"},"image":{"@id":"https:\/\/lasentinelle.dz\/index.php\/2025\/04\/17\/developpement-de-lagriculture-souk-ahras-une-commission-ministerielle-sur-le-terrain\/#primaryimage"},"thumbnailUrl":"https:\/\/lasentinelle.dz\/wp-content\/uploads\/2024\/06\/agriculture.jpg","articleSection":["R\u00e9gions"],"inLanguage":"fr-FR","potentialAction":[{"@type":"CommentAction","name":"Comment","target":["https:\/\/lasentinelle.dz\/index.php\/2025\/04\/17\/developpement-de-lagriculture-souk-ahras-une-commission-ministerielle-sur-le-terrain\/#respond"]}]},{"@type":"WebPage","@id":"https:\/\/lasentinelle.dz\/index.php\/2025\/04\/17\/developpement-de-lagriculture-souk-ahras-une-commission-ministerielle-sur-le-terrain\/","url":"https:\/\/lasentinelle.dz\/index.php\/2025\/04\/17\/developpement-de-lagriculture-souk-ahras-une-commission-ministerielle-sur-le-terrain\/","name":"D\u00e9veloppement de l&rsquo;agriculture Souk-Ahras : Une commission minist\u00e9rielle sur le terrain - La Sentinelle","isPartOf":{"@id":"https:\/\/lasentinelle.dz\/#website"},"primaryImageOfPage":{"@id":"https:\/\/lasentinelle.dz\/index.php\/2025\/04\/17\/developpement-de-lagriculture-souk-ahras-une-commission-ministerielle-sur-le-terrain\/#primaryimage"},"image":{"@id":"https:\/\/lasentinelle.dz\/index.php\/2025\/04\/17\/developpement-de-lagriculture-souk-ahras-une-commission-ministerielle-sur-le-terrain\/#primaryimage"},"thumbnailUrl":"https:\/\/lasentinelle.dz\/wp-content\/uploads\/2024\/06\/agriculture.jpg","datePublished":"2025-04-17T11:23:59+00:00","dateModified":"2025-04-18T11:24:25+00:00","breadcrumb":{"@id":"https:\/\/lasentinelle.dz\/index.php\/2025\/04\/17\/developpement-de-lagriculture-souk-ahras-une-commission-ministerielle-sur-le-terrain\/#breadcrumb"},"inLanguage":"fr-FR","potentialAction":[{"@type":"ReadAction","target":["https:\/\/lasentinelle.dz\/index.php\/2025\/04\/17\/developpement-de-lagriculture-souk-ahras-une-commission-ministerielle-sur-le-terrain\/"]}]},{"@type":"ImageObject","inLanguage":"fr-FR","@id":"https:\/\/lasentinelle.dz\/index.php\/2025\/04\/17\/developpement-de-lagriculture-souk-ahras-une-commission-ministerielle-sur-le-terrain\/#primaryimage","url":"https:\/\/lasentinelle.dz\/wp-content\/uploads\/2024\/06\/agriculture.jpg","contentUrl":"https:\/\/lasentinelle.dz\/wp-content\/uploads\/2024\/06\/agriculture.jpg","width":600,"height":420},{"@type":"BreadcrumbList","@id":"https:\/\/lasentinelle.dz\/index.php\/2025\/04\/17\/developpement-de-lagriculture-souk-ahras-une-commission-ministerielle-sur-le-terrain\/#breadcrumb","itemListElement":[{"@type":"ListItem","position":1,"name":"Accueil","item":"https:\/\/lasentinelle.dz\/"},{"@type":"ListItem","position":2,"name":"D\u00e9veloppement de l&rsquo;agriculture Souk-Ahras : Une commission minist\u00e9rielle sur le terrain"}]},{"@type":"WebSite","@id":"https:\/\/lasentinelle.dz\/#website","url":"https:\/\/lasentinelle.dz\/","name":"La Sentinelle","description":"Quotidien national d&#039;information","publisher":{"@id":"https:\/\/lasentinelle.dz\/#organization"},"potentialAction":[{"@type":"SearchAction","target":{"@type":"EntryPoint","urlTemplate":"https:\/\/lasentinelle.dz\/?s={search_term_string}"},"query-input":{"@type":"PropertyValueSpecification","valueRequired":true,"valueName":"search_term_string"}}],"inLanguage":"fr-FR"},{"@type":"Organization","@id":"https:\/\/lasentinelle.dz\/#organization","name":"Quotidien La Sentinelle","url":"https:\/\/lasentinelle.dz\/","logo":{"@type":"ImageObject","inLanguage":"fr-FR","@id":"https:\/\/lasentinelle.dz\/#\/schema\/logo\/image\/","url":"https:\/\/lasentinelle.dz\/wp-content\/uploads\/2021\/09\/logo-sentinelleSLOGAN-1.png","contentUrl":"https:\/\/lasentinelle.dz\/wp-content\/uploads\/2021\/09\/logo-sentinelleSLOGAN-1.png","width":615,"height":142,"caption":"Quotidien La Sentinelle"},"image":{"@id":"https:\/\/lasentinelle.dz\/#\/schema\/logo\/image\/"},"sameAs":["https:\/\/www.facebook.com\/La-Sentinelle-104059864394773"]},{"@type":"Person","@id":"https:\/\/lasentinelle.dz\/#\/schema\/person\/729ee0024f24e0b8c5ec17232f8e8b41","name":"admin","image":{"@type":"ImageObject","inLanguage":"fr-FR","@id":"https:\/\/secure.gravatar.com\/avatar\/4c81fed838786e9b53f540bf46533e750f5d292099ae3b66cfc6fb1982e29df7?s=96&d=mm&r=g","url":"https:\/\/secure.gravatar.com\/avatar\/4c81fed838786e9b53f540bf46533e750f5d292099ae3b66cfc6fb1982e29df7?s=96&d=mm&r=g","contentUrl":"https:\/\/secure.gravatar.com\/avatar\/4c81fed838786e9b53f540bf46533e750f5d292099ae3b66cfc6fb1982e29df7?s=96&d=mm&r=g","caption":"admin"},"description":"admin","url":"https:\/\/lasentinelle.dz\/author\/admin\/"}]}},"_links":{"self":[{"href":"https:\/\/lasentinelle.dz\/index.php\/wp-json\/wp\/v2\/posts\/65833","targetHints":{"allow":["GET"]}}],"collection":[{"href":"https:\/\/lasentinelle.dz\/index.php\/wp-json\/wp\/v2\/posts"}],"about":[{"href":"https:\/\/lasentinelle.dz\/index.php\/wp-json\/wp\/v2\/types\/post"}],"author":[{"embeddable":true,"href":"https:\/\/lasentinelle.dz\/index.php\/wp-json\/wp\/v2\/users\/6"}],"replies":[{"embeddable":true,"href":"https:\/\/lasentinelle.dz\/index.php\/wp-json\/wp\/v2\/comments?post=65833"}],"version-history":[{"count":2,"href":"https:\/\/lasentinelle.dz\/index.php\/wp-json\/wp\/v2\/posts\/65833\/revisions"}],"predecessor-version":[{"id":65835,"href":"https:\/\/lasentinelle.dz\/index.php\/wp-json\/wp\/v2\/posts\/65833\/revisions\/65835"}],"wp:featuredmedia":[{"embeddable":true,"href":"https:\/\/lasentinelle.dz\/index.php\/wp-json\/wp\/v2\/media\/53625"}],"wp:attachment":[{"href":"https:\/\/lasentinelle.dz\/index.php\/wp-json\/wp\/v2\/media?parent=65833"}],"wp:term":[{"taxonomy":"category","embeddable":true,"href":"https:\/\/lasentinelle.dz\/index.php\/wp-json\/wp\/v2\/categories?post=65833"},{"taxonomy":"post_tag","embeddable":true,"href":"https:\/\/lasentinelle.dz\/index.php\/wp-json\/wp\/v2\/tags?post=65833"}],"curies":[{"name":"wp","href":"https:\/\/api.w.org\/{rel}","templated":true}]}}