{"id":65929,"date":"2025-04-19T14:10:27","date_gmt":"2025-04-19T13:10:27","guid":{"rendered":"https:\/\/lasentinelle.dz\/?p=65929"},"modified":"2025-04-19T14:10:28","modified_gmt":"2025-04-19T13:10:28","slug":"sante-saihi-insiste-sur-lamelioration-des-services-durgences","status":"publish","type":"post","link":"https:\/\/lasentinelle.dz\/index.php\/2025\/04\/19\/sante-saihi-insiste-sur-lamelioration-des-services-durgences\/","title":{"rendered":"Sant\u00e9: Sa\u00efhi insiste sur l&rsquo;am\u00e9lioration des services d&rsquo;urgences"},"content":{"rendered":"\n<p>Le ministre de la Sant\u00e9, Abdelhak Saihi, a pr\u00e9sid\u00e9 jeudi une r\u00e9union d&rsquo;\u00e9valuation avec les cadres de l&rsquo;administration centrale consacr\u00e9e aux performances des services d&rsquo;urgences m\u00e9dicales dans le cadre du Plan d&rsquo;action pour le malade (PAM). Cette rencontre, qui s&rsquo;inscrit dans le processus continu d&rsquo;\u00e9valuation et d&rsquo;orientation visant l&rsquo;am\u00e9lioration du secteur de la sant\u00e9, a permis d&rsquo;examiner les mesures n\u00e9cessaires au d\u00e9veloppement de ces services essentiels, comme l&rsquo;a indiqu\u00e9 vendredi un communiqu\u00e9 du minist\u00e8re. Lors de cette s\u00e9ance de travail, le ministre a soulign\u00e9 avec force que \u00ab\u00a0le d\u00e9veloppement des services des urgences n&rsquo;est pas seulement un objectif, mais un d\u00e9fi \u00e0 relever et \u00e0 r\u00e9aliser\u00a0\u00bb, soulignant que ces services repr\u00e9sentent \u00ab\u00a0la vitrine des h\u00f4pitaux refl\u00e9tant la qualit\u00e9 des prestations de sant\u00e9 fournies aux citoyens\u00a0\u00bb. M. Saihi a r\u00e9affirm\u00e9 que le renforcement des services d&rsquo;urgences constituait \u00ab\u00a0une priorit\u00e9 absolue dans le cadre de la strat\u00e9gie de r\u00e9forme du syst\u00e8me de sant\u00e9\u00a0\u00bb. Dans cette optique, il a appel\u00e9 \u00e0 \u00ab\u00a0l&rsquo;\u00e9laboration d&rsquo;un arr\u00eat\u00e9 minist\u00e9riel qui d\u00e9finit les m\u00e9canismes d&rsquo;action et la r\u00e9partition des t\u00e2ches et missions au niveau des services d&rsquo;urgences\u00a0\u00bb. Le ministre a \u00e9galement relev\u00e9 la n\u00e9cessit\u00e9 de \u00ab\u00a0mettre en place un plan d&rsquo;action d&rsquo;urgence en vue de structurer et de d\u00e9velopper ces services\u00a0\u00bb, avec \u00ab\u00a0des volets \u00e0 int\u00e9grer selon des priorit\u00e9s claires et d\u00e9finies, englobant les ressources humaines, les \u00e9quipements m\u00e9dicaux et les m\u00e9dicaments\u00a0\u00bb. Un accent particulier a \u00e9t\u00e9 mis sur l&rsquo;importance de la formation, que M. Saihi a qualifi\u00e9e de \u00ab\u00a0pierre angulaire de la r\u00e9forme du syst\u00e8me de sant\u00e9 et levier essentiel pour am\u00e9liorer sa performance\u00a0\u00bb. Il a soulign\u00e9 avec conviction que \u00ab\u00a0le progr\u00e8s ne peut \u00eatre r\u00e9alis\u00e9 sans un v\u00e9ritable investissement dans le capital humain\u00a0\u00bb, ajoutant que \u00ab\u00a0la formation ne peut \u00eatre consid\u00e9r\u00e9e comme une simple d\u00e9marche ponctuelle, mais en tant que processus continu accompagnant l&rsquo;ensemble des personnels des diff\u00e9rentes structures de sant\u00e9, notamment des services d&rsquo;urgences\u00a0\u00bb. En conclusion de cette r\u00e9union, le ministre a exhort\u00e9 les cadres de l&rsquo;administration centrale et l&rsquo;ensemble des acteurs du secteur \u00e0 \u00ab\u00a0contribuer activement\u00a0\u00bb \u00e0 la r\u00e9ussite de cette d\u00e9marche de r\u00e9forme, \u00e0 travers \u00ab\u00a0une participation s\u00e9rieuse \u00e0 la mise en \u0153uvre des sept axes du PAM, au profit du malade et en r\u00e9ponse aux attentes des citoyens\u00a0\u00bb. Cette initiative s&rsquo;inscrit dans la continuit\u00e9 des efforts d\u00e9ploy\u00e9s par le minist\u00e8re de la Sant\u00e9 pour optimiser la qualit\u00e9 des soins et garantir une prise en charge efficace des patients au niveau des services d&rsquo;urgences \u00e0 travers tout le territoire national.<\/p>\n\n\n\n<p><strong>Lyna Larbi<\/strong><\/p>\n","protected":false},"excerpt":{"rendered":"<p>Le ministre de la Sant\u00e9, Abdelhak Saihi, a pr\u00e9sid\u00e9 jeudi une r\u00e9union d&rsquo;\u00e9valuation avec les cadres de l&rsquo;administration centrale consacr\u00e9e<\/p>\n","protected":false},"author":6,"featured_media":35776,"comment_status":"open","ping_status":"closed","sticky":false,"template":"","format":"standard","meta":{"colormag_page_container_layout":"default_layout","colormag_page_sidebar_layout":"default_layout","om_disable_all_campaigns":false,"_monsterinsights_skip_tracking":false,"_monsterinsights_sitenote_active":false,"_monsterinsights_sitenote_note":"","_monsterinsights_sitenote_category":0,"footnotes":"","_wpscppro_dont_share_socialmedia":false,"_wpscppro_custom_social_share_image":0,"_facebook_share_type":"default","_twitter_share_type":"default","_linkedin_share_type":"default","_pinterest_share_type":"default","_linkedin_share_type_page":"","_instagram_share_type":"default","_medium_share_type":"default","_threads_share_type":"","_google_business_share_type":"","_selected_social_profile":[],"_wpsp_enable_custom_social_template":false,"_wpsp_social_scheduling":{"enabled":false,"datetime":null,"platforms":[],"status":"template_only","dateOption":"today","timeOption":"now","customDays":"","customHours":"","customDate":"","customTime":"","schedulingType":"absolute"},"_wpsp_active_default_template":true},"categories":[27],"tags":[],"class_list":["post-65929","post","type-post","status-publish","format-standard","has-post-thumbnail","hentry","category-actualite"],"aioseo_notices":[],"yoast_head":"<!-- This site is optimized with the Yoast SEO plugin v27.5 - https:\/\/yoast.com\/product\/yoast-seo-wordpress\/ -->\n<title>Sant\u00e9: Sa\u00efhi insiste sur l&rsquo;am\u00e9lioration des services d&rsquo;urgences - La Sentinelle<\/title>\n<meta name=\"robots\" content=\"index, follow, max-snippet:-1, max-image-preview:large, max-video-preview:-1\" \/>\n<link rel=\"canonical\" href=\"https:\/\/lasentinelle.dz\/index.php\/2025\/04\/19\/sante-saihi-insiste-sur-lamelioration-des-services-durgences\/\" \/>\n<meta property=\"og:locale\" content=\"fr_FR\" \/>\n<meta property=\"og:type\" content=\"article\" \/>\n<meta property=\"og:title\" content=\"Sant\u00e9: Sa\u00efhi insiste sur l&rsquo;am\u00e9lioration des services d&rsquo;urgences - La Sentinelle\" \/>\n<meta property=\"og:description\" content=\"Le ministre de la Sant\u00e9, Abdelhak Saihi, a pr\u00e9sid\u00e9 jeudi une r\u00e9union d&rsquo;\u00e9valuation avec les cadres de l&rsquo;administration centrale consacr\u00e9e\" \/>\n<meta property=\"og:url\" content=\"https:\/\/lasentinelle.dz\/index.php\/2025\/04\/19\/sante-saihi-insiste-sur-lamelioration-des-services-durgences\/\" \/>\n<meta property=\"og:site_name\" content=\"La Sentinelle\" \/>\n<meta property=\"article:publisher\" content=\"https:\/\/www.facebook.com\/La-Sentinelle-104059864394773\" \/>\n<meta property=\"article:published_time\" content=\"2025-04-19T13:10:27+00:00\" \/>\n<meta property=\"article:modified_time\" content=\"2025-04-19T13:10:28+00:00\" \/>\n<meta property=\"og:image\" content=\"https:\/\/lasentinelle.dz\/wp-content\/uploads\/2023\/02\/saihi.png\" \/>\n\t<meta property=\"og:image:width\" content=\"1351\" \/>\n\t<meta property=\"og:image:height\" content=\"900\" \/>\n\t<meta property=\"og:image:type\" content=\"image\/png\" \/>\n<meta name=\"author\" content=\"admin\" \/>\n<meta name=\"twitter:card\" content=\"summary_large_image\" \/>\n<meta name=\"twitter:label1\" content=\"\u00c9crit par\" \/>\n\t<meta name=\"twitter:data1\" content=\"admin\" \/>\n\t<meta name=\"twitter:label2\" content=\"Dur\u00e9e de lecture estim\u00e9e\" \/>\n\t<meta name=\"twitter:data2\" content=\"3 minutes\" \/>\n<script type=\"application\/ld+json\" class=\"yoast-schema-graph\">{\"@context\":\"https:\\\/\\\/schema.org\",\"@graph\":[{\"@type\":\"Article\",\"@id\":\"https:\\\/\\\/lasentinelle.dz\\\/index.php\\\/2025\\\/04\\\/19\\\/sante-saihi-insiste-sur-lamelioration-des-services-durgences\\\/#article\",\"isPartOf\":{\"@id\":\"https:\\\/\\\/lasentinelle.dz\\\/index.php\\\/2025\\\/04\\\/19\\\/sante-saihi-insiste-sur-lamelioration-des-services-durgences\\\/\"},\"author\":{\"name\":\"admin\",\"@id\":\"https:\\\/\\\/lasentinelle.dz\\\/#\\\/schema\\\/person\\\/729ee0024f24e0b8c5ec17232f8e8b41\"},\"headline\":\"Sant\u00e9: Sa\u00efhi insiste sur l&rsquo;am\u00e9lioration des services d&rsquo;urgences\",\"datePublished\":\"2025-04-19T13:10:27+00:00\",\"dateModified\":\"2025-04-19T13:10:28+00:00\",\"mainEntityOfPage\":{\"@id\":\"https:\\\/\\\/lasentinelle.dz\\\/index.php\\\/2025\\\/04\\\/19\\\/sante-saihi-insiste-sur-lamelioration-des-services-durgences\\\/\"},\"wordCount\":491,\"commentCount\":0,\"publisher\":{\"@id\":\"https:\\\/\\\/lasentinelle.dz\\\/#organization\"},\"image\":{\"@id\":\"https:\\\/\\\/lasentinelle.dz\\\/index.php\\\/2025\\\/04\\\/19\\\/sante-saihi-insiste-sur-lamelioration-des-services-durgences\\\/#primaryimage\"},\"thumbnailUrl\":\"https:\\\/\\\/lasentinelle.dz\\\/wp-content\\\/uploads\\\/2023\\\/02\\\/saihi.png\",\"articleSection\":[\"Actualit\u00e9\"],\"inLanguage\":\"fr-FR\",\"potentialAction\":[{\"@type\":\"CommentAction\",\"name\":\"Comment\",\"target\":[\"https:\\\/\\\/lasentinelle.dz\\\/index.php\\\/2025\\\/04\\\/19\\\/sante-saihi-insiste-sur-lamelioration-des-services-durgences\\\/#respond\"]}]},{\"@type\":\"WebPage\",\"@id\":\"https:\\\/\\\/lasentinelle.dz\\\/index.php\\\/2025\\\/04\\\/19\\\/sante-saihi-insiste-sur-lamelioration-des-services-durgences\\\/\",\"url\":\"https:\\\/\\\/lasentinelle.dz\\\/index.php\\\/2025\\\/04\\\/19\\\/sante-saihi-insiste-sur-lamelioration-des-services-durgences\\\/\",\"name\":\"Sant\u00e9: Sa\u00efhi insiste sur l&rsquo;am\u00e9lioration des services d&rsquo;urgences - La Sentinelle\",\"isPartOf\":{\"@id\":\"https:\\\/\\\/lasentinelle.dz\\\/#website\"},\"primaryImageOfPage\":{\"@id\":\"https:\\\/\\\/lasentinelle.dz\\\/index.php\\\/2025\\\/04\\\/19\\\/sante-saihi-insiste-sur-lamelioration-des-services-durgences\\\/#primaryimage\"},\"image\":{\"@id\":\"https:\\\/\\\/lasentinelle.dz\\\/index.php\\\/2025\\\/04\\\/19\\\/sante-saihi-insiste-sur-lamelioration-des-services-durgences\\\/#primaryimage\"},\"thumbnailUrl\":\"https:\\\/\\\/lasentinelle.dz\\\/wp-content\\\/uploads\\\/2023\\\/02\\\/saihi.png\",\"datePublished\":\"2025-04-19T13:10:27+00:00\",\"dateModified\":\"2025-04-19T13:10:28+00:00\",\"breadcrumb\":{\"@id\":\"https:\\\/\\\/lasentinelle.dz\\\/index.php\\\/2025\\\/04\\\/19\\\/sante-saihi-insiste-sur-lamelioration-des-services-durgences\\\/#breadcrumb\"},\"inLanguage\":\"fr-FR\",\"potentialAction\":[{\"@type\":\"ReadAction\",\"target\":[\"https:\\\/\\\/lasentinelle.dz\\\/index.php\\\/2025\\\/04\\\/19\\\/sante-saihi-insiste-sur-lamelioration-des-services-durgences\\\/\"]}]},{\"@type\":\"ImageObject\",\"inLanguage\":\"fr-FR\",\"@id\":\"https:\\\/\\\/lasentinelle.dz\\\/index.php\\\/2025\\\/04\\\/19\\\/sante-saihi-insiste-sur-lamelioration-des-services-durgences\\\/#primaryimage\",\"url\":\"https:\\\/\\\/lasentinelle.dz\\\/wp-content\\\/uploads\\\/2023\\\/02\\\/saihi.png\",\"contentUrl\":\"https:\\\/\\\/lasentinelle.dz\\\/wp-content\\\/uploads\\\/2023\\\/02\\\/saihi.png\",\"width\":1351,\"height\":900},{\"@type\":\"BreadcrumbList\",\"@id\":\"https:\\\/\\\/lasentinelle.dz\\\/index.php\\\/2025\\\/04\\\/19\\\/sante-saihi-insiste-sur-lamelioration-des-services-durgences\\\/#breadcrumb\",\"itemListElement\":[{\"@type\":\"ListItem\",\"position\":1,\"name\":\"Accueil\",\"item\":\"https:\\\/\\\/lasentinelle.dz\\\/\"},{\"@type\":\"ListItem\",\"position\":2,\"name\":\"Sant\u00e9: Sa\u00efhi insiste sur l&rsquo;am\u00e9lioration des services d&rsquo;urgences\"}]},{\"@type\":\"WebSite\",\"@id\":\"https:\\\/\\\/lasentinelle.dz\\\/#website\",\"url\":\"https:\\\/\\\/lasentinelle.dz\\\/\",\"name\":\"La Sentinelle\",\"description\":\"Quotidien national d&#039;information\",\"publisher\":{\"@id\":\"https:\\\/\\\/lasentinelle.dz\\\/#organization\"},\"potentialAction\":[{\"@type\":\"SearchAction\",\"target\":{\"@type\":\"EntryPoint\",\"urlTemplate\":\"https:\\\/\\\/lasentinelle.dz\\\/?s={search_term_string}\"},\"query-input\":{\"@type\":\"PropertyValueSpecification\",\"valueRequired\":true,\"valueName\":\"search_term_string\"}}],\"inLanguage\":\"fr-FR\"},{\"@type\":\"Organization\",\"@id\":\"https:\\\/\\\/lasentinelle.dz\\\/#organization\",\"name\":\"Quotidien La Sentinelle\",\"url\":\"https:\\\/\\\/lasentinelle.dz\\\/\",\"logo\":{\"@type\":\"ImageObject\",\"inLanguage\":\"fr-FR\",\"@id\":\"https:\\\/\\\/lasentinelle.dz\\\/#\\\/schema\\\/logo\\\/image\\\/\",\"url\":\"https:\\\/\\\/lasentinelle.dz\\\/wp-content\\\/uploads\\\/2021\\\/09\\\/logo-sentinelleSLOGAN-1.png\",\"contentUrl\":\"https:\\\/\\\/lasentinelle.dz\\\/wp-content\\\/uploads\\\/2021\\\/09\\\/logo-sentinelleSLOGAN-1.png\",\"width\":615,\"height\":142,\"caption\":\"Quotidien La Sentinelle\"},\"image\":{\"@id\":\"https:\\\/\\\/lasentinelle.dz\\\/#\\\/schema\\\/logo\\\/image\\\/\"},\"sameAs\":[\"https:\\\/\\\/www.facebook.com\\\/La-Sentinelle-104059864394773\"]},{\"@type\":\"Person\",\"@id\":\"https:\\\/\\\/lasentinelle.dz\\\/#\\\/schema\\\/person\\\/729ee0024f24e0b8c5ec17232f8e8b41\",\"name\":\"admin\",\"image\":{\"@type\":\"ImageObject\",\"inLanguage\":\"fr-FR\",\"@id\":\"https:\\\/\\\/secure.gravatar.com\\\/avatar\\\/4c81fed838786e9b53f540bf46533e750f5d292099ae3b66cfc6fb1982e29df7?s=96&d=mm&r=g\",\"url\":\"https:\\\/\\\/secure.gravatar.com\\\/avatar\\\/4c81fed838786e9b53f540bf46533e750f5d292099ae3b66cfc6fb1982e29df7?s=96&d=mm&r=g\",\"contentUrl\":\"https:\\\/\\\/secure.gravatar.com\\\/avatar\\\/4c81fed838786e9b53f540bf46533e750f5d292099ae3b66cfc6fb1982e29df7?s=96&d=mm&r=g\",\"caption\":\"admin\"},\"description\":\"admin\",\"url\":\"https:\\\/\\\/lasentinelle.dz\\\/author\\\/admin\\\/\"}]}<\/script>\n<!-- \/ Yoast SEO plugin. -->","yoast_head_json":{"title":"Sant\u00e9: Sa\u00efhi insiste sur l&rsquo;am\u00e9lioration des services d&rsquo;urgences - La Sentinelle","robots":{"index":"index","follow":"follow","max-snippet":"max-snippet:-1","max-image-preview":"max-image-preview:large","max-video-preview":"max-video-preview:-1"},"canonical":"https:\/\/lasentinelle.dz\/index.php\/2025\/04\/19\/sante-saihi-insiste-sur-lamelioration-des-services-durgences\/","og_locale":"fr_FR","og_type":"article","og_title":"Sant\u00e9: Sa\u00efhi insiste sur l&rsquo;am\u00e9lioration des services d&rsquo;urgences - La Sentinelle","og_description":"Le ministre de la Sant\u00e9, Abdelhak Saihi, a pr\u00e9sid\u00e9 jeudi une r\u00e9union d&rsquo;\u00e9valuation avec les cadres de l&rsquo;administration centrale consacr\u00e9e","og_url":"https:\/\/lasentinelle.dz\/index.php\/2025\/04\/19\/sante-saihi-insiste-sur-lamelioration-des-services-durgences\/","og_site_name":"La Sentinelle","article_publisher":"https:\/\/www.facebook.com\/La-Sentinelle-104059864394773","article_published_time":"2025-04-19T13:10:27+00:00","article_modified_time":"2025-04-19T13:10:28+00:00","og_image":[{"width":1351,"height":900,"url":"https:\/\/lasentinelle.dz\/wp-content\/uploads\/2023\/02\/saihi.png","type":"image\/png"}],"author":"admin","twitter_card":"summary_large_image","twitter_misc":{"\u00c9crit par":"admin","Dur\u00e9e de lecture estim\u00e9e":"3 minutes"},"schema":{"@context":"https:\/\/schema.org","@graph":[{"@type":"Article","@id":"https:\/\/lasentinelle.dz\/index.php\/2025\/04\/19\/sante-saihi-insiste-sur-lamelioration-des-services-durgences\/#article","isPartOf":{"@id":"https:\/\/lasentinelle.dz\/index.php\/2025\/04\/19\/sante-saihi-insiste-sur-lamelioration-des-services-durgences\/"},"author":{"name":"admin","@id":"https:\/\/lasentinelle.dz\/#\/schema\/person\/729ee0024f24e0b8c5ec17232f8e8b41"},"headline":"Sant\u00e9: Sa\u00efhi insiste sur l&rsquo;am\u00e9lioration des services d&rsquo;urgences","datePublished":"2025-04-19T13:10:27+00:00","dateModified":"2025-04-19T13:10:28+00:00","mainEntityOfPage":{"@id":"https:\/\/lasentinelle.dz\/index.php\/2025\/04\/19\/sante-saihi-insiste-sur-lamelioration-des-services-durgences\/"},"wordCount":491,"commentCount":0,"publisher":{"@id":"https:\/\/lasentinelle.dz\/#organization"},"image":{"@id":"https:\/\/lasentinelle.dz\/index.php\/2025\/04\/19\/sante-saihi-insiste-sur-lamelioration-des-services-durgences\/#primaryimage"},"thumbnailUrl":"https:\/\/lasentinelle.dz\/wp-content\/uploads\/2023\/02\/saihi.png","articleSection":["Actualit\u00e9"],"inLanguage":"fr-FR","potentialAction":[{"@type":"CommentAction","name":"Comment","target":["https:\/\/lasentinelle.dz\/index.php\/2025\/04\/19\/sante-saihi-insiste-sur-lamelioration-des-services-durgences\/#respond"]}]},{"@type":"WebPage","@id":"https:\/\/lasentinelle.dz\/index.php\/2025\/04\/19\/sante-saihi-insiste-sur-lamelioration-des-services-durgences\/","url":"https:\/\/lasentinelle.dz\/index.php\/2025\/04\/19\/sante-saihi-insiste-sur-lamelioration-des-services-durgences\/","name":"Sant\u00e9: Sa\u00efhi insiste sur l&rsquo;am\u00e9lioration des services d&rsquo;urgences - La Sentinelle","isPartOf":{"@id":"https:\/\/lasentinelle.dz\/#website"},"primaryImageOfPage":{"@id":"https:\/\/lasentinelle.dz\/index.php\/2025\/04\/19\/sante-saihi-insiste-sur-lamelioration-des-services-durgences\/#primaryimage"},"image":{"@id":"https:\/\/lasentinelle.dz\/index.php\/2025\/04\/19\/sante-saihi-insiste-sur-lamelioration-des-services-durgences\/#primaryimage"},"thumbnailUrl":"https:\/\/lasentinelle.dz\/wp-content\/uploads\/2023\/02\/saihi.png","datePublished":"2025-04-19T13:10:27+00:00","dateModified":"2025-04-19T13:10:28+00:00","breadcrumb":{"@id":"https:\/\/lasentinelle.dz\/index.php\/2025\/04\/19\/sante-saihi-insiste-sur-lamelioration-des-services-durgences\/#breadcrumb"},"inLanguage":"fr-FR","potentialAction":[{"@type":"ReadAction","target":["https:\/\/lasentinelle.dz\/index.php\/2025\/04\/19\/sante-saihi-insiste-sur-lamelioration-des-services-durgences\/"]}]},{"@type":"ImageObject","inLanguage":"fr-FR","@id":"https:\/\/lasentinelle.dz\/index.php\/2025\/04\/19\/sante-saihi-insiste-sur-lamelioration-des-services-durgences\/#primaryimage","url":"https:\/\/lasentinelle.dz\/wp-content\/uploads\/2023\/02\/saihi.png","contentUrl":"https:\/\/lasentinelle.dz\/wp-content\/uploads\/2023\/02\/saihi.png","width":1351,"height":900},{"@type":"BreadcrumbList","@id":"https:\/\/lasentinelle.dz\/index.php\/2025\/04\/19\/sante-saihi-insiste-sur-lamelioration-des-services-durgences\/#breadcrumb","itemListElement":[{"@type":"ListItem","position":1,"name":"Accueil","item":"https:\/\/lasentinelle.dz\/"},{"@type":"ListItem","position":2,"name":"Sant\u00e9: Sa\u00efhi insiste sur l&rsquo;am\u00e9lioration des services d&rsquo;urgences"}]},{"@type":"WebSite","@id":"https:\/\/lasentinelle.dz\/#website","url":"https:\/\/lasentinelle.dz\/","name":"La Sentinelle","description":"Quotidien national d&#039;information","publisher":{"@id":"https:\/\/lasentinelle.dz\/#organization"},"potentialAction":[{"@type":"SearchAction","target":{"@type":"EntryPoint","urlTemplate":"https:\/\/lasentinelle.dz\/?s={search_term_string}"},"query-input":{"@type":"PropertyValueSpecification","valueRequired":true,"valueName":"search_term_string"}}],"inLanguage":"fr-FR"},{"@type":"Organization","@id":"https:\/\/lasentinelle.dz\/#organization","name":"Quotidien La Sentinelle","url":"https:\/\/lasentinelle.dz\/","logo":{"@type":"ImageObject","inLanguage":"fr-FR","@id":"https:\/\/lasentinelle.dz\/#\/schema\/logo\/image\/","url":"https:\/\/lasentinelle.dz\/wp-content\/uploads\/2021\/09\/logo-sentinelleSLOGAN-1.png","contentUrl":"https:\/\/lasentinelle.dz\/wp-content\/uploads\/2021\/09\/logo-sentinelleSLOGAN-1.png","width":615,"height":142,"caption":"Quotidien La Sentinelle"},"image":{"@id":"https:\/\/lasentinelle.dz\/#\/schema\/logo\/image\/"},"sameAs":["https:\/\/www.facebook.com\/La-Sentinelle-104059864394773"]},{"@type":"Person","@id":"https:\/\/lasentinelle.dz\/#\/schema\/person\/729ee0024f24e0b8c5ec17232f8e8b41","name":"admin","image":{"@type":"ImageObject","inLanguage":"fr-FR","@id":"https:\/\/secure.gravatar.com\/avatar\/4c81fed838786e9b53f540bf46533e750f5d292099ae3b66cfc6fb1982e29df7?s=96&d=mm&r=g","url":"https:\/\/secure.gravatar.com\/avatar\/4c81fed838786e9b53f540bf46533e750f5d292099ae3b66cfc6fb1982e29df7?s=96&d=mm&r=g","contentUrl":"https:\/\/secure.gravatar.com\/avatar\/4c81fed838786e9b53f540bf46533e750f5d292099ae3b66cfc6fb1982e29df7?s=96&d=mm&r=g","caption":"admin"},"description":"admin","url":"https:\/\/lasentinelle.dz\/author\/admin\/"}]}},"_links":{"self":[{"href":"https:\/\/lasentinelle.dz\/index.php\/wp-json\/wp\/v2\/posts\/65929","targetHints":{"allow":["GET"]}}],"collection":[{"href":"https:\/\/lasentinelle.dz\/index.php\/wp-json\/wp\/v2\/posts"}],"about":[{"href":"https:\/\/lasentinelle.dz\/index.php\/wp-json\/wp\/v2\/types\/post"}],"author":[{"embeddable":true,"href":"https:\/\/lasentinelle.dz\/index.php\/wp-json\/wp\/v2\/users\/6"}],"replies":[{"embeddable":true,"href":"https:\/\/lasentinelle.dz\/index.php\/wp-json\/wp\/v2\/comments?post=65929"}],"version-history":[{"count":2,"href":"https:\/\/lasentinelle.dz\/index.php\/wp-json\/wp\/v2\/posts\/65929\/revisions"}],"predecessor-version":[{"id":65931,"href":"https:\/\/lasentinelle.dz\/index.php\/wp-json\/wp\/v2\/posts\/65929\/revisions\/65931"}],"wp:featuredmedia":[{"embeddable":true,"href":"https:\/\/lasentinelle.dz\/index.php\/wp-json\/wp\/v2\/media\/35776"}],"wp:attachment":[{"href":"https:\/\/lasentinelle.dz\/index.php\/wp-json\/wp\/v2\/media?parent=65929"}],"wp:term":[{"taxonomy":"category","embeddable":true,"href":"https:\/\/lasentinelle.dz\/index.php\/wp-json\/wp\/v2\/categories?post=65929"},{"taxonomy":"post_tag","embeddable":true,"href":"https:\/\/lasentinelle.dz\/index.php\/wp-json\/wp\/v2\/tags?post=65929"}],"curies":[{"name":"wp","href":"https:\/\/api.w.org\/{rel}","templated":true}]}}