{"id":65946,"date":"2025-04-19T14:14:31","date_gmt":"2025-04-19T13:14:31","guid":{"rendered":"https:\/\/lasentinelle.dz\/?p=65946"},"modified":"2025-04-19T14:14:32","modified_gmt":"2025-04-19T13:14:32","slug":"pour-contrer-les-parties-qui-tentent-de-destabiliser-le-pays-la-classe-politique-appelle-au-dialogue-et-a-al-consolidation-du-front-interieur","status":"publish","type":"post","link":"https:\/\/lasentinelle.dz\/index.php\/2025\/04\/19\/pour-contrer-les-parties-qui-tentent-de-destabiliser-le-pays-la-classe-politique-appelle-au-dialogue-et-a-al-consolidation-du-front-interieur\/","title":{"rendered":"Pour contrer les parties qui tentent de d\u00e9stabiliser le pays : La classe politique appelle au dialogue et \u00e0 al consolidation du front int\u00e9rieur"},"content":{"rendered":"\n<p>Le week-end politique a \u00e9t\u00e9 marqu\u00e9 par des appels convergents \u00e0 l&rsquo;unit\u00e9 nationale et au dialogue face aux d\u00e9fis auxquels le pays est confront\u00e9. Lors de l&rsquo;ouverture de la Rencontre nationale des Secr\u00e9taires charg\u00e9s des questions politiques et de l&rsquo;information, le pr\u00e9sident du Mouvement de la soci\u00e9t\u00e9 pour la paix (MSP), Abdelaali Hassani Cherif, a mis l&rsquo;accent sur la n\u00e9cessit\u00e9 d&rsquo;une coordination renforc\u00e9e entre les diff\u00e9rentes forces politiques du pays. Son discours, prononc\u00e9 hier \u00e0 Alger, a insist\u00e9 sur l&rsquo;importance de \u00ab\u00a0la coordination, le dialogue et la solidarit\u00e9\u00a0\u00bb pour faire face efficacement aux d\u00e9fis que conna\u00eet l&rsquo;Alg\u00e9rie. Le leader du MSP a particuli\u00e8rement soulign\u00e9 l&rsquo;urgence d&rsquo;adopter des positions unifi\u00e9es sur les grandes questions nationales, notamment au niveau du Parlement et entre les partis politiques. Cette d\u00e9marche vise, selon lui, \u00e0 contrer \u00ab\u00a0tous les d\u00e9fis et les parties qui tentent de d\u00e9stabiliser le pays\u00a0\u00bb. M. Hassani Cherif a \u00e9galement \u00e9voqu\u00e9 l&rsquo;importance de prot\u00e9ger \u00ab\u00a0l&rsquo;opinion politique de toute forme de d\u00e9sinformation\u00a0\u00bb, rappelant que sa formation est \u00ab\u00a0un mouvement inclusif\u00a0\u00bb \u0153uvrant \u00e0 unifier les efforts des Alg\u00e9riens et \u00e0 prot\u00e9ger les int\u00e9r\u00eats nationaux. Le pr\u00e9sident du MSP a insist\u00e9 sur la n\u00e9cessit\u00e9 de \u00ab\u00a0b\u00e2tir un consensus national\u00a0\u00bb et de \u00ab\u00a0poursuivre le renforcement du front int\u00e9rieur\u00a0\u00bb, tout en saluant les principes de la diplomatie alg\u00e9rienne et l&rsquo;unit\u00e9 du peuple concernant les positions internationales du pays, notamment son soutien \u00e0 la cause palestinienne. Dans un \u00e9cho similaire, le Secr\u00e9taire g\u00e9n\u00e9ral du Mouvement Ennahda, Mohamed Douibi, s&rsquo;est exprim\u00e9 le m\u00eame jour lors de la 5e session ordinaire du Conseil consultatif de son parti. Il a \u00e9galement mis en avant l&rsquo;importance de \u00ab\u00a0consolider le front int\u00e9rieur\u00a0\u00bb et de \u00ab\u00a0renforcer le dialogue national\u00a0\u00bb face aux d\u00e9fis actuels et aux \u00ab\u00a0complots\u00a0\u00bb dont l&rsquo;Alg\u00e9rie ferait l&rsquo;objet en raison de ses positions diplomatiques sur les questions palestinienne et sahraouie, ainsi que pour ses projets strat\u00e9giques en Afrique. M. Douibi a soulign\u00e9 l&rsquo;imp\u00e9ratif de \u00ab\u00a0faire face avec fermet\u00e9 et vigilance\u00a0\u00bb \u00e0 ces menaces pour pr\u00e9server la s\u00e9curit\u00e9 et la stabilit\u00e9 nationales, tout en saluant les efforts de l&rsquo;Arm\u00e9e nationale populaire pour s\u00e9curiser les fronti\u00e8res et garantir l&rsquo;int\u00e9grit\u00e9 territoriale. Le Mouvement Ennahda a par ailleurs d\u00e9nonc\u00e9 des \u00ab\u00a0comportements graves\u00a0\u00bb des services du minist\u00e8re fran\u00e7ais de l&rsquo;Int\u00e9rieur qui porteraient atteinte aux relations alg\u00e9ro-fran\u00e7aises, approuvant la d\u00e9cision du minist\u00e8re des Affaires \u00e9trang\u00e8res de d\u00e9clarer persona non grata douze agents diplomatiques fran\u00e7ais, qualifi\u00e9e de \u00ab\u00a0r\u00e9ponse naturelle bas\u00e9e sur le principe de r\u00e9ciprocit\u00e9\u00a0\u00bb.<\/p>\n\n\n\n<p>Hocine Fadheli<\/p>\n","protected":false},"excerpt":{"rendered":"<p>Le week-end politique a \u00e9t\u00e9 marqu\u00e9 par des appels convergents \u00e0 l&rsquo;unit\u00e9 nationale et au dialogue face aux d\u00e9fis auxquels<\/p>\n","protected":false},"author":6,"featured_media":56102,"comment_status":"open","ping_status":"closed","sticky":false,"template":"","format":"standard","meta":{"colormag_page_container_layout":"default_layout","colormag_page_sidebar_layout":"default_layout","om_disable_all_campaigns":false,"_monsterinsights_skip_tracking":false,"_monsterinsights_sitenote_active":false,"_monsterinsights_sitenote_note":"","_monsterinsights_sitenote_category":0,"footnotes":"","_wpscppro_dont_share_socialmedia":false,"_wpscppro_custom_social_share_image":0,"_facebook_share_type":"default","_twitter_share_type":"default","_linkedin_share_type":"default","_pinterest_share_type":"default","_linkedin_share_type_page":"","_instagram_share_type":"default","_medium_share_type":"default","_threads_share_type":"","_google_business_share_type":"","_selected_social_profile":[],"_wpsp_enable_custom_social_template":false,"_wpsp_social_scheduling":{"enabled":false,"datetime":null,"platforms":[],"status":"template_only","dateOption":"today","timeOption":"now","customDays":"","customHours":"","customDate":"","customTime":"","schedulingType":"absolute"},"_wpsp_active_default_template":true},"categories":[28],"tags":[],"class_list":["post-65946","post","type-post","status-publish","format-standard","has-post-thumbnail","hentry","category-politique"],"aioseo_notices":[],"yoast_head":"<!-- This site is optimized with the Yoast SEO plugin v27.5 - https:\/\/yoast.com\/product\/yoast-seo-wordpress\/ -->\n<title>Pour contrer les parties qui tentent de d\u00e9stabiliser le pays : La classe politique appelle au dialogue et \u00e0 al consolidation du front int\u00e9rieur - La Sentinelle<\/title>\n<meta name=\"robots\" content=\"index, follow, max-snippet:-1, max-image-preview:large, max-video-preview:-1\" \/>\n<link rel=\"canonical\" href=\"https:\/\/lasentinelle.dz\/index.php\/2025\/04\/19\/pour-contrer-les-parties-qui-tentent-de-destabiliser-le-pays-la-classe-politique-appelle-au-dialogue-et-a-al-consolidation-du-front-interieur\/\" \/>\n<meta property=\"og:locale\" content=\"fr_FR\" \/>\n<meta property=\"og:type\" content=\"article\" \/>\n<meta property=\"og:title\" content=\"Pour contrer les parties qui tentent de d\u00e9stabiliser le pays : La classe politique appelle au dialogue et \u00e0 al consolidation du front int\u00e9rieur - La Sentinelle\" \/>\n<meta property=\"og:description\" content=\"Le week-end politique a \u00e9t\u00e9 marqu\u00e9 par des appels convergents \u00e0 l&rsquo;unit\u00e9 nationale et au dialogue face aux d\u00e9fis auxquels\" \/>\n<meta property=\"og:url\" content=\"https:\/\/lasentinelle.dz\/index.php\/2025\/04\/19\/pour-contrer-les-parties-qui-tentent-de-destabiliser-le-pays-la-classe-politique-appelle-au-dialogue-et-a-al-consolidation-du-front-interieur\/\" \/>\n<meta property=\"og:site_name\" content=\"La Sentinelle\" \/>\n<meta property=\"article:publisher\" content=\"https:\/\/www.facebook.com\/La-Sentinelle-104059864394773\" \/>\n<meta property=\"article:published_time\" content=\"2025-04-19T13:14:31+00:00\" \/>\n<meta property=\"article:modified_time\" content=\"2025-04-19T13:14:32+00:00\" \/>\n<meta property=\"og:image\" content=\"https:\/\/lasentinelle.dz\/wp-content\/uploads\/2024\/08\/Hassani-3.jpg\" \/>\n\t<meta property=\"og:image:width\" content=\"960\" \/>\n\t<meta property=\"og:image:height\" content=\"640\" \/>\n\t<meta property=\"og:image:type\" content=\"image\/jpeg\" \/>\n<meta name=\"author\" content=\"admin\" \/>\n<meta name=\"twitter:card\" content=\"summary_large_image\" \/>\n<meta name=\"twitter:label1\" content=\"\u00c9crit par\" \/>\n\t<meta name=\"twitter:data1\" content=\"admin\" \/>\n\t<meta name=\"twitter:label2\" content=\"Dur\u00e9e de lecture estim\u00e9e\" \/>\n\t<meta name=\"twitter:data2\" content=\"3 minutes\" \/>\n<script type=\"application\/ld+json\" class=\"yoast-schema-graph\">{\"@context\":\"https:\\\/\\\/schema.org\",\"@graph\":[{\"@type\":\"Article\",\"@id\":\"https:\\\/\\\/lasentinelle.dz\\\/index.php\\\/2025\\\/04\\\/19\\\/pour-contrer-les-parties-qui-tentent-de-destabiliser-le-pays-la-classe-politique-appelle-au-dialogue-et-a-al-consolidation-du-front-interieur\\\/#article\",\"isPartOf\":{\"@id\":\"https:\\\/\\\/lasentinelle.dz\\\/index.php\\\/2025\\\/04\\\/19\\\/pour-contrer-les-parties-qui-tentent-de-destabiliser-le-pays-la-classe-politique-appelle-au-dialogue-et-a-al-consolidation-du-front-interieur\\\/\"},\"author\":{\"name\":\"admin\",\"@id\":\"https:\\\/\\\/lasentinelle.dz\\\/#\\\/schema\\\/person\\\/729ee0024f24e0b8c5ec17232f8e8b41\"},\"headline\":\"Pour contrer les parties qui tentent de d\u00e9stabiliser le pays : La classe politique appelle au dialogue et \u00e0 al consolidation du front int\u00e9rieur\",\"datePublished\":\"2025-04-19T13:14:31+00:00\",\"dateModified\":\"2025-04-19T13:14:32+00:00\",\"mainEntityOfPage\":{\"@id\":\"https:\\\/\\\/lasentinelle.dz\\\/index.php\\\/2025\\\/04\\\/19\\\/pour-contrer-les-parties-qui-tentent-de-destabiliser-le-pays-la-classe-politique-appelle-au-dialogue-et-a-al-consolidation-du-front-interieur\\\/\"},\"wordCount\":492,\"commentCount\":0,\"publisher\":{\"@id\":\"https:\\\/\\\/lasentinelle.dz\\\/#organization\"},\"image\":{\"@id\":\"https:\\\/\\\/lasentinelle.dz\\\/index.php\\\/2025\\\/04\\\/19\\\/pour-contrer-les-parties-qui-tentent-de-destabiliser-le-pays-la-classe-politique-appelle-au-dialogue-et-a-al-consolidation-du-front-interieur\\\/#primaryimage\"},\"thumbnailUrl\":\"https:\\\/\\\/lasentinelle.dz\\\/wp-content\\\/uploads\\\/2024\\\/08\\\/Hassani-3.jpg\",\"articleSection\":[\"Politique\"],\"inLanguage\":\"fr-FR\",\"potentialAction\":[{\"@type\":\"CommentAction\",\"name\":\"Comment\",\"target\":[\"https:\\\/\\\/lasentinelle.dz\\\/index.php\\\/2025\\\/04\\\/19\\\/pour-contrer-les-parties-qui-tentent-de-destabiliser-le-pays-la-classe-politique-appelle-au-dialogue-et-a-al-consolidation-du-front-interieur\\\/#respond\"]}]},{\"@type\":\"WebPage\",\"@id\":\"https:\\\/\\\/lasentinelle.dz\\\/index.php\\\/2025\\\/04\\\/19\\\/pour-contrer-les-parties-qui-tentent-de-destabiliser-le-pays-la-classe-politique-appelle-au-dialogue-et-a-al-consolidation-du-front-interieur\\\/\",\"url\":\"https:\\\/\\\/lasentinelle.dz\\\/index.php\\\/2025\\\/04\\\/19\\\/pour-contrer-les-parties-qui-tentent-de-destabiliser-le-pays-la-classe-politique-appelle-au-dialogue-et-a-al-consolidation-du-front-interieur\\\/\",\"name\":\"Pour contrer les parties qui tentent de d\u00e9stabiliser le pays : La classe politique appelle au dialogue et \u00e0 al consolidation du front int\u00e9rieur - La Sentinelle\",\"isPartOf\":{\"@id\":\"https:\\\/\\\/lasentinelle.dz\\\/#website\"},\"primaryImageOfPage\":{\"@id\":\"https:\\\/\\\/lasentinelle.dz\\\/index.php\\\/2025\\\/04\\\/19\\\/pour-contrer-les-parties-qui-tentent-de-destabiliser-le-pays-la-classe-politique-appelle-au-dialogue-et-a-al-consolidation-du-front-interieur\\\/#primaryimage\"},\"image\":{\"@id\":\"https:\\\/\\\/lasentinelle.dz\\\/index.php\\\/2025\\\/04\\\/19\\\/pour-contrer-les-parties-qui-tentent-de-destabiliser-le-pays-la-classe-politique-appelle-au-dialogue-et-a-al-consolidation-du-front-interieur\\\/#primaryimage\"},\"thumbnailUrl\":\"https:\\\/\\\/lasentinelle.dz\\\/wp-content\\\/uploads\\\/2024\\\/08\\\/Hassani-3.jpg\",\"datePublished\":\"2025-04-19T13:14:31+00:00\",\"dateModified\":\"2025-04-19T13:14:32+00:00\",\"breadcrumb\":{\"@id\":\"https:\\\/\\\/lasentinelle.dz\\\/index.php\\\/2025\\\/04\\\/19\\\/pour-contrer-les-parties-qui-tentent-de-destabiliser-le-pays-la-classe-politique-appelle-au-dialogue-et-a-al-consolidation-du-front-interieur\\\/#breadcrumb\"},\"inLanguage\":\"fr-FR\",\"potentialAction\":[{\"@type\":\"ReadAction\",\"target\":[\"https:\\\/\\\/lasentinelle.dz\\\/index.php\\\/2025\\\/04\\\/19\\\/pour-contrer-les-parties-qui-tentent-de-destabiliser-le-pays-la-classe-politique-appelle-au-dialogue-et-a-al-consolidation-du-front-interieur\\\/\"]}]},{\"@type\":\"ImageObject\",\"inLanguage\":\"fr-FR\",\"@id\":\"https:\\\/\\\/lasentinelle.dz\\\/index.php\\\/2025\\\/04\\\/19\\\/pour-contrer-les-parties-qui-tentent-de-destabiliser-le-pays-la-classe-politique-appelle-au-dialogue-et-a-al-consolidation-du-front-interieur\\\/#primaryimage\",\"url\":\"https:\\\/\\\/lasentinelle.dz\\\/wp-content\\\/uploads\\\/2024\\\/08\\\/Hassani-3.jpg\",\"contentUrl\":\"https:\\\/\\\/lasentinelle.dz\\\/wp-content\\\/uploads\\\/2024\\\/08\\\/Hassani-3.jpg\",\"width\":960,\"height\":640},{\"@type\":\"BreadcrumbList\",\"@id\":\"https:\\\/\\\/lasentinelle.dz\\\/index.php\\\/2025\\\/04\\\/19\\\/pour-contrer-les-parties-qui-tentent-de-destabiliser-le-pays-la-classe-politique-appelle-au-dialogue-et-a-al-consolidation-du-front-interieur\\\/#breadcrumb\",\"itemListElement\":[{\"@type\":\"ListItem\",\"position\":1,\"name\":\"Accueil\",\"item\":\"https:\\\/\\\/lasentinelle.dz\\\/\"},{\"@type\":\"ListItem\",\"position\":2,\"name\":\"Pour contrer les parties qui tentent de d\u00e9stabiliser le pays : La classe politique appelle au dialogue et \u00e0 al consolidation du front int\u00e9rieur\"}]},{\"@type\":\"WebSite\",\"@id\":\"https:\\\/\\\/lasentinelle.dz\\\/#website\",\"url\":\"https:\\\/\\\/lasentinelle.dz\\\/\",\"name\":\"La Sentinelle\",\"description\":\"Quotidien national d&#039;information\",\"publisher\":{\"@id\":\"https:\\\/\\\/lasentinelle.dz\\\/#organization\"},\"potentialAction\":[{\"@type\":\"SearchAction\",\"target\":{\"@type\":\"EntryPoint\",\"urlTemplate\":\"https:\\\/\\\/lasentinelle.dz\\\/?s={search_term_string}\"},\"query-input\":{\"@type\":\"PropertyValueSpecification\",\"valueRequired\":true,\"valueName\":\"search_term_string\"}}],\"inLanguage\":\"fr-FR\"},{\"@type\":\"Organization\",\"@id\":\"https:\\\/\\\/lasentinelle.dz\\\/#organization\",\"name\":\"Quotidien La Sentinelle\",\"url\":\"https:\\\/\\\/lasentinelle.dz\\\/\",\"logo\":{\"@type\":\"ImageObject\",\"inLanguage\":\"fr-FR\",\"@id\":\"https:\\\/\\\/lasentinelle.dz\\\/#\\\/schema\\\/logo\\\/image\\\/\",\"url\":\"https:\\\/\\\/lasentinelle.dz\\\/wp-content\\\/uploads\\\/2021\\\/09\\\/logo-sentinelleSLOGAN-1.png\",\"contentUrl\":\"https:\\\/\\\/lasentinelle.dz\\\/wp-content\\\/uploads\\\/2021\\\/09\\\/logo-sentinelleSLOGAN-1.png\",\"width\":615,\"height\":142,\"caption\":\"Quotidien La Sentinelle\"},\"image\":{\"@id\":\"https:\\\/\\\/lasentinelle.dz\\\/#\\\/schema\\\/logo\\\/image\\\/\"},\"sameAs\":[\"https:\\\/\\\/www.facebook.com\\\/La-Sentinelle-104059864394773\"]},{\"@type\":\"Person\",\"@id\":\"https:\\\/\\\/lasentinelle.dz\\\/#\\\/schema\\\/person\\\/729ee0024f24e0b8c5ec17232f8e8b41\",\"name\":\"admin\",\"image\":{\"@type\":\"ImageObject\",\"inLanguage\":\"fr-FR\",\"@id\":\"https:\\\/\\\/secure.gravatar.com\\\/avatar\\\/4c81fed838786e9b53f540bf46533e750f5d292099ae3b66cfc6fb1982e29df7?s=96&d=mm&r=g\",\"url\":\"https:\\\/\\\/secure.gravatar.com\\\/avatar\\\/4c81fed838786e9b53f540bf46533e750f5d292099ae3b66cfc6fb1982e29df7?s=96&d=mm&r=g\",\"contentUrl\":\"https:\\\/\\\/secure.gravatar.com\\\/avatar\\\/4c81fed838786e9b53f540bf46533e750f5d292099ae3b66cfc6fb1982e29df7?s=96&d=mm&r=g\",\"caption\":\"admin\"},\"description\":\"admin\",\"url\":\"https:\\\/\\\/lasentinelle.dz\\\/author\\\/admin\\\/\"}]}<\/script>\n<!-- \/ Yoast SEO plugin. -->","yoast_head_json":{"title":"Pour contrer les parties qui tentent de d\u00e9stabiliser le pays : La classe politique appelle au dialogue et \u00e0 al consolidation du front int\u00e9rieur - La Sentinelle","robots":{"index":"index","follow":"follow","max-snippet":"max-snippet:-1","max-image-preview":"max-image-preview:large","max-video-preview":"max-video-preview:-1"},"canonical":"https:\/\/lasentinelle.dz\/index.php\/2025\/04\/19\/pour-contrer-les-parties-qui-tentent-de-destabiliser-le-pays-la-classe-politique-appelle-au-dialogue-et-a-al-consolidation-du-front-interieur\/","og_locale":"fr_FR","og_type":"article","og_title":"Pour contrer les parties qui tentent de d\u00e9stabiliser le pays : La classe politique appelle au dialogue et \u00e0 al consolidation du front int\u00e9rieur - La Sentinelle","og_description":"Le week-end politique a \u00e9t\u00e9 marqu\u00e9 par des appels convergents \u00e0 l&rsquo;unit\u00e9 nationale et au dialogue face aux d\u00e9fis auxquels","og_url":"https:\/\/lasentinelle.dz\/index.php\/2025\/04\/19\/pour-contrer-les-parties-qui-tentent-de-destabiliser-le-pays-la-classe-politique-appelle-au-dialogue-et-a-al-consolidation-du-front-interieur\/","og_site_name":"La Sentinelle","article_publisher":"https:\/\/www.facebook.com\/La-Sentinelle-104059864394773","article_published_time":"2025-04-19T13:14:31+00:00","article_modified_time":"2025-04-19T13:14:32+00:00","og_image":[{"width":960,"height":640,"url":"https:\/\/lasentinelle.dz\/wp-content\/uploads\/2024\/08\/Hassani-3.jpg","type":"image\/jpeg"}],"author":"admin","twitter_card":"summary_large_image","twitter_misc":{"\u00c9crit par":"admin","Dur\u00e9e de lecture estim\u00e9e":"3 minutes"},"schema":{"@context":"https:\/\/schema.org","@graph":[{"@type":"Article","@id":"https:\/\/lasentinelle.dz\/index.php\/2025\/04\/19\/pour-contrer-les-parties-qui-tentent-de-destabiliser-le-pays-la-classe-politique-appelle-au-dialogue-et-a-al-consolidation-du-front-interieur\/#article","isPartOf":{"@id":"https:\/\/lasentinelle.dz\/index.php\/2025\/04\/19\/pour-contrer-les-parties-qui-tentent-de-destabiliser-le-pays-la-classe-politique-appelle-au-dialogue-et-a-al-consolidation-du-front-interieur\/"},"author":{"name":"admin","@id":"https:\/\/lasentinelle.dz\/#\/schema\/person\/729ee0024f24e0b8c5ec17232f8e8b41"},"headline":"Pour contrer les parties qui tentent de d\u00e9stabiliser le pays : La classe politique appelle au dialogue et \u00e0 al consolidation du front int\u00e9rieur","datePublished":"2025-04-19T13:14:31+00:00","dateModified":"2025-04-19T13:14:32+00:00","mainEntityOfPage":{"@id":"https:\/\/lasentinelle.dz\/index.php\/2025\/04\/19\/pour-contrer-les-parties-qui-tentent-de-destabiliser-le-pays-la-classe-politique-appelle-au-dialogue-et-a-al-consolidation-du-front-interieur\/"},"wordCount":492,"commentCount":0,"publisher":{"@id":"https:\/\/lasentinelle.dz\/#organization"},"image":{"@id":"https:\/\/lasentinelle.dz\/index.php\/2025\/04\/19\/pour-contrer-les-parties-qui-tentent-de-destabiliser-le-pays-la-classe-politique-appelle-au-dialogue-et-a-al-consolidation-du-front-interieur\/#primaryimage"},"thumbnailUrl":"https:\/\/lasentinelle.dz\/wp-content\/uploads\/2024\/08\/Hassani-3.jpg","articleSection":["Politique"],"inLanguage":"fr-FR","potentialAction":[{"@type":"CommentAction","name":"Comment","target":["https:\/\/lasentinelle.dz\/index.php\/2025\/04\/19\/pour-contrer-les-parties-qui-tentent-de-destabiliser-le-pays-la-classe-politique-appelle-au-dialogue-et-a-al-consolidation-du-front-interieur\/#respond"]}]},{"@type":"WebPage","@id":"https:\/\/lasentinelle.dz\/index.php\/2025\/04\/19\/pour-contrer-les-parties-qui-tentent-de-destabiliser-le-pays-la-classe-politique-appelle-au-dialogue-et-a-al-consolidation-du-front-interieur\/","url":"https:\/\/lasentinelle.dz\/index.php\/2025\/04\/19\/pour-contrer-les-parties-qui-tentent-de-destabiliser-le-pays-la-classe-politique-appelle-au-dialogue-et-a-al-consolidation-du-front-interieur\/","name":"Pour contrer les parties qui tentent de d\u00e9stabiliser le pays : La classe politique appelle au dialogue et \u00e0 al consolidation du front int\u00e9rieur - La Sentinelle","isPartOf":{"@id":"https:\/\/lasentinelle.dz\/#website"},"primaryImageOfPage":{"@id":"https:\/\/lasentinelle.dz\/index.php\/2025\/04\/19\/pour-contrer-les-parties-qui-tentent-de-destabiliser-le-pays-la-classe-politique-appelle-au-dialogue-et-a-al-consolidation-du-front-interieur\/#primaryimage"},"image":{"@id":"https:\/\/lasentinelle.dz\/index.php\/2025\/04\/19\/pour-contrer-les-parties-qui-tentent-de-destabiliser-le-pays-la-classe-politique-appelle-au-dialogue-et-a-al-consolidation-du-front-interieur\/#primaryimage"},"thumbnailUrl":"https:\/\/lasentinelle.dz\/wp-content\/uploads\/2024\/08\/Hassani-3.jpg","datePublished":"2025-04-19T13:14:31+00:00","dateModified":"2025-04-19T13:14:32+00:00","breadcrumb":{"@id":"https:\/\/lasentinelle.dz\/index.php\/2025\/04\/19\/pour-contrer-les-parties-qui-tentent-de-destabiliser-le-pays-la-classe-politique-appelle-au-dialogue-et-a-al-consolidation-du-front-interieur\/#breadcrumb"},"inLanguage":"fr-FR","potentialAction":[{"@type":"ReadAction","target":["https:\/\/lasentinelle.dz\/index.php\/2025\/04\/19\/pour-contrer-les-parties-qui-tentent-de-destabiliser-le-pays-la-classe-politique-appelle-au-dialogue-et-a-al-consolidation-du-front-interieur\/"]}]},{"@type":"ImageObject","inLanguage":"fr-FR","@id":"https:\/\/lasentinelle.dz\/index.php\/2025\/04\/19\/pour-contrer-les-parties-qui-tentent-de-destabiliser-le-pays-la-classe-politique-appelle-au-dialogue-et-a-al-consolidation-du-front-interieur\/#primaryimage","url":"https:\/\/lasentinelle.dz\/wp-content\/uploads\/2024\/08\/Hassani-3.jpg","contentUrl":"https:\/\/lasentinelle.dz\/wp-content\/uploads\/2024\/08\/Hassani-3.jpg","width":960,"height":640},{"@type":"BreadcrumbList","@id":"https:\/\/lasentinelle.dz\/index.php\/2025\/04\/19\/pour-contrer-les-parties-qui-tentent-de-destabiliser-le-pays-la-classe-politique-appelle-au-dialogue-et-a-al-consolidation-du-front-interieur\/#breadcrumb","itemListElement":[{"@type":"ListItem","position":1,"name":"Accueil","item":"https:\/\/lasentinelle.dz\/"},{"@type":"ListItem","position":2,"name":"Pour contrer les parties qui tentent de d\u00e9stabiliser le pays : La classe politique appelle au dialogue et \u00e0 al consolidation du front int\u00e9rieur"}]},{"@type":"WebSite","@id":"https:\/\/lasentinelle.dz\/#website","url":"https:\/\/lasentinelle.dz\/","name":"La Sentinelle","description":"Quotidien national d&#039;information","publisher":{"@id":"https:\/\/lasentinelle.dz\/#organization"},"potentialAction":[{"@type":"SearchAction","target":{"@type":"EntryPoint","urlTemplate":"https:\/\/lasentinelle.dz\/?s={search_term_string}"},"query-input":{"@type":"PropertyValueSpecification","valueRequired":true,"valueName":"search_term_string"}}],"inLanguage":"fr-FR"},{"@type":"Organization","@id":"https:\/\/lasentinelle.dz\/#organization","name":"Quotidien La Sentinelle","url":"https:\/\/lasentinelle.dz\/","logo":{"@type":"ImageObject","inLanguage":"fr-FR","@id":"https:\/\/lasentinelle.dz\/#\/schema\/logo\/image\/","url":"https:\/\/lasentinelle.dz\/wp-content\/uploads\/2021\/09\/logo-sentinelleSLOGAN-1.png","contentUrl":"https:\/\/lasentinelle.dz\/wp-content\/uploads\/2021\/09\/logo-sentinelleSLOGAN-1.png","width":615,"height":142,"caption":"Quotidien La Sentinelle"},"image":{"@id":"https:\/\/lasentinelle.dz\/#\/schema\/logo\/image\/"},"sameAs":["https:\/\/www.facebook.com\/La-Sentinelle-104059864394773"]},{"@type":"Person","@id":"https:\/\/lasentinelle.dz\/#\/schema\/person\/729ee0024f24e0b8c5ec17232f8e8b41","name":"admin","image":{"@type":"ImageObject","inLanguage":"fr-FR","@id":"https:\/\/secure.gravatar.com\/avatar\/4c81fed838786e9b53f540bf46533e750f5d292099ae3b66cfc6fb1982e29df7?s=96&d=mm&r=g","url":"https:\/\/secure.gravatar.com\/avatar\/4c81fed838786e9b53f540bf46533e750f5d292099ae3b66cfc6fb1982e29df7?s=96&d=mm&r=g","contentUrl":"https:\/\/secure.gravatar.com\/avatar\/4c81fed838786e9b53f540bf46533e750f5d292099ae3b66cfc6fb1982e29df7?s=96&d=mm&r=g","caption":"admin"},"description":"admin","url":"https:\/\/lasentinelle.dz\/author\/admin\/"}]}},"_links":{"self":[{"href":"https:\/\/lasentinelle.dz\/index.php\/wp-json\/wp\/v2\/posts\/65946","targetHints":{"allow":["GET"]}}],"collection":[{"href":"https:\/\/lasentinelle.dz\/index.php\/wp-json\/wp\/v2\/posts"}],"about":[{"href":"https:\/\/lasentinelle.dz\/index.php\/wp-json\/wp\/v2\/types\/post"}],"author":[{"embeddable":true,"href":"https:\/\/lasentinelle.dz\/index.php\/wp-json\/wp\/v2\/users\/6"}],"replies":[{"embeddable":true,"href":"https:\/\/lasentinelle.dz\/index.php\/wp-json\/wp\/v2\/comments?post=65946"}],"version-history":[{"count":1,"href":"https:\/\/lasentinelle.dz\/index.php\/wp-json\/wp\/v2\/posts\/65946\/revisions"}],"predecessor-version":[{"id":65947,"href":"https:\/\/lasentinelle.dz\/index.php\/wp-json\/wp\/v2\/posts\/65946\/revisions\/65947"}],"wp:featuredmedia":[{"embeddable":true,"href":"https:\/\/lasentinelle.dz\/index.php\/wp-json\/wp\/v2\/media\/56102"}],"wp:attachment":[{"href":"https:\/\/lasentinelle.dz\/index.php\/wp-json\/wp\/v2\/media?parent=65946"}],"wp:term":[{"taxonomy":"category","embeddable":true,"href":"https:\/\/lasentinelle.dz\/index.php\/wp-json\/wp\/v2\/categories?post=65946"},{"taxonomy":"post_tag","embeddable":true,"href":"https:\/\/lasentinelle.dz\/index.php\/wp-json\/wp\/v2\/tags?post=65946"}],"curies":[{"name":"wp","href":"https:\/\/api.w.org\/{rel}","templated":true}]}}