{"id":65955,"date":"2025-04-20T11:38:41","date_gmt":"2025-04-20T10:38:41","guid":{"rendered":"https:\/\/lasentinelle.dz\/?p=65955"},"modified":"2025-04-20T11:38:42","modified_gmt":"2025-04-20T10:38:42","slug":"conflit-en-ukraine-poutine-ordonne-un-cessez-le-feu-jusqua-lundi-pour-paques","status":"publish","type":"post","link":"https:\/\/lasentinelle.dz\/index.php\/2025\/04\/20\/conflit-en-ukraine-poutine-ordonne-un-cessez-le-feu-jusqua-lundi-pour-paques\/","title":{"rendered":"Conflit en Ukraine: Poutine ordonne un cessez-le feu jusqu&rsquo;\u00e0 lundi pour P\u00e2ques"},"content":{"rendered":"\n<p class=\"wp-block-paragraph\">Le pr\u00e9sident russe Vladimir Poutine a ordonn\u00e9 un cessez-le-feu en Ukraine durant les f\u00eates de P\u00e2ques, a fait savoir le Kremlin samedi. La partie russe s&rsquo;abstiendra de toute hostilit\u00e9 de samedi 18h00 (15h00 GMT) \u00e0 lundi minuit (dimanche \u00e0 21h00 GMT), a ajout\u00e9 le Kremlin. \u00ab\u00a0Pour des raisons humanitaires, la partie russe annonce aujourd&rsquo;hui, de dimanche 18h00 \u00e0 lundi minuit, une tr\u00eave pascale. Pendant cette p\u00e9riode, j&rsquo;ordonne l&rsquo;arr\u00eat de toutes les activit\u00e9s militaires\u00a0\u00bb, a d\u00e9clar\u00e9 Vladimir Poutine \u00e0 son chef d&rsquo;\u00e9tat-major, Valeri Guerassimov, lors d&rsquo;une r\u00e9union au Kremlin. \u00ab\u00a0Nous partons du principe que l&rsquo;Ukraine suivra notre exemple. Parall\u00e8lement, nos troupes doivent \u00eatre pr\u00eates \u00e0 repousser d&rsquo;\u00e9ventuelles violations de la tr\u00eave, des provocations de l&rsquo;ennemi et toute action agressive\u00a0\u00bb, a ajout\u00e9 le chef du Kremlin. Le minist\u00e8re russe de la D\u00e9fense a d\u00e9clar\u00e9 avoir donn\u00e9 des instructions sur le cessez-le-feu \u00e0 tous les commandants de groupe dans la zone de \u00ab\u00a0l&rsquo;op\u00e9ration militaire sp\u00e9ciale\u00a0\u00bb. Les troupes russes respecteront le cessez-le-feu \u00e0 condition qu&rsquo;il soit \u00ab\u00a0mutuellement respect\u00e9\u00a0\u00bb par l&rsquo;Ukraine, a ajout\u00e9 le minist\u00e8re dans un communiqu\u00e9.<\/p>\n\n\n\n<p class=\"wp-block-paragraph\">Agences<\/p>\n","protected":false},"excerpt":{"rendered":"<p>Le pr\u00e9sident russe Vladimir Poutine a ordonn\u00e9 un cessez-le-feu en Ukraine durant les f\u00eates de P\u00e2ques, a fait savoir le<\/p>\n","protected":false},"author":6,"featured_media":29958,"comment_status":"open","ping_status":"closed","sticky":false,"template":"","format":"standard","meta":{"colormag_page_container_layout":"default_layout","colormag_page_sidebar_layout":"default_layout","om_disable_all_campaigns":false,"_monsterinsights_skip_tracking":false,"footnotes":"","_wpscppro_dont_share_socialmedia":false,"_wpscppro_custom_social_share_image":0,"_facebook_share_type":"default","_twitter_share_type":"default","_linkedin_share_type":"default","_pinterest_share_type":"default","_linkedin_share_type_page":"","_instagram_share_type":"default","_medium_share_type":"default","_threads_share_type":"","_google_business_share_type":"","_bluesky_share_type":"","_mastodon_share_type":"","_selected_social_profile":[],"_wpsp_enable_custom_social_template":false,"_wpsp_social_scheduling":{"enabled":false,"datetime":null,"platforms":[],"status":"template_only","dateOption":"today","timeOption":"now","customDays":"","customHours":"","customDate":"","customTime":"","schedulingType":"absolute"},"_wpsp_active_default_template":true},"categories":[37],"tags":[],"class_list":["post-65955","post","type-post","status-publish","format-standard","has-post-thumbnail","hentry","category-monde"],"aioseo_notices":[],"aioseo_head":"\n\t\t<!-- All in One SEO 5.0.0.1 - aioseo.com -->\n\t<meta name=\"description\" content=\"Le pr\u00e9sident russe Vladimir Poutine a ordonn\u00e9 un cessez-le-feu en Ukraine durant les f\u00eates de P\u00e2ques, a fait savoir le Kremlin samedi. La partie russe s&#039;abstiendra de toute hostilit\u00e9 de samedi 18h00 (15h00 GMT) \u00e0 lundi minuit (dimanche \u00e0 21h00 GMT), a ajout\u00e9 le Kremlin. &quot;Pour des raisons humanitaires, la partie russe annonce aujourd&#039;hui, de\" \/>\n\t<meta name=\"robots\" content=\"max-image-preview:large\" \/>\n\t<meta name=\"author\" content=\"admin\"\/>\n\t<link rel=\"canonical\" href=\"https:\/\/lasentinelle.dz\/index.php\/2025\/04\/20\/conflit-en-ukraine-poutine-ordonne-un-cessez-le-feu-jusqua-lundi-pour-paques\/\" \/>\n\t<meta name=\"generator\" content=\"All in One SEO (AIOSEO) 5.0.0.1\" \/>\n\t\t<meta property=\"og:locale\" content=\"fr_FR\" \/>\n\t\t<meta property=\"og:site_name\" content=\"La Sentinelle - Quotidien national d&#039;information\" \/>\n\t\t<meta property=\"og:type\" content=\"article\" \/>\n\t\t<meta property=\"og:title\" content=\"Conflit en Ukraine: Poutine ordonne un cessez-le feu jusqu\u2019\u00e0 lundi pour P\u00e2ques - La Sentinelle\" \/>\n\t\t<meta property=\"og:description\" content=\"Le pr\u00e9sident russe Vladimir Poutine a ordonn\u00e9 un cessez-le-feu en Ukraine durant les f\u00eates de P\u00e2ques, a fait savoir le Kremlin samedi. La partie russe s&#039;abstiendra de toute hostilit\u00e9 de samedi 18h00 (15h00 GMT) \u00e0 lundi minuit (dimanche \u00e0 21h00 GMT), a ajout\u00e9 le Kremlin. &quot;Pour des raisons humanitaires, la partie russe annonce aujourd&#039;hui, de\" \/>\n\t\t<meta property=\"og:url\" content=\"https:\/\/lasentinelle.dz\/index.php\/2025\/04\/20\/conflit-en-ukraine-poutine-ordonne-un-cessez-le-feu-jusqua-lundi-pour-paques\/\" \/>\n\t\t<meta property=\"og:image\" content=\"https:\/\/lasentinelle.dz\/wp-content\/uploads\/2021\/09\/cropped-la-sentinelle-earth-golden-anima-5.gif\" \/>\n\t\t<meta property=\"og:image:secure_url\" content=\"https:\/\/lasentinelle.dz\/wp-content\/uploads\/2021\/09\/cropped-la-sentinelle-earth-golden-anima-5.gif\" \/>\n\t\t<meta property=\"og:image:width\" content=\"450\" \/>\n\t\t<meta property=\"og:image:height\" content=\"213\" \/>\n\t\t<meta property=\"article:published_time\" content=\"2025-04-20T10:38:41+00:00\" \/>\n\t\t<meta property=\"article:modified_time\" content=\"2025-04-20T10:38:42+00:00\" \/>\n\t\t<meta property=\"article:publisher\" content=\"https:\/\/www.facebook.com\/azzedine.lasentinelle.1\" \/>\n\t\t<meta name=\"twitter:card\" content=\"summary_large_image\" \/>\n\t\t<meta name=\"twitter:title\" content=\"Conflit en Ukraine: Poutine ordonne un cessez-le feu jusqu\u2019\u00e0 lundi pour P\u00e2ques - La Sentinelle\" \/>\n\t\t<meta name=\"twitter:description\" content=\"Le pr\u00e9sident russe Vladimir Poutine a ordonn\u00e9 un cessez-le-feu en Ukraine durant les f\u00eates de P\u00e2ques, a fait savoir le Kremlin samedi. La partie russe s&#039;abstiendra de toute hostilit\u00e9 de samedi 18h00 (15h00 GMT) \u00e0 lundi minuit (dimanche \u00e0 21h00 GMT), a ajout\u00e9 le Kremlin. &quot;Pour des raisons humanitaires, la partie russe annonce aujourd&#039;hui, de\" \/>\n\t\t<meta name=\"twitter:image\" content=\"https:\/\/lasentinelle.dz\/wp-content\/uploads\/2021\/09\/cropped-la-sentinelle-earth-golden-anima-5.gif\" \/>\n\t\t<script type=\"application\/ld+json\" class=\"aioseo-schema\">\n\t\t\t{\"@context\":\"https:\\\/\\\/schema.org\",\"@graph\":[{\"@type\":\"BlogPosting\",\"@id\":\"https:\\\/\\\/lasentinelle.dz\\\/index.php\\\/2025\\\/04\\\/20\\\/conflit-en-ukraine-poutine-ordonne-un-cessez-le-feu-jusqua-lundi-pour-paques\\\/#blogposting\",\"name\":\"Conflit en Ukraine: Poutine ordonne un cessez-le feu jusqu\\u2019\\u00e0 lundi pour P\\u00e2ques - La Sentinelle\",\"headline\":\"Conflit en Ukraine: Poutine ordonne un cessez-le feu jusqu&rsquo;\\u00e0 lundi pour P\\u00e2ques\",\"author\":{\"@id\":\"https:\\\/\\\/lasentinelle.dz\\\/author\\\/admin\\\/#author\"},\"publisher\":{\"@id\":\"https:\\\/\\\/lasentinelle.dz\\\/#organization\"},\"image\":{\"@type\":\"ImageObject\",\"url\":\"https:\\\/\\\/lasentinelle.dz\\\/wp-content\\\/uploads\\\/2022\\\/11\\\/Poutine.png\",\"width\":1800,\"height\":900},\"datePublished\":\"2025-04-20T11:38:41+01:00\",\"dateModified\":\"2025-04-20T11:38:42+01:00\",\"inLanguage\":\"fr-FR\",\"mainEntityOfPage\":{\"@id\":\"https:\\\/\\\/lasentinelle.dz\\\/index.php\\\/2025\\\/04\\\/20\\\/conflit-en-ukraine-poutine-ordonne-un-cessez-le-feu-jusqua-lundi-pour-paques\\\/#webpage\"},\"isPartOf\":{\"@id\":\"https:\\\/\\\/lasentinelle.dz\\\/index.php\\\/2025\\\/04\\\/20\\\/conflit-en-ukraine-poutine-ordonne-un-cessez-le-feu-jusqua-lundi-pour-paques\\\/#webpage\"},\"articleSection\":\"Monde\"},{\"@type\":\"BreadcrumbList\",\"@id\":\"https:\\\/\\\/lasentinelle.dz\\\/index.php\\\/2025\\\/04\\\/20\\\/conflit-en-ukraine-poutine-ordonne-un-cessez-le-feu-jusqua-lundi-pour-paques\\\/#breadcrumblist\",\"itemListElement\":[{\"@type\":\"ListItem\",\"@id\":\"https:\\\/\\\/lasentinelle.dz#listItem\",\"position\":1,\"name\":\"Home\",\"item\":\"https:\\\/\\\/lasentinelle.dz\",\"nextItem\":{\"@type\":\"ListItem\",\"@id\":\"https:\\\/\\\/lasentinelle.dz\\\/index.php\\\/category\\\/monde\\\/#listItem\",\"name\":\"Monde\"}},{\"@type\":\"ListItem\",\"@id\":\"https:\\\/\\\/lasentinelle.dz\\\/index.php\\\/category\\\/monde\\\/#listItem\",\"position\":2,\"name\":\"Monde\",\"item\":\"https:\\\/\\\/lasentinelle.dz\\\/index.php\\\/category\\\/monde\\\/\",\"nextItem\":{\"@type\":\"ListItem\",\"@id\":\"https:\\\/\\\/lasentinelle.dz\\\/index.php\\\/2025\\\/04\\\/20\\\/conflit-en-ukraine-poutine-ordonne-un-cessez-le-feu-jusqua-lundi-pour-paques\\\/#listItem\",\"name\":\"Conflit en Ukraine: Poutine ordonne un cessez-le feu jusqu&rsquo;\\u00e0 lundi pour P\\u00e2ques\"},\"previousItem\":{\"@type\":\"ListItem\",\"@id\":\"https:\\\/\\\/lasentinelle.dz#listItem\",\"name\":\"Home\"}},{\"@type\":\"ListItem\",\"@id\":\"https:\\\/\\\/lasentinelle.dz\\\/index.php\\\/2025\\\/04\\\/20\\\/conflit-en-ukraine-poutine-ordonne-un-cessez-le-feu-jusqua-lundi-pour-paques\\\/#listItem\",\"position\":3,\"name\":\"Conflit en Ukraine: Poutine ordonne un cessez-le feu jusqu&rsquo;\\u00e0 lundi pour P\\u00e2ques\",\"previousItem\":{\"@type\":\"ListItem\",\"@id\":\"https:\\\/\\\/lasentinelle.dz\\\/index.php\\\/category\\\/monde\\\/#listItem\",\"name\":\"Monde\"}}]},{\"@type\":\"Organization\",\"@id\":\"https:\\\/\\\/lasentinelle.dz\\\/#organization\",\"name\":\"La Sentinelle La Sentinelle\",\"description\":\"Quotidien national d'information\",\"url\":\"https:\\\/\\\/lasentinelle.dz\\\/\",\"logo\":{\"@type\":\"ImageObject\",\"url\":\"https:\\\/\\\/lasentinelle.dz\\\/wp-content\\\/uploads\\\/2021\\\/09\\\/cropped-la-sentinelle-earth-golden-anima-5.gif\",\"@id\":\"https:\\\/\\\/lasentinelle.dz\\\/index.php\\\/2025\\\/04\\\/20\\\/conflit-en-ukraine-poutine-ordonne-un-cessez-le-feu-jusqua-lundi-pour-paques\\\/#organizationLogo\",\"width\":450,\"height\":213},\"image\":{\"@id\":\"https:\\\/\\\/lasentinelle.dz\\\/index.php\\\/2025\\\/04\\\/20\\\/conflit-en-ukraine-poutine-ordonne-un-cessez-le-feu-jusqua-lundi-pour-paques\\\/#organizationLogo\"},\"sameAs\":[\"https:\\\/\\\/www.facebook.com\\\/azzedine.lasentinelle.1\"]},{\"@type\":\"Person\",\"@id\":\"https:\\\/\\\/lasentinelle.dz\\\/author\\\/admin\\\/#author\",\"url\":\"https:\\\/\\\/lasentinelle.dz\\\/author\\\/admin\\\/\",\"name\":\"admin\",\"image\":{\"@type\":\"ImageObject\",\"@id\":\"https:\\\/\\\/lasentinelle.dz\\\/index.php\\\/2025\\\/04\\\/20\\\/conflit-en-ukraine-poutine-ordonne-un-cessez-le-feu-jusqua-lundi-pour-paques\\\/#authorImage\",\"url\":\"https:\\\/\\\/secure.gravatar.com\\\/avatar\\\/4c81fed838786e9b53f540bf46533e750f5d292099ae3b66cfc6fb1982e29df7?s=96&d=mm&r=g\",\"width\":96,\"height\":96,\"caption\":\"admin\"}},{\"@type\":\"WebPage\",\"@id\":\"https:\\\/\\\/lasentinelle.dz\\\/index.php\\\/2025\\\/04\\\/20\\\/conflit-en-ukraine-poutine-ordonne-un-cessez-le-feu-jusqua-lundi-pour-paques\\\/#webpage\",\"url\":\"https:\\\/\\\/lasentinelle.dz\\\/index.php\\\/2025\\\/04\\\/20\\\/conflit-en-ukraine-poutine-ordonne-un-cessez-le-feu-jusqua-lundi-pour-paques\\\/\",\"name\":\"Conflit en Ukraine: Poutine ordonne un cessez-le feu jusqu\\u2019\\u00e0 lundi pour P\\u00e2ques - La Sentinelle\",\"description\":\"Le pr\\u00e9sident russe Vladimir Poutine a ordonn\\u00e9 un cessez-le-feu en Ukraine durant les f\\u00eates de P\\u00e2ques, a fait savoir le Kremlin samedi. La partie russe s'abstiendra de toute hostilit\\u00e9 de samedi 18h00 (15h00 GMT) \\u00e0 lundi minuit (dimanche \\u00e0 21h00 GMT), a ajout\\u00e9 le Kremlin. \\\"Pour des raisons humanitaires, la partie russe annonce aujourd'hui, de\",\"inLanguage\":\"fr-FR\",\"isPartOf\":{\"@id\":\"https:\\\/\\\/lasentinelle.dz\\\/#website\"},\"breadcrumb\":{\"@id\":\"https:\\\/\\\/lasentinelle.dz\\\/index.php\\\/2025\\\/04\\\/20\\\/conflit-en-ukraine-poutine-ordonne-un-cessez-le-feu-jusqua-lundi-pour-paques\\\/#breadcrumblist\"},\"author\":{\"@id\":\"https:\\\/\\\/lasentinelle.dz\\\/author\\\/admin\\\/#author\"},\"creator\":{\"@id\":\"https:\\\/\\\/lasentinelle.dz\\\/author\\\/admin\\\/#author\"},\"image\":{\"@type\":\"ImageObject\",\"url\":\"https:\\\/\\\/lasentinelle.dz\\\/wp-content\\\/uploads\\\/2022\\\/11\\\/Poutine.png\",\"@id\":\"https:\\\/\\\/lasentinelle.dz\\\/index.php\\\/2025\\\/04\\\/20\\\/conflit-en-ukraine-poutine-ordonne-un-cessez-le-feu-jusqua-lundi-pour-paques\\\/#mainImage\",\"width\":1800,\"height\":900},\"primaryImageOfPage\":{\"@id\":\"https:\\\/\\\/lasentinelle.dz\\\/index.php\\\/2025\\\/04\\\/20\\\/conflit-en-ukraine-poutine-ordonne-un-cessez-le-feu-jusqua-lundi-pour-paques\\\/#mainImage\"},\"datePublished\":\"2025-04-20T11:38:41+01:00\",\"dateModified\":\"2025-04-20T11:38:42+01:00\"},{\"@type\":\"WebSite\",\"@id\":\"https:\\\/\\\/lasentinelle.dz\\\/#website\",\"url\":\"https:\\\/\\\/lasentinelle.dz\\\/\",\"name\":\"La Sentinelle\",\"description\":\"Quotidien national d'information\",\"inLanguage\":\"fr-FR\",\"publisher\":{\"@id\":\"https:\\\/\\\/lasentinelle.dz\\\/#organization\"}}]}\n\t\t<\/script>\n\t\t<!-- All in One SEO -->\n\n","aioseo_head_json":{"title":"Conflit en Ukraine: Poutine ordonne un cessez-le feu jusqu\u2019\u00e0 lundi pour P\u00e2ques - La Sentinelle","description":"Le pr\u00e9sident russe Vladimir Poutine a ordonn\u00e9 un cessez-le-feu en Ukraine durant les f\u00eates de P\u00e2ques, a fait savoir le Kremlin samedi. La partie russe s'abstiendra de toute hostilit\u00e9 de samedi 18h00 (15h00 GMT) \u00e0 lundi minuit (dimanche \u00e0 21h00 GMT), a ajout\u00e9 le Kremlin. \"Pour des raisons humanitaires, la partie russe annonce aujourd'hui, de","canonical_url":"https:\/\/lasentinelle.dz\/index.php\/2025\/04\/20\/conflit-en-ukraine-poutine-ordonne-un-cessez-le-feu-jusqua-lundi-pour-paques\/","robots":"max-image-preview:large","keywords":"","webmasterTools":{"miscellaneous":""},"schema":{"@context":"https:\/\/schema.org","@graph":[{"@type":"BlogPosting","@id":"https:\/\/lasentinelle.dz\/index.php\/2025\/04\/20\/conflit-en-ukraine-poutine-ordonne-un-cessez-le-feu-jusqua-lundi-pour-paques\/#blogposting","name":"Conflit en Ukraine: Poutine ordonne un cessez-le feu jusqu\u2019\u00e0 lundi pour P\u00e2ques - La Sentinelle","headline":"Conflit en Ukraine: Poutine ordonne un cessez-le feu jusqu&rsquo;\u00e0 lundi pour P\u00e2ques","author":{"@id":"https:\/\/lasentinelle.dz\/author\/admin\/#author"},"publisher":{"@id":"https:\/\/lasentinelle.dz\/#organization"},"image":{"@type":"ImageObject","url":"https:\/\/lasentinelle.dz\/wp-content\/uploads\/2022\/11\/Poutine.png","width":1800,"height":900},"datePublished":"2025-04-20T11:38:41+01:00","dateModified":"2025-04-20T11:38:42+01:00","inLanguage":"fr-FR","mainEntityOfPage":{"@id":"https:\/\/lasentinelle.dz\/index.php\/2025\/04\/20\/conflit-en-ukraine-poutine-ordonne-un-cessez-le-feu-jusqua-lundi-pour-paques\/#webpage"},"isPartOf":{"@id":"https:\/\/lasentinelle.dz\/index.php\/2025\/04\/20\/conflit-en-ukraine-poutine-ordonne-un-cessez-le-feu-jusqua-lundi-pour-paques\/#webpage"},"articleSection":"Monde"},{"@type":"BreadcrumbList","@id":"https:\/\/lasentinelle.dz\/index.php\/2025\/04\/20\/conflit-en-ukraine-poutine-ordonne-un-cessez-le-feu-jusqua-lundi-pour-paques\/#breadcrumblist","itemListElement":[{"@type":"ListItem","@id":"https:\/\/lasentinelle.dz#listItem","position":1,"name":"Home","item":"https:\/\/lasentinelle.dz","nextItem":{"@type":"ListItem","@id":"https:\/\/lasentinelle.dz\/index.php\/category\/monde\/#listItem","name":"Monde"}},{"@type":"ListItem","@id":"https:\/\/lasentinelle.dz\/index.php\/category\/monde\/#listItem","position":2,"name":"Monde","item":"https:\/\/lasentinelle.dz\/index.php\/category\/monde\/","nextItem":{"@type":"ListItem","@id":"https:\/\/lasentinelle.dz\/index.php\/2025\/04\/20\/conflit-en-ukraine-poutine-ordonne-un-cessez-le-feu-jusqua-lundi-pour-paques\/#listItem","name":"Conflit en Ukraine: Poutine ordonne un cessez-le feu jusqu&rsquo;\u00e0 lundi pour P\u00e2ques"},"previousItem":{"@type":"ListItem","@id":"https:\/\/lasentinelle.dz#listItem","name":"Home"}},{"@type":"ListItem","@id":"https:\/\/lasentinelle.dz\/index.php\/2025\/04\/20\/conflit-en-ukraine-poutine-ordonne-un-cessez-le-feu-jusqua-lundi-pour-paques\/#listItem","position":3,"name":"Conflit en Ukraine: Poutine ordonne un cessez-le feu jusqu&rsquo;\u00e0 lundi pour P\u00e2ques","previousItem":{"@type":"ListItem","@id":"https:\/\/lasentinelle.dz\/index.php\/category\/monde\/#listItem","name":"Monde"}}]},{"@type":"Organization","@id":"https:\/\/lasentinelle.dz\/#organization","name":"La Sentinelle La Sentinelle","description":"Quotidien national d'information","url":"https:\/\/lasentinelle.dz\/","logo":{"@type":"ImageObject","url":"https:\/\/lasentinelle.dz\/wp-content\/uploads\/2021\/09\/cropped-la-sentinelle-earth-golden-anima-5.gif","@id":"https:\/\/lasentinelle.dz\/index.php\/2025\/04\/20\/conflit-en-ukraine-poutine-ordonne-un-cessez-le-feu-jusqua-lundi-pour-paques\/#organizationLogo","width":450,"height":213},"image":{"@id":"https:\/\/lasentinelle.dz\/index.php\/2025\/04\/20\/conflit-en-ukraine-poutine-ordonne-un-cessez-le-feu-jusqua-lundi-pour-paques\/#organizationLogo"},"sameAs":["https:\/\/www.facebook.com\/azzedine.lasentinelle.1"]},{"@type":"Person","@id":"https:\/\/lasentinelle.dz\/author\/admin\/#author","url":"https:\/\/lasentinelle.dz\/author\/admin\/","name":"admin","image":{"@type":"ImageObject","@id":"https:\/\/lasentinelle.dz\/index.php\/2025\/04\/20\/conflit-en-ukraine-poutine-ordonne-un-cessez-le-feu-jusqua-lundi-pour-paques\/#authorImage","url":"https:\/\/secure.gravatar.com\/avatar\/4c81fed838786e9b53f540bf46533e750f5d292099ae3b66cfc6fb1982e29df7?s=96&d=mm&r=g","width":96,"height":96,"caption":"admin"}},{"@type":"WebPage","@id":"https:\/\/lasentinelle.dz\/index.php\/2025\/04\/20\/conflit-en-ukraine-poutine-ordonne-un-cessez-le-feu-jusqua-lundi-pour-paques\/#webpage","url":"https:\/\/lasentinelle.dz\/index.php\/2025\/04\/20\/conflit-en-ukraine-poutine-ordonne-un-cessez-le-feu-jusqua-lundi-pour-paques\/","name":"Conflit en Ukraine: Poutine ordonne un cessez-le feu jusqu\u2019\u00e0 lundi pour P\u00e2ques - La Sentinelle","description":"Le pr\u00e9sident russe Vladimir Poutine a ordonn\u00e9 un cessez-le-feu en Ukraine durant les f\u00eates de P\u00e2ques, a fait savoir le Kremlin samedi. La partie russe s'abstiendra de toute hostilit\u00e9 de samedi 18h00 (15h00 GMT) \u00e0 lundi minuit (dimanche \u00e0 21h00 GMT), a ajout\u00e9 le Kremlin. \"Pour des raisons humanitaires, la partie russe annonce aujourd'hui, de","inLanguage":"fr-FR","isPartOf":{"@id":"https:\/\/lasentinelle.dz\/#website"},"breadcrumb":{"@id":"https:\/\/lasentinelle.dz\/index.php\/2025\/04\/20\/conflit-en-ukraine-poutine-ordonne-un-cessez-le-feu-jusqua-lundi-pour-paques\/#breadcrumblist"},"author":{"@id":"https:\/\/lasentinelle.dz\/author\/admin\/#author"},"creator":{"@id":"https:\/\/lasentinelle.dz\/author\/admin\/#author"},"image":{"@type":"ImageObject","url":"https:\/\/lasentinelle.dz\/wp-content\/uploads\/2022\/11\/Poutine.png","@id":"https:\/\/lasentinelle.dz\/index.php\/2025\/04\/20\/conflit-en-ukraine-poutine-ordonne-un-cessez-le-feu-jusqua-lundi-pour-paques\/#mainImage","width":1800,"height":900},"primaryImageOfPage":{"@id":"https:\/\/lasentinelle.dz\/index.php\/2025\/04\/20\/conflit-en-ukraine-poutine-ordonne-un-cessez-le-feu-jusqua-lundi-pour-paques\/#mainImage"},"datePublished":"2025-04-20T11:38:41+01:00","dateModified":"2025-04-20T11:38:42+01:00"},{"@type":"WebSite","@id":"https:\/\/lasentinelle.dz\/#website","url":"https:\/\/lasentinelle.dz\/","name":"La Sentinelle","description":"Quotidien national d'information","inLanguage":"fr-FR","publisher":{"@id":"https:\/\/lasentinelle.dz\/#organization"}}]},"og:locale":"fr_FR","og:site_name":"La Sentinelle - Quotidien national d'information","og:type":"article","og:title":"Conflit en Ukraine: Poutine ordonne un cessez-le feu jusqu\u2019\u00e0 lundi pour P\u00e2ques - La Sentinelle","og:description":"Le pr\u00e9sident russe Vladimir Poutine a ordonn\u00e9 un cessez-le-feu en Ukraine durant les f\u00eates de P\u00e2ques, a fait savoir le Kremlin samedi. La partie russe s'abstiendra de toute hostilit\u00e9 de samedi 18h00 (15h00 GMT) \u00e0 lundi minuit (dimanche \u00e0 21h00 GMT), a ajout\u00e9 le Kremlin. &quot;Pour des raisons humanitaires, la partie russe annonce aujourd'hui, de","og:url":"https:\/\/lasentinelle.dz\/index.php\/2025\/04\/20\/conflit-en-ukraine-poutine-ordonne-un-cessez-le-feu-jusqua-lundi-pour-paques\/","og:image":"https:\/\/lasentinelle.dz\/wp-content\/uploads\/2021\/09\/cropped-la-sentinelle-earth-golden-anima-5.gif","og:image:secure_url":"https:\/\/lasentinelle.dz\/wp-content\/uploads\/2021\/09\/cropped-la-sentinelle-earth-golden-anima-5.gif","og:image:width":450,"og:image:height":213,"article:published_time":"2025-04-20T10:38:41+00:00","article:modified_time":"2025-04-20T10:38:42+00:00","article:publisher":"https:\/\/www.facebook.com\/azzedine.lasentinelle.1","twitter:card":"summary_large_image","twitter:title":"Conflit en Ukraine: Poutine ordonne un cessez-le feu jusqu\u2019\u00e0 lundi pour P\u00e2ques - La Sentinelle","twitter:description":"Le pr\u00e9sident russe Vladimir Poutine a ordonn\u00e9 un cessez-le-feu en Ukraine durant les f\u00eates de P\u00e2ques, a fait savoir le Kremlin samedi. La partie russe s'abstiendra de toute hostilit\u00e9 de samedi 18h00 (15h00 GMT) \u00e0 lundi minuit (dimanche \u00e0 21h00 GMT), a ajout\u00e9 le Kremlin. &quot;Pour des raisons humanitaires, la partie russe annonce aujourd'hui, de","twitter:image":"https:\/\/lasentinelle.dz\/wp-content\/uploads\/2021\/09\/cropped-la-sentinelle-earth-golden-anima-5.gif"},"aioseo_meta_data":{"post_id":"65955","title":null,"description":null,"keywords":null,"keyphrases":null,"primary_term":null,"canonical_url":null,"og_title":null,"og_description":null,"og_object_type":"default","og_image_type":"default","og_image_url":null,"og_image_width":null,"og_image_height":null,"og_image_custom_url":null,"og_image_custom_fields":null,"og_video":null,"og_custom_url":null,"og_article_section":null,"og_article_tags":null,"twitter_use_og":false,"twitter_card":"default","twitter_image_type":"default","twitter_image_url":null,"twitter_image_custom_url":null,"twitter_image_custom_fields":null,"twitter_title":null,"twitter_description":null,"schema":{"blockGraphs":[],"customGraphs":[],"default":{"data":{"Article":[],"Course":[],"Dataset":[],"FAQPage":[],"Movie":[],"Person":[],"Product":[],"ProductReview":[],"Car":[],"Recipe":[],"Service":[],"SoftwareApplication":[],"WebPage":[]},"graphName":"","isEnabled":true},"graphs":[]},"schema_type":"default","schema_type_options":null,"pillar_content":false,"robots_default":true,"robots_noindex":false,"robots_noarchive":false,"robots_nosnippet":false,"robots_nofollow":false,"robots_noimageindex":false,"robots_noodp":false,"robots_notranslate":false,"robots_max_snippet":null,"robots_max_videopreview":null,"robots_max_imagepreview":"large","priority":null,"frequency":null,"local_seo":null,"breadcrumb_settings":null,"limit_modified_date":false,"ai":null,"created":"2026-05-11 14:40:05","updated":"2026-05-11 14:40:05","focus_keyword":null,"additional_keywords":null,"truseo_locale":null,"seo_analyzer_scan_date":null},"aioseo_breadcrumb":"<div class=\"aioseo-breadcrumbs\"><span class=\"aioseo-breadcrumb\">\n\t\t\t<a href=\"https:\/\/lasentinelle.dz\" title=\"Home\">Home<\/a>\n\t\t<\/span><span class=\"aioseo-breadcrumb-separator\">&raquo;<\/span><span class=\"aioseo-breadcrumb\">\n\t\t\t<a href=\"https:\/\/lasentinelle.dz\/index.php\/category\/monde\/\" title=\"Monde\">Monde<\/a>\n\t\t<\/span><span class=\"aioseo-breadcrumb-separator\">&raquo;<\/span><span class=\"aioseo-breadcrumb\">\n\t\t\tConflit en Ukraine: Poutine ordonne un cessez-le feu jusqu\u2019\u00e0 lundi pour P\u00e2ques\n\t\t<\/span><\/div>","aioseo_breadcrumb_json":[{"label":"Home","link":"https:\/\/lasentinelle.dz"},{"label":"Monde","link":"https:\/\/lasentinelle.dz\/index.php\/category\/monde\/"},{"label":"Conflit en Ukraine: Poutine ordonne un cessez-le feu jusqu&rsquo;\u00e0 lundi pour P\u00e2ques","link":"https:\/\/lasentinelle.dz\/index.php\/2025\/04\/20\/conflit-en-ukraine-poutine-ordonne-un-cessez-le-feu-jusqua-lundi-pour-paques\/"}],"yoast_head":"<!-- This site is optimized with the Yoast SEO plugin v28.4 - https:\/\/yoast.com\/product\/yoast-seo-wordpress\/ -->\n<title>Conflit en Ukraine: Poutine ordonne un cessez-le feu jusqu&rsquo;\u00e0 lundi pour P\u00e2ques - La Sentinelle<\/title>\n<meta name=\"robots\" content=\"index, follow, max-snippet:-1, max-image-preview:large, max-video-preview:-1\" \/>\n<link rel=\"canonical\" href=\"https:\/\/lasentinelle.dz\/index.php\/2025\/04\/20\/conflit-en-ukraine-poutine-ordonne-un-cessez-le-feu-jusqua-lundi-pour-paques\/\" \/>\n<meta property=\"og:locale\" content=\"fr_FR\" \/>\n<meta property=\"og:type\" content=\"article\" \/>\n<meta property=\"og:title\" content=\"Conflit en Ukraine: Poutine ordonne un cessez-le feu jusqu&rsquo;\u00e0 lundi pour P\u00e2ques - La Sentinelle\" \/>\n<meta property=\"og:description\" content=\"Le pr\u00e9sident russe Vladimir Poutine a ordonn\u00e9 un cessez-le-feu en Ukraine durant les f\u00eates de P\u00e2ques, a fait savoir le\" \/>\n<meta property=\"og:url\" content=\"https:\/\/lasentinelle.dz\/index.php\/2025\/04\/20\/conflit-en-ukraine-poutine-ordonne-un-cessez-le-feu-jusqua-lundi-pour-paques\/\" \/>\n<meta property=\"og:site_name\" content=\"La Sentinelle\" \/>\n<meta property=\"article:publisher\" content=\"https:\/\/www.facebook.com\/La-Sentinelle-104059864394773\" \/>\n<meta property=\"article:published_time\" content=\"2025-04-20T10:38:41+00:00\" \/>\n<meta property=\"article:modified_time\" content=\"2025-04-20T10:38:42+00:00\" \/>\n<meta property=\"og:image\" content=\"https:\/\/lasentinelle.dz\/wp-content\/uploads\/2022\/11\/Poutine.png\" \/>\n\t<meta property=\"og:image:width\" content=\"1800\" \/>\n\t<meta property=\"og:image:height\" content=\"900\" \/>\n\t<meta property=\"og:image:type\" content=\"image\/png\" \/>\n<meta name=\"author\" content=\"admin\" \/>\n<meta name=\"twitter:card\" content=\"summary_large_image\" \/>\n<meta name=\"twitter:label1\" content=\"\u00c9crit par\" \/>\n\t<meta name=\"twitter:data1\" content=\"admin\" \/>\n\t<meta name=\"twitter:label2\" content=\"Dur\u00e9e de lecture estim\u00e9e\" \/>\n\t<meta name=\"twitter:data2\" content=\"2 minutes\" \/>\n<script type=\"application\/ld+json\" class=\"yoast-schema-graph\">{\"@context\":\"https:\\\/\\\/schema.org\",\"@graph\":[{\"@type\":\"Article\",\"@id\":\"https:\\\/\\\/lasentinelle.dz\\\/index.php\\\/2025\\\/04\\\/20\\\/conflit-en-ukraine-poutine-ordonne-un-cessez-le-feu-jusqua-lundi-pour-paques\\\/#article\",\"isPartOf\":{\"@id\":\"https:\\\/\\\/lasentinelle.dz\\\/index.php\\\/2025\\\/04\\\/20\\\/conflit-en-ukraine-poutine-ordonne-un-cessez-le-feu-jusqua-lundi-pour-paques\\\/\"},\"author\":{\"name\":\"admin\",\"@id\":\"https:\\\/\\\/lasentinelle.dz\\\/#\\\/schema\\\/person\\\/729ee0024f24e0b8c5ec17232f8e8b41\"},\"headline\":\"Conflit en Ukraine: Poutine ordonne un cessez-le feu jusqu&rsquo;\u00e0 lundi pour P\u00e2ques\",\"datePublished\":\"2025-04-20T10:38:41+00:00\",\"dateModified\":\"2025-04-20T10:38:42+00:00\",\"mainEntityOfPage\":{\"@id\":\"https:\\\/\\\/lasentinelle.dz\\\/index.php\\\/2025\\\/04\\\/20\\\/conflit-en-ukraine-poutine-ordonne-un-cessez-le-feu-jusqua-lundi-pour-paques\\\/\"},\"wordCount\":211,\"commentCount\":0,\"publisher\":{\"@id\":\"https:\\\/\\\/lasentinelle.dz\\\/#organization\"},\"image\":{\"@id\":\"https:\\\/\\\/lasentinelle.dz\\\/index.php\\\/2025\\\/04\\\/20\\\/conflit-en-ukraine-poutine-ordonne-un-cessez-le-feu-jusqua-lundi-pour-paques\\\/#primaryimage\"},\"thumbnailUrl\":\"https:\\\/\\\/lasentinelle.dz\\\/wp-content\\\/uploads\\\/2022\\\/11\\\/Poutine.png\",\"articleSection\":[\"Monde\"],\"inLanguage\":\"fr-FR\",\"potentialAction\":[{\"@type\":\"CommentAction\",\"name\":\"Comment\",\"target\":[\"https:\\\/\\\/lasentinelle.dz\\\/index.php\\\/2025\\\/04\\\/20\\\/conflit-en-ukraine-poutine-ordonne-un-cessez-le-feu-jusqua-lundi-pour-paques\\\/#respond\"]}]},{\"@type\":\"WebPage\",\"@id\":\"https:\\\/\\\/lasentinelle.dz\\\/index.php\\\/2025\\\/04\\\/20\\\/conflit-en-ukraine-poutine-ordonne-un-cessez-le-feu-jusqua-lundi-pour-paques\\\/\",\"url\":\"https:\\\/\\\/lasentinelle.dz\\\/index.php\\\/2025\\\/04\\\/20\\\/conflit-en-ukraine-poutine-ordonne-un-cessez-le-feu-jusqua-lundi-pour-paques\\\/\",\"name\":\"Conflit en Ukraine: Poutine ordonne un cessez-le feu jusqu&rsquo;\u00e0 lundi pour P\u00e2ques - La Sentinelle\",\"isPartOf\":{\"@id\":\"https:\\\/\\\/lasentinelle.dz\\\/#website\"},\"primaryImageOfPage\":{\"@id\":\"https:\\\/\\\/lasentinelle.dz\\\/index.php\\\/2025\\\/04\\\/20\\\/conflit-en-ukraine-poutine-ordonne-un-cessez-le-feu-jusqua-lundi-pour-paques\\\/#primaryimage\"},\"image\":{\"@id\":\"https:\\\/\\\/lasentinelle.dz\\\/index.php\\\/2025\\\/04\\\/20\\\/conflit-en-ukraine-poutine-ordonne-un-cessez-le-feu-jusqua-lundi-pour-paques\\\/#primaryimage\"},\"thumbnailUrl\":\"https:\\\/\\\/lasentinelle.dz\\\/wp-content\\\/uploads\\\/2022\\\/11\\\/Poutine.png\",\"datePublished\":\"2025-04-20T10:38:41+00:00\",\"dateModified\":\"2025-04-20T10:38:42+00:00\",\"breadcrumb\":{\"@id\":\"https:\\\/\\\/lasentinelle.dz\\\/index.php\\\/2025\\\/04\\\/20\\\/conflit-en-ukraine-poutine-ordonne-un-cessez-le-feu-jusqua-lundi-pour-paques\\\/#breadcrumb\"},\"inLanguage\":\"fr-FR\",\"potentialAction\":[{\"@type\":\"ReadAction\",\"target\":[\"https:\\\/\\\/lasentinelle.dz\\\/index.php\\\/2025\\\/04\\\/20\\\/conflit-en-ukraine-poutine-ordonne-un-cessez-le-feu-jusqua-lundi-pour-paques\\\/\"]}]},{\"@type\":\"ImageObject\",\"inLanguage\":\"fr-FR\",\"@id\":\"https:\\\/\\\/lasentinelle.dz\\\/index.php\\\/2025\\\/04\\\/20\\\/conflit-en-ukraine-poutine-ordonne-un-cessez-le-feu-jusqua-lundi-pour-paques\\\/#primaryimage\",\"url\":\"https:\\\/\\\/lasentinelle.dz\\\/wp-content\\\/uploads\\\/2022\\\/11\\\/Poutine.png\",\"contentUrl\":\"https:\\\/\\\/lasentinelle.dz\\\/wp-content\\\/uploads\\\/2022\\\/11\\\/Poutine.png\",\"width\":1800,\"height\":900},{\"@type\":\"BreadcrumbList\",\"@id\":\"https:\\\/\\\/lasentinelle.dz\\\/index.php\\\/2025\\\/04\\\/20\\\/conflit-en-ukraine-poutine-ordonne-un-cessez-le-feu-jusqua-lundi-pour-paques\\\/#breadcrumb\",\"itemListElement\":[{\"@type\":\"ListItem\",\"position\":1,\"name\":\"Accueil\",\"item\":\"https:\\\/\\\/lasentinelle.dz\\\/\"},{\"@type\":\"ListItem\",\"position\":2,\"name\":\"Conflit en Ukraine: Poutine ordonne un cessez-le feu jusqu&rsquo;\u00e0 lundi pour P\u00e2ques\"}]},{\"@type\":\"WebSite\",\"@id\":\"https:\\\/\\\/lasentinelle.dz\\\/#website\",\"url\":\"https:\\\/\\\/lasentinelle.dz\\\/\",\"name\":\"La Sentinelle\",\"description\":\"Quotidien national d&#039;information\",\"publisher\":{\"@id\":\"https:\\\/\\\/lasentinelle.dz\\\/#organization\"},\"potentialAction\":[{\"@type\":\"SearchAction\",\"target\":{\"@type\":\"EntryPoint\",\"urlTemplate\":\"https:\\\/\\\/lasentinelle.dz\\\/?s={search_term_string}\"},\"query-input\":{\"@type\":\"PropertyValueSpecification\",\"valueRequired\":true,\"valueName\":\"search_term_string\"}}],\"inLanguage\":\"fr-FR\"},{\"@type\":\"Organization\",\"@id\":\"https:\\\/\\\/lasentinelle.dz\\\/#organization\",\"name\":\"Quotidien La Sentinelle\",\"url\":\"https:\\\/\\\/lasentinelle.dz\\\/\",\"logo\":{\"@type\":\"ImageObject\",\"inLanguage\":\"fr-FR\",\"@id\":\"https:\\\/\\\/lasentinelle.dz\\\/#\\\/schema\\\/logo\\\/image\\\/\",\"url\":\"https:\\\/\\\/lasentinelle.dz\\\/wp-content\\\/uploads\\\/2021\\\/09\\\/logo-sentinelleSLOGAN-1.png\",\"contentUrl\":\"https:\\\/\\\/lasentinelle.dz\\\/wp-content\\\/uploads\\\/2021\\\/09\\\/logo-sentinelleSLOGAN-1.png\",\"width\":615,\"height\":142,\"caption\":\"Quotidien La Sentinelle\"},\"image\":{\"@id\":\"https:\\\/\\\/lasentinelle.dz\\\/#\\\/schema\\\/logo\\\/image\\\/\"},\"sameAs\":[\"https:\\\/\\\/www.facebook.com\\\/La-Sentinelle-104059864394773\"]},{\"@type\":\"Person\",\"@id\":\"https:\\\/\\\/lasentinelle.dz\\\/#\\\/schema\\\/person\\\/729ee0024f24e0b8c5ec17232f8e8b41\",\"name\":\"admin\",\"image\":{\"@type\":\"ImageObject\",\"inLanguage\":\"fr-FR\",\"@id\":\"https:\\\/\\\/secure.gravatar.com\\\/avatar\\\/4c81fed838786e9b53f540bf46533e750f5d292099ae3b66cfc6fb1982e29df7?s=96&d=mm&r=g\",\"url\":\"https:\\\/\\\/secure.gravatar.com\\\/avatar\\\/4c81fed838786e9b53f540bf46533e750f5d292099ae3b66cfc6fb1982e29df7?s=96&d=mm&r=g\",\"contentUrl\":\"https:\\\/\\\/secure.gravatar.com\\\/avatar\\\/4c81fed838786e9b53f540bf46533e750f5d292099ae3b66cfc6fb1982e29df7?s=96&d=mm&r=g\",\"caption\":\"admin\"},\"description\":\"admin\",\"url\":\"https:\\\/\\\/lasentinelle.dz\\\/author\\\/admin\\\/\"}]}<\/script>\n<!-- \/ Yoast SEO plugin. -->","yoast_head_json":{"title":"Conflit en Ukraine: Poutine ordonne un cessez-le feu jusqu&rsquo;\u00e0 lundi pour P\u00e2ques - La Sentinelle","robots":{"index":"index","follow":"follow","max-snippet":"max-snippet:-1","max-image-preview":"max-image-preview:large","max-video-preview":"max-video-preview:-1"},"canonical":"https:\/\/lasentinelle.dz\/index.php\/2025\/04\/20\/conflit-en-ukraine-poutine-ordonne-un-cessez-le-feu-jusqua-lundi-pour-paques\/","og_locale":"fr_FR","og_type":"article","og_title":"Conflit en Ukraine: Poutine ordonne un cessez-le feu jusqu&rsquo;\u00e0 lundi pour P\u00e2ques - La Sentinelle","og_description":"Le pr\u00e9sident russe Vladimir Poutine a ordonn\u00e9 un cessez-le-feu en Ukraine durant les f\u00eates de P\u00e2ques, a fait savoir le","og_url":"https:\/\/lasentinelle.dz\/index.php\/2025\/04\/20\/conflit-en-ukraine-poutine-ordonne-un-cessez-le-feu-jusqua-lundi-pour-paques\/","og_site_name":"La Sentinelle","article_publisher":"https:\/\/www.facebook.com\/La-Sentinelle-104059864394773","article_published_time":"2025-04-20T10:38:41+00:00","article_modified_time":"2025-04-20T10:38:42+00:00","og_image":[{"width":1800,"height":900,"url":"https:\/\/lasentinelle.dz\/wp-content\/uploads\/2022\/11\/Poutine.png","type":"image\/png"}],"author":"admin","twitter_card":"summary_large_image","twitter_misc":{"\u00c9crit par":"admin","Dur\u00e9e de lecture estim\u00e9e":"2 minutes"},"schema":{"@context":"https:\/\/schema.org","@graph":[{"@type":"Article","@id":"https:\/\/lasentinelle.dz\/index.php\/2025\/04\/20\/conflit-en-ukraine-poutine-ordonne-un-cessez-le-feu-jusqua-lundi-pour-paques\/#article","isPartOf":{"@id":"https:\/\/lasentinelle.dz\/index.php\/2025\/04\/20\/conflit-en-ukraine-poutine-ordonne-un-cessez-le-feu-jusqua-lundi-pour-paques\/"},"author":{"name":"admin","@id":"https:\/\/lasentinelle.dz\/#\/schema\/person\/729ee0024f24e0b8c5ec17232f8e8b41"},"headline":"Conflit en Ukraine: Poutine ordonne un cessez-le feu jusqu&rsquo;\u00e0 lundi pour P\u00e2ques","datePublished":"2025-04-20T10:38:41+00:00","dateModified":"2025-04-20T10:38:42+00:00","mainEntityOfPage":{"@id":"https:\/\/lasentinelle.dz\/index.php\/2025\/04\/20\/conflit-en-ukraine-poutine-ordonne-un-cessez-le-feu-jusqua-lundi-pour-paques\/"},"wordCount":211,"commentCount":0,"publisher":{"@id":"https:\/\/lasentinelle.dz\/#organization"},"image":{"@id":"https:\/\/lasentinelle.dz\/index.php\/2025\/04\/20\/conflit-en-ukraine-poutine-ordonne-un-cessez-le-feu-jusqua-lundi-pour-paques\/#primaryimage"},"thumbnailUrl":"https:\/\/lasentinelle.dz\/wp-content\/uploads\/2022\/11\/Poutine.png","articleSection":["Monde"],"inLanguage":"fr-FR","potentialAction":[{"@type":"CommentAction","name":"Comment","target":["https:\/\/lasentinelle.dz\/index.php\/2025\/04\/20\/conflit-en-ukraine-poutine-ordonne-un-cessez-le-feu-jusqua-lundi-pour-paques\/#respond"]}]},{"@type":"WebPage","@id":"https:\/\/lasentinelle.dz\/index.php\/2025\/04\/20\/conflit-en-ukraine-poutine-ordonne-un-cessez-le-feu-jusqua-lundi-pour-paques\/","url":"https:\/\/lasentinelle.dz\/index.php\/2025\/04\/20\/conflit-en-ukraine-poutine-ordonne-un-cessez-le-feu-jusqua-lundi-pour-paques\/","name":"Conflit en Ukraine: Poutine ordonne un cessez-le feu jusqu&rsquo;\u00e0 lundi pour P\u00e2ques - La Sentinelle","isPartOf":{"@id":"https:\/\/lasentinelle.dz\/#website"},"primaryImageOfPage":{"@id":"https:\/\/lasentinelle.dz\/index.php\/2025\/04\/20\/conflit-en-ukraine-poutine-ordonne-un-cessez-le-feu-jusqua-lundi-pour-paques\/#primaryimage"},"image":{"@id":"https:\/\/lasentinelle.dz\/index.php\/2025\/04\/20\/conflit-en-ukraine-poutine-ordonne-un-cessez-le-feu-jusqua-lundi-pour-paques\/#primaryimage"},"thumbnailUrl":"https:\/\/lasentinelle.dz\/wp-content\/uploads\/2022\/11\/Poutine.png","datePublished":"2025-04-20T10:38:41+00:00","dateModified":"2025-04-20T10:38:42+00:00","breadcrumb":{"@id":"https:\/\/lasentinelle.dz\/index.php\/2025\/04\/20\/conflit-en-ukraine-poutine-ordonne-un-cessez-le-feu-jusqua-lundi-pour-paques\/#breadcrumb"},"inLanguage":"fr-FR","potentialAction":[{"@type":"ReadAction","target":["https:\/\/lasentinelle.dz\/index.php\/2025\/04\/20\/conflit-en-ukraine-poutine-ordonne-un-cessez-le-feu-jusqua-lundi-pour-paques\/"]}]},{"@type":"ImageObject","inLanguage":"fr-FR","@id":"https:\/\/lasentinelle.dz\/index.php\/2025\/04\/20\/conflit-en-ukraine-poutine-ordonne-un-cessez-le-feu-jusqua-lundi-pour-paques\/#primaryimage","url":"https:\/\/lasentinelle.dz\/wp-content\/uploads\/2022\/11\/Poutine.png","contentUrl":"https:\/\/lasentinelle.dz\/wp-content\/uploads\/2022\/11\/Poutine.png","width":1800,"height":900},{"@type":"BreadcrumbList","@id":"https:\/\/lasentinelle.dz\/index.php\/2025\/04\/20\/conflit-en-ukraine-poutine-ordonne-un-cessez-le-feu-jusqua-lundi-pour-paques\/#breadcrumb","itemListElement":[{"@type":"ListItem","position":1,"name":"Accueil","item":"https:\/\/lasentinelle.dz\/"},{"@type":"ListItem","position":2,"name":"Conflit en Ukraine: Poutine ordonne un cessez-le feu jusqu&rsquo;\u00e0 lundi pour P\u00e2ques"}]},{"@type":"WebSite","@id":"https:\/\/lasentinelle.dz\/#website","url":"https:\/\/lasentinelle.dz\/","name":"La Sentinelle","description":"Quotidien national d&#039;information","publisher":{"@id":"https:\/\/lasentinelle.dz\/#organization"},"potentialAction":[{"@type":"SearchAction","target":{"@type":"EntryPoint","urlTemplate":"https:\/\/lasentinelle.dz\/?s={search_term_string}"},"query-input":{"@type":"PropertyValueSpecification","valueRequired":true,"valueName":"search_term_string"}}],"inLanguage":"fr-FR"},{"@type":"Organization","@id":"https:\/\/lasentinelle.dz\/#organization","name":"Quotidien La Sentinelle","url":"https:\/\/lasentinelle.dz\/","logo":{"@type":"ImageObject","inLanguage":"fr-FR","@id":"https:\/\/lasentinelle.dz\/#\/schema\/logo\/image\/","url":"https:\/\/lasentinelle.dz\/wp-content\/uploads\/2021\/09\/logo-sentinelleSLOGAN-1.png","contentUrl":"https:\/\/lasentinelle.dz\/wp-content\/uploads\/2021\/09\/logo-sentinelleSLOGAN-1.png","width":615,"height":142,"caption":"Quotidien La Sentinelle"},"image":{"@id":"https:\/\/lasentinelle.dz\/#\/schema\/logo\/image\/"},"sameAs":["https:\/\/www.facebook.com\/La-Sentinelle-104059864394773"]},{"@type":"Person","@id":"https:\/\/lasentinelle.dz\/#\/schema\/person\/729ee0024f24e0b8c5ec17232f8e8b41","name":"admin","image":{"@type":"ImageObject","inLanguage":"fr-FR","@id":"https:\/\/secure.gravatar.com\/avatar\/4c81fed838786e9b53f540bf46533e750f5d292099ae3b66cfc6fb1982e29df7?s=96&d=mm&r=g","url":"https:\/\/secure.gravatar.com\/avatar\/4c81fed838786e9b53f540bf46533e750f5d292099ae3b66cfc6fb1982e29df7?s=96&d=mm&r=g","contentUrl":"https:\/\/secure.gravatar.com\/avatar\/4c81fed838786e9b53f540bf46533e750f5d292099ae3b66cfc6fb1982e29df7?s=96&d=mm&r=g","caption":"admin"},"description":"admin","url":"https:\/\/lasentinelle.dz\/author\/admin\/"}]}},"_links":{"self":[{"href":"https:\/\/lasentinelle.dz\/index.php\/wp-json\/wp\/v2\/posts\/65955","targetHints":{"allow":["GET"]}}],"collection":[{"href":"https:\/\/lasentinelle.dz\/index.php\/wp-json\/wp\/v2\/posts"}],"about":[{"href":"https:\/\/lasentinelle.dz\/index.php\/wp-json\/wp\/v2\/types\/post"}],"author":[{"embeddable":true,"href":"https:\/\/lasentinelle.dz\/index.php\/wp-json\/wp\/v2\/users\/6"}],"replies":[{"embeddable":true,"href":"https:\/\/lasentinelle.dz\/index.php\/wp-json\/wp\/v2\/comments?post=65955"}],"version-history":[{"count":2,"href":"https:\/\/lasentinelle.dz\/index.php\/wp-json\/wp\/v2\/posts\/65955\/revisions"}],"predecessor-version":[{"id":65957,"href":"https:\/\/lasentinelle.dz\/index.php\/wp-json\/wp\/v2\/posts\/65955\/revisions\/65957"}],"wp:featuredmedia":[{"embeddable":true,"href":"https:\/\/lasentinelle.dz\/index.php\/wp-json\/wp\/v2\/media\/29958"}],"wp:attachment":[{"href":"https:\/\/lasentinelle.dz\/index.php\/wp-json\/wp\/v2\/media?parent=65955"}],"wp:term":[{"taxonomy":"category","embeddable":true,"href":"https:\/\/lasentinelle.dz\/index.php\/wp-json\/wp\/v2\/categories?post=65955"},{"taxonomy":"post_tag","embeddable":true,"href":"https:\/\/lasentinelle.dz\/index.php\/wp-json\/wp\/v2\/tags?post=65955"}],"curies":[{"name":"wp","href":"https:\/\/api.w.org\/{rel}","templated":true}]}}