{"id":65973,"date":"2025-04-20T11:50:52","date_gmt":"2025-04-20T10:50:52","guid":{"rendered":"https:\/\/lasentinelle.dz\/?p=65973"},"modified":"2025-04-20T11:50:54","modified_gmt":"2025-04-20T10:50:54","slug":"championnats-dafrique-de-judo-dix-sept-judokas-algeriens-a-abidjan","status":"publish","type":"post","link":"https:\/\/lasentinelle.dz\/index.php\/2025\/04\/20\/championnats-dafrique-de-judo-dix-sept-judokas-algeriens-a-abidjan\/","title":{"rendered":"Championnats d&rsquo;Afrique de judo : Dix-sept judokas alg\u00e9riens \u00e0 Abidjan"},"content":{"rendered":"\n<p>L&rsquo;Alg\u00e9rie d\u00e9voile ses armes pour la conqu\u00eate africaine \u00e0 quelques jours du grand rendez-vous continental. Dix-sept judokas alg\u00e9riens (neuf hommes et huit femmes) s&rsquo;appr\u00eatent \u00e0 d\u00e9fendre les couleurs nationales lors des Championnats d&rsquo;Afrique Individuels seniors qui se tiendront les 25 et 26 avril \u00e0 Abidjan, en C\u00f4te d&rsquo;Ivoire.<\/p>\n\n\n\n<p>La liste officielle des participants a \u00e9t\u00e9 communiqu\u00e9e vendredi par les organisateurs, confirmant la pr\u00e9sence d&rsquo;une d\u00e9l\u00e9gation alg\u00e9rienne solide et ambitieuse pour cette comp\u00e9tition majeure du calendrier continental. Dans la cat\u00e9gorie masculine, l&rsquo;Alg\u00e9rie misera sur un m\u00e9lange d&rsquo;exp\u00e9rience et de jeunesse avec Salim Rebahi engag\u00e9 en -60 kg, tandis que la cat\u00e9gorie des -66 kg sera doublement repr\u00e9sent\u00e9e par Rachid Cherrad et Ka\u00efs Moudatere. En -73 kg, Driss Messaoud Redouane et Ahmed Mehibel porteront les espoirs alg\u00e9riens. Achour Denni d\u00e9fendra les chances nationales en -81 kg, suivi de Lokmane Daroul en -90 kg et Zakaria Benattia en -100 kg. Dans la cat\u00e9gorie reine des poids lourds (+100 kg), c&rsquo;est Mustapha Yasser Bouamar qui tentera de d\u00e9crocher une m\u00e9daille. Du c\u00f4t\u00e9 f\u00e9minin, la Direction technique nationale a fait confiance \u00e0 Houaria Kaddour (-48 kg), Fa\u00efza A\u00efssahine (-52 kg), l&rsquo;une des valeurs s\u00fbres du judo alg\u00e9rien, et Khadidja Bekheira (-57 kg). La cat\u00e9gorie des -63 kg verra une double repr\u00e9sentation alg\u00e9rienne avec Amina Belkadi et Cha\u00efma Kaddour. Louiza Ichallal sera en lice dans la cat\u00e9gorie des -70 kg, tandis que Dyhia Benchallal (-78 kg) et Meroua Mammeri (+78 kg) compl\u00e8tent cette s\u00e9lection f\u00e9minine \u00e9quilibr\u00e9e. Selon les donn\u00e9es communiqu\u00e9es par les organisateurs, cette \u00e9dition 2025 des Championnats d&rsquo;Afrique seniors promet d&rsquo;\u00eatre particuli\u00e8rement relev\u00e9e avec 203 judokas d\u00e9j\u00e0 confirm\u00e9s, repr\u00e9sentant 25 nations. Les 114 athl\u00e8tes masculins et 89 f\u00e9minines se disputeront les titres continentaux dans un tournoi qui s&rsquo;annonce hautement comp\u00e9titif. L&rsquo;Angola arrive en t\u00eate en termes d&rsquo;effectifs avec 18 judokas engag\u00e9s, suivi de pr\u00e8s par l&rsquo;Alg\u00e9rie et la Tunisie qui alignent chacune 17 athl\u00e8tes. L&rsquo;\u00c9gypte, traditionnelle puissance du judo africain, sera pr\u00e9sente avec 16 combattants, tandis que le Congo compl\u00e8te le top 5 avec 15 judokas. \u00c0 l&rsquo;autre extr\u00e9mit\u00e9 du spectre, certaines nations comme le Gabon, Djibouti et Eswatini ne seront repr\u00e9sent\u00e9es que par un seul athl\u00e8te, illustrant les disparit\u00e9s qui persistent dans le d\u00e9veloppement du judo \u00e0 travers le continent. Pour aborder cette \u00e9ch\u00e9ance continentale dans les meilleures conditions, les s\u00e9lections nationales alg\u00e9riennes ont b\u00e9n\u00e9fici\u00e9 d&rsquo;une pr\u00e9paration minutieuse. Un stage bloqu\u00e9 s&rsquo;est d\u00e9roul\u00e9 en mars dernier \u00e0 Alger, rassemblant initialement une cinquantaine d&rsquo;athl\u00e8tes. \u00c0 l&rsquo;issue de cette p\u00e9riode intensive d&rsquo;entra\u00eenement et d&rsquo;\u00e9valuation, la Direction technique nationale a proc\u00e9d\u00e9 \u00e0 une s\u00e9lection rigoureuse pour ne retenir que les 17 judokas jug\u00e9s les plus aptes \u00e0 d\u00e9fendre les couleurs nationales et \u00e0 viser des m\u00e9dailles \u00e0 Abidjan. Cette comp\u00e9tition rev\u00eat une importance particuli\u00e8re dans le calendrier international, alors que la course \u00e0 la qualification olympique bat son plein \u00e0 quelques mois des Jeux de Paris. Pour plusieurs judokas alg\u00e9riens, ces championnats repr\u00e9sentent une opportunit\u00e9 pr\u00e9cieuse d&rsquo;engranger des points au classement mondial et de renforcer leurs chances de qualification olympique, tout en confirmant la place de l&rsquo;Alg\u00e9rie parmi les nations majeures du judo africain.<\/p>\n\n\n\n<p><strong>M. Dahleb<\/strong><\/p>\n","protected":false},"excerpt":{"rendered":"<p>L&rsquo;Alg\u00e9rie d\u00e9voile ses armes pour la conqu\u00eate africaine \u00e0 quelques jours du grand rendez-vous continental. Dix-sept judokas alg\u00e9riens (neuf hommes<\/p>\n","protected":false},"author":6,"featured_media":65974,"comment_status":"open","ping_status":"closed","sticky":false,"template":"","format":"standard","meta":{"colormag_page_container_layout":"default_layout","colormag_page_sidebar_layout":"default_layout","om_disable_all_campaigns":false,"_monsterinsights_skip_tracking":false,"_monsterinsights_sitenote_active":false,"_monsterinsights_sitenote_note":"","_monsterinsights_sitenote_category":0,"footnotes":"","_wpscppro_dont_share_socialmedia":false,"_wpscppro_custom_social_share_image":0,"_facebook_share_type":"default","_twitter_share_type":"default","_linkedin_share_type":"default","_pinterest_share_type":"default","_linkedin_share_type_page":"","_instagram_share_type":"default","_medium_share_type":"default","_threads_share_type":"","_google_business_share_type":"","_selected_social_profile":[],"_wpsp_enable_custom_social_template":false,"_wpsp_social_scheduling":{"enabled":false,"datetime":null,"platforms":[],"status":"template_only","dateOption":"today","timeOption":"now","customDays":"","customHours":"","customDate":"","customTime":"","schedulingType":"absolute"},"_wpsp_active_default_template":true},"categories":[33],"tags":[],"class_list":["post-65973","post","type-post","status-publish","format-standard","has-post-thumbnail","hentry","category-sports"],"aioseo_notices":[],"yoast_head":"<!-- This site is optimized with the Yoast SEO plugin v27.5 - https:\/\/yoast.com\/product\/yoast-seo-wordpress\/ -->\n<title>Championnats d&rsquo;Afrique de judo : Dix-sept judokas alg\u00e9riens \u00e0 Abidjan - La Sentinelle<\/title>\n<meta name=\"robots\" content=\"index, follow, max-snippet:-1, max-image-preview:large, max-video-preview:-1\" \/>\n<link rel=\"canonical\" href=\"https:\/\/lasentinelle.dz\/index.php\/2025\/04\/20\/championnats-dafrique-de-judo-dix-sept-judokas-algeriens-a-abidjan\/\" \/>\n<meta property=\"og:locale\" content=\"fr_FR\" \/>\n<meta property=\"og:type\" content=\"article\" \/>\n<meta property=\"og:title\" content=\"Championnats d&rsquo;Afrique de judo : Dix-sept judokas alg\u00e9riens \u00e0 Abidjan - La Sentinelle\" \/>\n<meta property=\"og:description\" content=\"L&rsquo;Alg\u00e9rie d\u00e9voile ses armes pour la conqu\u00eate africaine \u00e0 quelques jours du grand rendez-vous continental. Dix-sept judokas alg\u00e9riens (neuf hommes\" \/>\n<meta property=\"og:url\" content=\"https:\/\/lasentinelle.dz\/index.php\/2025\/04\/20\/championnats-dafrique-de-judo-dix-sept-judokas-algeriens-a-abidjan\/\" \/>\n<meta property=\"og:site_name\" content=\"La Sentinelle\" \/>\n<meta property=\"article:publisher\" content=\"https:\/\/www.facebook.com\/La-Sentinelle-104059864394773\" \/>\n<meta property=\"article:published_time\" content=\"2025-04-20T10:50:52+00:00\" \/>\n<meta property=\"article:modified_time\" content=\"2025-04-20T10:50:54+00:00\" \/>\n<meta property=\"og:image\" content=\"https:\/\/lasentinelle.dz\/wp-content\/uploads\/2025\/04\/judo.jpeg\" \/>\n\t<meta property=\"og:image:width\" content=\"1000\" \/>\n\t<meta property=\"og:image:height\" content=\"600\" \/>\n\t<meta property=\"og:image:type\" content=\"image\/jpeg\" \/>\n<meta name=\"author\" content=\"admin\" \/>\n<meta name=\"twitter:card\" content=\"summary_large_image\" \/>\n<meta name=\"twitter:label1\" content=\"\u00c9crit par\" \/>\n\t<meta name=\"twitter:data1\" content=\"admin\" \/>\n\t<meta name=\"twitter:label2\" content=\"Dur\u00e9e de lecture estim\u00e9e\" \/>\n\t<meta name=\"twitter:data2\" content=\"3 minutes\" \/>\n<script type=\"application\/ld+json\" class=\"yoast-schema-graph\">{\"@context\":\"https:\\\/\\\/schema.org\",\"@graph\":[{\"@type\":\"Article\",\"@id\":\"https:\\\/\\\/lasentinelle.dz\\\/index.php\\\/2025\\\/04\\\/20\\\/championnats-dafrique-de-judo-dix-sept-judokas-algeriens-a-abidjan\\\/#article\",\"isPartOf\":{\"@id\":\"https:\\\/\\\/lasentinelle.dz\\\/index.php\\\/2025\\\/04\\\/20\\\/championnats-dafrique-de-judo-dix-sept-judokas-algeriens-a-abidjan\\\/\"},\"author\":{\"name\":\"admin\",\"@id\":\"https:\\\/\\\/lasentinelle.dz\\\/#\\\/schema\\\/person\\\/729ee0024f24e0b8c5ec17232f8e8b41\"},\"headline\":\"Championnats d&rsquo;Afrique de judo : Dix-sept judokas alg\u00e9riens \u00e0 Abidjan\",\"datePublished\":\"2025-04-20T10:50:52+00:00\",\"dateModified\":\"2025-04-20T10:50:54+00:00\",\"mainEntityOfPage\":{\"@id\":\"https:\\\/\\\/lasentinelle.dz\\\/index.php\\\/2025\\\/04\\\/20\\\/championnats-dafrique-de-judo-dix-sept-judokas-algeriens-a-abidjan\\\/\"},\"wordCount\":602,\"commentCount\":0,\"publisher\":{\"@id\":\"https:\\\/\\\/lasentinelle.dz\\\/#organization\"},\"image\":{\"@id\":\"https:\\\/\\\/lasentinelle.dz\\\/index.php\\\/2025\\\/04\\\/20\\\/championnats-dafrique-de-judo-dix-sept-judokas-algeriens-a-abidjan\\\/#primaryimage\"},\"thumbnailUrl\":\"https:\\\/\\\/lasentinelle.dz\\\/wp-content\\\/uploads\\\/2025\\\/04\\\/judo.jpeg\",\"articleSection\":[\"Sports\"],\"inLanguage\":\"fr-FR\",\"potentialAction\":[{\"@type\":\"CommentAction\",\"name\":\"Comment\",\"target\":[\"https:\\\/\\\/lasentinelle.dz\\\/index.php\\\/2025\\\/04\\\/20\\\/championnats-dafrique-de-judo-dix-sept-judokas-algeriens-a-abidjan\\\/#respond\"]}]},{\"@type\":\"WebPage\",\"@id\":\"https:\\\/\\\/lasentinelle.dz\\\/index.php\\\/2025\\\/04\\\/20\\\/championnats-dafrique-de-judo-dix-sept-judokas-algeriens-a-abidjan\\\/\",\"url\":\"https:\\\/\\\/lasentinelle.dz\\\/index.php\\\/2025\\\/04\\\/20\\\/championnats-dafrique-de-judo-dix-sept-judokas-algeriens-a-abidjan\\\/\",\"name\":\"Championnats d&rsquo;Afrique de judo : Dix-sept judokas alg\u00e9riens \u00e0 Abidjan - La Sentinelle\",\"isPartOf\":{\"@id\":\"https:\\\/\\\/lasentinelle.dz\\\/#website\"},\"primaryImageOfPage\":{\"@id\":\"https:\\\/\\\/lasentinelle.dz\\\/index.php\\\/2025\\\/04\\\/20\\\/championnats-dafrique-de-judo-dix-sept-judokas-algeriens-a-abidjan\\\/#primaryimage\"},\"image\":{\"@id\":\"https:\\\/\\\/lasentinelle.dz\\\/index.php\\\/2025\\\/04\\\/20\\\/championnats-dafrique-de-judo-dix-sept-judokas-algeriens-a-abidjan\\\/#primaryimage\"},\"thumbnailUrl\":\"https:\\\/\\\/lasentinelle.dz\\\/wp-content\\\/uploads\\\/2025\\\/04\\\/judo.jpeg\",\"datePublished\":\"2025-04-20T10:50:52+00:00\",\"dateModified\":\"2025-04-20T10:50:54+00:00\",\"breadcrumb\":{\"@id\":\"https:\\\/\\\/lasentinelle.dz\\\/index.php\\\/2025\\\/04\\\/20\\\/championnats-dafrique-de-judo-dix-sept-judokas-algeriens-a-abidjan\\\/#breadcrumb\"},\"inLanguage\":\"fr-FR\",\"potentialAction\":[{\"@type\":\"ReadAction\",\"target\":[\"https:\\\/\\\/lasentinelle.dz\\\/index.php\\\/2025\\\/04\\\/20\\\/championnats-dafrique-de-judo-dix-sept-judokas-algeriens-a-abidjan\\\/\"]}]},{\"@type\":\"ImageObject\",\"inLanguage\":\"fr-FR\",\"@id\":\"https:\\\/\\\/lasentinelle.dz\\\/index.php\\\/2025\\\/04\\\/20\\\/championnats-dafrique-de-judo-dix-sept-judokas-algeriens-a-abidjan\\\/#primaryimage\",\"url\":\"https:\\\/\\\/lasentinelle.dz\\\/wp-content\\\/uploads\\\/2025\\\/04\\\/judo.jpeg\",\"contentUrl\":\"https:\\\/\\\/lasentinelle.dz\\\/wp-content\\\/uploads\\\/2025\\\/04\\\/judo.jpeg\",\"width\":1000,\"height\":600},{\"@type\":\"BreadcrumbList\",\"@id\":\"https:\\\/\\\/lasentinelle.dz\\\/index.php\\\/2025\\\/04\\\/20\\\/championnats-dafrique-de-judo-dix-sept-judokas-algeriens-a-abidjan\\\/#breadcrumb\",\"itemListElement\":[{\"@type\":\"ListItem\",\"position\":1,\"name\":\"Accueil\",\"item\":\"https:\\\/\\\/lasentinelle.dz\\\/\"},{\"@type\":\"ListItem\",\"position\":2,\"name\":\"Championnats d&rsquo;Afrique de judo : Dix-sept judokas alg\u00e9riens \u00e0 Abidjan\"}]},{\"@type\":\"WebSite\",\"@id\":\"https:\\\/\\\/lasentinelle.dz\\\/#website\",\"url\":\"https:\\\/\\\/lasentinelle.dz\\\/\",\"name\":\"La Sentinelle\",\"description\":\"Quotidien national d&#039;information\",\"publisher\":{\"@id\":\"https:\\\/\\\/lasentinelle.dz\\\/#organization\"},\"potentialAction\":[{\"@type\":\"SearchAction\",\"target\":{\"@type\":\"EntryPoint\",\"urlTemplate\":\"https:\\\/\\\/lasentinelle.dz\\\/?s={search_term_string}\"},\"query-input\":{\"@type\":\"PropertyValueSpecification\",\"valueRequired\":true,\"valueName\":\"search_term_string\"}}],\"inLanguage\":\"fr-FR\"},{\"@type\":\"Organization\",\"@id\":\"https:\\\/\\\/lasentinelle.dz\\\/#organization\",\"name\":\"Quotidien La Sentinelle\",\"url\":\"https:\\\/\\\/lasentinelle.dz\\\/\",\"logo\":{\"@type\":\"ImageObject\",\"inLanguage\":\"fr-FR\",\"@id\":\"https:\\\/\\\/lasentinelle.dz\\\/#\\\/schema\\\/logo\\\/image\\\/\",\"url\":\"https:\\\/\\\/lasentinelle.dz\\\/wp-content\\\/uploads\\\/2021\\\/09\\\/logo-sentinelleSLOGAN-1.png\",\"contentUrl\":\"https:\\\/\\\/lasentinelle.dz\\\/wp-content\\\/uploads\\\/2021\\\/09\\\/logo-sentinelleSLOGAN-1.png\",\"width\":615,\"height\":142,\"caption\":\"Quotidien La Sentinelle\"},\"image\":{\"@id\":\"https:\\\/\\\/lasentinelle.dz\\\/#\\\/schema\\\/logo\\\/image\\\/\"},\"sameAs\":[\"https:\\\/\\\/www.facebook.com\\\/La-Sentinelle-104059864394773\"]},{\"@type\":\"Person\",\"@id\":\"https:\\\/\\\/lasentinelle.dz\\\/#\\\/schema\\\/person\\\/729ee0024f24e0b8c5ec17232f8e8b41\",\"name\":\"admin\",\"image\":{\"@type\":\"ImageObject\",\"inLanguage\":\"fr-FR\",\"@id\":\"https:\\\/\\\/secure.gravatar.com\\\/avatar\\\/4c81fed838786e9b53f540bf46533e750f5d292099ae3b66cfc6fb1982e29df7?s=96&d=mm&r=g\",\"url\":\"https:\\\/\\\/secure.gravatar.com\\\/avatar\\\/4c81fed838786e9b53f540bf46533e750f5d292099ae3b66cfc6fb1982e29df7?s=96&d=mm&r=g\",\"contentUrl\":\"https:\\\/\\\/secure.gravatar.com\\\/avatar\\\/4c81fed838786e9b53f540bf46533e750f5d292099ae3b66cfc6fb1982e29df7?s=96&d=mm&r=g\",\"caption\":\"admin\"},\"description\":\"admin\",\"url\":\"https:\\\/\\\/lasentinelle.dz\\\/author\\\/admin\\\/\"}]}<\/script>\n<!-- \/ Yoast SEO plugin. -->","yoast_head_json":{"title":"Championnats d&rsquo;Afrique de judo : Dix-sept judokas alg\u00e9riens \u00e0 Abidjan - La Sentinelle","robots":{"index":"index","follow":"follow","max-snippet":"max-snippet:-1","max-image-preview":"max-image-preview:large","max-video-preview":"max-video-preview:-1"},"canonical":"https:\/\/lasentinelle.dz\/index.php\/2025\/04\/20\/championnats-dafrique-de-judo-dix-sept-judokas-algeriens-a-abidjan\/","og_locale":"fr_FR","og_type":"article","og_title":"Championnats d&rsquo;Afrique de judo : Dix-sept judokas alg\u00e9riens \u00e0 Abidjan - La Sentinelle","og_description":"L&rsquo;Alg\u00e9rie d\u00e9voile ses armes pour la conqu\u00eate africaine \u00e0 quelques jours du grand rendez-vous continental. Dix-sept judokas alg\u00e9riens (neuf hommes","og_url":"https:\/\/lasentinelle.dz\/index.php\/2025\/04\/20\/championnats-dafrique-de-judo-dix-sept-judokas-algeriens-a-abidjan\/","og_site_name":"La Sentinelle","article_publisher":"https:\/\/www.facebook.com\/La-Sentinelle-104059864394773","article_published_time":"2025-04-20T10:50:52+00:00","article_modified_time":"2025-04-20T10:50:54+00:00","og_image":[{"width":1000,"height":600,"url":"https:\/\/lasentinelle.dz\/wp-content\/uploads\/2025\/04\/judo.jpeg","type":"image\/jpeg"}],"author":"admin","twitter_card":"summary_large_image","twitter_misc":{"\u00c9crit par":"admin","Dur\u00e9e de lecture estim\u00e9e":"3 minutes"},"schema":{"@context":"https:\/\/schema.org","@graph":[{"@type":"Article","@id":"https:\/\/lasentinelle.dz\/index.php\/2025\/04\/20\/championnats-dafrique-de-judo-dix-sept-judokas-algeriens-a-abidjan\/#article","isPartOf":{"@id":"https:\/\/lasentinelle.dz\/index.php\/2025\/04\/20\/championnats-dafrique-de-judo-dix-sept-judokas-algeriens-a-abidjan\/"},"author":{"name":"admin","@id":"https:\/\/lasentinelle.dz\/#\/schema\/person\/729ee0024f24e0b8c5ec17232f8e8b41"},"headline":"Championnats d&rsquo;Afrique de judo : Dix-sept judokas alg\u00e9riens \u00e0 Abidjan","datePublished":"2025-04-20T10:50:52+00:00","dateModified":"2025-04-20T10:50:54+00:00","mainEntityOfPage":{"@id":"https:\/\/lasentinelle.dz\/index.php\/2025\/04\/20\/championnats-dafrique-de-judo-dix-sept-judokas-algeriens-a-abidjan\/"},"wordCount":602,"commentCount":0,"publisher":{"@id":"https:\/\/lasentinelle.dz\/#organization"},"image":{"@id":"https:\/\/lasentinelle.dz\/index.php\/2025\/04\/20\/championnats-dafrique-de-judo-dix-sept-judokas-algeriens-a-abidjan\/#primaryimage"},"thumbnailUrl":"https:\/\/lasentinelle.dz\/wp-content\/uploads\/2025\/04\/judo.jpeg","articleSection":["Sports"],"inLanguage":"fr-FR","potentialAction":[{"@type":"CommentAction","name":"Comment","target":["https:\/\/lasentinelle.dz\/index.php\/2025\/04\/20\/championnats-dafrique-de-judo-dix-sept-judokas-algeriens-a-abidjan\/#respond"]}]},{"@type":"WebPage","@id":"https:\/\/lasentinelle.dz\/index.php\/2025\/04\/20\/championnats-dafrique-de-judo-dix-sept-judokas-algeriens-a-abidjan\/","url":"https:\/\/lasentinelle.dz\/index.php\/2025\/04\/20\/championnats-dafrique-de-judo-dix-sept-judokas-algeriens-a-abidjan\/","name":"Championnats d&rsquo;Afrique de judo : Dix-sept judokas alg\u00e9riens \u00e0 Abidjan - La Sentinelle","isPartOf":{"@id":"https:\/\/lasentinelle.dz\/#website"},"primaryImageOfPage":{"@id":"https:\/\/lasentinelle.dz\/index.php\/2025\/04\/20\/championnats-dafrique-de-judo-dix-sept-judokas-algeriens-a-abidjan\/#primaryimage"},"image":{"@id":"https:\/\/lasentinelle.dz\/index.php\/2025\/04\/20\/championnats-dafrique-de-judo-dix-sept-judokas-algeriens-a-abidjan\/#primaryimage"},"thumbnailUrl":"https:\/\/lasentinelle.dz\/wp-content\/uploads\/2025\/04\/judo.jpeg","datePublished":"2025-04-20T10:50:52+00:00","dateModified":"2025-04-20T10:50:54+00:00","breadcrumb":{"@id":"https:\/\/lasentinelle.dz\/index.php\/2025\/04\/20\/championnats-dafrique-de-judo-dix-sept-judokas-algeriens-a-abidjan\/#breadcrumb"},"inLanguage":"fr-FR","potentialAction":[{"@type":"ReadAction","target":["https:\/\/lasentinelle.dz\/index.php\/2025\/04\/20\/championnats-dafrique-de-judo-dix-sept-judokas-algeriens-a-abidjan\/"]}]},{"@type":"ImageObject","inLanguage":"fr-FR","@id":"https:\/\/lasentinelle.dz\/index.php\/2025\/04\/20\/championnats-dafrique-de-judo-dix-sept-judokas-algeriens-a-abidjan\/#primaryimage","url":"https:\/\/lasentinelle.dz\/wp-content\/uploads\/2025\/04\/judo.jpeg","contentUrl":"https:\/\/lasentinelle.dz\/wp-content\/uploads\/2025\/04\/judo.jpeg","width":1000,"height":600},{"@type":"BreadcrumbList","@id":"https:\/\/lasentinelle.dz\/index.php\/2025\/04\/20\/championnats-dafrique-de-judo-dix-sept-judokas-algeriens-a-abidjan\/#breadcrumb","itemListElement":[{"@type":"ListItem","position":1,"name":"Accueil","item":"https:\/\/lasentinelle.dz\/"},{"@type":"ListItem","position":2,"name":"Championnats d&rsquo;Afrique de judo : Dix-sept judokas alg\u00e9riens \u00e0 Abidjan"}]},{"@type":"WebSite","@id":"https:\/\/lasentinelle.dz\/#website","url":"https:\/\/lasentinelle.dz\/","name":"La Sentinelle","description":"Quotidien national d&#039;information","publisher":{"@id":"https:\/\/lasentinelle.dz\/#organization"},"potentialAction":[{"@type":"SearchAction","target":{"@type":"EntryPoint","urlTemplate":"https:\/\/lasentinelle.dz\/?s={search_term_string}"},"query-input":{"@type":"PropertyValueSpecification","valueRequired":true,"valueName":"search_term_string"}}],"inLanguage":"fr-FR"},{"@type":"Organization","@id":"https:\/\/lasentinelle.dz\/#organization","name":"Quotidien La Sentinelle","url":"https:\/\/lasentinelle.dz\/","logo":{"@type":"ImageObject","inLanguage":"fr-FR","@id":"https:\/\/lasentinelle.dz\/#\/schema\/logo\/image\/","url":"https:\/\/lasentinelle.dz\/wp-content\/uploads\/2021\/09\/logo-sentinelleSLOGAN-1.png","contentUrl":"https:\/\/lasentinelle.dz\/wp-content\/uploads\/2021\/09\/logo-sentinelleSLOGAN-1.png","width":615,"height":142,"caption":"Quotidien La Sentinelle"},"image":{"@id":"https:\/\/lasentinelle.dz\/#\/schema\/logo\/image\/"},"sameAs":["https:\/\/www.facebook.com\/La-Sentinelle-104059864394773"]},{"@type":"Person","@id":"https:\/\/lasentinelle.dz\/#\/schema\/person\/729ee0024f24e0b8c5ec17232f8e8b41","name":"admin","image":{"@type":"ImageObject","inLanguage":"fr-FR","@id":"https:\/\/secure.gravatar.com\/avatar\/4c81fed838786e9b53f540bf46533e750f5d292099ae3b66cfc6fb1982e29df7?s=96&d=mm&r=g","url":"https:\/\/secure.gravatar.com\/avatar\/4c81fed838786e9b53f540bf46533e750f5d292099ae3b66cfc6fb1982e29df7?s=96&d=mm&r=g","contentUrl":"https:\/\/secure.gravatar.com\/avatar\/4c81fed838786e9b53f540bf46533e750f5d292099ae3b66cfc6fb1982e29df7?s=96&d=mm&r=g","caption":"admin"},"description":"admin","url":"https:\/\/lasentinelle.dz\/author\/admin\/"}]}},"_links":{"self":[{"href":"https:\/\/lasentinelle.dz\/index.php\/wp-json\/wp\/v2\/posts\/65973","targetHints":{"allow":["GET"]}}],"collection":[{"href":"https:\/\/lasentinelle.dz\/index.php\/wp-json\/wp\/v2\/posts"}],"about":[{"href":"https:\/\/lasentinelle.dz\/index.php\/wp-json\/wp\/v2\/types\/post"}],"author":[{"embeddable":true,"href":"https:\/\/lasentinelle.dz\/index.php\/wp-json\/wp\/v2\/users\/6"}],"replies":[{"embeddable":true,"href":"https:\/\/lasentinelle.dz\/index.php\/wp-json\/wp\/v2\/comments?post=65973"}],"version-history":[{"count":2,"href":"https:\/\/lasentinelle.dz\/index.php\/wp-json\/wp\/v2\/posts\/65973\/revisions"}],"predecessor-version":[{"id":65976,"href":"https:\/\/lasentinelle.dz\/index.php\/wp-json\/wp\/v2\/posts\/65973\/revisions\/65976"}],"wp:featuredmedia":[{"embeddable":true,"href":"https:\/\/lasentinelle.dz\/index.php\/wp-json\/wp\/v2\/media\/65974"}],"wp:attachment":[{"href":"https:\/\/lasentinelle.dz\/index.php\/wp-json\/wp\/v2\/media?parent=65973"}],"wp:term":[{"taxonomy":"category","embeddable":true,"href":"https:\/\/lasentinelle.dz\/index.php\/wp-json\/wp\/v2\/categories?post=65973"},{"taxonomy":"post_tag","embeddable":true,"href":"https:\/\/lasentinelle.dz\/index.php\/wp-json\/wp\/v2\/tags?post=65973"}],"curies":[{"name":"wp","href":"https:\/\/api.w.org\/{rel}","templated":true}]}}