{"id":66028,"date":"2025-04-21T12:11:07","date_gmt":"2025-04-21T11:11:07","guid":{"rendered":"https:\/\/lasentinelle.dz\/?p=66028"},"modified":"2025-04-21T12:11:08","modified_gmt":"2025-04-21T11:11:08","slug":"parc-culturel-de-lahaggar-une-rare-apparition-du-guepard-amayas-documentee","status":"publish","type":"post","link":"https:\/\/lasentinelle.dz\/index.php\/2025\/04\/21\/parc-culturel-de-lahaggar-une-rare-apparition-du-guepard-amayas-documentee\/","title":{"rendered":"Parc Culturel de l&rsquo;Ahaggar : Une rare apparition du Gu\u00e9pard \u00ab\u00a0Amayas\u00a0\u00bb document\u00e9e"},"content":{"rendered":"\n<p><\/p>\n\n\n\n<p>Un citoyen a r\u00e9ussi \u00e0 documenter une rare apparition du gu\u00e9pard connu sous le nom d'\u00a0\u00bbAmayas\u00a0\u00bb au nord du Parc Culturel National de l&rsquo;Ahaggar dans la wilaya de Tamanrasset, a annonc\u00e9 hier le minist\u00e8re de la Culture et des Arts dans un communiqu\u00e9. L&rsquo;observation s&rsquo;est produite le samedi 12 avril, vers 11 heures du matin, dans la zone situ\u00e9e entre \u00ab\u00a0Amguid\u00a0\u00bb et \u00ab\u00a0Tafdest\u00a0\u00bb, pr\u00e9cise la m\u00eame sorce. Dans une d\u00e9claration aux cadres de l&rsquo;Office National du Parc Culturel charg\u00e9s du suivi de la biodiversit\u00e9 dans la section territoriale nord-est d&rsquo;Idl\u00e8s, le citoyen a indiqu\u00e9 avoir \u00e9t\u00e9 surpris par l&rsquo;apparition de cet animal rare. Il a pu le photographier \u00e0 distance, comme en t\u00e9moignent les s\u00e9quences vid\u00e9o partag\u00e9es ult\u00e9rieurement sur la plateforme \u00ab\u00a0Facebook\u00a0\u00bb par l&rsquo;une de ses connaissances. Pour rappel, la derni\u00e8re documentation scientifique enregistr\u00e9e du gu\u00e9pard \u00e0 l&rsquo;int\u00e9rieur du Parc Culturel de l&rsquo;Ahaggar remonte \u00e0 mars-avril 2020, lorsqu&rsquo;il avait \u00e9t\u00e9 observ\u00e9 dans la r\u00e9gion de l'\u00a0\u00bbAtakor\u00a0\u00bb, au c\u0153ur de l&rsquo;Ahaggar, dans le cadre d&rsquo;un programme scientifique international. La documentation spontan\u00e9e r\u00e9alis\u00e9e aujourd&rsquo;hui par un citoyen constitue une confirmation suppl\u00e9mentaire que le gu\u00e9pard \u00ab\u00a0Amayas\u00a0\u00bb continue d&rsquo;habiter la r\u00e9gion de l&rsquo;Afrique du Nord et de l&rsquo;Ouest, ce qui n\u00e9cessite l&rsquo;activation du plan de conservation de cette esp\u00e8ce, \u00e9labor\u00e9 par le Minist\u00e8re de la Culture et des Arts en collaboration avec diverses institutions nationales et internationales sp\u00e9cialis\u00e9es. Dans ce contexte, le Minist\u00e8re de la Culture et des Arts r\u00e9affirme les efforts soutenus d\u00e9ploy\u00e9s par ses services, notamment \u00e0 travers l&rsquo;Office National du Parc Culturel et le \u00ab\u00a0Projet des Parcs Culturels\u00a0\u00bb, pour \u00e9laborer et mettre en \u0153uvre un plan de protection de cette esp\u00e8ce animale menac\u00e9e d&rsquo;extinction. Ce plan a \u00e9t\u00e9 int\u00e9gr\u00e9 dans la strat\u00e9gie nationale et r\u00e9gionale de protection de la biodiversit\u00e9, et plusieurs cadres du secteur y ont contribu\u00e9 par des articles scientifiques pr\u00e9cieux qui ont pr\u00e9sent\u00e9 cet animal et expliqu\u00e9 les m\u00e9thodologies scientifiques adopt\u00e9es pour documenter et suivre sa situation environnementale. Le minist\u00e8re de la Culture et des Arts souligne \u00e9galement l&rsquo;importance capitale de la contribution des citoyens lors de leurs d\u00e9placements dans les espaces des parcs culturels, notamment le Parc de l&rsquo;Ahaggar et ses zones \u00e0 haute valeur environnementale mondiale comme \u00ab\u00a0Tafdest\u00a0\u00bb, dans la protection des esp\u00e8ces animales rares, dont le gu\u00e9pard \u00ab\u00a0Amayas\u00a0\u00bb repr\u00e9sente l&rsquo;un des symboles les plus embl\u00e9matiques et les plus difficiles \u00e0 pr\u00e9server au niveau environnemental mondial.<\/p>\n\n\n\n<p>Mohand Seghir<\/p>\n","protected":false},"excerpt":{"rendered":"<p>Un citoyen a r\u00e9ussi \u00e0 documenter une rare apparition du gu\u00e9pard connu sous le nom d&rsquo;\u00a0\u00bbAmayas\u00a0\u00bb au nord du Parc<\/p>\n","protected":false},"author":6,"featured_media":66029,"comment_status":"open","ping_status":"closed","sticky":false,"template":"","format":"standard","meta":{"colormag_page_container_layout":"default_layout","colormag_page_sidebar_layout":"default_layout","om_disable_all_campaigns":false,"_monsterinsights_skip_tracking":false,"_monsterinsights_sitenote_active":false,"_monsterinsights_sitenote_note":"","_monsterinsights_sitenote_category":0,"footnotes":"","_wpscppro_dont_share_socialmedia":false,"_wpscppro_custom_social_share_image":0,"_facebook_share_type":"default","_twitter_share_type":"default","_linkedin_share_type":"default","_pinterest_share_type":"default","_linkedin_share_type_page":"","_instagram_share_type":"default","_medium_share_type":"default","_threads_share_type":"","_google_business_share_type":"","_selected_social_profile":[],"_wpsp_enable_custom_social_template":false,"_wpsp_social_scheduling":{"enabled":false,"datetime":null,"platforms":[],"status":"template_only","dateOption":"today","timeOption":"now","customDays":"","customHours":"","customDate":"","customTime":"","schedulingType":"absolute"},"_wpsp_active_default_template":true},"categories":[52,27],"tags":[],"class_list":["post-66028","post","type-post","status-publish","format-standard","has-post-thumbnail","hentry","category-a-la-une","category-actualite"],"aioseo_notices":[],"yoast_head":"<!-- This site is optimized with the Yoast SEO plugin v27.5 - https:\/\/yoast.com\/product\/yoast-seo-wordpress\/ -->\n<title>Parc Culturel de l&rsquo;Ahaggar : Une rare apparition du Gu\u00e9pard \u00ab\u00a0Amayas\u00a0\u00bb document\u00e9e - La Sentinelle<\/title>\n<meta name=\"robots\" content=\"index, follow, max-snippet:-1, max-image-preview:large, max-video-preview:-1\" \/>\n<link rel=\"canonical\" href=\"https:\/\/lasentinelle.dz\/index.php\/2025\/04\/21\/parc-culturel-de-lahaggar-une-rare-apparition-du-guepard-amayas-documentee\/\" \/>\n<meta property=\"og:locale\" content=\"fr_FR\" \/>\n<meta property=\"og:type\" content=\"article\" \/>\n<meta property=\"og:title\" content=\"Parc Culturel de l&rsquo;Ahaggar : Une rare apparition du Gu\u00e9pard \u00ab\u00a0Amayas\u00a0\u00bb document\u00e9e - La Sentinelle\" \/>\n<meta property=\"og:description\" content=\"Un citoyen a r\u00e9ussi \u00e0 documenter une rare apparition du gu\u00e9pard connu sous le nom d&#039;\u00a0\u00bbAmayas\u00a0\u00bb au nord du Parc\" \/>\n<meta property=\"og:url\" content=\"https:\/\/lasentinelle.dz\/index.php\/2025\/04\/21\/parc-culturel-de-lahaggar-une-rare-apparition-du-guepard-amayas-documentee\/\" \/>\n<meta property=\"og:site_name\" content=\"La Sentinelle\" \/>\n<meta property=\"article:publisher\" content=\"https:\/\/www.facebook.com\/La-Sentinelle-104059864394773\" \/>\n<meta property=\"article:published_time\" content=\"2025-04-21T11:11:07+00:00\" \/>\n<meta property=\"article:modified_time\" content=\"2025-04-21T11:11:08+00:00\" \/>\n<meta property=\"og:image\" content=\"https:\/\/lasentinelle.dz\/wp-content\/uploads\/2025\/04\/guepard-amayas.webp\" \/>\n\t<meta property=\"og:image:width\" content=\"966\" \/>\n\t<meta property=\"og:image:height\" content=\"544\" \/>\n\t<meta property=\"og:image:type\" content=\"image\/webp\" \/>\n<meta name=\"author\" content=\"admin\" \/>\n<meta name=\"twitter:card\" content=\"summary_large_image\" \/>\n<meta name=\"twitter:label1\" content=\"\u00c9crit par\" \/>\n\t<meta name=\"twitter:data1\" content=\"admin\" \/>\n\t<meta name=\"twitter:label2\" content=\"Dur\u00e9e de lecture estim\u00e9e\" \/>\n\t<meta name=\"twitter:data2\" content=\"3 minutes\" \/>\n<script type=\"application\/ld+json\" class=\"yoast-schema-graph\">{\"@context\":\"https:\\\/\\\/schema.org\",\"@graph\":[{\"@type\":\"Article\",\"@id\":\"https:\\\/\\\/lasentinelle.dz\\\/index.php\\\/2025\\\/04\\\/21\\\/parc-culturel-de-lahaggar-une-rare-apparition-du-guepard-amayas-documentee\\\/#article\",\"isPartOf\":{\"@id\":\"https:\\\/\\\/lasentinelle.dz\\\/index.php\\\/2025\\\/04\\\/21\\\/parc-culturel-de-lahaggar-une-rare-apparition-du-guepard-amayas-documentee\\\/\"},\"author\":{\"name\":\"admin\",\"@id\":\"https:\\\/\\\/lasentinelle.dz\\\/#\\\/schema\\\/person\\\/729ee0024f24e0b8c5ec17232f8e8b41\"},\"headline\":\"Parc Culturel de l&rsquo;Ahaggar : Une rare apparition du Gu\u00e9pard \u00ab\u00a0Amayas\u00a0\u00bb document\u00e9e\",\"datePublished\":\"2025-04-21T11:11:07+00:00\",\"dateModified\":\"2025-04-21T11:11:08+00:00\",\"mainEntityOfPage\":{\"@id\":\"https:\\\/\\\/lasentinelle.dz\\\/index.php\\\/2025\\\/04\\\/21\\\/parc-culturel-de-lahaggar-une-rare-apparition-du-guepard-amayas-documentee\\\/\"},\"wordCount\":472,\"commentCount\":0,\"publisher\":{\"@id\":\"https:\\\/\\\/lasentinelle.dz\\\/#organization\"},\"image\":{\"@id\":\"https:\\\/\\\/lasentinelle.dz\\\/index.php\\\/2025\\\/04\\\/21\\\/parc-culturel-de-lahaggar-une-rare-apparition-du-guepard-amayas-documentee\\\/#primaryimage\"},\"thumbnailUrl\":\"https:\\\/\\\/lasentinelle.dz\\\/wp-content\\\/uploads\\\/2025\\\/04\\\/guepard-amayas.webp\",\"articleSection\":[\"\u00c0 la Une\",\"Actualit\u00e9\"],\"inLanguage\":\"fr-FR\",\"potentialAction\":[{\"@type\":\"CommentAction\",\"name\":\"Comment\",\"target\":[\"https:\\\/\\\/lasentinelle.dz\\\/index.php\\\/2025\\\/04\\\/21\\\/parc-culturel-de-lahaggar-une-rare-apparition-du-guepard-amayas-documentee\\\/#respond\"]}]},{\"@type\":\"WebPage\",\"@id\":\"https:\\\/\\\/lasentinelle.dz\\\/index.php\\\/2025\\\/04\\\/21\\\/parc-culturel-de-lahaggar-une-rare-apparition-du-guepard-amayas-documentee\\\/\",\"url\":\"https:\\\/\\\/lasentinelle.dz\\\/index.php\\\/2025\\\/04\\\/21\\\/parc-culturel-de-lahaggar-une-rare-apparition-du-guepard-amayas-documentee\\\/\",\"name\":\"Parc Culturel de l&rsquo;Ahaggar : Une rare apparition du Gu\u00e9pard \u00ab\u00a0Amayas\u00a0\u00bb document\u00e9e - La Sentinelle\",\"isPartOf\":{\"@id\":\"https:\\\/\\\/lasentinelle.dz\\\/#website\"},\"primaryImageOfPage\":{\"@id\":\"https:\\\/\\\/lasentinelle.dz\\\/index.php\\\/2025\\\/04\\\/21\\\/parc-culturel-de-lahaggar-une-rare-apparition-du-guepard-amayas-documentee\\\/#primaryimage\"},\"image\":{\"@id\":\"https:\\\/\\\/lasentinelle.dz\\\/index.php\\\/2025\\\/04\\\/21\\\/parc-culturel-de-lahaggar-une-rare-apparition-du-guepard-amayas-documentee\\\/#primaryimage\"},\"thumbnailUrl\":\"https:\\\/\\\/lasentinelle.dz\\\/wp-content\\\/uploads\\\/2025\\\/04\\\/guepard-amayas.webp\",\"datePublished\":\"2025-04-21T11:11:07+00:00\",\"dateModified\":\"2025-04-21T11:11:08+00:00\",\"breadcrumb\":{\"@id\":\"https:\\\/\\\/lasentinelle.dz\\\/index.php\\\/2025\\\/04\\\/21\\\/parc-culturel-de-lahaggar-une-rare-apparition-du-guepard-amayas-documentee\\\/#breadcrumb\"},\"inLanguage\":\"fr-FR\",\"potentialAction\":[{\"@type\":\"ReadAction\",\"target\":[\"https:\\\/\\\/lasentinelle.dz\\\/index.php\\\/2025\\\/04\\\/21\\\/parc-culturel-de-lahaggar-une-rare-apparition-du-guepard-amayas-documentee\\\/\"]}]},{\"@type\":\"ImageObject\",\"inLanguage\":\"fr-FR\",\"@id\":\"https:\\\/\\\/lasentinelle.dz\\\/index.php\\\/2025\\\/04\\\/21\\\/parc-culturel-de-lahaggar-une-rare-apparition-du-guepard-amayas-documentee\\\/#primaryimage\",\"url\":\"https:\\\/\\\/lasentinelle.dz\\\/wp-content\\\/uploads\\\/2025\\\/04\\\/guepard-amayas.webp\",\"contentUrl\":\"https:\\\/\\\/lasentinelle.dz\\\/wp-content\\\/uploads\\\/2025\\\/04\\\/guepard-amayas.webp\",\"width\":966,\"height\":544},{\"@type\":\"BreadcrumbList\",\"@id\":\"https:\\\/\\\/lasentinelle.dz\\\/index.php\\\/2025\\\/04\\\/21\\\/parc-culturel-de-lahaggar-une-rare-apparition-du-guepard-amayas-documentee\\\/#breadcrumb\",\"itemListElement\":[{\"@type\":\"ListItem\",\"position\":1,\"name\":\"Accueil\",\"item\":\"https:\\\/\\\/lasentinelle.dz\\\/\"},{\"@type\":\"ListItem\",\"position\":2,\"name\":\"Parc Culturel de l&rsquo;Ahaggar : Une rare apparition du Gu\u00e9pard \u00ab\u00a0Amayas\u00a0\u00bb document\u00e9e\"}]},{\"@type\":\"WebSite\",\"@id\":\"https:\\\/\\\/lasentinelle.dz\\\/#website\",\"url\":\"https:\\\/\\\/lasentinelle.dz\\\/\",\"name\":\"La Sentinelle\",\"description\":\"Quotidien national d&#039;information\",\"publisher\":{\"@id\":\"https:\\\/\\\/lasentinelle.dz\\\/#organization\"},\"potentialAction\":[{\"@type\":\"SearchAction\",\"target\":{\"@type\":\"EntryPoint\",\"urlTemplate\":\"https:\\\/\\\/lasentinelle.dz\\\/?s={search_term_string}\"},\"query-input\":{\"@type\":\"PropertyValueSpecification\",\"valueRequired\":true,\"valueName\":\"search_term_string\"}}],\"inLanguage\":\"fr-FR\"},{\"@type\":\"Organization\",\"@id\":\"https:\\\/\\\/lasentinelle.dz\\\/#organization\",\"name\":\"Quotidien La Sentinelle\",\"url\":\"https:\\\/\\\/lasentinelle.dz\\\/\",\"logo\":{\"@type\":\"ImageObject\",\"inLanguage\":\"fr-FR\",\"@id\":\"https:\\\/\\\/lasentinelle.dz\\\/#\\\/schema\\\/logo\\\/image\\\/\",\"url\":\"https:\\\/\\\/lasentinelle.dz\\\/wp-content\\\/uploads\\\/2021\\\/09\\\/logo-sentinelleSLOGAN-1.png\",\"contentUrl\":\"https:\\\/\\\/lasentinelle.dz\\\/wp-content\\\/uploads\\\/2021\\\/09\\\/logo-sentinelleSLOGAN-1.png\",\"width\":615,\"height\":142,\"caption\":\"Quotidien La Sentinelle\"},\"image\":{\"@id\":\"https:\\\/\\\/lasentinelle.dz\\\/#\\\/schema\\\/logo\\\/image\\\/\"},\"sameAs\":[\"https:\\\/\\\/www.facebook.com\\\/La-Sentinelle-104059864394773\"]},{\"@type\":\"Person\",\"@id\":\"https:\\\/\\\/lasentinelle.dz\\\/#\\\/schema\\\/person\\\/729ee0024f24e0b8c5ec17232f8e8b41\",\"name\":\"admin\",\"image\":{\"@type\":\"ImageObject\",\"inLanguage\":\"fr-FR\",\"@id\":\"https:\\\/\\\/secure.gravatar.com\\\/avatar\\\/4c81fed838786e9b53f540bf46533e750f5d292099ae3b66cfc6fb1982e29df7?s=96&d=mm&r=g\",\"url\":\"https:\\\/\\\/secure.gravatar.com\\\/avatar\\\/4c81fed838786e9b53f540bf46533e750f5d292099ae3b66cfc6fb1982e29df7?s=96&d=mm&r=g\",\"contentUrl\":\"https:\\\/\\\/secure.gravatar.com\\\/avatar\\\/4c81fed838786e9b53f540bf46533e750f5d292099ae3b66cfc6fb1982e29df7?s=96&d=mm&r=g\",\"caption\":\"admin\"},\"description\":\"admin\",\"url\":\"https:\\\/\\\/lasentinelle.dz\\\/author\\\/admin\\\/\"}]}<\/script>\n<!-- \/ Yoast SEO plugin. -->","yoast_head_json":{"title":"Parc Culturel de l&rsquo;Ahaggar : Une rare apparition du Gu\u00e9pard \u00ab\u00a0Amayas\u00a0\u00bb document\u00e9e - La Sentinelle","robots":{"index":"index","follow":"follow","max-snippet":"max-snippet:-1","max-image-preview":"max-image-preview:large","max-video-preview":"max-video-preview:-1"},"canonical":"https:\/\/lasentinelle.dz\/index.php\/2025\/04\/21\/parc-culturel-de-lahaggar-une-rare-apparition-du-guepard-amayas-documentee\/","og_locale":"fr_FR","og_type":"article","og_title":"Parc Culturel de l&rsquo;Ahaggar : Une rare apparition du Gu\u00e9pard \u00ab\u00a0Amayas\u00a0\u00bb document\u00e9e - La Sentinelle","og_description":"Un citoyen a r\u00e9ussi \u00e0 documenter une rare apparition du gu\u00e9pard connu sous le nom d'\u00a0\u00bbAmayas\u00a0\u00bb au nord du Parc","og_url":"https:\/\/lasentinelle.dz\/index.php\/2025\/04\/21\/parc-culturel-de-lahaggar-une-rare-apparition-du-guepard-amayas-documentee\/","og_site_name":"La Sentinelle","article_publisher":"https:\/\/www.facebook.com\/La-Sentinelle-104059864394773","article_published_time":"2025-04-21T11:11:07+00:00","article_modified_time":"2025-04-21T11:11:08+00:00","og_image":[{"width":966,"height":544,"url":"https:\/\/lasentinelle.dz\/wp-content\/uploads\/2025\/04\/guepard-amayas.webp","type":"image\/webp"}],"author":"admin","twitter_card":"summary_large_image","twitter_misc":{"\u00c9crit par":"admin","Dur\u00e9e de lecture estim\u00e9e":"3 minutes"},"schema":{"@context":"https:\/\/schema.org","@graph":[{"@type":"Article","@id":"https:\/\/lasentinelle.dz\/index.php\/2025\/04\/21\/parc-culturel-de-lahaggar-une-rare-apparition-du-guepard-amayas-documentee\/#article","isPartOf":{"@id":"https:\/\/lasentinelle.dz\/index.php\/2025\/04\/21\/parc-culturel-de-lahaggar-une-rare-apparition-du-guepard-amayas-documentee\/"},"author":{"name":"admin","@id":"https:\/\/lasentinelle.dz\/#\/schema\/person\/729ee0024f24e0b8c5ec17232f8e8b41"},"headline":"Parc Culturel de l&rsquo;Ahaggar : Une rare apparition du Gu\u00e9pard \u00ab\u00a0Amayas\u00a0\u00bb document\u00e9e","datePublished":"2025-04-21T11:11:07+00:00","dateModified":"2025-04-21T11:11:08+00:00","mainEntityOfPage":{"@id":"https:\/\/lasentinelle.dz\/index.php\/2025\/04\/21\/parc-culturel-de-lahaggar-une-rare-apparition-du-guepard-amayas-documentee\/"},"wordCount":472,"commentCount":0,"publisher":{"@id":"https:\/\/lasentinelle.dz\/#organization"},"image":{"@id":"https:\/\/lasentinelle.dz\/index.php\/2025\/04\/21\/parc-culturel-de-lahaggar-une-rare-apparition-du-guepard-amayas-documentee\/#primaryimage"},"thumbnailUrl":"https:\/\/lasentinelle.dz\/wp-content\/uploads\/2025\/04\/guepard-amayas.webp","articleSection":["\u00c0 la Une","Actualit\u00e9"],"inLanguage":"fr-FR","potentialAction":[{"@type":"CommentAction","name":"Comment","target":["https:\/\/lasentinelle.dz\/index.php\/2025\/04\/21\/parc-culturel-de-lahaggar-une-rare-apparition-du-guepard-amayas-documentee\/#respond"]}]},{"@type":"WebPage","@id":"https:\/\/lasentinelle.dz\/index.php\/2025\/04\/21\/parc-culturel-de-lahaggar-une-rare-apparition-du-guepard-amayas-documentee\/","url":"https:\/\/lasentinelle.dz\/index.php\/2025\/04\/21\/parc-culturel-de-lahaggar-une-rare-apparition-du-guepard-amayas-documentee\/","name":"Parc Culturel de l&rsquo;Ahaggar : Une rare apparition du Gu\u00e9pard \u00ab\u00a0Amayas\u00a0\u00bb document\u00e9e - La Sentinelle","isPartOf":{"@id":"https:\/\/lasentinelle.dz\/#website"},"primaryImageOfPage":{"@id":"https:\/\/lasentinelle.dz\/index.php\/2025\/04\/21\/parc-culturel-de-lahaggar-une-rare-apparition-du-guepard-amayas-documentee\/#primaryimage"},"image":{"@id":"https:\/\/lasentinelle.dz\/index.php\/2025\/04\/21\/parc-culturel-de-lahaggar-une-rare-apparition-du-guepard-amayas-documentee\/#primaryimage"},"thumbnailUrl":"https:\/\/lasentinelle.dz\/wp-content\/uploads\/2025\/04\/guepard-amayas.webp","datePublished":"2025-04-21T11:11:07+00:00","dateModified":"2025-04-21T11:11:08+00:00","breadcrumb":{"@id":"https:\/\/lasentinelle.dz\/index.php\/2025\/04\/21\/parc-culturel-de-lahaggar-une-rare-apparition-du-guepard-amayas-documentee\/#breadcrumb"},"inLanguage":"fr-FR","potentialAction":[{"@type":"ReadAction","target":["https:\/\/lasentinelle.dz\/index.php\/2025\/04\/21\/parc-culturel-de-lahaggar-une-rare-apparition-du-guepard-amayas-documentee\/"]}]},{"@type":"ImageObject","inLanguage":"fr-FR","@id":"https:\/\/lasentinelle.dz\/index.php\/2025\/04\/21\/parc-culturel-de-lahaggar-une-rare-apparition-du-guepard-amayas-documentee\/#primaryimage","url":"https:\/\/lasentinelle.dz\/wp-content\/uploads\/2025\/04\/guepard-amayas.webp","contentUrl":"https:\/\/lasentinelle.dz\/wp-content\/uploads\/2025\/04\/guepard-amayas.webp","width":966,"height":544},{"@type":"BreadcrumbList","@id":"https:\/\/lasentinelle.dz\/index.php\/2025\/04\/21\/parc-culturel-de-lahaggar-une-rare-apparition-du-guepard-amayas-documentee\/#breadcrumb","itemListElement":[{"@type":"ListItem","position":1,"name":"Accueil","item":"https:\/\/lasentinelle.dz\/"},{"@type":"ListItem","position":2,"name":"Parc Culturel de l&rsquo;Ahaggar : Une rare apparition du Gu\u00e9pard \u00ab\u00a0Amayas\u00a0\u00bb document\u00e9e"}]},{"@type":"WebSite","@id":"https:\/\/lasentinelle.dz\/#website","url":"https:\/\/lasentinelle.dz\/","name":"La Sentinelle","description":"Quotidien national d&#039;information","publisher":{"@id":"https:\/\/lasentinelle.dz\/#organization"},"potentialAction":[{"@type":"SearchAction","target":{"@type":"EntryPoint","urlTemplate":"https:\/\/lasentinelle.dz\/?s={search_term_string}"},"query-input":{"@type":"PropertyValueSpecification","valueRequired":true,"valueName":"search_term_string"}}],"inLanguage":"fr-FR"},{"@type":"Organization","@id":"https:\/\/lasentinelle.dz\/#organization","name":"Quotidien La Sentinelle","url":"https:\/\/lasentinelle.dz\/","logo":{"@type":"ImageObject","inLanguage":"fr-FR","@id":"https:\/\/lasentinelle.dz\/#\/schema\/logo\/image\/","url":"https:\/\/lasentinelle.dz\/wp-content\/uploads\/2021\/09\/logo-sentinelleSLOGAN-1.png","contentUrl":"https:\/\/lasentinelle.dz\/wp-content\/uploads\/2021\/09\/logo-sentinelleSLOGAN-1.png","width":615,"height":142,"caption":"Quotidien La Sentinelle"},"image":{"@id":"https:\/\/lasentinelle.dz\/#\/schema\/logo\/image\/"},"sameAs":["https:\/\/www.facebook.com\/La-Sentinelle-104059864394773"]},{"@type":"Person","@id":"https:\/\/lasentinelle.dz\/#\/schema\/person\/729ee0024f24e0b8c5ec17232f8e8b41","name":"admin","image":{"@type":"ImageObject","inLanguage":"fr-FR","@id":"https:\/\/secure.gravatar.com\/avatar\/4c81fed838786e9b53f540bf46533e750f5d292099ae3b66cfc6fb1982e29df7?s=96&d=mm&r=g","url":"https:\/\/secure.gravatar.com\/avatar\/4c81fed838786e9b53f540bf46533e750f5d292099ae3b66cfc6fb1982e29df7?s=96&d=mm&r=g","contentUrl":"https:\/\/secure.gravatar.com\/avatar\/4c81fed838786e9b53f540bf46533e750f5d292099ae3b66cfc6fb1982e29df7?s=96&d=mm&r=g","caption":"admin"},"description":"admin","url":"https:\/\/lasentinelle.dz\/author\/admin\/"}]}},"_links":{"self":[{"href":"https:\/\/lasentinelle.dz\/index.php\/wp-json\/wp\/v2\/posts\/66028","targetHints":{"allow":["GET"]}}],"collection":[{"href":"https:\/\/lasentinelle.dz\/index.php\/wp-json\/wp\/v2\/posts"}],"about":[{"href":"https:\/\/lasentinelle.dz\/index.php\/wp-json\/wp\/v2\/types\/post"}],"author":[{"embeddable":true,"href":"https:\/\/lasentinelle.dz\/index.php\/wp-json\/wp\/v2\/users\/6"}],"replies":[{"embeddable":true,"href":"https:\/\/lasentinelle.dz\/index.php\/wp-json\/wp\/v2\/comments?post=66028"}],"version-history":[{"count":2,"href":"https:\/\/lasentinelle.dz\/index.php\/wp-json\/wp\/v2\/posts\/66028\/revisions"}],"predecessor-version":[{"id":66031,"href":"https:\/\/lasentinelle.dz\/index.php\/wp-json\/wp\/v2\/posts\/66028\/revisions\/66031"}],"wp:featuredmedia":[{"embeddable":true,"href":"https:\/\/lasentinelle.dz\/index.php\/wp-json\/wp\/v2\/media\/66029"}],"wp:attachment":[{"href":"https:\/\/lasentinelle.dz\/index.php\/wp-json\/wp\/v2\/media?parent=66028"}],"wp:term":[{"taxonomy":"category","embeddable":true,"href":"https:\/\/lasentinelle.dz\/index.php\/wp-json\/wp\/v2\/categories?post=66028"},{"taxonomy":"post_tag","embeddable":true,"href":"https:\/\/lasentinelle.dz\/index.php\/wp-json\/wp\/v2\/tags?post=66028"}],"curies":[{"name":"wp","href":"https:\/\/api.w.org\/{rel}","templated":true}]}}