{"id":66035,"date":"2025-04-21T12:14:08","date_gmt":"2025-04-21T11:14:08","guid":{"rendered":"https:\/\/lasentinelle.dz\/?p=66035"},"modified":"2025-04-21T12:14:09","modified_gmt":"2025-04-21T11:14:09","slug":"tamanrasset-celebre-le-livre-une-exposition-alliant-patrimoine-et-savoir","status":"publish","type":"post","link":"https:\/\/lasentinelle.dz\/index.php\/2025\/04\/21\/tamanrasset-celebre-le-livre-une-exposition-alliant-patrimoine-et-savoir\/","title":{"rendered":"Tamanrasset c\u00e9l\u00e8bre le livre : Une exposition alliant patrimoine et savoir"},"content":{"rendered":"\n<p>Dans le cadre du programme national supervis\u00e9 par le minist\u00e8re de la Culture et des Arts pour valoriser la place du Grand Sud dans le paysage culturel alg\u00e9rien et promouvoir la lecture, la wilaya de Tamanrasset a accueille depuis jeudi de l&rsquo;Exposition nationale du livre. Organis\u00e9 sur la place du 1er Novembre jouxtant la Maison de la culture, cet \u00e9v\u00e9nement se d\u00e9roule sous la th\u00e9matique \u00ab\u00a0Tamanrasset&#8230; berceau de l&rsquo;\u00e9criture et du livre\u00a0\u00bb. La c\u00e9r\u00e9monie d&rsquo;inauguration a \u00e9t\u00e9 pr\u00e9sid\u00e9e par Tijani Tama, directeur du livre et de la lecture publique au minist\u00e8re, repr\u00e9sentant le ministre de la Culture et des Arts Zohir Ballou. L&rsquo;\u00e9v\u00e9nement s&rsquo;est d\u00e9roul\u00e9 en pr\u00e9sence du ministre des Ressources en eau et de la S\u00e9curit\u00e9 hydrique, Taha Derbal, du wali de Tamanrasset, Mohamed Boudraa, ainsi que de nombreuses personnalit\u00e9s culturelles, artistiques et acteurs du champ intellectuel.<\/p>\n\n\n\n<p>Les festivit\u00e9s ont d\u00e9but\u00e9 par des spectacles folkloriques pr\u00e9sent\u00e9s par des troupes locales comme \u00ab\u00a0Takouba Imardhen An Toufat\u00a0\u00bb, \u00ab\u00a0Gargabou Farah\u00a0\u00bb et \u00ab\u00a0Isra In Amjel\u00a0\u00bb, compl\u00e9t\u00e9s par des repr\u00e9sentations de l&rsquo;association des anciens scouts musulmans qui a accueilli l&rsquo;assistance avec une prestation remarquable d&rsquo;instruments \u00e0 cuivre, illustrant la richesse du patrimoine local et sa profondeur culturelle. Une parade populaire s&rsquo;est tenue devant la grande tente faisant face \u00e0 la Maison de la culture \u00ab\u00a0Dassin Welt Ihema\u00a0\u00bb, avant que la d\u00e9l\u00e9gation officielle ne se dirige vers la salle \u00ab\u00a0Dassin\u00a0\u00bb am\u00e9nag\u00e9e pour accueillir la c\u00e9r\u00e9monie officielle. Cette derni\u00e8re a \u00e9t\u00e9 agr\u00e9ment\u00e9e de prestations th\u00e9\u00e2trales et artistiques, notamment une performance de l&rsquo;artiste \u00ab\u00a0Houria\u00a0\u00bb, ainsi que d&rsquo;un hommage rendu \u00e0 six personnalit\u00e9s \u00e9minentes ayant contribu\u00e9 \u00e0 l&rsquo;enrichissement de la production litt\u00e9raire et \u00e0 la protection du patrimoine \u00e9crit. La d\u00e9l\u00e9gation officielle a ensuite effectu\u00e9 un tour des diff\u00e9rents stands de l&rsquo;exposition, \u00e9changeant avec les \u00e9diteurs et les visiteurs, avant de donner le signal de d\u00e9part d&rsquo;une caravane de distribution de livres publi\u00e9s par le minist\u00e8re de la Culture et des Arts vers les zones isol\u00e9es et les biblioth\u00e8ques de lecture publique, co\u00efncidant avec la c\u00e9l\u00e9bration de la Journ\u00e9e du Savoir le 16 avril.<\/p>\n\n\n\n<p>L&rsquo;exposition, organis\u00e9e par le minist\u00e8re de la Culture et des Arts en coordination avec l&rsquo;Entreprise nationale des arts graphiques, se poursuivra jusqu&rsquo;au 24 avril avec la participation de 92 exposants pr\u00e9sentant plus de 21 000 titres dans divers domaines de la connaissance. L&rsquo;\u00e9v\u00e9nement est accompagn\u00e9 d&rsquo;un riche programme culturel et artistique comprenant des ateliers sur les manuscrits, des activit\u00e9s \u00e9ducatives et r\u00e9cr\u00e9atives destin\u00e9es aux enfants, des rencontres intellectuelles et litt\u00e9raires, des s\u00e9ances de vente-d\u00e9dicace et des conf\u00e9rences qui renforcent la dynamique culturelle de Tamanrasset et confirment la place du livre dans la conscience collective. Cette manifestation s&rsquo;inscrit dans une vision plus large visant \u00e0 d\u00e9mocratiser l&rsquo;acc\u00e8s au livre dans les r\u00e9gions du Sud alg\u00e9rien, tout en valorisant le patrimoine \u00e9crit local, particuli\u00e8rement riche en Ahaggar o\u00f9 les traditions orales et \u00e9crites se sont transmises de g\u00e9n\u00e9ration en g\u00e9n\u00e9ration.<\/p>\n\n\n\n<p>M.S.<\/p>\n","protected":false},"excerpt":{"rendered":"<p>Dans le cadre du programme national supervis\u00e9 par le minist\u00e8re de la Culture et des Arts pour valoriser la place<\/p>\n","protected":false},"author":6,"featured_media":66036,"comment_status":"open","ping_status":"closed","sticky":false,"template":"","format":"standard","meta":{"colormag_page_container_layout":"default_layout","colormag_page_sidebar_layout":"default_layout","om_disable_all_campaigns":false,"_monsterinsights_skip_tracking":false,"_monsterinsights_sitenote_active":false,"_monsterinsights_sitenote_note":"","_monsterinsights_sitenote_category":0,"footnotes":"","_wpscppro_dont_share_socialmedia":false,"_wpscppro_custom_social_share_image":0,"_facebook_share_type":"default","_twitter_share_type":"default","_linkedin_share_type":"default","_pinterest_share_type":"default","_linkedin_share_type_page":"","_instagram_share_type":"default","_medium_share_type":"default","_threads_share_type":"","_google_business_share_type":"","_selected_social_profile":[],"_wpsp_enable_custom_social_template":false,"_wpsp_social_scheduling":{"enabled":false,"datetime":null,"platforms":[],"status":"template_only","dateOption":"today","timeOption":"now","customDays":"","customHours":"","customDate":"","customTime":"","schedulingType":"absolute"},"_wpsp_active_default_template":true},"categories":[36],"tags":[],"class_list":["post-66035","post","type-post","status-publish","format-standard","has-post-thumbnail","hentry","category-culture"],"aioseo_notices":[],"yoast_head":"<!-- This site is optimized with the Yoast SEO plugin v27.5 - https:\/\/yoast.com\/product\/yoast-seo-wordpress\/ -->\n<title>Tamanrasset c\u00e9l\u00e8bre le livre : Une exposition alliant patrimoine et savoir - La Sentinelle<\/title>\n<meta name=\"robots\" content=\"index, follow, max-snippet:-1, max-image-preview:large, max-video-preview:-1\" \/>\n<link rel=\"canonical\" href=\"https:\/\/lasentinelle.dz\/index.php\/2025\/04\/21\/tamanrasset-celebre-le-livre-une-exposition-alliant-patrimoine-et-savoir\/\" \/>\n<meta property=\"og:locale\" content=\"fr_FR\" \/>\n<meta property=\"og:type\" content=\"article\" \/>\n<meta property=\"og:title\" content=\"Tamanrasset c\u00e9l\u00e8bre le livre : Une exposition alliant patrimoine et savoir - La Sentinelle\" \/>\n<meta property=\"og:description\" content=\"Dans le cadre du programme national supervis\u00e9 par le minist\u00e8re de la Culture et des Arts pour valoriser la place\" \/>\n<meta property=\"og:url\" content=\"https:\/\/lasentinelle.dz\/index.php\/2025\/04\/21\/tamanrasset-celebre-le-livre-une-exposition-alliant-patrimoine-et-savoir\/\" \/>\n<meta property=\"og:site_name\" content=\"La Sentinelle\" \/>\n<meta property=\"article:publisher\" content=\"https:\/\/www.facebook.com\/La-Sentinelle-104059864394773\" \/>\n<meta property=\"article:published_time\" content=\"2025-04-21T11:14:08+00:00\" \/>\n<meta property=\"article:modified_time\" content=\"2025-04-21T11:14:09+00:00\" \/>\n<meta property=\"og:image\" content=\"https:\/\/lasentinelle.dz\/wp-content\/uploads\/2025\/04\/livres-Tam.jpeg\" \/>\n\t<meta property=\"og:image:width\" content=\"1080\" \/>\n\t<meta property=\"og:image:height\" content=\"720\" \/>\n\t<meta property=\"og:image:type\" content=\"image\/jpeg\" \/>\n<meta name=\"author\" content=\"admin\" \/>\n<meta name=\"twitter:card\" content=\"summary_large_image\" \/>\n<meta name=\"twitter:label1\" content=\"\u00c9crit par\" \/>\n\t<meta name=\"twitter:data1\" content=\"admin\" \/>\n\t<meta name=\"twitter:label2\" content=\"Dur\u00e9e de lecture estim\u00e9e\" \/>\n\t<meta name=\"twitter:data2\" content=\"3 minutes\" \/>\n<script type=\"application\/ld+json\" class=\"yoast-schema-graph\">{\"@context\":\"https:\\\/\\\/schema.org\",\"@graph\":[{\"@type\":\"Article\",\"@id\":\"https:\\\/\\\/lasentinelle.dz\\\/index.php\\\/2025\\\/04\\\/21\\\/tamanrasset-celebre-le-livre-une-exposition-alliant-patrimoine-et-savoir\\\/#article\",\"isPartOf\":{\"@id\":\"https:\\\/\\\/lasentinelle.dz\\\/index.php\\\/2025\\\/04\\\/21\\\/tamanrasset-celebre-le-livre-une-exposition-alliant-patrimoine-et-savoir\\\/\"},\"author\":{\"name\":\"admin\",\"@id\":\"https:\\\/\\\/lasentinelle.dz\\\/#\\\/schema\\\/person\\\/729ee0024f24e0b8c5ec17232f8e8b41\"},\"headline\":\"Tamanrasset c\u00e9l\u00e8bre le livre : Une exposition alliant patrimoine et savoir\",\"datePublished\":\"2025-04-21T11:14:08+00:00\",\"dateModified\":\"2025-04-21T11:14:09+00:00\",\"mainEntityOfPage\":{\"@id\":\"https:\\\/\\\/lasentinelle.dz\\\/index.php\\\/2025\\\/04\\\/21\\\/tamanrasset-celebre-le-livre-une-exposition-alliant-patrimoine-et-savoir\\\/\"},\"wordCount\":566,\"commentCount\":0,\"publisher\":{\"@id\":\"https:\\\/\\\/lasentinelle.dz\\\/#organization\"},\"image\":{\"@id\":\"https:\\\/\\\/lasentinelle.dz\\\/index.php\\\/2025\\\/04\\\/21\\\/tamanrasset-celebre-le-livre-une-exposition-alliant-patrimoine-et-savoir\\\/#primaryimage\"},\"thumbnailUrl\":\"https:\\\/\\\/lasentinelle.dz\\\/wp-content\\\/uploads\\\/2025\\\/04\\\/livres-Tam.jpeg\",\"articleSection\":[\"Culture\"],\"inLanguage\":\"fr-FR\",\"potentialAction\":[{\"@type\":\"CommentAction\",\"name\":\"Comment\",\"target\":[\"https:\\\/\\\/lasentinelle.dz\\\/index.php\\\/2025\\\/04\\\/21\\\/tamanrasset-celebre-le-livre-une-exposition-alliant-patrimoine-et-savoir\\\/#respond\"]}]},{\"@type\":\"WebPage\",\"@id\":\"https:\\\/\\\/lasentinelle.dz\\\/index.php\\\/2025\\\/04\\\/21\\\/tamanrasset-celebre-le-livre-une-exposition-alliant-patrimoine-et-savoir\\\/\",\"url\":\"https:\\\/\\\/lasentinelle.dz\\\/index.php\\\/2025\\\/04\\\/21\\\/tamanrasset-celebre-le-livre-une-exposition-alliant-patrimoine-et-savoir\\\/\",\"name\":\"Tamanrasset c\u00e9l\u00e8bre le livre : Une exposition alliant patrimoine et savoir - La Sentinelle\",\"isPartOf\":{\"@id\":\"https:\\\/\\\/lasentinelle.dz\\\/#website\"},\"primaryImageOfPage\":{\"@id\":\"https:\\\/\\\/lasentinelle.dz\\\/index.php\\\/2025\\\/04\\\/21\\\/tamanrasset-celebre-le-livre-une-exposition-alliant-patrimoine-et-savoir\\\/#primaryimage\"},\"image\":{\"@id\":\"https:\\\/\\\/lasentinelle.dz\\\/index.php\\\/2025\\\/04\\\/21\\\/tamanrasset-celebre-le-livre-une-exposition-alliant-patrimoine-et-savoir\\\/#primaryimage\"},\"thumbnailUrl\":\"https:\\\/\\\/lasentinelle.dz\\\/wp-content\\\/uploads\\\/2025\\\/04\\\/livres-Tam.jpeg\",\"datePublished\":\"2025-04-21T11:14:08+00:00\",\"dateModified\":\"2025-04-21T11:14:09+00:00\",\"breadcrumb\":{\"@id\":\"https:\\\/\\\/lasentinelle.dz\\\/index.php\\\/2025\\\/04\\\/21\\\/tamanrasset-celebre-le-livre-une-exposition-alliant-patrimoine-et-savoir\\\/#breadcrumb\"},\"inLanguage\":\"fr-FR\",\"potentialAction\":[{\"@type\":\"ReadAction\",\"target\":[\"https:\\\/\\\/lasentinelle.dz\\\/index.php\\\/2025\\\/04\\\/21\\\/tamanrasset-celebre-le-livre-une-exposition-alliant-patrimoine-et-savoir\\\/\"]}]},{\"@type\":\"ImageObject\",\"inLanguage\":\"fr-FR\",\"@id\":\"https:\\\/\\\/lasentinelle.dz\\\/index.php\\\/2025\\\/04\\\/21\\\/tamanrasset-celebre-le-livre-une-exposition-alliant-patrimoine-et-savoir\\\/#primaryimage\",\"url\":\"https:\\\/\\\/lasentinelle.dz\\\/wp-content\\\/uploads\\\/2025\\\/04\\\/livres-Tam.jpeg\",\"contentUrl\":\"https:\\\/\\\/lasentinelle.dz\\\/wp-content\\\/uploads\\\/2025\\\/04\\\/livres-Tam.jpeg\",\"width\":1080,\"height\":720},{\"@type\":\"BreadcrumbList\",\"@id\":\"https:\\\/\\\/lasentinelle.dz\\\/index.php\\\/2025\\\/04\\\/21\\\/tamanrasset-celebre-le-livre-une-exposition-alliant-patrimoine-et-savoir\\\/#breadcrumb\",\"itemListElement\":[{\"@type\":\"ListItem\",\"position\":1,\"name\":\"Accueil\",\"item\":\"https:\\\/\\\/lasentinelle.dz\\\/\"},{\"@type\":\"ListItem\",\"position\":2,\"name\":\"Tamanrasset c\u00e9l\u00e8bre le livre : Une exposition alliant patrimoine et savoir\"}]},{\"@type\":\"WebSite\",\"@id\":\"https:\\\/\\\/lasentinelle.dz\\\/#website\",\"url\":\"https:\\\/\\\/lasentinelle.dz\\\/\",\"name\":\"La Sentinelle\",\"description\":\"Quotidien national d&#039;information\",\"publisher\":{\"@id\":\"https:\\\/\\\/lasentinelle.dz\\\/#organization\"},\"potentialAction\":[{\"@type\":\"SearchAction\",\"target\":{\"@type\":\"EntryPoint\",\"urlTemplate\":\"https:\\\/\\\/lasentinelle.dz\\\/?s={search_term_string}\"},\"query-input\":{\"@type\":\"PropertyValueSpecification\",\"valueRequired\":true,\"valueName\":\"search_term_string\"}}],\"inLanguage\":\"fr-FR\"},{\"@type\":\"Organization\",\"@id\":\"https:\\\/\\\/lasentinelle.dz\\\/#organization\",\"name\":\"Quotidien La Sentinelle\",\"url\":\"https:\\\/\\\/lasentinelle.dz\\\/\",\"logo\":{\"@type\":\"ImageObject\",\"inLanguage\":\"fr-FR\",\"@id\":\"https:\\\/\\\/lasentinelle.dz\\\/#\\\/schema\\\/logo\\\/image\\\/\",\"url\":\"https:\\\/\\\/lasentinelle.dz\\\/wp-content\\\/uploads\\\/2021\\\/09\\\/logo-sentinelleSLOGAN-1.png\",\"contentUrl\":\"https:\\\/\\\/lasentinelle.dz\\\/wp-content\\\/uploads\\\/2021\\\/09\\\/logo-sentinelleSLOGAN-1.png\",\"width\":615,\"height\":142,\"caption\":\"Quotidien La Sentinelle\"},\"image\":{\"@id\":\"https:\\\/\\\/lasentinelle.dz\\\/#\\\/schema\\\/logo\\\/image\\\/\"},\"sameAs\":[\"https:\\\/\\\/www.facebook.com\\\/La-Sentinelle-104059864394773\"]},{\"@type\":\"Person\",\"@id\":\"https:\\\/\\\/lasentinelle.dz\\\/#\\\/schema\\\/person\\\/729ee0024f24e0b8c5ec17232f8e8b41\",\"name\":\"admin\",\"image\":{\"@type\":\"ImageObject\",\"inLanguage\":\"fr-FR\",\"@id\":\"https:\\\/\\\/secure.gravatar.com\\\/avatar\\\/4c81fed838786e9b53f540bf46533e750f5d292099ae3b66cfc6fb1982e29df7?s=96&d=mm&r=g\",\"url\":\"https:\\\/\\\/secure.gravatar.com\\\/avatar\\\/4c81fed838786e9b53f540bf46533e750f5d292099ae3b66cfc6fb1982e29df7?s=96&d=mm&r=g\",\"contentUrl\":\"https:\\\/\\\/secure.gravatar.com\\\/avatar\\\/4c81fed838786e9b53f540bf46533e750f5d292099ae3b66cfc6fb1982e29df7?s=96&d=mm&r=g\",\"caption\":\"admin\"},\"description\":\"admin\",\"url\":\"https:\\\/\\\/lasentinelle.dz\\\/author\\\/admin\\\/\"}]}<\/script>\n<!-- \/ Yoast SEO plugin. -->","yoast_head_json":{"title":"Tamanrasset c\u00e9l\u00e8bre le livre : Une exposition alliant patrimoine et savoir - La Sentinelle","robots":{"index":"index","follow":"follow","max-snippet":"max-snippet:-1","max-image-preview":"max-image-preview:large","max-video-preview":"max-video-preview:-1"},"canonical":"https:\/\/lasentinelle.dz\/index.php\/2025\/04\/21\/tamanrasset-celebre-le-livre-une-exposition-alliant-patrimoine-et-savoir\/","og_locale":"fr_FR","og_type":"article","og_title":"Tamanrasset c\u00e9l\u00e8bre le livre : Une exposition alliant patrimoine et savoir - La Sentinelle","og_description":"Dans le cadre du programme national supervis\u00e9 par le minist\u00e8re de la Culture et des Arts pour valoriser la place","og_url":"https:\/\/lasentinelle.dz\/index.php\/2025\/04\/21\/tamanrasset-celebre-le-livre-une-exposition-alliant-patrimoine-et-savoir\/","og_site_name":"La Sentinelle","article_publisher":"https:\/\/www.facebook.com\/La-Sentinelle-104059864394773","article_published_time":"2025-04-21T11:14:08+00:00","article_modified_time":"2025-04-21T11:14:09+00:00","og_image":[{"width":1080,"height":720,"url":"https:\/\/lasentinelle.dz\/wp-content\/uploads\/2025\/04\/livres-Tam.jpeg","type":"image\/jpeg"}],"author":"admin","twitter_card":"summary_large_image","twitter_misc":{"\u00c9crit par":"admin","Dur\u00e9e de lecture estim\u00e9e":"3 minutes"},"schema":{"@context":"https:\/\/schema.org","@graph":[{"@type":"Article","@id":"https:\/\/lasentinelle.dz\/index.php\/2025\/04\/21\/tamanrasset-celebre-le-livre-une-exposition-alliant-patrimoine-et-savoir\/#article","isPartOf":{"@id":"https:\/\/lasentinelle.dz\/index.php\/2025\/04\/21\/tamanrasset-celebre-le-livre-une-exposition-alliant-patrimoine-et-savoir\/"},"author":{"name":"admin","@id":"https:\/\/lasentinelle.dz\/#\/schema\/person\/729ee0024f24e0b8c5ec17232f8e8b41"},"headline":"Tamanrasset c\u00e9l\u00e8bre le livre : Une exposition alliant patrimoine et savoir","datePublished":"2025-04-21T11:14:08+00:00","dateModified":"2025-04-21T11:14:09+00:00","mainEntityOfPage":{"@id":"https:\/\/lasentinelle.dz\/index.php\/2025\/04\/21\/tamanrasset-celebre-le-livre-une-exposition-alliant-patrimoine-et-savoir\/"},"wordCount":566,"commentCount":0,"publisher":{"@id":"https:\/\/lasentinelle.dz\/#organization"},"image":{"@id":"https:\/\/lasentinelle.dz\/index.php\/2025\/04\/21\/tamanrasset-celebre-le-livre-une-exposition-alliant-patrimoine-et-savoir\/#primaryimage"},"thumbnailUrl":"https:\/\/lasentinelle.dz\/wp-content\/uploads\/2025\/04\/livres-Tam.jpeg","articleSection":["Culture"],"inLanguage":"fr-FR","potentialAction":[{"@type":"CommentAction","name":"Comment","target":["https:\/\/lasentinelle.dz\/index.php\/2025\/04\/21\/tamanrasset-celebre-le-livre-une-exposition-alliant-patrimoine-et-savoir\/#respond"]}]},{"@type":"WebPage","@id":"https:\/\/lasentinelle.dz\/index.php\/2025\/04\/21\/tamanrasset-celebre-le-livre-une-exposition-alliant-patrimoine-et-savoir\/","url":"https:\/\/lasentinelle.dz\/index.php\/2025\/04\/21\/tamanrasset-celebre-le-livre-une-exposition-alliant-patrimoine-et-savoir\/","name":"Tamanrasset c\u00e9l\u00e8bre le livre : Une exposition alliant patrimoine et savoir - La Sentinelle","isPartOf":{"@id":"https:\/\/lasentinelle.dz\/#website"},"primaryImageOfPage":{"@id":"https:\/\/lasentinelle.dz\/index.php\/2025\/04\/21\/tamanrasset-celebre-le-livre-une-exposition-alliant-patrimoine-et-savoir\/#primaryimage"},"image":{"@id":"https:\/\/lasentinelle.dz\/index.php\/2025\/04\/21\/tamanrasset-celebre-le-livre-une-exposition-alliant-patrimoine-et-savoir\/#primaryimage"},"thumbnailUrl":"https:\/\/lasentinelle.dz\/wp-content\/uploads\/2025\/04\/livres-Tam.jpeg","datePublished":"2025-04-21T11:14:08+00:00","dateModified":"2025-04-21T11:14:09+00:00","breadcrumb":{"@id":"https:\/\/lasentinelle.dz\/index.php\/2025\/04\/21\/tamanrasset-celebre-le-livre-une-exposition-alliant-patrimoine-et-savoir\/#breadcrumb"},"inLanguage":"fr-FR","potentialAction":[{"@type":"ReadAction","target":["https:\/\/lasentinelle.dz\/index.php\/2025\/04\/21\/tamanrasset-celebre-le-livre-une-exposition-alliant-patrimoine-et-savoir\/"]}]},{"@type":"ImageObject","inLanguage":"fr-FR","@id":"https:\/\/lasentinelle.dz\/index.php\/2025\/04\/21\/tamanrasset-celebre-le-livre-une-exposition-alliant-patrimoine-et-savoir\/#primaryimage","url":"https:\/\/lasentinelle.dz\/wp-content\/uploads\/2025\/04\/livres-Tam.jpeg","contentUrl":"https:\/\/lasentinelle.dz\/wp-content\/uploads\/2025\/04\/livres-Tam.jpeg","width":1080,"height":720},{"@type":"BreadcrumbList","@id":"https:\/\/lasentinelle.dz\/index.php\/2025\/04\/21\/tamanrasset-celebre-le-livre-une-exposition-alliant-patrimoine-et-savoir\/#breadcrumb","itemListElement":[{"@type":"ListItem","position":1,"name":"Accueil","item":"https:\/\/lasentinelle.dz\/"},{"@type":"ListItem","position":2,"name":"Tamanrasset c\u00e9l\u00e8bre le livre : Une exposition alliant patrimoine et savoir"}]},{"@type":"WebSite","@id":"https:\/\/lasentinelle.dz\/#website","url":"https:\/\/lasentinelle.dz\/","name":"La Sentinelle","description":"Quotidien national d&#039;information","publisher":{"@id":"https:\/\/lasentinelle.dz\/#organization"},"potentialAction":[{"@type":"SearchAction","target":{"@type":"EntryPoint","urlTemplate":"https:\/\/lasentinelle.dz\/?s={search_term_string}"},"query-input":{"@type":"PropertyValueSpecification","valueRequired":true,"valueName":"search_term_string"}}],"inLanguage":"fr-FR"},{"@type":"Organization","@id":"https:\/\/lasentinelle.dz\/#organization","name":"Quotidien La Sentinelle","url":"https:\/\/lasentinelle.dz\/","logo":{"@type":"ImageObject","inLanguage":"fr-FR","@id":"https:\/\/lasentinelle.dz\/#\/schema\/logo\/image\/","url":"https:\/\/lasentinelle.dz\/wp-content\/uploads\/2021\/09\/logo-sentinelleSLOGAN-1.png","contentUrl":"https:\/\/lasentinelle.dz\/wp-content\/uploads\/2021\/09\/logo-sentinelleSLOGAN-1.png","width":615,"height":142,"caption":"Quotidien La Sentinelle"},"image":{"@id":"https:\/\/lasentinelle.dz\/#\/schema\/logo\/image\/"},"sameAs":["https:\/\/www.facebook.com\/La-Sentinelle-104059864394773"]},{"@type":"Person","@id":"https:\/\/lasentinelle.dz\/#\/schema\/person\/729ee0024f24e0b8c5ec17232f8e8b41","name":"admin","image":{"@type":"ImageObject","inLanguage":"fr-FR","@id":"https:\/\/secure.gravatar.com\/avatar\/4c81fed838786e9b53f540bf46533e750f5d292099ae3b66cfc6fb1982e29df7?s=96&d=mm&r=g","url":"https:\/\/secure.gravatar.com\/avatar\/4c81fed838786e9b53f540bf46533e750f5d292099ae3b66cfc6fb1982e29df7?s=96&d=mm&r=g","contentUrl":"https:\/\/secure.gravatar.com\/avatar\/4c81fed838786e9b53f540bf46533e750f5d292099ae3b66cfc6fb1982e29df7?s=96&d=mm&r=g","caption":"admin"},"description":"admin","url":"https:\/\/lasentinelle.dz\/author\/admin\/"}]}},"_links":{"self":[{"href":"https:\/\/lasentinelle.dz\/index.php\/wp-json\/wp\/v2\/posts\/66035","targetHints":{"allow":["GET"]}}],"collection":[{"href":"https:\/\/lasentinelle.dz\/index.php\/wp-json\/wp\/v2\/posts"}],"about":[{"href":"https:\/\/lasentinelle.dz\/index.php\/wp-json\/wp\/v2\/types\/post"}],"author":[{"embeddable":true,"href":"https:\/\/lasentinelle.dz\/index.php\/wp-json\/wp\/v2\/users\/6"}],"replies":[{"embeddable":true,"href":"https:\/\/lasentinelle.dz\/index.php\/wp-json\/wp\/v2\/comments?post=66035"}],"version-history":[{"count":1,"href":"https:\/\/lasentinelle.dz\/index.php\/wp-json\/wp\/v2\/posts\/66035\/revisions"}],"predecessor-version":[{"id":66037,"href":"https:\/\/lasentinelle.dz\/index.php\/wp-json\/wp\/v2\/posts\/66035\/revisions\/66037"}],"wp:featuredmedia":[{"embeddable":true,"href":"https:\/\/lasentinelle.dz\/index.php\/wp-json\/wp\/v2\/media\/66036"}],"wp:attachment":[{"href":"https:\/\/lasentinelle.dz\/index.php\/wp-json\/wp\/v2\/media?parent=66035"}],"wp:term":[{"taxonomy":"category","embeddable":true,"href":"https:\/\/lasentinelle.dz\/index.php\/wp-json\/wp\/v2\/categories?post=66035"},{"taxonomy":"post_tag","embeddable":true,"href":"https:\/\/lasentinelle.dz\/index.php\/wp-json\/wp\/v2\/tags?post=66035"}],"curies":[{"name":"wp","href":"https:\/\/api.w.org\/{rel}","templated":true}]}}